{"id":1469048,"date":"2025-12-07T06:03:41","date_gmt":"2025-12-07T14:03:41","guid":{"rendered":"https:\/\/noticiasya.com\/2025\/12\/07\/comunidad-rural-pacifica-vecino-incomodo-ecuador-orix\/"},"modified":"2025-12-07T06:03:41","modified_gmt":"2025-12-07T14:03:41","slug":"comunidad-rural-pacifica-vecino-incomodo-ecuador-orix","status":"publish","type":"post","link":"https:\/\/noticiasya.com\/midland-odessa\/2025\/12\/07\/comunidad-rural-pacifica-vecino-incomodo-ecuador-orix\/","title":{"rendered":"Esta era una comunidad rural pac\u00edfica. Hasta que comenz\u00f3 a instalarse un &#171;vecino inc\u00f3modo&#187;"},"content":{"rendered":"<p>Entre calles polvorientas, precarias construcciones y militares desplegados en actitud de vigilancia, la vida en la comunidad rural de Juntas del Pac\u00edfico, ubicada en la provincia costera de Santa Elena, en Ecuador, ha cambiado dr\u00e1sticamente en los \u00faltimos meses debido a la llegada de un nuevo e inc\u00f3modo vecino: <a href=\"https:\/\/cnnespanol.cnn.com\/2025\/12\/02\/latinoamerica\/video\/ecuador-nueva-carcel-inseguridad-santa-elena\">una c\u00e1rcel de m\u00e1xima seguridad<\/a>.<\/p>\n<p>El inmenso proyecto se despliega a apenas 5 km de la zona poblada. El presidente Daniel Noboa apunta con esto a combatir el hacinamiento y la violencia en las <a href=\"https:\/\/cnnespanol.cnn.com\/2025\/11\/10\/latinoamerica\/video\/violencia-ecuador-presos-asesinato-noboa-conclusiones-tv\">prisiones ecuatorianas<\/a>. Su objetivo es contener la disputa territorial entre grupos criminales, en una cruzada regional a la que se ha sumado la administraci\u00f3n del presidente de Estados Unidos, Donald Trump.<\/p>\n<p>Pero para los vecinos de Juntas del Pac\u00edfico, lo que reina es la preocupaci\u00f3n y la incertidumbre. \u201cToca entrar temprano a la casa a encerrarse. Ahorita nosotros vivimos con miedo, antes esto era un pueblo tranquilo\u201d, le dice a CNN Patricia Vill\u00f3n, residente de la zona. Vill\u00f3n ayuda a su esposo en tareas relacionadas con la agricultura y afirma que se siente m\u00e1s insegura por culpa del nuevo \u201cvecino\u201d, al que el Gobierno denomin\u00f3 \u201cC\u00e1rcel del Encuentro\u201d.<\/p>\n<p>El paso de los autos que ingresan a fincas, negocios y casas es constante y se mezcla con la movilizaci\u00f3n de militares en veh\u00edculos blindados para custodiar varios kil\u00f3metros a la redonda de la nueva prisi\u00f3n. El tr\u00e1nsito hacia la nueva c\u00e1rcel est\u00e1 restringido, con controles improvisados con sacos de arena. En los alrededores de la infraestructura, el Gobierno coloc\u00f3 inhibidores de se\u00f1al para evitar que drones sobrevuelen el \u00e1rea.<\/p>\n<p>\u201cAhorita solo vivimos con angustia, con zozobra de que, si pasa un carro, si ser\u00e1n personas buenas o no. Uno vive con miedo\u201d, insiste Vill\u00f3n.<\/p>\n<p>En Juntas del Pac\u00edfico, una comunidad donde residen alrededor de 2.500 personas, todos se conocen entre s\u00ed y crecieron entre amigos y familiares durante varios a\u00f1os. La llegada de una prisi\u00f3n de tal envergadura a la zona pone en jaque esa tranquilidad hist\u00f3rica.<\/p>\n<p>Aparte de los efectos que la c\u00e1rcel est\u00e1 trayendo a los moradores de Juntas del Pac\u00edfico, ellos se quejan tambi\u00e9n de la falta de servicios como agua, alcantarillado, alumbrado, vialidad y salud. Con estos problemas han convivido desde hace muchos a\u00f1os y esperan que en paralelo el Gobierno atienda las precarias condiciones en las que a\u00fan viven.<\/p>\n<p>\u201cHay pestilencia, el agua podrida, todo va a dar al r\u00edo grande que hay aqu\u00ed, todo apesta. Nosotros pedimos alcantarillado, mejoramiento de las calles. Necesitamos un centro de salud lo m\u00e1s r\u00e1pido, eso hace falta\u201d, dijo a CNN Melecio de la Cruz, que tiene una vulcanizadora con la que mantiene a su esposa y a su hijo.<\/p>\n<p>A Sixto Salinas le preocupa la calidad del agua: \u201cHicimos un pozo s\u00e9ptico para hacer las necesidades. Aqu\u00ed se compra agua de los tanqueros para coger el agua. Esto es un lodo cuando viene el invierno o mucho polvo cuando se seca\u201d, precisa.<\/p>\n<p>CNN consult\u00f3 al servicio penitenciario y al Ministerio de Ambiente sobre los posibles efectos socioambientales que la nueva c\u00e1rcel estar\u00eda trayendo a la comunidad -de acuerdo a los testimonios de los pobladores- pero no obtuvo respuesta.<\/p>\n<p>En Ecuador, las cercan\u00edas de algunas prisiones no son necesariamente los sitios m\u00e1s seguros. En esas zonas suele verse la presencia de miembros de bandas del crimen organizado que desde afuera buscan mantener comunicaci\u00f3n con los reos que est\u00e1n tras las rejas. El Gobierno espera que esta c\u00e1rcel aislada pueda evitar eso, pero los pobladores creen que la delincuencia siempre busca las maneras \u201cm\u00e1s creativas\u201d de retomar el control.<\/p>\n<p>\u201cNos ponemos a pensar en el tema de los familiares que vengan a querer tomar posesi\u00f3n de las partes cercanas a la c\u00e1rcel para poder ellos estar cerca de sus familiares y que tambi\u00e9n sean peligrosos. Eso nos representa temor, bastante temor\u201d, sostiene Cindy Vill\u00f3n, una madre de familia que cuenta que ya no permite que sus hijos jueguen a cualquier hora en las calles del barrio.<\/p>\n<p>Varios padres est\u00e1n aumentando la supervisi\u00f3n de los menores en la zona y las requisas de los militares a veh\u00edculos y personas se est\u00e1n volviendo inc\u00f3modas.<\/p>\n<p>\u201cTodo cambi\u00f3 radicalmente. Al menos la libertad que nosotros ten\u00edamos de salir tranquilos a la calle, ahora hay que tener cuidado, a los ni\u00f1os hay que irlos a ver, Dios no quiera y nos secuestran a las criaturas\u201d, dice Cindy Vill\u00f3n.<\/p>\n<p>En eso concuerda Melecio de la Cruz, un vulcanizador que naci\u00f3 en Juntas del Pac\u00edfico. Mientras arregla un neum\u00e1tico en su negocio, dice que las actividades se est\u00e1n terminando m\u00e1s temprano y que la gente est\u00e1 evitando salir a altas horas de la noche.<\/p>\n<p>\u201cEra un lugar tranquilo, aqu\u00ed nos conoc\u00edamos, uno se amanec\u00eda en los bailes y ahorita ya no. Golpe de 8 o 9 de la noche ya est\u00e1 todo cerrado por temor de que pueda pasar cualquier cosa\u201d, sostiene.<\/p>\n<p>Buena parte de los pobladores de Juntas del Pac\u00edfico rechazaron la construcci\u00f3n de la nueva c\u00e1rcel de m\u00e1xima seguridad y, tras la colocaci\u00f3n de la primera piedra en junio de 2024, varios grupos salieron a protestar y pedir que se detenga la obra.<\/p>\n<p>En diciembre del mismo a\u00f1o, en plena Navidad, se registr\u00f3 la explosi\u00f3n de bombas en el \u00e1rea de la prisi\u00f3n, lo que dej\u00f3 un muerto y alarm\u00f3 a los comuneros. De acuerdo con el <a href=\"https:\/\/x.com\/snai_ec\/status\/1872018348785180875?s=46&#038;t=vWSsaMsKttiCRFRT9JR29g\">Servicio de Atenci\u00f3n a Personas Privadas de la Libertad<\/a> (SNAI), los artefactos explosivos fueron colocados por hombres armados que ingresaron de forma violenta a la construcci\u00f3n. El Gobierno calific\u00f3 el hecho como un \u201catentado terrorista\u201d perpetrado con el fin de debilitar al Estado.<\/p>\n<p>Cinco d\u00edas antes del m\u00e1s reciente refer\u00e9ndum en Ecuador, el presidente Daniel Noboa orden\u00f3 el traslado de 300 reos de \u201calta peligrosidad\u201d a la C\u00e1rcel del Encuentro, que tendr\u00e1, una vez finalice su construcci\u00f3n, una capacidad para 800 detenidos. En una demostraci\u00f3n de poder, el mandatario fue el encargado de hacer el sorpresivo anuncio y de mostrar fotos de los detenidos con sus cabezas rapadas y sus manos amarradas, una imagen similar a la de los presos que cumplen sentencia en el temido Centro de Confinamiento del Terrorismo (CECOT), en El Salvador. Tambi\u00e9n public\u00f3 un video que mostr\u00f3 a un grupo de reclusos cubiertos sus cabezas con telas negras y las manos amarradas hacia atr\u00e1s, bajo la custodia de las Fuerzas Armadas y la Polic\u00eda Nacional.<\/p>\n<p>Patricia Vill\u00f3n cuenta que, el d\u00eda de los traslados, el nerviosismo se apoder\u00f3 de la comunidad, sobre todo porque no fueron advertidos y porque la c\u00e1rcel a\u00fan no fue inaugurada de manera oficial.<\/p>\n<p>\u201cVer que ven\u00edan carros, tras carros, los buses con los reclusos, personalmente a m\u00ed me dio un ataque de nervios, de ansiedad que yo no paraba de llorar\u201d, dice Vill\u00f3n al recordar las horas que dur\u00f3 la movilizaci\u00f3n y el despliegue de las fuerzas de seguridad que cercaron la zona para cumplir con la orden presidencial.<\/p>\n<p>Horas despu\u00e9s del traslado de los presos, el presidente Daniel Noboa, reconoci\u00f3 en una entrevista con una radio local que la prisi\u00f3n a\u00fan no est\u00e1 terminada y afirm\u00f3 que tiene entre un 35% y 40% de avance en su construcci\u00f3n. La respuesta del mandatario ocurri\u00f3 luego de varios cuestionamientos de expertos y preguntas de la prensa sobre el estado de la prisi\u00f3n y el eventual uso pol\u00edtico del traslado de reos previo al refer\u00e9ndum que d\u00edas despu\u00e9s perdi\u00f3 en su totalidad Noboa convirti\u00e9ndose en el peor rev\u00e9s en dos a\u00f1os de su mandato.<\/p>\n<p>\u201cImag\u00ednese trasladar a presos cuando hay alba\u00f1iles ah\u00ed, si se supone que son presos peligrosos, que la gente est\u00e9 trabajando ah\u00ed, la zozobra, el miedo que van a sentir, as\u00ed no sea su familia, pero uno siente, conoce y dice qu\u00e9 les va a pasar a ellos. Una c\u00e1rcel que no est\u00e1 terminada, si son peligrosos, se sabe c\u00f3mo matan a la gente, lo pueden coger como reh\u00e9n a alg\u00fan trabajador\u201d, dice Vill\u00f3n.<\/p>\n<p>Los vecinos piden que la custodia de militares y polic\u00edas se mantenga en la zona y que no sea solo hasta que se termine de construir la prisi\u00f3n. \u201cSabiendo que ellos est\u00e1n aqu\u00ed como que un poquito m\u00e1s aliviados s\u00ed nos sentimos, pero un poquito, no tanto. No como la tranquilidad que ten\u00edamos\u201d, dice Cindy Vill\u00f3n.<\/p>\n<p>No todos los pobladores est\u00e1n tan disconformes con la llegada de la c\u00e1rcel. Algunos esperan que el movimiento de militares en Juntas del Pac\u00edfico pueda convertirse en una oportunidad para contener las extorsiones o \u201cvacunas\u201d como se dice informalmente y que se han registrado en la comunidad desde hace varios meses. Las \u201cvacunas\u201d son pagos de dinero que exigen los miembros de bandas criminales a negocios y pobladores a costa de perdonarles la vida y evitar atentados. Los comuneros tienen tambi\u00e9n la esperanza de que aumente el comercio en los peque\u00f1os negocios de la zona.<\/p>\n<p>\u201cNos sentimos m\u00e1s seguros porque antes ven\u00eda la vacuna y todo eso. Que sigan viniendo los polic\u00edas y militares\u201d, afirma Sixto Salinas, un comerciante que ha vivido siempre en la comunidad.<\/p>\n<p>Mientras que Do\u00f1a Olguita Solano conf\u00eda en que su restaurante pueda atender a m\u00e1s comensales. \u201cEstamos aprendiendo a convivir con los militares, vienen a comer, a comprar algo. Ha habido m\u00e1s movimiento desde el inicio de la construcci\u00f3n de la c\u00e1rcel\u201d, agrega.<\/p>\n<p>El sistema carcelario en Ecuador enfrenta un 35 % de hacinamiento, de acuerdo con el Servicio de Atenci\u00f3n a Personas Privadas de la Libertad (SNAI) y al menos 670 reos han sido asesinados dentro de las violentas prisiones afirma la Comisi\u00f3n Interamericana de Derechos Humanos en su m\u00e1s reciente informe. El Ministerio del Interior reconoce que las c\u00e1rceles ya no se ajustan al nivel de criminalidad actual.<\/p>\n<p>El defensor del Pueblo, C\u00e9sar C\u00f3rdova, solicit\u00f3 hace pocos d\u00edas al Ministerio del Interior acceso a la prisi\u00f3n de m\u00e1xima seguridad para constatar si se est\u00e1n cumpliendo con las condiciones en materia de derechos humanos dentro de la infraestructura.<\/p>\n<p>\u201cNo est\u00e1 terminada, tengo entendido que faltan dos pabellones, solicitamos al ministro del Interior para poder visitar in situ la c\u00e1rcel con el fin de determinar cu\u00e1les son las condiciones reales en las que se encuentran\u201d, dijo a los periodistas C\u00f3rdova. Sin embargo, el ministro del Interior, John Reimberg, descart\u00f3 esa posibilidad.<\/p>\n<p>\u201cQu\u00edtense de la cabeza que va a haber estas visitas de prensa, que va a ir el defensor del uno, el defensor del Ecuador, el defensor de nadie. Este es un centro de m\u00e1xima seguridad, aqu\u00ed no es de querer ir para la noveler\u00eda de ver o la noveler\u00eda de hacer un show con alguno de los presos que est\u00e1n all\u00e1\u201d, <a href=\"https:\/\/youtu.be\/4KxErjNMfPY?si=9EpPv7FUHQpT1dYP\">dijo Reimberg<\/a> en radio DiBlu.<\/p>\n<p>El 25 de noviembre, la Comisi\u00f3n Interamericana de Derechos Humanos, reiter\u00f3 su preocupaci\u00f3n por la persistente violencia intracarcelaria y exhort\u00f3 al Estado a adoptar medidas inmediatas para garantizar los derechos a la vida e integridad de los reclusos.<\/p>\n<p>La CIDH tambi\u00e9n se pronunci\u00f3 sobre el traslado de reos de \u201calta peligrosidad\u201d, donde tambi\u00e9n se incluy\u00f3 al exvicepresidente Jorge Glas, quien cumple dos sentencias por corrupci\u00f3n. El organismo calific\u00f3 como \u201cestigmatizante\u201d la publicaci\u00f3n de fotos de Glas ingresando a la nueva c\u00e1rcel.<\/p>\n<p>\u201cPreocupa que, seg\u00fan datos disponibles, estos traslados habr\u00edan sido precipitados puesto que a\u00fan no se habr\u00eda finalizado la construcci\u00f3n del referido centro. No obstante, el Estado indic\u00f3 a esta Comisi\u00f3n que el espacio cuenta con la habilitaci\u00f3n y servicios b\u00e1sicos\u201d, precisa. La CIDH <a href=\"https:\/\/www.oas.org\/es\/CIDH\/jsForm\/?File=\/es\/cidh\/prensa\/comunicados\/2025\/242.asp&#038;utm_content=country-ecu&#038;utm_term=class-mon\">enfatiza<\/a> que la construcci\u00f3n de la nueva prisi\u00f3n, en territorios ind\u00edgenas, fue rechazada debido al impacto socioambiental y la falta de consulta previa.<\/p>\n<p>Mientras tanto, los habitantes de Juntas del Pac\u00edfico ven los d\u00edas pasar en medio de la incertidumbre por el futuro y el anuncio gubernamental de que otra c\u00e1rcel \u2014esta vez para 15.000 reos\u2014 podr\u00eda construirse en la misma provincia de Santa Elena.<\/p>\n<p>The-CNN-Wire<br \/>&trade; &amp; &copy; 2025 Cable News Network, Inc., a Warner Bros. Discovery Company. All rights reserved.<\/p>\n","protected":false},"excerpt":{"rendered":"<p>Entre calles polvorientas, precarias construcciones y militares desplegados en actitud de vigilancia, la vida en la comunidad rural de Juntas del Pac\u00edfico, ubicada en la provincia costera de Santa Elena, en Ecuador, ha cambiado dr\u00e1sticamente en los \u00faltimos meses debido a la llegada de un nuevo e inc\u00f3modo vecino: una c\u00e1rcel de m\u00e1xima seguridad. El [&hellip;]<\/p>\n","protected":false},"author":0,"featured_media":0,"comment_status":"open","ping_status":"open","sticky":false,"template":"","format":"standard","meta":{"_jetpack_memberships_contains_paid_content":false,"footnotes":""},"categories":[10],"tags":[],"class_list":["post-1469048","post","type-post","status-publish","format-standard","hentry","category-noticias-nacionales","market-global"],"yoast_head":"<!-- This site is optimized with the Yoast SEO plugin v24.4 - https:\/\/yoast.com\/wordpress\/plugins\/seo\/ -->\n<title>Esta era una comunidad rural pac\u00edfica. Hasta que comenz\u00f3 a instalarse un &quot;vecino inc\u00f3modo&quot; - Noticias<\/title>\n<meta name=\"robots\" content=\"index, follow, max-snippet:-1, max-image-preview:large, max-video-preview:-1\" \/>\n<link rel=\"canonical\" href=\"https:\/\/noticiasya.com\/2025\/12\/07\/comunidad-rural-pacifica-vecino-incomodo-ecuador-orix\/\" \/>\n<meta property=\"og:locale\" content=\"es_ES\" \/>\n<meta property=\"og:type\" content=\"article\" \/>\n<meta property=\"og:title\" content=\"Esta era una comunidad rural pac\u00edfica. Hasta que comenz\u00f3 a instalarse un &quot;vecino inc\u00f3modo&quot; - Noticias\" \/>\n<meta property=\"og:description\" content=\"Entre calles polvorientas, precarias construcciones y militares desplegados en actitud de vigilancia, la vida en la comunidad rural de Juntas del Pac\u00edfico, ubicada en la provincia costera de Santa Elena, en Ecuador, ha cambiado dr\u00e1sticamente en los \u00faltimos meses debido a la llegada de un nuevo e inc\u00f3modo vecino: una c\u00e1rcel de m\u00e1xima seguridad. El [&hellip;]\" \/>\n<meta property=\"og:url\" content=\"https:\/\/noticiasya.com\/2025\/12\/07\/comunidad-rural-pacifica-vecino-incomodo-ecuador-orix\/\" \/>\n<meta property=\"og:site_name\" content=\"Noticias\" \/>\n<meta property=\"article:published_time\" content=\"2025-12-07T14:03:41+00:00\" \/>\n<meta name=\"twitter:card\" content=\"summary_large_image\" \/>\n<meta name=\"twitter:label1\" content=\"Est. reading time\" \/>\n\t<meta name=\"twitter:data1\" content=\"11 minutos\" \/>\n<script type=\"application\/ld+json\" class=\"yoast-schema-graph\">{\"@context\":\"https:\/\/schema.org\",\"@graph\":[{\"@type\":\"Article\",\"@id\":\"https:\/\/noticiasya.com\/2025\/12\/07\/comunidad-rural-pacifica-vecino-incomodo-ecuador-orix\/#article\",\"isPartOf\":{\"@id\":\"https:\/\/noticiasya.com\/2025\/12\/07\/comunidad-rural-pacifica-vecino-incomodo-ecuador-orix\/\"},\"author\":{\"name\":\"\",\"@id\":\"\"},\"headline\":\"Esta era una comunidad rural pac\u00edfica. Hasta que comenz\u00f3 a instalarse un &#171;vecino inc\u00f3modo&#187;\",\"datePublished\":\"2025-12-07T14:03:41+00:00\",\"mainEntityOfPage\":{\"@id\":\"https:\/\/noticiasya.com\/2025\/12\/07\/comunidad-rural-pacifica-vecino-incomodo-ecuador-orix\/\"},\"wordCount\":2128,\"commentCount\":0,\"publisher\":{\"@id\":\"https:\/\/noticiasya.com\/#organization\"},\"articleSection\":[\"Noticias Nacionales\"],\"inLanguage\":\"es\",\"potentialAction\":[{\"@type\":\"CommentAction\",\"name\":\"Comment\",\"target\":[\"https:\/\/noticiasya.com\/2025\/12\/07\/comunidad-rural-pacifica-vecino-incomodo-ecuador-orix\/#respond\"]}]},{\"@type\":\"WebPage\",\"@id\":\"https:\/\/noticiasya.com\/2025\/12\/07\/comunidad-rural-pacifica-vecino-incomodo-ecuador-orix\/\",\"url\":\"https:\/\/noticiasya.com\/2025\/12\/07\/comunidad-rural-pacifica-vecino-incomodo-ecuador-orix\/\",\"name\":\"Esta era una comunidad rural pac\u00edfica. Hasta que comenz\u00f3 a instalarse un \\\"vecino inc\u00f3modo\\\" - Noticias\",\"isPartOf\":{\"@id\":\"https:\/\/noticiasya.com\/#website\"},\"datePublished\":\"2025-12-07T14:03:41+00:00\",\"breadcrumb\":{\"@id\":\"https:\/\/noticiasya.com\/2025\/12\/07\/comunidad-rural-pacifica-vecino-incomodo-ecuador-orix\/#breadcrumb\"},\"inLanguage\":\"es\",\"potentialAction\":[{\"@type\":\"ReadAction\",\"target\":[\"https:\/\/noticiasya.com\/2025\/12\/07\/comunidad-rural-pacifica-vecino-incomodo-ecuador-orix\/\"]}]},{\"@type\":\"BreadcrumbList\",\"@id\":\"https:\/\/noticiasya.com\/2025\/12\/07\/comunidad-rural-pacifica-vecino-incomodo-ecuador-orix\/#breadcrumb\",\"itemListElement\":[{\"@type\":\"ListItem\",\"position\":1,\"name\":\"Home\",\"item\":\"https:\/\/noticiasya.com\/\"},{\"@type\":\"ListItem\",\"position\":2,\"name\":\"Esta era una comunidad rural pac\u00edfica. Hasta que comenz\u00f3 a instalarse un &#171;vecino inc\u00f3modo&#187;\"}]},{\"@type\":\"WebSite\",\"@id\":\"https:\/\/noticiasya.com\/#website\",\"url\":\"https:\/\/noticiasya.com\/\",\"name\":\"Noticias\",\"description\":\"Lo que importa\",\"publisher\":{\"@id\":\"https:\/\/noticiasya.com\/#organization\"},\"potentialAction\":[{\"@type\":\"SearchAction\",\"target\":{\"@type\":\"EntryPoint\",\"urlTemplate\":\"https:\/\/noticiasya.com\/?s={search_term_string}\"},\"query-input\":{\"@type\":\"PropertyValueSpecification\",\"valueRequired\":true,\"valueName\":\"search_term_string\"}}],\"inLanguage\":\"es\"},{\"@type\":\"Organization\",\"@id\":\"https:\/\/noticiasya.com\/#organization\",\"name\":\"Noticias\",\"url\":\"https:\/\/noticiasya.com\/\",\"logo\":{\"@type\":\"ImageObject\",\"inLanguage\":\"es\",\"@id\":\"https:\/\/noticiasya.com\/#\/schema\/logo\/image\/\",\"url\":\"https:\/\/noticiasya.com\/wp-content\/uploads\/sites\/22\/2023\/12\/logo-nacional.png\",\"contentUrl\":\"https:\/\/noticiasya.com\/wp-content\/uploads\/sites\/22\/2023\/12\/logo-nacional.png\",\"width\":1801,\"height\":691,\"caption\":\"Noticias\"},\"image\":{\"@id\":\"https:\/\/noticiasya.com\/#\/schema\/logo\/image\/\"}}]}<\/script>\n<!-- \/ Yoast SEO plugin. -->","yoast_head_json":{"title":"Esta era una comunidad rural pac\u00edfica. Hasta que comenz\u00f3 a instalarse un \"vecino inc\u00f3modo\" - Noticias","robots":{"index":"index","follow":"follow","max-snippet":"max-snippet:-1","max-image-preview":"max-image-preview:large","max-video-preview":"max-video-preview:-1"},"canonical":"https:\/\/noticiasya.com\/2025\/12\/07\/comunidad-rural-pacifica-vecino-incomodo-ecuador-orix\/","og_locale":"es_ES","og_type":"article","og_title":"Esta era una comunidad rural pac\u00edfica. Hasta que comenz\u00f3 a instalarse un \"vecino inc\u00f3modo\" - Noticias","og_description":"Entre calles polvorientas, precarias construcciones y militares desplegados en actitud de vigilancia, la vida en la comunidad rural de Juntas del Pac\u00edfico, ubicada en la provincia costera de Santa Elena, en Ecuador, ha cambiado dr\u00e1sticamente en los \u00faltimos meses debido a la llegada de un nuevo e inc\u00f3modo vecino: una c\u00e1rcel de m\u00e1xima seguridad. El [&hellip;]","og_url":"https:\/\/noticiasya.com\/2025\/12\/07\/comunidad-rural-pacifica-vecino-incomodo-ecuador-orix\/","og_site_name":"Noticias","article_published_time":"2025-12-07T14:03:41+00:00","twitter_card":"summary_large_image","twitter_misc":{"Est. reading time":"11 minutos"},"schema":{"@context":"https:\/\/schema.org","@graph":[{"@type":"Article","@id":"https:\/\/noticiasya.com\/2025\/12\/07\/comunidad-rural-pacifica-vecino-incomodo-ecuador-orix\/#article","isPartOf":{"@id":"https:\/\/noticiasya.com\/2025\/12\/07\/comunidad-rural-pacifica-vecino-incomodo-ecuador-orix\/"},"author":{"name":"","@id":""},"headline":"Esta era una comunidad rural pac\u00edfica. Hasta que comenz\u00f3 a instalarse un &#171;vecino inc\u00f3modo&#187;","datePublished":"2025-12-07T14:03:41+00:00","mainEntityOfPage":{"@id":"https:\/\/noticiasya.com\/2025\/12\/07\/comunidad-rural-pacifica-vecino-incomodo-ecuador-orix\/"},"wordCount":2128,"commentCount":0,"publisher":{"@id":"https:\/\/noticiasya.com\/#organization"},"articleSection":["Noticias Nacionales"],"inLanguage":"es","potentialAction":[{"@type":"CommentAction","name":"Comment","target":["https:\/\/noticiasya.com\/2025\/12\/07\/comunidad-rural-pacifica-vecino-incomodo-ecuador-orix\/#respond"]}]},{"@type":"WebPage","@id":"https:\/\/noticiasya.com\/2025\/12\/07\/comunidad-rural-pacifica-vecino-incomodo-ecuador-orix\/","url":"https:\/\/noticiasya.com\/2025\/12\/07\/comunidad-rural-pacifica-vecino-incomodo-ecuador-orix\/","name":"Esta era una comunidad rural pac\u00edfica. Hasta que comenz\u00f3 a instalarse un \"vecino inc\u00f3modo\" - Noticias","isPartOf":{"@id":"https:\/\/noticiasya.com\/#website"},"datePublished":"2025-12-07T14:03:41+00:00","breadcrumb":{"@id":"https:\/\/noticiasya.com\/2025\/12\/07\/comunidad-rural-pacifica-vecino-incomodo-ecuador-orix\/#breadcrumb"},"inLanguage":"es","potentialAction":[{"@type":"ReadAction","target":["https:\/\/noticiasya.com\/2025\/12\/07\/comunidad-rural-pacifica-vecino-incomodo-ecuador-orix\/"]}]},{"@type":"BreadcrumbList","@id":"https:\/\/noticiasya.com\/2025\/12\/07\/comunidad-rural-pacifica-vecino-incomodo-ecuador-orix\/#breadcrumb","itemListElement":[{"@type":"ListItem","position":1,"name":"Home","item":"https:\/\/noticiasya.com\/"},{"@type":"ListItem","position":2,"name":"Esta era una comunidad rural pac\u00edfica. Hasta que comenz\u00f3 a instalarse un &#171;vecino inc\u00f3modo&#187;"}]},{"@type":"WebSite","@id":"https:\/\/noticiasya.com\/#website","url":"https:\/\/noticiasya.com\/","name":"Noticias","description":"Lo que importa","publisher":{"@id":"https:\/\/noticiasya.com\/#organization"},"potentialAction":[{"@type":"SearchAction","target":{"@type":"EntryPoint","urlTemplate":"https:\/\/noticiasya.com\/?s={search_term_string}"},"query-input":{"@type":"PropertyValueSpecification","valueRequired":true,"valueName":"search_term_string"}}],"inLanguage":"es"},{"@type":"Organization","@id":"https:\/\/noticiasya.com\/#organization","name":"Noticias","url":"https:\/\/noticiasya.com\/","logo":{"@type":"ImageObject","inLanguage":"es","@id":"https:\/\/noticiasya.com\/#\/schema\/logo\/image\/","url":"https:\/\/noticiasya.com\/wp-content\/uploads\/sites\/22\/2023\/12\/logo-nacional.png","contentUrl":"https:\/\/noticiasya.com\/wp-content\/uploads\/sites\/22\/2023\/12\/logo-nacional.png","width":1801,"height":691,"caption":"Noticias"},"image":{"@id":"https:\/\/noticiasya.com\/#\/schema\/logo\/image\/"}}]}},"parsely":{"version":"1.1.0","canonical_url":"https:\/\/noticiasya.com\/midland-odessa\/2025\/12\/07\/comunidad-rural-pacifica-vecino-incomodo-ecuador-orix\/","smart_links":{"inbound":0,"outbound":0},"traffic_boost_suggestions_count":0,"meta":{"@context":"https:\/\/schema.org","@type":"NewsArticle","headline":"Esta era una comunidad rural pac\u00edfica. Hasta que comenz\u00f3 a instalarse un &#171;vecino inc\u00f3modo&#187;","url":"http:\/\/noticiasya.com\/midland-odessa\/2025\/12\/07\/comunidad-rural-pacifica-vecino-incomodo-ecuador-orix\/","mainEntityOfPage":{"@type":"WebPage","@id":"http:\/\/noticiasya.com\/midland-odessa\/2025\/12\/07\/comunidad-rural-pacifica-vecino-incomodo-ecuador-orix\/"},"thumbnailUrl":"","image":{"@type":"ImageObject","url":""},"articleSection":"Noticias Nacionales","author":[],"creator":[],"publisher":{"@type":"Organization","name":"Noticias","logo":""},"keywords":[],"dateCreated":"2025-12-07T14:03:41Z","datePublished":"2025-12-07T14:03:41Z","dateModified":"2025-12-07T14:03:41Z"},"rendered":"<script type=\"application\/ld+json\" class=\"wp-parsely-metadata\">{\"@context\":\"https:\\\/\\\/schema.org\",\"@type\":\"NewsArticle\",\"headline\":\"Esta era una comunidad rural pac\\u00edfica. Hasta que comenz\\u00f3 a instalarse un &#171;vecino inc\\u00f3modo&#187;\",\"url\":\"http:\\\/\\\/noticiasya.com\\\/midland-odessa\\\/2025\\\/12\\\/07\\\/comunidad-rural-pacifica-vecino-incomodo-ecuador-orix\\\/\",\"mainEntityOfPage\":{\"@type\":\"WebPage\",\"@id\":\"http:\\\/\\\/noticiasya.com\\\/midland-odessa\\\/2025\\\/12\\\/07\\\/comunidad-rural-pacifica-vecino-incomodo-ecuador-orix\\\/\"},\"thumbnailUrl\":\"\",\"image\":{\"@type\":\"ImageObject\",\"url\":\"\"},\"articleSection\":\"Noticias Nacionales\",\"author\":[],\"creator\":[],\"publisher\":{\"@type\":\"Organization\",\"name\":\"Noticias\",\"logo\":\"\"},\"keywords\":[],\"dateCreated\":\"2025-12-07T14:03:41Z\",\"datePublished\":\"2025-12-07T14:03:41Z\",\"dateModified\":\"2025-12-07T14:03:41Z\"}<\/script>","tracker_url":"https:\/\/cdn.parsely.com\/keys\/noticiasya.com\/p.js"},"jetpack_featured_media_url":"","jetpack-related-posts":[{"id":1469065,"url":"https:\/\/noticiasya.com\/midland-odessa\/2025\/12\/08\/5-cosas-8-diciembre-orix\/","url_meta":{"origin":1469048,"position":0},"title":"Las 5 cosas que debes saber este 8 de diciembre: Trump culpa a Maduro por los migrantes, Honduras, Lando Norris campe\u00f3n y m\u00e1s","author":"","date":"diciembre 8, 2025","format":false,"excerpt":"ICE ha detenido a decenas de miles de personas sin antecedentes penales. El apoyo de los latinos a Trump se erosiona r\u00e1pidamente. El escudo protector de Chernobyl ya no contiene la radiaci\u00f3n. Esto es lo que debes saber para comenzar el d\u00eda. Primero la verdad.Suscr\u00edbete aqu\u00ed para recibir el newsletter\u2026","rel":"","context":"In &quot;Noticias Nacionales&quot;","block_context":{"text":"Noticias Nacionales","link":"https:\/\/noticiasya.com\/midland-odessa\/categoria\/noticias-nacionales"},"img":{"alt_text":"","src":"","width":0,"height":0},"classes":[]},{"id":1470842,"url":"https:\/\/noticiasya.com\/midland-odessa\/2026\/02\/04\/casa-nancy-guthrie-arizona-escape-pacifico-escena-crimen-trax\/","url_meta":{"origin":1469048,"position":1},"title":"La casa de Nancy Guthrie en Arizona fue un escape pac\u00edfico. Ahora ha sido declarada &#171;escena del crimen&#187;","author":"","date":"febrero 4, 2026","format":false,"excerpt":"Rodeado por un vasto desierto, el largo y sinuoso camino que conduce a la casa de Nancy Guthrie en Catalina Foothills est\u00e1 salpicado de cactus espinosos y atractivas casas.Al caer la noche, la comunidad no incorporada al norte de Tucson, Arizona, se sume en una oscuridad aislada. Esa quietud fue\u2026","rel":"","context":"In &quot;Noticias Nacionales&quot;","block_context":{"text":"Noticias Nacionales","link":"https:\/\/noticiasya.com\/midland-odessa\/categoria\/noticias-nacionales"},"img":{"alt_text":"","src":"","width":0,"height":0},"classes":[]},{"id":1466577,"url":"https:\/\/noticiasya.com\/midland-odessa\/2025\/09\/18\/helicoptero-militar-estrello-washington-trax\/","url_meta":{"origin":1469048,"position":2},"title":"Un helic\u00f3ptero militar se estrell\u00f3 cerca de una base del estado de Washington","author":"","date":"septiembre 18, 2025","format":false,"excerpt":"Un helic\u00f3ptero militar se estrell\u00f3 cerca de una base en el estado de Washington en la noche del mi\u00e9rcoles, seg\u00fan inform\u00f3 un funcionario del Ej\u00e9rcito de EE.UU. a CNN en un comunicado.\u201cLa Base Conjunta Lewis-McChord confirma que un helic\u00f3ptero se estrell\u00f3 en la noche del 17 de septiembre en una\u2026","rel":"","context":"In &quot;Noticias Nacionales&quot;","block_context":{"text":"Noticias Nacionales","link":"https:\/\/noticiasya.com\/midland-odessa\/categoria\/noticias-nacionales"},"img":{"alt_text":"","src":"","width":0,"height":0},"classes":[]},{"id":1468225,"url":"https:\/\/noticiasya.com\/midland-odessa\/2025\/11\/11\/noboa-referendum-demostracion-traslado-300-presos-nueva-carcel-ecuador-orix\/","url_meta":{"origin":1469048,"position":3},"title":"En la previa del refer\u00e9ndum, Noboa apuesta a una demostraci\u00f3n de poder y traslada a 300 presos a una nueva c\u00e1rcel","author":"","date":"noviembre 11, 2025","format":false,"excerpt":"A pocos d\u00edas de un refer\u00e9ndum en Ecuador y en medio de tensiones dentro del sistema penitenciario tras registrarse una nueva masacre en una prisi\u00f3n el fin de semana, el presidente Daniel Noboa confirm\u00f3 este lunes que 300 reclusos fueron trasladados a una nueva c\u00e1rcel ubicada en la comunidad de\u2026","rel":"","context":"In &quot;Noticias Nacionales&quot;","block_context":{"text":"Noticias Nacionales","link":"https:\/\/noticiasya.com\/midland-odessa\/categoria\/noticias-nacionales"},"img":{"alt_text":"","src":"","width":0,"height":0},"classes":[]},{"id":1446881,"url":"https:\/\/noticiasya.com\/midland-odessa\/2024\/03\/12\/advertencia-republica-dominicana-haiti-luis-abinader-orix\/","url_meta":{"origin":1469048,"position":4},"title":"\u201cDespu\u00e9s no se quejen de las acciones que vamos a tener que hacer\u201d: la advertencia del presidente Luis Abinader por crisis en Hait\u00ed","author":"","date":"marzo 12, 2024","format":false,"excerpt":"(CNN Espa\u00f1ol) -- El presidente de Rep\u00fablica Dominicana, Luis Abinader, dijo el lunes en rueda de prensa que tomar\u00e1n m\u00e1s medidas para proteger al pa\u00eds ante la crisis en Hait\u00ed. Advirti\u00f3 a la comunidad internacional que si no act\u00faa, \u201cdespu\u00e9s no se quejen\u201d de las acciones que su Gobierno pueda\u2026","rel":"","context":"In &quot;Noticias Nacionales&quot;","block_context":{"text":"Noticias Nacionales","link":"https:\/\/noticiasya.com\/midland-odessa\/categoria\/noticias-nacionales"},"img":{"alt_text":"","src":"","width":0,"height":0},"classes":[]},{"id":1471509,"url":"https:\/\/noticiasya.com\/midland-odessa\/2026\/02\/21\/ministro-exteriores-iran-optimista-acuerdo-ee-uu-trax\/","url_meta":{"origin":1469048,"position":5},"title":"Ministro de Relaciones Exteriores de Ir\u00e1n es optimista de que pronto se pueda alcanzar un acuerdo con EE.UU.","author":"","date":"febrero 21, 2026","format":false,"excerpt":"El ministro de Relaciones Exteriores de Ir\u00e1n expres\u00f3 su optimismo de que se pueda llegar r\u00e1pidamente a un acuerdo con los negociadores estadounidenses para evitar una confrontaci\u00f3n militar, en mitad del incremento de fuerzas militares de Washington en Medio Oriente.\u201cNo creo que tome mucho tiempo. Quiz\u00e1s en cuesti\u00f3n de una\u2026","rel":"","context":"In &quot;Noticias Nacionales&quot;","block_context":{"text":"Noticias Nacionales","link":"https:\/\/noticiasya.com\/midland-odessa\/categoria\/noticias-nacionales"},"img":{"alt_text":"","src":"","width":0,"height":0},"classes":[]}],"jetpack_sharing_enabled":true,"_links":{"self":[{"href":"https:\/\/noticiasya.com\/midland-odessa\/wp-json\/wp\/v2\/posts\/1469048","targetHints":{"allow":["GET"]}}],"collection":[{"href":"https:\/\/noticiasya.com\/midland-odessa\/wp-json\/wp\/v2\/posts"}],"about":[{"href":"https:\/\/noticiasya.com\/midland-odessa\/wp-json\/wp\/v2\/types\/post"}],"replies":[{"embeddable":true,"href":"https:\/\/noticiasya.com\/midland-odessa\/wp-json\/wp\/v2\/comments?post=1469048"}],"version-history":[{"count":0,"href":"https:\/\/noticiasya.com\/midland-odessa\/wp-json\/wp\/v2\/posts\/1469048\/revisions"}],"wp:attachment":[{"href":"https:\/\/noticiasya.com\/midland-odessa\/wp-json\/wp\/v2\/media?parent=1469048"}],"wp:term":[{"taxonomy":"category","embeddable":true,"href":"https:\/\/noticiasya.com\/midland-odessa\/wp-json\/wp\/v2\/categories?post=1469048"},{"taxonomy":"post_tag","embeddable":true,"href":"https:\/\/noticiasya.com\/midland-odessa\/wp-json\/wp\/v2\/tags?post=1469048"}],"curies":[{"name":"wp","href":"https:\/\/api.w.org\/{rel}","templated":true}]}}