{"id":1469050,"date":"2025-12-07T08:03:39","date_gmt":"2025-12-07T16:03:39","guid":{"rendered":"https:\/\/noticiasya.com\/2025\/12\/07\/muere-rafael-ithier-gran-combo-orix\/"},"modified":"2025-12-07T08:03:39","modified_gmt":"2025-12-07T16:03:39","slug":"muere-rafael-ithier-gran-combo-orix","status":"publish","type":"post","link":"https:\/\/noticiasya.com\/midland-odessa\/2025\/12\/07\/muere-rafael-ithier-gran-combo-orix\/","title":{"rendered":"Muere Rafael Ithier, cofundador de El Gran Combo de Puerto Rico y leyenda de la salsa"},"content":{"rendered":"<p>El m\u00fasico puertorrique\u00f1o Rafael Ithier, uno de los fundadores de El Gran Combo de Puerto Rico, muri\u00f3 a los 99 a\u00f1os, seg\u00fan confirm\u00f3 este domingo la legendaria banda de salsa en una publicaci\u00f3n en redes sociales.<\/p>\n<p>\u201cCon profundo pesar confirmamos el fallecimiento de nuestro fundador, maestro y patriarca musical, Don Rafael Ithier Natal\u201d, indicaron en un <a href=\"https:\/\/www.instagram.com\/p\/DR9vsQUjVtu\/\">comunicado<\/a>. \u201cHoy despedimos no solo a un gran m\u00fasico, sino al arquitecto de un sonido que marc\u00f3 generaciones, un l\u00edder cuya disciplina, visi\u00f3n y amor por la salsa forjaron la historia de El Gran Combo de Puerto Rico y de la m\u00fasica latina en el mundo\u201d, agrega el texto.<\/p>\n<p>Nacido en San Juan, fund\u00f3 en 1962 junto a los ya fallecidos Mart\u00edn Qui\u00f1ones y Eddie P\u00e9rez la banda que ser\u00eda conocida como \u201cla universidad de la salsa\u201d.<\/p>\n<p>Algunos de los grandes \u00e9xitos de la agrupaci\u00f3n son \u201cBrujer\u00eda\u201d, \u201cOjos chinos\u201d, \u201cMe liber\u00e9\u201d y \u201cUn verano en Nueva York\u201d, entre una larga lista.<\/p>\n<p>El comunicado no detall\u00f3 la causa de la muerte. La gobernadora de Puerto Rico, Jennifer Gonz\u00e1lez, dijo que el d\u00eda oficial de duelo ser\u00e1 anunciado cuando los familiares de Ithier determinen la fecha de su velatorio.<\/p>\n<p>Artistas reconocidos como Gilberto Santa Rosa, Willie Col\u00f3n, Elvis Crespo, entre otros, expresaron sus condolencias ante la muerte de uno de los pilares del g\u00e9nero.<\/p>\n<p>\u201cMe inspir\u00f3 y, a trav\u00e9s de \u00e9l, aprend\u00ed a ser innovador y comercialmente atractivo. Grab\u00f3 canciones que hac\u00edan felices a los bailadores con letras que nos contaban historias sobre ser puertorrique\u00f1os. Lo extra\u00f1aremos; nunca habr\u00e1 otro Rafael Ithier\u201d, <a href=\"https:\/\/www.instagram.com\/p\/DR8gv3rDA57\/?hl=es\">dijo<\/a> Col\u00f3n en Instagram. Por su parte, la cantante Olga Ta\u00f1\u00f3n agradeci\u00f3 a Ithier por su legado: \u201cSu contribuci\u00f3n en la m\u00fasica tiene un antes y un despu\u00e9s\u201d.<\/p>\n<p>La cuenta de los Latin Grammy lament\u00f3 el fallecimiento y <a href=\"https:\/\/x.com\/LatinGRAMMYs\/status\/1997525276083810650\">destac\u00f3<\/a> que Ithier gan\u00f3 con la orquesta dos galardones y el Premio a la Excelencia Musical de La Academia. \u201cIthier deja un legado eterno en la salsa. Gracias, Maestro, por una vida dedicada a la m\u00fasica\u201d, indicaron.<\/p>\n<p>The-CNN-Wire<br \/>&trade; &amp; &copy; 2025 Cable News Network, Inc., a Warner Bros. Discovery Company. All rights reserved.<\/p>\n","protected":false},"excerpt":{"rendered":"<p>El m\u00fasico puertorrique\u00f1o Rafael Ithier, uno de los fundadores de El Gran Combo de Puerto Rico, muri\u00f3 a los 99 a\u00f1os, seg\u00fan confirm\u00f3 este domingo la legendaria banda de salsa en una publicaci\u00f3n en redes sociales. \u201cCon profundo pesar confirmamos el fallecimiento de nuestro fundador, maestro y patriarca musical, Don Rafael Ithier Natal\u201d, indicaron en [&hellip;]<\/p>\n","protected":false},"author":0,"featured_media":0,"comment_status":"open","ping_status":"open","sticky":false,"template":"","format":"standard","meta":{"_jetpack_memberships_contains_paid_content":false,"footnotes":""},"categories":[10],"tags":[],"class_list":["post-1469050","post","type-post","status-publish","format-standard","hentry","category-noticias-nacionales","market-global"],"yoast_head":"<!-- This site is optimized with the Yoast SEO plugin v24.4 - https:\/\/yoast.com\/wordpress\/plugins\/seo\/ -->\n<title>Muere Rafael Ithier, cofundador de El Gran Combo de Puerto Rico y leyenda de la salsa - Noticias<\/title>\n<meta name=\"robots\" content=\"index, follow, max-snippet:-1, max-image-preview:large, max-video-preview:-1\" \/>\n<link rel=\"canonical\" href=\"https:\/\/noticiasya.com\/2025\/12\/07\/muere-rafael-ithier-gran-combo-orix\/\" \/>\n<meta property=\"og:locale\" content=\"es_ES\" \/>\n<meta property=\"og:type\" content=\"article\" \/>\n<meta property=\"og:title\" content=\"Muere Rafael Ithier, cofundador de El Gran Combo de Puerto Rico y leyenda de la salsa - Noticias\" \/>\n<meta property=\"og:description\" content=\"El m\u00fasico puertorrique\u00f1o Rafael Ithier, uno de los fundadores de El Gran Combo de Puerto Rico, muri\u00f3 a los 99 a\u00f1os, seg\u00fan confirm\u00f3 este domingo la legendaria banda de salsa en una publicaci\u00f3n en redes sociales. \u201cCon profundo pesar confirmamos el fallecimiento de nuestro fundador, maestro y patriarca musical, Don Rafael Ithier Natal\u201d, indicaron en [&hellip;]\" \/>\n<meta property=\"og:url\" content=\"https:\/\/noticiasya.com\/2025\/12\/07\/muere-rafael-ithier-gran-combo-orix\/\" \/>\n<meta property=\"og:site_name\" content=\"Noticias\" \/>\n<meta property=\"article:published_time\" content=\"2025-12-07T16:03:39+00:00\" \/>\n<meta name=\"twitter:card\" content=\"summary_large_image\" \/>\n<meta name=\"twitter:label1\" content=\"Est. reading time\" \/>\n\t<meta name=\"twitter:data1\" content=\"2 minutos\" \/>\n<script type=\"application\/ld+json\" class=\"yoast-schema-graph\">{\"@context\":\"https:\/\/schema.org\",\"@graph\":[{\"@type\":\"Article\",\"@id\":\"https:\/\/noticiasya.com\/2025\/12\/07\/muere-rafael-ithier-gran-combo-orix\/#article\",\"isPartOf\":{\"@id\":\"https:\/\/noticiasya.com\/2025\/12\/07\/muere-rafael-ithier-gran-combo-orix\/\"},\"author\":{\"name\":\"\",\"@id\":\"\"},\"headline\":\"Muere Rafael Ithier, cofundador de El Gran Combo de Puerto Rico y leyenda de la salsa\",\"datePublished\":\"2025-12-07T16:03:39+00:00\",\"mainEntityOfPage\":{\"@id\":\"https:\/\/noticiasya.com\/2025\/12\/07\/muere-rafael-ithier-gran-combo-orix\/\"},\"wordCount\":390,\"commentCount\":0,\"publisher\":{\"@id\":\"https:\/\/noticiasya.com\/#organization\"},\"articleSection\":[\"Noticias Nacionales\"],\"inLanguage\":\"es\",\"potentialAction\":[{\"@type\":\"CommentAction\",\"name\":\"Comment\",\"target\":[\"https:\/\/noticiasya.com\/2025\/12\/07\/muere-rafael-ithier-gran-combo-orix\/#respond\"]}]},{\"@type\":\"WebPage\",\"@id\":\"https:\/\/noticiasya.com\/2025\/12\/07\/muere-rafael-ithier-gran-combo-orix\/\",\"url\":\"https:\/\/noticiasya.com\/2025\/12\/07\/muere-rafael-ithier-gran-combo-orix\/\",\"name\":\"Muere Rafael Ithier, cofundador de El Gran Combo de Puerto Rico y leyenda de la salsa - Noticias\",\"isPartOf\":{\"@id\":\"https:\/\/noticiasya.com\/#website\"},\"datePublished\":\"2025-12-07T16:03:39+00:00\",\"breadcrumb\":{\"@id\":\"https:\/\/noticiasya.com\/2025\/12\/07\/muere-rafael-ithier-gran-combo-orix\/#breadcrumb\"},\"inLanguage\":\"es\",\"potentialAction\":[{\"@type\":\"ReadAction\",\"target\":[\"https:\/\/noticiasya.com\/2025\/12\/07\/muere-rafael-ithier-gran-combo-orix\/\"]}]},{\"@type\":\"BreadcrumbList\",\"@id\":\"https:\/\/noticiasya.com\/2025\/12\/07\/muere-rafael-ithier-gran-combo-orix\/#breadcrumb\",\"itemListElement\":[{\"@type\":\"ListItem\",\"position\":1,\"name\":\"Home\",\"item\":\"https:\/\/noticiasya.com\/\"},{\"@type\":\"ListItem\",\"position\":2,\"name\":\"Muere Rafael Ithier, cofundador de El Gran Combo de Puerto Rico y leyenda de la salsa\"}]},{\"@type\":\"WebSite\",\"@id\":\"https:\/\/noticiasya.com\/#website\",\"url\":\"https:\/\/noticiasya.com\/\",\"name\":\"Noticias\",\"description\":\"Lo que importa\",\"publisher\":{\"@id\":\"https:\/\/noticiasya.com\/#organization\"},\"potentialAction\":[{\"@type\":\"SearchAction\",\"target\":{\"@type\":\"EntryPoint\",\"urlTemplate\":\"https:\/\/noticiasya.com\/?s={search_term_string}\"},\"query-input\":{\"@type\":\"PropertyValueSpecification\",\"valueRequired\":true,\"valueName\":\"search_term_string\"}}],\"inLanguage\":\"es\"},{\"@type\":\"Organization\",\"@id\":\"https:\/\/noticiasya.com\/#organization\",\"name\":\"Noticias\",\"url\":\"https:\/\/noticiasya.com\/\",\"logo\":{\"@type\":\"ImageObject\",\"inLanguage\":\"es\",\"@id\":\"https:\/\/noticiasya.com\/#\/schema\/logo\/image\/\",\"url\":\"https:\/\/noticiasya.com\/wp-content\/uploads\/sites\/22\/2023\/12\/logo-nacional.png\",\"contentUrl\":\"https:\/\/noticiasya.com\/wp-content\/uploads\/sites\/22\/2023\/12\/logo-nacional.png\",\"width\":1801,\"height\":691,\"caption\":\"Noticias\"},\"image\":{\"@id\":\"https:\/\/noticiasya.com\/#\/schema\/logo\/image\/\"}}]}<\/script>\n<!-- \/ Yoast SEO plugin. -->","yoast_head_json":{"title":"Muere Rafael Ithier, cofundador de El Gran Combo de Puerto Rico y leyenda de la salsa - Noticias","robots":{"index":"index","follow":"follow","max-snippet":"max-snippet:-1","max-image-preview":"max-image-preview:large","max-video-preview":"max-video-preview:-1"},"canonical":"https:\/\/noticiasya.com\/2025\/12\/07\/muere-rafael-ithier-gran-combo-orix\/","og_locale":"es_ES","og_type":"article","og_title":"Muere Rafael Ithier, cofundador de El Gran Combo de Puerto Rico y leyenda de la salsa - Noticias","og_description":"El m\u00fasico puertorrique\u00f1o Rafael Ithier, uno de los fundadores de El Gran Combo de Puerto Rico, muri\u00f3 a los 99 a\u00f1os, seg\u00fan confirm\u00f3 este domingo la legendaria banda de salsa en una publicaci\u00f3n en redes sociales. \u201cCon profundo pesar confirmamos el fallecimiento de nuestro fundador, maestro y patriarca musical, Don Rafael Ithier Natal\u201d, indicaron en [&hellip;]","og_url":"https:\/\/noticiasya.com\/2025\/12\/07\/muere-rafael-ithier-gran-combo-orix\/","og_site_name":"Noticias","article_published_time":"2025-12-07T16:03:39+00:00","twitter_card":"summary_large_image","twitter_misc":{"Est. reading time":"2 minutos"},"schema":{"@context":"https:\/\/schema.org","@graph":[{"@type":"Article","@id":"https:\/\/noticiasya.com\/2025\/12\/07\/muere-rafael-ithier-gran-combo-orix\/#article","isPartOf":{"@id":"https:\/\/noticiasya.com\/2025\/12\/07\/muere-rafael-ithier-gran-combo-orix\/"},"author":{"name":"","@id":""},"headline":"Muere Rafael Ithier, cofundador de El Gran Combo de Puerto Rico y leyenda de la salsa","datePublished":"2025-12-07T16:03:39+00:00","mainEntityOfPage":{"@id":"https:\/\/noticiasya.com\/2025\/12\/07\/muere-rafael-ithier-gran-combo-orix\/"},"wordCount":390,"commentCount":0,"publisher":{"@id":"https:\/\/noticiasya.com\/#organization"},"articleSection":["Noticias Nacionales"],"inLanguage":"es","potentialAction":[{"@type":"CommentAction","name":"Comment","target":["https:\/\/noticiasya.com\/2025\/12\/07\/muere-rafael-ithier-gran-combo-orix\/#respond"]}]},{"@type":"WebPage","@id":"https:\/\/noticiasya.com\/2025\/12\/07\/muere-rafael-ithier-gran-combo-orix\/","url":"https:\/\/noticiasya.com\/2025\/12\/07\/muere-rafael-ithier-gran-combo-orix\/","name":"Muere Rafael Ithier, cofundador de El Gran Combo de Puerto Rico y leyenda de la salsa - Noticias","isPartOf":{"@id":"https:\/\/noticiasya.com\/#website"},"datePublished":"2025-12-07T16:03:39+00:00","breadcrumb":{"@id":"https:\/\/noticiasya.com\/2025\/12\/07\/muere-rafael-ithier-gran-combo-orix\/#breadcrumb"},"inLanguage":"es","potentialAction":[{"@type":"ReadAction","target":["https:\/\/noticiasya.com\/2025\/12\/07\/muere-rafael-ithier-gran-combo-orix\/"]}]},{"@type":"BreadcrumbList","@id":"https:\/\/noticiasya.com\/2025\/12\/07\/muere-rafael-ithier-gran-combo-orix\/#breadcrumb","itemListElement":[{"@type":"ListItem","position":1,"name":"Home","item":"https:\/\/noticiasya.com\/"},{"@type":"ListItem","position":2,"name":"Muere Rafael Ithier, cofundador de El Gran Combo de Puerto Rico y leyenda de la salsa"}]},{"@type":"WebSite","@id":"https:\/\/noticiasya.com\/#website","url":"https:\/\/noticiasya.com\/","name":"Noticias","description":"Lo que importa","publisher":{"@id":"https:\/\/noticiasya.com\/#organization"},"potentialAction":[{"@type":"SearchAction","target":{"@type":"EntryPoint","urlTemplate":"https:\/\/noticiasya.com\/?s={search_term_string}"},"query-input":{"@type":"PropertyValueSpecification","valueRequired":true,"valueName":"search_term_string"}}],"inLanguage":"es"},{"@type":"Organization","@id":"https:\/\/noticiasya.com\/#organization","name":"Noticias","url":"https:\/\/noticiasya.com\/","logo":{"@type":"ImageObject","inLanguage":"es","@id":"https:\/\/noticiasya.com\/#\/schema\/logo\/image\/","url":"https:\/\/noticiasya.com\/wp-content\/uploads\/sites\/22\/2023\/12\/logo-nacional.png","contentUrl":"https:\/\/noticiasya.com\/wp-content\/uploads\/sites\/22\/2023\/12\/logo-nacional.png","width":1801,"height":691,"caption":"Noticias"},"image":{"@id":"https:\/\/noticiasya.com\/#\/schema\/logo\/image\/"}}]}},"parsely":{"version":"1.1.0","canonical_url":"https:\/\/noticiasya.com\/midland-odessa\/2025\/12\/07\/muere-rafael-ithier-gran-combo-orix\/","smart_links":{"inbound":0,"outbound":0},"traffic_boost_suggestions_count":0,"meta":{"@context":"https:\/\/schema.org","@type":"NewsArticle","headline":"Muere Rafael Ithier, cofundador de El Gran Combo de Puerto Rico y leyenda de la salsa","url":"http:\/\/noticiasya.com\/midland-odessa\/2025\/12\/07\/muere-rafael-ithier-gran-combo-orix\/","mainEntityOfPage":{"@type":"WebPage","@id":"http:\/\/noticiasya.com\/midland-odessa\/2025\/12\/07\/muere-rafael-ithier-gran-combo-orix\/"},"thumbnailUrl":"","image":{"@type":"ImageObject","url":""},"articleSection":"Noticias Nacionales","author":[],"creator":[],"publisher":{"@type":"Organization","name":"Noticias","logo":""},"keywords":[],"dateCreated":"2025-12-07T16:03:39Z","datePublished":"2025-12-07T16:03:39Z","dateModified":"2025-12-07T16:03:39Z"},"rendered":"<script type=\"application\/ld+json\" class=\"wp-parsely-metadata\">{\"@context\":\"https:\\\/\\\/schema.org\",\"@type\":\"NewsArticle\",\"headline\":\"Muere Rafael Ithier, cofundador de El Gran Combo de Puerto Rico y leyenda de la salsa\",\"url\":\"http:\\\/\\\/noticiasya.com\\\/midland-odessa\\\/2025\\\/12\\\/07\\\/muere-rafael-ithier-gran-combo-orix\\\/\",\"mainEntityOfPage\":{\"@type\":\"WebPage\",\"@id\":\"http:\\\/\\\/noticiasya.com\\\/midland-odessa\\\/2025\\\/12\\\/07\\\/muere-rafael-ithier-gran-combo-orix\\\/\"},\"thumbnailUrl\":\"\",\"image\":{\"@type\":\"ImageObject\",\"url\":\"\"},\"articleSection\":\"Noticias Nacionales\",\"author\":[],\"creator\":[],\"publisher\":{\"@type\":\"Organization\",\"name\":\"Noticias\",\"logo\":\"\"},\"keywords\":[],\"dateCreated\":\"2025-12-07T16:03:39Z\",\"datePublished\":\"2025-12-07T16:03:39Z\",\"dateModified\":\"2025-12-07T16:03:39Z\"}<\/script>","tracker_url":"https:\/\/cdn.parsely.com\/keys\/noticiasya.com\/p.js"},"jetpack_featured_media_url":"","jetpack-related-posts":[{"id":1471145,"url":"https:\/\/noticiasya.com\/midland-odessa\/2026\/02\/12\/musicos-influyeron-bad-bunny-orix\/","url_meta":{"origin":1469050,"position":0},"title":"Los m\u00fasicos que han marcado la carrera de Bad Bunny","author":"","date":"febrero 12, 2026","format":false,"excerpt":"Tanto el espect\u00e1culo de medio tiempo del Super Bowl LX del domingo como el \u00e1lbum \u201cDeb\u00ed tirar m\u00e1s fotos\u201d dejaron claro cu\u00e1les son las influencias musicales del artista puertorrique\u00f1o Bad Bunny.Es una lista que incluye artistas de distintos g\u00e9neros musicales, desde pioneros del reggaet\u00f3n hasta leyendas de la salsa y\u2026","rel":"","context":"In &quot;Noticias Nacionales&quot;","block_context":{"text":"Noticias Nacionales","link":"https:\/\/noticiasya.com\/midland-odessa\/categoria\/noticias-nacionales"},"img":{"alt_text":"","src":"","width":0,"height":0},"classes":[]},{"id":1470890,"url":"https:\/\/noticiasya.com\/midland-odessa\/2026\/02\/05\/ad-bunny-debi-tirar-mas-fotos-referencias-orix\/","url_meta":{"origin":1469050,"position":1},"title":"Todas las referencias del \u00e1lbum &#171;Deb\u00ed tirar m\u00e1s fotos&#187; de Bad Bunny","author":"","date":"febrero 5, 2026","format":false,"excerpt":"De los seis \u00e1lbumes que Bad Bunny ha lanzado hasta la fecha, \u201cDeb\u00ed tirar m\u00e1s fotos\u201d es el m\u00e1s influyente y el que ha tenido mayor impacto cultural, y fue el primer disco en espa\u00f1ol en obtener el premio Grammy a \u00e1lbum del a\u00f1o. Su \u00e9xito impuls\u00f3 a la NFL\u2026","rel":"","context":"In &quot;Noticias Nacionales&quot;","block_context":{"text":"Noticias Nacionales","link":"https:\/\/noticiasya.com\/midland-odessa\/categoria\/noticias-nacionales"},"img":{"alt_text":"","src":"","width":0,"height":0},"classes":[]},{"id":1471524,"url":"https:\/\/noticiasya.com\/midland-odessa\/2026\/02\/21\/quien-fue-willie-colon-salsa-orix\/","url_meta":{"origin":1469050,"position":2},"title":"\u00bfQui\u00e9n fue Willie Col\u00f3n, el arquitecto de la salsa, fallecido a los 75 a\u00f1os?","author":"","date":"febrero 21, 2026","format":false,"excerpt":"El trombonista y compositor Willie Col\u00f3n, uno de los m\u00fasicos m\u00e1s influyentes de la salsa, falleci\u00f3 este s\u00e1bado a los 75 a\u00f1os, comunic\u00f3 su familia.William Anthony Col\u00f3n Rom\u00e1n naci\u00f3 el 28 de abril de 1950 en el Bronx, Nueva York. De padres puertorrique\u00f1os, creci\u00f3 en un entorno marcado por la\u2026","rel":"","context":"In &quot;Noticias Nacionales&quot;","block_context":{"text":"Noticias Nacionales","link":"https:\/\/noticiasya.com\/midland-odessa\/categoria\/noticias-nacionales"},"img":{"alt_text":"","src":"","width":0,"height":0},"classes":[]},{"id":1471518,"url":"https:\/\/noticiasya.com\/midland-odessa\/2026\/02\/21\/fallece-leyenda-salsa-willie-colon-75-anios-orix\/","url_meta":{"origin":1469050,"position":3},"title":"Muere la leyenda de la salsa Willie Col\u00f3n a los 75 a\u00f1os","author":"","date":"febrero 21, 2026","format":false,"excerpt":"El artista de origen puertorrique\u00f1o Willie Col\u00f3n, uno de los m\u00fasicos m\u00e1s influyentes en el g\u00e9nero musical de la salsa, falleci\u00f3 este s\u00e1bado, seg\u00fan inform\u00f3 su familia en una publicaci\u00f3n en su p\u00e1gina oficial de la red social Facebook. Ten\u00eda 75 a\u00f1os.\u201cEs con profunda tristeza que anunciamos el fallecimiento de\u2026","rel":"","context":"In &quot;Noticias Nacionales&quot;","block_context":{"text":"Noticias Nacionales","link":"https:\/\/noticiasya.com\/midland-odessa\/categoria\/noticias-nacionales"},"img":{"alt_text":"","src":"","width":0,"height":0},"classes":[]},{"id":1471519,"url":"https:\/\/noticiasya.com\/midland-odessa\/2026\/02\/21\/willie-colon-musica-latina-despide-orix\/","url_meta":{"origin":1469050,"position":4},"title":"La m\u00fasica latina despide a la leyenda de la salsa Willie Col\u00f3n","author":"","date":"febrero 21, 2026","format":false,"excerpt":"La salsa amaneci\u00f3 de luto. Willie Col\u00f3n, trombonista, compositor y productor clave en la historia del g\u00e9nero, muri\u00f3 a los 75 a\u00f1os en Nueva York, seg\u00fan confirm\u00f3 su familia en un comunicado.El artista, int\u00e9rprete de temas ic\u00f3nicos como Idilio y Gitana, y figura central en colaboraciones hist\u00f3ricas con H\u00e9ctor Lavoe\u2026","rel":"","context":"In &quot;Noticias Nacionales&quot;","block_context":{"text":"Noticias Nacionales","link":"https:\/\/noticiasya.com\/midland-odessa\/categoria\/noticias-nacionales"},"img":{"alt_text":"","src":"","width":0,"height":0},"classes":[]},{"id":1466301,"url":"https:\/\/noticiasya.com\/midland-odessa\/2025\/09\/09\/maduro-apunta-gobernadora-puerto-rico-orix\/","url_meta":{"origin":1469050,"position":5},"title":"Maduro apunta a la gobernadora de Puerto Rico: &#171;Si usted va a invadir Venezuela, venga de primera&#187;","author":"","date":"septiembre 9, 2025","format":false,"excerpt":"El presidente de Venezuela, Nicol\u00e1s Maduro, critic\u00f3 a la gobernadora de Puerto Rico, Jenniffer Gonz\u00e1lez, quien este lunes afirm\u00f3 su apoyo a las maniobras militares de Washington en el Caribe, cuando recibi\u00f3 al secretario de Defensa de Estados Unidos, Pete Hegseth.\u201cLa gobernadora de Puerto Rico se suma a un plan\u2026","rel":"","context":"In &quot;Noticias Nacionales&quot;","block_context":{"text":"Noticias Nacionales","link":"https:\/\/noticiasya.com\/midland-odessa\/categoria\/noticias-nacionales"},"img":{"alt_text":"","src":"","width":0,"height":0},"classes":[]}],"jetpack_sharing_enabled":true,"_links":{"self":[{"href":"https:\/\/noticiasya.com\/midland-odessa\/wp-json\/wp\/v2\/posts\/1469050","targetHints":{"allow":["GET"]}}],"collection":[{"href":"https:\/\/noticiasya.com\/midland-odessa\/wp-json\/wp\/v2\/posts"}],"about":[{"href":"https:\/\/noticiasya.com\/midland-odessa\/wp-json\/wp\/v2\/types\/post"}],"replies":[{"embeddable":true,"href":"https:\/\/noticiasya.com\/midland-odessa\/wp-json\/wp\/v2\/comments?post=1469050"}],"version-history":[{"count":0,"href":"https:\/\/noticiasya.com\/midland-odessa\/wp-json\/wp\/v2\/posts\/1469050\/revisions"}],"wp:attachment":[{"href":"https:\/\/noticiasya.com\/midland-odessa\/wp-json\/wp\/v2\/media?parent=1469050"}],"wp:term":[{"taxonomy":"category","embeddable":true,"href":"https:\/\/noticiasya.com\/midland-odessa\/wp-json\/wp\/v2\/categories?post=1469050"},{"taxonomy":"post_tag","embeddable":true,"href":"https:\/\/noticiasya.com\/midland-odessa\/wp-json\/wp\/v2\/tags?post=1469050"}],"curies":[{"name":"wp","href":"https:\/\/api.w.org\/{rel}","templated":true}]}}