{"id":1469051,"date":"2025-12-07T08:03:40","date_gmt":"2025-12-07T16:03:40","guid":{"rendered":"https:\/\/noticiasya.com\/2025\/12\/07\/netanyahu-segunda-fase-alto-el-fuego-gaza-indulto-trax\/"},"modified":"2025-12-07T08:03:40","modified_gmt":"2025-12-07T16:03:40","slug":"netanyahu-segunda-fase-alto-el-fuego-gaza-indulto-trax","status":"publish","type":"post","link":"https:\/\/noticiasya.com\/midland-odessa\/2025\/12\/07\/netanyahu-segunda-fase-alto-el-fuego-gaza-indulto-trax\/","title":{"rendered":"Netanyahu dijo estar &#171;muy cerca&#187; de la segunda fase del alto el fuego en Gaza y que no renunciar\u00e1 a cambio de un indulto"},"content":{"rendered":"<p>El primer ministro israel\u00ed, Benjamin Netanyahu, dijo el domingo que Israel est\u00e1 \u201cmuy cerca\u201d de avanzar a la segunda fase del plan de alto el fuego en Gaza, mediado por Estados Unidos, durante una conferencia de prensa conjunta en Jerusal\u00e9n con el canciller alem\u00e1n, Friedrich Merz.<\/p>\n<p>\u201cHemos terminado la primera etapa, estamos casi all\u00ed, nos falta recuperar a un reh\u00e9n fallecido, Ran Gvili, y estamos comprometidos con su regreso\u201d, dijo Netanyahu. \u201cLuego, en muy poco tiempo, esperamos pasar a la segunda fase \u2014que es m\u00e1s dif\u00edcil o al menos tan dif\u00edcil como la primera etapa\u2014 para desarmar a Hamas y desmilitarizar Gaza\u201d.<\/p>\n<p>Se\u00f1al\u00f3 que los detalles sobre el cronograma, la composici\u00f3n de la fuerza internacional destinada a controlar Gaza y otras contingencias siguen en discusi\u00f3n y se abordar\u00e1n m\u00e1s adelante este mes en una reuni\u00f3n prevista con el presidente de Estados Unidos, Donald Trump.<\/p>\n<p>Hablando p\u00fablicamente por primera vez desde que solicit\u00f3 formalmente un indulto presidencial en su juicio por corrupci\u00f3n en curso, a Netanyahu se le pregunt\u00f3 si planea retirarse como parte de un posible acuerdo, y respondi\u00f3 de forma tajante: \u201cNo\u201d.<\/p>\n<p>Merz, en su primera visita a Israel desde que asumi\u00f3 el cargo, reafirm\u00f3 la \u201cresponsabilidad hist\u00f3rica\u201d de Alemania con la seguridad de Israel y enfatiz\u00f3 su \u201cderecho y deber de defender a sus ciudadanos frente a quienes niegan el car\u00e1cter jud\u00edo y democr\u00e1tico del Estado y su derecho a existir\u201d.<\/p>\n<p>Al referirse a los acontecimientos en Gaza, remarc\u00f3: \u201cHamas no puede tener ning\u00fan papel en Gaza; nunca m\u00e1s debe representar una amenaza para Israel\u201d. Sin embargo, no evit\u00f3 la cr\u00edtica de Alemania sobre la guerra en Gaza.<\/p>\n<p>\u201cLas acciones del Gobierno israel\u00ed han creado un dilema para nosotros\u201d, se\u00f1al\u00f3. \u201cComo Estado democr\u00e1tico, Israel debe cumplir con los est\u00e1ndares del derecho internacional en sus operaciones militares\u201d.<\/p>\n<p>Merz expres\u00f3 apoyo a la soluci\u00f3n de dos Estados y al Gobierno Aut\u00f3nomo Palestino, y advirti\u00f3 a Israel sobre la expansi\u00f3n de asentamientos y pasos que equivalgan a una anexi\u00f3n.<\/p>\n<p>\u201cNo puede haber pasos de anexi\u00f3n \u2014formales o mediante construcci\u00f3n\u2014 que en la pr\u00e1ctica equivalgan a una anexi\u00f3n\u201d, dijo.<\/p>\n<p>Netanyahu respondi\u00f3 desestimando la idea de un Estado palestino.<\/p>\n<p>\u201cLos palestinos ya ten\u00edan un Estado en Gaza, un Estado de facto, y se utiliz\u00f3 para destruir el \u00fanico Estado jud\u00edo. Creemos que hay un camino para avanzar en una paz m\u00e1s amplia con los Estados \u00e1rabes y establecer una paz viable con nuestros vecinos palestinos, pero no vamos a crear un Estado que est\u00e9 comprometido con nuestra destrucci\u00f3n en nuestra puerta\u201d, afirm\u00f3. Subray\u00f3 que Israel mantendr\u00e1 el control de seguridad entre el mar Mediterr\u00e1neo y el r\u00edo Jord\u00e1n, y asegur\u00f3 que la anexi\u00f3n de la Ribera Occidental sigue siendo un tema de discusi\u00f3n: \u201cNo hay ning\u00fan cambio en el<em> statu quo<\/em>\u201d.<\/p>\n<p>The-CNN-Wire<br \/>&trade; &amp; &copy; 2025 Cable News Network, Inc., a Warner Bros. Discovery Company. All rights reserved.<\/p>\n","protected":false},"excerpt":{"rendered":"<p>El primer ministro israel\u00ed, Benjamin Netanyahu, dijo el domingo que Israel est\u00e1 \u201cmuy cerca\u201d de avanzar a la segunda fase del plan de alto el fuego en Gaza, mediado por Estados Unidos, durante una conferencia de prensa conjunta en Jerusal\u00e9n con el canciller alem\u00e1n, Friedrich Merz. \u201cHemos terminado la primera etapa, estamos casi all\u00ed, nos [&hellip;]<\/p>\n","protected":false},"author":0,"featured_media":0,"comment_status":"open","ping_status":"open","sticky":false,"template":"","format":"standard","meta":{"_jetpack_memberships_contains_paid_content":false,"footnotes":""},"categories":[10],"tags":[],"class_list":["post-1469051","post","type-post","status-publish","format-standard","hentry","category-noticias-nacionales","market-global"],"yoast_head":"<!-- This site is optimized with the Yoast SEO plugin v24.4 - https:\/\/yoast.com\/wordpress\/plugins\/seo\/ -->\n<title>Netanyahu dijo estar &quot;muy cerca&quot; de la segunda fase del alto el fuego en Gaza y que no renunciar\u00e1 a cambio de un indulto - Noticias<\/title>\n<meta name=\"robots\" content=\"index, follow, max-snippet:-1, max-image-preview:large, max-video-preview:-1\" \/>\n<link rel=\"canonical\" href=\"https:\/\/noticiasya.com\/2025\/12\/07\/netanyahu-segunda-fase-alto-el-fuego-gaza-indulto-trax\/\" \/>\n<meta property=\"og:locale\" content=\"es_ES\" \/>\n<meta property=\"og:type\" content=\"article\" \/>\n<meta property=\"og:title\" content=\"Netanyahu dijo estar &quot;muy cerca&quot; de la segunda fase del alto el fuego en Gaza y que no renunciar\u00e1 a cambio de un indulto - Noticias\" \/>\n<meta property=\"og:description\" content=\"El primer ministro israel\u00ed, Benjamin Netanyahu, dijo el domingo que Israel est\u00e1 \u201cmuy cerca\u201d de avanzar a la segunda fase del plan de alto el fuego en Gaza, mediado por Estados Unidos, durante una conferencia de prensa conjunta en Jerusal\u00e9n con el canciller alem\u00e1n, Friedrich Merz. \u201cHemos terminado la primera etapa, estamos casi all\u00ed, nos [&hellip;]\" \/>\n<meta property=\"og:url\" content=\"https:\/\/noticiasya.com\/2025\/12\/07\/netanyahu-segunda-fase-alto-el-fuego-gaza-indulto-trax\/\" \/>\n<meta property=\"og:site_name\" content=\"Noticias\" \/>\n<meta property=\"article:published_time\" content=\"2025-12-07T16:03:40+00:00\" \/>\n<meta name=\"twitter:card\" content=\"summary_large_image\" \/>\n<meta name=\"twitter:label1\" content=\"Est. reading time\" \/>\n\t<meta name=\"twitter:data1\" content=\"3 minutos\" \/>\n<script type=\"application\/ld+json\" class=\"yoast-schema-graph\">{\"@context\":\"https:\/\/schema.org\",\"@graph\":[{\"@type\":\"Article\",\"@id\":\"https:\/\/noticiasya.com\/2025\/12\/07\/netanyahu-segunda-fase-alto-el-fuego-gaza-indulto-trax\/#article\",\"isPartOf\":{\"@id\":\"https:\/\/noticiasya.com\/2025\/12\/07\/netanyahu-segunda-fase-alto-el-fuego-gaza-indulto-trax\/\"},\"author\":{\"name\":\"\",\"@id\":\"\"},\"headline\":\"Netanyahu dijo estar &#171;muy cerca&#187; de la segunda fase del alto el fuego en Gaza y que no renunciar\u00e1 a cambio de un indulto\",\"datePublished\":\"2025-12-07T16:03:40+00:00\",\"mainEntityOfPage\":{\"@id\":\"https:\/\/noticiasya.com\/2025\/12\/07\/netanyahu-segunda-fase-alto-el-fuego-gaza-indulto-trax\/\"},\"wordCount\":540,\"commentCount\":0,\"publisher\":{\"@id\":\"https:\/\/noticiasya.com\/#organization\"},\"articleSection\":[\"Noticias Nacionales\"],\"inLanguage\":\"es\",\"potentialAction\":[{\"@type\":\"CommentAction\",\"name\":\"Comment\",\"target\":[\"https:\/\/noticiasya.com\/2025\/12\/07\/netanyahu-segunda-fase-alto-el-fuego-gaza-indulto-trax\/#respond\"]}]},{\"@type\":\"WebPage\",\"@id\":\"https:\/\/noticiasya.com\/2025\/12\/07\/netanyahu-segunda-fase-alto-el-fuego-gaza-indulto-trax\/\",\"url\":\"https:\/\/noticiasya.com\/2025\/12\/07\/netanyahu-segunda-fase-alto-el-fuego-gaza-indulto-trax\/\",\"name\":\"Netanyahu dijo estar \\\"muy cerca\\\" de la segunda fase del alto el fuego en Gaza y que no renunciar\u00e1 a cambio de un indulto - Noticias\",\"isPartOf\":{\"@id\":\"https:\/\/noticiasya.com\/#website\"},\"datePublished\":\"2025-12-07T16:03:40+00:00\",\"breadcrumb\":{\"@id\":\"https:\/\/noticiasya.com\/2025\/12\/07\/netanyahu-segunda-fase-alto-el-fuego-gaza-indulto-trax\/#breadcrumb\"},\"inLanguage\":\"es\",\"potentialAction\":[{\"@type\":\"ReadAction\",\"target\":[\"https:\/\/noticiasya.com\/2025\/12\/07\/netanyahu-segunda-fase-alto-el-fuego-gaza-indulto-trax\/\"]}]},{\"@type\":\"BreadcrumbList\",\"@id\":\"https:\/\/noticiasya.com\/2025\/12\/07\/netanyahu-segunda-fase-alto-el-fuego-gaza-indulto-trax\/#breadcrumb\",\"itemListElement\":[{\"@type\":\"ListItem\",\"position\":1,\"name\":\"Home\",\"item\":\"https:\/\/noticiasya.com\/\"},{\"@type\":\"ListItem\",\"position\":2,\"name\":\"Netanyahu dijo estar &#171;muy cerca&#187; de la segunda fase del alto el fuego en Gaza y que no renunciar\u00e1 a cambio de un indulto\"}]},{\"@type\":\"WebSite\",\"@id\":\"https:\/\/noticiasya.com\/#website\",\"url\":\"https:\/\/noticiasya.com\/\",\"name\":\"Noticias\",\"description\":\"Lo que importa\",\"publisher\":{\"@id\":\"https:\/\/noticiasya.com\/#organization\"},\"potentialAction\":[{\"@type\":\"SearchAction\",\"target\":{\"@type\":\"EntryPoint\",\"urlTemplate\":\"https:\/\/noticiasya.com\/?s={search_term_string}\"},\"query-input\":{\"@type\":\"PropertyValueSpecification\",\"valueRequired\":true,\"valueName\":\"search_term_string\"}}],\"inLanguage\":\"es\"},{\"@type\":\"Organization\",\"@id\":\"https:\/\/noticiasya.com\/#organization\",\"name\":\"Noticias\",\"url\":\"https:\/\/noticiasya.com\/\",\"logo\":{\"@type\":\"ImageObject\",\"inLanguage\":\"es\",\"@id\":\"https:\/\/noticiasya.com\/#\/schema\/logo\/image\/\",\"url\":\"https:\/\/noticiasya.com\/wp-content\/uploads\/sites\/22\/2023\/12\/logo-nacional.png\",\"contentUrl\":\"https:\/\/noticiasya.com\/wp-content\/uploads\/sites\/22\/2023\/12\/logo-nacional.png\",\"width\":1801,\"height\":691,\"caption\":\"Noticias\"},\"image\":{\"@id\":\"https:\/\/noticiasya.com\/#\/schema\/logo\/image\/\"}}]}<\/script>\n<!-- \/ Yoast SEO plugin. -->","yoast_head_json":{"title":"Netanyahu dijo estar \"muy cerca\" de la segunda fase del alto el fuego en Gaza y que no renunciar\u00e1 a cambio de un indulto - Noticias","robots":{"index":"index","follow":"follow","max-snippet":"max-snippet:-1","max-image-preview":"max-image-preview:large","max-video-preview":"max-video-preview:-1"},"canonical":"https:\/\/noticiasya.com\/2025\/12\/07\/netanyahu-segunda-fase-alto-el-fuego-gaza-indulto-trax\/","og_locale":"es_ES","og_type":"article","og_title":"Netanyahu dijo estar \"muy cerca\" de la segunda fase del alto el fuego en Gaza y que no renunciar\u00e1 a cambio de un indulto - Noticias","og_description":"El primer ministro israel\u00ed, Benjamin Netanyahu, dijo el domingo que Israel est\u00e1 \u201cmuy cerca\u201d de avanzar a la segunda fase del plan de alto el fuego en Gaza, mediado por Estados Unidos, durante una conferencia de prensa conjunta en Jerusal\u00e9n con el canciller alem\u00e1n, Friedrich Merz. \u201cHemos terminado la primera etapa, estamos casi all\u00ed, nos [&hellip;]","og_url":"https:\/\/noticiasya.com\/2025\/12\/07\/netanyahu-segunda-fase-alto-el-fuego-gaza-indulto-trax\/","og_site_name":"Noticias","article_published_time":"2025-12-07T16:03:40+00:00","twitter_card":"summary_large_image","twitter_misc":{"Est. reading time":"3 minutos"},"schema":{"@context":"https:\/\/schema.org","@graph":[{"@type":"Article","@id":"https:\/\/noticiasya.com\/2025\/12\/07\/netanyahu-segunda-fase-alto-el-fuego-gaza-indulto-trax\/#article","isPartOf":{"@id":"https:\/\/noticiasya.com\/2025\/12\/07\/netanyahu-segunda-fase-alto-el-fuego-gaza-indulto-trax\/"},"author":{"name":"","@id":""},"headline":"Netanyahu dijo estar &#171;muy cerca&#187; de la segunda fase del alto el fuego en Gaza y que no renunciar\u00e1 a cambio de un indulto","datePublished":"2025-12-07T16:03:40+00:00","mainEntityOfPage":{"@id":"https:\/\/noticiasya.com\/2025\/12\/07\/netanyahu-segunda-fase-alto-el-fuego-gaza-indulto-trax\/"},"wordCount":540,"commentCount":0,"publisher":{"@id":"https:\/\/noticiasya.com\/#organization"},"articleSection":["Noticias Nacionales"],"inLanguage":"es","potentialAction":[{"@type":"CommentAction","name":"Comment","target":["https:\/\/noticiasya.com\/2025\/12\/07\/netanyahu-segunda-fase-alto-el-fuego-gaza-indulto-trax\/#respond"]}]},{"@type":"WebPage","@id":"https:\/\/noticiasya.com\/2025\/12\/07\/netanyahu-segunda-fase-alto-el-fuego-gaza-indulto-trax\/","url":"https:\/\/noticiasya.com\/2025\/12\/07\/netanyahu-segunda-fase-alto-el-fuego-gaza-indulto-trax\/","name":"Netanyahu dijo estar \"muy cerca\" de la segunda fase del alto el fuego en Gaza y que no renunciar\u00e1 a cambio de un indulto - Noticias","isPartOf":{"@id":"https:\/\/noticiasya.com\/#website"},"datePublished":"2025-12-07T16:03:40+00:00","breadcrumb":{"@id":"https:\/\/noticiasya.com\/2025\/12\/07\/netanyahu-segunda-fase-alto-el-fuego-gaza-indulto-trax\/#breadcrumb"},"inLanguage":"es","potentialAction":[{"@type":"ReadAction","target":["https:\/\/noticiasya.com\/2025\/12\/07\/netanyahu-segunda-fase-alto-el-fuego-gaza-indulto-trax\/"]}]},{"@type":"BreadcrumbList","@id":"https:\/\/noticiasya.com\/2025\/12\/07\/netanyahu-segunda-fase-alto-el-fuego-gaza-indulto-trax\/#breadcrumb","itemListElement":[{"@type":"ListItem","position":1,"name":"Home","item":"https:\/\/noticiasya.com\/"},{"@type":"ListItem","position":2,"name":"Netanyahu dijo estar &#171;muy cerca&#187; de la segunda fase del alto el fuego en Gaza y que no renunciar\u00e1 a cambio de un indulto"}]},{"@type":"WebSite","@id":"https:\/\/noticiasya.com\/#website","url":"https:\/\/noticiasya.com\/","name":"Noticias","description":"Lo que importa","publisher":{"@id":"https:\/\/noticiasya.com\/#organization"},"potentialAction":[{"@type":"SearchAction","target":{"@type":"EntryPoint","urlTemplate":"https:\/\/noticiasya.com\/?s={search_term_string}"},"query-input":{"@type":"PropertyValueSpecification","valueRequired":true,"valueName":"search_term_string"}}],"inLanguage":"es"},{"@type":"Organization","@id":"https:\/\/noticiasya.com\/#organization","name":"Noticias","url":"https:\/\/noticiasya.com\/","logo":{"@type":"ImageObject","inLanguage":"es","@id":"https:\/\/noticiasya.com\/#\/schema\/logo\/image\/","url":"https:\/\/noticiasya.com\/wp-content\/uploads\/sites\/22\/2023\/12\/logo-nacional.png","contentUrl":"https:\/\/noticiasya.com\/wp-content\/uploads\/sites\/22\/2023\/12\/logo-nacional.png","width":1801,"height":691,"caption":"Noticias"},"image":{"@id":"https:\/\/noticiasya.com\/#\/schema\/logo\/image\/"}}]}},"parsely":{"version":"1.1.0","canonical_url":"https:\/\/noticiasya.com\/midland-odessa\/2025\/12\/07\/netanyahu-segunda-fase-alto-el-fuego-gaza-indulto-trax\/","smart_links":{"inbound":0,"outbound":0},"traffic_boost_suggestions_count":0,"meta":{"@context":"https:\/\/schema.org","@type":"NewsArticle","headline":"Netanyahu dijo estar &#171;muy cerca&#187; de la segunda fase del alto el fuego en Gaza y que no renunciar\u00e1 a cambio de un indulto","url":"http:\/\/noticiasya.com\/midland-odessa\/2025\/12\/07\/netanyahu-segunda-fase-alto-el-fuego-gaza-indulto-trax\/","mainEntityOfPage":{"@type":"WebPage","@id":"http:\/\/noticiasya.com\/midland-odessa\/2025\/12\/07\/netanyahu-segunda-fase-alto-el-fuego-gaza-indulto-trax\/"},"thumbnailUrl":"","image":{"@type":"ImageObject","url":""},"articleSection":"Noticias Nacionales","author":[],"creator":[],"publisher":{"@type":"Organization","name":"Noticias","logo":""},"keywords":[],"dateCreated":"2025-12-07T16:03:40Z","datePublished":"2025-12-07T16:03:40Z","dateModified":"2025-12-07T16:03:40Z"},"rendered":"<script type=\"application\/ld+json\" class=\"wp-parsely-metadata\">{\"@context\":\"https:\\\/\\\/schema.org\",\"@type\":\"NewsArticle\",\"headline\":\"Netanyahu dijo estar &#171;muy cerca&#187; de la segunda fase del alto el fuego en Gaza y que no renunciar\\u00e1 a cambio de un indulto\",\"url\":\"http:\\\/\\\/noticiasya.com\\\/midland-odessa\\\/2025\\\/12\\\/07\\\/netanyahu-segunda-fase-alto-el-fuego-gaza-indulto-trax\\\/\",\"mainEntityOfPage\":{\"@type\":\"WebPage\",\"@id\":\"http:\\\/\\\/noticiasya.com\\\/midland-odessa\\\/2025\\\/12\\\/07\\\/netanyahu-segunda-fase-alto-el-fuego-gaza-indulto-trax\\\/\"},\"thumbnailUrl\":\"\",\"image\":{\"@type\":\"ImageObject\",\"url\":\"\"},\"articleSection\":\"Noticias Nacionales\",\"author\":[],\"creator\":[],\"publisher\":{\"@type\":\"Organization\",\"name\":\"Noticias\",\"logo\":\"\"},\"keywords\":[],\"dateCreated\":\"2025-12-07T16:03:40Z\",\"datePublished\":\"2025-12-07T16:03:40Z\",\"dateModified\":\"2025-12-07T16:03:40Z\"}<\/script>","tracker_url":"https:\/\/cdn.parsely.com\/keys\/noticiasya.com\/p.js"},"jetpack_featured_media_url":"","jetpack-related-posts":[{"id":1458123,"url":"https:\/\/noticiasya.com\/midland-odessa\/2025\/02\/02\/netanyahu-washington-cese-fuego-gaza-etapa-trax\/","url_meta":{"origin":1469051,"position":0},"title":"Netanyahu viaja a Washington mientras el acuerdo de alto el fuego en Gaza entra en la segunda fase de las negociaciones","author":"","date":"febrero 2, 2025","format":false,"excerpt":"El primer ministro de Israel, Benjamin Netanyahu, viaj\u00f3 este domingo a Washington, donde se reunir\u00e1 el lunes con el enviado de la Casa Blanca para Medio Oriente, as\u00ed como con el presidente de Estados Unidos, Donald Trump, un d\u00eda despues.La oficina de Netanyahu dijo el s\u00e1bado que hab\u00eda hablado con\u2026","rel":"","context":"In &quot;Noticias Nacionales&quot;","block_context":{"text":"Noticias Nacionales","link":"https:\/\/noticiasya.com\/midland-odessa\/categoria\/noticias-nacionales"},"img":{"alt_text":"","src":"","width":0,"height":0},"classes":[]},{"id":1469056,"url":"https:\/\/noticiasya.com\/midland-odessa\/2025\/12\/07\/hamas-almacenar-armas-gaza-trax\/","url_meta":{"origin":1469051,"position":1},"title":"Hamas est\u00e1 dispuesto a discutir &#171;congelar o almacenar&#187; armas, dice alto funcionario del grupo militante","author":"","date":"diciembre 7, 2025","format":false,"excerpt":"Hamas est\u00e1 dispuesto a discutir \u201ccongelar o almacenar\u201d sus armas, dijo el domingo un alto funcionario, en medio de preocupaciones de que el incipiente acuerdo de cese del fuego entre Israel y el grupo militante podr\u00eda colapsar.Hablando con Associated Press en Qatar el domingo, Bassem Naim afirm\u00f3 que Hamas est\u00e1\u2026","rel":"","context":"In &quot;Noticias Nacionales&quot;","block_context":{"text":"Noticias Nacionales","link":"https:\/\/noticiasya.com\/midland-odessa\/categoria\/noticias-nacionales"},"img":{"alt_text":"","src":"","width":0,"height":0},"classes":[]},{"id":1458110,"url":"https:\/\/noticiasya.com\/midland-odessa\/2025\/02\/01\/negociaciones-segunda-fase-acuerdo-gaza-trax\/","url_meta":{"origin":1469051,"position":2},"title":"Negociaciones sobre la segunda fase del alto el fuego y los rehenes en Gaza iniciar\u00e1n el lunes, dice el Gobierno de Israel","author":"","date":"febrero 1, 2025","format":false,"excerpt":"El primer ministro de Israel, Benjamin Netanyahu, habl\u00f3 este s\u00e1bado con el enviado de Estados Unidos para Medio Oriente, Steve Witkoff, seg\u00fan un comunicado de la oficina de Netanyahu, que detall\u00f3 que \u201clas negociaciones sobre la segunda fase del acuerdo de alto el fuego y liberaci\u00f3n de rehenes en Gaza\u201d\u2026","rel":"","context":"In &quot;Noticias Nacionales&quot;","block_context":{"text":"Noticias Nacionales","link":"https:\/\/noticiasya.com\/midland-odessa\/categoria\/noticias-nacionales"},"img":{"alt_text":"","src":"","width":0,"height":0},"classes":[]},{"id":1459364,"url":"https:\/\/noticiasya.com\/midland-odessa\/2025\/03\/01\/alto-el-fuego-gaza-israel-hamas-acuerdo-trax\/","url_meta":{"origin":1469051,"position":3},"title":"El alto el fuego en Gaza se acerca a su fin, pero Israel y Hamas no se ponen de acuerdo sobre c\u00f3mo seguir","author":"","date":"marzo 1, 2025","format":false,"excerpt":"La primera fase del alto el fuego en Gaza \u2014que inlicluy\u00f3 la liberaci\u00f3n de docenas de rehenes israel\u00edes y cientos de prisioneros palestinos\u2014 est\u00e1 llegando a su fin, pero Israel y Hamas est\u00e1n divididos sobre la pr\u00f3xima etapa.En esencia, los israel\u00edes quieren que contin\u00fae la primera fase: el intercambio de\u2026","rel":"","context":"In &quot;Noticias Nacionales&quot;","block_context":{"text":"Noticias Nacionales","link":"https:\/\/noticiasya.com\/midland-odessa\/categoria\/noticias-nacionales"},"img":{"alt_text":"","src":"","width":0,"height":0},"classes":[]},{"id":1466958,"url":"https:\/\/noticiasya.com\/midland-odessa\/2025\/09\/29\/trump-netanyahu-cese-fuego-gaza-acuerdo-trax\/","url_meta":{"origin":1469051,"position":4},"title":"Trump dice que un cese del fuego en Gaza est\u00e1 m\u00e1s cerca que nunca, pero la realidad es m\u00e1s complicada","author":"","date":"septiembre 29, 2025","format":false,"excerpt":"El presidente de EE.UU. Donald Trump sali\u00f3 de las conversaciones con el primer ministro de Israel Benjamin Netanyahu, el lunes, afirmando que el fin de la guerra en Gaza estaba m\u00e1s cerca que nunca despu\u00e9s de que Netanyahu aceptara un plan de 20 puntos que establece los par\u00e1metros de un\u2026","rel":"","context":"In &quot;Noticias Nacionales&quot;","block_context":{"text":"Noticias Nacionales","link":"https:\/\/noticiasya.com\/midland-odessa\/categoria\/noticias-nacionales"},"img":{"alt_text":"","src":"","width":0,"height":0},"classes":[]},{"id":1459351,"url":"https:\/\/noticiasya.com\/midland-odessa\/2025\/02\/28\/analisis-primera-fase-acuerdo-gaza-terminar-continuacion-trax\/","url_meta":{"origin":1469051,"position":5},"title":"La primera fase del acuerdo en Gaza podr\u00eda terminar en horas. Lo que viene a continuaci\u00f3n ser\u00e1 m\u00e1s dif\u00edcil","author":"","date":"febrero 28, 2025","format":false,"excerpt":"Era improbable desde el principio.Durante meses, incluso cuando el primer ministro de Israel, Benjamin Netanyahu, insisti\u00f3 en que quer\u00eda traer a los rehenes de regreso a casa desde Gaza, se resisti\u00f3 a firmar un acuerdo de alto el fuego con Hamas. La presi\u00f3n sostenida en forma de manifestaciones de miles\u2026","rel":"","context":"In &quot;Noticias Nacionales&quot;","block_context":{"text":"Noticias Nacionales","link":"https:\/\/noticiasya.com\/midland-odessa\/categoria\/noticias-nacionales"},"img":{"alt_text":"","src":"","width":0,"height":0},"classes":[]}],"jetpack_sharing_enabled":true,"_links":{"self":[{"href":"https:\/\/noticiasya.com\/midland-odessa\/wp-json\/wp\/v2\/posts\/1469051","targetHints":{"allow":["GET"]}}],"collection":[{"href":"https:\/\/noticiasya.com\/midland-odessa\/wp-json\/wp\/v2\/posts"}],"about":[{"href":"https:\/\/noticiasya.com\/midland-odessa\/wp-json\/wp\/v2\/types\/post"}],"replies":[{"embeddable":true,"href":"https:\/\/noticiasya.com\/midland-odessa\/wp-json\/wp\/v2\/comments?post=1469051"}],"version-history":[{"count":0,"href":"https:\/\/noticiasya.com\/midland-odessa\/wp-json\/wp\/v2\/posts\/1469051\/revisions"}],"wp:attachment":[{"href":"https:\/\/noticiasya.com\/midland-odessa\/wp-json\/wp\/v2\/media?parent=1469051"}],"wp:term":[{"taxonomy":"category","embeddable":true,"href":"https:\/\/noticiasya.com\/midland-odessa\/wp-json\/wp\/v2\/categories?post=1469051"},{"taxonomy":"post_tag","embeddable":true,"href":"https:\/\/noticiasya.com\/midland-odessa\/wp-json\/wp\/v2\/tags?post=1469051"}],"curies":[{"name":"wp","href":"https:\/\/api.w.org\/{rel}","templated":true}]}}