{"id":1469056,"date":"2025-12-07T15:03:42","date_gmt":"2025-12-07T23:03:42","guid":{"rendered":"https:\/\/noticiasya.com\/2025\/12\/07\/hamas-almacenar-armas-gaza-trax\/"},"modified":"2025-12-07T15:03:42","modified_gmt":"2025-12-07T23:03:42","slug":"hamas-almacenar-armas-gaza-trax","status":"publish","type":"post","link":"https:\/\/noticiasya.com\/midland-odessa\/2025\/12\/07\/hamas-almacenar-armas-gaza-trax\/","title":{"rendered":"Hamas est\u00e1 dispuesto a discutir &#171;congelar o almacenar&#187; armas, dice alto funcionario del grupo militante"},"content":{"rendered":"<p>Hamas est\u00e1 dispuesto a discutir \u201ccongelar o almacenar\u201d sus armas, dijo el domingo un alto funcionario, en medio de preocupaciones de que el incipiente acuerdo de cese del fuego entre Israel y el grupo militante podr\u00eda colapsar.<\/p>\n<p>Hablando con Associated Press en Qatar el domingo, Bassem Naim afirm\u00f3 que Hamas est\u00e1 \u201cmuy abierto\u201d a debatir qu\u00e9 hacer con su armamento restante.<\/p>\n<p>El acuerdo de alto el fuego, mediado por EE.UU., exige que Hamas entregue sus armas bajo la supervisi\u00f3n de observadores independientes como parte de la desmilitarizaci\u00f3n de Gaza.<\/p>\n<p>El desarme es una parte clave de la segunda fase del acuerdo de alto el fuego de 20 puntos.<\/p>\n<p>\u201cPodemos hablar de congelar, almacenar o deponer, con garant\u00edas palestinas, de no usarlo en absoluto durante este tiempo de alto el fuego o tregua\u201d, dijo Naim a AP.<\/p>\n<p>El domingo, el primer ministro de Israel Benjamin Netanyahu dijo que Israel est\u00e1 \u201cmuy cerca\u201d de pasar a la segunda fase del acuerdo de alto el fuego en Gaza.<\/p>\n<p>Pero a\u00fan faltan detalles cruciales, incluyendo qu\u00e9 pa\u00edses participar\u00e1n en una fuerza internacional de seguridad destinada a Gaza, una parte fundamental del acuerdo.<\/p>\n<p>Netanyahu enfatiz\u00f3 la prioridad de Israel en la siguiente fase, que es \u201cdesarmar a Hamas y desmilitarizar Gaza\u201d.<\/p>\n<p>Se desconoce si la intenci\u00f3n declarada de Naim de \u201ccongelar o almacenar\u201d armas cumplir\u00eda con la exigencia de Israel de desarme bajo el alto el fuego.<\/p>\n<p>Naim enfatiz\u00f3 que cualquier fuerza internacional, incluso bajo el mandato de una resoluci\u00f3n del Consejo de Seguridad de la ONU, tendr\u00eda autoridad limitada en Gaza.<\/p>\n<p>\u201cDamos la bienvenida a una fuerza de la ONU cerca de las fronteras, supervisando el acuerdo de alto el fuego, informando sobre violaciones, previniendo cualquier tipo de escalada\u201d, afirm\u00f3.<\/p>\n<p>\u201cPero no aceptamos que estas fuerzas tengan ning\u00fan tipo de mandato que les autorice a actuar o implementarse dentro de los territorios palestinos\u201d.<\/p>\n<p>Mientras tanto, en el Foro de Doha el s\u00e1bado, Qatar, Egipto y Noruega expresaron su preocupaci\u00f3n de que el alto el fuego est\u00e9 en riesgo, con las negociaciones sobre la siguiente fase en un momento cr\u00edtico.<\/p>\n<p>\u201cAhora estamos en un momento cr\u00edtico (del alto el fuego en Gaza)\u201d, dijo el primer ministro de Qatar Mohammed bin Abdulrahman Al-Thani. \u201cA\u00fan no hemos llegado, as\u00ed que lo que hemos hecho es solo una pausa\u201d.<\/p>\n<p>The-CNN-Wire<br \/>&trade; &amp; &copy; 2025 Cable News Network, Inc., a Warner Bros. Discovery Company. All rights reserved.<\/p>\n","protected":false},"excerpt":{"rendered":"<p>Hamas est\u00e1 dispuesto a discutir \u201ccongelar o almacenar\u201d sus armas, dijo el domingo un alto funcionario, en medio de preocupaciones de que el incipiente acuerdo de cese del fuego entre Israel y el grupo militante podr\u00eda colapsar. Hablando con Associated Press en Qatar el domingo, Bassem Naim afirm\u00f3 que Hamas est\u00e1 \u201cmuy abierto\u201d a debatir [&hellip;]<\/p>\n","protected":false},"author":0,"featured_media":0,"comment_status":"open","ping_status":"open","sticky":false,"template":"","format":"standard","meta":{"_jetpack_memberships_contains_paid_content":false,"footnotes":""},"categories":[10],"tags":[],"class_list":["post-1469056","post","type-post","status-publish","format-standard","hentry","category-noticias-nacionales","market-global"],"yoast_head":"<!-- This site is optimized with the Yoast SEO plugin v24.4 - https:\/\/yoast.com\/wordpress\/plugins\/seo\/ -->\n<title>Hamas est\u00e1 dispuesto a discutir &quot;congelar o almacenar&quot; armas, dice alto funcionario del grupo militante - Noticias<\/title>\n<meta name=\"robots\" content=\"index, follow, max-snippet:-1, max-image-preview:large, max-video-preview:-1\" \/>\n<link rel=\"canonical\" href=\"https:\/\/noticiasya.com\/2025\/12\/07\/hamas-almacenar-armas-gaza-trax\/\" \/>\n<meta property=\"og:locale\" content=\"es_ES\" \/>\n<meta property=\"og:type\" content=\"article\" \/>\n<meta property=\"og:title\" content=\"Hamas est\u00e1 dispuesto a discutir &quot;congelar o almacenar&quot; armas, dice alto funcionario del grupo militante - Noticias\" \/>\n<meta property=\"og:description\" content=\"Hamas est\u00e1 dispuesto a discutir \u201ccongelar o almacenar\u201d sus armas, dijo el domingo un alto funcionario, en medio de preocupaciones de que el incipiente acuerdo de cese del fuego entre Israel y el grupo militante podr\u00eda colapsar. Hablando con Associated Press en Qatar el domingo, Bassem Naim afirm\u00f3 que Hamas est\u00e1 \u201cmuy abierto\u201d a debatir [&hellip;]\" \/>\n<meta property=\"og:url\" content=\"https:\/\/noticiasya.com\/2025\/12\/07\/hamas-almacenar-armas-gaza-trax\/\" \/>\n<meta property=\"og:site_name\" content=\"Noticias\" \/>\n<meta property=\"article:published_time\" content=\"2025-12-07T23:03:42+00:00\" \/>\n<meta name=\"twitter:card\" content=\"summary_large_image\" \/>\n<meta name=\"twitter:label1\" content=\"Est. reading time\" \/>\n\t<meta name=\"twitter:data1\" content=\"2 minutos\" \/>\n<script type=\"application\/ld+json\" class=\"yoast-schema-graph\">{\"@context\":\"https:\/\/schema.org\",\"@graph\":[{\"@type\":\"Article\",\"@id\":\"https:\/\/noticiasya.com\/2025\/12\/07\/hamas-almacenar-armas-gaza-trax\/#article\",\"isPartOf\":{\"@id\":\"https:\/\/noticiasya.com\/2025\/12\/07\/hamas-almacenar-armas-gaza-trax\/\"},\"author\":{\"name\":\"\",\"@id\":\"\"},\"headline\":\"Hamas est\u00e1 dispuesto a discutir &#171;congelar o almacenar&#187; armas, dice alto funcionario del grupo militante\",\"datePublished\":\"2025-12-07T23:03:42+00:00\",\"mainEntityOfPage\":{\"@id\":\"https:\/\/noticiasya.com\/2025\/12\/07\/hamas-almacenar-armas-gaza-trax\/\"},\"wordCount\":429,\"commentCount\":0,\"publisher\":{\"@id\":\"https:\/\/noticiasya.com\/#organization\"},\"articleSection\":[\"Noticias Nacionales\"],\"inLanguage\":\"es\",\"potentialAction\":[{\"@type\":\"CommentAction\",\"name\":\"Comment\",\"target\":[\"https:\/\/noticiasya.com\/2025\/12\/07\/hamas-almacenar-armas-gaza-trax\/#respond\"]}]},{\"@type\":\"WebPage\",\"@id\":\"https:\/\/noticiasya.com\/2025\/12\/07\/hamas-almacenar-armas-gaza-trax\/\",\"url\":\"https:\/\/noticiasya.com\/2025\/12\/07\/hamas-almacenar-armas-gaza-trax\/\",\"name\":\"Hamas est\u00e1 dispuesto a discutir \\\"congelar o almacenar\\\" armas, dice alto funcionario del grupo militante - Noticias\",\"isPartOf\":{\"@id\":\"https:\/\/noticiasya.com\/#website\"},\"datePublished\":\"2025-12-07T23:03:42+00:00\",\"breadcrumb\":{\"@id\":\"https:\/\/noticiasya.com\/2025\/12\/07\/hamas-almacenar-armas-gaza-trax\/#breadcrumb\"},\"inLanguage\":\"es\",\"potentialAction\":[{\"@type\":\"ReadAction\",\"target\":[\"https:\/\/noticiasya.com\/2025\/12\/07\/hamas-almacenar-armas-gaza-trax\/\"]}]},{\"@type\":\"BreadcrumbList\",\"@id\":\"https:\/\/noticiasya.com\/2025\/12\/07\/hamas-almacenar-armas-gaza-trax\/#breadcrumb\",\"itemListElement\":[{\"@type\":\"ListItem\",\"position\":1,\"name\":\"Home\",\"item\":\"https:\/\/noticiasya.com\/\"},{\"@type\":\"ListItem\",\"position\":2,\"name\":\"Hamas est\u00e1 dispuesto a discutir &#171;congelar o almacenar&#187; armas, dice alto funcionario del grupo militante\"}]},{\"@type\":\"WebSite\",\"@id\":\"https:\/\/noticiasya.com\/#website\",\"url\":\"https:\/\/noticiasya.com\/\",\"name\":\"Noticias\",\"description\":\"Lo que importa\",\"publisher\":{\"@id\":\"https:\/\/noticiasya.com\/#organization\"},\"potentialAction\":[{\"@type\":\"SearchAction\",\"target\":{\"@type\":\"EntryPoint\",\"urlTemplate\":\"https:\/\/noticiasya.com\/?s={search_term_string}\"},\"query-input\":{\"@type\":\"PropertyValueSpecification\",\"valueRequired\":true,\"valueName\":\"search_term_string\"}}],\"inLanguage\":\"es\"},{\"@type\":\"Organization\",\"@id\":\"https:\/\/noticiasya.com\/#organization\",\"name\":\"Noticias\",\"url\":\"https:\/\/noticiasya.com\/\",\"logo\":{\"@type\":\"ImageObject\",\"inLanguage\":\"es\",\"@id\":\"https:\/\/noticiasya.com\/#\/schema\/logo\/image\/\",\"url\":\"https:\/\/noticiasya.com\/wp-content\/uploads\/sites\/22\/2023\/12\/logo-nacional.png\",\"contentUrl\":\"https:\/\/noticiasya.com\/wp-content\/uploads\/sites\/22\/2023\/12\/logo-nacional.png\",\"width\":1801,\"height\":691,\"caption\":\"Noticias\"},\"image\":{\"@id\":\"https:\/\/noticiasya.com\/#\/schema\/logo\/image\/\"}}]}<\/script>\n<!-- \/ Yoast SEO plugin. -->","yoast_head_json":{"title":"Hamas est\u00e1 dispuesto a discutir \"congelar o almacenar\" armas, dice alto funcionario del grupo militante - Noticias","robots":{"index":"index","follow":"follow","max-snippet":"max-snippet:-1","max-image-preview":"max-image-preview:large","max-video-preview":"max-video-preview:-1"},"canonical":"https:\/\/noticiasya.com\/2025\/12\/07\/hamas-almacenar-armas-gaza-trax\/","og_locale":"es_ES","og_type":"article","og_title":"Hamas est\u00e1 dispuesto a discutir \"congelar o almacenar\" armas, dice alto funcionario del grupo militante - Noticias","og_description":"Hamas est\u00e1 dispuesto a discutir \u201ccongelar o almacenar\u201d sus armas, dijo el domingo un alto funcionario, en medio de preocupaciones de que el incipiente acuerdo de cese del fuego entre Israel y el grupo militante podr\u00eda colapsar. Hablando con Associated Press en Qatar el domingo, Bassem Naim afirm\u00f3 que Hamas est\u00e1 \u201cmuy abierto\u201d a debatir [&hellip;]","og_url":"https:\/\/noticiasya.com\/2025\/12\/07\/hamas-almacenar-armas-gaza-trax\/","og_site_name":"Noticias","article_published_time":"2025-12-07T23:03:42+00:00","twitter_card":"summary_large_image","twitter_misc":{"Est. reading time":"2 minutos"},"schema":{"@context":"https:\/\/schema.org","@graph":[{"@type":"Article","@id":"https:\/\/noticiasya.com\/2025\/12\/07\/hamas-almacenar-armas-gaza-trax\/#article","isPartOf":{"@id":"https:\/\/noticiasya.com\/2025\/12\/07\/hamas-almacenar-armas-gaza-trax\/"},"author":{"name":"","@id":""},"headline":"Hamas est\u00e1 dispuesto a discutir &#171;congelar o almacenar&#187; armas, dice alto funcionario del grupo militante","datePublished":"2025-12-07T23:03:42+00:00","mainEntityOfPage":{"@id":"https:\/\/noticiasya.com\/2025\/12\/07\/hamas-almacenar-armas-gaza-trax\/"},"wordCount":429,"commentCount":0,"publisher":{"@id":"https:\/\/noticiasya.com\/#organization"},"articleSection":["Noticias Nacionales"],"inLanguage":"es","potentialAction":[{"@type":"CommentAction","name":"Comment","target":["https:\/\/noticiasya.com\/2025\/12\/07\/hamas-almacenar-armas-gaza-trax\/#respond"]}]},{"@type":"WebPage","@id":"https:\/\/noticiasya.com\/2025\/12\/07\/hamas-almacenar-armas-gaza-trax\/","url":"https:\/\/noticiasya.com\/2025\/12\/07\/hamas-almacenar-armas-gaza-trax\/","name":"Hamas est\u00e1 dispuesto a discutir \"congelar o almacenar\" armas, dice alto funcionario del grupo militante - Noticias","isPartOf":{"@id":"https:\/\/noticiasya.com\/#website"},"datePublished":"2025-12-07T23:03:42+00:00","breadcrumb":{"@id":"https:\/\/noticiasya.com\/2025\/12\/07\/hamas-almacenar-armas-gaza-trax\/#breadcrumb"},"inLanguage":"es","potentialAction":[{"@type":"ReadAction","target":["https:\/\/noticiasya.com\/2025\/12\/07\/hamas-almacenar-armas-gaza-trax\/"]}]},{"@type":"BreadcrumbList","@id":"https:\/\/noticiasya.com\/2025\/12\/07\/hamas-almacenar-armas-gaza-trax\/#breadcrumb","itemListElement":[{"@type":"ListItem","position":1,"name":"Home","item":"https:\/\/noticiasya.com\/"},{"@type":"ListItem","position":2,"name":"Hamas est\u00e1 dispuesto a discutir &#171;congelar o almacenar&#187; armas, dice alto funcionario del grupo militante"}]},{"@type":"WebSite","@id":"https:\/\/noticiasya.com\/#website","url":"https:\/\/noticiasya.com\/","name":"Noticias","description":"Lo que importa","publisher":{"@id":"https:\/\/noticiasya.com\/#organization"},"potentialAction":[{"@type":"SearchAction","target":{"@type":"EntryPoint","urlTemplate":"https:\/\/noticiasya.com\/?s={search_term_string}"},"query-input":{"@type":"PropertyValueSpecification","valueRequired":true,"valueName":"search_term_string"}}],"inLanguage":"es"},{"@type":"Organization","@id":"https:\/\/noticiasya.com\/#organization","name":"Noticias","url":"https:\/\/noticiasya.com\/","logo":{"@type":"ImageObject","inLanguage":"es","@id":"https:\/\/noticiasya.com\/#\/schema\/logo\/image\/","url":"https:\/\/noticiasya.com\/wp-content\/uploads\/sites\/22\/2023\/12\/logo-nacional.png","contentUrl":"https:\/\/noticiasya.com\/wp-content\/uploads\/sites\/22\/2023\/12\/logo-nacional.png","width":1801,"height":691,"caption":"Noticias"},"image":{"@id":"https:\/\/noticiasya.com\/#\/schema\/logo\/image\/"}}]}},"parsely":{"version":"1.1.0","canonical_url":"https:\/\/noticiasya.com\/midland-odessa\/2025\/12\/07\/hamas-almacenar-armas-gaza-trax\/","smart_links":{"inbound":0,"outbound":0},"traffic_boost_suggestions_count":0,"meta":{"@context":"https:\/\/schema.org","@type":"NewsArticle","headline":"Hamas est\u00e1 dispuesto a discutir &#171;congelar o almacenar&#187; armas, dice alto funcionario del grupo militante","url":"http:\/\/noticiasya.com\/midland-odessa\/2025\/12\/07\/hamas-almacenar-armas-gaza-trax\/","mainEntityOfPage":{"@type":"WebPage","@id":"http:\/\/noticiasya.com\/midland-odessa\/2025\/12\/07\/hamas-almacenar-armas-gaza-trax\/"},"thumbnailUrl":"","image":{"@type":"ImageObject","url":""},"articleSection":"Noticias Nacionales","author":[],"creator":[],"publisher":{"@type":"Organization","name":"Noticias","logo":""},"keywords":[],"dateCreated":"2025-12-07T23:03:42Z","datePublished":"2025-12-07T23:03:42Z","dateModified":"2025-12-07T23:03:42Z"},"rendered":"<script type=\"application\/ld+json\" class=\"wp-parsely-metadata\">{\"@context\":\"https:\\\/\\\/schema.org\",\"@type\":\"NewsArticle\",\"headline\":\"Hamas est\\u00e1 dispuesto a discutir &#171;congelar o almacenar&#187; armas, dice alto funcionario del grupo militante\",\"url\":\"http:\\\/\\\/noticiasya.com\\\/midland-odessa\\\/2025\\\/12\\\/07\\\/hamas-almacenar-armas-gaza-trax\\\/\",\"mainEntityOfPage\":{\"@type\":\"WebPage\",\"@id\":\"http:\\\/\\\/noticiasya.com\\\/midland-odessa\\\/2025\\\/12\\\/07\\\/hamas-almacenar-armas-gaza-trax\\\/\"},\"thumbnailUrl\":\"\",\"image\":{\"@type\":\"ImageObject\",\"url\":\"\"},\"articleSection\":\"Noticias Nacionales\",\"author\":[],\"creator\":[],\"publisher\":{\"@type\":\"Organization\",\"name\":\"Noticias\",\"logo\":\"\"},\"keywords\":[],\"dateCreated\":\"2025-12-07T23:03:42Z\",\"datePublished\":\"2025-12-07T23:03:42Z\",\"dateModified\":\"2025-12-07T23:03:42Z\"}<\/script>","tracker_url":"https:\/\/cdn.parsely.com\/keys\/noticiasya.com\/p.js"},"jetpack_featured_media_url":"","jetpack-related-posts":[{"id":1469203,"url":"https:\/\/noticiasya.com\/midland-odessa\/2025\/12\/12\/trump-acuerdo-alto-fuego-gaza-trax\/","url_meta":{"origin":1469056,"position":0},"title":"Trump est\u00e1 decidido a avanzar en el acuerdo de alto el fuego en Gaza mientras las fuerzas israel\u00edes se atrincheran","author":"","date":"diciembre 12, 2025","format":false,"excerpt":"El plan de alto el fuego en Gaza del presidente Donald Trump entrar\u00e1 en una nueva fase en unas semanas, pero partes cruciales del acuerdo siguen sin definirse mientras Israel refuerza su control militar sobre el golpeado enclave.Con el regreso de todos los rehenes fallecidos, menos uno, que estaban en\u2026","rel":"","context":"In &quot;Noticias Nacionales&quot;","block_context":{"text":"Noticias Nacionales","link":"https:\/\/noticiasya.com\/midland-odessa\/categoria\/noticias-nacionales"},"img":{"alt_text":"","src":"","width":0,"height":0},"classes":[]},{"id":1464275,"url":"https:\/\/noticiasya.com\/midland-odessa\/2025\/07\/07\/alto-fuego-israel-hamas-doha-trax\/","url_meta":{"origin":1469056,"position":1},"title":"Las conversaciones para un alto el fuego entre Israel y Hamas se reanudaron el domingo en Doha, seg\u00fan una fuente","author":"","date":"julio 7, 2025","format":false,"excerpt":"Las negociaciones indirectas para un alto el fuego y la liberaci\u00f3n de rehenes entre Hamas e Israel se reanudaron el domingo en la capital qatar\u00ed, seg\u00fan inform\u00f3 a CNN un diplom\u00e1tico con conocimiento de las conversaciones.Las conversaciones buscan llegar a un acuerdo sobre los \u00faltimos puntos de fricci\u00f3n en las\u2026","rel":"","context":"In &quot;Noticias Nacionales&quot;","block_context":{"text":"Noticias Nacionales","link":"https:\/\/noticiasya.com\/midland-odessa\/categoria\/noticias-nacionales"},"img":{"alt_text":"","src":"","width":0,"height":0},"classes":[]},{"id":1461210,"url":"https:\/\/noticiasya.com\/midland-odessa\/2025\/04\/15\/israel-propuesta-alto-fuego-gaza-hamas-rehenes-trax\/","url_meta":{"origin":1469056,"position":2},"title":"Israel propone acuerdo de alto el fuego en Gaza para liberar a 10 rehenes a cambio de cientos de palestinos, dice Hamas","author":"","date":"abril 15, 2025","format":false,"excerpt":"Hamas est\u00e1 \u201cestudiando\u201d una propuesta israel\u00ed para un alto el fuego en Gaza que supondr\u00eda la liberaci\u00f3n de 10 rehenes a cambio de cientos de prisioneros y detenidos palestinos, seg\u00fan declar\u00f3 CNN un responsable del grupo militante.La propuesta, que Hamas recibi\u00f3 el lunes, esboza un marco inicial para una tregua\u2026","rel":"","context":"In &quot;Noticias Nacionales&quot;","block_context":{"text":"Noticias Nacionales","link":"https:\/\/noticiasya.com\/midland-odessa\/categoria\/noticias-nacionales"},"img":{"alt_text":"","src":"","width":0,"height":0},"classes":[]},{"id":1457878,"url":"https:\/\/noticiasya.com\/midland-odessa\/2025\/01\/25\/analisis-hamas-israel-fragil-acuerdo-trax\/","url_meta":{"origin":1469056,"position":3},"title":"AN\u00c1LISIS | Hamas e Israel se acusan mutuamente de violar el alto al fuego y el acuerdo de rehenes. \u00bfSe mantendr\u00e1?","author":"","date":"enero 25, 2025","format":false,"excerpt":"La fragilidad de la tregua entre Israel y Hamas qued\u00f3 al descubierto este s\u00e1bado, despu\u00e9s de que Israel acusara a Hamas de retener a una reh\u00e9n, lo que provoc\u00f3 la interrupci\u00f3n de los desplazamientos de civiles gazat\u00edes de regreso a sus hogares en el norte.El acuerdo de alto el fuego\u2026","rel":"","context":"In &quot;Noticias Nacionales&quot;","block_context":{"text":"Noticias Nacionales","link":"https:\/\/noticiasya.com\/midland-odessa\/categoria\/noticias-nacionales"},"img":{"alt_text":"","src":"","width":0,"height":0},"classes":[]},{"id":1450144,"url":"https:\/\/noticiasya.com\/midland-odessa\/2024\/06\/07\/blinken-medio-oriente-presion-propuesta-alto-fuego-rehenes-trax\/","url_meta":{"origin":1469056,"position":4},"title":"Blinken viajar\u00e1 a Medio Oriente mientras Estados Unidos aumenta la presi\u00f3n sobre la propuesta de alto el fuego y entrega de rehenes","author":"","date":"junio 7, 2024","format":false,"excerpt":"(CNN) -- El secretario de Estado de EE.UU., Antony Blinken, viajar\u00e1 a Medio Oriente la pr\u00f3xima semana para aumentar la presi\u00f3n sobre un acuerdo de alto el fuego y liberaci\u00f3n de rehenes que, seg\u00fan el Gobierno, podr\u00eda poner fin a la guerra en Gaza.Blinken viajar\u00e1 a Egipto, Israel, Jordania y\u2026","rel":"","context":"In &quot;Noticias Nacionales&quot;","block_context":{"text":"Noticias Nacionales","link":"https:\/\/noticiasya.com\/midland-odessa\/categoria\/noticias-nacionales"},"img":{"alt_text":"","src":"","width":0,"height":0},"classes":[]},{"id":1464147,"url":"https:\/\/noticiasya.com\/midland-odessa\/2025\/07\/02\/israel-acepta-propuesta-alto-fuego-gaza-trax\/","url_meta":{"origin":1469056,"position":5},"title":"Israel acepta la propuesta m\u00e1s reciente de alto el fuego en Gaza, confirma funcionario israel\u00ed","author":"","date":"julio 2, 2025","format":false,"excerpt":"Israel acept\u00f3 la \u00faltima propuesta de alto el fuego y liberaci\u00f3n de rehenes en Gaza, seg\u00fan un funcionario israel\u00ed. A\u00f1adi\u00f3 que la propuesta actualizada ofrece garant\u00edas m\u00e1s s\u00f3lidas a Estados Unidos sobre la posibilidad de alcanzar un acuerdo para poner fin a la guerra en el territorio como parte del\u2026","rel":"","context":"In &quot;Noticias Nacionales&quot;","block_context":{"text":"Noticias Nacionales","link":"https:\/\/noticiasya.com\/midland-odessa\/categoria\/noticias-nacionales"},"img":{"alt_text":"","src":"","width":0,"height":0},"classes":[]}],"jetpack_sharing_enabled":true,"_links":{"self":[{"href":"https:\/\/noticiasya.com\/midland-odessa\/wp-json\/wp\/v2\/posts\/1469056","targetHints":{"allow":["GET"]}}],"collection":[{"href":"https:\/\/noticiasya.com\/midland-odessa\/wp-json\/wp\/v2\/posts"}],"about":[{"href":"https:\/\/noticiasya.com\/midland-odessa\/wp-json\/wp\/v2\/types\/post"}],"replies":[{"embeddable":true,"href":"https:\/\/noticiasya.com\/midland-odessa\/wp-json\/wp\/v2\/comments?post=1469056"}],"version-history":[{"count":0,"href":"https:\/\/noticiasya.com\/midland-odessa\/wp-json\/wp\/v2\/posts\/1469056\/revisions"}],"wp:attachment":[{"href":"https:\/\/noticiasya.com\/midland-odessa\/wp-json\/wp\/v2\/media?parent=1469056"}],"wp:term":[{"taxonomy":"category","embeddable":true,"href":"https:\/\/noticiasya.com\/midland-odessa\/wp-json\/wp\/v2\/categories?post=1469056"},{"taxonomy":"post_tag","embeddable":true,"href":"https:\/\/noticiasya.com\/midland-odessa\/wp-json\/wp\/v2\/tags?post=1469056"}],"curies":[{"name":"wp","href":"https:\/\/api.w.org\/{rel}","templated":true}]}}