{"id":1469057,"date":"2025-12-07T16:03:41","date_gmt":"2025-12-08T00:03:41","guid":{"rendered":"https:\/\/noticiasya.com\/2025\/12\/07\/muerte-martin-parr-fotografo-britanico-trax\/"},"modified":"2025-12-07T16:03:41","modified_gmt":"2025-12-08T00:03:41","slug":"muerte-martin-parr-fotografo-britanico-trax","status":"publish","type":"post","link":"https:\/\/noticiasya.com\/midland-odessa\/2025\/12\/07\/muerte-martin-parr-fotografo-britanico-trax\/","title":{"rendered":"Muere Martin Parr, fot\u00f3grafo documental brit\u00e1nico, a los 73 a\u00f1os"},"content":{"rendered":"<p>Martin Parr, uno de los fot\u00f3grafos m\u00e1s aclamados del Reino Unido, muri\u00f3 el s\u00e1bado a los 73 a\u00f1os, inform\u00f3 este domingo su fundaci\u00f3n.<\/p>\n<p>Fot\u00f3grafo y coleccionista prol\u00edfico, Parr document\u00f3 obsesivamente su entorno durante m\u00e1s de 50 a\u00f1os.<\/p>\n<p>Durante esos a\u00f1os, sus vibrantes fotograf\u00edas de personas en playas, ferias locales y piscinas p\u00fablicas llamaron la atenci\u00f3n de un p\u00fablico internacional y celebraron las peculiaridades y detalles de la vida cotidiana en el Reino Unido.<\/p>\n<p>El fot\u00f3grafo documental muri\u00f3 en su casa en Bristol, en el suroeste de Inglaterra, seg\u00fan un comunicado publicado en el sitio web de la Fundaci\u00f3n Martin Parr.<\/p>\n<p>\u201cLe sobreviven su esposa Susie, su hija Ellen, su hermana Vivien y su nieto George. La familia pide privacidad en este momento\u201d, agreg\u00f3 el comunicado.<\/p>\n<p>\u201cLa Fundaci\u00f3n Martin Parr y Magnum Photos trabajar\u00e1n juntas para preservar y difundir su legado. M\u00e1s adelante se dar\u00e1 a conocer m\u00e1s informaci\u00f3n. Martin ser\u00e1 profundamente extra\u00f1ado\u201d, se\u00f1al\u00f3 la fundaci\u00f3n.<\/p>\n<p>Fue miembro de la reconocida agencia Magnum Photos, una cooperativa internacional de fotoperiodistas, y era considerado uno de los fot\u00f3grafos m\u00e1s conocidos de su generaci\u00f3n.<\/p>\n<p>Su legado fotogr\u00e1fico est\u00e1 plasmado en m\u00e1s de 100 libros publicados, <a href=\"https:\/\/www.magnumphotos.com\/photographer\/martin-parr\/\">seg\u00fan Magnum.<\/a><\/p>\n<p>La obra de Parr forma parte de las colecciones de algunos de los museos m\u00e1s importantes del mundo, incluidos el Museo de Arte Moderno de Nueva York, la Tate de Londres y el Centro Pompidou de Par\u00eds, de acuerdo con la agencia.<\/p>\n<p>Parr tambi\u00e9n fue curador de dos festivales de fotograf\u00eda: Arles en 2004 y la Bienal de Fotograf\u00eda de Brighton en 2010. Adem\u00e1s, fue curador de una exposici\u00f3n en el Barbican Centre de Londres en 2016.<\/p>\n<p>En 2021 recibi\u00f3 la distinci\u00f3n CBE (Comendador de la Orden del Imperio Brit\u00e1nico) de la reina Isabel II por sus servicios a la fotograf\u00eda.<\/p>\n<p>The-CNN-Wire<br \/>&trade; &amp; &copy; 2025 Cable News Network, Inc., a Warner Bros. Discovery Company. All rights reserved.<\/p>\n","protected":false},"excerpt":{"rendered":"<p>Martin Parr, uno de los fot\u00f3grafos m\u00e1s aclamados del Reino Unido, muri\u00f3 el s\u00e1bado a los 73 a\u00f1os, inform\u00f3 este domingo su fundaci\u00f3n. Fot\u00f3grafo y coleccionista prol\u00edfico, Parr document\u00f3 obsesivamente su entorno durante m\u00e1s de 50 a\u00f1os. Durante esos a\u00f1os, sus vibrantes fotograf\u00edas de personas en playas, ferias locales y piscinas p\u00fablicas llamaron la atenci\u00f3n [&hellip;]<\/p>\n","protected":false},"author":0,"featured_media":0,"comment_status":"open","ping_status":"open","sticky":false,"template":"","format":"standard","meta":{"_jetpack_memberships_contains_paid_content":false,"footnotes":""},"categories":[10],"tags":[],"class_list":["post-1469057","post","type-post","status-publish","format-standard","hentry","category-noticias-nacionales","market-global"],"yoast_head":"<!-- This site is optimized with the Yoast SEO plugin v24.4 - https:\/\/yoast.com\/wordpress\/plugins\/seo\/ -->\n<title>Muere Martin Parr, fot\u00f3grafo documental brit\u00e1nico, a los 73 a\u00f1os - Noticias<\/title>\n<meta name=\"robots\" content=\"index, follow, max-snippet:-1, max-image-preview:large, max-video-preview:-1\" \/>\n<link rel=\"canonical\" href=\"https:\/\/noticiasya.com\/2025\/12\/07\/muerte-martin-parr-fotografo-britanico-trax\/\" \/>\n<meta property=\"og:locale\" content=\"es_ES\" \/>\n<meta property=\"og:type\" content=\"article\" \/>\n<meta property=\"og:title\" content=\"Muere Martin Parr, fot\u00f3grafo documental brit\u00e1nico, a los 73 a\u00f1os - Noticias\" \/>\n<meta property=\"og:description\" content=\"Martin Parr, uno de los fot\u00f3grafos m\u00e1s aclamados del Reino Unido, muri\u00f3 el s\u00e1bado a los 73 a\u00f1os, inform\u00f3 este domingo su fundaci\u00f3n. Fot\u00f3grafo y coleccionista prol\u00edfico, Parr document\u00f3 obsesivamente su entorno durante m\u00e1s de 50 a\u00f1os. Durante esos a\u00f1os, sus vibrantes fotograf\u00edas de personas en playas, ferias locales y piscinas p\u00fablicas llamaron la atenci\u00f3n [&hellip;]\" \/>\n<meta property=\"og:url\" content=\"https:\/\/noticiasya.com\/2025\/12\/07\/muerte-martin-parr-fotografo-britanico-trax\/\" \/>\n<meta property=\"og:site_name\" content=\"Noticias\" \/>\n<meta property=\"article:published_time\" content=\"2025-12-08T00:03:41+00:00\" \/>\n<meta name=\"twitter:card\" content=\"summary_large_image\" \/>\n<meta name=\"twitter:label1\" content=\"Est. reading time\" \/>\n\t<meta name=\"twitter:data1\" content=\"2 minutos\" \/>\n<script type=\"application\/ld+json\" class=\"yoast-schema-graph\">{\"@context\":\"https:\/\/schema.org\",\"@graph\":[{\"@type\":\"Article\",\"@id\":\"https:\/\/noticiasya.com\/2025\/12\/07\/muerte-martin-parr-fotografo-britanico-trax\/#article\",\"isPartOf\":{\"@id\":\"https:\/\/noticiasya.com\/2025\/12\/07\/muerte-martin-parr-fotografo-britanico-trax\/\"},\"author\":{\"name\":\"\",\"@id\":\"\"},\"headline\":\"Muere Martin Parr, fot\u00f3grafo documental brit\u00e1nico, a los 73 a\u00f1os\",\"datePublished\":\"2025-12-08T00:03:41+00:00\",\"mainEntityOfPage\":{\"@id\":\"https:\/\/noticiasya.com\/2025\/12\/07\/muerte-martin-parr-fotografo-britanico-trax\/\"},\"wordCount\":356,\"commentCount\":0,\"publisher\":{\"@id\":\"https:\/\/noticiasya.com\/#organization\"},\"articleSection\":[\"Noticias Nacionales\"],\"inLanguage\":\"es\",\"potentialAction\":[{\"@type\":\"CommentAction\",\"name\":\"Comment\",\"target\":[\"https:\/\/noticiasya.com\/2025\/12\/07\/muerte-martin-parr-fotografo-britanico-trax\/#respond\"]}]},{\"@type\":\"WebPage\",\"@id\":\"https:\/\/noticiasya.com\/2025\/12\/07\/muerte-martin-parr-fotografo-britanico-trax\/\",\"url\":\"https:\/\/noticiasya.com\/2025\/12\/07\/muerte-martin-parr-fotografo-britanico-trax\/\",\"name\":\"Muere Martin Parr, fot\u00f3grafo documental brit\u00e1nico, a los 73 a\u00f1os - Noticias\",\"isPartOf\":{\"@id\":\"https:\/\/noticiasya.com\/#website\"},\"datePublished\":\"2025-12-08T00:03:41+00:00\",\"breadcrumb\":{\"@id\":\"https:\/\/noticiasya.com\/2025\/12\/07\/muerte-martin-parr-fotografo-britanico-trax\/#breadcrumb\"},\"inLanguage\":\"es\",\"potentialAction\":[{\"@type\":\"ReadAction\",\"target\":[\"https:\/\/noticiasya.com\/2025\/12\/07\/muerte-martin-parr-fotografo-britanico-trax\/\"]}]},{\"@type\":\"BreadcrumbList\",\"@id\":\"https:\/\/noticiasya.com\/2025\/12\/07\/muerte-martin-parr-fotografo-britanico-trax\/#breadcrumb\",\"itemListElement\":[{\"@type\":\"ListItem\",\"position\":1,\"name\":\"Home\",\"item\":\"https:\/\/noticiasya.com\/\"},{\"@type\":\"ListItem\",\"position\":2,\"name\":\"Muere Martin Parr, fot\u00f3grafo documental brit\u00e1nico, a los 73 a\u00f1os\"}]},{\"@type\":\"WebSite\",\"@id\":\"https:\/\/noticiasya.com\/#website\",\"url\":\"https:\/\/noticiasya.com\/\",\"name\":\"Noticias\",\"description\":\"Lo que importa\",\"publisher\":{\"@id\":\"https:\/\/noticiasya.com\/#organization\"},\"potentialAction\":[{\"@type\":\"SearchAction\",\"target\":{\"@type\":\"EntryPoint\",\"urlTemplate\":\"https:\/\/noticiasya.com\/?s={search_term_string}\"},\"query-input\":{\"@type\":\"PropertyValueSpecification\",\"valueRequired\":true,\"valueName\":\"search_term_string\"}}],\"inLanguage\":\"es\"},{\"@type\":\"Organization\",\"@id\":\"https:\/\/noticiasya.com\/#organization\",\"name\":\"Noticias\",\"url\":\"https:\/\/noticiasya.com\/\",\"logo\":{\"@type\":\"ImageObject\",\"inLanguage\":\"es\",\"@id\":\"https:\/\/noticiasya.com\/#\/schema\/logo\/image\/\",\"url\":\"https:\/\/noticiasya.com\/wp-content\/uploads\/sites\/22\/2023\/12\/logo-nacional.png\",\"contentUrl\":\"https:\/\/noticiasya.com\/wp-content\/uploads\/sites\/22\/2023\/12\/logo-nacional.png\",\"width\":1801,\"height\":691,\"caption\":\"Noticias\"},\"image\":{\"@id\":\"https:\/\/noticiasya.com\/#\/schema\/logo\/image\/\"}}]}<\/script>\n<!-- \/ Yoast SEO plugin. -->","yoast_head_json":{"title":"Muere Martin Parr, fot\u00f3grafo documental brit\u00e1nico, a los 73 a\u00f1os - Noticias","robots":{"index":"index","follow":"follow","max-snippet":"max-snippet:-1","max-image-preview":"max-image-preview:large","max-video-preview":"max-video-preview:-1"},"canonical":"https:\/\/noticiasya.com\/2025\/12\/07\/muerte-martin-parr-fotografo-britanico-trax\/","og_locale":"es_ES","og_type":"article","og_title":"Muere Martin Parr, fot\u00f3grafo documental brit\u00e1nico, a los 73 a\u00f1os - Noticias","og_description":"Martin Parr, uno de los fot\u00f3grafos m\u00e1s aclamados del Reino Unido, muri\u00f3 el s\u00e1bado a los 73 a\u00f1os, inform\u00f3 este domingo su fundaci\u00f3n. Fot\u00f3grafo y coleccionista prol\u00edfico, Parr document\u00f3 obsesivamente su entorno durante m\u00e1s de 50 a\u00f1os. Durante esos a\u00f1os, sus vibrantes fotograf\u00edas de personas en playas, ferias locales y piscinas p\u00fablicas llamaron la atenci\u00f3n [&hellip;]","og_url":"https:\/\/noticiasya.com\/2025\/12\/07\/muerte-martin-parr-fotografo-britanico-trax\/","og_site_name":"Noticias","article_published_time":"2025-12-08T00:03:41+00:00","twitter_card":"summary_large_image","twitter_misc":{"Est. reading time":"2 minutos"},"schema":{"@context":"https:\/\/schema.org","@graph":[{"@type":"Article","@id":"https:\/\/noticiasya.com\/2025\/12\/07\/muerte-martin-parr-fotografo-britanico-trax\/#article","isPartOf":{"@id":"https:\/\/noticiasya.com\/2025\/12\/07\/muerte-martin-parr-fotografo-britanico-trax\/"},"author":{"name":"","@id":""},"headline":"Muere Martin Parr, fot\u00f3grafo documental brit\u00e1nico, a los 73 a\u00f1os","datePublished":"2025-12-08T00:03:41+00:00","mainEntityOfPage":{"@id":"https:\/\/noticiasya.com\/2025\/12\/07\/muerte-martin-parr-fotografo-britanico-trax\/"},"wordCount":356,"commentCount":0,"publisher":{"@id":"https:\/\/noticiasya.com\/#organization"},"articleSection":["Noticias Nacionales"],"inLanguage":"es","potentialAction":[{"@type":"CommentAction","name":"Comment","target":["https:\/\/noticiasya.com\/2025\/12\/07\/muerte-martin-parr-fotografo-britanico-trax\/#respond"]}]},{"@type":"WebPage","@id":"https:\/\/noticiasya.com\/2025\/12\/07\/muerte-martin-parr-fotografo-britanico-trax\/","url":"https:\/\/noticiasya.com\/2025\/12\/07\/muerte-martin-parr-fotografo-britanico-trax\/","name":"Muere Martin Parr, fot\u00f3grafo documental brit\u00e1nico, a los 73 a\u00f1os - Noticias","isPartOf":{"@id":"https:\/\/noticiasya.com\/#website"},"datePublished":"2025-12-08T00:03:41+00:00","breadcrumb":{"@id":"https:\/\/noticiasya.com\/2025\/12\/07\/muerte-martin-parr-fotografo-britanico-trax\/#breadcrumb"},"inLanguage":"es","potentialAction":[{"@type":"ReadAction","target":["https:\/\/noticiasya.com\/2025\/12\/07\/muerte-martin-parr-fotografo-britanico-trax\/"]}]},{"@type":"BreadcrumbList","@id":"https:\/\/noticiasya.com\/2025\/12\/07\/muerte-martin-parr-fotografo-britanico-trax\/#breadcrumb","itemListElement":[{"@type":"ListItem","position":1,"name":"Home","item":"https:\/\/noticiasya.com\/"},{"@type":"ListItem","position":2,"name":"Muere Martin Parr, fot\u00f3grafo documental brit\u00e1nico, a los 73 a\u00f1os"}]},{"@type":"WebSite","@id":"https:\/\/noticiasya.com\/#website","url":"https:\/\/noticiasya.com\/","name":"Noticias","description":"Lo que importa","publisher":{"@id":"https:\/\/noticiasya.com\/#organization"},"potentialAction":[{"@type":"SearchAction","target":{"@type":"EntryPoint","urlTemplate":"https:\/\/noticiasya.com\/?s={search_term_string}"},"query-input":{"@type":"PropertyValueSpecification","valueRequired":true,"valueName":"search_term_string"}}],"inLanguage":"es"},{"@type":"Organization","@id":"https:\/\/noticiasya.com\/#organization","name":"Noticias","url":"https:\/\/noticiasya.com\/","logo":{"@type":"ImageObject","inLanguage":"es","@id":"https:\/\/noticiasya.com\/#\/schema\/logo\/image\/","url":"https:\/\/noticiasya.com\/wp-content\/uploads\/sites\/22\/2023\/12\/logo-nacional.png","contentUrl":"https:\/\/noticiasya.com\/wp-content\/uploads\/sites\/22\/2023\/12\/logo-nacional.png","width":1801,"height":691,"caption":"Noticias"},"image":{"@id":"https:\/\/noticiasya.com\/#\/schema\/logo\/image\/"}}]}},"parsely":{"version":"1.1.0","canonical_url":"https:\/\/noticiasya.com\/midland-odessa\/2025\/12\/07\/muerte-martin-parr-fotografo-britanico-trax\/","smart_links":{"inbound":0,"outbound":0},"traffic_boost_suggestions_count":0,"meta":{"@context":"https:\/\/schema.org","@type":"NewsArticle","headline":"Muere Martin Parr, fot\u00f3grafo documental brit\u00e1nico, a los 73 a\u00f1os","url":"http:\/\/noticiasya.com\/midland-odessa\/2025\/12\/07\/muerte-martin-parr-fotografo-britanico-trax\/","mainEntityOfPage":{"@type":"WebPage","@id":"http:\/\/noticiasya.com\/midland-odessa\/2025\/12\/07\/muerte-martin-parr-fotografo-britanico-trax\/"},"thumbnailUrl":"","image":{"@type":"ImageObject","url":""},"articleSection":"Noticias Nacionales","author":[],"creator":[],"publisher":{"@type":"Organization","name":"Noticias","logo":""},"keywords":[],"dateCreated":"2025-12-08T00:03:41Z","datePublished":"2025-12-08T00:03:41Z","dateModified":"2025-12-08T00:03:41Z"},"rendered":"<script type=\"application\/ld+json\" class=\"wp-parsely-metadata\">{\"@context\":\"https:\\\/\\\/schema.org\",\"@type\":\"NewsArticle\",\"headline\":\"Muere Martin Parr, fot\\u00f3grafo documental brit\\u00e1nico, a los 73 a\\u00f1os\",\"url\":\"http:\\\/\\\/noticiasya.com\\\/midland-odessa\\\/2025\\\/12\\\/07\\\/muerte-martin-parr-fotografo-britanico-trax\\\/\",\"mainEntityOfPage\":{\"@type\":\"WebPage\",\"@id\":\"http:\\\/\\\/noticiasya.com\\\/midland-odessa\\\/2025\\\/12\\\/07\\\/muerte-martin-parr-fotografo-britanico-trax\\\/\"},\"thumbnailUrl\":\"\",\"image\":{\"@type\":\"ImageObject\",\"url\":\"\"},\"articleSection\":\"Noticias Nacionales\",\"author\":[],\"creator\":[],\"publisher\":{\"@type\":\"Organization\",\"name\":\"Noticias\",\"logo\":\"\"},\"keywords\":[],\"dateCreated\":\"2025-12-08T00:03:41Z\",\"datePublished\":\"2025-12-08T00:03:41Z\",\"dateModified\":\"2025-12-08T00:03:41Z\"}<\/script>","tracker_url":"https:\/\/cdn.parsely.com\/keys\/noticiasya.com\/p.js"},"jetpack_featured_media_url":"","jetpack-related-posts":[{"id":1449743,"url":"https:\/\/noticiasya.com\/midland-odessa\/2024\/05\/24\/muere-cineasta-documental-mcdonalds-super-size-me-morgan-spurlock-trax\/","url_meta":{"origin":1469057,"position":0},"title":"Muere a los 53 a\u00f1os el cineasta detr\u00e1s del documental de McDonald&#8217;s &#171;Super Size Me&#187;","author":"","date":"mayo 24, 2024","format":false,"excerpt":"(CNN) -- Morgan Spurlock, el cineasta y expresentador de CNN cuyo documental de McDonald's \"Super Size Me\" fue nominado a un Premio de la Academia, muri\u00f3 el jueves por complicaciones de c\u00e1ncer, inform\u00f3 su familia.Spurlock, que ten\u00eda 53 a\u00f1os, muri\u00f3 en Nueva York, rodeado de familiares y amigos, dijo su\u2026","rel":"","context":"In &quot;Noticias Nacionales&quot;","block_context":{"text":"Noticias Nacionales","link":"https:\/\/noticiasya.com\/midland-odessa\/categoria\/noticias-nacionales"},"img":{"alt_text":"","src":"","width":0,"height":0},"classes":[]},{"id":1473373,"url":"https:\/\/noticiasya.com\/midland-odessa\/2026\/04\/21\/pelicula-martin-scorsese-papa-francisco-orix\/","url_meta":{"origin":1469057,"position":1},"title":"Exhiben en el Vaticano la nueva pel\u00edcula de Martin Scorsese dedicada al papa Francisco","author":"","date":"abril 21, 2026","format":false,"excerpt":"El director estadounidense Martin Scorsese present\u00f3 este martes \u2014en una funci\u00f3n privada en el Vaticano\u2014 su nueva pel\u00edcula, \u201cAldeas: The Final Dream of Pope Francis\u201d, como parte de los eventos conmemorativos por el primer aniversario de la muerte del papa Francisco.La pel\u00edcula es un documental dirigido por Scorsese junto con\u2026","rel":"","context":"In &quot;Noticias Nacionales&quot;","block_context":{"text":"Noticias Nacionales","link":"https:\/\/noticiasya.com\/midland-odessa\/categoria\/noticias-nacionales"},"img":{"alt_text":"","src":"","width":0,"height":0},"classes":[]},{"id":1461816,"url":"https:\/\/noticiasya.com\/midland-odessa\/2025\/04\/30\/martin-scorsese-documental-ultima-entrevista-papa-francisco-trax\/","url_meta":{"origin":1469057,"position":2},"title":"Martin Scorsese est\u00e1 produciendo un documental que presenta la \u00faltima entrevista grabada del papa Francisco","author":"","date":"abril 30, 2025","format":false,"excerpt":"El renombrado cineasta de Hollywood Martin Scorsese est\u00e1 listo para producir un nuevo documental que presentar\u00e1 la \u00faltima entrevista grabada del fallecido papa Francisco.El filme, titulado \u201cAldeas: una nueva historia,\u201d es producido tambi\u00e9n en parte por Aldeas Scholas Films, la rama de producci\u00f3n cinematogr\u00e1fica de la organizaci\u00f3n internacional sin fines\u2026","rel":"","context":"In &quot;Noticias Nacionales&quot;","block_context":{"text":"Noticias Nacionales","link":"https:\/\/noticiasya.com\/midland-odessa\/categoria\/noticias-nacionales"},"img":{"alt_text":"","src":"","width":0,"height":0},"classes":[]},{"id":1468407,"url":"https:\/\/noticiasya.com\/midland-odessa\/2025\/11\/16\/selena-y-los-dinos-documental-trax\/","url_meta":{"origin":1469057,"position":3},"title":"Im\u00e1genes captadas espont\u00e1neamente por la hermana de Selena son el coraz\u00f3n de un nuevo documental sobre la fallecida cantante","author":"","date":"noviembre 16, 2025","format":false,"excerpt":"Primero fue la pel\u00edcula biogr\u00e1fica de Gregory Nava en 1997, protagonizada por Jennifer Lopez. Despu\u00e9s, la serie de Netflix estrenada en 2020. Ahora, la historia de la reina del Tex-Mex, Selena Quintanilla P\u00e9rez, es contada directamente por su familia y compa\u00f1eros de banda.En gran parte, esto es gracias a su\u2026","rel":"","context":"In &quot;Noticias Nacionales&quot;","block_context":{"text":"Noticias Nacionales","link":"https:\/\/noticiasya.com\/midland-odessa\/categoria\/noticias-nacionales"},"img":{"alt_text":"","src":"","width":0,"height":0},"classes":[]},{"id":1455025,"url":"https:\/\/noticiasya.com\/midland-odessa\/2024\/10\/10\/65-mujeres-denuncias-abuso-mohamed-al-fayed-trax\/","url_meta":{"origin":1469057,"position":4},"title":"Otras 65 mujeres presentan denuncias de abuso contra Mohamed Al Fayed, reporta BBC","author":"","date":"octubre 10, 2024","format":false,"excerpt":"(CNN) --\u00a0Sesenta y cinco mujeres m\u00e1s presentaron denuncias de abuso contra el fallecido multimillonario Mohamed Al Fayed, de acuerdo con la BBC, tras el documental de la cadena que detall\u00f3 testimonios de mujeres que afirmaron haber sido agredidas sexualmente y violadas por \u00e9l.Las denuncias se remontan a 1977, en Dub\u00e1i,\u2026","rel":"","context":"In &quot;Noticias Nacionales&quot;","block_context":{"text":"Noticias Nacionales","link":"https:\/\/noticiasya.com\/midland-odessa\/categoria\/noticias-nacionales"},"img":{"alt_text":"","src":"","width":0,"height":0},"classes":[]},{"id":1464866,"url":"https:\/\/noticiasya.com\/midland-odessa\/2025\/07\/25\/hulk-hogan-documental-netflix-muerte-trax\/","url_meta":{"origin":1469057,"position":5},"title":"Hulk Hogan estaba filmando un documental para Netflix al momento de su muerte","author":"","date":"julio 25, 2025","format":false,"excerpt":"Hulk Hogan se encontraba en pleno rodaje de un documental para Netflix cuando falleci\u00f3, seg\u00fan pudo saber CNN.La leyenda de la lucha libre profesional muri\u00f3 a principios de esta semana, a los 71 a\u00f1os.El proyecto, que no hab\u00eda sido anunciado previamente y que se realiza en asociaci\u00f3n con la World\u2026","rel":"","context":"In &quot;Noticias Nacionales&quot;","block_context":{"text":"Noticias Nacionales","link":"https:\/\/noticiasya.com\/midland-odessa\/categoria\/noticias-nacionales"},"img":{"alt_text":"","src":"","width":0,"height":0},"classes":[]}],"jetpack_sharing_enabled":true,"_links":{"self":[{"href":"https:\/\/noticiasya.com\/midland-odessa\/wp-json\/wp\/v2\/posts\/1469057","targetHints":{"allow":["GET"]}}],"collection":[{"href":"https:\/\/noticiasya.com\/midland-odessa\/wp-json\/wp\/v2\/posts"}],"about":[{"href":"https:\/\/noticiasya.com\/midland-odessa\/wp-json\/wp\/v2\/types\/post"}],"replies":[{"embeddable":true,"href":"https:\/\/noticiasya.com\/midland-odessa\/wp-json\/wp\/v2\/comments?post=1469057"}],"version-history":[{"count":0,"href":"https:\/\/noticiasya.com\/midland-odessa\/wp-json\/wp\/v2\/posts\/1469057\/revisions"}],"wp:attachment":[{"href":"https:\/\/noticiasya.com\/midland-odessa\/wp-json\/wp\/v2\/media?parent=1469057"}],"wp:term":[{"taxonomy":"category","embeddable":true,"href":"https:\/\/noticiasya.com\/midland-odessa\/wp-json\/wp\/v2\/categories?post=1469057"},{"taxonomy":"post_tag","embeddable":true,"href":"https:\/\/noticiasya.com\/midland-odessa\/wp-json\/wp\/v2\/tags?post=1469057"}],"curies":[{"name":"wp","href":"https:\/\/api.w.org\/{rel}","templated":true}]}}