{"id":1469059,"date":"2025-12-07T17:03:51","date_gmt":"2025-12-08T01:03:51","guid":{"rendered":"https:\/\/noticiasya.com\/2025\/12\/07\/personas-sin-antecedentes-penales-detenidas-ice-trax\/"},"modified":"2025-12-07T17:03:51","modified_gmt":"2025-12-08T01:03:51","slug":"personas-sin-antecedentes-penales-detenidas-ice-trax","status":"publish","type":"post","link":"https:\/\/noticiasya.com\/midland-odessa\/2025\/12\/07\/personas-sin-antecedentes-penales-detenidas-ice-trax\/","title":{"rendered":"Casi 75.000 personas sin antecedentes penales fueron detenidas por ICE, muestran nuevos datos"},"content":{"rendered":"<p>Casi 75.000 personas sin antecedentes penales han sido detenidas por agentes del Servicio de Inmigraci\u00f3n y Control de Aduanas de EE.UU. (ICE, por sus siglas en ingl\u00e9s) entre el 20 de enero y el 15 de octubre, seg\u00fan <a href=\"https:\/\/deportationdata-ice-arrests.share.connect.posit.cloud\/\">muestran nuevos datos<\/a>.<\/p>\n<p>Desde que el presidente Donald Trump asumi\u00f3 el cargo, su Gobierno ha endurecido las pol\u00edticas migratorias, al arrestar a aproximadamente 220.000 personas en los nueve meses posteriores a su toma de posesi\u00f3n, seg\u00fan datos del Data Deportation Project, un grupo de investigaci\u00f3n vinculado a la facultad de derecho de la Universidad de Berkeley, Estados Unidos.<\/p>\n<p>Estas cifras confirman una tendencia m\u00e1s amplia <a href=\"https:\/\/cnnespanol.cnn.com\/2025\/06\/16\/eeuu\/menos-10-inmigrantes-detenidos-condenas-penales-graves-trax\">previamente reportada por CNN<\/a>: menos del 10 \u202f% de los inmigrantes puestos bajo custodia de ICE desde octubre contaban con condenas penales graves.<\/p>\n<p>La publicaci\u00f3n de estos datos llega en medio de un aumento en la actividad de ICE en ciudades dirigidas por dem\u00f3cratas, como Nueva Orleans y las Twin Cities (Minneapolis y Saint Paul), donde decenas de personas ya han sido arrestadas por el Departamento de Seguridad Nacional (DHS, por sus siglas en ingl\u00e9s), y miles m\u00e1s se encuentran en riesgo.<\/p>\n<p>El DHS no respondi\u00f3 a la solicitud de comentarios de CNN.<\/p>\n<p>The-CNN-Wire<br \/>&trade; &amp; &copy; 2025 Cable News Network, Inc., a Warner Bros. Discovery Company. All rights reserved.<\/p>\n","protected":false},"excerpt":{"rendered":"<p>Casi 75.000 personas sin antecedentes penales han sido detenidas por agentes del Servicio de Inmigraci\u00f3n y Control de Aduanas de EE.UU. (ICE, por sus siglas en ingl\u00e9s) entre el 20 de enero y el 15 de octubre, seg\u00fan muestran nuevos datos. Desde que el presidente Donald Trump asumi\u00f3 el cargo, su Gobierno ha endurecido las [&hellip;]<\/p>\n","protected":false},"author":0,"featured_media":0,"comment_status":"open","ping_status":"open","sticky":false,"template":"","format":"standard","meta":{"_jetpack_memberships_contains_paid_content":false,"footnotes":""},"categories":[10],"tags":[],"class_list":["post-1469059","post","type-post","status-publish","format-standard","hentry","category-noticias-nacionales","market-global"],"yoast_head":"<!-- This site is optimized with the Yoast SEO plugin v24.4 - https:\/\/yoast.com\/wordpress\/plugins\/seo\/ -->\n<title>Casi 75.000 personas sin antecedentes penales fueron detenidas por ICE, muestran nuevos datos - Noticias<\/title>\n<meta name=\"robots\" content=\"index, follow, max-snippet:-1, max-image-preview:large, max-video-preview:-1\" \/>\n<link rel=\"canonical\" href=\"https:\/\/noticiasya.com\/2025\/12\/07\/personas-sin-antecedentes-penales-detenidas-ice-trax\/\" \/>\n<meta property=\"og:locale\" content=\"es_ES\" \/>\n<meta property=\"og:type\" content=\"article\" \/>\n<meta property=\"og:title\" content=\"Casi 75.000 personas sin antecedentes penales fueron detenidas por ICE, muestran nuevos datos - Noticias\" \/>\n<meta property=\"og:description\" content=\"Casi 75.000 personas sin antecedentes penales han sido detenidas por agentes del Servicio de Inmigraci\u00f3n y Control de Aduanas de EE.UU. (ICE, por sus siglas en ingl\u00e9s) entre el 20 de enero y el 15 de octubre, seg\u00fan muestran nuevos datos. Desde que el presidente Donald Trump asumi\u00f3 el cargo, su Gobierno ha endurecido las [&hellip;]\" \/>\n<meta property=\"og:url\" content=\"https:\/\/noticiasya.com\/2025\/12\/07\/personas-sin-antecedentes-penales-detenidas-ice-trax\/\" \/>\n<meta property=\"og:site_name\" content=\"Noticias\" \/>\n<meta property=\"article:published_time\" content=\"2025-12-08T01:03:51+00:00\" \/>\n<meta name=\"twitter:card\" content=\"summary_large_image\" \/>\n<meta name=\"twitter:label1\" content=\"Est. reading time\" \/>\n\t<meta name=\"twitter:data1\" content=\"1 minuto\" \/>\n<script type=\"application\/ld+json\" class=\"yoast-schema-graph\">{\"@context\":\"https:\/\/schema.org\",\"@graph\":[{\"@type\":\"Article\",\"@id\":\"https:\/\/noticiasya.com\/2025\/12\/07\/personas-sin-antecedentes-penales-detenidas-ice-trax\/#article\",\"isPartOf\":{\"@id\":\"https:\/\/noticiasya.com\/2025\/12\/07\/personas-sin-antecedentes-penales-detenidas-ice-trax\/\"},\"author\":{\"name\":\"\",\"@id\":\"\"},\"headline\":\"Casi 75.000 personas sin antecedentes penales fueron detenidas por ICE, muestran nuevos datos\",\"datePublished\":\"2025-12-08T01:03:51+00:00\",\"mainEntityOfPage\":{\"@id\":\"https:\/\/noticiasya.com\/2025\/12\/07\/personas-sin-antecedentes-penales-detenidas-ice-trax\/\"},\"wordCount\":231,\"commentCount\":0,\"publisher\":{\"@id\":\"https:\/\/noticiasya.com\/#organization\"},\"articleSection\":[\"Noticias Nacionales\"],\"inLanguage\":\"es\",\"potentialAction\":[{\"@type\":\"CommentAction\",\"name\":\"Comment\",\"target\":[\"https:\/\/noticiasya.com\/2025\/12\/07\/personas-sin-antecedentes-penales-detenidas-ice-trax\/#respond\"]}]},{\"@type\":\"WebPage\",\"@id\":\"https:\/\/noticiasya.com\/2025\/12\/07\/personas-sin-antecedentes-penales-detenidas-ice-trax\/\",\"url\":\"https:\/\/noticiasya.com\/2025\/12\/07\/personas-sin-antecedentes-penales-detenidas-ice-trax\/\",\"name\":\"Casi 75.000 personas sin antecedentes penales fueron detenidas por ICE, muestran nuevos datos - Noticias\",\"isPartOf\":{\"@id\":\"https:\/\/noticiasya.com\/#website\"},\"datePublished\":\"2025-12-08T01:03:51+00:00\",\"breadcrumb\":{\"@id\":\"https:\/\/noticiasya.com\/2025\/12\/07\/personas-sin-antecedentes-penales-detenidas-ice-trax\/#breadcrumb\"},\"inLanguage\":\"es\",\"potentialAction\":[{\"@type\":\"ReadAction\",\"target\":[\"https:\/\/noticiasya.com\/2025\/12\/07\/personas-sin-antecedentes-penales-detenidas-ice-trax\/\"]}]},{\"@type\":\"BreadcrumbList\",\"@id\":\"https:\/\/noticiasya.com\/2025\/12\/07\/personas-sin-antecedentes-penales-detenidas-ice-trax\/#breadcrumb\",\"itemListElement\":[{\"@type\":\"ListItem\",\"position\":1,\"name\":\"Home\",\"item\":\"https:\/\/noticiasya.com\/\"},{\"@type\":\"ListItem\",\"position\":2,\"name\":\"Casi 75.000 personas sin antecedentes penales fueron detenidas por ICE, muestran nuevos datos\"}]},{\"@type\":\"WebSite\",\"@id\":\"https:\/\/noticiasya.com\/#website\",\"url\":\"https:\/\/noticiasya.com\/\",\"name\":\"Noticias\",\"description\":\"Lo que importa\",\"publisher\":{\"@id\":\"https:\/\/noticiasya.com\/#organization\"},\"potentialAction\":[{\"@type\":\"SearchAction\",\"target\":{\"@type\":\"EntryPoint\",\"urlTemplate\":\"https:\/\/noticiasya.com\/?s={search_term_string}\"},\"query-input\":{\"@type\":\"PropertyValueSpecification\",\"valueRequired\":true,\"valueName\":\"search_term_string\"}}],\"inLanguage\":\"es\"},{\"@type\":\"Organization\",\"@id\":\"https:\/\/noticiasya.com\/#organization\",\"name\":\"Noticias\",\"url\":\"https:\/\/noticiasya.com\/\",\"logo\":{\"@type\":\"ImageObject\",\"inLanguage\":\"es\",\"@id\":\"https:\/\/noticiasya.com\/#\/schema\/logo\/image\/\",\"url\":\"https:\/\/noticiasya.com\/wp-content\/uploads\/sites\/22\/2023\/12\/logo-nacional.png\",\"contentUrl\":\"https:\/\/noticiasya.com\/wp-content\/uploads\/sites\/22\/2023\/12\/logo-nacional.png\",\"width\":1801,\"height\":691,\"caption\":\"Noticias\"},\"image\":{\"@id\":\"https:\/\/noticiasya.com\/#\/schema\/logo\/image\/\"}}]}<\/script>\n<!-- \/ Yoast SEO plugin. -->","yoast_head_json":{"title":"Casi 75.000 personas sin antecedentes penales fueron detenidas por ICE, muestran nuevos datos - Noticias","robots":{"index":"index","follow":"follow","max-snippet":"max-snippet:-1","max-image-preview":"max-image-preview:large","max-video-preview":"max-video-preview:-1"},"canonical":"https:\/\/noticiasya.com\/2025\/12\/07\/personas-sin-antecedentes-penales-detenidas-ice-trax\/","og_locale":"es_ES","og_type":"article","og_title":"Casi 75.000 personas sin antecedentes penales fueron detenidas por ICE, muestran nuevos datos - Noticias","og_description":"Casi 75.000 personas sin antecedentes penales han sido detenidas por agentes del Servicio de Inmigraci\u00f3n y Control de Aduanas de EE.UU. (ICE, por sus siglas en ingl\u00e9s) entre el 20 de enero y el 15 de octubre, seg\u00fan muestran nuevos datos. Desde que el presidente Donald Trump asumi\u00f3 el cargo, su Gobierno ha endurecido las [&hellip;]","og_url":"https:\/\/noticiasya.com\/2025\/12\/07\/personas-sin-antecedentes-penales-detenidas-ice-trax\/","og_site_name":"Noticias","article_published_time":"2025-12-08T01:03:51+00:00","twitter_card":"summary_large_image","twitter_misc":{"Est. reading time":"1 minuto"},"schema":{"@context":"https:\/\/schema.org","@graph":[{"@type":"Article","@id":"https:\/\/noticiasya.com\/2025\/12\/07\/personas-sin-antecedentes-penales-detenidas-ice-trax\/#article","isPartOf":{"@id":"https:\/\/noticiasya.com\/2025\/12\/07\/personas-sin-antecedentes-penales-detenidas-ice-trax\/"},"author":{"name":"","@id":""},"headline":"Casi 75.000 personas sin antecedentes penales fueron detenidas por ICE, muestran nuevos datos","datePublished":"2025-12-08T01:03:51+00:00","mainEntityOfPage":{"@id":"https:\/\/noticiasya.com\/2025\/12\/07\/personas-sin-antecedentes-penales-detenidas-ice-trax\/"},"wordCount":231,"commentCount":0,"publisher":{"@id":"https:\/\/noticiasya.com\/#organization"},"articleSection":["Noticias Nacionales"],"inLanguage":"es","potentialAction":[{"@type":"CommentAction","name":"Comment","target":["https:\/\/noticiasya.com\/2025\/12\/07\/personas-sin-antecedentes-penales-detenidas-ice-trax\/#respond"]}]},{"@type":"WebPage","@id":"https:\/\/noticiasya.com\/2025\/12\/07\/personas-sin-antecedentes-penales-detenidas-ice-trax\/","url":"https:\/\/noticiasya.com\/2025\/12\/07\/personas-sin-antecedentes-penales-detenidas-ice-trax\/","name":"Casi 75.000 personas sin antecedentes penales fueron detenidas por ICE, muestran nuevos datos - Noticias","isPartOf":{"@id":"https:\/\/noticiasya.com\/#website"},"datePublished":"2025-12-08T01:03:51+00:00","breadcrumb":{"@id":"https:\/\/noticiasya.com\/2025\/12\/07\/personas-sin-antecedentes-penales-detenidas-ice-trax\/#breadcrumb"},"inLanguage":"es","potentialAction":[{"@type":"ReadAction","target":["https:\/\/noticiasya.com\/2025\/12\/07\/personas-sin-antecedentes-penales-detenidas-ice-trax\/"]}]},{"@type":"BreadcrumbList","@id":"https:\/\/noticiasya.com\/2025\/12\/07\/personas-sin-antecedentes-penales-detenidas-ice-trax\/#breadcrumb","itemListElement":[{"@type":"ListItem","position":1,"name":"Home","item":"https:\/\/noticiasya.com\/"},{"@type":"ListItem","position":2,"name":"Casi 75.000 personas sin antecedentes penales fueron detenidas por ICE, muestran nuevos datos"}]},{"@type":"WebSite","@id":"https:\/\/noticiasya.com\/#website","url":"https:\/\/noticiasya.com\/","name":"Noticias","description":"Lo que importa","publisher":{"@id":"https:\/\/noticiasya.com\/#organization"},"potentialAction":[{"@type":"SearchAction","target":{"@type":"EntryPoint","urlTemplate":"https:\/\/noticiasya.com\/?s={search_term_string}"},"query-input":{"@type":"PropertyValueSpecification","valueRequired":true,"valueName":"search_term_string"}}],"inLanguage":"es"},{"@type":"Organization","@id":"https:\/\/noticiasya.com\/#organization","name":"Noticias","url":"https:\/\/noticiasya.com\/","logo":{"@type":"ImageObject","inLanguage":"es","@id":"https:\/\/noticiasya.com\/#\/schema\/logo\/image\/","url":"https:\/\/noticiasya.com\/wp-content\/uploads\/sites\/22\/2023\/12\/logo-nacional.png","contentUrl":"https:\/\/noticiasya.com\/wp-content\/uploads\/sites\/22\/2023\/12\/logo-nacional.png","width":1801,"height":691,"caption":"Noticias"},"image":{"@id":"https:\/\/noticiasya.com\/#\/schema\/logo\/image\/"}}]}},"parsely":{"version":"1.1.0","canonical_url":"https:\/\/noticiasya.com\/midland-odessa\/2025\/12\/07\/personas-sin-antecedentes-penales-detenidas-ice-trax\/","smart_links":{"inbound":0,"outbound":0},"traffic_boost_suggestions_count":0,"meta":{"@context":"https:\/\/schema.org","@type":"NewsArticle","headline":"Casi 75.000 personas sin antecedentes penales fueron detenidas por ICE, muestran nuevos datos","url":"http:\/\/noticiasya.com\/midland-odessa\/2025\/12\/07\/personas-sin-antecedentes-penales-detenidas-ice-trax\/","mainEntityOfPage":{"@type":"WebPage","@id":"http:\/\/noticiasya.com\/midland-odessa\/2025\/12\/07\/personas-sin-antecedentes-penales-detenidas-ice-trax\/"},"thumbnailUrl":"","image":{"@type":"ImageObject","url":""},"articleSection":"Noticias Nacionales","author":[],"creator":[],"publisher":{"@type":"Organization","name":"Noticias","logo":""},"keywords":[],"dateCreated":"2025-12-08T01:03:51Z","datePublished":"2025-12-08T01:03:51Z","dateModified":"2025-12-08T01:03:51Z"},"rendered":"<script type=\"application\/ld+json\" class=\"wp-parsely-metadata\">{\"@context\":\"https:\\\/\\\/schema.org\",\"@type\":\"NewsArticle\",\"headline\":\"Casi 75.000 personas sin antecedentes penales fueron detenidas por ICE, muestran nuevos datos\",\"url\":\"http:\\\/\\\/noticiasya.com\\\/midland-odessa\\\/2025\\\/12\\\/07\\\/personas-sin-antecedentes-penales-detenidas-ice-trax\\\/\",\"mainEntityOfPage\":{\"@type\":\"WebPage\",\"@id\":\"http:\\\/\\\/noticiasya.com\\\/midland-odessa\\\/2025\\\/12\\\/07\\\/personas-sin-antecedentes-penales-detenidas-ice-trax\\\/\"},\"thumbnailUrl\":\"\",\"image\":{\"@type\":\"ImageObject\",\"url\":\"\"},\"articleSection\":\"Noticias Nacionales\",\"author\":[],\"creator\":[],\"publisher\":{\"@type\":\"Organization\",\"name\":\"Noticias\",\"logo\":\"\"},\"keywords\":[],\"dateCreated\":\"2025-12-08T01:03:51Z\",\"datePublished\":\"2025-12-08T01:03:51Z\",\"dateModified\":\"2025-12-08T01:03:51Z\"}<\/script>","tracker_url":"https:\/\/cdn.parsely.com\/keys\/noticiasya.com\/p.js"},"jetpack_featured_media_url":"","jetpack-related-posts":[{"id":1463599,"url":"https:\/\/noticiasya.com\/midland-odessa\/2025\/06\/16\/menos-10-inmigrantes-detenidos-condenas-penales-graves-trax\/","url_meta":{"origin":1469059,"position":0},"title":"Menos del 10 % de los inmigrantes detenidos por el ICE desde octubre ten\u00edan condenas penales severas, seg\u00fan datos internos","author":"","date":"junio 16, 2025","format":false,"excerpt":"A medida que el Gobierno de Trump ha intensificado las redadas en Los \u00c1ngeles y otras partes del pa\u00eds, altos funcionarios han destacado la captura de inmigrantes condenados por delitos como asesinato, agresi\u00f3n y violaci\u00f3n, calific\u00e1ndolos de criminales \u201cb\u00e1rbaros\u201d que \u201csembraron el terror\u201d en comunidades estadounidenses.Pero documentos internos del Gobierno\u2026","rel":"","context":"In &quot;Noticias Nacionales&quot;","block_context":{"text":"Noticias Nacionales","link":"https:\/\/noticiasya.com\/midland-odessa\/categoria\/noticias-nacionales"},"img":{"alt_text":"","src":"","width":0,"height":0},"classes":[]},{"id":1469640,"url":"https:\/\/noticiasya.com\/midland-odessa\/2025\/12\/29\/inmigrantes-contribuyen-comunidad-arrestadas-ice\/","url_meta":{"origin":1469059,"position":1},"title":"No son &#171;lo peor de lo peor&#187;: estos inmigrantes contribu\u00edan en sus comunidades y fueron arrestados por ICE","author":"","date":"diciembre 29, 2025","format":false,"excerpt":"Detener y expulsar de Estados Unidos a \u201clo peor de lo peor\u201d: bajo esa narrativa, la secretaria de Seguridad Nacional, Kristi Noem, defiende los arrestos de inmigrantes por parte del Servicio de Inmigraci\u00f3n y Control de Aduanas (ICE, por sus siglas en ingl\u00e9s) al argumentar que se trata de personas\u2026","rel":"","context":"In &quot;Noticias Nacionales&quot;","block_context":{"text":"Noticias Nacionales","link":"https:\/\/noticiasya.com\/midland-odessa\/categoria\/noticias-nacionales"},"img":{"alt_text":"","src":"","width":0,"height":0},"classes":[]},{"id":1470674,"url":"https:\/\/noticiasya.com\/midland-odessa\/2026\/01\/30\/analisis-encuestas-opinion-estadounidenses-ice-trax\/","url_meta":{"origin":1469059,"position":2},"title":"Esto opinan los estadounidenses sobre ICE","author":"","date":"enero 30, 2026","format":false,"excerpt":"La Casa Blanca y el Congreso han iniciado lo que parecen ser negociaciones serias sobre reformas al Servicio de Inmigraci\u00f3n y Control de Aduanas (ICE) tras la muerte de Alex Pretti en Minneapolis.Y un par de nuevas encuestas realizadas antes y despu\u00e9s de la muerte de Pretti aportan datos interesantes\u2026","rel":"","context":"In &quot;Noticias Nacionales&quot;","block_context":{"text":"Noticias Nacionales","link":"https:\/\/noticiasya.com\/midland-odessa\/categoria\/noticias-nacionales"},"img":{"alt_text":"","src":"","width":0,"height":0},"classes":[]},{"id":1457906,"url":"https:\/\/noticiasya.com\/midland-odessa\/2025\/01\/26\/operaciones-inmigracion-los-angeles-georgia-puerto-rico-trax\/","url_meta":{"origin":1469059,"position":3},"title":"Reportan operativos por inmigraci\u00f3n a lo largo de EE.UU., desde Los \u00c1ngeles hasta Georgia y Puerto Rico","author":"","date":"enero 26, 2025","format":false,"excerpt":"El domingo se reportaron m\u00faltiples operativos migratorios en todo el pa\u00eds, menos de una semana despu\u00e9s de que el presidente Donald Trump asumiera el cargo e instituyera una amplia ofensiva contra los inmigrantes indocumentados.Adem\u00e1s de las \u201coperaciones dirigidas mejoradas\u201d anunciadas por el Servicio de Inmigraci\u00f3n y Control de Aduanas (ICE,\u2026","rel":"","context":"In &quot;Noticias Nacionales&quot;","block_context":{"text":"Noticias Nacionales","link":"https:\/\/noticiasya.com\/midland-odessa\/categoria\/noticias-nacionales"},"img":{"alt_text":"","src":"","width":0,"height":0},"classes":[]},{"id":1472757,"url":"https:\/\/noticiasya.com\/midland-odessa\/2026\/04\/01\/que-paso-14-mexicanos-muertos-custodia-ice-trump-orix\/","url_meta":{"origin":1469059,"position":4},"title":"Qu\u00e9 pas\u00f3 con los 14 mexicanos que murieron bajo custodia de ICE y en operativos migratorios en el segundo mandato de Trump","author":"","date":"abril 1, 2026","format":false,"excerpt":"Una de las tr\u00e1gicas consecuencias de la ofensiva migratoria de Donald Trump en su segundo mandato como presidente de Estados Unidos ha sido el aumento de las muertes de mexicanos bajo custodia de Servicio de Inmigraci\u00f3n y Control de Aduanas (ICE, por sus siglas en ingl\u00e9s) y en operativos anti\u2026","rel":"","context":"In &quot;Noticias Nacionales&quot;","block_context":{"text":"Noticias Nacionales","link":"https:\/\/noticiasya.com\/midland-odessa\/categoria\/noticias-nacionales"},"img":{"alt_text":"","src":"","width":0,"height":0},"classes":[]},{"id":1469065,"url":"https:\/\/noticiasya.com\/midland-odessa\/2025\/12\/08\/5-cosas-8-diciembre-orix\/","url_meta":{"origin":1469059,"position":5},"title":"Las 5 cosas que debes saber este 8 de diciembre: Trump culpa a Maduro por los migrantes, Honduras, Lando Norris campe\u00f3n y m\u00e1s","author":"","date":"diciembre 8, 2025","format":false,"excerpt":"ICE ha detenido a decenas de miles de personas sin antecedentes penales. El apoyo de los latinos a Trump se erosiona r\u00e1pidamente. El escudo protector de Chernobyl ya no contiene la radiaci\u00f3n. Esto es lo que debes saber para comenzar el d\u00eda. Primero la verdad.Suscr\u00edbete aqu\u00ed para recibir el newsletter\u2026","rel":"","context":"In &quot;Noticias Nacionales&quot;","block_context":{"text":"Noticias Nacionales","link":"https:\/\/noticiasya.com\/midland-odessa\/categoria\/noticias-nacionales"},"img":{"alt_text":"","src":"","width":0,"height":0},"classes":[]}],"jetpack_sharing_enabled":true,"_links":{"self":[{"href":"https:\/\/noticiasya.com\/midland-odessa\/wp-json\/wp\/v2\/posts\/1469059","targetHints":{"allow":["GET"]}}],"collection":[{"href":"https:\/\/noticiasya.com\/midland-odessa\/wp-json\/wp\/v2\/posts"}],"about":[{"href":"https:\/\/noticiasya.com\/midland-odessa\/wp-json\/wp\/v2\/types\/post"}],"replies":[{"embeddable":true,"href":"https:\/\/noticiasya.com\/midland-odessa\/wp-json\/wp\/v2\/comments?post=1469059"}],"version-history":[{"count":0,"href":"https:\/\/noticiasya.com\/midland-odessa\/wp-json\/wp\/v2\/posts\/1469059\/revisions"}],"wp:attachment":[{"href":"https:\/\/noticiasya.com\/midland-odessa\/wp-json\/wp\/v2\/media?parent=1469059"}],"wp:term":[{"taxonomy":"category","embeddable":true,"href":"https:\/\/noticiasya.com\/midland-odessa\/wp-json\/wp\/v2\/categories?post=1469059"},{"taxonomy":"post_tag","embeddable":true,"href":"https:\/\/noticiasya.com\/midland-odessa\/wp-json\/wp\/v2\/tags?post=1469059"}],"curies":[{"name":"wp","href":"https:\/\/api.w.org\/{rel}","templated":true}]}}