{"id":1469061,"date":"2025-12-08T00:03:50","date_gmt":"2025-12-08T08:03:50","guid":{"rendered":"https:\/\/noticiasya.com\/2025\/12\/08\/analisis-problema-trump-economia-obamacare-trax\/"},"modified":"2025-12-08T00:03:50","modified_gmt":"2025-12-08T08:03:50","slug":"analisis-problema-trump-economia-obamacare-trax","status":"publish","type":"post","link":"https:\/\/noticiasya.com\/midland-odessa\/2025\/12\/08\/analisis-problema-trump-economia-obamacare-trax\/","title":{"rendered":"El primer problema de Trump respecto a la econom\u00eda y la atenci\u00f3n m\u00e9dica: admitir que tiene un problema"},"content":{"rendered":"<p>El presidente Donald Trump tiene esta semana una nueva oportunidad para actuar sobre una prioridad que los votantes dicen continuamente que quieren que se solucione, pero sobre la cual \u00e9l est\u00e1 en negaci\u00f3n.<\/p>\n<p>Los <a href=\"https:\/\/www.cnn.com\/2025\/12\/01\/us\/affordability-crisis-inflation-expensive-economy-vis\">altos y crecientes precios<\/a> de la atenci\u00f3n m\u00e9dica, los comestibles y la vivienda son un obst\u00e1culo principal en la vida de millones de estadounidenses. Pero Trump, como suele ocurrir con los presidentes, parece estar m\u00e1s interesado en sus propios objetivos y obsesiones pol\u00edticas.<\/p>\n<p>Los estadounidenses afectados por la inseguridad econ\u00f3mica no pueden esperar. Tampoco los legisladores republicanos, que temen que la respuesta del presidente \u2014que en gran medida consiste en culpar a su predecesor Joe Biden\u2014 condene sus posibilidades de reelecci\u00f3n el pr\u00f3ximo a\u00f1o.<\/p>\n<p>\u201cCada proyecto de ley que llevemos al pleno debe centrarse en reducir el costo de vida para las personas que m\u00e1s lo necesitan\u201d, <a href=\"https:\/\/www.cnn.com\/2025\/12\/07\/politics\/brian-fitzpatrick-republicans-affordability-2026\">dijo a \u201cInside Politics Sunday\u201d de CNN<\/a> el representante de Pensilvania Brian Fitzpatrick, uno de los republicanos m\u00e1s vulnerables en las elecciones de mitad de mandato de 2026.<\/p>\n<p>Se espera que el Senado vote tan pronto como esta semana sobre si extender los subsidios que vencen para los programas de la Ley de Cuidado de Salud Asequible, como parte del acuerdo del mes pasado para poner fin al cierre del Gobierno. Si el Congreso no act\u00faa, millones <a href=\"https:\/\/www.cnn.com\/2025\/11\/09\/politics\/aca-enrollment-premiums-increase-impact\">enfrentar\u00e1n la elecci\u00f3n<\/a> entre pagar primas mucho m\u00e1s altas o simplemente quedarse sin cobertura.<\/p>\n<p>Mientras tanto, se espera que Trump realice un evento en Pensilvania sobre c\u00f3mo hacer que los precios sean m\u00e1s asequibles, ya que su administraci\u00f3n enfrenta una presi\u00f3n creciente para demostrar que comprende un tema que fue fundamental en su elecci\u00f3n el a\u00f1o pasado.<\/p>\n<p>Sin embargo, las perspectivas de una acci\u00f3n decisiva esta semana en cualquiera de los dos frentes son bajas.<\/p>\n<p><a href=\"https:\/\/www.cnn.com\/2025\/12\/04\/politics\/congress-health-care-plan-obamacare\">A\u00fan no existe un plan<\/a> para abordar las inquietudes de los republicanos mientras se extienden los subsidios mejorados sin reformas importantes a Obamacare. E incluso si el Senado logra un compromiso, hay poco inter\u00e9s entre los republicanos de la reducida mayor\u00eda de la C\u00e1mara liderada por el presidente Mike Johnson para salvar una ley que siempre han odiado.<\/p>\n<p>Trump se enfurece incluso con la palabra \u201casequibilidad\u201d, consider\u00e1ndola un \u201cenga\u00f1o\u201d dem\u00f3crata, y se encuentra sumido en la negaci\u00f3n sobre una econom\u00eda que \u00e9l afirma ha entrado en una \u201cedad dorada\u201d, pero que est\u00e1 haciendo que muchos estadounidenses de clase trabajadora y media se sientan m\u00e1s pobres. Y aunque Trump ha tomado algunas medidas para <a href=\"https:\/\/www.cnn.com\/2025\/11\/17\/business\/trump-prices-affordability\">tratar de reducir los costos<\/a> \u2014por ejemplo, de ciertos medicamentos recetados\u2014, sus pol\u00edticas m\u00e1s amplias podr\u00edan estar empeorando la situaci\u00f3n.<\/p>\n<p>La administraci\u00f3n lo admiti\u00f3 t\u00e1citamente cuando recientemente <a href=\"https:\/\/www.cnn.com\/2025\/11\/14\/economy\/lower-tariffs-coffee-beef-bananas-produce\">redujo los aranceles<\/a> de importaci\u00f3n sobre el caf\u00e9, los pl\u00e1tanos y otros productos b\u00e1sicos para aliviar la carga de los consumidores.<\/p>\n<p>\u201cComo naci\u00f3n, tenemos mucho por lo que estar agradecidos en esta temporada navide\u00f1a\u201d, dijo Trump mientras encend\u00eda el \u00c1rbol Nacional de Navidad la semana pasada, proclamando grandes logros en la frontera, la seguridad nacional y el fin de guerras. Tambi\u00e9n dijo: \u201cNuestra econom\u00eda est\u00e1 prosperando, la inflaci\u00f3n se ha detenido, nuestra naci\u00f3n es fuerte y Estados Unidos ha regresado m\u00e1s grande y mejor, m\u00e1s fuerte, mejor que nunca antes\u201d. Este puede ser un tema en el que el talento del presidente para el marketing no pueda sacarlo de un problema pol\u00edtico.<\/p>\n<p>Una encuesta de CNN\/SSRS del mes pasado encontr\u00f3 que el 61 % de los estadounidenses dijo que las pol\u00edticas de Trump han \u201cempeorado las condiciones econ\u00f3micas en este pa\u00eds\u201d. Un sondeo reciente de CBS encontr\u00f3 que solo el 36 % aprobaba la gesti\u00f3n de Trump en la econom\u00eda, que antes era uno de sus puntos fuertes.<\/p>\n<p>La contradicci\u00f3n entre las afirmaciones de \u00e9xito del presidente y la experiencia vivida de muchos estadounidenses plantea la pregunta de si Trump, un multimillonario, y su gabinete adinerado han perdido el contacto con lo que siente el pa\u00eds.<\/p>\n<p>La lucha por la atenci\u00f3n m\u00e9dica es el enfrentamiento m\u00e1s urgente y visible en la crisis de asequibilidad.<\/p>\n<p>Si los subsidios mejorados expiran a fin de a\u00f1o, los inscritos enfrentar\u00e1n pagos que muchos no pueden costear: se duplicar\u00edan de US$ 888 a US$ 1.904 el pr\u00f3ximo a\u00f1o en promedio, <a href=\"https:\/\/www.cnn.com\/2025\/12\/04\/politics\/obamacare-trump-subsidies-poll\">seg\u00fan una nueva encuesta<\/a> de KFF, un grupo de pol\u00edticas de salud no partidista.<\/p>\n<p>La dura realidad pol\u00edtica de este tema para los republicanos explica por qu\u00e9 los dem\u00f3cratas eligieron los subsidios como el detonante del cierre del Gobierno. No lograron su objetivo, pero destacaron el dilema de los legisladores republicanos que quieren eliminar Obamacare, pero cuyo \u00e9xito perjudicar\u00eda a millones de sus votantes que dependen del programa.<\/p>\n<p>Algunos republicanos est\u00e1n presionando para extender los subsidios, para ganar tiempo y elaborar un plan de atenci\u00f3n m\u00e9dica de reemplazo m\u00e1s permanente. Otros quieren reformas antes de aceptar una extensi\u00f3n.<\/p>\n<p>Pero entonces surge la pregunta de c\u00f3mo ayudar a los estadounidenses que de repente se encuentran con primas que no pueden pagar. El dilema fue resumido por el senador republicano de Utah John Curtis en \u201cState of the Union\u201d de CNN el domingo.<\/p>\n<p>\u201cSimplemente extender por tres a\u00f1os algo que no ha estado funcionando y que desde el principio se supon\u00eda que era temporal no es una buena votaci\u00f3n\u201d, dijo Curtis a Dana Bash.<\/p>\n<p>\u201cNecesitamos una prima m\u00ednima para las personas, aunque sea de unos pocos d\u00f3lares. Sabemos que necesitamos un tope de ingresos\u201d, dijo. \u201c\u00bfC\u00f3mo bajamos realmente el costo, no solo del seguro, sino de la atenci\u00f3n m\u00e9dica? \u00bfY qu\u00e9 hacemos mientras tanto, mientras esperamos lograrlo?\u201d<\/p>\n<p>Como insinu\u00f3 Curtis, las posibilidades de una reforma viable a Obamacare en los pocos d\u00edas que el Congreso estar\u00e1 en sesi\u00f3n antes de las fiestas parecen remotas.<\/p>\n<p>Mientras tanto, la mayor\u00eda de las personas ya se ha visto obligada a tomar decisiones sobre su presupuesto de atenci\u00f3n m\u00e9dica para el pr\u00f3ximo a\u00f1o. Por eso algunos republicanos dicen que votar para extender los subsidios es la \u00fanica respuesta. \u201cSi no tienes un plan mejor, entonces ap\u00f3yanos con el nuestro\u201d, dijo Fitzpatrick a Manu Raju de CNN en \u201cInside Politics Sunday.\u201d<\/p>\n<p>Trump apenas ha ayudado a la situaci\u00f3n. Ha fallado repetidamente en presentar un plan o en tomarse en serio las complejidades del mercado de seguros de salud durante dos mandatos presidenciales. Sugiri\u00f3 vagamente que el Congreso deber\u00eda crear cuentas de ahorro para la salud, pero no ha puesto ning\u00fan peso pol\u00edtico detr\u00e1s de la idea. La Casa Blanca tambi\u00e9n <a href=\"https:\/\/www.cnn.com\/2025\/12\/02\/politics\/health-care-plan-trump-stall-aca\">retir\u00f3 recientemente un plan<\/a> para extender los subsidios ante la oposici\u00f3n republicana. Mientras tanto, los dem\u00f3cratas se relamen ante la posibilidad de destacar los costos de la atenci\u00f3n m\u00e9dica en anuncios de campa\u00f1a dirigidos a votantes de distritos disputados el pr\u00f3ximo a\u00f1o.<\/p>\n<p>Se espera que el presidente viaje a Pensilvania, un estado que gan\u00f3 en 2024, esta semana para mostrar solidaridad con los votantes cansados de los altos precios. Pero parece poco probable que alivie su situaci\u00f3n pol\u00edtica, o el bienestar econ\u00f3mico de los estadounidenses trabajadores, simplemente hablando del tema. Se resiste a aceptar la fuerza pol\u00edtica del problema. Y en el pasado, le ha costado ce\u00f1irse a un guion y se ha burlado de los asesores que le sugieren que debe mostrar empat\u00eda econ\u00f3mica.<\/p>\n<p>\u201cQuer\u00edan que diera un discurso sobre la econom\u00eda, as\u00ed que lo estamos haciendo como un discurso intelectual. Hoy todos ustedes son intelectuales\u201d, dijo a una multitud en Carolina del Norte en 2024.<\/p>\n<p>Trump siempre ha sido m\u00e1s un animador que un presidente emp\u00e1tico. Sin embargo, su transformaci\u00f3n del Partido Republicano en un movimiento populista se bas\u00f3 en su conexi\u00f3n \u00edntima con muchos votantes blancos de clase trabajadora que se sent\u00edan abandonados \u2014tanto cultural como econ\u00f3micamente\u2014 por los dem\u00f3cratas. Pero Trump no parece estar listo para comprometerse con una estrategia que acepte que su segundo mandato no es un triunfo rotundo.<\/p>\n<p>\u201cNuestro pa\u00eds es rico de nuevo y seguro de nuevo\u201d, dijo durante una reuni\u00f3n de gabinete la semana pasada. \u201cExiste esta narrativa falsa de que los dem\u00f3cratas hablan de asequibilidad. Solo dicen la palabra, no significa nada para nadie, solo dicen \u2018asequibilidad\u2019\u201d. Trump puede tener raz\u00f3n en esto, aunque el pr\u00f3ximo a\u00f1o, los gobernadores dem\u00f3cratas reci\u00e9n electos en Nueva Jersey y Virginia deber\u00e1n cumplir las promesas de campa\u00f1a de reducir los precios, similares a las que hizo el presidente en 2024.<\/p>\n<p>Trump tambi\u00e9n tiene raz\u00f3n al decir que la inflaci\u00f3n se dispar\u00f3 bajo Biden. Pero sus afirmaciones de que ha detenido la tasa de inflaci\u00f3n no son ciertas. Recientemente <a href=\"https:\/\/www.cnn.com\/2025\/12\/05\/economy\/us-pce-consumer-spending-inflation-september\">subi\u00f3 a 2,8 %<\/a>, lo que significa que la tasa a la que suben los precios sigue aumentando. Y una administraci\u00f3n que se esfuerza por cortejar a las corporaciones y a los oligarcas de la industria tecnol\u00f3gica a\u00fan no ha logrado convencer a los estadounidenses trabajadores de que se preocupa tanto por ellos.<\/p>\n<p>Los frecuentes anuncios de Trump sobre miles de millones de d\u00f3lares en inversiones en Estados Unidos por parte de empresas y estados extranjeros se ven bien, aunque <a href=\"https:\/\/www.cnn.com\/2025\/10\/11\/politics\/fact-check-trump-17-trillion-investment\">no siempre cumplen<\/a> con lo que promete. Y aunque tales proyectos se concreten, ser\u00e1n una apuesta a largo plazo y no aliviar\u00e1n los precios r\u00e1pidamente. La promesa de Trump de nombrar a un <a href=\"https:\/\/www.cnn.com\/2025\/10\/28\/business\/fed-chair-pick-trump-short-list-vis\">nuevo presidente de la Reserva Federal<\/a> que reduzca las tasas de inter\u00e9s m\u00e1s r\u00e1pido podr\u00eda bajar las tasas hipotecarias y estimular el mercado de la vivienda. Pero tambi\u00e9n podr\u00eda desatar una nueva crisis de inflaci\u00f3n.<\/p>\n<p>Mientras Trump insiste en que todo est\u00e1 bien ahora, algunos subordinados, incluido el vicepresidente J. D. Vance, quien como posible futuro candidato presidencial republicano no debe alienar a los votantes, son m\u00e1s matizados al reconocer que algunos estadounidenses est\u00e1n sufriendo. Pero el secretario del Tesoro, Scott Bessent, hizo una predicci\u00f3n optimista el domingo. \u201cLa econom\u00eda ha estado mejor de lo que pens\u00e1bamos\u201d, dijo en \u201cFace the Nation\u201d de CBS. Arremetiendo contra la \u201cinflaci\u00f3n incrustada\u201d heredada de la administraci\u00f3n Biden, dijo: \u201cCreo que el pr\u00f3ximo a\u00f1o avanzaremos hacia la prosperidad\u201d.<\/p>\n<p>Pero los votantes ya han escuchado antes culpas y optimismo. Elecciones sucesivas no han logrado cambios tangibles. La asequibilidad es un tema definitorio, que s\u00ed existe, sin importar lo que diga Trump, y se ha convertido en una maldici\u00f3n para los mandatarios en funciones.<\/p>\n<p>The-CNN-Wire<br \/>&trade; &amp; &copy; 2025 Cable News Network, Inc., a Warner Bros. Discovery Company. All rights reserved.<\/p>\n","protected":false},"excerpt":{"rendered":"<p>El presidente Donald Trump tiene esta semana una nueva oportunidad para actuar sobre una prioridad que los votantes dicen continuamente que quieren que se solucione, pero sobre la cual \u00e9l est\u00e1 en negaci\u00f3n. Los altos y crecientes precios de la atenci\u00f3n m\u00e9dica, los comestibles y la vivienda son un obst\u00e1culo principal en la vida de [&hellip;]<\/p>\n","protected":false},"author":0,"featured_media":0,"comment_status":"open","ping_status":"open","sticky":false,"template":"","format":"standard","meta":{"_jetpack_memberships_contains_paid_content":false,"footnotes":""},"categories":[10],"tags":[],"class_list":["post-1469061","post","type-post","status-publish","format-standard","hentry","category-noticias-nacionales","market-global"],"yoast_head":"<!-- This site is optimized with the Yoast SEO plugin v24.4 - https:\/\/yoast.com\/wordpress\/plugins\/seo\/ -->\n<title>El primer problema de Trump respecto a la econom\u00eda y la atenci\u00f3n m\u00e9dica: admitir que tiene un problema - Noticias<\/title>\n<meta name=\"robots\" content=\"index, follow, max-snippet:-1, max-image-preview:large, max-video-preview:-1\" \/>\n<link rel=\"canonical\" href=\"https:\/\/noticiasya.com\/2025\/12\/08\/analisis-problema-trump-economia-obamacare-trax\/\" \/>\n<meta property=\"og:locale\" content=\"es_ES\" \/>\n<meta property=\"og:type\" content=\"article\" \/>\n<meta property=\"og:title\" content=\"El primer problema de Trump respecto a la econom\u00eda y la atenci\u00f3n m\u00e9dica: admitir que tiene un problema - Noticias\" \/>\n<meta property=\"og:description\" content=\"El presidente Donald Trump tiene esta semana una nueva oportunidad para actuar sobre una prioridad que los votantes dicen continuamente que quieren que se solucione, pero sobre la cual \u00e9l est\u00e1 en negaci\u00f3n. Los altos y crecientes precios de la atenci\u00f3n m\u00e9dica, los comestibles y la vivienda son un obst\u00e1culo principal en la vida de [&hellip;]\" \/>\n<meta property=\"og:url\" content=\"https:\/\/noticiasya.com\/2025\/12\/08\/analisis-problema-trump-economia-obamacare-trax\/\" \/>\n<meta property=\"og:site_name\" content=\"Noticias\" \/>\n<meta property=\"article:published_time\" content=\"2025-12-08T08:03:50+00:00\" \/>\n<meta name=\"twitter:card\" content=\"summary_large_image\" \/>\n<meta name=\"twitter:label1\" content=\"Est. reading time\" \/>\n\t<meta name=\"twitter:data1\" content=\"9 minutos\" \/>\n<script type=\"application\/ld+json\" class=\"yoast-schema-graph\">{\"@context\":\"https:\/\/schema.org\",\"@graph\":[{\"@type\":\"Article\",\"@id\":\"https:\/\/noticiasya.com\/2025\/12\/08\/analisis-problema-trump-economia-obamacare-trax\/#article\",\"isPartOf\":{\"@id\":\"https:\/\/noticiasya.com\/2025\/12\/08\/analisis-problema-trump-economia-obamacare-trax\/\"},\"author\":{\"name\":\"\",\"@id\":\"\"},\"headline\":\"El primer problema de Trump respecto a la econom\u00eda y la atenci\u00f3n m\u00e9dica: admitir que tiene un problema\",\"datePublished\":\"2025-12-08T08:03:50+00:00\",\"mainEntityOfPage\":{\"@id\":\"https:\/\/noticiasya.com\/2025\/12\/08\/analisis-problema-trump-economia-obamacare-trax\/\"},\"wordCount\":1853,\"commentCount\":0,\"publisher\":{\"@id\":\"https:\/\/noticiasya.com\/#organization\"},\"articleSection\":[\"Noticias Nacionales\"],\"inLanguage\":\"es\",\"potentialAction\":[{\"@type\":\"CommentAction\",\"name\":\"Comment\",\"target\":[\"https:\/\/noticiasya.com\/2025\/12\/08\/analisis-problema-trump-economia-obamacare-trax\/#respond\"]}]},{\"@type\":\"WebPage\",\"@id\":\"https:\/\/noticiasya.com\/2025\/12\/08\/analisis-problema-trump-economia-obamacare-trax\/\",\"url\":\"https:\/\/noticiasya.com\/2025\/12\/08\/analisis-problema-trump-economia-obamacare-trax\/\",\"name\":\"El primer problema de Trump respecto a la econom\u00eda y la atenci\u00f3n m\u00e9dica: admitir que tiene un problema - Noticias\",\"isPartOf\":{\"@id\":\"https:\/\/noticiasya.com\/#website\"},\"datePublished\":\"2025-12-08T08:03:50+00:00\",\"breadcrumb\":{\"@id\":\"https:\/\/noticiasya.com\/2025\/12\/08\/analisis-problema-trump-economia-obamacare-trax\/#breadcrumb\"},\"inLanguage\":\"es\",\"potentialAction\":[{\"@type\":\"ReadAction\",\"target\":[\"https:\/\/noticiasya.com\/2025\/12\/08\/analisis-problema-trump-economia-obamacare-trax\/\"]}]},{\"@type\":\"BreadcrumbList\",\"@id\":\"https:\/\/noticiasya.com\/2025\/12\/08\/analisis-problema-trump-economia-obamacare-trax\/#breadcrumb\",\"itemListElement\":[{\"@type\":\"ListItem\",\"position\":1,\"name\":\"Home\",\"item\":\"https:\/\/noticiasya.com\/\"},{\"@type\":\"ListItem\",\"position\":2,\"name\":\"El primer problema de Trump respecto a la econom\u00eda y la atenci\u00f3n m\u00e9dica: admitir que tiene un problema\"}]},{\"@type\":\"WebSite\",\"@id\":\"https:\/\/noticiasya.com\/#website\",\"url\":\"https:\/\/noticiasya.com\/\",\"name\":\"Noticias\",\"description\":\"Lo que importa\",\"publisher\":{\"@id\":\"https:\/\/noticiasya.com\/#organization\"},\"potentialAction\":[{\"@type\":\"SearchAction\",\"target\":{\"@type\":\"EntryPoint\",\"urlTemplate\":\"https:\/\/noticiasya.com\/?s={search_term_string}\"},\"query-input\":{\"@type\":\"PropertyValueSpecification\",\"valueRequired\":true,\"valueName\":\"search_term_string\"}}],\"inLanguage\":\"es\"},{\"@type\":\"Organization\",\"@id\":\"https:\/\/noticiasya.com\/#organization\",\"name\":\"Noticias\",\"url\":\"https:\/\/noticiasya.com\/\",\"logo\":{\"@type\":\"ImageObject\",\"inLanguage\":\"es\",\"@id\":\"https:\/\/noticiasya.com\/#\/schema\/logo\/image\/\",\"url\":\"https:\/\/noticiasya.com\/wp-content\/uploads\/sites\/22\/2023\/12\/logo-nacional.png\",\"contentUrl\":\"https:\/\/noticiasya.com\/wp-content\/uploads\/sites\/22\/2023\/12\/logo-nacional.png\",\"width\":1801,\"height\":691,\"caption\":\"Noticias\"},\"image\":{\"@id\":\"https:\/\/noticiasya.com\/#\/schema\/logo\/image\/\"}}]}<\/script>\n<!-- \/ Yoast SEO plugin. -->","yoast_head_json":{"title":"El primer problema de Trump respecto a la econom\u00eda y la atenci\u00f3n m\u00e9dica: admitir que tiene un problema - Noticias","robots":{"index":"index","follow":"follow","max-snippet":"max-snippet:-1","max-image-preview":"max-image-preview:large","max-video-preview":"max-video-preview:-1"},"canonical":"https:\/\/noticiasya.com\/2025\/12\/08\/analisis-problema-trump-economia-obamacare-trax\/","og_locale":"es_ES","og_type":"article","og_title":"El primer problema de Trump respecto a la econom\u00eda y la atenci\u00f3n m\u00e9dica: admitir que tiene un problema - Noticias","og_description":"El presidente Donald Trump tiene esta semana una nueva oportunidad para actuar sobre una prioridad que los votantes dicen continuamente que quieren que se solucione, pero sobre la cual \u00e9l est\u00e1 en negaci\u00f3n. Los altos y crecientes precios de la atenci\u00f3n m\u00e9dica, los comestibles y la vivienda son un obst\u00e1culo principal en la vida de [&hellip;]","og_url":"https:\/\/noticiasya.com\/2025\/12\/08\/analisis-problema-trump-economia-obamacare-trax\/","og_site_name":"Noticias","article_published_time":"2025-12-08T08:03:50+00:00","twitter_card":"summary_large_image","twitter_misc":{"Est. reading time":"9 minutos"},"schema":{"@context":"https:\/\/schema.org","@graph":[{"@type":"Article","@id":"https:\/\/noticiasya.com\/2025\/12\/08\/analisis-problema-trump-economia-obamacare-trax\/#article","isPartOf":{"@id":"https:\/\/noticiasya.com\/2025\/12\/08\/analisis-problema-trump-economia-obamacare-trax\/"},"author":{"name":"","@id":""},"headline":"El primer problema de Trump respecto a la econom\u00eda y la atenci\u00f3n m\u00e9dica: admitir que tiene un problema","datePublished":"2025-12-08T08:03:50+00:00","mainEntityOfPage":{"@id":"https:\/\/noticiasya.com\/2025\/12\/08\/analisis-problema-trump-economia-obamacare-trax\/"},"wordCount":1853,"commentCount":0,"publisher":{"@id":"https:\/\/noticiasya.com\/#organization"},"articleSection":["Noticias Nacionales"],"inLanguage":"es","potentialAction":[{"@type":"CommentAction","name":"Comment","target":["https:\/\/noticiasya.com\/2025\/12\/08\/analisis-problema-trump-economia-obamacare-trax\/#respond"]}]},{"@type":"WebPage","@id":"https:\/\/noticiasya.com\/2025\/12\/08\/analisis-problema-trump-economia-obamacare-trax\/","url":"https:\/\/noticiasya.com\/2025\/12\/08\/analisis-problema-trump-economia-obamacare-trax\/","name":"El primer problema de Trump respecto a la econom\u00eda y la atenci\u00f3n m\u00e9dica: admitir que tiene un problema - Noticias","isPartOf":{"@id":"https:\/\/noticiasya.com\/#website"},"datePublished":"2025-12-08T08:03:50+00:00","breadcrumb":{"@id":"https:\/\/noticiasya.com\/2025\/12\/08\/analisis-problema-trump-economia-obamacare-trax\/#breadcrumb"},"inLanguage":"es","potentialAction":[{"@type":"ReadAction","target":["https:\/\/noticiasya.com\/2025\/12\/08\/analisis-problema-trump-economia-obamacare-trax\/"]}]},{"@type":"BreadcrumbList","@id":"https:\/\/noticiasya.com\/2025\/12\/08\/analisis-problema-trump-economia-obamacare-trax\/#breadcrumb","itemListElement":[{"@type":"ListItem","position":1,"name":"Home","item":"https:\/\/noticiasya.com\/"},{"@type":"ListItem","position":2,"name":"El primer problema de Trump respecto a la econom\u00eda y la atenci\u00f3n m\u00e9dica: admitir que tiene un problema"}]},{"@type":"WebSite","@id":"https:\/\/noticiasya.com\/#website","url":"https:\/\/noticiasya.com\/","name":"Noticias","description":"Lo que importa","publisher":{"@id":"https:\/\/noticiasya.com\/#organization"},"potentialAction":[{"@type":"SearchAction","target":{"@type":"EntryPoint","urlTemplate":"https:\/\/noticiasya.com\/?s={search_term_string}"},"query-input":{"@type":"PropertyValueSpecification","valueRequired":true,"valueName":"search_term_string"}}],"inLanguage":"es"},{"@type":"Organization","@id":"https:\/\/noticiasya.com\/#organization","name":"Noticias","url":"https:\/\/noticiasya.com\/","logo":{"@type":"ImageObject","inLanguage":"es","@id":"https:\/\/noticiasya.com\/#\/schema\/logo\/image\/","url":"https:\/\/noticiasya.com\/wp-content\/uploads\/sites\/22\/2023\/12\/logo-nacional.png","contentUrl":"https:\/\/noticiasya.com\/wp-content\/uploads\/sites\/22\/2023\/12\/logo-nacional.png","width":1801,"height":691,"caption":"Noticias"},"image":{"@id":"https:\/\/noticiasya.com\/#\/schema\/logo\/image\/"}}]}},"parsely":{"version":"1.1.0","canonical_url":"https:\/\/noticiasya.com\/midland-odessa\/2025\/12\/08\/analisis-problema-trump-economia-obamacare-trax\/","smart_links":{"inbound":0,"outbound":0},"traffic_boost_suggestions_count":0,"meta":{"@context":"https:\/\/schema.org","@type":"NewsArticle","headline":"El primer problema de Trump respecto a la econom\u00eda y la atenci\u00f3n m\u00e9dica: admitir que tiene un problema","url":"http:\/\/noticiasya.com\/midland-odessa\/2025\/12\/08\/analisis-problema-trump-economia-obamacare-trax\/","mainEntityOfPage":{"@type":"WebPage","@id":"http:\/\/noticiasya.com\/midland-odessa\/2025\/12\/08\/analisis-problema-trump-economia-obamacare-trax\/"},"thumbnailUrl":"","image":{"@type":"ImageObject","url":""},"articleSection":"Noticias Nacionales","author":[],"creator":[],"publisher":{"@type":"Organization","name":"Noticias","logo":""},"keywords":[],"dateCreated":"2025-12-08T08:03:50Z","datePublished":"2025-12-08T08:03:50Z","dateModified":"2025-12-08T08:03:50Z"},"rendered":"<script type=\"application\/ld+json\" class=\"wp-parsely-metadata\">{\"@context\":\"https:\\\/\\\/schema.org\",\"@type\":\"NewsArticle\",\"headline\":\"El primer problema de Trump respecto a la econom\\u00eda y la atenci\\u00f3n m\\u00e9dica: admitir que tiene un problema\",\"url\":\"http:\\\/\\\/noticiasya.com\\\/midland-odessa\\\/2025\\\/12\\\/08\\\/analisis-problema-trump-economia-obamacare-trax\\\/\",\"mainEntityOfPage\":{\"@type\":\"WebPage\",\"@id\":\"http:\\\/\\\/noticiasya.com\\\/midland-odessa\\\/2025\\\/12\\\/08\\\/analisis-problema-trump-economia-obamacare-trax\\\/\"},\"thumbnailUrl\":\"\",\"image\":{\"@type\":\"ImageObject\",\"url\":\"\"},\"articleSection\":\"Noticias Nacionales\",\"author\":[],\"creator\":[],\"publisher\":{\"@type\":\"Organization\",\"name\":\"Noticias\",\"logo\":\"\"},\"keywords\":[],\"dateCreated\":\"2025-12-08T08:03:50Z\",\"datePublished\":\"2025-12-08T08:03:50Z\",\"dateModified\":\"2025-12-08T08:03:50Z\"}<\/script>","tracker_url":"https:\/\/cdn.parsely.com\/keys\/noticiasya.com\/p.js"},"jetpack_featured_media_url":"","jetpack-related-posts":[{"id":1468213,"url":"https:\/\/noticiasya.com\/midland-odessa\/2025\/11\/11\/analisis-victoria-trump-cierre-gobierno-republicanos-problema-politico-trax\/","url_meta":{"origin":1469061,"position":0},"title":"La victoria de Trump en el cierre de Gobierno le ha causado a los republicanos un enorme problema pol\u00edtico","author":"","date":"noviembre 11, 2025","format":false,"excerpt":"Es el barco de Trump que nunca zarpa.El presidente volvi\u00f3 a la carga este lunes, prometiendo una soluci\u00f3n inminente a la creciente crisis del sistema de salud estadounidense, en la que ha fracasado repetidamente en el pasado.\u201cLes digo que vamos a trabajar arduamente en ello durante el pr\u00f3ximo per\u00edodo de\u2026","rel":"","context":"In &quot;Noticias Nacionales&quot;","block_context":{"text":"Noticias Nacionales","link":"https:\/\/noticiasya.com\/midland-odessa\/categoria\/noticias-nacionales"},"img":{"alt_text":"","src":"","width":0,"height":0},"classes":[]},{"id":1468912,"url":"https:\/\/noticiasya.com\/midland-odessa\/2025\/12\/03\/analisis-reunion-gabinete-trump-asequibilidad-seguro-medico-trax\/","url_meta":{"origin":1469061,"position":1},"title":"Trump habla de todo, pero no de dos cosas que realmente importan","author":"","date":"diciembre 3, 2025","format":false,"excerpt":"En medio de un diluvio de chistes, insultos, furia en las redes sociales y advertencias de acci\u00f3n militar inminente que han surgido del presidente Donald Trump en unos d\u00edas especialmente locuaces, ha habido dos omisiones sorprendentes.Ha anunciado pocos planes para aliviar la profunda inseguridad que sufren millones de estadounidenses debido\u2026","rel":"","context":"In &quot;Noticias Nacionales&quot;","block_context":{"text":"Noticias Nacionales","link":"https:\/\/noticiasya.com\/midland-odessa\/categoria\/noticias-nacionales"},"img":{"alt_text":"","src":"","width":0,"height":0},"classes":[]},{"id":1470161,"url":"https:\/\/noticiasya.com\/midland-odessa\/2026\/01\/16\/atencion-medica-trump-trax\/","url_meta":{"origin":1469061,"position":2},"title":"\u00bfQu\u00e9 incluye el &#171;Gran Plan de Atenci\u00f3n M\u00e9dica&#187; de Trump? Todo lo que debes saber","author":"","date":"enero 16, 2026","format":false,"excerpt":"Buscando mostrar a los estadounidenses que le preocupa el problema de la asequibilidad, el presidente Donald Trump present\u00f3 este jueves su tan esperado plan para enfrentar el alto costo de la atenci\u00f3n m\u00e9dica.La propuesta, que no entra en detalles, es un marco general de las prioridades del presidente en materia\u2026","rel":"","context":"In &quot;Noticias Nacionales&quot;","block_context":{"text":"Noticias Nacionales","link":"https:\/\/noticiasya.com\/midland-odessa\/categoria\/noticias-nacionales"},"img":{"alt_text":"","src":"","width":0,"height":0},"classes":[]},{"id":1467071,"url":"https:\/\/noticiasya.com\/midland-odessa\/2025\/10\/03\/analisis-obamacare-enfrentamiento-politico-trax\/","url_meta":{"origin":1469061,"position":3},"title":"Obamacare vuelve a ser el eje de un enfrentamiento pol\u00edtico nacional","author":"","date":"octubre 3, 2025","format":false,"excerpt":"La prueba de que una ley cambia una naci\u00f3n es cuando sigue siendo un elemento central de la vida estadounidense y de encarnizadas luchas pol\u00edticas en Washington mucho despu\u00e9s de que el presidente responsable dej\u00f3 el cargo.El New Deal de Franklin Roosevelt todav\u00eda sostiene a millones de ciudadanos cada d\u00eda\u2026","rel":"","context":"In &quot;Noticias Nacionales&quot;","block_context":{"text":"Noticias Nacionales","link":"https:\/\/noticiasya.com\/midland-odessa\/categoria\/noticias-nacionales"},"img":{"alt_text":"","src":"","width":0,"height":0},"classes":[]},{"id":1471624,"url":"https:\/\/noticiasya.com\/midland-odessa\/2026\/02\/25\/analisis-trump-economia-ee-uu-gran-problema-trax\/","url_meta":{"origin":1469061,"position":4},"title":"Trump tiene raz\u00f3n: la econom\u00eda de EE.UU. est\u00e1 fuerte, pero el presidente no ve el gran problema","author":"","date":"febrero 25, 2026","format":false,"excerpt":"El presidente Donald Trump hizo una apasionada defensa de la econom\u00eda estadounidense durante su discurso sobre el Estado de la Uni\u00f3n este martes por la noche.\u201cLa inflaci\u00f3n se desploma, los ingresos aumentan r\u00e1pidamente. La econom\u00eda, en pleno auge, avanza como nunca antes\u201d, manifest\u00f3.Hip\u00e9rboles aparte, tiene raz\u00f3n: la econom\u00eda estadounidense es\u2026","rel":"","context":"In &quot;Noticias Nacionales&quot;","block_context":{"text":"Noticias Nacionales","link":"https:\/\/noticiasya.com\/midland-odessa\/categoria\/noticias-nacionales"},"img":{"alt_text":"","src":"","width":0,"height":0},"classes":[]},{"id":1468688,"url":"https:\/\/noticiasya.com\/midland-odessa\/2025\/11\/25\/republicanos-propuesta-salud-trump-trax\/","url_meta":{"origin":1469061,"position":5},"title":"Republicanos se resisten a la propuesta de salud de Trump incluso antes de su publicaci\u00f3n","author":"","date":"noviembre 25, 2025","format":false,"excerpt":"El presidente Donald Trump a\u00fan no ha presentado oficialmente su nuevo plan de salud. Sin embargo, muchos en su partido ya se oponen.La Casa Blanca retras\u00f3 el lunes la presentaci\u00f3n de su propuesta que evita un aumento repentino en las primas de la Ley de Cuidado de Salud Asequible (ACA)\u2026","rel":"","context":"In &quot;Noticias Nacionales&quot;","block_context":{"text":"Noticias Nacionales","link":"https:\/\/noticiasya.com\/midland-odessa\/categoria\/noticias-nacionales"},"img":{"alt_text":"","src":"","width":0,"height":0},"classes":[]}],"jetpack_sharing_enabled":true,"_links":{"self":[{"href":"https:\/\/noticiasya.com\/midland-odessa\/wp-json\/wp\/v2\/posts\/1469061","targetHints":{"allow":["GET"]}}],"collection":[{"href":"https:\/\/noticiasya.com\/midland-odessa\/wp-json\/wp\/v2\/posts"}],"about":[{"href":"https:\/\/noticiasya.com\/midland-odessa\/wp-json\/wp\/v2\/types\/post"}],"replies":[{"embeddable":true,"href":"https:\/\/noticiasya.com\/midland-odessa\/wp-json\/wp\/v2\/comments?post=1469061"}],"version-history":[{"count":0,"href":"https:\/\/noticiasya.com\/midland-odessa\/wp-json\/wp\/v2\/posts\/1469061\/revisions"}],"wp:attachment":[{"href":"https:\/\/noticiasya.com\/midland-odessa\/wp-json\/wp\/v2\/media?parent=1469061"}],"wp:term":[{"taxonomy":"category","embeddable":true,"href":"https:\/\/noticiasya.com\/midland-odessa\/wp-json\/wp\/v2\/categories?post=1469061"},{"taxonomy":"post_tag","embeddable":true,"href":"https:\/\/noticiasya.com\/midland-odessa\/wp-json\/wp\/v2\/tags?post=1469061"}],"curies":[{"name":"wp","href":"https:\/\/api.w.org\/{rel}","templated":true}]}}