{"id":1469068,"date":"2025-12-08T05:03:40","date_gmt":"2025-12-08T13:03:40","guid":{"rendered":"https:\/\/noticiasya.com\/2025\/12\/08\/avatar-3-experiencia-3d-orix\/"},"modified":"2025-12-08T05:03:40","modified_gmt":"2025-12-08T13:03:40","slug":"avatar-3-experiencia-3d-orix","status":"publish","type":"post","link":"https:\/\/noticiasya.com\/midland-odessa\/2025\/12\/08\/avatar-3-experiencia-3d-orix\/","title":{"rendered":"&#171;Avatar 3&#187;, una experiencia palpable para vivir en 3D"},"content":{"rendered":"<p>Una enorme A encendida en llamas era la se\u00f1al de que hab\u00edamos llegado a la gran fiesta del estreno mundial de \u201c<a href=\"https:\/\/cnnespanol.cnn.com\/2025\/07\/28\/entretenimiento\/video\/primer-trailer-avatar-3-navi-showbiz\">Avatar: Fire and Ash<\/a>\u201d (\u201cAvatar: fuego y cenizas\u201d), el t\u00edtulo oficial de la tercera parte de esta franquicia, la m\u00e1s rentable de la historia del cine.<\/p>\n<p>En su llamativa alfombra roja, solo una pregunta ocupaba mi mente: \u00bfllegar\u00e1 esta pel\u00edcula a reunir en la taquilla los miles de millones de d\u00f3lares que lograron sus antecesoras? Hab\u00eda que esperar a verla para hacerme una idea.<\/p>\n<p>Tres horas y 15 minutos despu\u00e9s de la proyecci\u00f3n -lo que la convierte en la pel\u00edcula m\u00e1s larga de la saga-, mi dictamen era contundente: no solo lo tiene todo para convertirse en una de las m\u00e1s taquilleras de la historia (en el ranking mundial, \u201cAvatar\u201d ocupa la primera posici\u00f3n y \u201cAvatar: The Way of Water\u201d, la tercera), sino que merece una nominaci\u00f3n al Oscar a mejor pel\u00edcula del a\u00f1o, como tambi\u00e9n ocurri\u00f3 con esos dos primeros cap\u00edtulos.<\/p>\n<p>Este tipo de pel\u00edcula, por ser del g\u00e9nero fant\u00e1stico, no es mi primera opci\u00f3n cuando de apostar por el ganador del Oscar se trata. De hecho, aunque las entregas previas s\u00ed fueron nominadas al gran premio de la Academia, James Cameron a\u00fan no se lleva esa estatuilla por esta marca. Solo la ha obtenido por \u201cTitanic\u201d, en 1998, sum\u00e1ndole sus premios a direcci\u00f3n y montaje.<\/p>\n<p>Eso s\u00ed, \u201cAvatar\u201d, en sus entregas previas, ya acumula cuatro premios Oscar, aunque la mayor\u00eda en categor\u00edas t\u00e9cnicas.<\/p>\n<p>Y si bien, en el pasado, ese mundo fant\u00e1stico y creado por computador me distra\u00eda un poco de la historia, con esta tercera entrega los avances tecnol\u00f3gicos son tan grandes que esa distracci\u00f3n ha desaparecido. Confieso entonces que hoy soy creyente: \u00a1Pandora existe!<\/p>\n<p>Con este tercer cap\u00edtulo, donde se forman nuevas alianzas, pero tambi\u00e9n surgen grandes conflictos, la intenci\u00f3n del director por querer ahondar en el relato es evidente. No solo se queda en la excelencia de lo t\u00e9cnico, sino que se sumerge de forma mucho m\u00e1s profunda en el contexto familiar, comunal y m\u00edstico de los Na\u2019vi.<\/p>\n<p>En la alfombra roja, Cameron hizo hincapi\u00e9 en que esta tercera parte era la m\u00e1s emotiva de la saga. Incluso, asegur\u00f3 a Extra TV que desde \u201cTitanic\u201d no hab\u00eda hecho algo tan conmovedor.<\/p>\n<p>D\u00edas antes, en una entrevista con la cadena CBS, el director tambi\u00e9n record\u00f3 c\u00f3mo al inicio de todo este viaje, el p\u00fablico pensaba que la tecnolog\u00eda utilizada en \u201cAvatar\u201d terminar\u00eda reemplazando a los actores. Pero ese no ha sido el caso. Si hoy la inteligencia artificial permite crear personajes con entradas de texto y generadores de im\u00e1genes, eso es algo que Cameron calific\u00f3 de \u201chorroroso\u201d durante esa charla.<\/p>\n<p>La relaci\u00f3n estrecha entre director y actor es algo sagrado que \u00e9l defiende y que nace con su t\u00e9cnica conocida como <em>performance capture<\/em> (captura de interpretaci\u00f3n), donde cada gesto, movimiento y expresi\u00f3n de sus azules protagonistas, est\u00e1n basados en el trabajo minucioso de interpretaci\u00f3n de sus actores.<\/p>\n<p>Antes de la proyecci\u00f3n de \u201cAvatar: Fire and Ash\u201d, Cameron present\u00f3 al p\u00fablico del Teatro Dolby a varios de sus protagonistas y record\u00f3 c\u00f3mo esa t\u00e9cnica funciona gracias al trabajo org\u00e1nico de su elenco.<\/p>\n<p>\u201cCapturamos la pel\u00edcula dos y la pel\u00edcula tres juntas. As\u00ed que fue un proceso de dieciocho meses\u201d.<\/p>\n<p>\u201cY algunos dir\u00e1n que \u2018ah, bueno, ustedes solo van y hacen el trabajo de voz como en una pel\u00edcula animada\u2019. Cada una de las cosas que ves realizar a los personajes, ellos lo hicieron, o quiz\u00e1 un doble, pero es un proceso actoral muy f\u00edsico. Es todo corporal, todo coraz\u00f3n, todo mente, todo. Y fueron dieciocho hermosos meses de trabajar con esta gente\u201d, coment\u00f3 el realizador frente a un teatro con sala llena.<\/p>\n<p>Una vez terminada la pel\u00edcula, los invitados intercambiamos impresiones sobre ella. El avance de la tecnolog\u00eda hace que el mundo de Pandora sea m\u00e1s palpable que nunca; su flora, su fauna, el agua y ahora el fuego llegan a un grado alucinante de realismo. \u00a1Recomiendo verla en 3D!<\/p>\n<p>\u201c\u2019Avatar: Fire and Ash\u2019 es una experiencia deslumbrante y emotiva. La pel\u00edcula confirma, una vez m\u00e1s, que James Cameron sigue siendo el maestro absoluto del cine \u00e9pico\u201d, comparti\u00f3 Raquel Laguna, periodista de Hollywood especializada en temas cinematogr\u00e1ficos.<\/p>\n<p>Por su parte, N\u00e9stor Betancor, cr\u00edtico de cine y creador de contenido, destac\u00f3 tambi\u00e9n el aspecto argumental de una pel\u00edcula que claramente no se limita a refinar solo su aspecto t\u00e9cnico. \u201cLos protagonistas de esta tercera parte, miembros de una familia traumatizada por la p\u00e9rdida y un devastador conflicto, entran en una crisis de valores donde pierden el sobresimplificado comp\u00e1s moral de los h\u00e9roes arquet\u00edpicos\u201d, anotaba.<\/p>\n<p>\u201cCameron parece comunicar, con estos y otros elementos m\u00e1s adultos, que la audiencia ha madurado lo suficiente desde la primera \u2018Avatar\u2019 para cambiar las respuestas complacientes de un t\u00edpico <em>blockbuster<\/em> por preguntas desafiantes que iluminen, a trav\u00e9s de estos alien\u00edgenas multicolores, el lado m\u00e1s oscuro de la naturaleza humana\u201d, concluy\u00f3 Betancor.<\/p>\n<p>Cameron, quien concibi\u00f3 la historia de \u201cAvatar\u201d antes que la de \u201cTitanic\u201d, tuvo que esperar hasta el siglo XXI para materializar con la mejor tecnolog\u00eda disponible el mundo de Pandora que su mente fant\u00e1stica y su amor por la biolog\u00eda marina hab\u00edan dise\u00f1ado. Hoy, con una ejecuci\u00f3n y calidad majestuosas, merece una larga ovaci\u00f3n de pie.<\/p>\n<p>The-CNN-Wire<br \/>&trade; &amp; &copy; 2025 Cable News Network, Inc., a Warner Bros. Discovery Company. All rights reserved.<\/p>\n","protected":false},"excerpt":{"rendered":"<p>Una enorme A encendida en llamas era la se\u00f1al de que hab\u00edamos llegado a la gran fiesta del estreno mundial de \u201cAvatar: Fire and Ash\u201d (\u201cAvatar: fuego y cenizas\u201d), el t\u00edtulo oficial de la tercera parte de esta franquicia, la m\u00e1s rentable de la historia del cine. En su llamativa alfombra roja, solo una pregunta [&hellip;]<\/p>\n","protected":false},"author":0,"featured_media":0,"comment_status":"open","ping_status":"open","sticky":false,"template":"","format":"standard","meta":{"_jetpack_memberships_contains_paid_content":false,"footnotes":""},"categories":[10],"tags":[],"class_list":["post-1469068","post","type-post","status-publish","format-standard","hentry","category-noticias-nacionales","market-global"],"yoast_head":"<!-- This site is optimized with the Yoast SEO plugin v24.4 - https:\/\/yoast.com\/wordpress\/plugins\/seo\/ -->\n<title>&quot;Avatar 3&quot;, una experiencia palpable para vivir en 3D - Noticias<\/title>\n<meta name=\"robots\" content=\"index, follow, max-snippet:-1, max-image-preview:large, max-video-preview:-1\" \/>\n<link rel=\"canonical\" href=\"https:\/\/noticiasya.com\/2025\/12\/08\/avatar-3-experiencia-3d-orix\/\" \/>\n<meta property=\"og:locale\" content=\"es_ES\" \/>\n<meta property=\"og:type\" content=\"article\" \/>\n<meta property=\"og:title\" content=\"&quot;Avatar 3&quot;, una experiencia palpable para vivir en 3D - Noticias\" \/>\n<meta property=\"og:description\" content=\"Una enorme A encendida en llamas era la se\u00f1al de que hab\u00edamos llegado a la gran fiesta del estreno mundial de \u201cAvatar: Fire and Ash\u201d (\u201cAvatar: fuego y cenizas\u201d), el t\u00edtulo oficial de la tercera parte de esta franquicia, la m\u00e1s rentable de la historia del cine. En su llamativa alfombra roja, solo una pregunta [&hellip;]\" \/>\n<meta property=\"og:url\" content=\"https:\/\/noticiasya.com\/2025\/12\/08\/avatar-3-experiencia-3d-orix\/\" \/>\n<meta property=\"og:site_name\" content=\"Noticias\" \/>\n<meta property=\"article:published_time\" content=\"2025-12-08T13:03:40+00:00\" \/>\n<meta name=\"twitter:card\" content=\"summary_large_image\" \/>\n<meta name=\"twitter:label1\" content=\"Est. reading time\" \/>\n\t<meta name=\"twitter:data1\" content=\"5 minutos\" \/>\n<script type=\"application\/ld+json\" class=\"yoast-schema-graph\">{\"@context\":\"https:\/\/schema.org\",\"@graph\":[{\"@type\":\"Article\",\"@id\":\"https:\/\/noticiasya.com\/2025\/12\/08\/avatar-3-experiencia-3d-orix\/#article\",\"isPartOf\":{\"@id\":\"https:\/\/noticiasya.com\/2025\/12\/08\/avatar-3-experiencia-3d-orix\/\"},\"author\":{\"name\":\"\",\"@id\":\"\"},\"headline\":\"&#171;Avatar 3&#187;, una experiencia palpable para vivir en 3D\",\"datePublished\":\"2025-12-08T13:03:40+00:00\",\"mainEntityOfPage\":{\"@id\":\"https:\/\/noticiasya.com\/2025\/12\/08\/avatar-3-experiencia-3d-orix\/\"},\"wordCount\":988,\"commentCount\":0,\"publisher\":{\"@id\":\"https:\/\/noticiasya.com\/#organization\"},\"articleSection\":[\"Noticias Nacionales\"],\"inLanguage\":\"es\",\"potentialAction\":[{\"@type\":\"CommentAction\",\"name\":\"Comment\",\"target\":[\"https:\/\/noticiasya.com\/2025\/12\/08\/avatar-3-experiencia-3d-orix\/#respond\"]}]},{\"@type\":\"WebPage\",\"@id\":\"https:\/\/noticiasya.com\/2025\/12\/08\/avatar-3-experiencia-3d-orix\/\",\"url\":\"https:\/\/noticiasya.com\/2025\/12\/08\/avatar-3-experiencia-3d-orix\/\",\"name\":\"\\\"Avatar 3\\\", una experiencia palpable para vivir en 3D - Noticias\",\"isPartOf\":{\"@id\":\"https:\/\/noticiasya.com\/#website\"},\"datePublished\":\"2025-12-08T13:03:40+00:00\",\"breadcrumb\":{\"@id\":\"https:\/\/noticiasya.com\/2025\/12\/08\/avatar-3-experiencia-3d-orix\/#breadcrumb\"},\"inLanguage\":\"es\",\"potentialAction\":[{\"@type\":\"ReadAction\",\"target\":[\"https:\/\/noticiasya.com\/2025\/12\/08\/avatar-3-experiencia-3d-orix\/\"]}]},{\"@type\":\"BreadcrumbList\",\"@id\":\"https:\/\/noticiasya.com\/2025\/12\/08\/avatar-3-experiencia-3d-orix\/#breadcrumb\",\"itemListElement\":[{\"@type\":\"ListItem\",\"position\":1,\"name\":\"Home\",\"item\":\"https:\/\/noticiasya.com\/\"},{\"@type\":\"ListItem\",\"position\":2,\"name\":\"&#171;Avatar 3&#187;, una experiencia palpable para vivir en 3D\"}]},{\"@type\":\"WebSite\",\"@id\":\"https:\/\/noticiasya.com\/#website\",\"url\":\"https:\/\/noticiasya.com\/\",\"name\":\"Noticias\",\"description\":\"Lo que importa\",\"publisher\":{\"@id\":\"https:\/\/noticiasya.com\/#organization\"},\"potentialAction\":[{\"@type\":\"SearchAction\",\"target\":{\"@type\":\"EntryPoint\",\"urlTemplate\":\"https:\/\/noticiasya.com\/?s={search_term_string}\"},\"query-input\":{\"@type\":\"PropertyValueSpecification\",\"valueRequired\":true,\"valueName\":\"search_term_string\"}}],\"inLanguage\":\"es\"},{\"@type\":\"Organization\",\"@id\":\"https:\/\/noticiasya.com\/#organization\",\"name\":\"Noticias\",\"url\":\"https:\/\/noticiasya.com\/\",\"logo\":{\"@type\":\"ImageObject\",\"inLanguage\":\"es\",\"@id\":\"https:\/\/noticiasya.com\/#\/schema\/logo\/image\/\",\"url\":\"https:\/\/noticiasya.com\/wp-content\/uploads\/sites\/22\/2023\/12\/logo-nacional.png\",\"contentUrl\":\"https:\/\/noticiasya.com\/wp-content\/uploads\/sites\/22\/2023\/12\/logo-nacional.png\",\"width\":1801,\"height\":691,\"caption\":\"Noticias\"},\"image\":{\"@id\":\"https:\/\/noticiasya.com\/#\/schema\/logo\/image\/\"}}]}<\/script>\n<!-- \/ Yoast SEO plugin. -->","yoast_head_json":{"title":"\"Avatar 3\", una experiencia palpable para vivir en 3D - Noticias","robots":{"index":"index","follow":"follow","max-snippet":"max-snippet:-1","max-image-preview":"max-image-preview:large","max-video-preview":"max-video-preview:-1"},"canonical":"https:\/\/noticiasya.com\/2025\/12\/08\/avatar-3-experiencia-3d-orix\/","og_locale":"es_ES","og_type":"article","og_title":"\"Avatar 3\", una experiencia palpable para vivir en 3D - Noticias","og_description":"Una enorme A encendida en llamas era la se\u00f1al de que hab\u00edamos llegado a la gran fiesta del estreno mundial de \u201cAvatar: Fire and Ash\u201d (\u201cAvatar: fuego y cenizas\u201d), el t\u00edtulo oficial de la tercera parte de esta franquicia, la m\u00e1s rentable de la historia del cine. En su llamativa alfombra roja, solo una pregunta [&hellip;]","og_url":"https:\/\/noticiasya.com\/2025\/12\/08\/avatar-3-experiencia-3d-orix\/","og_site_name":"Noticias","article_published_time":"2025-12-08T13:03:40+00:00","twitter_card":"summary_large_image","twitter_misc":{"Est. reading time":"5 minutos"},"schema":{"@context":"https:\/\/schema.org","@graph":[{"@type":"Article","@id":"https:\/\/noticiasya.com\/2025\/12\/08\/avatar-3-experiencia-3d-orix\/#article","isPartOf":{"@id":"https:\/\/noticiasya.com\/2025\/12\/08\/avatar-3-experiencia-3d-orix\/"},"author":{"name":"","@id":""},"headline":"&#171;Avatar 3&#187;, una experiencia palpable para vivir en 3D","datePublished":"2025-12-08T13:03:40+00:00","mainEntityOfPage":{"@id":"https:\/\/noticiasya.com\/2025\/12\/08\/avatar-3-experiencia-3d-orix\/"},"wordCount":988,"commentCount":0,"publisher":{"@id":"https:\/\/noticiasya.com\/#organization"},"articleSection":["Noticias Nacionales"],"inLanguage":"es","potentialAction":[{"@type":"CommentAction","name":"Comment","target":["https:\/\/noticiasya.com\/2025\/12\/08\/avatar-3-experiencia-3d-orix\/#respond"]}]},{"@type":"WebPage","@id":"https:\/\/noticiasya.com\/2025\/12\/08\/avatar-3-experiencia-3d-orix\/","url":"https:\/\/noticiasya.com\/2025\/12\/08\/avatar-3-experiencia-3d-orix\/","name":"\"Avatar 3\", una experiencia palpable para vivir en 3D - Noticias","isPartOf":{"@id":"https:\/\/noticiasya.com\/#website"},"datePublished":"2025-12-08T13:03:40+00:00","breadcrumb":{"@id":"https:\/\/noticiasya.com\/2025\/12\/08\/avatar-3-experiencia-3d-orix\/#breadcrumb"},"inLanguage":"es","potentialAction":[{"@type":"ReadAction","target":["https:\/\/noticiasya.com\/2025\/12\/08\/avatar-3-experiencia-3d-orix\/"]}]},{"@type":"BreadcrumbList","@id":"https:\/\/noticiasya.com\/2025\/12\/08\/avatar-3-experiencia-3d-orix\/#breadcrumb","itemListElement":[{"@type":"ListItem","position":1,"name":"Home","item":"https:\/\/noticiasya.com\/"},{"@type":"ListItem","position":2,"name":"&#171;Avatar 3&#187;, una experiencia palpable para vivir en 3D"}]},{"@type":"WebSite","@id":"https:\/\/noticiasya.com\/#website","url":"https:\/\/noticiasya.com\/","name":"Noticias","description":"Lo que importa","publisher":{"@id":"https:\/\/noticiasya.com\/#organization"},"potentialAction":[{"@type":"SearchAction","target":{"@type":"EntryPoint","urlTemplate":"https:\/\/noticiasya.com\/?s={search_term_string}"},"query-input":{"@type":"PropertyValueSpecification","valueRequired":true,"valueName":"search_term_string"}}],"inLanguage":"es"},{"@type":"Organization","@id":"https:\/\/noticiasya.com\/#organization","name":"Noticias","url":"https:\/\/noticiasya.com\/","logo":{"@type":"ImageObject","inLanguage":"es","@id":"https:\/\/noticiasya.com\/#\/schema\/logo\/image\/","url":"https:\/\/noticiasya.com\/wp-content\/uploads\/sites\/22\/2023\/12\/logo-nacional.png","contentUrl":"https:\/\/noticiasya.com\/wp-content\/uploads\/sites\/22\/2023\/12\/logo-nacional.png","width":1801,"height":691,"caption":"Noticias"},"image":{"@id":"https:\/\/noticiasya.com\/#\/schema\/logo\/image\/"}}]}},"parsely":{"version":"1.1.0","canonical_url":"https:\/\/noticiasya.com\/midland-odessa\/2025\/12\/08\/avatar-3-experiencia-3d-orix\/","smart_links":{"inbound":0,"outbound":0},"traffic_boost_suggestions_count":0,"meta":{"@context":"https:\/\/schema.org","@type":"NewsArticle","headline":"&#171;Avatar 3&#187;, una experiencia palpable para vivir en 3D","url":"http:\/\/noticiasya.com\/midland-odessa\/2025\/12\/08\/avatar-3-experiencia-3d-orix\/","mainEntityOfPage":{"@type":"WebPage","@id":"http:\/\/noticiasya.com\/midland-odessa\/2025\/12\/08\/avatar-3-experiencia-3d-orix\/"},"thumbnailUrl":"","image":{"@type":"ImageObject","url":""},"articleSection":"Noticias Nacionales","author":[],"creator":[],"publisher":{"@type":"Organization","name":"Noticias","logo":""},"keywords":[],"dateCreated":"2025-12-08T13:03:40Z","datePublished":"2025-12-08T13:03:40Z","dateModified":"2025-12-08T13:03:40Z"},"rendered":"<script type=\"application\/ld+json\" class=\"wp-parsely-metadata\">{\"@context\":\"https:\\\/\\\/schema.org\",\"@type\":\"NewsArticle\",\"headline\":\"&#171;Avatar 3&#187;, una experiencia palpable para vivir en 3D\",\"url\":\"http:\\\/\\\/noticiasya.com\\\/midland-odessa\\\/2025\\\/12\\\/08\\\/avatar-3-experiencia-3d-orix\\\/\",\"mainEntityOfPage\":{\"@type\":\"WebPage\",\"@id\":\"http:\\\/\\\/noticiasya.com\\\/midland-odessa\\\/2025\\\/12\\\/08\\\/avatar-3-experiencia-3d-orix\\\/\"},\"thumbnailUrl\":\"\",\"image\":{\"@type\":\"ImageObject\",\"url\":\"\"},\"articleSection\":\"Noticias Nacionales\",\"author\":[],\"creator\":[],\"publisher\":{\"@type\":\"Organization\",\"name\":\"Noticias\",\"logo\":\"\"},\"keywords\":[],\"dateCreated\":\"2025-12-08T13:03:40Z\",\"datePublished\":\"2025-12-08T13:03:40Z\",\"dateModified\":\"2025-12-08T13:03:40Z\"}<\/script>","tracker_url":"https:\/\/cdn.parsely.com\/keys\/noticiasya.com\/p.js"},"jetpack_featured_media_url":"","jetpack-related-posts":[{"id":1469396,"url":"https:\/\/noticiasya.com\/midland-odessa\/2025\/12\/18\/avatar-fire-and-ash-claves-orix\/","url_meta":{"origin":1469068,"position":0},"title":"Las claves para entender la historia en &#171;Avatar: Fire and Ash&#187;","author":"","date":"diciembre 18, 2025","format":false,"excerpt":"Han transcurrido 16 a\u00f1os desde la primera \u201cAvatar\u201d (2009) y tres a\u00f1os desde su secuela, \u201cAvatar: The Way of Water\u201d (2022). As\u00ed que es posible que algunos hayan olvidado ciertos detalles de la trama de esta saga, cuya tercera entrega, \u201cAvatar: Fire and Ash\u201d, se estrena este viernes en las\u2026","rel":"","context":"In &quot;Noticias Nacionales&quot;","block_context":{"text":"Noticias Nacionales","link":"https:\/\/noticiasya.com\/midland-odessa\/categoria\/noticias-nacionales"},"img":{"alt_text":"","src":"","width":0,"height":0},"classes":[]},{"id":1469630,"url":"https:\/\/noticiasya.com\/midland-odessa\/2025\/12\/28\/avatar-fire-and-ash-taquilla-segundo-fin-de-semana-trax\/","url_meta":{"origin":1469068,"position":1},"title":"&#171;Avatar: Fire and Ash&#187; arrasa la taquilla: \u00bfpor qu\u00e9 la secuela de James Cameron es ya el fen\u00f3meno imparable del a\u00f1o?","author":"","date":"diciembre 28, 2025","format":false,"excerpt":"El universo de Pandora ha vuelto a demostrar su invencibilidad en las salas de cine. Durante el \u00faltimo fin de semana del a\u00f1o, los cin\u00e9filos acudieron en masa para ser testigos de \u201cAvatar: Fire and Ash\u201d, la nueva apuesta de aventura y ciencia ficci\u00f3n de Disney. Con una asistencia masiva\u2026","rel":"","context":"In &quot;Noticias Nacionales&quot;","block_context":{"text":"Noticias Nacionales","link":"https:\/\/noticiasya.com\/midland-odessa\/categoria\/noticias-nacionales"},"img":{"alt_text":"","src":"","width":0,"height":0},"classes":[]},{"id":1469476,"url":"https:\/\/noticiasya.com\/midland-odessa\/2025\/12\/21\/avatar-fire-ash-taquilla-88-millones-debut-trax\/","url_meta":{"origin":1469068,"position":2},"title":"&#171;Avatar: Fire and Ash&#187; logra US $88 millones en su primer fin de semana en EE.UU.","author":"","date":"diciembre 21, 2025","format":false,"excerpt":"El fen\u00f3meno de Pandora est\u00e1 de vuelta. Los cin\u00e9filos regresaron en masa al universo de ciencia ficci\u00f3n de James Cameron este fin de semana, consolidando el \u00e9xito de la franquicia. \u2018Avatar: Fire and Ash\u2019 (Avatar 3) encendi\u00f3 la taquilla con una recaudaci\u00f3n estimada de US$ 88 millones en Estados Unidos,\u2026","rel":"","context":"In &quot;Noticias Nacionales&quot;","block_context":{"text":"Noticias Nacionales","link":"https:\/\/noticiasya.com\/midland-odessa\/categoria\/noticias-nacionales"},"img":{"alt_text":"","src":"","width":0,"height":0},"classes":[]},{"id":1468831,"url":"https:\/\/noticiasya.com\/midland-odessa\/2025\/11\/30\/avatar-3-estrenos-streaming-cines-invieno-trax\/","url_meta":{"origin":1469068,"position":3},"title":"De &#171;Avatar 3&#187; a un campe\u00f3n de ping-pong: los estrenos m\u00e1s esperados en streaming y cines este invierno","author":"","date":"noviembre 30, 2025","format":false,"excerpt":"Gente, lo logramos. El fin de a\u00f1o est\u00e1 cerca.Como cada a\u00f1o, nuestros cines y televisores inteligentes se llenar\u00e1n de una mezcla a veces alegre de aspirantes a premios prestigiosos, comedias tontas pero festivas, grandes \u00e9xitos de taquilla y algunas sorpresas inesperadas.Algunos t\u00edtulos apropiados para la temporada ya est\u00e1n disponibles y\u2026","rel":"","context":"In &quot;Noticias Nacionales&quot;","block_context":{"text":"Noticias Nacionales","link":"https:\/\/noticiasya.com\/midland-odessa\/categoria\/noticias-nacionales"},"img":{"alt_text":"","src":"","width":0,"height":0},"classes":[]},{"id":1470072,"url":"https:\/\/noticiasya.com\/midland-odessa\/2026\/01\/14\/zoe-saldana-actriz-mas-taquillera-orix\/","url_meta":{"origin":1469068,"position":4},"title":"Zoe Salda\u00f1a se convierte en la actriz m\u00e1s taquillera de todos los tiempos con &#171;Avatar: Fire and Ash&#187;","author":"","date":"enero 14, 2026","format":false,"excerpt":"Quiz\u00e1s su rostro no sea reconocible en las pel\u00edculas de la trilog\u00eda \u201cAvatar\u201d, pero el \u00e9xito de recaudaci\u00f3n de \u201cAvatar: Fire and Ash\u201d ha hecho que Zoe Salda\u00f1a se haya convertido en la actriz m\u00e1s taquillera en la historia de Hollywood, pues sus cintas han generado ingresos de US$ 15.700\u2026","rel":"","context":"In &quot;Noticias Nacionales&quot;","block_context":{"text":"Noticias Nacionales","link":"https:\/\/noticiasya.com\/midland-odessa\/categoria\/noticias-nacionales"},"img":{"alt_text":"","src":"","width":0,"height":0},"classes":[]},{"id":1469692,"url":"https:\/\/noticiasya.com\/midland-odessa\/2025\/12\/31\/10-peliculas-2025-orix\/","url_meta":{"origin":1469068,"position":5},"title":"No s\u00e9 si son las mejores, pero son mis favoritas: las 10 pel\u00edculas de 2025","author":"","date":"diciembre 31, 2025","format":false,"excerpt":"En esta \u00e9poca del a\u00f1o, sumado a los nunca bien cumplidos prop\u00f3sitos, suelo escuchar una queja entre algunos malhumorados cin\u00e9filos: \u201ceste a\u00f1o no hubo buenas pel\u00edculas\u201d. Pero esta vez, la queja no se ha sentido.Y es que en el 2025 lo tuvimos todo\u2026 y en grande. Desde el regreso de\u2026","rel":"","context":"In &quot;Noticias Nacionales&quot;","block_context":{"text":"Noticias Nacionales","link":"https:\/\/noticiasya.com\/midland-odessa\/categoria\/noticias-nacionales"},"img":{"alt_text":"","src":"","width":0,"height":0},"classes":[]}],"jetpack_sharing_enabled":true,"_links":{"self":[{"href":"https:\/\/noticiasya.com\/midland-odessa\/wp-json\/wp\/v2\/posts\/1469068","targetHints":{"allow":["GET"]}}],"collection":[{"href":"https:\/\/noticiasya.com\/midland-odessa\/wp-json\/wp\/v2\/posts"}],"about":[{"href":"https:\/\/noticiasya.com\/midland-odessa\/wp-json\/wp\/v2\/types\/post"}],"replies":[{"embeddable":true,"href":"https:\/\/noticiasya.com\/midland-odessa\/wp-json\/wp\/v2\/comments?post=1469068"}],"version-history":[{"count":0,"href":"https:\/\/noticiasya.com\/midland-odessa\/wp-json\/wp\/v2\/posts\/1469068\/revisions"}],"wp:attachment":[{"href":"https:\/\/noticiasya.com\/midland-odessa\/wp-json\/wp\/v2\/media?parent=1469068"}],"wp:term":[{"taxonomy":"category","embeddable":true,"href":"https:\/\/noticiasya.com\/midland-odessa\/wp-json\/wp\/v2\/categories?post=1469068"},{"taxonomy":"post_tag","embeddable":true,"href":"https:\/\/noticiasya.com\/midland-odessa\/wp-json\/wp\/v2\/tags?post=1469068"}],"curies":[{"name":"wp","href":"https:\/\/api.w.org\/{rel}","templated":true}]}}