{"id":1469069,"date":"2025-12-08T06:03:38","date_gmt":"2025-12-08T14:03:38","guid":{"rendered":"https:\/\/noticiasya.com\/2025\/12\/08\/muertos-carcel-machala-ecuador-explosion-orix\/"},"modified":"2025-12-08T06:03:38","modified_gmt":"2025-12-08T14:03:38","slug":"muertos-carcel-machala-ecuador-explosion-orix","status":"publish","type":"post","link":"https:\/\/noticiasya.com\/midland-odessa\/2025\/12\/08\/muertos-carcel-machala-ecuador-explosion-orix\/","title":{"rendered":"Mueren 13 presos en la c\u00e1rcel de Machala en Ecuador tras una explosi\u00f3n"},"content":{"rendered":"<p>El Servicio de Atenci\u00f3n a Personas Privadas de la Libertad de Ecuador (SNAI) confirm\u00f3 este lunes que 13 reclusos murieron este domingo luego de que se registr\u00f3 la detonaci\u00f3n de un artefacto explosivo en los exteriores de la c\u00e1rcel de Machala, centro de privaci\u00f3n de libertad de la provincia de El Oro.<\/p>\n<p>\u201cLa Polic\u00eda acudi\u00f3 en ese momento al lugar y de forma simult\u00e1nea realiz\u00f3 una intervenci\u00f3n y revisi\u00f3n inmediata en el centro\u201d, respondi\u00f3 el SNAI a los periodistas tras varias consultas y pedido de informaci\u00f3n desde el domingo.<\/p>\n<p>El SNAI agreg\u00f3 el Departamento de Medicina Legal de la Polic\u00eda est\u00e1 realizando las autopsias y procedimientos para determinar las causas de muerte de cada uno de los reclusos.<\/p>\n<p>A la muerte de estos 13 reos, se suma la de <a href=\"https:\/\/cnnespanol.cnn.com\/2025\/11\/10\/latinoamerica\/video\/violencia-ecuador-presos-asesinato-noboa-conclusiones-tv\">otros 31<\/a> ocurrida a inicios de noviembre en el mismo centro penitenciario. Seg\u00fan el SNAI, los reclusos murieron por asfixia sin especificar m\u00e1s detalles sobre el contexto de los fallecimientos.<\/p>\n<p>El sistema carcelario en Ecuador enfrenta un 35%, de hacinamiento, de acuerdo con datos del propio SNAI, y al menos 670 presos han sido asesinados dentro de las violentas prisiones, afirma la Comisi\u00f3n Interamericana de Derechos Humanos en su m\u00e1s reciente informe. El Ministerio del Interior reconoce que las c\u00e1rceles ya no se ajustan al nivel de criminalidad actual.<\/p>\n<p>El 25 de noviembre, la Comisi\u00f3n Interamericana de Derechos Humanos reiter\u00f3 su preocupaci\u00f3n por la persistente violencia intracarcelaria y exhort\u00f3 al Estado a adoptar medidas inmediatas para garantizar el derecho a la vida y la integridad de los reclusos.<\/p>\n<p>The-CNN-Wire<br \/>&trade; &amp; &copy; 2025 Cable News Network, Inc., a Warner Bros. Discovery Company. All rights reserved.<\/p>\n","protected":false},"excerpt":{"rendered":"<p>El Servicio de Atenci\u00f3n a Personas Privadas de la Libertad de Ecuador (SNAI) confirm\u00f3 este lunes que 13 reclusos murieron este domingo luego de que se registr\u00f3 la detonaci\u00f3n de un artefacto explosivo en los exteriores de la c\u00e1rcel de Machala, centro de privaci\u00f3n de libertad de la provincia de El Oro. \u201cLa Polic\u00eda acudi\u00f3 [&hellip;]<\/p>\n","protected":false},"author":0,"featured_media":0,"comment_status":"open","ping_status":"open","sticky":false,"template":"","format":"standard","meta":{"_jetpack_memberships_contains_paid_content":false,"footnotes":""},"categories":[10],"tags":[],"class_list":["post-1469069","post","type-post","status-publish","format-standard","hentry","category-noticias-nacionales","market-global"],"yoast_head":"<!-- This site is optimized with the Yoast SEO plugin v24.4 - https:\/\/yoast.com\/wordpress\/plugins\/seo\/ -->\n<title>Mueren 13 presos en la c\u00e1rcel de Machala en Ecuador tras una explosi\u00f3n - Noticias<\/title>\n<meta name=\"robots\" content=\"index, follow, max-snippet:-1, max-image-preview:large, max-video-preview:-1\" \/>\n<link rel=\"canonical\" href=\"https:\/\/noticiasya.com\/2025\/12\/08\/muertos-carcel-machala-ecuador-explosion-orix\/\" \/>\n<meta property=\"og:locale\" content=\"es_ES\" \/>\n<meta property=\"og:type\" content=\"article\" \/>\n<meta property=\"og:title\" content=\"Mueren 13 presos en la c\u00e1rcel de Machala en Ecuador tras una explosi\u00f3n - Noticias\" \/>\n<meta property=\"og:description\" content=\"El Servicio de Atenci\u00f3n a Personas Privadas de la Libertad de Ecuador (SNAI) confirm\u00f3 este lunes que 13 reclusos murieron este domingo luego de que se registr\u00f3 la detonaci\u00f3n de un artefacto explosivo en los exteriores de la c\u00e1rcel de Machala, centro de privaci\u00f3n de libertad de la provincia de El Oro. \u201cLa Polic\u00eda acudi\u00f3 [&hellip;]\" \/>\n<meta property=\"og:url\" content=\"https:\/\/noticiasya.com\/2025\/12\/08\/muertos-carcel-machala-ecuador-explosion-orix\/\" \/>\n<meta property=\"og:site_name\" content=\"Noticias\" \/>\n<meta property=\"article:published_time\" content=\"2025-12-08T14:03:38+00:00\" \/>\n<meta name=\"twitter:card\" content=\"summary_large_image\" \/>\n<meta name=\"twitter:label1\" content=\"Est. reading time\" \/>\n\t<meta name=\"twitter:data1\" content=\"1 minuto\" \/>\n<script type=\"application\/ld+json\" class=\"yoast-schema-graph\">{\"@context\":\"https:\/\/schema.org\",\"@graph\":[{\"@type\":\"Article\",\"@id\":\"https:\/\/noticiasya.com\/2025\/12\/08\/muertos-carcel-machala-ecuador-explosion-orix\/#article\",\"isPartOf\":{\"@id\":\"https:\/\/noticiasya.com\/2025\/12\/08\/muertos-carcel-machala-ecuador-explosion-orix\/\"},\"author\":{\"name\":\"\",\"@id\":\"\"},\"headline\":\"Mueren 13 presos en la c\u00e1rcel de Machala en Ecuador tras una explosi\u00f3n\",\"datePublished\":\"2025-12-08T14:03:38+00:00\",\"mainEntityOfPage\":{\"@id\":\"https:\/\/noticiasya.com\/2025\/12\/08\/muertos-carcel-machala-ecuador-explosion-orix\/\"},\"wordCount\":298,\"commentCount\":0,\"publisher\":{\"@id\":\"https:\/\/noticiasya.com\/#organization\"},\"articleSection\":[\"Noticias Nacionales\"],\"inLanguage\":\"es\",\"potentialAction\":[{\"@type\":\"CommentAction\",\"name\":\"Comment\",\"target\":[\"https:\/\/noticiasya.com\/2025\/12\/08\/muertos-carcel-machala-ecuador-explosion-orix\/#respond\"]}]},{\"@type\":\"WebPage\",\"@id\":\"https:\/\/noticiasya.com\/2025\/12\/08\/muertos-carcel-machala-ecuador-explosion-orix\/\",\"url\":\"https:\/\/noticiasya.com\/2025\/12\/08\/muertos-carcel-machala-ecuador-explosion-orix\/\",\"name\":\"Mueren 13 presos en la c\u00e1rcel de Machala en Ecuador tras una explosi\u00f3n - Noticias\",\"isPartOf\":{\"@id\":\"https:\/\/noticiasya.com\/#website\"},\"datePublished\":\"2025-12-08T14:03:38+00:00\",\"breadcrumb\":{\"@id\":\"https:\/\/noticiasya.com\/2025\/12\/08\/muertos-carcel-machala-ecuador-explosion-orix\/#breadcrumb\"},\"inLanguage\":\"es\",\"potentialAction\":[{\"@type\":\"ReadAction\",\"target\":[\"https:\/\/noticiasya.com\/2025\/12\/08\/muertos-carcel-machala-ecuador-explosion-orix\/\"]}]},{\"@type\":\"BreadcrumbList\",\"@id\":\"https:\/\/noticiasya.com\/2025\/12\/08\/muertos-carcel-machala-ecuador-explosion-orix\/#breadcrumb\",\"itemListElement\":[{\"@type\":\"ListItem\",\"position\":1,\"name\":\"Home\",\"item\":\"https:\/\/noticiasya.com\/\"},{\"@type\":\"ListItem\",\"position\":2,\"name\":\"Mueren 13 presos en la c\u00e1rcel de Machala en Ecuador tras una explosi\u00f3n\"}]},{\"@type\":\"WebSite\",\"@id\":\"https:\/\/noticiasya.com\/#website\",\"url\":\"https:\/\/noticiasya.com\/\",\"name\":\"Noticias\",\"description\":\"Lo que importa\",\"publisher\":{\"@id\":\"https:\/\/noticiasya.com\/#organization\"},\"potentialAction\":[{\"@type\":\"SearchAction\",\"target\":{\"@type\":\"EntryPoint\",\"urlTemplate\":\"https:\/\/noticiasya.com\/?s={search_term_string}\"},\"query-input\":{\"@type\":\"PropertyValueSpecification\",\"valueRequired\":true,\"valueName\":\"search_term_string\"}}],\"inLanguage\":\"es\"},{\"@type\":\"Organization\",\"@id\":\"https:\/\/noticiasya.com\/#organization\",\"name\":\"Noticias\",\"url\":\"https:\/\/noticiasya.com\/\",\"logo\":{\"@type\":\"ImageObject\",\"inLanguage\":\"es\",\"@id\":\"https:\/\/noticiasya.com\/#\/schema\/logo\/image\/\",\"url\":\"https:\/\/noticiasya.com\/wp-content\/uploads\/sites\/22\/2023\/12\/logo-nacional.png\",\"contentUrl\":\"https:\/\/noticiasya.com\/wp-content\/uploads\/sites\/22\/2023\/12\/logo-nacional.png\",\"width\":1801,\"height\":691,\"caption\":\"Noticias\"},\"image\":{\"@id\":\"https:\/\/noticiasya.com\/#\/schema\/logo\/image\/\"}}]}<\/script>\n<!-- \/ Yoast SEO plugin. -->","yoast_head_json":{"title":"Mueren 13 presos en la c\u00e1rcel de Machala en Ecuador tras una explosi\u00f3n - Noticias","robots":{"index":"index","follow":"follow","max-snippet":"max-snippet:-1","max-image-preview":"max-image-preview:large","max-video-preview":"max-video-preview:-1"},"canonical":"https:\/\/noticiasya.com\/2025\/12\/08\/muertos-carcel-machala-ecuador-explosion-orix\/","og_locale":"es_ES","og_type":"article","og_title":"Mueren 13 presos en la c\u00e1rcel de Machala en Ecuador tras una explosi\u00f3n - Noticias","og_description":"El Servicio de Atenci\u00f3n a Personas Privadas de la Libertad de Ecuador (SNAI) confirm\u00f3 este lunes que 13 reclusos murieron este domingo luego de que se registr\u00f3 la detonaci\u00f3n de un artefacto explosivo en los exteriores de la c\u00e1rcel de Machala, centro de privaci\u00f3n de libertad de la provincia de El Oro. \u201cLa Polic\u00eda acudi\u00f3 [&hellip;]","og_url":"https:\/\/noticiasya.com\/2025\/12\/08\/muertos-carcel-machala-ecuador-explosion-orix\/","og_site_name":"Noticias","article_published_time":"2025-12-08T14:03:38+00:00","twitter_card":"summary_large_image","twitter_misc":{"Est. reading time":"1 minuto"},"schema":{"@context":"https:\/\/schema.org","@graph":[{"@type":"Article","@id":"https:\/\/noticiasya.com\/2025\/12\/08\/muertos-carcel-machala-ecuador-explosion-orix\/#article","isPartOf":{"@id":"https:\/\/noticiasya.com\/2025\/12\/08\/muertos-carcel-machala-ecuador-explosion-orix\/"},"author":{"name":"","@id":""},"headline":"Mueren 13 presos en la c\u00e1rcel de Machala en Ecuador tras una explosi\u00f3n","datePublished":"2025-12-08T14:03:38+00:00","mainEntityOfPage":{"@id":"https:\/\/noticiasya.com\/2025\/12\/08\/muertos-carcel-machala-ecuador-explosion-orix\/"},"wordCount":298,"commentCount":0,"publisher":{"@id":"https:\/\/noticiasya.com\/#organization"},"articleSection":["Noticias Nacionales"],"inLanguage":"es","potentialAction":[{"@type":"CommentAction","name":"Comment","target":["https:\/\/noticiasya.com\/2025\/12\/08\/muertos-carcel-machala-ecuador-explosion-orix\/#respond"]}]},{"@type":"WebPage","@id":"https:\/\/noticiasya.com\/2025\/12\/08\/muertos-carcel-machala-ecuador-explosion-orix\/","url":"https:\/\/noticiasya.com\/2025\/12\/08\/muertos-carcel-machala-ecuador-explosion-orix\/","name":"Mueren 13 presos en la c\u00e1rcel de Machala en Ecuador tras una explosi\u00f3n - Noticias","isPartOf":{"@id":"https:\/\/noticiasya.com\/#website"},"datePublished":"2025-12-08T14:03:38+00:00","breadcrumb":{"@id":"https:\/\/noticiasya.com\/2025\/12\/08\/muertos-carcel-machala-ecuador-explosion-orix\/#breadcrumb"},"inLanguage":"es","potentialAction":[{"@type":"ReadAction","target":["https:\/\/noticiasya.com\/2025\/12\/08\/muertos-carcel-machala-ecuador-explosion-orix\/"]}]},{"@type":"BreadcrumbList","@id":"https:\/\/noticiasya.com\/2025\/12\/08\/muertos-carcel-machala-ecuador-explosion-orix\/#breadcrumb","itemListElement":[{"@type":"ListItem","position":1,"name":"Home","item":"https:\/\/noticiasya.com\/"},{"@type":"ListItem","position":2,"name":"Mueren 13 presos en la c\u00e1rcel de Machala en Ecuador tras una explosi\u00f3n"}]},{"@type":"WebSite","@id":"https:\/\/noticiasya.com\/#website","url":"https:\/\/noticiasya.com\/","name":"Noticias","description":"Lo que importa","publisher":{"@id":"https:\/\/noticiasya.com\/#organization"},"potentialAction":[{"@type":"SearchAction","target":{"@type":"EntryPoint","urlTemplate":"https:\/\/noticiasya.com\/?s={search_term_string}"},"query-input":{"@type":"PropertyValueSpecification","valueRequired":true,"valueName":"search_term_string"}}],"inLanguage":"es"},{"@type":"Organization","@id":"https:\/\/noticiasya.com\/#organization","name":"Noticias","url":"https:\/\/noticiasya.com\/","logo":{"@type":"ImageObject","inLanguage":"es","@id":"https:\/\/noticiasya.com\/#\/schema\/logo\/image\/","url":"https:\/\/noticiasya.com\/wp-content\/uploads\/sites\/22\/2023\/12\/logo-nacional.png","contentUrl":"https:\/\/noticiasya.com\/wp-content\/uploads\/sites\/22\/2023\/12\/logo-nacional.png","width":1801,"height":691,"caption":"Noticias"},"image":{"@id":"https:\/\/noticiasya.com\/#\/schema\/logo\/image\/"}}]}},"parsely":{"version":"1.1.0","canonical_url":"https:\/\/noticiasya.com\/midland-odessa\/2025\/12\/08\/muertos-carcel-machala-ecuador-explosion-orix\/","smart_links":{"inbound":0,"outbound":0},"traffic_boost_suggestions_count":0,"meta":{"@context":"https:\/\/schema.org","@type":"NewsArticle","headline":"Mueren 13 presos en la c\u00e1rcel de Machala en Ecuador tras una explosi\u00f3n","url":"http:\/\/noticiasya.com\/midland-odessa\/2025\/12\/08\/muertos-carcel-machala-ecuador-explosion-orix\/","mainEntityOfPage":{"@type":"WebPage","@id":"http:\/\/noticiasya.com\/midland-odessa\/2025\/12\/08\/muertos-carcel-machala-ecuador-explosion-orix\/"},"thumbnailUrl":"","image":{"@type":"ImageObject","url":""},"articleSection":"Noticias Nacionales","author":[],"creator":[],"publisher":{"@type":"Organization","name":"Noticias","logo":""},"keywords":[],"dateCreated":"2025-12-08T14:03:38Z","datePublished":"2025-12-08T14:03:38Z","dateModified":"2025-12-08T14:03:38Z"},"rendered":"<script type=\"application\/ld+json\" class=\"wp-parsely-metadata\">{\"@context\":\"https:\\\/\\\/schema.org\",\"@type\":\"NewsArticle\",\"headline\":\"Mueren 13 presos en la c\\u00e1rcel de Machala en Ecuador tras una explosi\\u00f3n\",\"url\":\"http:\\\/\\\/noticiasya.com\\\/midland-odessa\\\/2025\\\/12\\\/08\\\/muertos-carcel-machala-ecuador-explosion-orix\\\/\",\"mainEntityOfPage\":{\"@type\":\"WebPage\",\"@id\":\"http:\\\/\\\/noticiasya.com\\\/midland-odessa\\\/2025\\\/12\\\/08\\\/muertos-carcel-machala-ecuador-explosion-orix\\\/\"},\"thumbnailUrl\":\"\",\"image\":{\"@type\":\"ImageObject\",\"url\":\"\"},\"articleSection\":\"Noticias Nacionales\",\"author\":[],\"creator\":[],\"publisher\":{\"@type\":\"Organization\",\"name\":\"Noticias\",\"logo\":\"\"},\"keywords\":[],\"dateCreated\":\"2025-12-08T14:03:38Z\",\"datePublished\":\"2025-12-08T14:03:38Z\",\"dateModified\":\"2025-12-08T14:03:38Z\"}<\/script>","tracker_url":"https:\/\/cdn.parsely.com\/keys\/noticiasya.com\/p.js"},"jetpack_featured_media_url":"","jetpack-related-posts":[{"id":1468184,"url":"https:\/\/noticiasya.com\/midland-odessa\/2025\/11\/09\/27-presos-mueren-asfixia-carcel-ecuador-ola-violencia-orix\/","url_meta":{"origin":1469069,"position":0},"title":"Al menos 27 presos mueren por asfixia en una c\u00e1rcel del sur de Ecuador, en medio de una nueva ola de violencia carcelaria","author":"","date":"noviembre 9, 2025","format":false,"excerpt":"Al menos 27 presos murieron este domingo por asfixia en el Centro de Privaci\u00f3n de Libertad de Machala, ubicado en la provincia de El Oro, en el sur de Ecuador, inform\u00f3 el Servicio Nacional de Atenci\u00f3n Integral a Personas Privadas de la Libertad y Adolescentes Infractores (SNAI).En un comunicado publicado\u2026","rel":"","context":"In &quot;Noticias Nacionales&quot;","block_context":{"text":"Noticias Nacionales","link":"https:\/\/noticiasya.com\/midland-odessa\/categoria\/noticias-nacionales"},"img":{"alt_text":"","src":"","width":0,"height":0},"classes":[]},{"id":1466822,"url":"https:\/\/noticiasya.com\/midland-odessa\/2025\/09\/25\/muertos-enfrentamiento-carcel-ecuador-orix\/","url_meta":{"origin":1469069,"position":1},"title":"Al menos 17 muertos tras enfrentamiento en una c\u00e1rcel de Ecuador","author":"","date":"septiembre 25, 2025","format":false,"excerpt":"Un enfrentamiento entre bandas rivales en la c\u00e1rcel de la ciudad costera de Esmeraldas en Ecuador dej\u00f3 al menos 17 muertos, seg\u00fan inform\u00f3 la Polic\u00eda Nacional a trav\u00e9s de un comunicado compartido a la prensa.\u201cLa situaci\u00f3n se da por una orden externa del grupo de delincuencia organizada Tiguerones para que\u2026","rel":"","context":"In &quot;Noticias Nacionales&quot;","block_context":{"text":"Noticias Nacionales","link":"https:\/\/noticiasya.com\/midland-odessa\/categoria\/noticias-nacionales"},"img":{"alt_text":"","src":"","width":0,"height":0},"classes":[]},{"id":1447511,"url":"https:\/\/noticiasya.com\/midland-odessa\/2024\/03\/28\/muertos-heridos-amotinamiento-carcel-ecuador-orix\/","url_meta":{"origin":1469069,"position":2},"title":"Sube a tres muertos y seis heridos la cifra de v\u00edctimas en un amotinamiento de reclusos en una c\u00e1rcel de Ecuador","author":"","date":"marzo 28, 2024","format":false,"excerpt":"(CNN) -- La cifra de v\u00edctimas por el amotinamiento de reclusos la noche del mi\u00e9rcoles en el Centro de Rehabilitaci\u00f3n Social No. 4 subi\u00f3 a tres muertos y seis heridos, inform\u00f3 este jueves el Servicio Nacional de Atenci\u00f3n Integral a Personas Adultas Privadas de la Libertad y a Adolescentes Infractores\u2026","rel":"","context":"In &quot;Noticias Nacionales&quot;","block_context":{"text":"Noticias Nacionales","link":"https:\/\/noticiasya.com\/midland-odessa\/categoria\/noticias-nacionales"},"img":{"alt_text":"","src":"","width":0,"height":0},"classes":[]},{"id":1443455,"url":"https:\/\/noticiasya.com\/midland-odessa\/2024\/01\/10\/explosiones-policias-secuestrados-e-incidentes-en-varias-carceles-en-el-primer-dia-de-estado-de-excepcion-en-ecuador\/","url_meta":{"origin":1469069,"position":3},"title":"Explosiones, polic\u00edas secuestrados e incidentes en varias c\u00e1rceles en el primer d\u00eda de estado de excepci\u00f3n en Ecuador","author":"","date":"enero 10, 2024","format":false,"excerpt":"(CNN Espa\u00f1ol) -- Aumenta la tensi\u00f3n y la violencia en Ecuador tras la fuga de Adolfo Mac\u00edas, alias \u201cFito\u201d, l\u00edder de la banda criminal de Los Choneros.Este lunes y martes por la madrugada se vivi\u00f3 \u201cuna noche de terror\u201d en varias regiones del pa\u00eds. As\u00ed califican la situaci\u00f3n algunos ciudadanos\u2026","rel":"","context":"In &quot;Noticias Nacionales&quot;","block_context":{"text":"Noticias Nacionales","link":"https:\/\/noticiasya.com\/midland-odessa\/categoria\/noticias-nacionales"},"img":{"alt_text":"","src":"","width":0,"height":0},"classes":[]},{"id":1457269,"url":"https:\/\/noticiasya.com\/midland-odessa\/2025\/01\/06\/jorge-glas-carcel-traslado-ecuador-orix\/","url_meta":{"origin":1469069,"position":4},"title":"Trasladan temporalmente a Jorge Glas debido a mot\u00edn en c\u00e1rcel donde est\u00e1 recluido en Ecuador","author":"","date":"enero 6, 2025","format":false,"excerpt":"Las autoridades penitenciarias de Ecuador informaron este domingo que el exvicepresidente Jorge Glas fue evacuado temporalmente de la c\u00e1rcel de Guayas para garantizar su \u201cbienestar e integridad\u201d.El Servicio Nacional de Atenci\u00f3n Integral a Personas Adultas Privadas de la Libertad (SNAI) inform\u00f3 que en el centro penitenciario Guayas se registraron incidentes\u2026","rel":"","context":"In &quot;Noticias Nacionales&quot;","block_context":{"text":"Noticias Nacionales","link":"https:\/\/noticiasya.com\/midland-odessa\/categoria\/noticias-nacionales"},"img":{"alt_text":"","src":"","width":0,"height":0},"classes":[]},{"id":1447864,"url":"https:\/\/noticiasya.com\/midland-odessa\/2024\/04\/08\/jorge-glas-hospitalizacion-ecuador-orix\/","url_meta":{"origin":1469069,"position":5},"title":"Hospitalizan al exvicepresidente Jorge Glas debido a &#171;posible descompensaci\u00f3n&#187; por negarse &#171;a consumir alimentos&#187;, dice SNAI","author":"","date":"abril 8, 2024","format":false,"excerpt":"(CNN Espa\u00f1ol) \u2013\u2013 El exvicepresidente de Ecuador Jorge Glas fue hospitalizado este lunes en Guayaquil debido a una \"posible descompensaci\u00f3n por su negativa a consumir los alimentos provistos\", inform\u00f3 el Servicio Nacional de Atenci\u00f3n Integral a Personas Adultas Privadas de la Libertad y a Adolescentes Infractores (SNAI).En un comunicado publicado\u2026","rel":"","context":"In &quot;Noticias Nacionales&quot;","block_context":{"text":"Noticias Nacionales","link":"https:\/\/noticiasya.com\/midland-odessa\/categoria\/noticias-nacionales"},"img":{"alt_text":"","src":"","width":0,"height":0},"classes":[]}],"jetpack_sharing_enabled":true,"_links":{"self":[{"href":"https:\/\/noticiasya.com\/midland-odessa\/wp-json\/wp\/v2\/posts\/1469069","targetHints":{"allow":["GET"]}}],"collection":[{"href":"https:\/\/noticiasya.com\/midland-odessa\/wp-json\/wp\/v2\/posts"}],"about":[{"href":"https:\/\/noticiasya.com\/midland-odessa\/wp-json\/wp\/v2\/types\/post"}],"replies":[{"embeddable":true,"href":"https:\/\/noticiasya.com\/midland-odessa\/wp-json\/wp\/v2\/comments?post=1469069"}],"version-history":[{"count":0,"href":"https:\/\/noticiasya.com\/midland-odessa\/wp-json\/wp\/v2\/posts\/1469069\/revisions"}],"wp:attachment":[{"href":"https:\/\/noticiasya.com\/midland-odessa\/wp-json\/wp\/v2\/media?parent=1469069"}],"wp:term":[{"taxonomy":"category","embeddable":true,"href":"https:\/\/noticiasya.com\/midland-odessa\/wp-json\/wp\/v2\/categories?post=1469069"},{"taxonomy":"post_tag","embeddable":true,"href":"https:\/\/noticiasya.com\/midland-odessa\/wp-json\/wp\/v2\/tags?post=1469069"}],"curies":[{"name":"wp","href":"https:\/\/api.w.org\/{rel}","templated":true}]}}