{"id":1469070,"date":"2025-12-08T06:03:39","date_gmt":"2025-12-08T14:03:39","guid":{"rendered":"https:\/\/noticiasya.com\/2025\/12\/08\/nominados-globo-oro-golden-globes-trax\/"},"modified":"2025-12-08T06:03:39","modified_gmt":"2025-12-08T14:03:39","slug":"nominados-globo-oro-golden-globes-trax","status":"publish","type":"post","link":"https:\/\/noticiasya.com\/midland-odessa\/2025\/12\/08\/nominados-globo-oro-golden-globes-trax\/","title":{"rendered":"Estos son los nominados a los premios Globo de Oro"},"content":{"rendered":"<p>Esta ma\u00f1ana se anuncian las nominaciones a los Globos de Oro con un giro emocionante: finalmente reconocemos al mejor podcast, una decisi\u00f3n que sin duda entusiasmar\u00e1 a decenas de fans.<\/p>\n<p>Como es habitual, las categor\u00edas de los Globos se ven afectadas por la insistencia en clasificar las pel\u00edculas y series de televisi\u00f3n como drama o como \u201cmusical o comedia\u201d.<\/p>\n<p>La ceremonia de los Globos se celebrar\u00e1 el 11 de enero de 2026 y ser\u00e1 presentada por Nikki Glaser.<\/p>\n<ul>\n<li>\u201cBlue Moon\u201d<\/li>\n<li>\u201cBugonia\u201d<\/li>\n<li>\u201cMarty Supreme\u201d<\/li>\n<li>\u201cNo Other Choice\u201d<\/li>\n<li>\u201cNouvelle Vague\u201d<\/li>\n<li>\u201cOne Battle After Another\u201d<\/li>\n<\/ul>\n<ul>\n<li>\u201cFrankenstein\u201d<\/li>\n<li>\u201cHamnet\u201d<\/li>\n<li>\u201cIt Was Just an Accident\u201d<\/li>\n<li>\u201cThe Secret Agent\u201d<\/li>\n<li>\u201cSentimental Value\u201d<\/li>\n<li>\u201cSinners\u201d<\/li>\n<\/ul>\n<ul>\n<li>\u201cAdolescence\u201d<\/li>\n<li>\u201cAll Her Fault\u201d<\/li>\n<li>\u201cThe Beast in Me\u201d<\/li>\n<li>\u201cBlack Mirror\u201d<\/li>\n<li>\u201cDying for Sex\u201d<\/li>\n<li>\u201cThe Girlfriend\u201d<\/li>\n<\/ul>\n<ul>\n<li>Benicio del Toro<\/li>\n<li>Jacob Elordi<\/li>\n<li>Paul Mescal<\/li>\n<li>Sean Penn<\/li>\n<li>Adam Sandler<\/li>\n<li>Stellan Skarsgard<\/li>\n<\/ul>\n<ul>\n<li>Sterling K. Brown<\/li>\n<li>Diego Luna<\/li>\n<li>Gary Oldman<\/li>\n<li>Mark Ruffalo<\/li>\n<li>Adam Scott<\/li>\n<li>Noah Wylie<\/li>\n<\/ul>\n<ul>\n<li>Kristen Bell \u2013 Nobody Wants This<\/li>\n<li>Ayo Edebiri \u2013 The Bear<\/li>\n<li>Selena Gomez \u2013 Only Murders in the Building<\/li>\n<li>Natasha Lyonne \u2013 Poker Face<\/li>\n<li>Jenna Ortega \u2013 Wednesday<\/li>\n<li>Jean Smart \u2013 Hacks<\/li>\n<\/ul>\n<ul>\n<li>Owen Cooper<\/li>\n<li>Billy Crudup<\/li>\n<li>Walton Goggins<\/li>\n<li>Jason Isaacs<\/li>\n<li>Tramell Tillman<\/li>\n<li>Ashley Walters<\/li>\n<\/ul>\n<p>Ryan Coogler<\/p>\n<p>Paul Thomas Anderson<\/p>\n<p>Guillermo del Toro<\/p>\n<p>Jafar Panahi<\/p>\n<p>Joachim Trier<\/p>\n<p>Chloe Zhao<\/p>\n<p>Kathy Bates<\/p>\n<p>Britt Lower<\/p>\n<p>Helen Mirren<\/p>\n<p>Bella Ramsey<\/p>\n<p>Keri Russell<\/p>\n<p>Rhea Seehorn<\/p>\n<ul>\n<li>Armchair Expert with Dax Shepherd<\/li>\n<li>Call Her Daddy<\/li>\n<li>Good Hang with Amy Poehler<\/li>\n<li>The Mel Robbins Podcast<\/li>\n<li>Smartless<\/li>\n<li>Up First<\/li>\n<\/ul>\n<p>The-CNN-Wire<br \/>&trade; &amp; &copy; 2025 Cable News Network, Inc., a Warner Bros. Discovery Company. All rights reserved.<\/p>\n","protected":false},"excerpt":{"rendered":"<p>Esta ma\u00f1ana se anuncian las nominaciones a los Globos de Oro con un giro emocionante: finalmente reconocemos al mejor podcast, una decisi\u00f3n que sin duda entusiasmar\u00e1 a decenas de fans. Como es habitual, las categor\u00edas de los Globos se ven afectadas por la insistencia en clasificar las pel\u00edculas y series de televisi\u00f3n como drama o [&hellip;]<\/p>\n","protected":false},"author":0,"featured_media":0,"comment_status":"open","ping_status":"open","sticky":false,"template":"","format":"standard","meta":{"_jetpack_memberships_contains_paid_content":false,"footnotes":""},"categories":[10],"tags":[],"class_list":["post-1469070","post","type-post","status-publish","format-standard","hentry","category-noticias-nacionales","market-global"],"yoast_head":"<!-- This site is optimized with the Yoast SEO plugin v24.4 - https:\/\/yoast.com\/wordpress\/plugins\/seo\/ -->\n<title>Estos son los nominados a los premios Globo de Oro - Noticias<\/title>\n<meta name=\"robots\" content=\"index, follow, max-snippet:-1, max-image-preview:large, max-video-preview:-1\" \/>\n<link rel=\"canonical\" href=\"https:\/\/noticiasya.com\/2025\/12\/08\/nominados-globo-oro-golden-globes-trax\/\" \/>\n<meta property=\"og:locale\" content=\"es_ES\" \/>\n<meta property=\"og:type\" content=\"article\" \/>\n<meta property=\"og:title\" content=\"Estos son los nominados a los premios Globo de Oro - Noticias\" \/>\n<meta property=\"og:description\" content=\"Esta ma\u00f1ana se anuncian las nominaciones a los Globos de Oro con un giro emocionante: finalmente reconocemos al mejor podcast, una decisi\u00f3n que sin duda entusiasmar\u00e1 a decenas de fans. Como es habitual, las categor\u00edas de los Globos se ven afectadas por la insistencia en clasificar las pel\u00edculas y series de televisi\u00f3n como drama o [&hellip;]\" \/>\n<meta property=\"og:url\" content=\"https:\/\/noticiasya.com\/2025\/12\/08\/nominados-globo-oro-golden-globes-trax\/\" \/>\n<meta property=\"og:site_name\" content=\"Noticias\" \/>\n<meta property=\"article:published_time\" content=\"2025-12-08T14:03:39+00:00\" \/>\n<meta name=\"twitter:card\" content=\"summary_large_image\" \/>\n<meta name=\"twitter:label1\" content=\"Est. reading time\" \/>\n\t<meta name=\"twitter:data1\" content=\"1 minuto\" \/>\n<script type=\"application\/ld+json\" class=\"yoast-schema-graph\">{\"@context\":\"https:\/\/schema.org\",\"@graph\":[{\"@type\":\"Article\",\"@id\":\"https:\/\/noticiasya.com\/2025\/12\/08\/nominados-globo-oro-golden-globes-trax\/#article\",\"isPartOf\":{\"@id\":\"https:\/\/noticiasya.com\/2025\/12\/08\/nominados-globo-oro-golden-globes-trax\/\"},\"author\":{\"name\":\"\",\"@id\":\"\"},\"headline\":\"Estos son los nominados a los premios Globo de Oro\",\"datePublished\":\"2025-12-08T14:03:39+00:00\",\"mainEntityOfPage\":{\"@id\":\"https:\/\/noticiasya.com\/2025\/12\/08\/nominados-globo-oro-golden-globes-trax\/\"},\"wordCount\":259,\"commentCount\":0,\"publisher\":{\"@id\":\"https:\/\/noticiasya.com\/#organization\"},\"articleSection\":[\"Noticias Nacionales\"],\"inLanguage\":\"es\",\"potentialAction\":[{\"@type\":\"CommentAction\",\"name\":\"Comment\",\"target\":[\"https:\/\/noticiasya.com\/2025\/12\/08\/nominados-globo-oro-golden-globes-trax\/#respond\"]}]},{\"@type\":\"WebPage\",\"@id\":\"https:\/\/noticiasya.com\/2025\/12\/08\/nominados-globo-oro-golden-globes-trax\/\",\"url\":\"https:\/\/noticiasya.com\/2025\/12\/08\/nominados-globo-oro-golden-globes-trax\/\",\"name\":\"Estos son los nominados a los premios Globo de Oro - Noticias\",\"isPartOf\":{\"@id\":\"https:\/\/noticiasya.com\/#website\"},\"datePublished\":\"2025-12-08T14:03:39+00:00\",\"breadcrumb\":{\"@id\":\"https:\/\/noticiasya.com\/2025\/12\/08\/nominados-globo-oro-golden-globes-trax\/#breadcrumb\"},\"inLanguage\":\"es\",\"potentialAction\":[{\"@type\":\"ReadAction\",\"target\":[\"https:\/\/noticiasya.com\/2025\/12\/08\/nominados-globo-oro-golden-globes-trax\/\"]}]},{\"@type\":\"BreadcrumbList\",\"@id\":\"https:\/\/noticiasya.com\/2025\/12\/08\/nominados-globo-oro-golden-globes-trax\/#breadcrumb\",\"itemListElement\":[{\"@type\":\"ListItem\",\"position\":1,\"name\":\"Home\",\"item\":\"https:\/\/noticiasya.com\/\"},{\"@type\":\"ListItem\",\"position\":2,\"name\":\"Estos son los nominados a los premios Globo de Oro\"}]},{\"@type\":\"WebSite\",\"@id\":\"https:\/\/noticiasya.com\/#website\",\"url\":\"https:\/\/noticiasya.com\/\",\"name\":\"Noticias\",\"description\":\"Lo que importa\",\"publisher\":{\"@id\":\"https:\/\/noticiasya.com\/#organization\"},\"potentialAction\":[{\"@type\":\"SearchAction\",\"target\":{\"@type\":\"EntryPoint\",\"urlTemplate\":\"https:\/\/noticiasya.com\/?s={search_term_string}\"},\"query-input\":{\"@type\":\"PropertyValueSpecification\",\"valueRequired\":true,\"valueName\":\"search_term_string\"}}],\"inLanguage\":\"es\"},{\"@type\":\"Organization\",\"@id\":\"https:\/\/noticiasya.com\/#organization\",\"name\":\"Noticias\",\"url\":\"https:\/\/noticiasya.com\/\",\"logo\":{\"@type\":\"ImageObject\",\"inLanguage\":\"es\",\"@id\":\"https:\/\/noticiasya.com\/#\/schema\/logo\/image\/\",\"url\":\"https:\/\/noticiasya.com\/wp-content\/uploads\/sites\/22\/2023\/12\/logo-nacional.png\",\"contentUrl\":\"https:\/\/noticiasya.com\/wp-content\/uploads\/sites\/22\/2023\/12\/logo-nacional.png\",\"width\":1801,\"height\":691,\"caption\":\"Noticias\"},\"image\":{\"@id\":\"https:\/\/noticiasya.com\/#\/schema\/logo\/image\/\"}}]}<\/script>\n<!-- \/ Yoast SEO plugin. -->","yoast_head_json":{"title":"Estos son los nominados a los premios Globo de Oro - Noticias","robots":{"index":"index","follow":"follow","max-snippet":"max-snippet:-1","max-image-preview":"max-image-preview:large","max-video-preview":"max-video-preview:-1"},"canonical":"https:\/\/noticiasya.com\/2025\/12\/08\/nominados-globo-oro-golden-globes-trax\/","og_locale":"es_ES","og_type":"article","og_title":"Estos son los nominados a los premios Globo de Oro - Noticias","og_description":"Esta ma\u00f1ana se anuncian las nominaciones a los Globos de Oro con un giro emocionante: finalmente reconocemos al mejor podcast, una decisi\u00f3n que sin duda entusiasmar\u00e1 a decenas de fans. Como es habitual, las categor\u00edas de los Globos se ven afectadas por la insistencia en clasificar las pel\u00edculas y series de televisi\u00f3n como drama o [&hellip;]","og_url":"https:\/\/noticiasya.com\/2025\/12\/08\/nominados-globo-oro-golden-globes-trax\/","og_site_name":"Noticias","article_published_time":"2025-12-08T14:03:39+00:00","twitter_card":"summary_large_image","twitter_misc":{"Est. reading time":"1 minuto"},"schema":{"@context":"https:\/\/schema.org","@graph":[{"@type":"Article","@id":"https:\/\/noticiasya.com\/2025\/12\/08\/nominados-globo-oro-golden-globes-trax\/#article","isPartOf":{"@id":"https:\/\/noticiasya.com\/2025\/12\/08\/nominados-globo-oro-golden-globes-trax\/"},"author":{"name":"","@id":""},"headline":"Estos son los nominados a los premios Globo de Oro","datePublished":"2025-12-08T14:03:39+00:00","mainEntityOfPage":{"@id":"https:\/\/noticiasya.com\/2025\/12\/08\/nominados-globo-oro-golden-globes-trax\/"},"wordCount":259,"commentCount":0,"publisher":{"@id":"https:\/\/noticiasya.com\/#organization"},"articleSection":["Noticias Nacionales"],"inLanguage":"es","potentialAction":[{"@type":"CommentAction","name":"Comment","target":["https:\/\/noticiasya.com\/2025\/12\/08\/nominados-globo-oro-golden-globes-trax\/#respond"]}]},{"@type":"WebPage","@id":"https:\/\/noticiasya.com\/2025\/12\/08\/nominados-globo-oro-golden-globes-trax\/","url":"https:\/\/noticiasya.com\/2025\/12\/08\/nominados-globo-oro-golden-globes-trax\/","name":"Estos son los nominados a los premios Globo de Oro - Noticias","isPartOf":{"@id":"https:\/\/noticiasya.com\/#website"},"datePublished":"2025-12-08T14:03:39+00:00","breadcrumb":{"@id":"https:\/\/noticiasya.com\/2025\/12\/08\/nominados-globo-oro-golden-globes-trax\/#breadcrumb"},"inLanguage":"es","potentialAction":[{"@type":"ReadAction","target":["https:\/\/noticiasya.com\/2025\/12\/08\/nominados-globo-oro-golden-globes-trax\/"]}]},{"@type":"BreadcrumbList","@id":"https:\/\/noticiasya.com\/2025\/12\/08\/nominados-globo-oro-golden-globes-trax\/#breadcrumb","itemListElement":[{"@type":"ListItem","position":1,"name":"Home","item":"https:\/\/noticiasya.com\/"},{"@type":"ListItem","position":2,"name":"Estos son los nominados a los premios Globo de Oro"}]},{"@type":"WebSite","@id":"https:\/\/noticiasya.com\/#website","url":"https:\/\/noticiasya.com\/","name":"Noticias","description":"Lo que importa","publisher":{"@id":"https:\/\/noticiasya.com\/#organization"},"potentialAction":[{"@type":"SearchAction","target":{"@type":"EntryPoint","urlTemplate":"https:\/\/noticiasya.com\/?s={search_term_string}"},"query-input":{"@type":"PropertyValueSpecification","valueRequired":true,"valueName":"search_term_string"}}],"inLanguage":"es"},{"@type":"Organization","@id":"https:\/\/noticiasya.com\/#organization","name":"Noticias","url":"https:\/\/noticiasya.com\/","logo":{"@type":"ImageObject","inLanguage":"es","@id":"https:\/\/noticiasya.com\/#\/schema\/logo\/image\/","url":"https:\/\/noticiasya.com\/wp-content\/uploads\/sites\/22\/2023\/12\/logo-nacional.png","contentUrl":"https:\/\/noticiasya.com\/wp-content\/uploads\/sites\/22\/2023\/12\/logo-nacional.png","width":1801,"height":691,"caption":"Noticias"},"image":{"@id":"https:\/\/noticiasya.com\/#\/schema\/logo\/image\/"}}]}},"parsely":{"version":"1.1.0","canonical_url":"https:\/\/noticiasya.com\/midland-odessa\/2025\/12\/08\/nominados-globo-oro-golden-globes-trax\/","smart_links":{"inbound":0,"outbound":0},"traffic_boost_suggestions_count":0,"meta":{"@context":"https:\/\/schema.org","@type":"NewsArticle","headline":"Estos son los nominados a los premios Globo de Oro","url":"http:\/\/noticiasya.com\/midland-odessa\/2025\/12\/08\/nominados-globo-oro-golden-globes-trax\/","mainEntityOfPage":{"@type":"WebPage","@id":"http:\/\/noticiasya.com\/midland-odessa\/2025\/12\/08\/nominados-globo-oro-golden-globes-trax\/"},"thumbnailUrl":"","image":{"@type":"ImageObject","url":""},"articleSection":"Noticias Nacionales","author":[],"creator":[],"publisher":{"@type":"Organization","name":"Noticias","logo":""},"keywords":[],"dateCreated":"2025-12-08T14:03:39Z","datePublished":"2025-12-08T14:03:39Z","dateModified":"2025-12-08T14:03:39Z"},"rendered":"<script type=\"application\/ld+json\" class=\"wp-parsely-metadata\">{\"@context\":\"https:\\\/\\\/schema.org\",\"@type\":\"NewsArticle\",\"headline\":\"Estos son los nominados a los premios Globo de Oro\",\"url\":\"http:\\\/\\\/noticiasya.com\\\/midland-odessa\\\/2025\\\/12\\\/08\\\/nominados-globo-oro-golden-globes-trax\\\/\",\"mainEntityOfPage\":{\"@type\":\"WebPage\",\"@id\":\"http:\\\/\\\/noticiasya.com\\\/midland-odessa\\\/2025\\\/12\\\/08\\\/nominados-globo-oro-golden-globes-trax\\\/\"},\"thumbnailUrl\":\"\",\"image\":{\"@type\":\"ImageObject\",\"url\":\"\"},\"articleSection\":\"Noticias Nacionales\",\"author\":[],\"creator\":[],\"publisher\":{\"@type\":\"Organization\",\"name\":\"Noticias\",\"logo\":\"\"},\"keywords\":[],\"dateCreated\":\"2025-12-08T14:03:39Z\",\"datePublished\":\"2025-12-08T14:03:39Z\",\"dateModified\":\"2025-12-08T14:03:39Z\"}<\/script>","tracker_url":"https:\/\/cdn.parsely.com\/keys\/noticiasya.com\/p.js"},"jetpack_featured_media_url":"","jetpack-related-posts":[{"id":1462106,"url":"https:\/\/noticiasya.com\/midland-odessa\/2025\/05\/07\/globos-de-oro-anadiran-nueva-categoria-podcast-trax\/","url_meta":{"origin":1469070,"position":0},"title":"Los Globos de Oro a\u00f1adir\u00e1n una nueva categor\u00eda que reconocer\u00e1 a los podcast a partir del pr\u00f3ximo a\u00f1o","author":"","date":"mayo 7, 2025","format":false,"excerpt":"Los Globos de Oro est\u00e1n a\u00f1adiendo una nueva categor\u00eda para reconocer algo m\u00e1s que logros en cine y televisi\u00f3n.El mi\u00e9rcoles, los Globos anunciaron que se a\u00f1adir\u00e1 una categor\u00eda de mejor podcast del a\u00f1o a su lista de premios, que debutar\u00e1 el pr\u00f3ximo a\u00f1o cuando la ceremonia se transmita el 11\u2026","rel":"","context":"In &quot;Noticias Nacionales&quot;","block_context":{"text":"Noticias Nacionales","link":"https:\/\/noticiasya.com\/midland-odessa\/categoria\/noticias-nacionales"},"img":{"alt_text":"","src":"","width":0,"height":0},"classes":[]},{"id":1469063,"url":"https:\/\/noticiasya.com\/midland-odessa\/2025\/12\/08\/que-esperar-nominaciones-globos-de-oro-trax\/","url_meta":{"origin":1469070,"position":1},"title":"Qu\u00e9 esperar de las nominaciones a los Globos de Oro","author":"","date":"diciembre 8, 2025","format":false,"excerpt":"Se espera que las pel\u00edculas y series sobre la ansiedad y el miedo lideren los premios cuando se anuncien las nominaciones a los Globos de Oro este lunes.\u201cOne Battle After Another\u201d es considerada por los expertos en premios como la principal contendiente, y se espera que reciba nominaciones por actuaci\u00f3n,\u2026","rel":"","context":"In &quot;Noticias Nacionales&quot;","block_context":{"text":"Noticias Nacionales","link":"https:\/\/noticiasya.com\/midland-odessa\/categoria\/noticias-nacionales"},"img":{"alt_text":"","src":"","width":0,"height":0},"classes":[]},{"id":1457251,"url":"https:\/\/noticiasya.com\/midland-odessa\/2025\/01\/05\/los-mejores-atuendos-del-globo-de-oro-2025\/","url_meta":{"origin":1469070,"position":2},"title":"Los mejores atuendos del Globo de Oro 2025","author":"","date":"enero 5, 2025","format":false,"excerpt":"Todas las miradas est\u00e1n puestas en la alfombra roja del Beverly Hilton de Los \u00c1ngeles, donde las estrellas de cine y televisi\u00f3n llegan para la 82.\u00aa edici\u00f3n de los Globos de Oro.La ceremonia anual ofrece una idea de qu\u00e9 pel\u00edculas pueden arrasar en los Oscar en marzo y, para los\u2026","rel":"","context":"In &quot;Noticias Nacionales&quot;","block_context":{"text":"Noticias Nacionales","link":"https:\/\/noticiasya.com\/midland-odessa\/categoria\/noticias-nacionales"},"img":{"alt_text":"","src":"","width":0,"height":0},"classes":[]},{"id":1443832,"url":"https:\/\/noticiasya.com\/midland-odessa\/2024\/01\/16\/pedro-pascal-ofrece-una-respuesta-comica-al-discurso-de-kieran-culkin-en-los-globos-de-oro\/","url_meta":{"origin":1469070,"position":3},"title":"Pedro Pascal ofrece una respuesta c\u00f3mica al discurso de Kieran Culkin en los Globos de Oro","author":"","date":"enero 16, 2024","format":false,"excerpt":"(CNN) --\u00a0 Pedro Pascal lleg\u00f3 a los premios Emmy dispuesto a vengarse de Kieran Culkin despu\u00e9s de que la estrella de \u201cSuccession\u201d se burlara de \u00e9l durante los Globos de Oro a principios de este mes.El actor de \u201cLast of Us\u201d aprovech\u00f3 su tiempo como presentador durante la transmisi\u00f3n de\u2026","rel":"","context":"In &quot;Noticias Nacionales&quot;","block_context":{"text":"Noticias Nacionales","link":"https:\/\/noticiasya.com\/midland-odessa\/categoria\/noticias-nacionales"},"img":{"alt_text":"","src":"","width":0,"height":0},"classes":[]},{"id":1443333,"url":"https:\/\/noticiasya.com\/midland-odessa\/2024\/01\/08\/asi-fueron-los-premios-globos-de-oro-2024-ganadores-y-discursos\/","url_meta":{"origin":1469070,"position":4},"title":"As\u00ed fueron los premios Globos de Oro 2024: ganadores y discursos","author":"","date":"enero 8, 2024","format":false,"excerpt":"Esta cobertura en vivo termin\u00f3. Puedes ver m\u00e1s sobre los premios Globo de Oro aqu\u00ed.The-CNN-Wire\u2122 & \u00a9 2024 Cable News Network, Inc., a Warner Bros. Discovery Company. All rights reserved.","rel":"","context":"In &quot;Noticias Nacionales&quot;","block_context":{"text":"Noticias Nacionales","link":"https:\/\/noticiasya.com\/midland-odessa\/categoria\/noticias-nacionales"},"img":{"alt_text":"","src":"","width":0,"height":0},"classes":[]},{"id":1451368,"url":"https:\/\/noticiasya.com\/midland-odessa\/2024\/07\/24\/globos-basura-corea-norte-oficina-presidencial-sur-trax\/","url_meta":{"origin":1469070,"position":5},"title":"Globos de basura de Corea del Norte caen cerca de la oficina presidencial de Corea del Sur","author":"","date":"julio 24, 2024","format":false,"excerpt":"(CNN) -- Globos norcoreanos cargados de basura fueron encontrados en el recinto de la oficina presidencial de Corea del Sur, seg\u00fan informaron las autoridades este mi\u00e9rcoles, el \u00faltimo de una serie de incidentes que han elevado las tensiones y la ret\u00f3rica en la pen\u00ednsula coreana.M\u00e1s de 3.000 globos norcoreanos, a\u2026","rel":"","context":"In &quot;Noticias Nacionales&quot;","block_context":{"text":"Noticias Nacionales","link":"https:\/\/noticiasya.com\/midland-odessa\/categoria\/noticias-nacionales"},"img":{"alt_text":"","src":"","width":0,"height":0},"classes":[]}],"jetpack_sharing_enabled":true,"_links":{"self":[{"href":"https:\/\/noticiasya.com\/midland-odessa\/wp-json\/wp\/v2\/posts\/1469070","targetHints":{"allow":["GET"]}}],"collection":[{"href":"https:\/\/noticiasya.com\/midland-odessa\/wp-json\/wp\/v2\/posts"}],"about":[{"href":"https:\/\/noticiasya.com\/midland-odessa\/wp-json\/wp\/v2\/types\/post"}],"replies":[{"embeddable":true,"href":"https:\/\/noticiasya.com\/midland-odessa\/wp-json\/wp\/v2\/comments?post=1469070"}],"version-history":[{"count":0,"href":"https:\/\/noticiasya.com\/midland-odessa\/wp-json\/wp\/v2\/posts\/1469070\/revisions"}],"wp:attachment":[{"href":"https:\/\/noticiasya.com\/midland-odessa\/wp-json\/wp\/v2\/media?parent=1469070"}],"wp:term":[{"taxonomy":"category","embeddable":true,"href":"https:\/\/noticiasya.com\/midland-odessa\/wp-json\/wp\/v2\/categories?post=1469070"},{"taxonomy":"post_tag","embeddable":true,"href":"https:\/\/noticiasya.com\/midland-odessa\/wp-json\/wp\/v2\/tags?post=1469070"}],"curies":[{"name":"wp","href":"https:\/\/api.w.org\/{rel}","templated":true}]}}