{"id":1469078,"date":"2025-12-08T07:03:40","date_gmt":"2025-12-08T15:03:40","guid":{"rendered":"https:\/\/noticiasya.com\/2025\/12\/08\/katy-perry-justin-trudeau-instagram-trax\/"},"modified":"2025-12-08T07:03:40","modified_gmt":"2025-12-08T15:03:40","slug":"katy-perry-justin-trudeau-instagram-trax","status":"publish","type":"post","link":"https:\/\/noticiasya.com\/midland-odessa\/2025\/12\/08\/katy-perry-justin-trudeau-instagram-trax\/","title":{"rendered":"Justin Trudeau y Katy Perry hacen oficial su relaci\u00f3n a trav\u00e9s de Instagram"},"content":{"rendered":"<p>El ex primer ministro canadiense Justin Trudeau y la estrella del pop Katy Perry parecen haber confirmado su relaci\u00f3n de la \u00fanica manera que importa: haci\u00e9ndola oficial en Instagram.<\/p>\n<p>Perry<a href=\"https:\/\/www.instagram.com\/p\/DR7MEYMkSwx\/?hl=en&#038;img_index=1\"> public\u00f3 el s\u00e1bado<\/a> una serie de fotos en las que aparece junto a Trudeau, posando mejilla con mejilla y comiendo sushi durante su visita a Jap\u00f3n en el marco de su gira mundial, lo que parece confirmar los rumores que llevaban meses circulando sobre su relaci\u00f3n.<\/p>\n<p>Esto ocurri\u00f3 tres d\u00edas despu\u00e9s de que el ex primer ministro japon\u00e9s Fumio Kishida pareciera \u201crevelar\u201d la relaci\u00f3n de la pareja, al publicar una foto en X de ellos junto a \u00e9l y su esposa, refiri\u00e9ndose a Perry como la \u201cpareja\u201d de Trudeau en su pie de foto.<\/p>\n<p>La colisi\u00f3n de los mundos del pop y la pol\u00edtica de esta manera y la imagen de Perry \u2014conocida por \u00e9xitos como \u201cFirework\u201d y \u201cRoar\u201d\u2014 interactuando de repente con exl\u00edderes mundiales han convertido a la cantante y al ex primer ministro en una de las parejas de famosos m\u00e1s inesperadas del a\u00f1o.<\/p>\n<p>Trudeau comparti\u00f3 la foto y escribi\u00f3: \u201cKaty y yo estuvimos encantados de tener la oportunidad de sentarnos con ustedes, Yuko y Kishida\u201d. Tambi\u00e9n agradeci\u00f3 a Kishida su \u201camistad\u201d y su \u201ccompromiso continuo con el orden internacional basado en normas\u201d.<\/p>\n<p>\u201cKaty Perry haciendo diplomacia internacional. \u00a1Esto no estaba en mi lista de principales riesgos para 2025!\u201d, brome\u00f3 Ian Bremmer, presidente de Eurasia Group, una consultora de riesgo pol\u00edtico, en X.<\/p>\n<p>La relaci\u00f3n entre Perry y Trudeau ha sido objeto de intensas especulaciones durante meses. Primero se les vio cenando juntos en un restaurante en julio, luego abraz\u00e1ndose en un yate, y despu\u00e9s saliendo de una discoteca parisina de la mano.<\/p>\n<p>Y desde aquel primer rumor, la pareja ha capturado la imaginaci\u00f3n de internet. En agosto, el medio sat\u00edrico The Onion imagin\u00f3 al actor Orlando Bloom, ex prometido de Perry, cenando con la excanciller alemana Angela Merkel. Bloom mostr\u00f3 su aprecio por la historia humor\u00edstica en la secci\u00f3n de comentarios de la publicaci\u00f3n de Instagram de The Onion, respondiendo con tres emojis de manos aplaudiendo.<\/p>\n<p>Las parejas de famosos que combinan el mundo de la pol\u00edtica y el del pop son relativamente inusuales, aunque el propio padre de Trudeau, Pierre, otro ex primer ministro canadiense, sali\u00f3 brevemente con Barbra Streisand a finales de la d\u00e9cada de 1960.<\/p>\n<p>Trudeau se separ\u00f3 de su exesposa, Sophie Gr\u00e9goire, con quien tiene tres hijos, en agosto de 2023, mientras que Perry confirm\u00f3 su ruptura con Bloom, padre de su hija de 5 a\u00f1os, en julio.<\/p>\n<p><em>Con informaci\u00f3n de Yumi Asada, Max Saltman, Choire Sicha y Lisa Respers France.<\/em><\/p>\n<p>The-CNN-Wire<br \/>&trade; &amp; &copy; 2025 Cable News Network, Inc., a Warner Bros. Discovery Company. All rights reserved.<\/p>\n","protected":false},"excerpt":{"rendered":"<p>El ex primer ministro canadiense Justin Trudeau y la estrella del pop Katy Perry parecen haber confirmado su relaci\u00f3n de la \u00fanica manera que importa: haci\u00e9ndola oficial en Instagram. Perry public\u00f3 el s\u00e1bado una serie de fotos en las que aparece junto a Trudeau, posando mejilla con mejilla y comiendo sushi durante su visita a [&hellip;]<\/p>\n","protected":false},"author":0,"featured_media":0,"comment_status":"open","ping_status":"open","sticky":false,"template":"","format":"standard","meta":{"_jetpack_memberships_contains_paid_content":false,"footnotes":""},"categories":[10],"tags":[],"class_list":["post-1469078","post","type-post","status-publish","format-standard","hentry","category-noticias-nacionales","market-global"],"yoast_head":"<!-- This site is optimized with the Yoast SEO plugin v24.4 - https:\/\/yoast.com\/wordpress\/plugins\/seo\/ -->\n<title>Justin Trudeau y Katy Perry hacen oficial su relaci\u00f3n a trav\u00e9s de Instagram - Noticias<\/title>\n<meta name=\"robots\" content=\"index, follow, max-snippet:-1, max-image-preview:large, max-video-preview:-1\" \/>\n<link rel=\"canonical\" href=\"https:\/\/noticiasya.com\/2025\/12\/08\/katy-perry-justin-trudeau-instagram-trax\/\" \/>\n<meta property=\"og:locale\" content=\"es_ES\" \/>\n<meta property=\"og:type\" content=\"article\" \/>\n<meta property=\"og:title\" content=\"Justin Trudeau y Katy Perry hacen oficial su relaci\u00f3n a trav\u00e9s de Instagram - Noticias\" \/>\n<meta property=\"og:description\" content=\"El ex primer ministro canadiense Justin Trudeau y la estrella del pop Katy Perry parecen haber confirmado su relaci\u00f3n de la \u00fanica manera que importa: haci\u00e9ndola oficial en Instagram. Perry public\u00f3 el s\u00e1bado una serie de fotos en las que aparece junto a Trudeau, posando mejilla con mejilla y comiendo sushi durante su visita a [&hellip;]\" \/>\n<meta property=\"og:url\" content=\"https:\/\/noticiasya.com\/2025\/12\/08\/katy-perry-justin-trudeau-instagram-trax\/\" \/>\n<meta property=\"og:site_name\" content=\"Noticias\" \/>\n<meta property=\"article:published_time\" content=\"2025-12-08T15:03:40+00:00\" \/>\n<meta name=\"twitter:card\" content=\"summary_large_image\" \/>\n<meta name=\"twitter:label1\" content=\"Est. reading time\" \/>\n\t<meta name=\"twitter:data1\" content=\"2 minutos\" \/>\n<script type=\"application\/ld+json\" class=\"yoast-schema-graph\">{\"@context\":\"https:\/\/schema.org\",\"@graph\":[{\"@type\":\"Article\",\"@id\":\"https:\/\/noticiasya.com\/2025\/12\/08\/katy-perry-justin-trudeau-instagram-trax\/#article\",\"isPartOf\":{\"@id\":\"https:\/\/noticiasya.com\/2025\/12\/08\/katy-perry-justin-trudeau-instagram-trax\/\"},\"author\":{\"name\":\"\",\"@id\":\"\"},\"headline\":\"Justin Trudeau y Katy Perry hacen oficial su relaci\u00f3n a trav\u00e9s de Instagram\",\"datePublished\":\"2025-12-08T15:03:40+00:00\",\"mainEntityOfPage\":{\"@id\":\"https:\/\/noticiasya.com\/2025\/12\/08\/katy-perry-justin-trudeau-instagram-trax\/\"},\"wordCount\":495,\"commentCount\":0,\"publisher\":{\"@id\":\"https:\/\/noticiasya.com\/#organization\"},\"articleSection\":[\"Noticias Nacionales\"],\"inLanguage\":\"es\",\"potentialAction\":[{\"@type\":\"CommentAction\",\"name\":\"Comment\",\"target\":[\"https:\/\/noticiasya.com\/2025\/12\/08\/katy-perry-justin-trudeau-instagram-trax\/#respond\"]}]},{\"@type\":\"WebPage\",\"@id\":\"https:\/\/noticiasya.com\/2025\/12\/08\/katy-perry-justin-trudeau-instagram-trax\/\",\"url\":\"https:\/\/noticiasya.com\/2025\/12\/08\/katy-perry-justin-trudeau-instagram-trax\/\",\"name\":\"Justin Trudeau y Katy Perry hacen oficial su relaci\u00f3n a trav\u00e9s de Instagram - Noticias\",\"isPartOf\":{\"@id\":\"https:\/\/noticiasya.com\/#website\"},\"datePublished\":\"2025-12-08T15:03:40+00:00\",\"breadcrumb\":{\"@id\":\"https:\/\/noticiasya.com\/2025\/12\/08\/katy-perry-justin-trudeau-instagram-trax\/#breadcrumb\"},\"inLanguage\":\"es\",\"potentialAction\":[{\"@type\":\"ReadAction\",\"target\":[\"https:\/\/noticiasya.com\/2025\/12\/08\/katy-perry-justin-trudeau-instagram-trax\/\"]}]},{\"@type\":\"BreadcrumbList\",\"@id\":\"https:\/\/noticiasya.com\/2025\/12\/08\/katy-perry-justin-trudeau-instagram-trax\/#breadcrumb\",\"itemListElement\":[{\"@type\":\"ListItem\",\"position\":1,\"name\":\"Home\",\"item\":\"https:\/\/noticiasya.com\/\"},{\"@type\":\"ListItem\",\"position\":2,\"name\":\"Justin Trudeau y Katy Perry hacen oficial su relaci\u00f3n a trav\u00e9s de Instagram\"}]},{\"@type\":\"WebSite\",\"@id\":\"https:\/\/noticiasya.com\/#website\",\"url\":\"https:\/\/noticiasya.com\/\",\"name\":\"Noticias\",\"description\":\"Lo que importa\",\"publisher\":{\"@id\":\"https:\/\/noticiasya.com\/#organization\"},\"potentialAction\":[{\"@type\":\"SearchAction\",\"target\":{\"@type\":\"EntryPoint\",\"urlTemplate\":\"https:\/\/noticiasya.com\/?s={search_term_string}\"},\"query-input\":{\"@type\":\"PropertyValueSpecification\",\"valueRequired\":true,\"valueName\":\"search_term_string\"}}],\"inLanguage\":\"es\"},{\"@type\":\"Organization\",\"@id\":\"https:\/\/noticiasya.com\/#organization\",\"name\":\"Noticias\",\"url\":\"https:\/\/noticiasya.com\/\",\"logo\":{\"@type\":\"ImageObject\",\"inLanguage\":\"es\",\"@id\":\"https:\/\/noticiasya.com\/#\/schema\/logo\/image\/\",\"url\":\"https:\/\/noticiasya.com\/wp-content\/uploads\/sites\/22\/2023\/12\/logo-nacional.png\",\"contentUrl\":\"https:\/\/noticiasya.com\/wp-content\/uploads\/sites\/22\/2023\/12\/logo-nacional.png\",\"width\":1801,\"height\":691,\"caption\":\"Noticias\"},\"image\":{\"@id\":\"https:\/\/noticiasya.com\/#\/schema\/logo\/image\/\"}}]}<\/script>\n<!-- \/ Yoast SEO plugin. -->","yoast_head_json":{"title":"Justin Trudeau y Katy Perry hacen oficial su relaci\u00f3n a trav\u00e9s de Instagram - Noticias","robots":{"index":"index","follow":"follow","max-snippet":"max-snippet:-1","max-image-preview":"max-image-preview:large","max-video-preview":"max-video-preview:-1"},"canonical":"https:\/\/noticiasya.com\/2025\/12\/08\/katy-perry-justin-trudeau-instagram-trax\/","og_locale":"es_ES","og_type":"article","og_title":"Justin Trudeau y Katy Perry hacen oficial su relaci\u00f3n a trav\u00e9s de Instagram - Noticias","og_description":"El ex primer ministro canadiense Justin Trudeau y la estrella del pop Katy Perry parecen haber confirmado su relaci\u00f3n de la \u00fanica manera que importa: haci\u00e9ndola oficial en Instagram. Perry public\u00f3 el s\u00e1bado una serie de fotos en las que aparece junto a Trudeau, posando mejilla con mejilla y comiendo sushi durante su visita a [&hellip;]","og_url":"https:\/\/noticiasya.com\/2025\/12\/08\/katy-perry-justin-trudeau-instagram-trax\/","og_site_name":"Noticias","article_published_time":"2025-12-08T15:03:40+00:00","twitter_card":"summary_large_image","twitter_misc":{"Est. reading time":"2 minutos"},"schema":{"@context":"https:\/\/schema.org","@graph":[{"@type":"Article","@id":"https:\/\/noticiasya.com\/2025\/12\/08\/katy-perry-justin-trudeau-instagram-trax\/#article","isPartOf":{"@id":"https:\/\/noticiasya.com\/2025\/12\/08\/katy-perry-justin-trudeau-instagram-trax\/"},"author":{"name":"","@id":""},"headline":"Justin Trudeau y Katy Perry hacen oficial su relaci\u00f3n a trav\u00e9s de Instagram","datePublished":"2025-12-08T15:03:40+00:00","mainEntityOfPage":{"@id":"https:\/\/noticiasya.com\/2025\/12\/08\/katy-perry-justin-trudeau-instagram-trax\/"},"wordCount":495,"commentCount":0,"publisher":{"@id":"https:\/\/noticiasya.com\/#organization"},"articleSection":["Noticias Nacionales"],"inLanguage":"es","potentialAction":[{"@type":"CommentAction","name":"Comment","target":["https:\/\/noticiasya.com\/2025\/12\/08\/katy-perry-justin-trudeau-instagram-trax\/#respond"]}]},{"@type":"WebPage","@id":"https:\/\/noticiasya.com\/2025\/12\/08\/katy-perry-justin-trudeau-instagram-trax\/","url":"https:\/\/noticiasya.com\/2025\/12\/08\/katy-perry-justin-trudeau-instagram-trax\/","name":"Justin Trudeau y Katy Perry hacen oficial su relaci\u00f3n a trav\u00e9s de Instagram - Noticias","isPartOf":{"@id":"https:\/\/noticiasya.com\/#website"},"datePublished":"2025-12-08T15:03:40+00:00","breadcrumb":{"@id":"https:\/\/noticiasya.com\/2025\/12\/08\/katy-perry-justin-trudeau-instagram-trax\/#breadcrumb"},"inLanguage":"es","potentialAction":[{"@type":"ReadAction","target":["https:\/\/noticiasya.com\/2025\/12\/08\/katy-perry-justin-trudeau-instagram-trax\/"]}]},{"@type":"BreadcrumbList","@id":"https:\/\/noticiasya.com\/2025\/12\/08\/katy-perry-justin-trudeau-instagram-trax\/#breadcrumb","itemListElement":[{"@type":"ListItem","position":1,"name":"Home","item":"https:\/\/noticiasya.com\/"},{"@type":"ListItem","position":2,"name":"Justin Trudeau y Katy Perry hacen oficial su relaci\u00f3n a trav\u00e9s de Instagram"}]},{"@type":"WebSite","@id":"https:\/\/noticiasya.com\/#website","url":"https:\/\/noticiasya.com\/","name":"Noticias","description":"Lo que importa","publisher":{"@id":"https:\/\/noticiasya.com\/#organization"},"potentialAction":[{"@type":"SearchAction","target":{"@type":"EntryPoint","urlTemplate":"https:\/\/noticiasya.com\/?s={search_term_string}"},"query-input":{"@type":"PropertyValueSpecification","valueRequired":true,"valueName":"search_term_string"}}],"inLanguage":"es"},{"@type":"Organization","@id":"https:\/\/noticiasya.com\/#organization","name":"Noticias","url":"https:\/\/noticiasya.com\/","logo":{"@type":"ImageObject","inLanguage":"es","@id":"https:\/\/noticiasya.com\/#\/schema\/logo\/image\/","url":"https:\/\/noticiasya.com\/wp-content\/uploads\/sites\/22\/2023\/12\/logo-nacional.png","contentUrl":"https:\/\/noticiasya.com\/wp-content\/uploads\/sites\/22\/2023\/12\/logo-nacional.png","width":1801,"height":691,"caption":"Noticias"},"image":{"@id":"https:\/\/noticiasya.com\/#\/schema\/logo\/image\/"}}]}},"parsely":{"version":"1.1.0","canonical_url":"https:\/\/noticiasya.com\/midland-odessa\/2025\/12\/08\/katy-perry-justin-trudeau-instagram-trax\/","smart_links":{"inbound":0,"outbound":0},"traffic_boost_suggestions_count":0,"meta":{"@context":"https:\/\/schema.org","@type":"NewsArticle","headline":"Justin Trudeau y Katy Perry hacen oficial su relaci\u00f3n a trav\u00e9s de Instagram","url":"http:\/\/noticiasya.com\/midland-odessa\/2025\/12\/08\/katy-perry-justin-trudeau-instagram-trax\/","mainEntityOfPage":{"@type":"WebPage","@id":"http:\/\/noticiasya.com\/midland-odessa\/2025\/12\/08\/katy-perry-justin-trudeau-instagram-trax\/"},"thumbnailUrl":"","image":{"@type":"ImageObject","url":""},"articleSection":"Noticias Nacionales","author":[],"creator":[],"publisher":{"@type":"Organization","name":"Noticias","logo":""},"keywords":[],"dateCreated":"2025-12-08T15:03:40Z","datePublished":"2025-12-08T15:03:40Z","dateModified":"2025-12-08T15:03:40Z"},"rendered":"<script type=\"application\/ld+json\" class=\"wp-parsely-metadata\">{\"@context\":\"https:\\\/\\\/schema.org\",\"@type\":\"NewsArticle\",\"headline\":\"Justin Trudeau y Katy Perry hacen oficial su relaci\\u00f3n a trav\\u00e9s de Instagram\",\"url\":\"http:\\\/\\\/noticiasya.com\\\/midland-odessa\\\/2025\\\/12\\\/08\\\/katy-perry-justin-trudeau-instagram-trax\\\/\",\"mainEntityOfPage\":{\"@type\":\"WebPage\",\"@id\":\"http:\\\/\\\/noticiasya.com\\\/midland-odessa\\\/2025\\\/12\\\/08\\\/katy-perry-justin-trudeau-instagram-trax\\\/\"},\"thumbnailUrl\":\"\",\"image\":{\"@type\":\"ImageObject\",\"url\":\"\"},\"articleSection\":\"Noticias Nacionales\",\"author\":[],\"creator\":[],\"publisher\":{\"@type\":\"Organization\",\"name\":\"Noticias\",\"logo\":\"\"},\"keywords\":[],\"dateCreated\":\"2025-12-08T15:03:40Z\",\"datePublished\":\"2025-12-08T15:03:40Z\",\"dateModified\":\"2025-12-08T15:03:40Z\"}<\/script>","tracker_url":"https:\/\/cdn.parsely.com\/keys\/noticiasya.com\/p.js"},"jetpack_featured_media_url":"","jetpack-related-posts":[{"id":1473119,"url":"https:\/\/noticiasya.com\/midland-odessa\/2026\/04\/13\/katy-perry-justin-trudeau-coachella-orix\/","url_meta":{"origin":1469078,"position":0},"title":"Katy Perry y Justin Trudeau disfrutan de Coachella en pareja","author":"","date":"abril 13, 2026","format":false,"excerpt":"La cantante Katy Perry y el ex primer ministro canadiense Justin Trudeau asistieron como p\u00fablico al primer fin de semana del Coachella 2026. La pareja se dej\u00f3 ver entre los asistentes y no perdi\u00f3 oportunidad de demostrar su cari\u00f1o en varias ocasiones.Incluso, la propia Perry comparti\u00f3 una publicaci\u00f3n en su\u2026","rel":"","context":"In &quot;Noticias Nacionales&quot;","block_context":{"text":"Noticias Nacionales","link":"https:\/\/noticiasya.com\/midland-odessa\/categoria\/noticias-nacionales"},"img":{"alt_text":"","src":"","width":0,"height":0},"classes":[]},{"id":1467800,"url":"https:\/\/noticiasya.com\/midland-odessa\/2025\/10\/28\/katy-perry-justin-trudeau-saliendo-segun-mundo-trax\/","url_meta":{"origin":1469078,"position":1},"title":"Katy Perry y Justin Trudeau est\u00e1n &#171;oficialmente saliendo&#187;, todo el mundo lo ha decidido","author":"","date":"octubre 28, 2025","format":false,"excerpt":"Durante meses, los avistamientos han sido confusos y a larga distancia, m\u00e1s dignos de la fotograf\u00eda de naturaleza \u00e1rtica que de las p\u00e1ginas de chismes. En julio, se les vio paseando un perro y luego cenando en un restaurante en Montreal. Y despu\u00e9s, un silencio confuso, ya que la \u2014\u00bferan\u2026","rel":"","context":"In &quot;Noticias Nacionales&quot;","block_context":{"text":"Noticias Nacionales","link":"https:\/\/noticiasya.com\/midland-odessa\/categoria\/noticias-nacionales"},"img":{"alt_text":"","src":"","width":0,"height":0},"classes":[]},{"id":1468452,"url":"https:\/\/noticiasya.com\/midland-odessa\/2025\/11\/18\/sophie-gregoire-habla-romance-trudeau-perry-trax\/","url_meta":{"origin":1469078,"position":2},"title":"Sophie Gr\u00e9goire rompe el silencio sobre el romance de su exposo, Justin Trudeau, con Katy Perry","author":"","date":"noviembre 18, 2025","format":false,"excerpt":"Sophie Gr\u00e9goire ha hablado sobre su vida en p\u00fablico como exesposa del ex primer ministro de Canad\u00e1 Justin Trudeau.Durante una reciente aparici\u00f3n en el podcast \u201cArlene is Alone\u201d, surgi\u00f3 el tema de la atenci\u00f3n medi\u00e1tica que est\u00e1 recibiendo Trudeau por salir con la cantante Katy Perry, mientras la presentadora Arlene\u2026","rel":"","context":"In &quot;Noticias Nacionales&quot;","block_context":{"text":"Noticias Nacionales","link":"https:\/\/noticiasya.com\/midland-odessa\/categoria\/noticias-nacionales"},"img":{"alt_text":"","src":"","width":0,"height":0},"classes":[]},{"id":1473215,"url":"https:\/\/noticiasya.com\/midland-odessa\/2026\/04\/15\/investigacion-ruby-rose-katy-perry-agresion-sexualmente-trax\/","url_meta":{"origin":1469078,"position":3},"title":"Autoridades de Australia abren una investigaci\u00f3n luego de que Ruby Rose denunciara que Katy Perry la agredi\u00f3 sexualmente","author":"","date":"abril 15, 2026","format":false,"excerpt":"Las autoridades australianas informaron que iniciaron una investigaci\u00f3n sobre un incidente de 2010 que involucra a la actriz de \u201cOrange is the New Black\u201d Ruby Rose, quien a principios de esta semana denunci\u00f3 en redes sociales a la cantante Katy Perry de agresi\u00f3n sexual.La acusaci\u00f3n se deriva de un incidente\u2026","rel":"","context":"In &quot;Noticias Nacionales&quot;","block_context":{"text":"Noticias Nacionales","link":"https:\/\/noticiasya.com\/midland-odessa\/categoria\/noticias-nacionales"},"img":{"alt_text":"","src":"","width":0,"height":0},"classes":[]},{"id":1464211,"url":"https:\/\/noticiasya.com\/midland-odessa\/2025\/07\/04\/katy-perry-orlando-bloom-separados-trax\/","url_meta":{"origin":1469078,"position":4},"title":"Katy Perry y Orlando Bloom confirman su separaci\u00f3n","author":"","date":"julio 4, 2025","format":false,"excerpt":"Katy Perry y Orlando Bloom se separaron tres a\u00f1os despu\u00e9s de anunciar su compromiso.La pareja, que tiene una hija, confirm\u00f3 que ya no est\u00e1n juntos despu\u00e9s de muchas especulaciones sobre el estado de su relaci\u00f3n.Seg\u00fan US Weekly, que fue el primer medio en informar la confirmaci\u00f3n oficial, los representantes de\u2026","rel":"","context":"In &quot;Noticias Nacionales&quot;","block_context":{"text":"Noticias Nacionales","link":"https:\/\/noticiasya.com\/midland-odessa\/categoria\/noticias-nacionales"},"img":{"alt_text":"","src":"","width":0,"height":0},"classes":[]},{"id":1459936,"url":"https:\/\/noticiasya.com\/midland-odessa\/2025\/03\/14\/mark-carney-primer-ministro-canada-dimision-trudeau-trax\/","url_meta":{"origin":1469078,"position":5},"title":"Mark Carney toma posesi\u00f3n como primer ministro de Canad\u00e1 tras la dimisi\u00f3n de Trudeau","author":"","date":"marzo 14, 2025","format":false,"excerpt":"Mark Carney tom\u00f3 posesi\u00f3n como primer ministro de Canad\u00e1, despu\u00e9s de que Justin Trudeau renunciara formalmente, mientras Donald Trump cuestiona la soberan\u00eda del pa\u00eds y a una guerra comercial con el mayor socio comercial de Canad\u00e1, Estados Unidos.El exbanquero central, que nunca ha ocupado un cargo p\u00fablico en Canad\u00e1, se\u2026","rel":"","context":"In &quot;Noticias Nacionales&quot;","block_context":{"text":"Noticias Nacionales","link":"https:\/\/noticiasya.com\/midland-odessa\/categoria\/noticias-nacionales"},"img":{"alt_text":"","src":"","width":0,"height":0},"classes":[]}],"jetpack_sharing_enabled":true,"_links":{"self":[{"href":"https:\/\/noticiasya.com\/midland-odessa\/wp-json\/wp\/v2\/posts\/1469078","targetHints":{"allow":["GET"]}}],"collection":[{"href":"https:\/\/noticiasya.com\/midland-odessa\/wp-json\/wp\/v2\/posts"}],"about":[{"href":"https:\/\/noticiasya.com\/midland-odessa\/wp-json\/wp\/v2\/types\/post"}],"replies":[{"embeddable":true,"href":"https:\/\/noticiasya.com\/midland-odessa\/wp-json\/wp\/v2\/comments?post=1469078"}],"version-history":[{"count":0,"href":"https:\/\/noticiasya.com\/midland-odessa\/wp-json\/wp\/v2\/posts\/1469078\/revisions"}],"wp:attachment":[{"href":"https:\/\/noticiasya.com\/midland-odessa\/wp-json\/wp\/v2\/media?parent=1469078"}],"wp:term":[{"taxonomy":"category","embeddable":true,"href":"https:\/\/noticiasya.com\/midland-odessa\/wp-json\/wp\/v2\/categories?post=1469078"},{"taxonomy":"post_tag","embeddable":true,"href":"https:\/\/noticiasya.com\/midland-odessa\/wp-json\/wp\/v2\/tags?post=1469078"}],"curies":[{"name":"wp","href":"https:\/\/api.w.org\/{rel}","templated":true}]}}