{"id":1469081,"date":"2025-12-08T11:03:43","date_gmt":"2025-12-08T19:03:43","guid":{"rendered":"https:\/\/noticiasya.com\/2025\/12\/08\/corte-mayor-control-trump-trax\/"},"modified":"2025-12-08T11:03:43","modified_gmt":"2025-12-08T19:03:43","slug":"corte-mayor-control-trump-trax","status":"publish","type":"post","link":"https:\/\/noticiasya.com\/midland-odessa\/2025\/12\/08\/corte-mayor-control-trump-trax\/","title":{"rendered":"La Corte Suprema da indicios de que otorgar\u00e1 a Trump mayor control sobre el Gobierno"},"content":{"rendered":"<p>La mayor\u00eda de la Corte Suprema pareci\u00f3 dispuesta este lunes a respaldar el argumento del presidente Donald Trump sobre que deber\u00eda poder despedir a miembros de agencias independientes que, durante casi un siglo, han estado protegidas de la influencia pol\u00edtica presidencial.<\/p>\n<p>Durante m\u00e1s de dos horas de argumentos orales, el ala conservadora de la Corte, compuesta por seis jueces contra tres, presion\u00f3 fuertemente al abogado que representa a Rebecca Kelly Slaughter \u2014a quien Trump despidi\u00f3 de la Comisi\u00f3n Federal de Comercio (FTC) en marzo\u2014 lo que sugiere que su argumento podr\u00eda conducir a una importante reestructuraci\u00f3n del Gobierno federal.<\/p>\n<p>El juez Brett Kavanaugh, de tendencia conservadora, pregunt\u00f3 en un momento dado al abogado de Slaughter sobre el argumento de que \u201clas agencias independientes no rinden cuentas al pueblo\u201d.<\/p>\n<p>Kavanaugh afirm\u00f3 que los miembros de estas agencias \u201cno son elegidos como el Congreso\u201d y que el presidente est\u00e1 \u201cejerciendo un poder enorme sobre la libertad individual y sobre industrias multimillonarias\u201d.<\/p>\n<p>El presidente del Tribunal Supremo, John Roberts, tambi\u00e9n interrog\u00f3 al abogado, Amit Agarwal, sobre la importancia de un precedente de 1935 \u2014Humphrey vs. EE.UU.\u2014 que, seg\u00fan Slaughter, deber\u00eda decidir el caso a su favor. En esa decisi\u00f3n, que durante a\u00f1os ha estado en riesgo de ser revocada, la Corte dictamin\u00f3 que el Congreso tiene la facultad de exigir que un presidente justifique el despido de los l\u00edderes de agencias independientes.<\/p>\n<p>Sin embargo, Roberts afirm\u00f3 que ese precedente hist\u00f3rico \u201cno tiene nada que ver con la situaci\u00f3n actual de la FTC\u201d. Esa decisi\u00f3n, dijo, \u201cse refer\u00eda a una agencia que ten\u00eda muy poco, o ning\u00fan, poder ejecutivo\u201d.<\/p>\n<p>La implicaci\u00f3n de Roberts fue que la FTC moderna ejerce un tipo de poder que deber\u00eda estar bajo la autoridad del presidente.<\/p>\n<p>Se espera una decisi\u00f3n sobre el caso antes de finales de junio del pr\u00f3ximo a\u00f1o.<\/p>\n<p>The-CNN-Wire<br \/>&trade; &amp; &copy; 2025 Cable News Network, Inc., a Warner Bros. Discovery Company. All rights reserved.<\/p>\n","protected":false},"excerpt":{"rendered":"<p>La mayor\u00eda de la Corte Suprema pareci\u00f3 dispuesta este lunes a respaldar el argumento del presidente Donald Trump sobre que deber\u00eda poder despedir a miembros de agencias independientes que, durante casi un siglo, han estado protegidas de la influencia pol\u00edtica presidencial. Durante m\u00e1s de dos horas de argumentos orales, el ala conservadora de la Corte, [&hellip;]<\/p>\n","protected":false},"author":0,"featured_media":0,"comment_status":"open","ping_status":"open","sticky":false,"template":"","format":"standard","meta":{"_jetpack_memberships_contains_paid_content":false,"footnotes":""},"categories":[10],"tags":[],"class_list":["post-1469081","post","type-post","status-publish","format-standard","hentry","category-noticias-nacionales","market-global"],"yoast_head":"<!-- This site is optimized with the Yoast SEO plugin v24.4 - https:\/\/yoast.com\/wordpress\/plugins\/seo\/ -->\n<title>La Corte Suprema da indicios de que otorgar\u00e1 a Trump mayor control sobre el Gobierno - Noticias<\/title>\n<meta name=\"robots\" content=\"index, follow, max-snippet:-1, max-image-preview:large, max-video-preview:-1\" \/>\n<link rel=\"canonical\" href=\"https:\/\/noticiasya.com\/2025\/12\/08\/corte-mayor-control-trump-trax\/\" \/>\n<meta property=\"og:locale\" content=\"es_ES\" \/>\n<meta property=\"og:type\" content=\"article\" \/>\n<meta property=\"og:title\" content=\"La Corte Suprema da indicios de que otorgar\u00e1 a Trump mayor control sobre el Gobierno - Noticias\" \/>\n<meta property=\"og:description\" content=\"La mayor\u00eda de la Corte Suprema pareci\u00f3 dispuesta este lunes a respaldar el argumento del presidente Donald Trump sobre que deber\u00eda poder despedir a miembros de agencias independientes que, durante casi un siglo, han estado protegidas de la influencia pol\u00edtica presidencial. Durante m\u00e1s de dos horas de argumentos orales, el ala conservadora de la Corte, [&hellip;]\" \/>\n<meta property=\"og:url\" content=\"https:\/\/noticiasya.com\/2025\/12\/08\/corte-mayor-control-trump-trax\/\" \/>\n<meta property=\"og:site_name\" content=\"Noticias\" \/>\n<meta property=\"article:published_time\" content=\"2025-12-08T19:03:43+00:00\" \/>\n<meta name=\"twitter:card\" content=\"summary_large_image\" \/>\n<meta name=\"twitter:label1\" content=\"Est. reading time\" \/>\n\t<meta name=\"twitter:data1\" content=\"2 minutos\" \/>\n<script type=\"application\/ld+json\" class=\"yoast-schema-graph\">{\"@context\":\"https:\/\/schema.org\",\"@graph\":[{\"@type\":\"Article\",\"@id\":\"https:\/\/noticiasya.com\/2025\/12\/08\/corte-mayor-control-trump-trax\/#article\",\"isPartOf\":{\"@id\":\"https:\/\/noticiasya.com\/2025\/12\/08\/corte-mayor-control-trump-trax\/\"},\"author\":{\"name\":\"\",\"@id\":\"\"},\"headline\":\"La Corte Suprema da indicios de que otorgar\u00e1 a Trump mayor control sobre el Gobierno\",\"datePublished\":\"2025-12-08T19:03:43+00:00\",\"mainEntityOfPage\":{\"@id\":\"https:\/\/noticiasya.com\/2025\/12\/08\/corte-mayor-control-trump-trax\/\"},\"wordCount\":357,\"commentCount\":0,\"publisher\":{\"@id\":\"https:\/\/noticiasya.com\/#organization\"},\"articleSection\":[\"Noticias Nacionales\"],\"inLanguage\":\"es\",\"potentialAction\":[{\"@type\":\"CommentAction\",\"name\":\"Comment\",\"target\":[\"https:\/\/noticiasya.com\/2025\/12\/08\/corte-mayor-control-trump-trax\/#respond\"]}]},{\"@type\":\"WebPage\",\"@id\":\"https:\/\/noticiasya.com\/2025\/12\/08\/corte-mayor-control-trump-trax\/\",\"url\":\"https:\/\/noticiasya.com\/2025\/12\/08\/corte-mayor-control-trump-trax\/\",\"name\":\"La Corte Suprema da indicios de que otorgar\u00e1 a Trump mayor control sobre el Gobierno - Noticias\",\"isPartOf\":{\"@id\":\"https:\/\/noticiasya.com\/#website\"},\"datePublished\":\"2025-12-08T19:03:43+00:00\",\"breadcrumb\":{\"@id\":\"https:\/\/noticiasya.com\/2025\/12\/08\/corte-mayor-control-trump-trax\/#breadcrumb\"},\"inLanguage\":\"es\",\"potentialAction\":[{\"@type\":\"ReadAction\",\"target\":[\"https:\/\/noticiasya.com\/2025\/12\/08\/corte-mayor-control-trump-trax\/\"]}]},{\"@type\":\"BreadcrumbList\",\"@id\":\"https:\/\/noticiasya.com\/2025\/12\/08\/corte-mayor-control-trump-trax\/#breadcrumb\",\"itemListElement\":[{\"@type\":\"ListItem\",\"position\":1,\"name\":\"Home\",\"item\":\"https:\/\/noticiasya.com\/\"},{\"@type\":\"ListItem\",\"position\":2,\"name\":\"La Corte Suprema da indicios de que otorgar\u00e1 a Trump mayor control sobre el Gobierno\"}]},{\"@type\":\"WebSite\",\"@id\":\"https:\/\/noticiasya.com\/#website\",\"url\":\"https:\/\/noticiasya.com\/\",\"name\":\"Noticias\",\"description\":\"Lo que importa\",\"publisher\":{\"@id\":\"https:\/\/noticiasya.com\/#organization\"},\"potentialAction\":[{\"@type\":\"SearchAction\",\"target\":{\"@type\":\"EntryPoint\",\"urlTemplate\":\"https:\/\/noticiasya.com\/?s={search_term_string}\"},\"query-input\":{\"@type\":\"PropertyValueSpecification\",\"valueRequired\":true,\"valueName\":\"search_term_string\"}}],\"inLanguage\":\"es\"},{\"@type\":\"Organization\",\"@id\":\"https:\/\/noticiasya.com\/#organization\",\"name\":\"Noticias\",\"url\":\"https:\/\/noticiasya.com\/\",\"logo\":{\"@type\":\"ImageObject\",\"inLanguage\":\"es\",\"@id\":\"https:\/\/noticiasya.com\/#\/schema\/logo\/image\/\",\"url\":\"https:\/\/noticiasya.com\/wp-content\/uploads\/sites\/22\/2023\/12\/logo-nacional.png\",\"contentUrl\":\"https:\/\/noticiasya.com\/wp-content\/uploads\/sites\/22\/2023\/12\/logo-nacional.png\",\"width\":1801,\"height\":691,\"caption\":\"Noticias\"},\"image\":{\"@id\":\"https:\/\/noticiasya.com\/#\/schema\/logo\/image\/\"}}]}<\/script>\n<!-- \/ Yoast SEO plugin. -->","yoast_head_json":{"title":"La Corte Suprema da indicios de que otorgar\u00e1 a Trump mayor control sobre el Gobierno - Noticias","robots":{"index":"index","follow":"follow","max-snippet":"max-snippet:-1","max-image-preview":"max-image-preview:large","max-video-preview":"max-video-preview:-1"},"canonical":"https:\/\/noticiasya.com\/2025\/12\/08\/corte-mayor-control-trump-trax\/","og_locale":"es_ES","og_type":"article","og_title":"La Corte Suprema da indicios de que otorgar\u00e1 a Trump mayor control sobre el Gobierno - Noticias","og_description":"La mayor\u00eda de la Corte Suprema pareci\u00f3 dispuesta este lunes a respaldar el argumento del presidente Donald Trump sobre que deber\u00eda poder despedir a miembros de agencias independientes que, durante casi un siglo, han estado protegidas de la influencia pol\u00edtica presidencial. Durante m\u00e1s de dos horas de argumentos orales, el ala conservadora de la Corte, [&hellip;]","og_url":"https:\/\/noticiasya.com\/2025\/12\/08\/corte-mayor-control-trump-trax\/","og_site_name":"Noticias","article_published_time":"2025-12-08T19:03:43+00:00","twitter_card":"summary_large_image","twitter_misc":{"Est. reading time":"2 minutos"},"schema":{"@context":"https:\/\/schema.org","@graph":[{"@type":"Article","@id":"https:\/\/noticiasya.com\/2025\/12\/08\/corte-mayor-control-trump-trax\/#article","isPartOf":{"@id":"https:\/\/noticiasya.com\/2025\/12\/08\/corte-mayor-control-trump-trax\/"},"author":{"name":"","@id":""},"headline":"La Corte Suprema da indicios de que otorgar\u00e1 a Trump mayor control sobre el Gobierno","datePublished":"2025-12-08T19:03:43+00:00","mainEntityOfPage":{"@id":"https:\/\/noticiasya.com\/2025\/12\/08\/corte-mayor-control-trump-trax\/"},"wordCount":357,"commentCount":0,"publisher":{"@id":"https:\/\/noticiasya.com\/#organization"},"articleSection":["Noticias Nacionales"],"inLanguage":"es","potentialAction":[{"@type":"CommentAction","name":"Comment","target":["https:\/\/noticiasya.com\/2025\/12\/08\/corte-mayor-control-trump-trax\/#respond"]}]},{"@type":"WebPage","@id":"https:\/\/noticiasya.com\/2025\/12\/08\/corte-mayor-control-trump-trax\/","url":"https:\/\/noticiasya.com\/2025\/12\/08\/corte-mayor-control-trump-trax\/","name":"La Corte Suprema da indicios de que otorgar\u00e1 a Trump mayor control sobre el Gobierno - Noticias","isPartOf":{"@id":"https:\/\/noticiasya.com\/#website"},"datePublished":"2025-12-08T19:03:43+00:00","breadcrumb":{"@id":"https:\/\/noticiasya.com\/2025\/12\/08\/corte-mayor-control-trump-trax\/#breadcrumb"},"inLanguage":"es","potentialAction":[{"@type":"ReadAction","target":["https:\/\/noticiasya.com\/2025\/12\/08\/corte-mayor-control-trump-trax\/"]}]},{"@type":"BreadcrumbList","@id":"https:\/\/noticiasya.com\/2025\/12\/08\/corte-mayor-control-trump-trax\/#breadcrumb","itemListElement":[{"@type":"ListItem","position":1,"name":"Home","item":"https:\/\/noticiasya.com\/"},{"@type":"ListItem","position":2,"name":"La Corte Suprema da indicios de que otorgar\u00e1 a Trump mayor control sobre el Gobierno"}]},{"@type":"WebSite","@id":"https:\/\/noticiasya.com\/#website","url":"https:\/\/noticiasya.com\/","name":"Noticias","description":"Lo que importa","publisher":{"@id":"https:\/\/noticiasya.com\/#organization"},"potentialAction":[{"@type":"SearchAction","target":{"@type":"EntryPoint","urlTemplate":"https:\/\/noticiasya.com\/?s={search_term_string}"},"query-input":{"@type":"PropertyValueSpecification","valueRequired":true,"valueName":"search_term_string"}}],"inLanguage":"es"},{"@type":"Organization","@id":"https:\/\/noticiasya.com\/#organization","name":"Noticias","url":"https:\/\/noticiasya.com\/","logo":{"@type":"ImageObject","inLanguage":"es","@id":"https:\/\/noticiasya.com\/#\/schema\/logo\/image\/","url":"https:\/\/noticiasya.com\/wp-content\/uploads\/sites\/22\/2023\/12\/logo-nacional.png","contentUrl":"https:\/\/noticiasya.com\/wp-content\/uploads\/sites\/22\/2023\/12\/logo-nacional.png","width":1801,"height":691,"caption":"Noticias"},"image":{"@id":"https:\/\/noticiasya.com\/#\/schema\/logo\/image\/"}}]}},"parsely":{"version":"1.1.0","canonical_url":"https:\/\/noticiasya.com\/midland-odessa\/2025\/12\/08\/corte-mayor-control-trump-trax\/","smart_links":{"inbound":0,"outbound":0},"traffic_boost_suggestions_count":0,"meta":{"@context":"https:\/\/schema.org","@type":"NewsArticle","headline":"La Corte Suprema da indicios de que otorgar\u00e1 a Trump mayor control sobre el Gobierno","url":"http:\/\/noticiasya.com\/midland-odessa\/2025\/12\/08\/corte-mayor-control-trump-trax\/","mainEntityOfPage":{"@type":"WebPage","@id":"http:\/\/noticiasya.com\/midland-odessa\/2025\/12\/08\/corte-mayor-control-trump-trax\/"},"thumbnailUrl":"","image":{"@type":"ImageObject","url":""},"articleSection":"Noticias Nacionales","author":[],"creator":[],"publisher":{"@type":"Organization","name":"Noticias","logo":""},"keywords":[],"dateCreated":"2025-12-08T19:03:43Z","datePublished":"2025-12-08T19:03:43Z","dateModified":"2025-12-08T19:03:43Z"},"rendered":"<script type=\"application\/ld+json\" class=\"wp-parsely-metadata\">{\"@context\":\"https:\\\/\\\/schema.org\",\"@type\":\"NewsArticle\",\"headline\":\"La Corte Suprema da indicios de que otorgar\\u00e1 a Trump mayor control sobre el Gobierno\",\"url\":\"http:\\\/\\\/noticiasya.com\\\/midland-odessa\\\/2025\\\/12\\\/08\\\/corte-mayor-control-trump-trax\\\/\",\"mainEntityOfPage\":{\"@type\":\"WebPage\",\"@id\":\"http:\\\/\\\/noticiasya.com\\\/midland-odessa\\\/2025\\\/12\\\/08\\\/corte-mayor-control-trump-trax\\\/\"},\"thumbnailUrl\":\"\",\"image\":{\"@type\":\"ImageObject\",\"url\":\"\"},\"articleSection\":\"Noticias Nacionales\",\"author\":[],\"creator\":[],\"publisher\":{\"@type\":\"Organization\",\"name\":\"Noticias\",\"logo\":\"\"},\"keywords\":[],\"dateCreated\":\"2025-12-08T19:03:43Z\",\"datePublished\":\"2025-12-08T19:03:43Z\",\"dateModified\":\"2025-12-08T19:03:43Z\"}<\/script>","tracker_url":"https:\/\/cdn.parsely.com\/keys\/noticiasya.com\/p.js"},"jetpack_featured_media_url":"","jetpack-related-posts":[{"id":1467025,"url":"https:\/\/noticiasya.com\/midland-odessa\/2025\/10\/01\/corte-suprema-caso-independencia-reserva-federal-lisa-cook-trax\/","url_meta":{"origin":1469081,"position":0},"title":"La Corte Suprema escuchar\u00e1 argumentos en caso sobre la independencia de la Fed; Lisa Cook queda en el cargo por ahora","author":"","date":"octubre 1, 2025","format":false,"excerpt":"La Corte Suprema de EE.UU. acept\u00f3 el mi\u00e9rcoles decidir si el presidente Donald Trump puede destituir temporalmente a Lisa Cook de la Reserva Federal, preparando as\u00ed un enfrentamiento de alto impacto sobre la independencia de una agencia con un enorme poder sobre la econom\u00eda estadounidense.Cook permanecer\u00e1 en el cargo hasta\u2026","rel":"","context":"In &quot;Noticias Nacionales&quot;","block_context":{"text":"Noticias Nacionales","link":"https:\/\/noticiasya.com\/midland-odessa\/categoria\/noticias-nacionales"},"img":{"alt_text":"","src":"","width":0,"height":0},"classes":[]},{"id":1468065,"url":"https:\/\/noticiasya.com\/midland-odessa\/2025\/11\/05\/conclusiones-argumentos-trump-corte-suprema-aranceles-trax\/","url_meta":{"origin":1469081,"position":1},"title":"Conclusiones de los argumentos de Trump ante la Corte Suprema sobre los aranceles globales","author":"","date":"noviembre 5, 2025","format":false,"excerpt":"La Corte Suprema mostr\u00f3 profunda preocupaci\u00f3n este mi\u00e9rcoles por la dependencia del presidente Donald Trump en una ley federal ambigua para imponer aranceles globales, con varios miembros del ala conservadora cuestionando la postura del Gobierno en un caso que podr\u00eda tener amplias implicaciones para la econom\u00eda y el poder presidencial.Durante\u2026","rel":"","context":"In &quot;Noticias Nacionales&quot;","block_context":{"text":"Noticias Nacionales","link":"https:\/\/noticiasya.com\/midland-odessa\/categoria\/noticias-nacionales"},"img":{"alt_text":"","src":"","width":0,"height":0},"classes":[]},{"id":1457355,"url":"https:\/\/noticiasya.com\/midland-odessa\/2025\/01\/08\/trump-corte-suprema-suspenda-sentencia-caso-dinero-silenciar-sospechosos-trax\/","url_meta":{"origin":1469081,"position":2},"title":"Trump pide a la Corte Suprema que suspenda la sentencia en el caso de pagos de dinero por silencio","author":"","date":"enero 8, 2025","format":false,"excerpt":"El presidente electo Donald Trump inst\u00f3 el mi\u00e9rcoles a la Corte Suprema de Estados Unidos a pausar su sentencia en el caso de dinero para silenciar a sus seguidores, una solicitud altamente inusual que se basa en parte en la decisi\u00f3n de la corte, el a\u00f1o pasado, de otorgarle amplia\u2026","rel":"","context":"In &quot;Noticias Nacionales&quot;","block_context":{"text":"Noticias Nacionales","link":"https:\/\/noticiasya.com\/midland-odessa\/categoria\/noticias-nacionales"},"img":{"alt_text":"","src":"","width":0,"height":0},"classes":[]},{"id":1469008,"url":"https:\/\/noticiasya.com\/midland-odessa\/2025\/12\/05\/corte-jueces-inmigracion-libertad-expresion-trax\/","url_meta":{"origin":1469081,"position":3},"title":"El Departamento de Justicia insta a la Corte a bloquear la demanda de los jueces de inmigraci\u00f3n por la libertad de expresi\u00f3n","author":"","date":"diciembre 5, 2025","format":false,"excerpt":"El Gobierno de Trump inst\u00f3 este viernes a la Corte Suprema a intervenir en una batalla legal que lleva a\u00f1os en torno a una pol\u00edtica que proh\u00edbe a los jueces de inmigraci\u00f3n expresar sus opiniones personales en p\u00fablico, un caso que podr\u00eda tener consecuencias m\u00e1s amplias para los trabajadores federales.La\u2026","rel":"","context":"In &quot;Noticias Nacionales&quot;","block_context":{"text":"Noticias Nacionales","link":"https:\/\/noticiasya.com\/midland-odessa\/categoria\/noticias-nacionales"},"img":{"alt_text":"","src":"","width":0,"height":0},"classes":[]},{"id":1461110,"url":"https:\/\/noticiasya.com\/midland-odessa\/2025\/04\/12\/trump-deportado-error-corte-suprema-trax\/","url_meta":{"origin":1469081,"position":4},"title":"Trump sugiere que traer\u00eda de vuelta al hombre deportado por error si se lo ordena la Corte Suprema","author":"","date":"abril 12, 2025","format":false,"excerpt":"El presidente de Estados Unidos, Donald Trump, sugiri\u00f3 el viernes que traer\u00eda de regreso al padre de Maryland que su gobierno deport\u00f3 por error a El Salvador si la Corte Suprema se lo ordenara.En declaraciones a periodistas a bordo del Air Force One de camino a Florida, se le pregunt\u00f3\u2026","rel":"","context":"In &quot;Noticias Nacionales&quot;","block_context":{"text":"Noticias Nacionales","link":"https:\/\/noticiasya.com\/midland-odessa\/categoria\/noticias-nacionales"},"img":{"alt_text":"","src":"","width":0,"height":0},"classes":[]},{"id":1462399,"url":"https:\/\/noticiasya.com\/midland-odessa\/2025\/05\/15\/conclusiones-corte-suprema-ciudadania-nacimiento-trax\/","url_meta":{"origin":1469081,"position":5},"title":"Conclusiones de los argumentos en la Corte Suprema sobre ciudadan\u00eda por nacimiento y medidas cautelares nacionales","author":"","date":"mayo 15, 2025","format":false,"excerpt":"Este jueves, la Corte Suprema pareci\u00f3 abierta a levantar una serie de decretos a nivel nacional que bloqueaban al presidente Donald Trump de hacer cumplir su pol\u00edtica sobre la ciudadan\u00eda por nacimiento, aunque varios de los jueces lucharon con las implicaciones pr\u00e1cticas de permitir que el gobierno niegue la ciudadan\u00eda\u2026","rel":"","context":"In &quot;Noticias Nacionales&quot;","block_context":{"text":"Noticias Nacionales","link":"https:\/\/noticiasya.com\/midland-odessa\/categoria\/noticias-nacionales"},"img":{"alt_text":"","src":"","width":0,"height":0},"classes":[]}],"jetpack_sharing_enabled":true,"_links":{"self":[{"href":"https:\/\/noticiasya.com\/midland-odessa\/wp-json\/wp\/v2\/posts\/1469081","targetHints":{"allow":["GET"]}}],"collection":[{"href":"https:\/\/noticiasya.com\/midland-odessa\/wp-json\/wp\/v2\/posts"}],"about":[{"href":"https:\/\/noticiasya.com\/midland-odessa\/wp-json\/wp\/v2\/types\/post"}],"replies":[{"embeddable":true,"href":"https:\/\/noticiasya.com\/midland-odessa\/wp-json\/wp\/v2\/comments?post=1469081"}],"version-history":[{"count":0,"href":"https:\/\/noticiasya.com\/midland-odessa\/wp-json\/wp\/v2\/posts\/1469081\/revisions"}],"wp:attachment":[{"href":"https:\/\/noticiasya.com\/midland-odessa\/wp-json\/wp\/v2\/media?parent=1469081"}],"wp:term":[{"taxonomy":"category","embeddable":true,"href":"https:\/\/noticiasya.com\/midland-odessa\/wp-json\/wp\/v2\/categories?post=1469081"},{"taxonomy":"post_tag","embeddable":true,"href":"https:\/\/noticiasya.com\/midland-odessa\/wp-json\/wp\/v2\/tags?post=1469081"}],"curies":[{"name":"wp","href":"https:\/\/api.w.org\/{rel}","templated":true}]}}