{"id":1469084,"date":"2025-12-08T14:03:50","date_gmt":"2025-12-08T22:03:50","guid":{"rendered":"https:\/\/noticiasya.com\/2025\/12\/08\/champions-league-barcelona-eintracht-frankfurt-orix\/"},"modified":"2025-12-08T14:03:50","modified_gmt":"2025-12-08T22:03:50","slug":"champions-league-barcelona-eintracht-frankfurt-orix","status":"publish","type":"post","link":"https:\/\/noticiasya.com\/midland-odessa\/2025\/12\/08\/champions-league-barcelona-eintracht-frankfurt-orix\/","title":{"rendered":"FC Barcelona vs. Eintracht, por la Champions League 2025\/2026: previa, alineaciones, hora y c\u00f3mo ver por TV e internet"},"content":{"rendered":"<p>Cuando este martes salga al campo de juego del Camp Nou, el FC Barcelona lo har\u00e1 sabiendo que no hay margen de error si quiere llegar a los octavos de final de la Champions League 2025\/2026 sin contratiempos.<\/p>\n<p>El elenco blaugrana cosech\u00f3 apenas siete de los 15 puntos que ya se pusieron en juego y est\u00e1 en zona de playoffs, m\u00e1s cerca de los puestos de eliminaci\u00f3n que de los de clasificaci\u00f3n directa a la pr\u00f3xima instancia.<\/p>\n<p>Los dirigidos por Hansi Flick hab\u00edan comenzado de buena manera su aventura por Europa en esta campa\u00f1a, pero un empate ante Brujas y una goleada en contra ante el Chelsea en Londres complicaron seriamente las cuentas de los catalanes, que ahora est\u00e1n obligados a sacar los nueve puntos que quedan en juego para llegar a los ochos primeros lugares de la Fase de Liga.<\/p>\n<p>La buena noticia para los cul\u00e9s es que enfrentar\u00e1n a un equipo que viene de capa ca\u00edda. El Eintracht Frankfurt no pasa por un momento y el pasado s\u00e1bado perdi\u00f3 con baile incluido: 0-6 en su visita al RB Leipzig, uno de los animadores de la Bundesliga. Las \u00c1guilas marchan hoy en el s\u00e9ptimo lugar de la tabla de posiciones, fuera de los puestos de clasificaci\u00f3n a competiciones europeas.<\/p>\n<p>En Champions no andan mejor. Ganaron en su debut con una goleada 5-2 ante el Galatasaray de Turqu\u00eda, pero de all\u00ed en m\u00e1s no pudieron repetir: llegaron dos derrotas 1-5 consecutivas, una ante el Atl\u00e9tico de Madrid y otra ante el Liverpool, y luego un empate con el Napoli. En su \u00faltima presentaci\u00f3n, el Eintracht fue claramente superado por el Atalanta, que lo venci\u00f3 3-0 en Alemania. La pobre cosecha de cuatro puntos la tiene en puestos de eliminaci\u00f3n.<\/p>\n<p>El FC Barcelona tendr\u00e1 algunas bajas obligadas por lesi\u00f3n y suspensi\u00f3n. Dani Olmo y Gavi est\u00e1n en la enfermer\u00eda, y el uruguayo Ronald Ara\u00fajo debe pagar una fecha de suspensi\u00f3n por su expulsi\u00f3n en Inglaterra. Lamine Yamal, Raphinha y Pedri no han tenido m\u00e1s contratiempos y ser\u00e1n titulares una vez m\u00e1s.<\/p>\n<p>Los alemanes tambi\u00e9n tendr\u00e1n ausencias: Jonathan Burkardt, Michy Batshuayi y Timothy Chandler tienen parte de lesionados.<\/p>\n<p>Para el FC Barcelona ser\u00e1 adem\u00e1s una suerte de peque\u00f1a revancha, ya que la \u00faltima vez que se enfrentaron el Eintracht lo elimin\u00f3 en los cuartos de final de la Europa League 2021\/2022, que tuvo a los alemanes como campeones.<\/p>\n<p><strong>FC Barcelona:<\/strong> Joan Garcia; Kound\u00e9, Cubars\u00ed, Eric Garcia, Balde; Frenkie de Jong, Pedri, Raphinha; Lamine Yamal, Lewandowski, Ferran Torres.<\/p>\n<p><strong>Eintracht<\/strong>: Zetterer; Kristensen, Collins, Koch, Theate, Brown; Chaibi, Dahoud, G\u00f6tze; Knauff, Bahoya.<\/p>\n<ul>\n<li>3 p.m. de Miami.<\/li>\n<li>3 p.m. de Bogot\u00e1.<\/li>\n<li>2 p.m. de Ciudad de M\u00e9xico.<\/li>\n<li>5 p.m. de Buenos Aires.<\/li>\n<li>9 p.m. de Madrid.<\/li>\n<\/ul>\n<p>Estados Unidos: Univision, ViX, Paramount+.<\/p>\n<p>M\u00e9xico: TNT Sports y HBO Max.<\/p>\n<p>Argentina: ESPN 2 y Disney+.<\/p>\n<p>Espa\u00f1a: Movistar y Movistar+.<\/p>\n<p>Del 1ro al 8vo clasifican directamente a los octavos de final.<\/p>\n<p>Del 9no al 24to jugar\u00e1n una serie de playoff para clasificar a octavos de final.<\/p>\n<p>Del 25to al 36to quedan eliminados.<\/p>\n<p>The-CNN-Wire<br \/>&trade; &amp; &copy; 2025 Cable News Network, Inc., a Warner Bros. Discovery Company. All rights reserved.<\/p>\n","protected":false},"excerpt":{"rendered":"<p>Cuando este martes salga al campo de juego del Camp Nou, el FC Barcelona lo har\u00e1 sabiendo que no hay margen de error si quiere llegar a los octavos de final de la Champions League 2025\/2026 sin contratiempos. El elenco blaugrana cosech\u00f3 apenas siete de los 15 puntos que ya se pusieron en juego y [&hellip;]<\/p>\n","protected":false},"author":0,"featured_media":0,"comment_status":"open","ping_status":"open","sticky":false,"template":"","format":"standard","meta":{"_jetpack_memberships_contains_paid_content":false,"footnotes":""},"categories":[10],"tags":[],"class_list":["post-1469084","post","type-post","status-publish","format-standard","hentry","category-noticias-nacionales","market-global"],"yoast_head":"<!-- This site is optimized with the Yoast SEO plugin v24.4 - https:\/\/yoast.com\/wordpress\/plugins\/seo\/ -->\n<title>FC Barcelona vs. Eintracht, por la Champions League 2025\/2026: previa, alineaciones, hora y c\u00f3mo ver por TV e internet - Noticias<\/title>\n<meta name=\"robots\" content=\"index, follow, max-snippet:-1, max-image-preview:large, max-video-preview:-1\" \/>\n<link rel=\"canonical\" href=\"https:\/\/noticiasya.com\/2025\/12\/08\/champions-league-barcelona-eintracht-frankfurt-orix\/\" \/>\n<meta property=\"og:locale\" content=\"es_ES\" \/>\n<meta property=\"og:type\" content=\"article\" \/>\n<meta property=\"og:title\" content=\"FC Barcelona vs. Eintracht, por la Champions League 2025\/2026: previa, alineaciones, hora y c\u00f3mo ver por TV e internet - Noticias\" \/>\n<meta property=\"og:description\" content=\"Cuando este martes salga al campo de juego del Camp Nou, el FC Barcelona lo har\u00e1 sabiendo que no hay margen de error si quiere llegar a los octavos de final de la Champions League 2025\/2026 sin contratiempos. El elenco blaugrana cosech\u00f3 apenas siete de los 15 puntos que ya se pusieron en juego y [&hellip;]\" \/>\n<meta property=\"og:url\" content=\"https:\/\/noticiasya.com\/2025\/12\/08\/champions-league-barcelona-eintracht-frankfurt-orix\/\" \/>\n<meta property=\"og:site_name\" content=\"Noticias\" \/>\n<meta property=\"article:published_time\" content=\"2025-12-08T22:03:50+00:00\" \/>\n<meta name=\"twitter:card\" content=\"summary_large_image\" \/>\n<meta name=\"twitter:label1\" content=\"Est. reading time\" \/>\n\t<meta name=\"twitter:data1\" content=\"3 minutos\" \/>\n<script type=\"application\/ld+json\" class=\"yoast-schema-graph\">{\"@context\":\"https:\/\/schema.org\",\"@graph\":[{\"@type\":\"Article\",\"@id\":\"https:\/\/noticiasya.com\/2025\/12\/08\/champions-league-barcelona-eintracht-frankfurt-orix\/#article\",\"isPartOf\":{\"@id\":\"https:\/\/noticiasya.com\/2025\/12\/08\/champions-league-barcelona-eintracht-frankfurt-orix\/\"},\"author\":{\"name\":\"\",\"@id\":\"\"},\"headline\":\"FC Barcelona vs. Eintracht, por la Champions League 2025\/2026: previa, alineaciones, hora y c\u00f3mo ver por TV e internet\",\"datePublished\":\"2025-12-08T22:03:50+00:00\",\"mainEntityOfPage\":{\"@id\":\"https:\/\/noticiasya.com\/2025\/12\/08\/champions-league-barcelona-eintracht-frankfurt-orix\/\"},\"wordCount\":570,\"commentCount\":0,\"publisher\":{\"@id\":\"https:\/\/noticiasya.com\/#organization\"},\"articleSection\":[\"Noticias Nacionales\"],\"inLanguage\":\"es\",\"potentialAction\":[{\"@type\":\"CommentAction\",\"name\":\"Comment\",\"target\":[\"https:\/\/noticiasya.com\/2025\/12\/08\/champions-league-barcelona-eintracht-frankfurt-orix\/#respond\"]}]},{\"@type\":\"WebPage\",\"@id\":\"https:\/\/noticiasya.com\/2025\/12\/08\/champions-league-barcelona-eintracht-frankfurt-orix\/\",\"url\":\"https:\/\/noticiasya.com\/2025\/12\/08\/champions-league-barcelona-eintracht-frankfurt-orix\/\",\"name\":\"FC Barcelona vs. Eintracht, por la Champions League 2025\/2026: previa, alineaciones, hora y c\u00f3mo ver por TV e internet - Noticias\",\"isPartOf\":{\"@id\":\"https:\/\/noticiasya.com\/#website\"},\"datePublished\":\"2025-12-08T22:03:50+00:00\",\"breadcrumb\":{\"@id\":\"https:\/\/noticiasya.com\/2025\/12\/08\/champions-league-barcelona-eintracht-frankfurt-orix\/#breadcrumb\"},\"inLanguage\":\"es\",\"potentialAction\":[{\"@type\":\"ReadAction\",\"target\":[\"https:\/\/noticiasya.com\/2025\/12\/08\/champions-league-barcelona-eintracht-frankfurt-orix\/\"]}]},{\"@type\":\"BreadcrumbList\",\"@id\":\"https:\/\/noticiasya.com\/2025\/12\/08\/champions-league-barcelona-eintracht-frankfurt-orix\/#breadcrumb\",\"itemListElement\":[{\"@type\":\"ListItem\",\"position\":1,\"name\":\"Home\",\"item\":\"https:\/\/noticiasya.com\/\"},{\"@type\":\"ListItem\",\"position\":2,\"name\":\"FC Barcelona vs. Eintracht, por la Champions League 2025\/2026: previa, alineaciones, hora y c\u00f3mo ver por TV e internet\"}]},{\"@type\":\"WebSite\",\"@id\":\"https:\/\/noticiasya.com\/#website\",\"url\":\"https:\/\/noticiasya.com\/\",\"name\":\"Noticias\",\"description\":\"Lo que importa\",\"publisher\":{\"@id\":\"https:\/\/noticiasya.com\/#organization\"},\"potentialAction\":[{\"@type\":\"SearchAction\",\"target\":{\"@type\":\"EntryPoint\",\"urlTemplate\":\"https:\/\/noticiasya.com\/?s={search_term_string}\"},\"query-input\":{\"@type\":\"PropertyValueSpecification\",\"valueRequired\":true,\"valueName\":\"search_term_string\"}}],\"inLanguage\":\"es\"},{\"@type\":\"Organization\",\"@id\":\"https:\/\/noticiasya.com\/#organization\",\"name\":\"Noticias\",\"url\":\"https:\/\/noticiasya.com\/\",\"logo\":{\"@type\":\"ImageObject\",\"inLanguage\":\"es\",\"@id\":\"https:\/\/noticiasya.com\/#\/schema\/logo\/image\/\",\"url\":\"https:\/\/noticiasya.com\/wp-content\/uploads\/sites\/22\/2023\/12\/logo-nacional.png\",\"contentUrl\":\"https:\/\/noticiasya.com\/wp-content\/uploads\/sites\/22\/2023\/12\/logo-nacional.png\",\"width\":1801,\"height\":691,\"caption\":\"Noticias\"},\"image\":{\"@id\":\"https:\/\/noticiasya.com\/#\/schema\/logo\/image\/\"}}]}<\/script>\n<!-- \/ Yoast SEO plugin. -->","yoast_head_json":{"title":"FC Barcelona vs. Eintracht, por la Champions League 2025\/2026: previa, alineaciones, hora y c\u00f3mo ver por TV e internet - Noticias","robots":{"index":"index","follow":"follow","max-snippet":"max-snippet:-1","max-image-preview":"max-image-preview:large","max-video-preview":"max-video-preview:-1"},"canonical":"https:\/\/noticiasya.com\/2025\/12\/08\/champions-league-barcelona-eintracht-frankfurt-orix\/","og_locale":"es_ES","og_type":"article","og_title":"FC Barcelona vs. Eintracht, por la Champions League 2025\/2026: previa, alineaciones, hora y c\u00f3mo ver por TV e internet - Noticias","og_description":"Cuando este martes salga al campo de juego del Camp Nou, el FC Barcelona lo har\u00e1 sabiendo que no hay margen de error si quiere llegar a los octavos de final de la Champions League 2025\/2026 sin contratiempos. El elenco blaugrana cosech\u00f3 apenas siete de los 15 puntos que ya se pusieron en juego y [&hellip;]","og_url":"https:\/\/noticiasya.com\/2025\/12\/08\/champions-league-barcelona-eintracht-frankfurt-orix\/","og_site_name":"Noticias","article_published_time":"2025-12-08T22:03:50+00:00","twitter_card":"summary_large_image","twitter_misc":{"Est. reading time":"3 minutos"},"schema":{"@context":"https:\/\/schema.org","@graph":[{"@type":"Article","@id":"https:\/\/noticiasya.com\/2025\/12\/08\/champions-league-barcelona-eintracht-frankfurt-orix\/#article","isPartOf":{"@id":"https:\/\/noticiasya.com\/2025\/12\/08\/champions-league-barcelona-eintracht-frankfurt-orix\/"},"author":{"name":"","@id":""},"headline":"FC Barcelona vs. Eintracht, por la Champions League 2025\/2026: previa, alineaciones, hora y c\u00f3mo ver por TV e internet","datePublished":"2025-12-08T22:03:50+00:00","mainEntityOfPage":{"@id":"https:\/\/noticiasya.com\/2025\/12\/08\/champions-league-barcelona-eintracht-frankfurt-orix\/"},"wordCount":570,"commentCount":0,"publisher":{"@id":"https:\/\/noticiasya.com\/#organization"},"articleSection":["Noticias Nacionales"],"inLanguage":"es","potentialAction":[{"@type":"CommentAction","name":"Comment","target":["https:\/\/noticiasya.com\/2025\/12\/08\/champions-league-barcelona-eintracht-frankfurt-orix\/#respond"]}]},{"@type":"WebPage","@id":"https:\/\/noticiasya.com\/2025\/12\/08\/champions-league-barcelona-eintracht-frankfurt-orix\/","url":"https:\/\/noticiasya.com\/2025\/12\/08\/champions-league-barcelona-eintracht-frankfurt-orix\/","name":"FC Barcelona vs. Eintracht, por la Champions League 2025\/2026: previa, alineaciones, hora y c\u00f3mo ver por TV e internet - Noticias","isPartOf":{"@id":"https:\/\/noticiasya.com\/#website"},"datePublished":"2025-12-08T22:03:50+00:00","breadcrumb":{"@id":"https:\/\/noticiasya.com\/2025\/12\/08\/champions-league-barcelona-eintracht-frankfurt-orix\/#breadcrumb"},"inLanguage":"es","potentialAction":[{"@type":"ReadAction","target":["https:\/\/noticiasya.com\/2025\/12\/08\/champions-league-barcelona-eintracht-frankfurt-orix\/"]}]},{"@type":"BreadcrumbList","@id":"https:\/\/noticiasya.com\/2025\/12\/08\/champions-league-barcelona-eintracht-frankfurt-orix\/#breadcrumb","itemListElement":[{"@type":"ListItem","position":1,"name":"Home","item":"https:\/\/noticiasya.com\/"},{"@type":"ListItem","position":2,"name":"FC Barcelona vs. Eintracht, por la Champions League 2025\/2026: previa, alineaciones, hora y c\u00f3mo ver por TV e internet"}]},{"@type":"WebSite","@id":"https:\/\/noticiasya.com\/#website","url":"https:\/\/noticiasya.com\/","name":"Noticias","description":"Lo que importa","publisher":{"@id":"https:\/\/noticiasya.com\/#organization"},"potentialAction":[{"@type":"SearchAction","target":{"@type":"EntryPoint","urlTemplate":"https:\/\/noticiasya.com\/?s={search_term_string}"},"query-input":{"@type":"PropertyValueSpecification","valueRequired":true,"valueName":"search_term_string"}}],"inLanguage":"es"},{"@type":"Organization","@id":"https:\/\/noticiasya.com\/#organization","name":"Noticias","url":"https:\/\/noticiasya.com\/","logo":{"@type":"ImageObject","inLanguage":"es","@id":"https:\/\/noticiasya.com\/#\/schema\/logo\/image\/","url":"https:\/\/noticiasya.com\/wp-content\/uploads\/sites\/22\/2023\/12\/logo-nacional.png","contentUrl":"https:\/\/noticiasya.com\/wp-content\/uploads\/sites\/22\/2023\/12\/logo-nacional.png","width":1801,"height":691,"caption":"Noticias"},"image":{"@id":"https:\/\/noticiasya.com\/#\/schema\/logo\/image\/"}}]}},"parsely":{"version":"1.1.0","canonical_url":"https:\/\/noticiasya.com\/midland-odessa\/2025\/12\/08\/champions-league-barcelona-eintracht-frankfurt-orix\/","smart_links":{"inbound":0,"outbound":0},"traffic_boost_suggestions_count":0,"meta":{"@context":"https:\/\/schema.org","@type":"NewsArticle","headline":"FC Barcelona vs. Eintracht, por la Champions League 2025\/2026: previa, alineaciones, hora y c\u00f3mo ver por TV e internet","url":"http:\/\/noticiasya.com\/midland-odessa\/2025\/12\/08\/champions-league-barcelona-eintracht-frankfurt-orix\/","mainEntityOfPage":{"@type":"WebPage","@id":"http:\/\/noticiasya.com\/midland-odessa\/2025\/12\/08\/champions-league-barcelona-eintracht-frankfurt-orix\/"},"thumbnailUrl":"","image":{"@type":"ImageObject","url":""},"articleSection":"Noticias Nacionales","author":[],"creator":[],"publisher":{"@type":"Organization","name":"Noticias","logo":""},"keywords":[],"dateCreated":"2025-12-08T22:03:50Z","datePublished":"2025-12-08T22:03:50Z","dateModified":"2025-12-08T22:03:50Z"},"rendered":"<script type=\"application\/ld+json\" class=\"wp-parsely-metadata\">{\"@context\":\"https:\\\/\\\/schema.org\",\"@type\":\"NewsArticle\",\"headline\":\"FC Barcelona vs. Eintracht, por la Champions League 2025\\\/2026: previa, alineaciones, hora y c\\u00f3mo ver por TV e internet\",\"url\":\"http:\\\/\\\/noticiasya.com\\\/midland-odessa\\\/2025\\\/12\\\/08\\\/champions-league-barcelona-eintracht-frankfurt-orix\\\/\",\"mainEntityOfPage\":{\"@type\":\"WebPage\",\"@id\":\"http:\\\/\\\/noticiasya.com\\\/midland-odessa\\\/2025\\\/12\\\/08\\\/champions-league-barcelona-eintracht-frankfurt-orix\\\/\"},\"thumbnailUrl\":\"\",\"image\":{\"@type\":\"ImageObject\",\"url\":\"\"},\"articleSection\":\"Noticias Nacionales\",\"author\":[],\"creator\":[],\"publisher\":{\"@type\":\"Organization\",\"name\":\"Noticias\",\"logo\":\"\"},\"keywords\":[],\"dateCreated\":\"2025-12-08T22:03:50Z\",\"datePublished\":\"2025-12-08T22:03:50Z\",\"dateModified\":\"2025-12-08T22:03:50Z\"}<\/script>","tracker_url":"https:\/\/cdn.parsely.com\/keys\/noticiasya.com\/p.js"},"jetpack_featured_media_url":"","jetpack-related-posts":[{"id":1467034,"url":"https:\/\/noticiasya.com\/midland-odessa\/2025\/10\/01\/barcelona-derrota-psg-champions-league-orix\/","url_meta":{"origin":1469084,"position":0},"title":"El FC Barcelona de Lamine Yamal sufri\u00f3 una derrota ag\u00f3nica ante el PSG por la Champions League: \u00bfqu\u00e9 sigue para los cul\u00e9s?","author":"","date":"octubre 1, 2025","format":false,"excerpt":"El FC Barcelona sufri\u00f3 este mi\u00e9rcoles una derrota de esas que duelen. En el estadio Llu\u00eds Companys, los blaugranas cayeron ante el \u00faltimo campe\u00f3n de Europa por 2 a 1, en un duelo v\u00e1lido por la segunda jornada de la Champions League 2025\/2026.En la previa, a pesar del poder\u00edo rival,\u2026","rel":"","context":"In &quot;Noticias Nacionales&quot;","block_context":{"text":"Noticias Nacionales","link":"https:\/\/noticiasya.com\/midland-odessa\/categoria\/noticias-nacionales"},"img":{"alt_text":"","src":"","width":0,"height":0},"classes":[]},{"id":1459499,"url":"https:\/\/noticiasya.com\/midland-odessa\/2025\/03\/04\/benfica-fc-barcelona-champions-league-previa-cuando-como-ver-tv-internet-orix\/","url_meta":{"origin":1469084,"position":1},"title":"Benfica \u2013 FC Barcelona en la Champions League 24\/25: previa, hora, cu\u00e1ndo y c\u00f3mo ver por TV e internet","author":"","date":"marzo 4, 2025","format":false,"excerpt":"Contin\u00faan los partidos de ida de los octavos de final de la Champions League y una de las llaves m\u00e1s atractivas es el duelo de la pen\u00ednsula ib\u00e9rica entre el Benfica de Portugal y el FC Barcelona de Espa\u00f1a, que se jugar\u00e1 el mi\u00e9rcoles 5 de marzo en el Est\u00e1dio\u2026","rel":"","context":"In &quot;Noticias Nacionales&quot;","block_context":{"text":"Noticias Nacionales","link":"https:\/\/noticiasya.com\/midland-odessa\/categoria\/noticias-nacionales"},"img":{"alt_text":"","src":"","width":0,"height":0},"classes":[]},{"id":1470348,"url":"https:\/\/noticiasya.com\/midland-odessa\/2026\/01\/21\/real-madrid-fc-barcelona-octavos-final-champions-league-orix\/","url_meta":{"origin":1469084,"position":2},"title":"Qu\u00e9 necesitan el Real Madrid y el FC Barcelona para clasificar a los octavos de final de la Champions League","author":"","date":"enero 21, 2026","format":false,"excerpt":"El Real Madrid y el FC Barcelona sumaron victorias importantes en la jornada siete de la UEFA Champions League, la pen\u00faltima antes de que comience la fase eliminatoria del torneo de clubes m\u00e1s importante de Europa.Siendo dos de los equipos favoritos de la afici\u00f3n, una de las preguntas que muchos\u2026","rel":"","context":"In &quot;Noticias Nacionales&quot;","block_context":{"text":"Noticias Nacionales","link":"https:\/\/noticiasya.com\/midland-odessa\/categoria\/noticias-nacionales"},"img":{"alt_text":"","src":"","width":0,"height":0},"classes":[]},{"id":1470358,"url":"https:\/\/noticiasya.com\/midland-odessa\/2026\/01\/21\/clasificacion-ultima-jornada-champions-league-formato-orix\/","url_meta":{"origin":1469084,"position":3},"title":"Qui\u00e9n se juega la clasificaci\u00f3n en la \u00faltima jornada de la Champions League y c\u00f3mo funciona el formato","author":"","date":"enero 21, 2026","format":false,"excerpt":"Desde que estren\u00f3 el formato nuevo, la Champions League no hab\u00eda tenido tanta paridad como en la temporada actual.Desde que el torneo se disputa bajo el formato \u201cfase de liga\u201d, que se inici\u00f3 en la temporada 2024-2025, los ocho mejores equipos en la primera fase consiguen su boleto autom\u00e1tico a\u2026","rel":"","context":"In &quot;Noticias Nacionales&quot;","block_context":{"text":"Noticias Nacionales","link":"https:\/\/noticiasya.com\/midland-odessa\/categoria\/noticias-nacionales"},"img":{"alt_text":"","src":"","width":0,"height":0},"classes":[]},{"id":1462003,"url":"https:\/\/noticiasya.com\/midland-odessa\/2025\/05\/05\/champions-league-semifinal-previa-orix\/","url_meta":{"origin":1469084,"position":4},"title":"Cuatro equipos buscan la final de la Champions League con el reto de volver a jugar un f\u00fatbol de colecci\u00f3n","author":"","date":"mayo 5, 2025","format":false,"excerpt":"Los partidos revanchas de las semifinales de la Champions League se esperan con la m\u00e1xima expectaci\u00f3n, luego de la m\u00e1s alta sinfon\u00eda futbol\u00edstica que dejaron los cuatro equipos protagonistas, con dos partidos que llenaron los ojos, impactaron el coraz\u00f3n a pura emoci\u00f3n y dejaron los cuerpos extasiados de tanto disfrute\u2026","rel":"","context":"In &quot;Noticias Nacionales&quot;","block_context":{"text":"Noticias Nacionales","link":"https:\/\/noticiasya.com\/midland-odessa\/categoria\/noticias-nacionales"},"img":{"alt_text":"","src":"","width":0,"height":0},"classes":[]},{"id":1470560,"url":"https:\/\/noticiasya.com\/midland-odessa\/2026\/01\/28\/real-madrid-barcelona-octavos-final-champions-league-orix\/","url_meta":{"origin":1469084,"position":5},"title":"Qu\u00e9 necesitan el Real Madrid y el FC Barcelona para clasificar a los octavos de final de la Champions League","author":"","date":"enero 28, 2026","format":false,"excerpt":"El Real Madrid y el FC Barcelona sumaron victorias importantes en la jornada siete de la UEFA Champions League, la pen\u00faltima antes de que comience la fase eliminatoria del torneo de clubes m\u00e1s importante de Europa.Siendo dos de los equipos favoritos de la afici\u00f3n, una de las preguntas que muchos\u2026","rel":"","context":"In &quot;Noticias Nacionales&quot;","block_context":{"text":"Noticias Nacionales","link":"https:\/\/noticiasya.com\/midland-odessa\/categoria\/noticias-nacionales"},"img":{"alt_text":"","src":"","width":0,"height":0},"classes":[]}],"jetpack_sharing_enabled":true,"_links":{"self":[{"href":"https:\/\/noticiasya.com\/midland-odessa\/wp-json\/wp\/v2\/posts\/1469084","targetHints":{"allow":["GET"]}}],"collection":[{"href":"https:\/\/noticiasya.com\/midland-odessa\/wp-json\/wp\/v2\/posts"}],"about":[{"href":"https:\/\/noticiasya.com\/midland-odessa\/wp-json\/wp\/v2\/types\/post"}],"replies":[{"embeddable":true,"href":"https:\/\/noticiasya.com\/midland-odessa\/wp-json\/wp\/v2\/comments?post=1469084"}],"version-history":[{"count":0,"href":"https:\/\/noticiasya.com\/midland-odessa\/wp-json\/wp\/v2\/posts\/1469084\/revisions"}],"wp:attachment":[{"href":"https:\/\/noticiasya.com\/midland-odessa\/wp-json\/wp\/v2\/media?parent=1469084"}],"wp:term":[{"taxonomy":"category","embeddable":true,"href":"https:\/\/noticiasya.com\/midland-odessa\/wp-json\/wp\/v2\/categories?post=1469084"},{"taxonomy":"post_tag","embeddable":true,"href":"https:\/\/noticiasya.com\/midland-odessa\/wp-json\/wp\/v2\/tags?post=1469084"}],"curies":[{"name":"wp","href":"https:\/\/api.w.org\/{rel}","templated":true}]}}