{"id":1469085,"date":"2025-12-08T15:03:45","date_gmt":"2025-12-08T23:03:45","guid":{"rendered":"https:\/\/noticiasya.com\/2025\/12\/08\/violencia-michoacan-coche-bomba-coahuayana-orix\/"},"modified":"2025-12-08T15:03:45","modified_gmt":"2025-12-08T23:03:45","slug":"violencia-michoacan-coche-bomba-coahuayana-orix","status":"publish","type":"post","link":"https:\/\/noticiasya.com\/midland-odessa\/2025\/12\/08\/violencia-michoacan-coche-bomba-coahuayana-orix\/","title":{"rendered":"Violencia en Michoac\u00e1n: qu\u00e9 sabemos sobre el coche bomba que estall\u00f3 en Coahuayana"},"content":{"rendered":"<p>Un veh\u00edculo cargado con explosivo<a href=\"https:\/\/cnnespanol.cnn.com\/2025\/12\/06\/mexico\/explosion-carro-bomba-muertos-heridos-michoacan-efe\">s deton\u00f3 el s\u00e1bado frente a la base de la Polic\u00eda Comunitaria de Coahuayana,<\/a> un municipio ubicado en la costa del estado mexicano de Michoac\u00e1n, en un momento en que las autoridades federales y estatales mantienen operativos para contener la violencia que persiste en la regi\u00f3n.<\/p>\n<p>La explosi\u00f3n, que ocurri\u00f3 en el centro del municipio y a unos metros de la alcald\u00eda, dej\u00f3 cinco personas muertas y 12 heridas, seg\u00fan inform\u00f3 la Fiscal\u00eda General de la Rep\u00fablica (FGR).<\/p>\n<p>Autoridades federales y estatales investigan el hecho bajo el delito de delincuencia organizada, pero hasta el momento no han confirmado qui\u00e9n est\u00e1 detr\u00e1s del ataque, cu\u00e1l era el objetivo del veh\u00edculo ni si est\u00e1 relacionado con disputas criminales locales.<\/p>\n<p>La presidenta Claudia Sheinbaum<a href=\"https:\/\/www.gob.mx\/presidencia\/es\/articulos\/version-estenografica-conferencia-de-prensa-de-la-presidenta-claudia-sheinbaum-pardo-del-08-de-diciembre-de-2025?idiom=es\"> dijo este lunes<\/a> que las investigaciones contin\u00faan, que se revisan c\u00e1maras de seguridad y se realizan an\u00e1lisis periciales para esclarecer los hechos.<\/p>\n<p>El Gobierno de Michoac\u00e1n <a href=\"https:\/\/cnnespanol.cnn.com\/2025\/12\/06\/mexico\/explosion-carro-bomba-muertos-heridos-michoacan-efe\">confirm\u00f3 <\/a>que la explosi\u00f3n ocurri\u00f3 alrededor de las 12 hora local de este s\u00e1bado, sobre la calle Allende, a menos de cien metros de la alcald\u00eda de Coahuayana, un municipio dedicado principalmente a la pesca y a la producci\u00f3n de pl\u00e1tano y papaya.<\/p>\n<p>Las autoridades estatales dijeron que el artefacto explot\u00f3 cuando el veh\u00edculo se encontraba frente a las instalaciones de la Polic\u00eda Comunitaria, en una zona donde operan tambi\u00e9n fuerzas federales y estatales \u2014Polic\u00eda Estatal, Guardia Nacional, Ej\u00e9rcito y Marina\u2014 debido a la creciente presencia criminal.<\/p>\n<p>La explosi\u00f3n tambi\u00e9n dej\u00f3 severos da\u00f1os materiales que afectaron al menos diez inmuebles, varios con locales comerciales, as\u00ed como a una decena de veh\u00edculos que se encontraban estacionados en la zona.<\/p>\n<p>La FGR<a href=\"https:\/\/fgr.org.mx\/en\/FGR\/Prensa\/_rid\/61\/_mod\/story?p=1&#038;ord=desc&#038;f=0&#038;suri=http%3A%2F%2Fwww.FGR.swb%23fgr_Boletin%3A22841\"> abri\u00f3 una investigaci\u00f3n<\/a> por delincuencia organizada, y despleg\u00f3 peritos expertos en explosivos, bal\u00edstica, gen\u00e9tica y criminal\u00edstica para identificar el tipo de artefacto y el m\u00f3vil del atentado.<\/p>\n<p>La Fiscal\u00eda General del Estado (FGE) a\u00fan investiga si las v\u00edctimas eran integrantes de la polic\u00eda comunitaria o vecinos que estaban en la zona al momento del ataque.<\/p>\n<p>La investigaci\u00f3n est\u00e1 a cargo de la Fiscal\u00eda Especializada en Delincuencia Organizada, en coordinaci\u00f3n con la Fiscal\u00eda General del Estado de Michoac\u00e1n y el Gabinete de Seguridad del Gobierno de M\u00e9xico, que incluye a la Secretar\u00eda de la Defensa Nacional, la Marina, la Guardia Nacional y la Secretar\u00eda de Seguridad y Protecci\u00f3n Ciudadana.<\/p>\n<p>Sheinbaum dijo durante su conferencia de prensa diaria que se espera tener m\u00e1s informaci\u00f3n sobre las causas y responsables del ataque en las pr\u00f3ximas horas.<\/p>\n<p>La Polic\u00eda Comunitaria <a href=\"https:\/\/cnnespanol.cnn.com\/2025\/12\/06\/mexico\/explosion-carro-bomba-muertos-heridos-michoacan-efe\">realiza <\/a>funciones de vigilancia local sin reconocimiento oficial del Gobierno de Michoac\u00e1n.<\/p>\n<p>El grupo est\u00e1 encabezado por H\u00e9ctor Zepeda Navarrete, \u201cEl Comandante Teto\u201d, quien particip\u00f3 en los grupos de autodefensa surgidos en 2014 para enfrentar a Los Caballeros Templarios.<\/p>\n<p>Adem\u00e1s de esta corporaci\u00f3n, en el municipio operan la Guardia Civil, el Ej\u00e9rcito Mexicano, la Marina y la Guardia Nacional.<\/p>\n<p>Coahuayana se encuentra en un corredor considerado prioritario para las operaciones de seguridad federal.<\/p>\n<p>Michoac\u00e1n cuenta con 270 kil\u00f3metros de litoral en el Pac\u00edfico mexicano, una ruta utilizada por redes criminales para el tr\u00e1fico de coca\u00edna proveniente de Sudam\u00e9rica y otros movimientos vinculados con la delincuencia organizada.<\/p>\n<p>Las autoridades han identificado que pobladores de la costa michoacana trabajan al servicio de narcotraficantes recogiendo en el mar paquetes de coca\u00edna, que posteriormente trasladan por tierra o en avionetas a distintos puntos de M\u00e9xico o la frontera con Estados Unidos.<\/p>\n<p>La Secretar\u00eda de Marina determin\u00f3 tambi\u00e9n que en la costa de Michoac\u00e1n hay una fuerte confrontaci\u00f3n entre las Polic\u00edas Comunitarias de Aquila y Coahuayana con el Cartel Jalisco Nueva Generaci\u00f3n.<\/p>\n<p>El ataque contra la sede de la Polic\u00eda Comunitaria en este municipio de la costa michoacana ocurri\u00f3 mientras se implementa <a href=\"https:\/\/cnnespanol.cnn.com\/2025\/11\/09\/mexico\/sheinbaum-plan-michoacan-contener-violencia-orix\">el plan de seguridad y pacificaci\u00f3n<\/a> en el estado, la estrategia que puso en marcha el Gobierno de Sheinbaum para frenar la violencia en la regi\u00f3n tras <a href=\"https:\/\/cnnespanol.cnn.com\/2025\/11\/19\/mexico\/detenido-presunto-autor-intelectual-carlos-manzo-orix\">el asesinato de Carlos Manzo<\/a>, el alcalde de Uruapan que fue atacado durante un acto p\u00fablico en pleno D\u00eda de Muertos.<\/p>\n<p>The-CNN-Wire<br \/>&trade; &amp; &copy; 2025 Cable News Network, Inc., a Warner Bros. Discovery Company. All rights reserved.<\/p>\n","protected":false},"excerpt":{"rendered":"<p>Un veh\u00edculo cargado con explosivos deton\u00f3 el s\u00e1bado frente a la base de la Polic\u00eda Comunitaria de Coahuayana, un municipio ubicado en la costa del estado mexicano de Michoac\u00e1n, en un momento en que las autoridades federales y estatales mantienen operativos para contener la violencia que persiste en la regi\u00f3n. La explosi\u00f3n, que ocurri\u00f3 en [&hellip;]<\/p>\n","protected":false},"author":0,"featured_media":0,"comment_status":"open","ping_status":"open","sticky":false,"template":"","format":"standard","meta":{"_jetpack_memberships_contains_paid_content":false,"footnotes":""},"categories":[10],"tags":[],"class_list":["post-1469085","post","type-post","status-publish","format-standard","hentry","category-noticias-nacionales","market-global"],"yoast_head":"<!-- This site is optimized with the Yoast SEO plugin v24.4 - https:\/\/yoast.com\/wordpress\/plugins\/seo\/ -->\n<title>Violencia en Michoac\u00e1n: qu\u00e9 sabemos sobre el coche bomba que estall\u00f3 en Coahuayana - Noticias<\/title>\n<meta name=\"robots\" content=\"index, follow, max-snippet:-1, max-image-preview:large, max-video-preview:-1\" \/>\n<link rel=\"canonical\" href=\"https:\/\/noticiasya.com\/2025\/12\/08\/violencia-michoacan-coche-bomba-coahuayana-orix\/\" \/>\n<meta property=\"og:locale\" content=\"es_ES\" \/>\n<meta property=\"og:type\" content=\"article\" \/>\n<meta property=\"og:title\" content=\"Violencia en Michoac\u00e1n: qu\u00e9 sabemos sobre el coche bomba que estall\u00f3 en Coahuayana - Noticias\" \/>\n<meta property=\"og:description\" content=\"Un veh\u00edculo cargado con explosivos deton\u00f3 el s\u00e1bado frente a la base de la Polic\u00eda Comunitaria de Coahuayana, un municipio ubicado en la costa del estado mexicano de Michoac\u00e1n, en un momento en que las autoridades federales y estatales mantienen operativos para contener la violencia que persiste en la regi\u00f3n. La explosi\u00f3n, que ocurri\u00f3 en [&hellip;]\" \/>\n<meta property=\"og:url\" content=\"https:\/\/noticiasya.com\/2025\/12\/08\/violencia-michoacan-coche-bomba-coahuayana-orix\/\" \/>\n<meta property=\"og:site_name\" content=\"Noticias\" \/>\n<meta property=\"article:published_time\" content=\"2025-12-08T23:03:45+00:00\" \/>\n<meta name=\"twitter:card\" content=\"summary_large_image\" \/>\n<meta name=\"twitter:label1\" content=\"Est. reading time\" \/>\n\t<meta name=\"twitter:data1\" content=\"4 minutos\" \/>\n<script type=\"application\/ld+json\" class=\"yoast-schema-graph\">{\"@context\":\"https:\/\/schema.org\",\"@graph\":[{\"@type\":\"Article\",\"@id\":\"https:\/\/noticiasya.com\/2025\/12\/08\/violencia-michoacan-coche-bomba-coahuayana-orix\/#article\",\"isPartOf\":{\"@id\":\"https:\/\/noticiasya.com\/2025\/12\/08\/violencia-michoacan-coche-bomba-coahuayana-orix\/\"},\"author\":{\"name\":\"\",\"@id\":\"\"},\"headline\":\"Violencia en Michoac\u00e1n: qu\u00e9 sabemos sobre el coche bomba que estall\u00f3 en Coahuayana\",\"datePublished\":\"2025-12-08T23:03:45+00:00\",\"mainEntityOfPage\":{\"@id\":\"https:\/\/noticiasya.com\/2025\/12\/08\/violencia-michoacan-coche-bomba-coahuayana-orix\/\"},\"wordCount\":756,\"commentCount\":0,\"publisher\":{\"@id\":\"https:\/\/noticiasya.com\/#organization\"},\"articleSection\":[\"Noticias Nacionales\"],\"inLanguage\":\"es\",\"potentialAction\":[{\"@type\":\"CommentAction\",\"name\":\"Comment\",\"target\":[\"https:\/\/noticiasya.com\/2025\/12\/08\/violencia-michoacan-coche-bomba-coahuayana-orix\/#respond\"]}]},{\"@type\":\"WebPage\",\"@id\":\"https:\/\/noticiasya.com\/2025\/12\/08\/violencia-michoacan-coche-bomba-coahuayana-orix\/\",\"url\":\"https:\/\/noticiasya.com\/2025\/12\/08\/violencia-michoacan-coche-bomba-coahuayana-orix\/\",\"name\":\"Violencia en Michoac\u00e1n: qu\u00e9 sabemos sobre el coche bomba que estall\u00f3 en Coahuayana - Noticias\",\"isPartOf\":{\"@id\":\"https:\/\/noticiasya.com\/#website\"},\"datePublished\":\"2025-12-08T23:03:45+00:00\",\"breadcrumb\":{\"@id\":\"https:\/\/noticiasya.com\/2025\/12\/08\/violencia-michoacan-coche-bomba-coahuayana-orix\/#breadcrumb\"},\"inLanguage\":\"es\",\"potentialAction\":[{\"@type\":\"ReadAction\",\"target\":[\"https:\/\/noticiasya.com\/2025\/12\/08\/violencia-michoacan-coche-bomba-coahuayana-orix\/\"]}]},{\"@type\":\"BreadcrumbList\",\"@id\":\"https:\/\/noticiasya.com\/2025\/12\/08\/violencia-michoacan-coche-bomba-coahuayana-orix\/#breadcrumb\",\"itemListElement\":[{\"@type\":\"ListItem\",\"position\":1,\"name\":\"Home\",\"item\":\"https:\/\/noticiasya.com\/\"},{\"@type\":\"ListItem\",\"position\":2,\"name\":\"Violencia en Michoac\u00e1n: qu\u00e9 sabemos sobre el coche bomba que estall\u00f3 en Coahuayana\"}]},{\"@type\":\"WebSite\",\"@id\":\"https:\/\/noticiasya.com\/#website\",\"url\":\"https:\/\/noticiasya.com\/\",\"name\":\"Noticias\",\"description\":\"Lo que importa\",\"publisher\":{\"@id\":\"https:\/\/noticiasya.com\/#organization\"},\"potentialAction\":[{\"@type\":\"SearchAction\",\"target\":{\"@type\":\"EntryPoint\",\"urlTemplate\":\"https:\/\/noticiasya.com\/?s={search_term_string}\"},\"query-input\":{\"@type\":\"PropertyValueSpecification\",\"valueRequired\":true,\"valueName\":\"search_term_string\"}}],\"inLanguage\":\"es\"},{\"@type\":\"Organization\",\"@id\":\"https:\/\/noticiasya.com\/#organization\",\"name\":\"Noticias\",\"url\":\"https:\/\/noticiasya.com\/\",\"logo\":{\"@type\":\"ImageObject\",\"inLanguage\":\"es\",\"@id\":\"https:\/\/noticiasya.com\/#\/schema\/logo\/image\/\",\"url\":\"https:\/\/noticiasya.com\/wp-content\/uploads\/sites\/22\/2023\/12\/logo-nacional.png\",\"contentUrl\":\"https:\/\/noticiasya.com\/wp-content\/uploads\/sites\/22\/2023\/12\/logo-nacional.png\",\"width\":1801,\"height\":691,\"caption\":\"Noticias\"},\"image\":{\"@id\":\"https:\/\/noticiasya.com\/#\/schema\/logo\/image\/\"}}]}<\/script>\n<!-- \/ Yoast SEO plugin. -->","yoast_head_json":{"title":"Violencia en Michoac\u00e1n: qu\u00e9 sabemos sobre el coche bomba que estall\u00f3 en Coahuayana - Noticias","robots":{"index":"index","follow":"follow","max-snippet":"max-snippet:-1","max-image-preview":"max-image-preview:large","max-video-preview":"max-video-preview:-1"},"canonical":"https:\/\/noticiasya.com\/2025\/12\/08\/violencia-michoacan-coche-bomba-coahuayana-orix\/","og_locale":"es_ES","og_type":"article","og_title":"Violencia en Michoac\u00e1n: qu\u00e9 sabemos sobre el coche bomba que estall\u00f3 en Coahuayana - Noticias","og_description":"Un veh\u00edculo cargado con explosivos deton\u00f3 el s\u00e1bado frente a la base de la Polic\u00eda Comunitaria de Coahuayana, un municipio ubicado en la costa del estado mexicano de Michoac\u00e1n, en un momento en que las autoridades federales y estatales mantienen operativos para contener la violencia que persiste en la regi\u00f3n. La explosi\u00f3n, que ocurri\u00f3 en [&hellip;]","og_url":"https:\/\/noticiasya.com\/2025\/12\/08\/violencia-michoacan-coche-bomba-coahuayana-orix\/","og_site_name":"Noticias","article_published_time":"2025-12-08T23:03:45+00:00","twitter_card":"summary_large_image","twitter_misc":{"Est. reading time":"4 minutos"},"schema":{"@context":"https:\/\/schema.org","@graph":[{"@type":"Article","@id":"https:\/\/noticiasya.com\/2025\/12\/08\/violencia-michoacan-coche-bomba-coahuayana-orix\/#article","isPartOf":{"@id":"https:\/\/noticiasya.com\/2025\/12\/08\/violencia-michoacan-coche-bomba-coahuayana-orix\/"},"author":{"name":"","@id":""},"headline":"Violencia en Michoac\u00e1n: qu\u00e9 sabemos sobre el coche bomba que estall\u00f3 en Coahuayana","datePublished":"2025-12-08T23:03:45+00:00","mainEntityOfPage":{"@id":"https:\/\/noticiasya.com\/2025\/12\/08\/violencia-michoacan-coche-bomba-coahuayana-orix\/"},"wordCount":756,"commentCount":0,"publisher":{"@id":"https:\/\/noticiasya.com\/#organization"},"articleSection":["Noticias Nacionales"],"inLanguage":"es","potentialAction":[{"@type":"CommentAction","name":"Comment","target":["https:\/\/noticiasya.com\/2025\/12\/08\/violencia-michoacan-coche-bomba-coahuayana-orix\/#respond"]}]},{"@type":"WebPage","@id":"https:\/\/noticiasya.com\/2025\/12\/08\/violencia-michoacan-coche-bomba-coahuayana-orix\/","url":"https:\/\/noticiasya.com\/2025\/12\/08\/violencia-michoacan-coche-bomba-coahuayana-orix\/","name":"Violencia en Michoac\u00e1n: qu\u00e9 sabemos sobre el coche bomba que estall\u00f3 en Coahuayana - Noticias","isPartOf":{"@id":"https:\/\/noticiasya.com\/#website"},"datePublished":"2025-12-08T23:03:45+00:00","breadcrumb":{"@id":"https:\/\/noticiasya.com\/2025\/12\/08\/violencia-michoacan-coche-bomba-coahuayana-orix\/#breadcrumb"},"inLanguage":"es","potentialAction":[{"@type":"ReadAction","target":["https:\/\/noticiasya.com\/2025\/12\/08\/violencia-michoacan-coche-bomba-coahuayana-orix\/"]}]},{"@type":"BreadcrumbList","@id":"https:\/\/noticiasya.com\/2025\/12\/08\/violencia-michoacan-coche-bomba-coahuayana-orix\/#breadcrumb","itemListElement":[{"@type":"ListItem","position":1,"name":"Home","item":"https:\/\/noticiasya.com\/"},{"@type":"ListItem","position":2,"name":"Violencia en Michoac\u00e1n: qu\u00e9 sabemos sobre el coche bomba que estall\u00f3 en Coahuayana"}]},{"@type":"WebSite","@id":"https:\/\/noticiasya.com\/#website","url":"https:\/\/noticiasya.com\/","name":"Noticias","description":"Lo que importa","publisher":{"@id":"https:\/\/noticiasya.com\/#organization"},"potentialAction":[{"@type":"SearchAction","target":{"@type":"EntryPoint","urlTemplate":"https:\/\/noticiasya.com\/?s={search_term_string}"},"query-input":{"@type":"PropertyValueSpecification","valueRequired":true,"valueName":"search_term_string"}}],"inLanguage":"es"},{"@type":"Organization","@id":"https:\/\/noticiasya.com\/#organization","name":"Noticias","url":"https:\/\/noticiasya.com\/","logo":{"@type":"ImageObject","inLanguage":"es","@id":"https:\/\/noticiasya.com\/#\/schema\/logo\/image\/","url":"https:\/\/noticiasya.com\/wp-content\/uploads\/sites\/22\/2023\/12\/logo-nacional.png","contentUrl":"https:\/\/noticiasya.com\/wp-content\/uploads\/sites\/22\/2023\/12\/logo-nacional.png","width":1801,"height":691,"caption":"Noticias"},"image":{"@id":"https:\/\/noticiasya.com\/#\/schema\/logo\/image\/"}}]}},"parsely":{"version":"1.1.0","canonical_url":"https:\/\/noticiasya.com\/midland-odessa\/2025\/12\/08\/violencia-michoacan-coche-bomba-coahuayana-orix\/","smart_links":{"inbound":0,"outbound":0},"traffic_boost_suggestions_count":0,"meta":{"@context":"https:\/\/schema.org","@type":"NewsArticle","headline":"Violencia en Michoac\u00e1n: qu\u00e9 sabemos sobre el coche bomba que estall\u00f3 en Coahuayana","url":"http:\/\/noticiasya.com\/midland-odessa\/2025\/12\/08\/violencia-michoacan-coche-bomba-coahuayana-orix\/","mainEntityOfPage":{"@type":"WebPage","@id":"http:\/\/noticiasya.com\/midland-odessa\/2025\/12\/08\/violencia-michoacan-coche-bomba-coahuayana-orix\/"},"thumbnailUrl":"","image":{"@type":"ImageObject","url":""},"articleSection":"Noticias Nacionales","author":[],"creator":[],"publisher":{"@type":"Organization","name":"Noticias","logo":""},"keywords":[],"dateCreated":"2025-12-08T23:03:45Z","datePublished":"2025-12-08T23:03:45Z","dateModified":"2025-12-08T23:03:45Z"},"rendered":"<script type=\"application\/ld+json\" class=\"wp-parsely-metadata\">{\"@context\":\"https:\\\/\\\/schema.org\",\"@type\":\"NewsArticle\",\"headline\":\"Violencia en Michoac\\u00e1n: qu\\u00e9 sabemos sobre el coche bomba que estall\\u00f3 en Coahuayana\",\"url\":\"http:\\\/\\\/noticiasya.com\\\/midland-odessa\\\/2025\\\/12\\\/08\\\/violencia-michoacan-coche-bomba-coahuayana-orix\\\/\",\"mainEntityOfPage\":{\"@type\":\"WebPage\",\"@id\":\"http:\\\/\\\/noticiasya.com\\\/midland-odessa\\\/2025\\\/12\\\/08\\\/violencia-michoacan-coche-bomba-coahuayana-orix\\\/\"},\"thumbnailUrl\":\"\",\"image\":{\"@type\":\"ImageObject\",\"url\":\"\"},\"articleSection\":\"Noticias Nacionales\",\"author\":[],\"creator\":[],\"publisher\":{\"@type\":\"Organization\",\"name\":\"Noticias\",\"logo\":\"\"},\"keywords\":[],\"dateCreated\":\"2025-12-08T23:03:45Z\",\"datePublished\":\"2025-12-08T23:03:45Z\",\"dateModified\":\"2025-12-08T23:03:45Z\"}<\/script>","tracker_url":"https:\/\/cdn.parsely.com\/keys\/noticiasya.com\/p.js"},"jetpack_featured_media_url":"","jetpack-related-posts":[{"id":1469031,"url":"https:\/\/noticiasya.com\/midland-odessa\/2025\/12\/06\/explosion-carro-bomba-muertos-heridos-michoacan-efe\/","url_meta":{"origin":1469085,"position":0},"title":"La explosi\u00f3n de un carro bomba deja dos muertos y siete heridos en el oeste de M\u00e9xico","author":"","date":"diciembre 6, 2025","format":false,"excerpt":"Un ataque con un carro bomba en las instalaciones de la Polic\u00eda Comunitaria del municipio de Coahuayana, en el estado mexicano de Michoac\u00e1n, dej\u00f3 un saldo preliminar de dos personas muertas y al menos siete lesionadas, inform\u00f3 este s\u00e1bado el Gabinete de Seguridad.El organismo inform\u00f3 que las autoridades realizan la\u2026","rel":"","context":"In &quot;Noticias Nacionales&quot;","block_context":{"text":"Noticias Nacionales","link":"https:\/\/noticiasya.com\/midland-odessa\/categoria\/noticias-nacionales"},"img":{"alt_text":"","src":"","width":0,"height":0},"classes":[]},{"id":1463801,"url":"https:\/\/noticiasya.com\/midland-odessa\/2025\/06\/20\/alcalde-zitacuaro-autoridades-rebasadas-violencia-orix\/","url_meta":{"origin":1469085,"position":1},"title":"El alcalde de Zit\u00e1cuaro, M\u00e9xico, dice que las autoridades de su municipio han sido rebasadas por la violencia","author":"","date":"junio 20, 2025","format":false,"excerpt":"El alcalde de Zit\u00e1cuaro, Juan Antonio Ixtl\u00e1huac Orihuela, dijo este viernes que la ola de violencia que azot\u00f3 este jueves al municipio, en el estado de Michoac\u00e1n (occidente de M\u00e9xico), los ha \u201crebasado\u201d, por lo que ha mantenido reuniones con autoridades estatales y federales para buscar restablecer el orden en\u2026","rel":"","context":"In &quot;Noticias Nacionales&quot;","block_context":{"text":"Noticias Nacionales","link":"https:\/\/noticiasya.com\/midland-odessa\/categoria\/noticias-nacionales"},"img":{"alt_text":"","src":"","width":0,"height":0},"classes":[]},{"id":1463758,"url":"https:\/\/noticiasya.com\/midland-odessa\/2025\/06\/19\/nino-cinco-anos-muere-dos-menores-heridos-violencia-michoacan-orix\/","url_meta":{"origin":1469085,"position":2},"title":"Un ni\u00f1o de cinco a\u00f1os muere y otros dos menores resultan heridos tras ola de violencia en Zit\u00e1cuaro, Michoac\u00e1n","author":"","date":"junio 19, 2025","format":false,"excerpt":"Hombres armados causaron una ola de violencia en Zit\u00e1cuaro, Michoac\u00e1n, en el occidente del pa\u00eds, que provoc\u00f3 la muerte de un ni\u00f1o de 5 a\u00f1os, confirm\u00f3 este jueves a CNN la Fiscal\u00eda de ese estado. Agreg\u00f3 que en las labores de contenci\u00f3n particip\u00f3 personal del Ej\u00e9rcito.La Fiscal\u00eda michoacana detall\u00f3 que\u2026","rel":"","context":"In &quot;Noticias Nacionales&quot;","block_context":{"text":"Noticias Nacionales","link":"https:\/\/noticiasya.com\/midland-odessa\/categoria\/noticias-nacionales"},"img":{"alt_text":"","src":"","width":0,"height":0},"classes":[]},{"id":1457047,"url":"https:\/\/noticiasya.com\/midland-odessa\/2024\/12\/28\/fiscalia-investigar-vinculos-coalcoman-lider-grupo-criminal-orix\/","url_meta":{"origin":1469085,"position":3},"title":"Piden a Fiscal\u00eda de M\u00e9xico investigar presuntos v\u00ednculos de autoridades municipales de Coalcom\u00e1n con l\u00edder de grupo criminal","author":"","date":"diciembre 28, 2024","format":false,"excerpt":"El gobernador del estado mexicano de Michoac\u00e1n, Alfredo Ram\u00edrez Bedolla, pidi\u00f3 este viernes a la Fiscal\u00eda General de M\u00e9xico (FGR) que investigue a las autoridades de uno de sus municipios.\u201cEn Michoac\u00e1n condenamos la apolog\u00eda de quienes promueven la violencia. Por ello pedimos a la FGR investigar a fondo a las\u2026","rel":"","context":"In &quot;Noticias Nacionales&quot;","block_context":{"text":"Noticias Nacionales","link":"https:\/\/noticiasya.com\/midland-odessa\/categoria\/noticias-nacionales"},"img":{"alt_text":"","src":"","width":0,"height":0},"classes":[]},{"id":1468218,"url":"https:\/\/noticiasya.com\/midland-odessa\/2025\/11\/11\/llegan-militares-plan-michoacan-violencia-mexico-efe\/","url_meta":{"origin":1469085,"position":4},"title":"Comienzan a llegar a Michoac\u00e1n los primeros militares del plan para contener la violencia","author":"","date":"noviembre 11, 2025","format":false,"excerpt":"Un primer grupo de 300 agentes del Ej\u00e9rcito y de la Guardia Nacional de M\u00e9xico lleg\u00f3 este lunes a la XXI Zona Militar, con sede en Morelia, capital del estado de Michoac\u00e1n, como parte del Plan Michoac\u00e1n por la paz y la justicia para contener la violencia y combatir a\u2026","rel":"","context":"In &quot;Noticias Nacionales&quot;","block_context":{"text":"Noticias Nacionales","link":"https:\/\/noticiasya.com\/midland-odessa\/categoria\/noticias-nacionales"},"img":{"alt_text":"","src":"","width":0,"height":0},"classes":[]},{"id":1467986,"url":"https:\/\/noticiasya.com\/midland-odessa\/2025\/11\/03\/michoacan-jalisco-mexico-crimen-organizado-pueblos-fantasma-orix\/","url_meta":{"origin":1469085,"position":5},"title":"La huella del crimen organizado deja a su paso pueblos fantasmas entre Michoac\u00e1n y Jalisco","author":"","date":"noviembre 3, 2025","format":false,"excerpt":"La franja que divide los estados de Michoac\u00e1n y Jalisco, M\u00e9xico, se ha convertido en una zona de pueblos fantasmas. Calles vac\u00edas, casas baleadas y caminos desolados. Es lo que marca el paisaje de comunidades enteras abandonadas debido a los enfrentamientos entre grupos de la delincuencia organizada, que se disputan\u2026","rel":"","context":"In &quot;Noticias Nacionales&quot;","block_context":{"text":"Noticias Nacionales","link":"https:\/\/noticiasya.com\/midland-odessa\/categoria\/noticias-nacionales"},"img":{"alt_text":"","src":"","width":0,"height":0},"classes":[]}],"jetpack_sharing_enabled":true,"_links":{"self":[{"href":"https:\/\/noticiasya.com\/midland-odessa\/wp-json\/wp\/v2\/posts\/1469085","targetHints":{"allow":["GET"]}}],"collection":[{"href":"https:\/\/noticiasya.com\/midland-odessa\/wp-json\/wp\/v2\/posts"}],"about":[{"href":"https:\/\/noticiasya.com\/midland-odessa\/wp-json\/wp\/v2\/types\/post"}],"replies":[{"embeddable":true,"href":"https:\/\/noticiasya.com\/midland-odessa\/wp-json\/wp\/v2\/comments?post=1469085"}],"version-history":[{"count":0,"href":"https:\/\/noticiasya.com\/midland-odessa\/wp-json\/wp\/v2\/posts\/1469085\/revisions"}],"wp:attachment":[{"href":"https:\/\/noticiasya.com\/midland-odessa\/wp-json\/wp\/v2\/media?parent=1469085"}],"wp:term":[{"taxonomy":"category","embeddable":true,"href":"https:\/\/noticiasya.com\/midland-odessa\/wp-json\/wp\/v2\/categories?post=1469085"},{"taxonomy":"post_tag","embeddable":true,"href":"https:\/\/noticiasya.com\/midland-odessa\/wp-json\/wp\/v2\/tags?post=1469085"}],"curies":[{"name":"wp","href":"https:\/\/api.w.org\/{rel}","templated":true}]}}