{"id":1469086,"date":"2025-12-08T15:03:45","date_gmt":"2025-12-08T23:03:45","guid":{"rendered":"https:\/\/noticiasya.com\/2025\/12\/08\/mundial-2026-calor-tormentas-crisis-migratoria-orix\/"},"modified":"2025-12-08T15:03:45","modified_gmt":"2025-12-08T23:03:45","slug":"mundial-2026-calor-tormentas-crisis-migratoria-orix","status":"publish","type":"post","link":"https:\/\/noticiasya.com\/midland-odessa\/2025\/12\/08\/mundial-2026-calor-tormentas-crisis-migratoria-orix\/","title":{"rendered":"Los mayores retos del Mundial 2026: del calor y la situaci\u00f3n migratoria al campo de juego de los estadios"},"content":{"rendered":"<p>La Copa Mundial de la FIFA 2026, que se disputar\u00e1 por primera vez en sus casi 100 a\u00f1os de existencia en tres pa\u00edses (Estados Unidos, M\u00e9xico y Canad\u00e1) representa un reto log\u00edstico, organizativo y social sin precedentes, en lo que ser\u00e1 su primera edici\u00f3n con 48 selecciones, 104 partidos y 16 sedes distribuidas a lo largo del continente norteamericano.<\/p>\n<p>La expansi\u00f3n del torneo, desde 32 selecciones y una anfitriona a 48 participantes y tres locales, trae consigo muchas oportunidades, pero tambi\u00e9n desaf\u00edos. Ciertamente, tener m\u00e1s participantes permite un mayor alcance global, pero tambi\u00e9n una serie de factores a considerar que podr\u00edan afectar tanto el torneo como la experiencia de jugadores y aficionados.<\/p>\n<p>A mediados de 2025, Estados Unidos fue sede del Mundial de Clubes de la FIFA, siendo la primera vez que el torneo se jug\u00f3 en Norteam\u00e9rica, bajo un nuevo formato que permiti\u00f3 a 32 clubes de las seis confederaciones competir por el preciado trofeo. La competici\u00f3n llev\u00f3 a ese lado del Atl\u00e1ntico a muchos de los clubes de f\u00fatbol m\u00e1s importantes del mundo y a sus respectivas estrellas.<\/p>\n<p>Vimos en acci\u00f3n al argentino Lionel Messi, al franc\u00e9s Kylian Mbapp\u00e9, al noruego Erling Haaland y al ingl\u00e9s Harry Kane. Tambi\u00e9n a otros jugadores menos conocidos que brillaron y consiguieron fichajes importantes antes del cierre de la ventana de traspasos.<\/p>\n<p>Hubo partidos a lo largo y ancho del pa\u00eds norteamericano, movilizando no solo a hinchas locales sino tambi\u00e9n a muchos otros de distintos rincones del planeta que llegaron para apoyar a su equipo.<\/p>\n<p>Por todo eso, el Mundial de Clubes sirvi\u00f3 de ensayo para la justa m\u00e1xima de 2026.<\/p>\n<p>La primera edici\u00f3n de la competencia de clubes sac\u00f3 a relucir uno de los retos m\u00e1s urgentes: el calor extremo. Muchos partidos se jugaron en ciudades que, durante los meses de junio y julio, presentan las m\u00e1s altas temperaturas de verano en esa parte del mundo. Seg\u00fan FIFPRO, una organizaci\u00f3n mundial formada por m\u00e1s de 70 sindicatos nacionales de jugadores, que representa a m\u00e1s de 70.000 futbolistas de todo el mundo, las altas temperaturas y el clima adverso \u201cno solo afectaron la energ\u00eda que los jugadores pod\u00edan desplegar durante un partido, sino que tambi\u00e9n conllevaron riesgos para su salud\u201d.<\/p>\n<p>En su reporte anual, FIFPRO incluy\u00f3 la opini\u00f3n de Manal Azzi, especialista s\u00e9nior en seguridad y salud en el trabajo, quien asegur\u00f3 que \u201clos futbolistas se enfrentaron a riesgos \u00fanicos porque generan calor metab\u00f3lico al esforzarse. Cuanto m\u00e1s intenso y prolongado sea el juego, mayor ser\u00e1 su exposici\u00f3n al calor, lo que aumenta el riesgo de fatiga, mareos, insolaci\u00f3n y enfermedades a largo plazo como enfermedades cardiovasculares y c\u00e1ncer\u201d.<\/p>\n<p>Muchas fueron las quejas durante el torneo. El centrocampista del Chelsea Enzo Fern\u00e1ndez dijo que tuvo que tirarse al suelo por haberse mareado. El espa\u00f1ol Marcos Llorente, del Atl\u00e9tico de Madrid, revel\u00f3 que por el calor le dol\u00edan los dedos de los pies y las u\u00f1as.<\/p>\n<p>Sin embargo, uno de los cr\u00edticos m\u00e1s en\u00e9rgicos fue el ingl\u00e9s Reece James, compa\u00f1ero de Fern\u00e1ndez y ganador del t\u00edtulo con el Chelsea. El capit\u00e1n del club brit\u00e1nico dijo que fue \u201cmuy dif\u00edcil\u201d jugar con el calor y que nunca hab\u00eda experimentado nada parecido en Inglaterra. Por tal motivo, urgi\u00f3 a la selecci\u00f3n inglesa a hacer ajustes de acondicionamiento de cara al pr\u00f3ximo Mundial.<\/p>\n<p>Razones no le faltaron. El Chelsea jug\u00f3 tres de sus siete partidos con temperaturas descritas por las autoridades meteorol\u00f3gicas locales como \u201cextremas\u201d, lo que significa que se recomend\u00f3 a los aficionados evitar la actividad f\u00edsica intensa y, en algunos casos, incluso salir al aire libre.<\/p>\n<p>Sin duda, el calor es un asesino silencioso que amenaza a millones de personas que se exponen al sol durante largos per\u00edodos ininterrumpidos de tiempo. Pero James dice que, en su caso, \u201cte adaptas cuanto m\u00e1s tiempo pasas all\u00ed\u201d. Por eso el capit\u00e1n del Chelsea revel\u00f3 el plan de Inglaterra de llegar con tiempo a los partidos del Mundial 2026 para aclimatarse a las sedes donde les toque jugar.<\/p>\n<p>Otra de las preocupaciones clim\u00e1ticas, adem\u00e1s del calor, que afect\u00f3 al Mundial de Clubes, fueron las tormentas el\u00e9ctricas y las fuertes lluvias que ocasionaron retrasos de hasta dos horas en varios partidos. La FIFA ha dicho que para mitigar los desaf\u00edos de la naturaleza tomaron la decisi\u00f3n de que m\u00e1s partidos se realicen en estadios cubiertos y con aire acondicionado, como los ubicados en Atlanta, Dallas, Houston y Vancouver, para mitigar el calor diurno y las posibles tormentas el\u00e9ctricas. El presidente del m\u00e1ximo organismo del f\u00fatbol, Gianni Infantino, tambi\u00e9n reconoci\u00f3 la importancia de las pausas de hidrataci\u00f3n durante los partidos para que los jugadores se refresquen.<\/p>\n<p>James tambi\u00e9n critic\u00f3 las condiciones de los campos de f\u00fatbol donde le toc\u00f3 jugar durante el Mundial de Clubes. Pese a no especificar cu\u00e1les no estaban, a su juicio, a la altura del compromiso, el Chelsea jug\u00f3 en cuatro estadios diferentes durante esa justa, tres de los cuales repiten para la cita mundialista de 2026. Y es que otro punto sensible del Mundial de 2026 es la adaptaci\u00f3n de los estadios, ya que muchos originalmente fueron dise\u00f1ados para deportes muy distintos al f\u00fatbol. Por eso, la calidad del c\u00e9sped no es la mejor en muchos casos.<\/p>\n<p>Otro que ya hab\u00eda criticado la grama de las sedes en Estados Unidos tras la Copa Am\u00e9rica en 2024 fue el portero argentino Emiliano Mart\u00ednez, quien calific\u00f3 el c\u00e9sped temporal del Estadio Mercedes-Benz de Atlanta como un \u201cdesastre\u201d.<\/p>\n<p>Eso ha hecho que la FIFA se tome muy en serio el asunto. De hecho, en 2022 le pidi\u00f3 a la Universidad de Tennessee en Knoxville, Estados Unidos, que creara un c\u00e9sped innovador para garantizar la calidad de los campos de f\u00fatbol del Mundial 2026.<\/p>\n<p>\u201cLa calidad de la superficie, del c\u00e9sped, siempre ha sido fundamental para m\u00ed\u201d, dijo Infantino a los medios en su visita al centro de investigaci\u00f3n de Knoxville a principios de 2025. \u201cNuestro equipo investig\u00f3 y encontr\u00f3 a los mejores profesionales del mundo para que nos ayudaran\u201d, agreg\u00f3. La idea, seg\u00fan ha dicho Alan Ferguson, director s\u00e9nior de gesti\u00f3n de canchas de la FIFA, es que haya uniformidad en las distintas sedes, sin importar si es en M\u00e9xico, Estados Unidos o Canad\u00e1.<\/p>\n<p>A diferencia de ediciones anteriores, en las que el torneo estaba concentrado en un solo pa\u00eds o regi\u00f3n relativamente compacta (como Qatar 2022), la edici\u00f3n de 2026 ser\u00e1 continental. Eso significa que tanto jugadores como selecciones, equipo t\u00e9cnico y aficionados podr\u00edan tener que desplazarse cientos o miles de kil\u00f3metros entre partidos, atravesando fronteras entre tres pa\u00edses. Esa dispersi\u00f3n geogr\u00e1fica es un reto log\u00edstico considerable, adem\u00e1s del desgaste f\u00edsico y mental de los protagonistas.<\/p>\n<p>Sin embargo, m\u00e1s all\u00e1 de las distancias, uno de los aspectos m\u00e1s pol\u00e9micos de este Mundial es la situaci\u00f3n migratoria en Estados Unidos. Con nuevas pol\u00edticas de visado, tarifas adicionales y un contexto pol\u00edtico tenso, existe incertidumbre sobre qui\u00e9n podr\u00e1 viajar con facilidad, lo que podr\u00eda limitar la llegada de aficionados desde algunas partes del mundo.<\/p>\n<p>En junio de 2025, el presidente de Estados Unidos Donald Trump anunci\u00f3 restricciones de viaje a 19 pa\u00edses: Afganist\u00e1n, Myanmar (tambi\u00e9n conocida como Birmania), Chad, Rep\u00fablica del Congo, Guinea Ecuatorial, Eritrea, Hait\u00ed, Ir\u00e1n, Libia, Somalia, Sud\u00e1n y Yemen. Existen restricciones adem\u00e1s para Burundi, Cuba, Laos, Sierra Leona, Togo, Turkmenist\u00e1n y Venezuela. Cabe mencionar que estas restricciones no afectan a los atletas de las selecciones clasificadas, como es el caso de Hait\u00ed e Ir\u00e1n, que podr\u00e1n viajar junto a sus familiares inmediatos y personal del equipo nacional para la justa mundialista.<\/p>\n<p>No obstante, Ir\u00e1n anunci\u00f3 su decisi\u00f3n de boicotear el sorteo del Mundial en Washington, debido a que Estados Unidos habr\u00eda negado visas a miembros de su delegaci\u00f3n, seg\u00fan la agencia estatal de noticias IRNA. La Casa Blanca no hizo comentarios de inmediato.<\/p>\n<p>Se habla tambi\u00e9n de los costos monetarios que tendr\u00e1 el Mundial para los aficionados que asistan. De hecho, la justa de 2026 se perfila como una de las m\u00e1s caras en la historia reciente. Los precios de las entradas en sedes de Estados Unidos han generado cr\u00edticas: en algunas ciudades, los costos promedio para un partido de fase de grupos ya son notablemente altos.<\/p>\n<p>Si bien la FIFA ha dicho que habr\u00e1 boletos por entre US $60 y US$ 105, estos l\u00f3gicamente no ser\u00edan para los partidos m\u00e1s atractivos y no aparecen en el sitio web oficial a la hora de escribir este art\u00edculo. La mayor\u00eda de las entradas, seg\u00fan lo visto en el portal del organismo para el torneo, cuestan cientos, sino miles, de d\u00f3lares.<\/p>\n<p>Si bien el Mundial de 2026 promete ser una edici\u00f3n hist\u00f3rica por tener por primera vez 48 selecciones y tres pa\u00edses anfitriones, tambi\u00e9n es por lejos uno de los m\u00e1s desafiantes de organizar. Clima extremo, distancias continentales, costos elevados, barreras migratorias, infraestructura a adaptar: el reto es grande. Sin embargo, una vez ruede el bal\u00f3n, la emoci\u00f3n por la vigesimotercera edici\u00f3n de la Copa del Mundo seguramente har\u00e1 que lo \u00fanico que importe sea el f\u00fatbol y la fiesta que nos regalar\u00e1.<\/p>\n<p>The-CNN-Wire<br \/>&trade; &amp; &copy; 2025 Cable News Network, Inc., a Warner Bros. Discovery Company. All rights reserved.<\/p>\n","protected":false},"excerpt":{"rendered":"<p>La Copa Mundial de la FIFA 2026, que se disputar\u00e1 por primera vez en sus casi 100 a\u00f1os de existencia en tres pa\u00edses (Estados Unidos, M\u00e9xico y Canad\u00e1) representa un reto log\u00edstico, organizativo y social sin precedentes, en lo que ser\u00e1 su primera edici\u00f3n con 48 selecciones, 104 partidos y 16 sedes distribuidas a lo [&hellip;]<\/p>\n","protected":false},"author":0,"featured_media":0,"comment_status":"open","ping_status":"open","sticky":false,"template":"","format":"standard","meta":{"_jetpack_memberships_contains_paid_content":false,"footnotes":""},"categories":[10],"tags":[],"class_list":["post-1469086","post","type-post","status-publish","format-standard","hentry","category-noticias-nacionales","market-global"],"yoast_head":"<!-- This site is optimized with the Yoast SEO plugin v24.4 - https:\/\/yoast.com\/wordpress\/plugins\/seo\/ -->\n<title>Los mayores retos del Mundial 2026: del calor y la situaci\u00f3n migratoria al campo de juego de los estadios - Noticias<\/title>\n<meta name=\"robots\" content=\"index, follow, max-snippet:-1, max-image-preview:large, max-video-preview:-1\" \/>\n<link rel=\"canonical\" href=\"https:\/\/noticiasya.com\/2025\/12\/08\/mundial-2026-calor-tormentas-crisis-migratoria-orix\/\" \/>\n<meta property=\"og:locale\" content=\"es_ES\" \/>\n<meta property=\"og:type\" content=\"article\" \/>\n<meta property=\"og:title\" content=\"Los mayores retos del Mundial 2026: del calor y la situaci\u00f3n migratoria al campo de juego de los estadios - Noticias\" \/>\n<meta property=\"og:description\" content=\"La Copa Mundial de la FIFA 2026, que se disputar\u00e1 por primera vez en sus casi 100 a\u00f1os de existencia en tres pa\u00edses (Estados Unidos, M\u00e9xico y Canad\u00e1) representa un reto log\u00edstico, organizativo y social sin precedentes, en lo que ser\u00e1 su primera edici\u00f3n con 48 selecciones, 104 partidos y 16 sedes distribuidas a lo [&hellip;]\" \/>\n<meta property=\"og:url\" content=\"https:\/\/noticiasya.com\/2025\/12\/08\/mundial-2026-calor-tormentas-crisis-migratoria-orix\/\" \/>\n<meta property=\"og:site_name\" content=\"Noticias\" \/>\n<meta property=\"article:published_time\" content=\"2025-12-08T23:03:45+00:00\" \/>\n<meta name=\"twitter:card\" content=\"summary_large_image\" \/>\n<meta name=\"twitter:label1\" content=\"Est. reading time\" \/>\n\t<meta name=\"twitter:data1\" content=\"8 minutos\" \/>\n<script type=\"application\/ld+json\" class=\"yoast-schema-graph\">{\"@context\":\"https:\/\/schema.org\",\"@graph\":[{\"@type\":\"Article\",\"@id\":\"https:\/\/noticiasya.com\/2025\/12\/08\/mundial-2026-calor-tormentas-crisis-migratoria-orix\/#article\",\"isPartOf\":{\"@id\":\"https:\/\/noticiasya.com\/2025\/12\/08\/mundial-2026-calor-tormentas-crisis-migratoria-orix\/\"},\"author\":{\"name\":\"\",\"@id\":\"\"},\"headline\":\"Los mayores retos del Mundial 2026: del calor y la situaci\u00f3n migratoria al campo de juego de los estadios\",\"datePublished\":\"2025-12-08T23:03:45+00:00\",\"mainEntityOfPage\":{\"@id\":\"https:\/\/noticiasya.com\/2025\/12\/08\/mundial-2026-calor-tormentas-crisis-migratoria-orix\/\"},\"wordCount\":1650,\"commentCount\":0,\"publisher\":{\"@id\":\"https:\/\/noticiasya.com\/#organization\"},\"articleSection\":[\"Noticias Nacionales\"],\"inLanguage\":\"es\",\"potentialAction\":[{\"@type\":\"CommentAction\",\"name\":\"Comment\",\"target\":[\"https:\/\/noticiasya.com\/2025\/12\/08\/mundial-2026-calor-tormentas-crisis-migratoria-orix\/#respond\"]}]},{\"@type\":\"WebPage\",\"@id\":\"https:\/\/noticiasya.com\/2025\/12\/08\/mundial-2026-calor-tormentas-crisis-migratoria-orix\/\",\"url\":\"https:\/\/noticiasya.com\/2025\/12\/08\/mundial-2026-calor-tormentas-crisis-migratoria-orix\/\",\"name\":\"Los mayores retos del Mundial 2026: del calor y la situaci\u00f3n migratoria al campo de juego de los estadios - Noticias\",\"isPartOf\":{\"@id\":\"https:\/\/noticiasya.com\/#website\"},\"datePublished\":\"2025-12-08T23:03:45+00:00\",\"breadcrumb\":{\"@id\":\"https:\/\/noticiasya.com\/2025\/12\/08\/mundial-2026-calor-tormentas-crisis-migratoria-orix\/#breadcrumb\"},\"inLanguage\":\"es\",\"potentialAction\":[{\"@type\":\"ReadAction\",\"target\":[\"https:\/\/noticiasya.com\/2025\/12\/08\/mundial-2026-calor-tormentas-crisis-migratoria-orix\/\"]}]},{\"@type\":\"BreadcrumbList\",\"@id\":\"https:\/\/noticiasya.com\/2025\/12\/08\/mundial-2026-calor-tormentas-crisis-migratoria-orix\/#breadcrumb\",\"itemListElement\":[{\"@type\":\"ListItem\",\"position\":1,\"name\":\"Home\",\"item\":\"https:\/\/noticiasya.com\/\"},{\"@type\":\"ListItem\",\"position\":2,\"name\":\"Los mayores retos del Mundial 2026: del calor y la situaci\u00f3n migratoria al campo de juego de los estadios\"}]},{\"@type\":\"WebSite\",\"@id\":\"https:\/\/noticiasya.com\/#website\",\"url\":\"https:\/\/noticiasya.com\/\",\"name\":\"Noticias\",\"description\":\"Lo que importa\",\"publisher\":{\"@id\":\"https:\/\/noticiasya.com\/#organization\"},\"potentialAction\":[{\"@type\":\"SearchAction\",\"target\":{\"@type\":\"EntryPoint\",\"urlTemplate\":\"https:\/\/noticiasya.com\/?s={search_term_string}\"},\"query-input\":{\"@type\":\"PropertyValueSpecification\",\"valueRequired\":true,\"valueName\":\"search_term_string\"}}],\"inLanguage\":\"es\"},{\"@type\":\"Organization\",\"@id\":\"https:\/\/noticiasya.com\/#organization\",\"name\":\"Noticias\",\"url\":\"https:\/\/noticiasya.com\/\",\"logo\":{\"@type\":\"ImageObject\",\"inLanguage\":\"es\",\"@id\":\"https:\/\/noticiasya.com\/#\/schema\/logo\/image\/\",\"url\":\"https:\/\/noticiasya.com\/wp-content\/uploads\/sites\/22\/2023\/12\/logo-nacional.png\",\"contentUrl\":\"https:\/\/noticiasya.com\/wp-content\/uploads\/sites\/22\/2023\/12\/logo-nacional.png\",\"width\":1801,\"height\":691,\"caption\":\"Noticias\"},\"image\":{\"@id\":\"https:\/\/noticiasya.com\/#\/schema\/logo\/image\/\"}}]}<\/script>\n<!-- \/ Yoast SEO plugin. -->","yoast_head_json":{"title":"Los mayores retos del Mundial 2026: del calor y la situaci\u00f3n migratoria al campo de juego de los estadios - Noticias","robots":{"index":"index","follow":"follow","max-snippet":"max-snippet:-1","max-image-preview":"max-image-preview:large","max-video-preview":"max-video-preview:-1"},"canonical":"https:\/\/noticiasya.com\/2025\/12\/08\/mundial-2026-calor-tormentas-crisis-migratoria-orix\/","og_locale":"es_ES","og_type":"article","og_title":"Los mayores retos del Mundial 2026: del calor y la situaci\u00f3n migratoria al campo de juego de los estadios - Noticias","og_description":"La Copa Mundial de la FIFA 2026, que se disputar\u00e1 por primera vez en sus casi 100 a\u00f1os de existencia en tres pa\u00edses (Estados Unidos, M\u00e9xico y Canad\u00e1) representa un reto log\u00edstico, organizativo y social sin precedentes, en lo que ser\u00e1 su primera edici\u00f3n con 48 selecciones, 104 partidos y 16 sedes distribuidas a lo [&hellip;]","og_url":"https:\/\/noticiasya.com\/2025\/12\/08\/mundial-2026-calor-tormentas-crisis-migratoria-orix\/","og_site_name":"Noticias","article_published_time":"2025-12-08T23:03:45+00:00","twitter_card":"summary_large_image","twitter_misc":{"Est. reading time":"8 minutos"},"schema":{"@context":"https:\/\/schema.org","@graph":[{"@type":"Article","@id":"https:\/\/noticiasya.com\/2025\/12\/08\/mundial-2026-calor-tormentas-crisis-migratoria-orix\/#article","isPartOf":{"@id":"https:\/\/noticiasya.com\/2025\/12\/08\/mundial-2026-calor-tormentas-crisis-migratoria-orix\/"},"author":{"name":"","@id":""},"headline":"Los mayores retos del Mundial 2026: del calor y la situaci\u00f3n migratoria al campo de juego de los estadios","datePublished":"2025-12-08T23:03:45+00:00","mainEntityOfPage":{"@id":"https:\/\/noticiasya.com\/2025\/12\/08\/mundial-2026-calor-tormentas-crisis-migratoria-orix\/"},"wordCount":1650,"commentCount":0,"publisher":{"@id":"https:\/\/noticiasya.com\/#organization"},"articleSection":["Noticias Nacionales"],"inLanguage":"es","potentialAction":[{"@type":"CommentAction","name":"Comment","target":["https:\/\/noticiasya.com\/2025\/12\/08\/mundial-2026-calor-tormentas-crisis-migratoria-orix\/#respond"]}]},{"@type":"WebPage","@id":"https:\/\/noticiasya.com\/2025\/12\/08\/mundial-2026-calor-tormentas-crisis-migratoria-orix\/","url":"https:\/\/noticiasya.com\/2025\/12\/08\/mundial-2026-calor-tormentas-crisis-migratoria-orix\/","name":"Los mayores retos del Mundial 2026: del calor y la situaci\u00f3n migratoria al campo de juego de los estadios - Noticias","isPartOf":{"@id":"https:\/\/noticiasya.com\/#website"},"datePublished":"2025-12-08T23:03:45+00:00","breadcrumb":{"@id":"https:\/\/noticiasya.com\/2025\/12\/08\/mundial-2026-calor-tormentas-crisis-migratoria-orix\/#breadcrumb"},"inLanguage":"es","potentialAction":[{"@type":"ReadAction","target":["https:\/\/noticiasya.com\/2025\/12\/08\/mundial-2026-calor-tormentas-crisis-migratoria-orix\/"]}]},{"@type":"BreadcrumbList","@id":"https:\/\/noticiasya.com\/2025\/12\/08\/mundial-2026-calor-tormentas-crisis-migratoria-orix\/#breadcrumb","itemListElement":[{"@type":"ListItem","position":1,"name":"Home","item":"https:\/\/noticiasya.com\/"},{"@type":"ListItem","position":2,"name":"Los mayores retos del Mundial 2026: del calor y la situaci\u00f3n migratoria al campo de juego de los estadios"}]},{"@type":"WebSite","@id":"https:\/\/noticiasya.com\/#website","url":"https:\/\/noticiasya.com\/","name":"Noticias","description":"Lo que importa","publisher":{"@id":"https:\/\/noticiasya.com\/#organization"},"potentialAction":[{"@type":"SearchAction","target":{"@type":"EntryPoint","urlTemplate":"https:\/\/noticiasya.com\/?s={search_term_string}"},"query-input":{"@type":"PropertyValueSpecification","valueRequired":true,"valueName":"search_term_string"}}],"inLanguage":"es"},{"@type":"Organization","@id":"https:\/\/noticiasya.com\/#organization","name":"Noticias","url":"https:\/\/noticiasya.com\/","logo":{"@type":"ImageObject","inLanguage":"es","@id":"https:\/\/noticiasya.com\/#\/schema\/logo\/image\/","url":"https:\/\/noticiasya.com\/wp-content\/uploads\/sites\/22\/2023\/12\/logo-nacional.png","contentUrl":"https:\/\/noticiasya.com\/wp-content\/uploads\/sites\/22\/2023\/12\/logo-nacional.png","width":1801,"height":691,"caption":"Noticias"},"image":{"@id":"https:\/\/noticiasya.com\/#\/schema\/logo\/image\/"}}]}},"parsely":{"version":"1.1.0","canonical_url":"https:\/\/noticiasya.com\/midland-odessa\/2025\/12\/08\/mundial-2026-calor-tormentas-crisis-migratoria-orix\/","smart_links":{"inbound":0,"outbound":0},"traffic_boost_suggestions_count":0,"meta":{"@context":"https:\/\/schema.org","@type":"NewsArticle","headline":"Los mayores retos del Mundial 2026: del calor y la situaci\u00f3n migratoria al campo de juego de los estadios","url":"http:\/\/noticiasya.com\/midland-odessa\/2025\/12\/08\/mundial-2026-calor-tormentas-crisis-migratoria-orix\/","mainEntityOfPage":{"@type":"WebPage","@id":"http:\/\/noticiasya.com\/midland-odessa\/2025\/12\/08\/mundial-2026-calor-tormentas-crisis-migratoria-orix\/"},"thumbnailUrl":"","image":{"@type":"ImageObject","url":""},"articleSection":"Noticias Nacionales","author":[],"creator":[],"publisher":{"@type":"Organization","name":"Noticias","logo":""},"keywords":[],"dateCreated":"2025-12-08T23:03:45Z","datePublished":"2025-12-08T23:03:45Z","dateModified":"2025-12-08T23:03:45Z"},"rendered":"<script type=\"application\/ld+json\" class=\"wp-parsely-metadata\">{\"@context\":\"https:\\\/\\\/schema.org\",\"@type\":\"NewsArticle\",\"headline\":\"Los mayores retos del Mundial 2026: del calor y la situaci\\u00f3n migratoria al campo de juego de los estadios\",\"url\":\"http:\\\/\\\/noticiasya.com\\\/midland-odessa\\\/2025\\\/12\\\/08\\\/mundial-2026-calor-tormentas-crisis-migratoria-orix\\\/\",\"mainEntityOfPage\":{\"@type\":\"WebPage\",\"@id\":\"http:\\\/\\\/noticiasya.com\\\/midland-odessa\\\/2025\\\/12\\\/08\\\/mundial-2026-calor-tormentas-crisis-migratoria-orix\\\/\"},\"thumbnailUrl\":\"\",\"image\":{\"@type\":\"ImageObject\",\"url\":\"\"},\"articleSection\":\"Noticias Nacionales\",\"author\":[],\"creator\":[],\"publisher\":{\"@type\":\"Organization\",\"name\":\"Noticias\",\"logo\":\"\"},\"keywords\":[],\"dateCreated\":\"2025-12-08T23:03:45Z\",\"datePublished\":\"2025-12-08T23:03:45Z\",\"dateModified\":\"2025-12-08T23:03:45Z\"}<\/script>","tracker_url":"https:\/\/cdn.parsely.com\/keys\/noticiasya.com\/p.js"},"jetpack_featured_media_url":"","jetpack-related-posts":[{"id":1466794,"url":"https:\/\/noticiasya.com\/midland-odessa\/2025\/09\/24\/mundial-2030-64-selecciones-esto-sabemos-orix\/","url_meta":{"origin":1469086,"position":0},"title":"\u00bfUn Mundial 2030 con 64 selecciones? Esto sabemos","author":"","date":"septiembre 24, 2025","format":false,"excerpt":"Faltan menos de 300 d\u00edas para el comienzo de la Copa del Mundo de 2026, a realizarse en Canad\u00e1, Estados Unidos y M\u00e9xico. Ser\u00e1 el primer Mundial con 48 selecciones, abandonando el ya tradicional esquema de 32 participantes que ven\u00eda teniendo lugar de forma ininterrumpida desde Francia 1998.Pero, a pesar\u2026","rel":"","context":"In &quot;Noticias Nacionales&quot;","block_context":{"text":"Noticias Nacionales","link":"https:\/\/noticiasya.com\/midland-odessa\/categoria\/noticias-nacionales"},"img":{"alt_text":"","src":"","width":0,"height":0},"classes":[]},{"id":1471780,"url":"https:\/\/noticiasya.com\/midland-odessa\/2026\/03\/02\/100-dias-mundial-2026-guia-orix\/","url_meta":{"origin":1469086,"position":1},"title":"Faltan 100 d\u00edas para el Mundial 2026: gu\u00eda de lo que sabemos y lo que falta conocer","author":"","date":"marzo 2, 2026","format":false,"excerpt":"La cuenta regresiva para la Copa Mundial de la FIFA 2026 ha comenzado. El reloj marca este lunes 100 d\u00edas para que la pelota comience a rodar en el escenario m\u00e1s importante del mundo a nivel selecciones. Hay mucho del torneo que ya conocemos, pero a\u00fan faltan unas cuantas piezas\u2026","rel":"","context":"In &quot;Noticias Nacionales&quot;","block_context":{"text":"Noticias Nacionales","link":"https:\/\/noticiasya.com\/midland-odessa\/categoria\/noticias-nacionales"},"img":{"alt_text":"","src":"","width":0,"height":0},"classes":[]},{"id":1469353,"url":"https:\/\/noticiasya.com\/midland-odessa\/2025\/12\/17\/premio-campeon-selecciones-participantes-mundial-2026-orix\/","url_meta":{"origin":1469086,"position":2},"title":"\u00bfCu\u00e1nto dinero recibir\u00e1 el campe\u00f3n del Mundial 2026? FIFA revela una cifra millonaria para el ganador y todas las selecciones","author":"","date":"diciembre 17, 2025","format":false,"excerpt":"La FIFA dio a conocer un monto r\u00e9cord de premios para la Copa Mundial de la FIFA 2026, a llevarse a cabo en Canad\u00e1, Estados Unidos y M\u00e9xico, en medio de varios anuncios que promueven iniciativas para el desarrollo del f\u00fatbol juvenil y la creaci\u00f3n de un fondo de recuperaci\u00f3n\u2026","rel":"","context":"In &quot;Noticias Nacionales&quot;","block_context":{"text":"Noticias Nacionales","link":"https:\/\/noticiasya.com\/midland-odessa\/categoria\/noticias-nacionales"},"img":{"alt_text":"","src":"","width":0,"height":0},"classes":[]},{"id":1466158,"url":"https:\/\/noticiasya.com\/midland-odessa\/2025\/09\/04\/clasificacion-concacaf-eliminatorias-mundial-2026-orix\/","url_meta":{"origin":1469086,"position":3},"title":"\u00bfC\u00f3mo funciona la clasificaci\u00f3n de la Concacaf para la Copa del Mundo de 2026?","author":"","date":"septiembre 4, 2025","format":false,"excerpt":"La Confederaci\u00f3n de Norteam\u00e9rica, Centroam\u00e9rica y el Caribe de F\u00fatbol (Concacaf) cuenta con un proceso particular para definir a las selecciones que participar\u00e1n en la Copa del Mundo de 2026. Como M\u00e9xico, Estados Unidos y Canad\u00e1 ya tienen asegurada su plaza como anfitriones del torneo, las dem\u00e1s naciones de la\u2026","rel":"","context":"In &quot;Noticias Nacionales&quot;","block_context":{"text":"Noticias Nacionales","link":"https:\/\/noticiasya.com\/midland-odessa\/categoria\/noticias-nacionales"},"img":{"alt_text":"","src":"","width":0,"height":0},"classes":[]},{"id":1472453,"url":"https:\/\/noticiasya.com\/midland-odessa\/2026\/03\/22\/repechajes-mundial-2026-amistosos-fifa-orix\/","url_meta":{"origin":1469086,"position":4},"title":"Repechajes al Mundial 2026 y amistosos de alto vuelo: \u00bfqu\u00e9 est\u00e1 en juego en la fecha FIFA de marzo?","author":"","date":"marzo 22, 2026","format":false,"excerpt":"A poco menos de tres meses para el inicio de la Copa Mundial de la FIFA de 2026, el f\u00fatbol de selecciones vuelve a dominar la agenda en la \u00faltima semana de marzo, con mucho en juego. Para algunas selecciones es la \u00faltima oportunidad de probar futbolistas antes de elaborar\u2026","rel":"","context":"In &quot;Noticias Nacionales&quot;","block_context":{"text":"Noticias Nacionales","link":"https:\/\/noticiasya.com\/midland-odessa\/categoria\/noticias-nacionales"},"img":{"alt_text":"","src":"","width":0,"height":0},"classes":[]},{"id":1468514,"url":"https:\/\/noticiasya.com\/midland-odessa\/2025\/11\/19\/repechaje-mundial-2026-guadalajara-monterrey-orix\/","url_meta":{"origin":1469086,"position":5},"title":"\u00a1Oficial! Los estadios de Guadalajara y Monterrey ser\u00e1n sede del repechaje de la FIFA para el Mundial 2026","author":"","date":"noviembre 19, 2025","format":false,"excerpt":"M\u00e9xico ser\u00e1 sede del repechaje intercontinental de la FIFA para la Copa del Mundo de 2026. La casa madre del f\u00fatbol mundial confirm\u00f3 la noticia este mi\u00e9rcoles en un comunicado, donde especific\u00f3 que los partidos se jugar\u00e1n en los estadios de Guadalajara y de Monterrey (que en realidad queda en\u2026","rel":"","context":"In &quot;Noticias Nacionales&quot;","block_context":{"text":"Noticias Nacionales","link":"https:\/\/noticiasya.com\/midland-odessa\/categoria\/noticias-nacionales"},"img":{"alt_text":"","src":"","width":0,"height":0},"classes":[]}],"jetpack_sharing_enabled":true,"_links":{"self":[{"href":"https:\/\/noticiasya.com\/midland-odessa\/wp-json\/wp\/v2\/posts\/1469086","targetHints":{"allow":["GET"]}}],"collection":[{"href":"https:\/\/noticiasya.com\/midland-odessa\/wp-json\/wp\/v2\/posts"}],"about":[{"href":"https:\/\/noticiasya.com\/midland-odessa\/wp-json\/wp\/v2\/types\/post"}],"replies":[{"embeddable":true,"href":"https:\/\/noticiasya.com\/midland-odessa\/wp-json\/wp\/v2\/comments?post=1469086"}],"version-history":[{"count":0,"href":"https:\/\/noticiasya.com\/midland-odessa\/wp-json\/wp\/v2\/posts\/1469086\/revisions"}],"wp:attachment":[{"href":"https:\/\/noticiasya.com\/midland-odessa\/wp-json\/wp\/v2\/media?parent=1469086"}],"wp:term":[{"taxonomy":"category","embeddable":true,"href":"https:\/\/noticiasya.com\/midland-odessa\/wp-json\/wp\/v2\/categories?post=1469086"},{"taxonomy":"post_tag","embeddable":true,"href":"https:\/\/noticiasya.com\/midland-odessa\/wp-json\/wp\/v2\/tags?post=1469086"}],"curies":[{"name":"wp","href":"https:\/\/api.w.org\/{rel}","templated":true}]}}