{"id":1469088,"date":"2025-12-08T15:03:45","date_gmt":"2025-12-08T23:03:45","guid":{"rendered":"https:\/\/noticiasya.com\/2025\/12\/08\/vaticano-devuelve-artefactos-sagrados-indigenas-canada-trax\/"},"modified":"2025-12-08T15:03:45","modified_gmt":"2025-12-08T23:03:45","slug":"vaticano-devuelve-artefactos-sagrados-indigenas-canada-trax","status":"publish","type":"post","link":"https:\/\/noticiasya.com\/midland-odessa\/2025\/12\/08\/vaticano-devuelve-artefactos-sagrados-indigenas-canada-trax\/","title":{"rendered":"El Vaticano devuelve artefactos sagrados retenidos durante un siglo a sus due\u00f1os ind\u00edgenas en Canad\u00e1"},"content":{"rendered":"<p>L\u00edderes ind\u00edgenas esperaban en la nevada pista del Aeropuerto Internacional Pierre Elliott Trudeau de Montreal el s\u00e1bado mientras la valiosa carga era descargada de un avi\u00f3n de Air Canada.<\/p>\n<p>Las cajas conten\u00edan m\u00e1s de 60 valiosos artefactos culturales, incluido un raro kayak inuit de piel de foca, que fueron tomados de comunidades de las Primeras Naciones, inuit y M\u00e9tis hace m\u00e1s de un siglo y que desde entonces hab\u00edan estado en los museos y b\u00f3vedas del Vaticano.<\/p>\n<p>El emotivo regreso a casa, mostrado en im\u00e1genes de CBC News, afiliada de CNN, representa la culminaci\u00f3n de una incansable campa\u00f1a de tres a\u00f1os por parte de l\u00edderes ind\u00edgenas, la cual fue respaldada por el papa Francisco antes de su muerte, tras su hist\u00f3rica <a href=\"https:\/\/cnnespanol.cnn.com\/2022\/07\/24\/papa-francisco-canada-disculparse-abuso-indigenas-internados-catolicos-trax\">disculpa por los abusos cometidos en los internados<\/a> dirigidos por la Iglesia en Canad\u00e1.<\/p>\n<p>La repatriaci\u00f3n de los artefactos tambi\u00e9n ocurre en un momento en que museos de todo el mundo han devuelto cada vez m\u00e1s objetos de sus colecciones que fueron robados o adquiridos de manera poco \u00e9tica a sus pa\u00edses de origen.<\/p>\n<p>La jefa nacional de las Primeras Naciones, Cindy Woodhouse Nepinak, calific\u00f3 la devoluci\u00f3n de los artefactos como un \u201cmomento importante y emotivo para muchas Primeras Naciones de todo el pa\u00eds\u201d durante una conferencia de prensa el s\u00e1bado.<\/p>\n<p>Pero reconoci\u00f3 que el largo <a href=\"https:\/\/www.cnn.com\/2022\/07\/25\/americas\/canada-indigenous-school-survivors-pope-apology-cmd-intl\/index.html\">proyecto de reconciliaci\u00f3n<\/a> contin\u00faa.<\/p>\n<p>\u201cHemos avanzado mucho, y a\u00fan nos queda mucho por recorrer\u201d.<\/p>\n<p>No existe un inventario p\u00fablico de los bienes que est\u00e1n siendo repatriados, los cuales representan una peque\u00f1a parte de los miles de objetos ind\u00edgenas de la era colonial en el Vaticano.<\/p>\n<p>Pero entre los 62 artefactos se encuentra un kayak inuvialuit de piel de foca del \u00c1rtico occidental, que fue el \u00faltimo en salir del avi\u00f3n en su propia caja de carga, inform\u00f3 CBC.<\/p>\n<p>Los artefactos fueron llevados por primera vez a Roma para ser exhibidos en la Exposici\u00f3n de Misiones del Vaticano de 1925, una muestra de 13 meses que promov\u00eda la influencia de la Iglesia en todo el mundo y que atrajo a millones de visitantes.<\/p>\n<p>El Vaticano ha sostenido durante mucho tiempo que los objetos fueron obsequiados al papa P\u00edo XI, quien lider\u00f3 la Iglesia desde 1922, pero esto ha sido cuestionado por los pueblos ind\u00edgenas en Canad\u00e1.<\/p>\n<p>La colecci\u00f3n de artefactos ind\u00edgenas de la Iglesia fue reunida en un momento en que la identidad de los pueblos ind\u00edgenas de Canad\u00e1 estaba siendo borrada, mediante leyes que prohib\u00edan pr\u00e1cticas culturales y la asistencia obligatoria a internados gestionados por la Iglesia dise\u00f1ados para \u201cmatar al indio en el ni\u00f1o\u201d.<\/p>\n<p>Dado este contexto, \u201ces muy discutible que esto haya sido una verdadera \u2018donaci\u00f3n\u2019 de objetos\u201d, dijo Cody Groat, profesor adjunto de Historia y Estudios Ind\u00edgenas en la Western University de Canad\u00e1, a CNN en un correo electr\u00f3nico el lunes.<\/p>\n<p>Las llamadas para repatriar los artefactos comenzaron a cobrar fuerza en 2022, cuando un grupo de delegados de las Primeras Naciones, inuit y m\u00e9tis visit\u00f3 Roma para conversaciones largamente esperadas con Francisco sobre los abusos hist\u00f3ricos en los internados. Ese viaje fue seguido por la \u201cperegrinaci\u00f3n penitencial\u201d de Francisco a Canad\u00e1, en la que pidi\u00f3 perd\u00f3n por \u201cel mal cometido por tantos cristianos contra los pueblos ind\u00edgenas\u201d.<\/p>\n<p>El difunto pont\u00edfice prometi\u00f3 devolver las reliquias, pero su destino qued\u00f3 en manos de su sucesor, el papa Le\u00f3n XIV.<\/p>\n<p>La Santa Sede y la Conferencia Canadiense de Obispos Cat\u00f3licos <a href=\"https:\/\/press.vatican.va\/content\/salastampa\/en\/bollettino\/pubblico\/2025\/11\/15\/251115a.html\">anunciaron<\/a> por primera vez el mes pasado que los objetos, junto con su documentaci\u00f3n, ser\u00edan \u201cdonados\u201d por el papa Le\u00f3n de regreso a las comunidades ind\u00edgenas, calific\u00e1ndolo como \u201cla conclusi\u00f3n del camino iniciado por el papa Francisco\u201d.<\/p>\n<p>Groat dijo que es \u201calentador ver a (Le\u00f3n) tomar una acci\u00f3n tan significativa tan temprano en su pontificado, con la esperanza de sentar las bases para relaciones renovadas entre la Iglesia cat\u00f3lica y los pueblos ind\u00edgenas tanto en Canad\u00e1 como a nivel mundial\u201d.<\/p>\n<p>Seg\u00fan inform\u00f3 CBC, los artefactos ser\u00e1n ahora examinados en el Museo Canadiense de Historia en Gatineau, Quebec, cerca de Ottawa, antes de que los l\u00edderes ind\u00edgenas encuentren nuevos hogares para ellos.<\/p>\n<p>\u201cEsperamos poder desempacar los objetos en los pr\u00f3ximos d\u00edas y que el liderazgo inuit y los expertos inuit comprendan exactamente de d\u00f3nde provienen estos objetos en cada una de nuestras comunidades y compartir ese conocimiento no solo con los inuit canadienses, sino tambi\u00e9n con Canad\u00e1 en su conjunto\u201d, dijo Natan Obed, presidente de Inuit Tapiriit Kanatami, en una conferencia de prensa.<\/p>\n<p>El regreso de los artefactos es profundamente significativo para muchos pueblos ind\u00edgenas en Canad\u00e1, quienes consideran los objetos como \u201cancestros culturales con una sensibilidad o vida propia\u201d, dijo Groat.<\/p>\n<p>\u201cEstos ancestros culturales ahora pueden reincorporarse a nuestras comunidades y ayudar con la continuidad y revitalizaci\u00f3n de nuestras pr\u00e1cticas culturales\u201d.<\/p>\n<p>The-CNN-Wire<br \/>&trade; &amp; &copy; 2025 Cable News Network, Inc., a Warner Bros. Discovery Company. All rights reserved.<\/p>\n","protected":false},"excerpt":{"rendered":"<p>L\u00edderes ind\u00edgenas esperaban en la nevada pista del Aeropuerto Internacional Pierre Elliott Trudeau de Montreal el s\u00e1bado mientras la valiosa carga era descargada de un avi\u00f3n de Air Canada. Las cajas conten\u00edan m\u00e1s de 60 valiosos artefactos culturales, incluido un raro kayak inuit de piel de foca, que fueron tomados de comunidades de las Primeras [&hellip;]<\/p>\n","protected":false},"author":0,"featured_media":0,"comment_status":"open","ping_status":"open","sticky":false,"template":"","format":"standard","meta":{"_jetpack_memberships_contains_paid_content":false,"footnotes":""},"categories":[10],"tags":[],"class_list":["post-1469088","post","type-post","status-publish","format-standard","hentry","category-noticias-nacionales","market-global"],"yoast_head":"<!-- This site is optimized with the Yoast SEO plugin v24.4 - https:\/\/yoast.com\/wordpress\/plugins\/seo\/ -->\n<title>El Vaticano devuelve artefactos sagrados retenidos durante un siglo a sus due\u00f1os ind\u00edgenas en Canad\u00e1 - Noticias<\/title>\n<meta name=\"robots\" content=\"index, follow, max-snippet:-1, max-image-preview:large, max-video-preview:-1\" \/>\n<link rel=\"canonical\" href=\"https:\/\/noticiasya.com\/2025\/12\/08\/vaticano-devuelve-artefactos-sagrados-indigenas-canada-trax\/\" \/>\n<meta property=\"og:locale\" content=\"es_ES\" \/>\n<meta property=\"og:type\" content=\"article\" \/>\n<meta property=\"og:title\" content=\"El Vaticano devuelve artefactos sagrados retenidos durante un siglo a sus due\u00f1os ind\u00edgenas en Canad\u00e1 - Noticias\" \/>\n<meta property=\"og:description\" content=\"L\u00edderes ind\u00edgenas esperaban en la nevada pista del Aeropuerto Internacional Pierre Elliott Trudeau de Montreal el s\u00e1bado mientras la valiosa carga era descargada de un avi\u00f3n de Air Canada. Las cajas conten\u00edan m\u00e1s de 60 valiosos artefactos culturales, incluido un raro kayak inuit de piel de foca, que fueron tomados de comunidades de las Primeras [&hellip;]\" \/>\n<meta property=\"og:url\" content=\"https:\/\/noticiasya.com\/2025\/12\/08\/vaticano-devuelve-artefactos-sagrados-indigenas-canada-trax\/\" \/>\n<meta property=\"og:site_name\" content=\"Noticias\" \/>\n<meta property=\"article:published_time\" content=\"2025-12-08T23:03:45+00:00\" \/>\n<meta name=\"twitter:card\" content=\"summary_large_image\" \/>\n<meta name=\"twitter:label1\" content=\"Est. reading time\" \/>\n\t<meta name=\"twitter:data1\" content=\"4 minutos\" \/>\n<script type=\"application\/ld+json\" class=\"yoast-schema-graph\">{\"@context\":\"https:\/\/schema.org\",\"@graph\":[{\"@type\":\"Article\",\"@id\":\"https:\/\/noticiasya.com\/2025\/12\/08\/vaticano-devuelve-artefactos-sagrados-indigenas-canada-trax\/#article\",\"isPartOf\":{\"@id\":\"https:\/\/noticiasya.com\/2025\/12\/08\/vaticano-devuelve-artefactos-sagrados-indigenas-canada-trax\/\"},\"author\":{\"name\":\"\",\"@id\":\"\"},\"headline\":\"El Vaticano devuelve artefactos sagrados retenidos durante un siglo a sus due\u00f1os ind\u00edgenas en Canad\u00e1\",\"datePublished\":\"2025-12-08T23:03:45+00:00\",\"mainEntityOfPage\":{\"@id\":\"https:\/\/noticiasya.com\/2025\/12\/08\/vaticano-devuelve-artefactos-sagrados-indigenas-canada-trax\/\"},\"wordCount\":881,\"commentCount\":0,\"publisher\":{\"@id\":\"https:\/\/noticiasya.com\/#organization\"},\"articleSection\":[\"Noticias Nacionales\"],\"inLanguage\":\"es\",\"potentialAction\":[{\"@type\":\"CommentAction\",\"name\":\"Comment\",\"target\":[\"https:\/\/noticiasya.com\/2025\/12\/08\/vaticano-devuelve-artefactos-sagrados-indigenas-canada-trax\/#respond\"]}]},{\"@type\":\"WebPage\",\"@id\":\"https:\/\/noticiasya.com\/2025\/12\/08\/vaticano-devuelve-artefactos-sagrados-indigenas-canada-trax\/\",\"url\":\"https:\/\/noticiasya.com\/2025\/12\/08\/vaticano-devuelve-artefactos-sagrados-indigenas-canada-trax\/\",\"name\":\"El Vaticano devuelve artefactos sagrados retenidos durante un siglo a sus due\u00f1os ind\u00edgenas en Canad\u00e1 - Noticias\",\"isPartOf\":{\"@id\":\"https:\/\/noticiasya.com\/#website\"},\"datePublished\":\"2025-12-08T23:03:45+00:00\",\"breadcrumb\":{\"@id\":\"https:\/\/noticiasya.com\/2025\/12\/08\/vaticano-devuelve-artefactos-sagrados-indigenas-canada-trax\/#breadcrumb\"},\"inLanguage\":\"es\",\"potentialAction\":[{\"@type\":\"ReadAction\",\"target\":[\"https:\/\/noticiasya.com\/2025\/12\/08\/vaticano-devuelve-artefactos-sagrados-indigenas-canada-trax\/\"]}]},{\"@type\":\"BreadcrumbList\",\"@id\":\"https:\/\/noticiasya.com\/2025\/12\/08\/vaticano-devuelve-artefactos-sagrados-indigenas-canada-trax\/#breadcrumb\",\"itemListElement\":[{\"@type\":\"ListItem\",\"position\":1,\"name\":\"Home\",\"item\":\"https:\/\/noticiasya.com\/\"},{\"@type\":\"ListItem\",\"position\":2,\"name\":\"El Vaticano devuelve artefactos sagrados retenidos durante un siglo a sus due\u00f1os ind\u00edgenas en Canad\u00e1\"}]},{\"@type\":\"WebSite\",\"@id\":\"https:\/\/noticiasya.com\/#website\",\"url\":\"https:\/\/noticiasya.com\/\",\"name\":\"Noticias\",\"description\":\"Lo que importa\",\"publisher\":{\"@id\":\"https:\/\/noticiasya.com\/#organization\"},\"potentialAction\":[{\"@type\":\"SearchAction\",\"target\":{\"@type\":\"EntryPoint\",\"urlTemplate\":\"https:\/\/noticiasya.com\/?s={search_term_string}\"},\"query-input\":{\"@type\":\"PropertyValueSpecification\",\"valueRequired\":true,\"valueName\":\"search_term_string\"}}],\"inLanguage\":\"es\"},{\"@type\":\"Organization\",\"@id\":\"https:\/\/noticiasya.com\/#organization\",\"name\":\"Noticias\",\"url\":\"https:\/\/noticiasya.com\/\",\"logo\":{\"@type\":\"ImageObject\",\"inLanguage\":\"es\",\"@id\":\"https:\/\/noticiasya.com\/#\/schema\/logo\/image\/\",\"url\":\"https:\/\/noticiasya.com\/wp-content\/uploads\/sites\/22\/2023\/12\/logo-nacional.png\",\"contentUrl\":\"https:\/\/noticiasya.com\/wp-content\/uploads\/sites\/22\/2023\/12\/logo-nacional.png\",\"width\":1801,\"height\":691,\"caption\":\"Noticias\"},\"image\":{\"@id\":\"https:\/\/noticiasya.com\/#\/schema\/logo\/image\/\"}}]}<\/script>\n<!-- \/ Yoast SEO plugin. -->","yoast_head_json":{"title":"El Vaticano devuelve artefactos sagrados retenidos durante un siglo a sus due\u00f1os ind\u00edgenas en Canad\u00e1 - Noticias","robots":{"index":"index","follow":"follow","max-snippet":"max-snippet:-1","max-image-preview":"max-image-preview:large","max-video-preview":"max-video-preview:-1"},"canonical":"https:\/\/noticiasya.com\/2025\/12\/08\/vaticano-devuelve-artefactos-sagrados-indigenas-canada-trax\/","og_locale":"es_ES","og_type":"article","og_title":"El Vaticano devuelve artefactos sagrados retenidos durante un siglo a sus due\u00f1os ind\u00edgenas en Canad\u00e1 - Noticias","og_description":"L\u00edderes ind\u00edgenas esperaban en la nevada pista del Aeropuerto Internacional Pierre Elliott Trudeau de Montreal el s\u00e1bado mientras la valiosa carga era descargada de un avi\u00f3n de Air Canada. Las cajas conten\u00edan m\u00e1s de 60 valiosos artefactos culturales, incluido un raro kayak inuit de piel de foca, que fueron tomados de comunidades de las Primeras [&hellip;]","og_url":"https:\/\/noticiasya.com\/2025\/12\/08\/vaticano-devuelve-artefactos-sagrados-indigenas-canada-trax\/","og_site_name":"Noticias","article_published_time":"2025-12-08T23:03:45+00:00","twitter_card":"summary_large_image","twitter_misc":{"Est. reading time":"4 minutos"},"schema":{"@context":"https:\/\/schema.org","@graph":[{"@type":"Article","@id":"https:\/\/noticiasya.com\/2025\/12\/08\/vaticano-devuelve-artefactos-sagrados-indigenas-canada-trax\/#article","isPartOf":{"@id":"https:\/\/noticiasya.com\/2025\/12\/08\/vaticano-devuelve-artefactos-sagrados-indigenas-canada-trax\/"},"author":{"name":"","@id":""},"headline":"El Vaticano devuelve artefactos sagrados retenidos durante un siglo a sus due\u00f1os ind\u00edgenas en Canad\u00e1","datePublished":"2025-12-08T23:03:45+00:00","mainEntityOfPage":{"@id":"https:\/\/noticiasya.com\/2025\/12\/08\/vaticano-devuelve-artefactos-sagrados-indigenas-canada-trax\/"},"wordCount":881,"commentCount":0,"publisher":{"@id":"https:\/\/noticiasya.com\/#organization"},"articleSection":["Noticias Nacionales"],"inLanguage":"es","potentialAction":[{"@type":"CommentAction","name":"Comment","target":["https:\/\/noticiasya.com\/2025\/12\/08\/vaticano-devuelve-artefactos-sagrados-indigenas-canada-trax\/#respond"]}]},{"@type":"WebPage","@id":"https:\/\/noticiasya.com\/2025\/12\/08\/vaticano-devuelve-artefactos-sagrados-indigenas-canada-trax\/","url":"https:\/\/noticiasya.com\/2025\/12\/08\/vaticano-devuelve-artefactos-sagrados-indigenas-canada-trax\/","name":"El Vaticano devuelve artefactos sagrados retenidos durante un siglo a sus due\u00f1os ind\u00edgenas en Canad\u00e1 - Noticias","isPartOf":{"@id":"https:\/\/noticiasya.com\/#website"},"datePublished":"2025-12-08T23:03:45+00:00","breadcrumb":{"@id":"https:\/\/noticiasya.com\/2025\/12\/08\/vaticano-devuelve-artefactos-sagrados-indigenas-canada-trax\/#breadcrumb"},"inLanguage":"es","potentialAction":[{"@type":"ReadAction","target":["https:\/\/noticiasya.com\/2025\/12\/08\/vaticano-devuelve-artefactos-sagrados-indigenas-canada-trax\/"]}]},{"@type":"BreadcrumbList","@id":"https:\/\/noticiasya.com\/2025\/12\/08\/vaticano-devuelve-artefactos-sagrados-indigenas-canada-trax\/#breadcrumb","itemListElement":[{"@type":"ListItem","position":1,"name":"Home","item":"https:\/\/noticiasya.com\/"},{"@type":"ListItem","position":2,"name":"El Vaticano devuelve artefactos sagrados retenidos durante un siglo a sus due\u00f1os ind\u00edgenas en Canad\u00e1"}]},{"@type":"WebSite","@id":"https:\/\/noticiasya.com\/#website","url":"https:\/\/noticiasya.com\/","name":"Noticias","description":"Lo que importa","publisher":{"@id":"https:\/\/noticiasya.com\/#organization"},"potentialAction":[{"@type":"SearchAction","target":{"@type":"EntryPoint","urlTemplate":"https:\/\/noticiasya.com\/?s={search_term_string}"},"query-input":{"@type":"PropertyValueSpecification","valueRequired":true,"valueName":"search_term_string"}}],"inLanguage":"es"},{"@type":"Organization","@id":"https:\/\/noticiasya.com\/#organization","name":"Noticias","url":"https:\/\/noticiasya.com\/","logo":{"@type":"ImageObject","inLanguage":"es","@id":"https:\/\/noticiasya.com\/#\/schema\/logo\/image\/","url":"https:\/\/noticiasya.com\/wp-content\/uploads\/sites\/22\/2023\/12\/logo-nacional.png","contentUrl":"https:\/\/noticiasya.com\/wp-content\/uploads\/sites\/22\/2023\/12\/logo-nacional.png","width":1801,"height":691,"caption":"Noticias"},"image":{"@id":"https:\/\/noticiasya.com\/#\/schema\/logo\/image\/"}}]}},"parsely":{"version":"1.1.0","canonical_url":"https:\/\/noticiasya.com\/midland-odessa\/2025\/12\/08\/vaticano-devuelve-artefactos-sagrados-indigenas-canada-trax\/","smart_links":{"inbound":0,"outbound":0},"traffic_boost_suggestions_count":0,"meta":{"@context":"https:\/\/schema.org","@type":"NewsArticle","headline":"El Vaticano devuelve artefactos sagrados retenidos durante un siglo a sus due\u00f1os ind\u00edgenas en Canad\u00e1","url":"http:\/\/noticiasya.com\/midland-odessa\/2025\/12\/08\/vaticano-devuelve-artefactos-sagrados-indigenas-canada-trax\/","mainEntityOfPage":{"@type":"WebPage","@id":"http:\/\/noticiasya.com\/midland-odessa\/2025\/12\/08\/vaticano-devuelve-artefactos-sagrados-indigenas-canada-trax\/"},"thumbnailUrl":"","image":{"@type":"ImageObject","url":""},"articleSection":"Noticias Nacionales","author":[],"creator":[],"publisher":{"@type":"Organization","name":"Noticias","logo":""},"keywords":[],"dateCreated":"2025-12-08T23:03:45Z","datePublished":"2025-12-08T23:03:45Z","dateModified":"2025-12-08T23:03:45Z"},"rendered":"<script type=\"application\/ld+json\" class=\"wp-parsely-metadata\">{\"@context\":\"https:\\\/\\\/schema.org\",\"@type\":\"NewsArticle\",\"headline\":\"El Vaticano devuelve artefactos sagrados retenidos durante un siglo a sus due\\u00f1os ind\\u00edgenas en Canad\\u00e1\",\"url\":\"http:\\\/\\\/noticiasya.com\\\/midland-odessa\\\/2025\\\/12\\\/08\\\/vaticano-devuelve-artefactos-sagrados-indigenas-canada-trax\\\/\",\"mainEntityOfPage\":{\"@type\":\"WebPage\",\"@id\":\"http:\\\/\\\/noticiasya.com\\\/midland-odessa\\\/2025\\\/12\\\/08\\\/vaticano-devuelve-artefactos-sagrados-indigenas-canada-trax\\\/\"},\"thumbnailUrl\":\"\",\"image\":{\"@type\":\"ImageObject\",\"url\":\"\"},\"articleSection\":\"Noticias Nacionales\",\"author\":[],\"creator\":[],\"publisher\":{\"@type\":\"Organization\",\"name\":\"Noticias\",\"logo\":\"\"},\"keywords\":[],\"dateCreated\":\"2025-12-08T23:03:45Z\",\"datePublished\":\"2025-12-08T23:03:45Z\",\"dateModified\":\"2025-12-08T23:03:45Z\"}<\/script>","tracker_url":"https:\/\/cdn.parsely.com\/keys\/noticiasya.com\/p.js"},"jetpack_featured_media_url":"","jetpack-related-posts":[{"id":1462954,"url":"https:\/\/noticiasya.com\/midland-odessa\/2025\/05\/29\/vaticano-pertenencias-sagradas-siglo-propietarios-indigenas-recuperarlas-trax\/","url_meta":{"origin":1469088,"position":0},"title":"El Vaticano ha conservado pertenencias sagradas durante un siglo. Ahora sus propietarios ind\u00edgenas quieren recuperarlas","author":"","date":"mayo 29, 2025","format":false,"excerpt":"Dentro de la Ciudad del Vaticano, hogar del papa Le\u00f3n XIV, se encuentra una vasta colecci\u00f3n de artefactos ind\u00edgenas que, seg\u00fan algunas personas, no deber\u00edan estar all\u00ed.La colecci\u00f3n incluye miles de objetos de la \u00e9poca colonial, entre ellos un raro kayak de piel de foca inuvialuit del \u00c1rtico occidental, un\u2026","rel":"","context":"In &quot;Noticias Nacionales&quot;","block_context":{"text":"Noticias Nacionales","link":"https:\/\/noticiasya.com\/midland-odessa\/categoria\/noticias-nacionales"},"img":{"alt_text":"","src":"","width":0,"height":0},"classes":[]},{"id":1470198,"url":"https:\/\/noticiasya.com\/midland-odessa\/2026\/01\/17\/mundo-habla-groenlandia-visitar-isla-trax\/","url_meta":{"origin":1469088,"position":1},"title":"Todo el mundo habla de Groenlandia. As\u00ed es visitar la isla","author":"","date":"enero 17, 2026","format":false,"excerpt":"Groenlandia puede estar sumida en la oscuridad del invierno, pero el presidente Donald Trump ha sacado una vez m\u00e1s a la isla \u00e1rtica de 56.000 habitantes, en su mayor\u00eda inuit \u2014situada a medio camino entre Nueva York y Mosc\u00fa\u2014 de su anonimato congelado, y ha reavivado el debate sobre el\u2026","rel":"","context":"In &quot;Noticias Nacionales&quot;","block_context":{"text":"Noticias Nacionales","link":"https:\/\/noticiasya.com\/midland-odessa\/categoria\/noticias-nacionales"},"img":{"alt_text":"","src":"","width":0,"height":0},"classes":[]},{"id":1469870,"url":"https:\/\/noticiasya.com\/midland-odessa\/2026\/01\/07\/visitar-groenlandia-turismo-trax\/","url_meta":{"origin":1469088,"position":2},"title":"Todo el mundo habla de Groenlandia. As\u00ed es visitarla","author":"","date":"enero 7, 2026","format":false,"excerpt":"Groenlandia se encuentra en pleno invierno, pero el presidente Donald Trump ha vuelto a sacar a esta isla \u00e1rtica de 56.000 habitantes, en su mayor\u00eda inuit, situada a medio camino entre Nueva York y Mosc\u00fa, de su anonimato helado, reavivando el debate sobre el control estadounidense.\u201cNecesitamos Groenlandia\u2026 Es muy estrat\u00e9gica\u2026","rel":"","context":"In &quot;Noticias Nacionales&quot;","block_context":{"text":"Noticias Nacionales","link":"https:\/\/noticiasya.com\/midland-odessa\/categoria\/noticias-nacionales"},"img":{"alt_text":"","src":"","width":0,"height":0},"classes":[]},{"id":1457457,"url":"https:\/\/noticiasya.com\/midland-odessa\/2025\/01\/12\/groenlandia-viajes-trump\/","url_meta":{"origin":1469088,"position":3},"title":"Todo el mundo habla de Groenlandia. As\u00ed es al visitarla","author":"","date":"enero 12, 2025","format":false,"excerpt":"Hace unas semanas, Groenlandia segu\u00eda tranquilamente con el invierno, mientras el territorio se adentraba en la oscuridad que envuelve los confines septentrionales del mundo en esta \u00e9poca del a\u00f1o.Pero las consideraciones del presidente electo Donald Trump sobre la posibilidad de que Estados Unidos se apodere de esta isla de 56.000\u2026","rel":"","context":"In &quot;Noticias Nacionales&quot;","block_context":{"text":"Noticias Nacionales","link":"https:\/\/noticiasya.com\/midland-odessa\/categoria\/noticias-nacionales"},"img":{"alt_text":"","src":"","width":0,"height":0},"classes":[]},{"id":1456273,"url":"https:\/\/noticiasya.com\/midland-odessa\/2024\/12\/04\/arqueologos-herramienta-clave-norteamerica-edad-de-hielo-trax\/","url_meta":{"origin":1469088,"position":4},"title":"Arque\u00f3logos descubren herramienta clave que ayud\u00f3 a los primeros habitantes de Norteam\u00e9rica a sobrevivir a la Edad de Hielo","author":"","date":"diciembre 4, 2024","format":false,"excerpt":"Diminutos artefactos desenterrados en un sitio arqueol\u00f3gico de Wyoming, donde un mamut fue descuartizado hace 13.000 a\u00f1os, revelan detalles intrigantes sobre c\u00f3mo los primeros habitantes de Am\u00e9rica sobrevivieron a la \u00faltima Edad de Hielo.Los arque\u00f3logos encontraron 32 fragmentos de agujas de hueso enterrados a casi 5 metros de profundidad en\u2026","rel":"","context":"In &quot;Noticias Nacionales&quot;","block_context":{"text":"Noticias Nacionales","link":"https:\/\/noticiasya.com\/midland-odessa\/categoria\/noticias-nacionales"},"img":{"alt_text":"","src":"","width":0,"height":0},"classes":[]},{"id":1458481,"url":"https:\/\/noticiasya.com\/midland-odessa\/2025\/02\/09\/deseo-trump-groenlandia-sentimientos-artico-trax\/","url_meta":{"origin":1469088,"position":5},"title":"El deseo de Trump por Groenlandia enciende sentimientos en el \u00c1rtico","author":"","date":"febrero 9, 2025","format":false,"excerpt":"Las idas y venidas en el nuevo aeropuerto internacional de Groenlandia \u2014en su capital, Nuuk\u2014 lucen un poco diferentes \u00faltimamente, ya que periodistas como yo vienen aqu\u00ed para ver de qu\u00e9 se trata tanto alboroto.El alboroto, por supuesto, es el resultado del inter\u00e9s del presidente de EE.UU., Donald Trump, por\u2026","rel":"","context":"In &quot;Noticias Nacionales&quot;","block_context":{"text":"Noticias Nacionales","link":"https:\/\/noticiasya.com\/midland-odessa\/categoria\/noticias-nacionales"},"img":{"alt_text":"","src":"","width":0,"height":0},"classes":[]}],"jetpack_sharing_enabled":true,"_links":{"self":[{"href":"https:\/\/noticiasya.com\/midland-odessa\/wp-json\/wp\/v2\/posts\/1469088","targetHints":{"allow":["GET"]}}],"collection":[{"href":"https:\/\/noticiasya.com\/midland-odessa\/wp-json\/wp\/v2\/posts"}],"about":[{"href":"https:\/\/noticiasya.com\/midland-odessa\/wp-json\/wp\/v2\/types\/post"}],"replies":[{"embeddable":true,"href":"https:\/\/noticiasya.com\/midland-odessa\/wp-json\/wp\/v2\/comments?post=1469088"}],"version-history":[{"count":0,"href":"https:\/\/noticiasya.com\/midland-odessa\/wp-json\/wp\/v2\/posts\/1469088\/revisions"}],"wp:attachment":[{"href":"https:\/\/noticiasya.com\/midland-odessa\/wp-json\/wp\/v2\/media?parent=1469088"}],"wp:term":[{"taxonomy":"category","embeddable":true,"href":"https:\/\/noticiasya.com\/midland-odessa\/wp-json\/wp\/v2\/categories?post=1469088"},{"taxonomy":"post_tag","embeddable":true,"href":"https:\/\/noticiasya.com\/midland-odessa\/wp-json\/wp\/v2\/tags?post=1469088"}],"curies":[{"name":"wp","href":"https:\/\/api.w.org\/{rel}","templated":true}]}}