{"id":1469091,"date":"2025-12-08T17:03:43","date_gmt":"2025-12-09T01:03:43","guid":{"rendered":"https:\/\/noticiasya.com\/2025\/12\/08\/tribunal-supremo-cuba-condena-alejandro-gil-orix\/"},"modified":"2025-12-08T17:03:43","modified_gmt":"2025-12-09T01:03:43","slug":"tribunal-supremo-cuba-condena-alejandro-gil-orix","status":"publish","type":"post","link":"https:\/\/noticiasya.com\/midland-odessa\/2025\/12\/08\/tribunal-supremo-cuba-condena-alejandro-gil-orix\/","title":{"rendered":"Tribunal Supremo de Cuba condena a cadena perpetua al exministro Alejandro Gil"},"content":{"rendered":"<p>El Tribunal Supremo Popular de Cuba conden\u00f3 este lunes al exministro cubano de Econom\u00eda y Planificaci\u00f3n Alejandro Miguel Gil Fern\u00e1ndez a \u201cprivaci\u00f3n perpetua de la libertad\u201d tras considerarlo responsable de espionaje, cohecho y sustracci\u00f3n y da\u00f1o de documentos, entre varios delitos, seg\u00fan un <a href=\"https:\/\/www.tsp.gob.cu\/tribunal-supremo-popular-notifica-sentencias-acusado-alejandro-miguel-gil-fernandez-0\">comunicado <\/a>oficial.<\/p>\n<p>En un segundo caso, fue <a href=\"https:\/\/www.tsp.gob.cu\/tribunal-supremo-popular-notifica-sentencias-acusado-alejandro-miguel-gil-fernandez-0\">hallado culpable de cohecho<\/a> para cometer falsificaci\u00f3n de documentos p\u00fablicos, tr\u00e1fico de influencias y evasi\u00f3n fiscal, y recibi\u00f3 una condena adicional de 20 a\u00f1os.<\/p>\n<p>\u201cAlejandro Miguel Gil Fern\u00e1ndez, mediante un actuar corrupto y simulador, se aprovech\u00f3 de las facultades otorgadas por las responsabilidades que asumi\u00f3 para obtener beneficios personales, recibiendo dinero de firmas extranjeras y sobornando a otros funcionarios p\u00fablicos para legalizar la adquisici\u00f3n de bienes\u201d, <a href=\"https:\/\/www.tsp.gob.cu\/tribunal-supremo-popular-notifica-sentencias-acusado-alejandro-miguel-gil-fernandez-0\">dijo <\/a>el Tribunal Supremo.<\/p>\n<p>Gil tiene un plazo de diez d\u00edas para apelar ambas sentencias, agrega el comunicado.<\/p>\n<p>El exmiministro fue <a href=\"https:\/\/cnnespanol.cnn.com\/2024\/03\/08\/cuba-graves-errores-alejandro-gil-fernandez-trax\">destituido<\/a> del cargo en febrero de 2024. En marzo de ese mismo a\u00f1o el Ministerio del Interior de Cuba <a href=\"https:\/\/cnnespanol.cnn.com\/2024\/03\/08\/cuba-graves-errores-alejandro-gil-fernandez-trax\">anunci\u00f3<\/a> que estaba investigando al exministro por \u201cgraves errores\u201d.<\/p>\n<p>Durnante a\u00f1os Gil fue la cara p\u00fablica de <a href=\"https:\/\/cnnespanol.cnn.com\/2024\/03\/08\/cuba-graves-errores-alejandro-gil-fernandez-trax\">medidas profundamente impopulares <\/a>que contribuyeron a empeorar la compleja situaci\u00f3n econ\u00f3mica de la isla, entre estas una subida masiva de los precios del combustible para los cubanos.<\/p>\n<p>The-CNN-Wire<br \/>&trade; &amp; &copy; 2025 Cable News Network, Inc., a Warner Bros. Discovery Company. All rights reserved.<\/p>\n","protected":false},"excerpt":{"rendered":"<p>El Tribunal Supremo Popular de Cuba conden\u00f3 este lunes al exministro cubano de Econom\u00eda y Planificaci\u00f3n Alejandro Miguel Gil Fern\u00e1ndez a \u201cprivaci\u00f3n perpetua de la libertad\u201d tras considerarlo responsable de espionaje, cohecho y sustracci\u00f3n y da\u00f1o de documentos, entre varios delitos, seg\u00fan un comunicado oficial. En un segundo caso, fue hallado culpable de cohecho para [&hellip;]<\/p>\n","protected":false},"author":0,"featured_media":0,"comment_status":"open","ping_status":"open","sticky":false,"template":"","format":"standard","meta":{"_jetpack_memberships_contains_paid_content":false,"footnotes":""},"categories":[10],"tags":[],"class_list":["post-1469091","post","type-post","status-publish","format-standard","hentry","category-noticias-nacionales","market-global"],"yoast_head":"<!-- This site is optimized with the Yoast SEO plugin v24.4 - https:\/\/yoast.com\/wordpress\/plugins\/seo\/ -->\n<title>Tribunal Supremo de Cuba condena a cadena perpetua al exministro Alejandro Gil - Noticias<\/title>\n<meta name=\"robots\" content=\"index, follow, max-snippet:-1, max-image-preview:large, max-video-preview:-1\" \/>\n<link rel=\"canonical\" href=\"https:\/\/noticiasya.com\/2025\/12\/08\/tribunal-supremo-cuba-condena-alejandro-gil-orix\/\" \/>\n<meta property=\"og:locale\" content=\"es_ES\" \/>\n<meta property=\"og:type\" content=\"article\" \/>\n<meta property=\"og:title\" content=\"Tribunal Supremo de Cuba condena a cadena perpetua al exministro Alejandro Gil - Noticias\" \/>\n<meta property=\"og:description\" content=\"El Tribunal Supremo Popular de Cuba conden\u00f3 este lunes al exministro cubano de Econom\u00eda y Planificaci\u00f3n Alejandro Miguel Gil Fern\u00e1ndez a \u201cprivaci\u00f3n perpetua de la libertad\u201d tras considerarlo responsable de espionaje, cohecho y sustracci\u00f3n y da\u00f1o de documentos, entre varios delitos, seg\u00fan un comunicado oficial. En un segundo caso, fue hallado culpable de cohecho para [&hellip;]\" \/>\n<meta property=\"og:url\" content=\"https:\/\/noticiasya.com\/2025\/12\/08\/tribunal-supremo-cuba-condena-alejandro-gil-orix\/\" \/>\n<meta property=\"og:site_name\" content=\"Noticias\" \/>\n<meta property=\"article:published_time\" content=\"2025-12-09T01:03:43+00:00\" \/>\n<meta name=\"twitter:card\" content=\"summary_large_image\" \/>\n<meta name=\"twitter:label1\" content=\"Est. reading time\" \/>\n\t<meta name=\"twitter:data1\" content=\"1 minuto\" \/>\n<script type=\"application\/ld+json\" class=\"yoast-schema-graph\">{\"@context\":\"https:\/\/schema.org\",\"@graph\":[{\"@type\":\"Article\",\"@id\":\"https:\/\/noticiasya.com\/2025\/12\/08\/tribunal-supremo-cuba-condena-alejandro-gil-orix\/#article\",\"isPartOf\":{\"@id\":\"https:\/\/noticiasya.com\/2025\/12\/08\/tribunal-supremo-cuba-condena-alejandro-gil-orix\/\"},\"author\":{\"name\":\"\",\"@id\":\"\"},\"headline\":\"Tribunal Supremo de Cuba condena a cadena perpetua al exministro Alejandro Gil\",\"datePublished\":\"2025-12-09T01:03:43+00:00\",\"mainEntityOfPage\":{\"@id\":\"https:\/\/noticiasya.com\/2025\/12\/08\/tribunal-supremo-cuba-condena-alejandro-gil-orix\/\"},\"wordCount\":247,\"commentCount\":0,\"publisher\":{\"@id\":\"https:\/\/noticiasya.com\/#organization\"},\"articleSection\":[\"Noticias Nacionales\"],\"inLanguage\":\"es\",\"potentialAction\":[{\"@type\":\"CommentAction\",\"name\":\"Comment\",\"target\":[\"https:\/\/noticiasya.com\/2025\/12\/08\/tribunal-supremo-cuba-condena-alejandro-gil-orix\/#respond\"]}]},{\"@type\":\"WebPage\",\"@id\":\"https:\/\/noticiasya.com\/2025\/12\/08\/tribunal-supremo-cuba-condena-alejandro-gil-orix\/\",\"url\":\"https:\/\/noticiasya.com\/2025\/12\/08\/tribunal-supremo-cuba-condena-alejandro-gil-orix\/\",\"name\":\"Tribunal Supremo de Cuba condena a cadena perpetua al exministro Alejandro Gil - Noticias\",\"isPartOf\":{\"@id\":\"https:\/\/noticiasya.com\/#website\"},\"datePublished\":\"2025-12-09T01:03:43+00:00\",\"breadcrumb\":{\"@id\":\"https:\/\/noticiasya.com\/2025\/12\/08\/tribunal-supremo-cuba-condena-alejandro-gil-orix\/#breadcrumb\"},\"inLanguage\":\"es\",\"potentialAction\":[{\"@type\":\"ReadAction\",\"target\":[\"https:\/\/noticiasya.com\/2025\/12\/08\/tribunal-supremo-cuba-condena-alejandro-gil-orix\/\"]}]},{\"@type\":\"BreadcrumbList\",\"@id\":\"https:\/\/noticiasya.com\/2025\/12\/08\/tribunal-supremo-cuba-condena-alejandro-gil-orix\/#breadcrumb\",\"itemListElement\":[{\"@type\":\"ListItem\",\"position\":1,\"name\":\"Home\",\"item\":\"https:\/\/noticiasya.com\/\"},{\"@type\":\"ListItem\",\"position\":2,\"name\":\"Tribunal Supremo de Cuba condena a cadena perpetua al exministro Alejandro Gil\"}]},{\"@type\":\"WebSite\",\"@id\":\"https:\/\/noticiasya.com\/#website\",\"url\":\"https:\/\/noticiasya.com\/\",\"name\":\"Noticias\",\"description\":\"Lo que importa\",\"publisher\":{\"@id\":\"https:\/\/noticiasya.com\/#organization\"},\"potentialAction\":[{\"@type\":\"SearchAction\",\"target\":{\"@type\":\"EntryPoint\",\"urlTemplate\":\"https:\/\/noticiasya.com\/?s={search_term_string}\"},\"query-input\":{\"@type\":\"PropertyValueSpecification\",\"valueRequired\":true,\"valueName\":\"search_term_string\"}}],\"inLanguage\":\"es\"},{\"@type\":\"Organization\",\"@id\":\"https:\/\/noticiasya.com\/#organization\",\"name\":\"Noticias\",\"url\":\"https:\/\/noticiasya.com\/\",\"logo\":{\"@type\":\"ImageObject\",\"inLanguage\":\"es\",\"@id\":\"https:\/\/noticiasya.com\/#\/schema\/logo\/image\/\",\"url\":\"https:\/\/noticiasya.com\/wp-content\/uploads\/sites\/22\/2023\/12\/logo-nacional.png\",\"contentUrl\":\"https:\/\/noticiasya.com\/wp-content\/uploads\/sites\/22\/2023\/12\/logo-nacional.png\",\"width\":1801,\"height\":691,\"caption\":\"Noticias\"},\"image\":{\"@id\":\"https:\/\/noticiasya.com\/#\/schema\/logo\/image\/\"}}]}<\/script>\n<!-- \/ Yoast SEO plugin. -->","yoast_head_json":{"title":"Tribunal Supremo de Cuba condena a cadena perpetua al exministro Alejandro Gil - Noticias","robots":{"index":"index","follow":"follow","max-snippet":"max-snippet:-1","max-image-preview":"max-image-preview:large","max-video-preview":"max-video-preview:-1"},"canonical":"https:\/\/noticiasya.com\/2025\/12\/08\/tribunal-supremo-cuba-condena-alejandro-gil-orix\/","og_locale":"es_ES","og_type":"article","og_title":"Tribunal Supremo de Cuba condena a cadena perpetua al exministro Alejandro Gil - Noticias","og_description":"El Tribunal Supremo Popular de Cuba conden\u00f3 este lunes al exministro cubano de Econom\u00eda y Planificaci\u00f3n Alejandro Miguel Gil Fern\u00e1ndez a \u201cprivaci\u00f3n perpetua de la libertad\u201d tras considerarlo responsable de espionaje, cohecho y sustracci\u00f3n y da\u00f1o de documentos, entre varios delitos, seg\u00fan un comunicado oficial. En un segundo caso, fue hallado culpable de cohecho para [&hellip;]","og_url":"https:\/\/noticiasya.com\/2025\/12\/08\/tribunal-supremo-cuba-condena-alejandro-gil-orix\/","og_site_name":"Noticias","article_published_time":"2025-12-09T01:03:43+00:00","twitter_card":"summary_large_image","twitter_misc":{"Est. reading time":"1 minuto"},"schema":{"@context":"https:\/\/schema.org","@graph":[{"@type":"Article","@id":"https:\/\/noticiasya.com\/2025\/12\/08\/tribunal-supremo-cuba-condena-alejandro-gil-orix\/#article","isPartOf":{"@id":"https:\/\/noticiasya.com\/2025\/12\/08\/tribunal-supremo-cuba-condena-alejandro-gil-orix\/"},"author":{"name":"","@id":""},"headline":"Tribunal Supremo de Cuba condena a cadena perpetua al exministro Alejandro Gil","datePublished":"2025-12-09T01:03:43+00:00","mainEntityOfPage":{"@id":"https:\/\/noticiasya.com\/2025\/12\/08\/tribunal-supremo-cuba-condena-alejandro-gil-orix\/"},"wordCount":247,"commentCount":0,"publisher":{"@id":"https:\/\/noticiasya.com\/#organization"},"articleSection":["Noticias Nacionales"],"inLanguage":"es","potentialAction":[{"@type":"CommentAction","name":"Comment","target":["https:\/\/noticiasya.com\/2025\/12\/08\/tribunal-supremo-cuba-condena-alejandro-gil-orix\/#respond"]}]},{"@type":"WebPage","@id":"https:\/\/noticiasya.com\/2025\/12\/08\/tribunal-supremo-cuba-condena-alejandro-gil-orix\/","url":"https:\/\/noticiasya.com\/2025\/12\/08\/tribunal-supremo-cuba-condena-alejandro-gil-orix\/","name":"Tribunal Supremo de Cuba condena a cadena perpetua al exministro Alejandro Gil - Noticias","isPartOf":{"@id":"https:\/\/noticiasya.com\/#website"},"datePublished":"2025-12-09T01:03:43+00:00","breadcrumb":{"@id":"https:\/\/noticiasya.com\/2025\/12\/08\/tribunal-supremo-cuba-condena-alejandro-gil-orix\/#breadcrumb"},"inLanguage":"es","potentialAction":[{"@type":"ReadAction","target":["https:\/\/noticiasya.com\/2025\/12\/08\/tribunal-supremo-cuba-condena-alejandro-gil-orix\/"]}]},{"@type":"BreadcrumbList","@id":"https:\/\/noticiasya.com\/2025\/12\/08\/tribunal-supremo-cuba-condena-alejandro-gil-orix\/#breadcrumb","itemListElement":[{"@type":"ListItem","position":1,"name":"Home","item":"https:\/\/noticiasya.com\/"},{"@type":"ListItem","position":2,"name":"Tribunal Supremo de Cuba condena a cadena perpetua al exministro Alejandro Gil"}]},{"@type":"WebSite","@id":"https:\/\/noticiasya.com\/#website","url":"https:\/\/noticiasya.com\/","name":"Noticias","description":"Lo que importa","publisher":{"@id":"https:\/\/noticiasya.com\/#organization"},"potentialAction":[{"@type":"SearchAction","target":{"@type":"EntryPoint","urlTemplate":"https:\/\/noticiasya.com\/?s={search_term_string}"},"query-input":{"@type":"PropertyValueSpecification","valueRequired":true,"valueName":"search_term_string"}}],"inLanguage":"es"},{"@type":"Organization","@id":"https:\/\/noticiasya.com\/#organization","name":"Noticias","url":"https:\/\/noticiasya.com\/","logo":{"@type":"ImageObject","inLanguage":"es","@id":"https:\/\/noticiasya.com\/#\/schema\/logo\/image\/","url":"https:\/\/noticiasya.com\/wp-content\/uploads\/sites\/22\/2023\/12\/logo-nacional.png","contentUrl":"https:\/\/noticiasya.com\/wp-content\/uploads\/sites\/22\/2023\/12\/logo-nacional.png","width":1801,"height":691,"caption":"Noticias"},"image":{"@id":"https:\/\/noticiasya.com\/#\/schema\/logo\/image\/"}}]}},"parsely":{"version":"1.1.0","canonical_url":"https:\/\/noticiasya.com\/midland-odessa\/2025\/12\/08\/tribunal-supremo-cuba-condena-alejandro-gil-orix\/","smart_links":{"inbound":0,"outbound":0},"traffic_boost_suggestions_count":0,"meta":{"@context":"https:\/\/schema.org","@type":"NewsArticle","headline":"Tribunal Supremo de Cuba condena a cadena perpetua al exministro Alejandro Gil","url":"http:\/\/noticiasya.com\/midland-odessa\/2025\/12\/08\/tribunal-supremo-cuba-condena-alejandro-gil-orix\/","mainEntityOfPage":{"@type":"WebPage","@id":"http:\/\/noticiasya.com\/midland-odessa\/2025\/12\/08\/tribunal-supremo-cuba-condena-alejandro-gil-orix\/"},"thumbnailUrl":"","image":{"@type":"ImageObject","url":""},"articleSection":"Noticias Nacionales","author":[],"creator":[],"publisher":{"@type":"Organization","name":"Noticias","logo":""},"keywords":[],"dateCreated":"2025-12-09T01:03:43Z","datePublished":"2025-12-09T01:03:43Z","dateModified":"2025-12-09T01:03:43Z"},"rendered":"<script type=\"application\/ld+json\" class=\"wp-parsely-metadata\">{\"@context\":\"https:\\\/\\\/schema.org\",\"@type\":\"NewsArticle\",\"headline\":\"Tribunal Supremo de Cuba condena a cadena perpetua al exministro Alejandro Gil\",\"url\":\"http:\\\/\\\/noticiasya.com\\\/midland-odessa\\\/2025\\\/12\\\/08\\\/tribunal-supremo-cuba-condena-alejandro-gil-orix\\\/\",\"mainEntityOfPage\":{\"@type\":\"WebPage\",\"@id\":\"http:\\\/\\\/noticiasya.com\\\/midland-odessa\\\/2025\\\/12\\\/08\\\/tribunal-supremo-cuba-condena-alejandro-gil-orix\\\/\"},\"thumbnailUrl\":\"\",\"image\":{\"@type\":\"ImageObject\",\"url\":\"\"},\"articleSection\":\"Noticias Nacionales\",\"author\":[],\"creator\":[],\"publisher\":{\"@type\":\"Organization\",\"name\":\"Noticias\",\"logo\":\"\"},\"keywords\":[],\"dateCreated\":\"2025-12-09T01:03:43Z\",\"datePublished\":\"2025-12-09T01:03:43Z\",\"dateModified\":\"2025-12-09T01:03:43Z\"}<\/script>","tracker_url":"https:\/\/cdn.parsely.com\/keys\/noticiasya.com\/p.js"},"jetpack_featured_media_url":"","jetpack-related-posts":[{"id":1463411,"url":"https:\/\/noticiasya.com\/midland-odessa\/2025\/06\/10\/la-corte-confirmo-la-condena-a-cristina-kirchner-en-la-causa-vialidad\/","url_meta":{"origin":1469091,"position":0},"title":"La Corte confirm\u00f3 la condena a Cristina Kirchner en la causa Vialidad","author":"","date":"junio 10, 2025","format":false,"excerpt":"(CNN Radio Argentina) \u2013 La Corte Suprema de Justicia de la Naci\u00f3n confirm\u00f3 este martes, en un fallo un\u00e1nime, la condena a Cristina Fern\u00e1ndez de Kirchner en la causa Vialidad.Los jueces Horacio Rosatti, Carlos Rosenkrantz y Ricardo Lorenzetti ratificaron la pena de seis a\u00f1os de prisi\u00f3n e inhabilitaci\u00f3n perpetua para\u2026","rel":"","context":"In &quot;Noticias Nacionales&quot;","block_context":{"text":"Noticias Nacionales","link":"https:\/\/noticiasya.com\/midland-odessa\/categoria\/noticias-nacionales"},"img":{"alt_text":"","src":"","width":0,"height":0},"classes":[]},{"id":1463414,"url":"https:\/\/noticiasya.com\/midland-odessa\/2025\/06\/10\/edwards-ya-esta-firme-la-condena-contra-cristina-kirchner-y-la-inhabilitacion-es-perpetua\/","url_meta":{"origin":1469091,"position":1},"title":"Edwards: &#171;Ya est\u00e1 firme la condena contra Cristina Kirchner y la inhabilitaci\u00f3n es perpetua&#187;","author":"","date":"junio 10, 2025","format":false,"excerpt":"(CNN Radio Argentina) \u2013 Garret Edwards, abogado y Director de Investigaciones Jur\u00eddicas en Fundaci\u00f3n Libertad, analiz\u00f3 este martes en Regreso CNN con Mariana Arias y Pepe Gil Vidal el fallo de la Corte Suprema de Justicia que confirm\u00f3 la condena contra la expresidenta Cristina Fern\u00e1ndez de Kirchner en la causa\u2026","rel":"","context":"In &quot;Noticias Nacionales&quot;","block_context":{"text":"Noticias Nacionales","link":"https:\/\/noticiasya.com\/midland-odessa\/categoria\/noticias-nacionales"},"img":{"alt_text":"","src":"","width":0,"height":0},"classes":[]},{"id":1456103,"url":"https:\/\/noticiasya.com\/midland-odessa\/2024\/11\/26\/que-es-ficha-limpia-proyecto-terminar-carrera-politica-cristina-kirchner-orix\/","url_meta":{"origin":1469091,"position":2},"title":"\u00bfQu\u00e9 es la Ficha Limpia? El proyecto que podr\u00eda terminar con la carrera pol\u00edtica de Cristina Kirchner","author":"","date":"noviembre 26, 2024","format":false,"excerpt":"(CNN Espa\u00f1ol) \u2014 En Argentina, este jueves, el Congreso de la Naci\u00f3n debatir\u00e1 un proyecto que podr\u00eda marcar un antes y un despu\u00e9s en la pol\u00edtica local: la Ley Ficha Limpia. La iniciativa busca impedir que personas con condenas judiciales confirmadas en segunda instancia accedan a cargos p\u00fablicos, ya sea\u2026","rel":"","context":"In &quot;Noticias Nacionales&quot;","block_context":{"text":"Noticias Nacionales","link":"https:\/\/noticiasya.com\/midland-odessa\/categoria\/noticias-nacionales"},"img":{"alt_text":"","src":"","width":0,"height":0},"classes":[]},{"id":1463438,"url":"https:\/\/noticiasya.com\/midland-odessa\/2025\/06\/11\/condena-cristina-kirchner-sacude-politica-orix\/","url_meta":{"origin":1469091,"position":3},"title":"Un sismo pol\u00edtico sacude a Argentina tras la condena a prisi\u00f3n para la expresidenta Cristina Fern\u00e1ndez de Kirchner","author":"","date":"junio 11, 2025","format":false,"excerpt":"Un sismo pol\u00edtico acaba de sacudir a la Argentina. Tras un largo proceso judicial por corrupci\u00f3n contra la expresidenta, exvicepresidenta y exlegisladora peronista Cristina Fern\u00e1ndez de Kirchner, la Corte Suprema de Justicia acaba de ratificar las condenas previas de 2022 y 2024 y la ahora l\u00edder opositora ir\u00e1 a prisi\u00f3n.El\u2026","rel":"","context":"In &quot;Noticias Nacionales&quot;","block_context":{"text":"Noticias Nacionales","link":"https:\/\/noticiasya.com\/midland-odessa\/categoria\/noticias-nacionales"},"img":{"alt_text":"","src":"","width":0,"height":0},"classes":[]},{"id":1463499,"url":"https:\/\/noticiasya.com\/midland-odessa\/2025\/06\/12\/lonigro-cristina-kirchner-ya-tiene-todas-las-consecuencias-de-la-condena-menos-la-prision\/","url_meta":{"origin":1469091,"position":4},"title":"Lonigro: &#171;Cristina Kirchner ya tiene todas las consecuencias de la condena, menos la prisi\u00f3n&#187;","author":"","date":"junio 12, 2025","format":false,"excerpt":"(CNN Radio Argentina) \u2013 El abogado constitucionalista F\u00e9lix Lonigro habl\u00f3 este jueves con Regreso CNN, conducido por Mariana Arias y Pepe Gil Vidal, sobre el fallo de la Corte Suprema que dej\u00f3 firme la condena a la expresidenta Cristina Kirchner en la causa Vialidad.\u201cLo primero que la gente tiene que\u2026","rel":"","context":"In &quot;Noticias Nacionales&quot;","block_context":{"text":"Noticias Nacionales","link":"https:\/\/noticiasya.com\/midland-odessa\/categoria\/noticias-nacionales"},"img":{"alt_text":"","src":"","width":0,"height":0},"classes":[]},{"id":1455287,"url":"https:\/\/noticiasya.com\/midland-odessa\/2024\/10\/22\/5-cosas-22-octubre-cuba-crisis-trump-orix\/","url_meta":{"origin":1469091,"position":5},"title":"Las 5 cosas que debes saber este 22 de octubre: Sentencian a 20 a\u00f1os de prisi\u00f3n a Alejandro Toledo","author":"","date":"octubre 22, 2024","format":false,"excerpt":"Entregan el informe toxicol\u00f3gico preliminar de Liam Payne a la fiscal\u00eda. Detienen a Pedro Tellechea, exministro de Petr\u00f3leo de Venezuela. Esto es lo que debes saber para comenzar el d\u00eda. Primero la verdad.Suscr\u00edbete aqu\u00ed para recibir el newsletter cada ma\u00f1ana en tu correo \ud83c\udf99 Escucha las 5 cosas de CNN1.\u2026","rel":"","context":"In &quot;Noticias Nacionales&quot;","block_context":{"text":"Noticias Nacionales","link":"https:\/\/noticiasya.com\/midland-odessa\/categoria\/noticias-nacionales"},"img":{"alt_text":"","src":"","width":0,"height":0},"classes":[]}],"jetpack_sharing_enabled":true,"_links":{"self":[{"href":"https:\/\/noticiasya.com\/midland-odessa\/wp-json\/wp\/v2\/posts\/1469091","targetHints":{"allow":["GET"]}}],"collection":[{"href":"https:\/\/noticiasya.com\/midland-odessa\/wp-json\/wp\/v2\/posts"}],"about":[{"href":"https:\/\/noticiasya.com\/midland-odessa\/wp-json\/wp\/v2\/types\/post"}],"replies":[{"embeddable":true,"href":"https:\/\/noticiasya.com\/midland-odessa\/wp-json\/wp\/v2\/comments?post=1469091"}],"version-history":[{"count":0,"href":"https:\/\/noticiasya.com\/midland-odessa\/wp-json\/wp\/v2\/posts\/1469091\/revisions"}],"wp:attachment":[{"href":"https:\/\/noticiasya.com\/midland-odessa\/wp-json\/wp\/v2\/media?parent=1469091"}],"wp:term":[{"taxonomy":"category","embeddable":true,"href":"https:\/\/noticiasya.com\/midland-odessa\/wp-json\/wp\/v2\/categories?post=1469091"},{"taxonomy":"post_tag","embeddable":true,"href":"https:\/\/noticiasya.com\/midland-odessa\/wp-json\/wp\/v2\/tags?post=1469091"}],"curies":[{"name":"wp","href":"https:\/\/api.w.org\/{rel}","templated":true}]}}