{"id":1469092,"date":"2025-12-08T17:03:43","date_gmt":"2025-12-09T01:03:43","guid":{"rendered":"https:\/\/noticiasya.com\/2025\/12\/08\/honduras-orden-captura-internacional-juan-orlando-hernandez-orix\/"},"modified":"2025-12-08T17:03:43","modified_gmt":"2025-12-09T01:03:43","slug":"honduras-orden-captura-internacional-juan-orlando-hernandez-orix","status":"publish","type":"post","link":"https:\/\/noticiasya.com\/midland-odessa\/2025\/12\/08\/honduras-orden-captura-internacional-juan-orlando-hernandez-orix\/","title":{"rendered":"Honduras se dispone a ejecutar orden de captura internacional contra Juan Orlando Hern\u00e1ndez tras indulto de Trump"},"content":{"rendered":"<p>El fiscal general de Honduras, Johel\u202fZelaya, solicit\u00f3 este lunes a la Agencia T\u00e9cnica de Investigaci\u00f3n Criminal (ATIC) y a organismos internacionales, incluida Interpol, ejecutar una orden de captura internacional contra el expresidente Juan Orlando Hern\u00e1ndez, quien la semana pasada fue <a href=\"https:\/\/cnnespanol.cnn.com\/2025\/12\/02\/latinoamerica\/causas-juan-orlando-hernandez-indulto-orix\">indultado por el presidente de Estados Unidos, Donald Trump.<\/a><\/p>\n<p>\u201cInformo al pueblo hondure\u00f1o que he instruido a la ATIC (Agencia T\u00e9cnica de Investigaci\u00f3n Criminal) y tambi\u00e9n exhorto a los organismos de seguridad del Estado y a nuestros aliados internacionales, como ser la INTERPOL, a ejecutar la orden de captura internacional contra el expresidente Juan Orlando Hern\u00e1ndez, acusado por los delitos de lavado de activos y fraude\u201d, dijo Zelaya <a href=\"https:\/\/x.com\/jaza_hn\/status\/1998163562670202916\">en un mensaje publicado en su cuenta de X.<\/a><\/p>\n<p>La medida, seg\u00fan Zelaya, se produce en el marco del denominado \u201ccaso Pandora II\u201d, en el que Hern\u00e1ndez est\u00e1 acusado de lavado de activos y fraude.<\/p>\n<p>El anuncio llega d\u00edas despu\u00e9s de que Trump le<a href=\"https:\/\/cnnespanol.cnn.com\/2025\/12\/02\/latinoamerica\/juan-orlando-hernandez-honduras-indulto-trump-orix\"> concediera un indulto total e incondicional,<\/a> lo que lo liber\u00f3 de una condena de 45 a\u00f1os de prisi\u00f3n por narcotr\u00e1fico en Nueva York. Trump anunci\u00f3 la medida justo antes de las elecciones presidenciales hondure\u00f1as y argument\u00f3 que la condena \u201cfue un montaje del Gobierno de Biden\u201d. Hern\u00e1ndez, por su parte, ha <a href=\"https:\/\/cnnespanol.cnn.com\/2025\/12\/03\/latinoamerica\/honduras-juan-hernandez-agradece-trump-indulto-trax\">rechazado <\/a>las acusaciones en su contra y sostiene que \u201cun sistema politizado se neg\u00f3 a reconocer la verdad\u201d.<\/p>\n<p>\u201cHemos sido lacerados por los tent\u00e1culos de la corrupci\u00f3n y por redes criminales que han marcado profundamente la vida de nuestro pa\u00eds\u201d, agreg\u00f3 Zelaya.<\/p>\n<p>El director de la Unidad Especializada contra Delitos de Corrupci\u00f3n, Luis Santos, <a href=\"https:\/\/cnnespanol.cnn.com\/2025\/12\/05\/latinoamerica\/honduras-juan-orlando-hernandez-orden-captura-orix\">dijo a CNN <\/a>hace unos d\u00edas que Hern\u00e1ndez ten\u00eda \u201cun proceso abierto en la Corte Suprema de Justicia por lavado de activos y fraude\u201d, y que la orden de captura internacional estaba en poder de la Secretar\u00eda de Seguridad y de Interpol desde septiembre de 2023.<\/p>\n<p>Renato Stabile, abogado del expresidente, dijo entonces que no pod\u00eda \u201cconfirmar\u201d la existencia de la orden. Santos agreg\u00f3 que, si Hern\u00e1ndez no regresaba a Honduras, solicitar\u00edan su extradici\u00f3n desde Estados Unidos.<\/p>\n<p>Tras su liberaci\u00f3n, Hern\u00e1ndez <a href=\"https:\/\/cnnespanol.cnn.com\/2025\/12\/03\/latinoamerica\/honduras-juan-hernandez-agradece-trump-indulto-trax\">agradeci\u00f3 <\/a>a Trump y prometi\u00f3 al pueblo de Honduras continuar defendiendo \u201ctodo lo que construimos juntos\u201d, sin precisar si regresar\u00e1 al pa\u00eds.<\/p>\n<p>Ana Garc\u00eda de Hern\u00e1ndez, esposa del expresidente, dijo <a href=\"https:\/\/cnnespanol.cnn.com\/2025\/12\/02\/latinoamerica\/esposa-juan-orlando-hernandez-entrevista-indulto-honduras-orix\">en una entrevista con CNN <\/a>que su esposo enfrenta \u201cmuchos riesgos\u201d si regresa a su pa\u00eds despu\u00e9s de que fue liberado.<\/p>\n<p><em>Noticia en desarrollo\u2026<\/em><\/p>\n<p>The-CNN-Wire<br \/>&trade; &amp; &copy; 2025 Cable News Network, Inc., a Warner Bros. Discovery Company. All rights reserved.<\/p>\n","protected":false},"excerpt":{"rendered":"<p>El fiscal general de Honduras, Johel\u202fZelaya, solicit\u00f3 este lunes a la Agencia T\u00e9cnica de Investigaci\u00f3n Criminal (ATIC) y a organismos internacionales, incluida Interpol, ejecutar una orden de captura internacional contra el expresidente Juan Orlando Hern\u00e1ndez, quien la semana pasada fue indultado por el presidente de Estados Unidos, Donald Trump. \u201cInformo al pueblo hondure\u00f1o que he [&hellip;]<\/p>\n","protected":false},"author":0,"featured_media":0,"comment_status":"open","ping_status":"open","sticky":false,"template":"","format":"standard","meta":{"_jetpack_memberships_contains_paid_content":false,"footnotes":""},"categories":[10],"tags":[],"class_list":["post-1469092","post","type-post","status-publish","format-standard","hentry","category-noticias-nacionales","market-global"],"yoast_head":"<!-- This site is optimized with the Yoast SEO plugin v24.4 - https:\/\/yoast.com\/wordpress\/plugins\/seo\/ -->\n<title>Honduras se dispone a ejecutar orden de captura internacional contra Juan Orlando Hern\u00e1ndez tras indulto de Trump - Noticias<\/title>\n<meta name=\"robots\" content=\"index, follow, max-snippet:-1, max-image-preview:large, max-video-preview:-1\" \/>\n<link rel=\"canonical\" href=\"https:\/\/noticiasya.com\/2025\/12\/08\/honduras-orden-captura-internacional-juan-orlando-hernandez-orix\/\" \/>\n<meta property=\"og:locale\" content=\"es_ES\" \/>\n<meta property=\"og:type\" content=\"article\" \/>\n<meta property=\"og:title\" content=\"Honduras se dispone a ejecutar orden de captura internacional contra Juan Orlando Hern\u00e1ndez tras indulto de Trump - Noticias\" \/>\n<meta property=\"og:description\" content=\"El fiscal general de Honduras, Johel\u202fZelaya, solicit\u00f3 este lunes a la Agencia T\u00e9cnica de Investigaci\u00f3n Criminal (ATIC) y a organismos internacionales, incluida Interpol, ejecutar una orden de captura internacional contra el expresidente Juan Orlando Hern\u00e1ndez, quien la semana pasada fue indultado por el presidente de Estados Unidos, Donald Trump. \u201cInformo al pueblo hondure\u00f1o que he [&hellip;]\" \/>\n<meta property=\"og:url\" content=\"https:\/\/noticiasya.com\/2025\/12\/08\/honduras-orden-captura-internacional-juan-orlando-hernandez-orix\/\" \/>\n<meta property=\"og:site_name\" content=\"Noticias\" \/>\n<meta property=\"article:published_time\" content=\"2025-12-09T01:03:43+00:00\" \/>\n<meta name=\"twitter:card\" content=\"summary_large_image\" \/>\n<meta name=\"twitter:label1\" content=\"Est. reading time\" \/>\n\t<meta name=\"twitter:data1\" content=\"2 minutos\" \/>\n<script type=\"application\/ld+json\" class=\"yoast-schema-graph\">{\"@context\":\"https:\/\/schema.org\",\"@graph\":[{\"@type\":\"Article\",\"@id\":\"https:\/\/noticiasya.com\/2025\/12\/08\/honduras-orden-captura-internacional-juan-orlando-hernandez-orix\/#article\",\"isPartOf\":{\"@id\":\"https:\/\/noticiasya.com\/2025\/12\/08\/honduras-orden-captura-internacional-juan-orlando-hernandez-orix\/\"},\"author\":{\"name\":\"\",\"@id\":\"\"},\"headline\":\"Honduras se dispone a ejecutar orden de captura internacional contra Juan Orlando Hern\u00e1ndez tras indulto de Trump\",\"datePublished\":\"2025-12-09T01:03:43+00:00\",\"mainEntityOfPage\":{\"@id\":\"https:\/\/noticiasya.com\/2025\/12\/08\/honduras-orden-captura-internacional-juan-orlando-hernandez-orix\/\"},\"wordCount\":461,\"commentCount\":0,\"publisher\":{\"@id\":\"https:\/\/noticiasya.com\/#organization\"},\"articleSection\":[\"Noticias Nacionales\"],\"inLanguage\":\"es\",\"potentialAction\":[{\"@type\":\"CommentAction\",\"name\":\"Comment\",\"target\":[\"https:\/\/noticiasya.com\/2025\/12\/08\/honduras-orden-captura-internacional-juan-orlando-hernandez-orix\/#respond\"]}]},{\"@type\":\"WebPage\",\"@id\":\"https:\/\/noticiasya.com\/2025\/12\/08\/honduras-orden-captura-internacional-juan-orlando-hernandez-orix\/\",\"url\":\"https:\/\/noticiasya.com\/2025\/12\/08\/honduras-orden-captura-internacional-juan-orlando-hernandez-orix\/\",\"name\":\"Honduras se dispone a ejecutar orden de captura internacional contra Juan Orlando Hern\u00e1ndez tras indulto de Trump - Noticias\",\"isPartOf\":{\"@id\":\"https:\/\/noticiasya.com\/#website\"},\"datePublished\":\"2025-12-09T01:03:43+00:00\",\"breadcrumb\":{\"@id\":\"https:\/\/noticiasya.com\/2025\/12\/08\/honduras-orden-captura-internacional-juan-orlando-hernandez-orix\/#breadcrumb\"},\"inLanguage\":\"es\",\"potentialAction\":[{\"@type\":\"ReadAction\",\"target\":[\"https:\/\/noticiasya.com\/2025\/12\/08\/honduras-orden-captura-internacional-juan-orlando-hernandez-orix\/\"]}]},{\"@type\":\"BreadcrumbList\",\"@id\":\"https:\/\/noticiasya.com\/2025\/12\/08\/honduras-orden-captura-internacional-juan-orlando-hernandez-orix\/#breadcrumb\",\"itemListElement\":[{\"@type\":\"ListItem\",\"position\":1,\"name\":\"Home\",\"item\":\"https:\/\/noticiasya.com\/\"},{\"@type\":\"ListItem\",\"position\":2,\"name\":\"Honduras se dispone a ejecutar orden de captura internacional contra Juan Orlando Hern\u00e1ndez tras indulto de Trump\"}]},{\"@type\":\"WebSite\",\"@id\":\"https:\/\/noticiasya.com\/#website\",\"url\":\"https:\/\/noticiasya.com\/\",\"name\":\"Noticias\",\"description\":\"Lo que importa\",\"publisher\":{\"@id\":\"https:\/\/noticiasya.com\/#organization\"},\"potentialAction\":[{\"@type\":\"SearchAction\",\"target\":{\"@type\":\"EntryPoint\",\"urlTemplate\":\"https:\/\/noticiasya.com\/?s={search_term_string}\"},\"query-input\":{\"@type\":\"PropertyValueSpecification\",\"valueRequired\":true,\"valueName\":\"search_term_string\"}}],\"inLanguage\":\"es\"},{\"@type\":\"Organization\",\"@id\":\"https:\/\/noticiasya.com\/#organization\",\"name\":\"Noticias\",\"url\":\"https:\/\/noticiasya.com\/\",\"logo\":{\"@type\":\"ImageObject\",\"inLanguage\":\"es\",\"@id\":\"https:\/\/noticiasya.com\/#\/schema\/logo\/image\/\",\"url\":\"https:\/\/noticiasya.com\/wp-content\/uploads\/sites\/22\/2023\/12\/logo-nacional.png\",\"contentUrl\":\"https:\/\/noticiasya.com\/wp-content\/uploads\/sites\/22\/2023\/12\/logo-nacional.png\",\"width\":1801,\"height\":691,\"caption\":\"Noticias\"},\"image\":{\"@id\":\"https:\/\/noticiasya.com\/#\/schema\/logo\/image\/\"}}]}<\/script>\n<!-- \/ Yoast SEO plugin. -->","yoast_head_json":{"title":"Honduras se dispone a ejecutar orden de captura internacional contra Juan Orlando Hern\u00e1ndez tras indulto de Trump - Noticias","robots":{"index":"index","follow":"follow","max-snippet":"max-snippet:-1","max-image-preview":"max-image-preview:large","max-video-preview":"max-video-preview:-1"},"canonical":"https:\/\/noticiasya.com\/2025\/12\/08\/honduras-orden-captura-internacional-juan-orlando-hernandez-orix\/","og_locale":"es_ES","og_type":"article","og_title":"Honduras se dispone a ejecutar orden de captura internacional contra Juan Orlando Hern\u00e1ndez tras indulto de Trump - Noticias","og_description":"El fiscal general de Honduras, Johel\u202fZelaya, solicit\u00f3 este lunes a la Agencia T\u00e9cnica de Investigaci\u00f3n Criminal (ATIC) y a organismos internacionales, incluida Interpol, ejecutar una orden de captura internacional contra el expresidente Juan Orlando Hern\u00e1ndez, quien la semana pasada fue indultado por el presidente de Estados Unidos, Donald Trump. \u201cInformo al pueblo hondure\u00f1o que he [&hellip;]","og_url":"https:\/\/noticiasya.com\/2025\/12\/08\/honduras-orden-captura-internacional-juan-orlando-hernandez-orix\/","og_site_name":"Noticias","article_published_time":"2025-12-09T01:03:43+00:00","twitter_card":"summary_large_image","twitter_misc":{"Est. reading time":"2 minutos"},"schema":{"@context":"https:\/\/schema.org","@graph":[{"@type":"Article","@id":"https:\/\/noticiasya.com\/2025\/12\/08\/honduras-orden-captura-internacional-juan-orlando-hernandez-orix\/#article","isPartOf":{"@id":"https:\/\/noticiasya.com\/2025\/12\/08\/honduras-orden-captura-internacional-juan-orlando-hernandez-orix\/"},"author":{"name":"","@id":""},"headline":"Honduras se dispone a ejecutar orden de captura internacional contra Juan Orlando Hern\u00e1ndez tras indulto de Trump","datePublished":"2025-12-09T01:03:43+00:00","mainEntityOfPage":{"@id":"https:\/\/noticiasya.com\/2025\/12\/08\/honduras-orden-captura-internacional-juan-orlando-hernandez-orix\/"},"wordCount":461,"commentCount":0,"publisher":{"@id":"https:\/\/noticiasya.com\/#organization"},"articleSection":["Noticias Nacionales"],"inLanguage":"es","potentialAction":[{"@type":"CommentAction","name":"Comment","target":["https:\/\/noticiasya.com\/2025\/12\/08\/honduras-orden-captura-internacional-juan-orlando-hernandez-orix\/#respond"]}]},{"@type":"WebPage","@id":"https:\/\/noticiasya.com\/2025\/12\/08\/honduras-orden-captura-internacional-juan-orlando-hernandez-orix\/","url":"https:\/\/noticiasya.com\/2025\/12\/08\/honduras-orden-captura-internacional-juan-orlando-hernandez-orix\/","name":"Honduras se dispone a ejecutar orden de captura internacional contra Juan Orlando Hern\u00e1ndez tras indulto de Trump - Noticias","isPartOf":{"@id":"https:\/\/noticiasya.com\/#website"},"datePublished":"2025-12-09T01:03:43+00:00","breadcrumb":{"@id":"https:\/\/noticiasya.com\/2025\/12\/08\/honduras-orden-captura-internacional-juan-orlando-hernandez-orix\/#breadcrumb"},"inLanguage":"es","potentialAction":[{"@type":"ReadAction","target":["https:\/\/noticiasya.com\/2025\/12\/08\/honduras-orden-captura-internacional-juan-orlando-hernandez-orix\/"]}]},{"@type":"BreadcrumbList","@id":"https:\/\/noticiasya.com\/2025\/12\/08\/honduras-orden-captura-internacional-juan-orlando-hernandez-orix\/#breadcrumb","itemListElement":[{"@type":"ListItem","position":1,"name":"Home","item":"https:\/\/noticiasya.com\/"},{"@type":"ListItem","position":2,"name":"Honduras se dispone a ejecutar orden de captura internacional contra Juan Orlando Hern\u00e1ndez tras indulto de Trump"}]},{"@type":"WebSite","@id":"https:\/\/noticiasya.com\/#website","url":"https:\/\/noticiasya.com\/","name":"Noticias","description":"Lo que importa","publisher":{"@id":"https:\/\/noticiasya.com\/#organization"},"potentialAction":[{"@type":"SearchAction","target":{"@type":"EntryPoint","urlTemplate":"https:\/\/noticiasya.com\/?s={search_term_string}"},"query-input":{"@type":"PropertyValueSpecification","valueRequired":true,"valueName":"search_term_string"}}],"inLanguage":"es"},{"@type":"Organization","@id":"https:\/\/noticiasya.com\/#organization","name":"Noticias","url":"https:\/\/noticiasya.com\/","logo":{"@type":"ImageObject","inLanguage":"es","@id":"https:\/\/noticiasya.com\/#\/schema\/logo\/image\/","url":"https:\/\/noticiasya.com\/wp-content\/uploads\/sites\/22\/2023\/12\/logo-nacional.png","contentUrl":"https:\/\/noticiasya.com\/wp-content\/uploads\/sites\/22\/2023\/12\/logo-nacional.png","width":1801,"height":691,"caption":"Noticias"},"image":{"@id":"https:\/\/noticiasya.com\/#\/schema\/logo\/image\/"}}]}},"parsely":{"version":"1.1.0","canonical_url":"https:\/\/noticiasya.com\/midland-odessa\/2025\/12\/08\/honduras-orden-captura-internacional-juan-orlando-hernandez-orix\/","smart_links":{"inbound":0,"outbound":0},"traffic_boost_suggestions_count":0,"meta":{"@context":"https:\/\/schema.org","@type":"NewsArticle","headline":"Honduras se dispone a ejecutar orden de captura internacional contra Juan Orlando Hern\u00e1ndez tras indulto de Trump","url":"http:\/\/noticiasya.com\/midland-odessa\/2025\/12\/08\/honduras-orden-captura-internacional-juan-orlando-hernandez-orix\/","mainEntityOfPage":{"@type":"WebPage","@id":"http:\/\/noticiasya.com\/midland-odessa\/2025\/12\/08\/honduras-orden-captura-internacional-juan-orlando-hernandez-orix\/"},"thumbnailUrl":"","image":{"@type":"ImageObject","url":""},"articleSection":"Noticias Nacionales","author":[],"creator":[],"publisher":{"@type":"Organization","name":"Noticias","logo":""},"keywords":[],"dateCreated":"2025-12-09T01:03:43Z","datePublished":"2025-12-09T01:03:43Z","dateModified":"2025-12-09T01:03:43Z"},"rendered":"<script type=\"application\/ld+json\" class=\"wp-parsely-metadata\">{\"@context\":\"https:\\\/\\\/schema.org\",\"@type\":\"NewsArticle\",\"headline\":\"Honduras se dispone a ejecutar orden de captura internacional contra Juan Orlando Hern\\u00e1ndez tras indulto de Trump\",\"url\":\"http:\\\/\\\/noticiasya.com\\\/midland-odessa\\\/2025\\\/12\\\/08\\\/honduras-orden-captura-internacional-juan-orlando-hernandez-orix\\\/\",\"mainEntityOfPage\":{\"@type\":\"WebPage\",\"@id\":\"http:\\\/\\\/noticiasya.com\\\/midland-odessa\\\/2025\\\/12\\\/08\\\/honduras-orden-captura-internacional-juan-orlando-hernandez-orix\\\/\"},\"thumbnailUrl\":\"\",\"image\":{\"@type\":\"ImageObject\",\"url\":\"\"},\"articleSection\":\"Noticias Nacionales\",\"author\":[],\"creator\":[],\"publisher\":{\"@type\":\"Organization\",\"name\":\"Noticias\",\"logo\":\"\"},\"keywords\":[],\"dateCreated\":\"2025-12-09T01:03:43Z\",\"datePublished\":\"2025-12-09T01:03:43Z\",\"dateModified\":\"2025-12-09T01:03:43Z\"}<\/script>","tracker_url":"https:\/\/cdn.parsely.com\/keys\/noticiasya.com\/p.js"},"jetpack_featured_media_url":"","jetpack-related-posts":[{"id":1469005,"url":"https:\/\/noticiasya.com\/midland-odessa\/2025\/12\/05\/honduras-juan-orlando-hernandez-orden-captura-orix\/","url_meta":{"origin":1469092,"position":0},"title":"Juan Orlando Hern\u00e1ndez tiene una orden de captura pendiente en Honduras, dice un funcionario","author":"","date":"diciembre 5, 2025","format":false,"excerpt":"Juan Orlando Hern\u00e1ndez, el expresidente de Honduras indultado por Donald Trump, tiene una orden de captura pendiente en su pa\u00eds natal, le dijo a CNN el director de la Unidad Especializada contra Delitos de Corrupci\u00f3n hondure\u00f1a, Luis Santos.Explica este funcionario que Hern\u00e1ndez \u201ctiene un proceso abierto en la Corte Suprema\u2026","rel":"","context":"In &quot;Noticias Nacionales&quot;","block_context":{"text":"Noticias Nacionales","link":"https:\/\/noticiasya.com\/midland-odessa\/categoria\/noticias-nacionales"},"img":{"alt_text":"","src":"","width":0,"height":0},"classes":[]},{"id":1469136,"url":"https:\/\/noticiasya.com\/midland-odessa\/2025\/12\/10\/conteo-demorado-indulto-interferencia-trump-crisis-honduras-orix\/","url_meta":{"origin":1469092,"position":1},"title":"Conteo demorado, suspensiones, indulto e interferencia de Trump: la crisis que mantiene en vilo a Honduras y lo que viene","author":"","date":"diciembre 10, 2025","format":false,"excerpt":"Honduras lleva m\u00e1s de una semana sin conocer a su presidente electo tras las elecciones del 30 de noviembre, mientras la incertidumbre y la desconfianza aumentan entre la poblaci\u00f3n, que se pregunta por qu\u00e9 se retrasa un conteo tan cerrado que todav\u00eda no permite declarar un ganador.En lugar de certezas\u2026","rel":"","context":"In &quot;Noticias Nacionales&quot;","block_context":{"text":"Noticias Nacionales","link":"https:\/\/noticiasya.com\/midland-odessa\/categoria\/noticias-nacionales"},"img":{"alt_text":"","src":"","width":0,"height":0},"classes":[]},{"id":1469305,"url":"https:\/\/noticiasya.com\/midland-odessa\/2025\/12\/16\/honduras-xiomara-castro-juan-orlando-hernandez-denuncia-golpe-orix\/","url_meta":{"origin":1469092,"position":2},"title":"Presidenta de Honduras denuncia que Juan Orlando Hern\u00e1ndez planifica &#171;un golpe&#187; contra su Gobierno; el exmandatario lo niega","author":"","date":"diciembre 16, 2025","format":false,"excerpt":"En medio de la incertidumbre y las protestas en Honduras, tras las elecciones del 30 de noviembre, que a\u00fan no han proclamado a un ganador, la presidenta Xiomara Castro denunci\u00f3 que Juan Orlando Hern\u00e1ndez, el exmandatario indultado por Donald Trump, planea \u201cun golpe\u201d en contra de su Gobierno.\u201cA partir de\u2026","rel":"","context":"In &quot;Noticias Nacionales&quot;","block_context":{"text":"Noticias Nacionales","link":"https:\/\/noticiasya.com\/midland-odessa\/categoria\/noticias-nacionales"},"img":{"alt_text":"","src":"","width":0,"height":0},"classes":[]},{"id":1450711,"url":"https:\/\/noticiasya.com\/midland-odessa\/2024\/06\/26\/juan-orlando-hernandez-expresidente-honduras-aguarda-sentencia-narcotrafico-orix\/","url_meta":{"origin":1469092,"position":3},"title":"El expresidente de Honduras Juan Orlando Hern\u00e1ndez aguarda sentencia por narcotr\u00e1fico. As\u00ed fue el juicio y la acusaci\u00f3n en una corte de EE.UU.","author":"","date":"junio 26, 2024","format":false,"excerpt":"(CNN Espa\u00f1ol) -- Los hondure\u00f1os esperan atentos la condena por narcotr\u00e1fico contra el expresidente Juan Orlando Hern\u00e1ndez en el Tribunal Federal del Distrito Sur de Manhattan este mi\u00e9rcoles, en un hecho pol\u00edtico sin precedentes en la historia del pa\u00eds.Se espera que este mi\u00e9rcoles se conozca cu\u00e1ntos a\u00f1os deber\u00e1 pasar tras\u2026","rel":"","context":"In &quot;Noticias Nacionales&quot;","block_context":{"text":"Noticias Nacionales","link":"https:\/\/noticiasya.com\/midland-odessa\/categoria\/noticias-nacionales"},"img":{"alt_text":"","src":"","width":0,"height":0},"classes":[]},{"id":1444346,"url":"https:\/\/noticiasya.com\/midland-odessa\/2024\/01\/24\/retrasan-juicio-contra-el-expresidente-juan-orlando-hernandez-en-ee-uu-y-comenzara-el-12-de-febrero\/","url_meta":{"origin":1469092,"position":4},"title":"Retrasan juicio contra el expresidente Juan Orlando Hern\u00e1ndez en EE.UU. y comenzar\u00e1 el 12 de febrero","author":"","date":"enero 24, 2024","format":false,"excerpt":"(CNN Espa\u00f1ol) \u2013\u2013 El inicio del juicio en Estados Unidos contra Juan Orlando Hern\u00e1ndez, expresidente de Honduras y acusado de conspiraci\u00f3n para traficar drogas y otros delitos, se pospuso para el pr\u00f3ximo 12 de febrero, dijo a CNN el abogado C\u00e9sar de Castro, asesor legal de Juan Carlos Bonilla Valladares,\u2026","rel":"","context":"In &quot;Noticias Nacionales&quot;","block_context":{"text":"Noticias Nacionales","link":"https:\/\/noticiasya.com\/midland-odessa\/categoria\/noticias-nacionales"},"img":{"alt_text":"","src":"","width":0,"height":0},"classes":[]},{"id":1444828,"url":"https:\/\/noticiasya.com\/midland-odessa\/2024\/02\/03\/primo-del-expresidente-juan-orlando-hernandez-se-declara-culpable-de-narcotrafico-ante-corte-de-ee-uu\/","url_meta":{"origin":1469092,"position":5},"title":"Primo del expresidente Juan Orlando Hern\u00e1ndez se declara culpable de narcotr\u00e1fico ante corte de EE.UU.","author":"","date":"febrero 3, 2024","format":false,"excerpt":"(CNN Espa\u00f1ol) \u2013\u2013 Mauricio Hern\u00e1ndez Pineda, exfuncionario de la Polic\u00eda Nacional de Honduras y primo del expresidente Juan Orlando Hern\u00e1ndez, se declar\u00f3 culpable este viernes de un delito relacionado con narcotr\u00e1fico en una corte federal de Nueva York, seg\u00fan documentos judiciales que revis\u00f3 CNN.El exfuncionario policial formaba parte de un\u2026","rel":"","context":"In &quot;Noticias Nacionales&quot;","block_context":{"text":"Noticias Nacionales","link":"https:\/\/noticiasya.com\/midland-odessa\/categoria\/noticias-nacionales"},"img":{"alt_text":"","src":"","width":0,"height":0},"classes":[]}],"jetpack_sharing_enabled":true,"_links":{"self":[{"href":"https:\/\/noticiasya.com\/midland-odessa\/wp-json\/wp\/v2\/posts\/1469092","targetHints":{"allow":["GET"]}}],"collection":[{"href":"https:\/\/noticiasya.com\/midland-odessa\/wp-json\/wp\/v2\/posts"}],"about":[{"href":"https:\/\/noticiasya.com\/midland-odessa\/wp-json\/wp\/v2\/types\/post"}],"replies":[{"embeddable":true,"href":"https:\/\/noticiasya.com\/midland-odessa\/wp-json\/wp\/v2\/comments?post=1469092"}],"version-history":[{"count":0,"href":"https:\/\/noticiasya.com\/midland-odessa\/wp-json\/wp\/v2\/posts\/1469092\/revisions"}],"wp:attachment":[{"href":"https:\/\/noticiasya.com\/midland-odessa\/wp-json\/wp\/v2\/media?parent=1469092"}],"wp:term":[{"taxonomy":"category","embeddable":true,"href":"https:\/\/noticiasya.com\/midland-odessa\/wp-json\/wp\/v2\/categories?post=1469092"},{"taxonomy":"post_tag","embeddable":true,"href":"https:\/\/noticiasya.com\/midland-odessa\/wp-json\/wp\/v2\/tags?post=1469092"}],"curies":[{"name":"wp","href":"https:\/\/api.w.org\/{rel}","templated":true}]}}