{"id":1469093,"date":"2025-12-08T17:03:43","date_gmt":"2025-12-09T01:03:43","guid":{"rendered":"https:\/\/noticiasya.com\/2025\/12\/08\/investigacion-desacato-vuelos-deportacion-trax\/"},"modified":"2025-12-08T17:03:43","modified_gmt":"2025-12-09T01:03:43","slug":"investigacion-desacato-vuelos-deportacion-trax","status":"publish","type":"post","link":"https:\/\/noticiasya.com\/midland-odessa\/2025\/12\/08\/investigacion-desacato-vuelos-deportacion-trax\/","title":{"rendered":"Juez ampl\u00eda la investigaci\u00f3n por desacato penal en los vuelos de deportaci\u00f3n y dice que Kristi Noem no proporcion\u00f3 respuestas"},"content":{"rendered":"<p>D\u00edas despu\u00e9s de que la secretaria de Seguridad Nacional, Kristi Noem, proporcionara poca informaci\u00f3n sobre sus acciones en un caso de deportaci\u00f3n de alto riesgo, un juez federal ampli\u00f3 el lunes su <a href=\"https:\/\/www.cnn.com\/2025\/11\/19\/politics\/boasberg-contempt-of-court-alien-enemies-act-flights\">investigaci\u00f3n por desacato penal en el asunto<\/a>, ordenando a un alto abogado del Departamento de Justicia que testifique bajo juramento sobre el episodio.<\/p>\n<p>El juez de distrito de EE.UU. James Boasberg <a href=\"https:\/\/chrome-extension:\/\/efaidnbmnnnibpcajpcglclefindmkaj\/https:\/\/storage.courtlistener.com\/recap\/gov.uscourts.dcd.278436\/gov.uscourts.dcd.278436.200.0.pdf\">orden\u00f3<\/a> a Drew Ensign, un alto abogado del Departamento de Justicia (DOJ, por sus siglas en ingl\u00e9s) involucrado en litigios de inmigraci\u00f3n, que testifique la pr\u00f3xima semana sobre las decisiones tomadas por funcionarios del Gobierno a mediados de marzo que resultaron en la deportaci\u00f3n de migrantes a El Salvador bajo la Ley de Enemigos Extranjeros, a pesar de la orden del juez de que los vuelos que transportaban a los migrantes deb\u00edan regresar mientras se resolv\u00eda una impugnaci\u00f3n sobre el uso de la ley por parte de Trump.<\/p>\n<p>Boasberg tambi\u00e9n dijo que quer\u00eda escuchar a Erez Reuveni, un exabogado del Departamento de Justicia que aleg\u00f3 en una denuncia a principios de este a\u00f1o que un ex alto funcionario del Departamento de Justicia dijo a sus colegas en marzo que el Gobierno ten\u00eda <a href=\"https:\/\/www.cnn.com\/2025\/07\/10\/politics\/justice-department-ignore-court-orders-emil-bove-erez-reuveni\">la intenci\u00f3n de ignorar las \u00f3rdenes judiciales<\/a> como parte de la agresiva pol\u00edtica de deportaci\u00f3n del presidente Donald Trump.<\/p>\n<p>El juez dijo que el testimonio en vivo era necesario porque Noem, quien tom\u00f3 la decisi\u00f3n de permitir que los migrantes continuaran siendo transferidos a El Salvador, <a href=\"https:\/\/chrome-extension:\/\/efaidnbmnnnibpcajpcglclefindmkaj\/https:\/\/storage.courtlistener.com\/recap\/gov.uscourts.dcd.278436\/gov.uscourts.dcd.278436.198.1.pdf\">proporcion\u00f3 poca informaci\u00f3n sobre el asunto al tribunal en una declaraci\u00f3n jurada<\/a> la semana pasada.<\/p>\n<p>\u201cComo esta declaraci\u00f3n no proporciona suficiente informaci\u00f3n para que el Tribunal determine si su decisi\u00f3n fue una violaci\u00f3n deliberada de la orden del Tribunal, el Tribunal no puede en esta etapa encontrar causa probable de que sus acciones constituyeron desacato penal\u201d, escribi\u00f3 Boasberg en una breve orden el lunes.<\/p>\n<p>\u201cPor lo tanto, el Tribunal considera necesario escuchar el testimonio de los testigos para comprender mejor las bases de la decisi\u00f3n de transferir a los deportados fuera de la custodia de Estados Unidos\u201d, a\u00f1adi\u00f3 Boasberg, un juez designado por el expresidente Barack Obama.<\/p>\n<p>Ensign estuvo involucrado en los procedimientos judiciales en torno a los vuelos de deportaci\u00f3n el 15 de marzo, y el departamento reconoci\u00f3 previamente que \u00e9l \u201ctransmiti\u00f3 de inmediato\u201d las \u00f3rdenes de Boasberg ese d\u00eda a la direcci\u00f3n del Departamento de Seguridad Nacional (DHS, por sus siglas en ingl\u00e9s) y del DOJ.<\/p>\n<p>Reuveni, por su parte, ha sido durante mucho tiempo de inter\u00e9s para Boasberg, quien dijo en noviembre que la denuncia del exabogado del DOJ era solo una parte de los \u201cdesarrollos significativos\u201d que han ocurrido mientras sus procedimientos por desacato estuvieron en pausa la mayor parte de este a\u00f1o.<\/p>\n<p>Los vuelos que transportaban a los migrantes deportados bajo la amplia autoridad en tiempos de guerra del siglo XVIII continuaron a El Salvador incluso despu\u00e9s de las \u00f3rdenes de Boasberg, y los migrantes fueron retenidos en una notoria mega-prisi\u00f3n durante varios meses antes de ser liberados este verano como parte de un intercambio de prisioneros con Venezuela.<\/p>\n<p>En una decisi\u00f3n trascendental emitida en abril, Boasberg dijo que \u201chay causa probable para encontrar al Gobierno en desacato penal\u201d. Pero antes de que pudiera avanzar para descubrir qui\u00e9n fue responsable de no respetar sus \u00f3rdenes, los procedimientos fueron suspendidos por la Corte de Apelaciones del Circuito de EE.UU. en Washington. El mes pasado, <a href=\"https:\/\/www.cnn.com\/2025\/11\/14\/politics\/appeals-court-declines-probable-cause-order-trump-officials-contempt\">ese tribunal allan\u00f3 el camino para que reanudara su investigaci\u00f3n<\/a>.<\/p>\n<p>\u201cSin duda, tengo la intenci\u00f3n de averiguar qu\u00e9 pas\u00f3 ese d\u00eda\u201d, dijo Boasberg durante una audiencia en noviembre. \u201cEsto ha estado pendiente durante mucho tiempo y creo que la justicia requiere que act\u00fae con prontitud en esto\u201d.<\/p>\n<p>Lee Gelernt, abogado de la Uni\u00f3n Americana de Libertades Civiles que representa a los migrantes en el centro del caso, dijo el lunes que \u201cdada la abrumadora evidencia que ya existe indicando que el Gobierno viol\u00f3 deliberadamente la orden del tribunal, el juez Boasberg ha decidido comprensiblemente buscar el testimonio directo de quienes tienen conocimiento directo\u201d.<\/p>\n<p>\u201cLas apuestas no podr\u00edan ser mayores si altos funcionarios de Estados Unidos decidieron desafiar a un tribunal federal, especialmente cuando la consecuencia fue enviar personas a la tortura en una prisi\u00f3n salvadore\u00f1a horrible sin ning\u00fan debido proceso\u201d, dijo Gelernt en un comunicado.<\/p>\n<p>The-CNN-Wire<br \/>&trade; &amp; &copy; 2025 Cable News Network, Inc., a Warner Bros. Discovery Company. All rights reserved.<\/p>\n","protected":false},"excerpt":{"rendered":"<p>D\u00edas despu\u00e9s de que la secretaria de Seguridad Nacional, Kristi Noem, proporcionara poca informaci\u00f3n sobre sus acciones en un caso de deportaci\u00f3n de alto riesgo, un juez federal ampli\u00f3 el lunes su investigaci\u00f3n por desacato penal en el asunto, ordenando a un alto abogado del Departamento de Justicia que testifique bajo juramento sobre el episodio. [&hellip;]<\/p>\n","protected":false},"author":0,"featured_media":0,"comment_status":"open","ping_status":"open","sticky":false,"template":"","format":"standard","meta":{"_jetpack_memberships_contains_paid_content":false,"footnotes":""},"categories":[10],"tags":[],"class_list":["post-1469093","post","type-post","status-publish","format-standard","hentry","category-noticias-nacionales","market-global"],"yoast_head":"<!-- This site is optimized with the Yoast SEO plugin v24.4 - https:\/\/yoast.com\/wordpress\/plugins\/seo\/ -->\n<title>Juez ampl\u00eda la investigaci\u00f3n por desacato penal en los vuelos de deportaci\u00f3n y dice que Kristi Noem no proporcion\u00f3 respuestas - Noticias<\/title>\n<meta name=\"robots\" content=\"index, follow, max-snippet:-1, max-image-preview:large, max-video-preview:-1\" \/>\n<link rel=\"canonical\" href=\"https:\/\/noticiasya.com\/2025\/12\/08\/investigacion-desacato-vuelos-deportacion-trax\/\" \/>\n<meta property=\"og:locale\" content=\"es_ES\" \/>\n<meta property=\"og:type\" content=\"article\" \/>\n<meta property=\"og:title\" content=\"Juez ampl\u00eda la investigaci\u00f3n por desacato penal en los vuelos de deportaci\u00f3n y dice que Kristi Noem no proporcion\u00f3 respuestas - Noticias\" \/>\n<meta property=\"og:description\" content=\"D\u00edas despu\u00e9s de que la secretaria de Seguridad Nacional, Kristi Noem, proporcionara poca informaci\u00f3n sobre sus acciones en un caso de deportaci\u00f3n de alto riesgo, un juez federal ampli\u00f3 el lunes su investigaci\u00f3n por desacato penal en el asunto, ordenando a un alto abogado del Departamento de Justicia que testifique bajo juramento sobre el episodio. [&hellip;]\" \/>\n<meta property=\"og:url\" content=\"https:\/\/noticiasya.com\/2025\/12\/08\/investigacion-desacato-vuelos-deportacion-trax\/\" \/>\n<meta property=\"og:site_name\" content=\"Noticias\" \/>\n<meta property=\"article:published_time\" content=\"2025-12-09T01:03:43+00:00\" \/>\n<meta name=\"twitter:card\" content=\"summary_large_image\" \/>\n<meta name=\"twitter:label1\" content=\"Est. reading time\" \/>\n\t<meta name=\"twitter:data1\" content=\"4 minutos\" \/>\n<script type=\"application\/ld+json\" class=\"yoast-schema-graph\">{\"@context\":\"https:\/\/schema.org\",\"@graph\":[{\"@type\":\"Article\",\"@id\":\"https:\/\/noticiasya.com\/2025\/12\/08\/investigacion-desacato-vuelos-deportacion-trax\/#article\",\"isPartOf\":{\"@id\":\"https:\/\/noticiasya.com\/2025\/12\/08\/investigacion-desacato-vuelos-deportacion-trax\/\"},\"author\":{\"name\":\"\",\"@id\":\"\"},\"headline\":\"Juez ampl\u00eda la investigaci\u00f3n por desacato penal en los vuelos de deportaci\u00f3n y dice que Kristi Noem no proporcion\u00f3 respuestas\",\"datePublished\":\"2025-12-09T01:03:43+00:00\",\"mainEntityOfPage\":{\"@id\":\"https:\/\/noticiasya.com\/2025\/12\/08\/investigacion-desacato-vuelos-deportacion-trax\/\"},\"wordCount\":791,\"commentCount\":0,\"publisher\":{\"@id\":\"https:\/\/noticiasya.com\/#organization\"},\"articleSection\":[\"Noticias Nacionales\"],\"inLanguage\":\"es\",\"potentialAction\":[{\"@type\":\"CommentAction\",\"name\":\"Comment\",\"target\":[\"https:\/\/noticiasya.com\/2025\/12\/08\/investigacion-desacato-vuelos-deportacion-trax\/#respond\"]}]},{\"@type\":\"WebPage\",\"@id\":\"https:\/\/noticiasya.com\/2025\/12\/08\/investigacion-desacato-vuelos-deportacion-trax\/\",\"url\":\"https:\/\/noticiasya.com\/2025\/12\/08\/investigacion-desacato-vuelos-deportacion-trax\/\",\"name\":\"Juez ampl\u00eda la investigaci\u00f3n por desacato penal en los vuelos de deportaci\u00f3n y dice que Kristi Noem no proporcion\u00f3 respuestas - Noticias\",\"isPartOf\":{\"@id\":\"https:\/\/noticiasya.com\/#website\"},\"datePublished\":\"2025-12-09T01:03:43+00:00\",\"breadcrumb\":{\"@id\":\"https:\/\/noticiasya.com\/2025\/12\/08\/investigacion-desacato-vuelos-deportacion-trax\/#breadcrumb\"},\"inLanguage\":\"es\",\"potentialAction\":[{\"@type\":\"ReadAction\",\"target\":[\"https:\/\/noticiasya.com\/2025\/12\/08\/investigacion-desacato-vuelos-deportacion-trax\/\"]}]},{\"@type\":\"BreadcrumbList\",\"@id\":\"https:\/\/noticiasya.com\/2025\/12\/08\/investigacion-desacato-vuelos-deportacion-trax\/#breadcrumb\",\"itemListElement\":[{\"@type\":\"ListItem\",\"position\":1,\"name\":\"Home\",\"item\":\"https:\/\/noticiasya.com\/\"},{\"@type\":\"ListItem\",\"position\":2,\"name\":\"Juez ampl\u00eda la investigaci\u00f3n por desacato penal en los vuelos de deportaci\u00f3n y dice que Kristi Noem no proporcion\u00f3 respuestas\"}]},{\"@type\":\"WebSite\",\"@id\":\"https:\/\/noticiasya.com\/#website\",\"url\":\"https:\/\/noticiasya.com\/\",\"name\":\"Noticias\",\"description\":\"Lo que importa\",\"publisher\":{\"@id\":\"https:\/\/noticiasya.com\/#organization\"},\"potentialAction\":[{\"@type\":\"SearchAction\",\"target\":{\"@type\":\"EntryPoint\",\"urlTemplate\":\"https:\/\/noticiasya.com\/?s={search_term_string}\"},\"query-input\":{\"@type\":\"PropertyValueSpecification\",\"valueRequired\":true,\"valueName\":\"search_term_string\"}}],\"inLanguage\":\"es\"},{\"@type\":\"Organization\",\"@id\":\"https:\/\/noticiasya.com\/#organization\",\"name\":\"Noticias\",\"url\":\"https:\/\/noticiasya.com\/\",\"logo\":{\"@type\":\"ImageObject\",\"inLanguage\":\"es\",\"@id\":\"https:\/\/noticiasya.com\/#\/schema\/logo\/image\/\",\"url\":\"https:\/\/noticiasya.com\/wp-content\/uploads\/sites\/22\/2023\/12\/logo-nacional.png\",\"contentUrl\":\"https:\/\/noticiasya.com\/wp-content\/uploads\/sites\/22\/2023\/12\/logo-nacional.png\",\"width\":1801,\"height\":691,\"caption\":\"Noticias\"},\"image\":{\"@id\":\"https:\/\/noticiasya.com\/#\/schema\/logo\/image\/\"}}]}<\/script>\n<!-- \/ Yoast SEO plugin. -->","yoast_head_json":{"title":"Juez ampl\u00eda la investigaci\u00f3n por desacato penal en los vuelos de deportaci\u00f3n y dice que Kristi Noem no proporcion\u00f3 respuestas - Noticias","robots":{"index":"index","follow":"follow","max-snippet":"max-snippet:-1","max-image-preview":"max-image-preview:large","max-video-preview":"max-video-preview:-1"},"canonical":"https:\/\/noticiasya.com\/2025\/12\/08\/investigacion-desacato-vuelos-deportacion-trax\/","og_locale":"es_ES","og_type":"article","og_title":"Juez ampl\u00eda la investigaci\u00f3n por desacato penal en los vuelos de deportaci\u00f3n y dice que Kristi Noem no proporcion\u00f3 respuestas - Noticias","og_description":"D\u00edas despu\u00e9s de que la secretaria de Seguridad Nacional, Kristi Noem, proporcionara poca informaci\u00f3n sobre sus acciones en un caso de deportaci\u00f3n de alto riesgo, un juez federal ampli\u00f3 el lunes su investigaci\u00f3n por desacato penal en el asunto, ordenando a un alto abogado del Departamento de Justicia que testifique bajo juramento sobre el episodio. [&hellip;]","og_url":"https:\/\/noticiasya.com\/2025\/12\/08\/investigacion-desacato-vuelos-deportacion-trax\/","og_site_name":"Noticias","article_published_time":"2025-12-09T01:03:43+00:00","twitter_card":"summary_large_image","twitter_misc":{"Est. reading time":"4 minutos"},"schema":{"@context":"https:\/\/schema.org","@graph":[{"@type":"Article","@id":"https:\/\/noticiasya.com\/2025\/12\/08\/investigacion-desacato-vuelos-deportacion-trax\/#article","isPartOf":{"@id":"https:\/\/noticiasya.com\/2025\/12\/08\/investigacion-desacato-vuelos-deportacion-trax\/"},"author":{"name":"","@id":""},"headline":"Juez ampl\u00eda la investigaci\u00f3n por desacato penal en los vuelos de deportaci\u00f3n y dice que Kristi Noem no proporcion\u00f3 respuestas","datePublished":"2025-12-09T01:03:43+00:00","mainEntityOfPage":{"@id":"https:\/\/noticiasya.com\/2025\/12\/08\/investigacion-desacato-vuelos-deportacion-trax\/"},"wordCount":791,"commentCount":0,"publisher":{"@id":"https:\/\/noticiasya.com\/#organization"},"articleSection":["Noticias Nacionales"],"inLanguage":"es","potentialAction":[{"@type":"CommentAction","name":"Comment","target":["https:\/\/noticiasya.com\/2025\/12\/08\/investigacion-desacato-vuelos-deportacion-trax\/#respond"]}]},{"@type":"WebPage","@id":"https:\/\/noticiasya.com\/2025\/12\/08\/investigacion-desacato-vuelos-deportacion-trax\/","url":"https:\/\/noticiasya.com\/2025\/12\/08\/investigacion-desacato-vuelos-deportacion-trax\/","name":"Juez ampl\u00eda la investigaci\u00f3n por desacato penal en los vuelos de deportaci\u00f3n y dice que Kristi Noem no proporcion\u00f3 respuestas - Noticias","isPartOf":{"@id":"https:\/\/noticiasya.com\/#website"},"datePublished":"2025-12-09T01:03:43+00:00","breadcrumb":{"@id":"https:\/\/noticiasya.com\/2025\/12\/08\/investigacion-desacato-vuelos-deportacion-trax\/#breadcrumb"},"inLanguage":"es","potentialAction":[{"@type":"ReadAction","target":["https:\/\/noticiasya.com\/2025\/12\/08\/investigacion-desacato-vuelos-deportacion-trax\/"]}]},{"@type":"BreadcrumbList","@id":"https:\/\/noticiasya.com\/2025\/12\/08\/investigacion-desacato-vuelos-deportacion-trax\/#breadcrumb","itemListElement":[{"@type":"ListItem","position":1,"name":"Home","item":"https:\/\/noticiasya.com\/"},{"@type":"ListItem","position":2,"name":"Juez ampl\u00eda la investigaci\u00f3n por desacato penal en los vuelos de deportaci\u00f3n y dice que Kristi Noem no proporcion\u00f3 respuestas"}]},{"@type":"WebSite","@id":"https:\/\/noticiasya.com\/#website","url":"https:\/\/noticiasya.com\/","name":"Noticias","description":"Lo que importa","publisher":{"@id":"https:\/\/noticiasya.com\/#organization"},"potentialAction":[{"@type":"SearchAction","target":{"@type":"EntryPoint","urlTemplate":"https:\/\/noticiasya.com\/?s={search_term_string}"},"query-input":{"@type":"PropertyValueSpecification","valueRequired":true,"valueName":"search_term_string"}}],"inLanguage":"es"},{"@type":"Organization","@id":"https:\/\/noticiasya.com\/#organization","name":"Noticias","url":"https:\/\/noticiasya.com\/","logo":{"@type":"ImageObject","inLanguage":"es","@id":"https:\/\/noticiasya.com\/#\/schema\/logo\/image\/","url":"https:\/\/noticiasya.com\/wp-content\/uploads\/sites\/22\/2023\/12\/logo-nacional.png","contentUrl":"https:\/\/noticiasya.com\/wp-content\/uploads\/sites\/22\/2023\/12\/logo-nacional.png","width":1801,"height":691,"caption":"Noticias"},"image":{"@id":"https:\/\/noticiasya.com\/#\/schema\/logo\/image\/"}}]}},"parsely":{"version":"1.1.0","canonical_url":"https:\/\/noticiasya.com\/midland-odessa\/2025\/12\/08\/investigacion-desacato-vuelos-deportacion-trax\/","smart_links":{"inbound":0,"outbound":0},"traffic_boost_suggestions_count":0,"meta":{"@context":"https:\/\/schema.org","@type":"NewsArticle","headline":"Juez ampl\u00eda la investigaci\u00f3n por desacato penal en los vuelos de deportaci\u00f3n y dice que Kristi Noem no proporcion\u00f3 respuestas","url":"http:\/\/noticiasya.com\/midland-odessa\/2025\/12\/08\/investigacion-desacato-vuelos-deportacion-trax\/","mainEntityOfPage":{"@type":"WebPage","@id":"http:\/\/noticiasya.com\/midland-odessa\/2025\/12\/08\/investigacion-desacato-vuelos-deportacion-trax\/"},"thumbnailUrl":"","image":{"@type":"ImageObject","url":""},"articleSection":"Noticias Nacionales","author":[],"creator":[],"publisher":{"@type":"Organization","name":"Noticias","logo":""},"keywords":[],"dateCreated":"2025-12-09T01:03:43Z","datePublished":"2025-12-09T01:03:43Z","dateModified":"2025-12-09T01:03:43Z"},"rendered":"<script type=\"application\/ld+json\" class=\"wp-parsely-metadata\">{\"@context\":\"https:\\\/\\\/schema.org\",\"@type\":\"NewsArticle\",\"headline\":\"Juez ampl\\u00eda la investigaci\\u00f3n por desacato penal en los vuelos de deportaci\\u00f3n y dice que Kristi Noem no proporcion\\u00f3 respuestas\",\"url\":\"http:\\\/\\\/noticiasya.com\\\/midland-odessa\\\/2025\\\/12\\\/08\\\/investigacion-desacato-vuelos-deportacion-trax\\\/\",\"mainEntityOfPage\":{\"@type\":\"WebPage\",\"@id\":\"http:\\\/\\\/noticiasya.com\\\/midland-odessa\\\/2025\\\/12\\\/08\\\/investigacion-desacato-vuelos-deportacion-trax\\\/\"},\"thumbnailUrl\":\"\",\"image\":{\"@type\":\"ImageObject\",\"url\":\"\"},\"articleSection\":\"Noticias Nacionales\",\"author\":[],\"creator\":[],\"publisher\":{\"@type\":\"Organization\",\"name\":\"Noticias\",\"logo\":\"\"},\"keywords\":[],\"dateCreated\":\"2025-12-09T01:03:43Z\",\"datePublished\":\"2025-12-09T01:03:43Z\",\"dateModified\":\"2025-12-09T01:03:43Z\"}<\/script>","tracker_url":"https:\/\/cdn.parsely.com\/keys\/noticiasya.com\/p.js"},"jetpack_featured_media_url":"","jetpack-related-posts":[{"id":1468708,"url":"https:\/\/noticiasya.com\/midland-odessa\/2025\/11\/26\/gobierno-kristi-noem-vuelos-deportacion-el-salvador-trax\/","url_meta":{"origin":1469093,"position":0},"title":"Gobierno reconoce que Kristi Noem decidi\u00f3 continuar con los vuelos de deportaci\u00f3n a El Salvador a pesar de la orden del juez","author":"","date":"noviembre 26, 2025","format":false,"excerpt":"El Departamento de Justicia admiti\u00f3 en una nueva presentaci\u00f3n judicial este martes que la secretaria de Seguridad Nacional, Kristi Noem, tom\u00f3 la decisi\u00f3n de continuar con los vuelos de deportaci\u00f3n que transportaban inmigrantes a una mega prisi\u00f3n en El Salvador, a pesar de la orden de un juez federal de\u2026","rel":"","context":"In &quot;Noticias Nacionales&quot;","block_context":{"text":"Noticias Nacionales","link":"https:\/\/noticiasya.com\/midland-odessa\/categoria\/noticias-nacionales"},"img":{"alt_text":"","src":"","width":0,"height":0},"classes":[]},{"id":1468518,"url":"https:\/\/noticiasya.com\/midland-odessa\/2025\/11\/19\/juez-boasberg-investigacion-funcionarios-vuelos-deportacion-trax\/","url_meta":{"origin":1469093,"position":1},"title":"El juez Boasberg reanudar\u00e1 la investigaci\u00f3n por desacato penal contra funcionarios de Trump ligados a vuelos de deportaci\u00f3n","author":"","date":"noviembre 19, 2025","format":false,"excerpt":"Un juez federal dijo este mi\u00e9rcoles que planea avanzar \u201ccon prontitud\u201d con el esfuerzo para determinar qu\u00e9 funcionarios del Gobierno de Trump incumplieron sus \u00f3rdenes en un caso migratorio de alto impacto, y si enfrentar\u00e1n sanciones por sus acciones.Los comentarios del juez de distrito James Boasberg, presidente del tribunal federal\u2026","rel":"","context":"In &quot;Noticias Nacionales&quot;","block_context":{"text":"Noticias Nacionales","link":"https:\/\/noticiasya.com\/midland-odessa\/categoria\/noticias-nacionales"},"img":{"alt_text":"","src":"","width":0,"height":0},"classes":[]},{"id":1461286,"url":"https:\/\/noticiasya.com\/midland-odessa\/2025\/04\/16\/juez-causa-probable-trump-desacato-vuelos-deportacion-trax\/","url_meta":{"origin":1469093,"position":2},"title":"Juez halla &#171;causa probable&#187; para considerar al Gobierno de Trump en desacato por violar \u00f3rdenes de vuelos de deportaci\u00f3n","author":"","date":"abril 16, 2025","format":false,"excerpt":"El juez del distrito de EE.UU. James Boasberg dict\u00f3 este mi\u00e9rcoles que \u201cexiste causa probable\u201d para mantener a los funcionarios del Gobierno de Trump en desacato penal por violar sus \u00f3rdenes a mediados de marzo, deteniendo el uso de la Ley de Enemigos Extranjeros para deportar a presuntos miembros de\u2026","rel":"","context":"In &quot;Noticias Nacionales&quot;","block_context":{"text":"Noticias Nacionales","link":"https:\/\/noticiasya.com\/midland-odessa\/categoria\/noticias-nacionales"},"img":{"alt_text":"","src":"","width":0,"height":0},"classes":[]},{"id":1464764,"url":"https:\/\/noticiasya.com\/midland-odessa\/2025\/07\/22\/abogados-solicitante-asilo-venezolano-deportado-procedimientos-desacato-penal-trax\/","url_meta":{"origin":1469093,"position":3},"title":"Abogados de &#171;Cristian&#187;, venezolano solicitante de asilo deportado por error, iniciar\u00e1n procedimientos por desacato penal","author":"","date":"julio 22, 2025","format":false,"excerpt":"Abogados de un solicitante de asilo venezolano de 20 a\u00f1os que fue deportado por error a principios de este a\u00f1o pedir\u00e1n en los pr\u00f3ximos d\u00edas a una jueza federal que considere abrir procedimientos por desacato penal contra el Gobierno de Trump por \u201cviolaciones graves\u201d de sus \u00f3rdenes.Los posibles procedimientos abrir\u00edan\u2026","rel":"","context":"In &quot;Noticias Nacionales&quot;","block_context":{"text":"Noticias Nacionales","link":"https:\/\/noticiasya.com\/midland-odessa\/categoria\/noticias-nacionales"},"img":{"alt_text":"","src":"","width":0,"height":0},"classes":[]},{"id":1460099,"url":"https:\/\/noticiasya.com\/midland-odessa\/2025\/03\/18\/departamento-justicia-vuelos-deportaciones-ley-enemigos-extranjeros-trax\/","url_meta":{"origin":1469093,"position":4},"title":"Juez da al Departamento de Justicia otro plazo para dar detalles sobre vuelos de deportaci\u00f3n bajo Ley de Enemigos Extranjeros","author":"","date":"marzo 18, 2025","format":false,"excerpt":"Un juez federal est\u00e1 dando al Departamento de Justicia hasta el mi\u00e9rcoles al mediod\u00eda para proporcionarle, bajo secreto, m\u00e1s informaci\u00f3n sobre las deportaciones que el Gobierno de Donald Trump llev\u00f3 a cabo en virtud del uso por parte del presidente de la Ley de Enemigos Extranjeros.La demanda del juez del\u2026","rel":"","context":"In &quot;Noticias Nacionales&quot;","block_context":{"text":"Noticias Nacionales","link":"https:\/\/noticiasya.com\/midland-odessa\/categoria\/noticias-nacionales"},"img":{"alt_text":"","src":"","width":0,"height":0},"classes":[]},{"id":1461374,"url":"https:\/\/noticiasya.com\/midland-odessa\/2025\/04\/18\/tribunal-apelaciones-pausa-planes-desacato-vuelos-de-deportacion-trax\/","url_meta":{"origin":1469093,"position":5},"title":"Tribunal de apelaciones pausa planes del juez Boasberg de acusar de desacato al Gobierno de Trump por vuelos de deportaci\u00f3n","author":"","date":"abril 18, 2025","format":false,"excerpt":"Un tribunal federal de apelaciones, en una decisi\u00f3n de 2-1, puso una pausa en los planes de un juez en Washington para avanzar con procedimientos de desacato contra el Gobierno de Trump por supuestamente desafiar sus \u00f3rdenes en una disputa de deportaci\u00f3n de alto riesgo.Con la suspensi\u00f3n que el tribunal\u2026","rel":"","context":"In &quot;Noticias Nacionales&quot;","block_context":{"text":"Noticias Nacionales","link":"https:\/\/noticiasya.com\/midland-odessa\/categoria\/noticias-nacionales"},"img":{"alt_text":"","src":"","width":0,"height":0},"classes":[]}],"jetpack_sharing_enabled":true,"_links":{"self":[{"href":"https:\/\/noticiasya.com\/midland-odessa\/wp-json\/wp\/v2\/posts\/1469093","targetHints":{"allow":["GET"]}}],"collection":[{"href":"https:\/\/noticiasya.com\/midland-odessa\/wp-json\/wp\/v2\/posts"}],"about":[{"href":"https:\/\/noticiasya.com\/midland-odessa\/wp-json\/wp\/v2\/types\/post"}],"replies":[{"embeddable":true,"href":"https:\/\/noticiasya.com\/midland-odessa\/wp-json\/wp\/v2\/comments?post=1469093"}],"version-history":[{"count":0,"href":"https:\/\/noticiasya.com\/midland-odessa\/wp-json\/wp\/v2\/posts\/1469093\/revisions"}],"wp:attachment":[{"href":"https:\/\/noticiasya.com\/midland-odessa\/wp-json\/wp\/v2\/media?parent=1469093"}],"wp:term":[{"taxonomy":"category","embeddable":true,"href":"https:\/\/noticiasya.com\/midland-odessa\/wp-json\/wp\/v2\/categories?post=1469093"},{"taxonomy":"post_tag","embeddable":true,"href":"https:\/\/noticiasya.com\/midland-odessa\/wp-json\/wp\/v2\/tags?post=1469093"}],"curies":[{"name":"wp","href":"https:\/\/api.w.org\/{rel}","templated":true}]}}