{"id":1469094,"date":"2025-12-08T18:03:52","date_gmt":"2025-12-09T02:03:52","guid":{"rendered":"https:\/\/noticiasya.com\/2025\/12\/08\/real-madrid-crisis-xabi-alonso-orix\/"},"modified":"2025-12-08T18:03:52","modified_gmt":"2025-12-09T02:03:52","slug":"real-madrid-crisis-xabi-alonso-orix","status":"publish","type":"post","link":"https:\/\/noticiasya.com\/midland-odessa\/2025\/12\/08\/real-madrid-crisis-xabi-alonso-orix\/","title":{"rendered":"El Real Madrid, del cielo al infierno en 40 d\u00edas: \u00bfle encontrar\u00e1 la vuelta un Xabi Alonso en la cornisa?"},"content":{"rendered":"<p>Cuando el Real Madrid venci\u00f3 al Barcelona el 26 de octubre, no eran pocos los que aventuraban que el Merengue estaba listo para una temporada de ensue\u00f1o, tanto en Espa\u00f1a como en Europa. Sin embargo, poco m\u00e1s de 40 d\u00edas despu\u00e9s, los madridistas parecen a la deriva, indefensos ante un embate de olas resultadistas que amenazan con dar vuelta el barco y sumergir la temporada en un verdadero naufragio.<\/p>\n<p>Aquel triunfo por 2 a 1 en el Santiago Bernab\u00e9u dej\u00f3 a los blancos en la cima de LaLiga con cinco puntos de diferencia por sobre los cul\u00e9s, pero hoy, seis jornadas despu\u00e9s, son los blaugranas los que miran a todos desde arriba, y con cuatro unidades de ventaja. De hecho, el Madrid est\u00e1 m\u00e1s cerca de perder el segundo lugar (Villarreal est\u00e1 tercero con un punto menos) que de volver a liderar el campeonato espa\u00f1ol.<\/p>\n<p>Es cierto que el Real Madrid tuvo, despu\u00e9s de las victorias en fila ante el Ba\u00adrcelona y el Valencia, una seguidilla interminable de visitante.<\/p>\n<p>La gira comenz\u00f3 con una dolorosa derrota en Anfield ante un Liverpool que, en plena crisis, lo pase\u00f3 en todos los rincones del campo de juego. El resultado fue escueto, 1-0, pero el da\u00f1o fue grande: de all\u00ed en m\u00e1s, el Merengue parece haberse sumido en un desierto futbol\u00edstico, y en cada partido que pasa, el pozo parece m\u00e1s profundo. No hay f\u00fatbol, no hay presi\u00f3n al rival, no hay individualidades destacadas, no hay juego asociado, no hay sorpresa en ataque. Cuando nada de eso sale bien, lo que quedan son dudas. Muchas. En el campo de juego y del otro lado de la l\u00ednea de cal.<\/p>\n<p>Le siguieron tres costos\u00edsimos empates a domicilio en LaLiga contra el Rayo Vallecano, el Elche y el Girona, incluso algunos donde mereci\u00f3 irse sin nada. El triunfo de comienzos de diciembre en casa del Athletic de Bilbao parec\u00eda prometer un renacimiento repentino, pero todo se fue por la borda el pasado domingo, cuando perdi\u00f3 en el mism\u00edsimo Bernab\u00e9u ante un Celta de Vigo que ya estaba mirando con preocupaci\u00f3n la zona de descenso.<\/p>\n<p>Pero lo peor no fue el resultado. Se vio a un Madrid con urgencias y sin soluciones. Los de Vigo le discutieron la pelota y se animaron a hacerle da\u00f1o. Como se dice en el f\u00fatbol: olieron sangre y fueron a por todo.<\/p>\n<p>Para colmo, la imagen que termin\u00f3 dando el Madrid fue de una impotencia absoluta en el campo y en el banco: Fran Garc\u00eda vio dos amarillas en un minuto, despertando el enojo de Xabi Alonso, y, ya en el descuento, cuando el equipo buscaba como pod\u00eda la igualdad, Carreras tambi\u00e9n se fue expulsado por dos amonestaciones con segundos de diferencia. La roja directa que vio Endrick sin siquiera haber pisado el campo m\u00e1s que para hacer el calentamiento termin\u00f3 por pintar un cuadro de descontrol absoluto.<\/p>\n<p>Poco queda de aquel Madrid de los primeros meses. Ese conjunto blanco que mord\u00eda en todos los sectores del campo, ansioso por recuperar el bal\u00f3n y que sumaba gente en ataque para hacer da\u00f1o. Por el contrario, se ha vuelto equipo ap\u00e1tico, sin ideas colectivas y con rendimiento individuales muy bajos.<\/p>\n<p>Ninguno de los jugadores est\u00e1 en su punto m\u00e1ximo de rendimiento y cuesta encontrar alguno que destaque. Es m\u00e1s, da la sensaci\u00f3n de que el goleador Kylian Mbapp\u00e9 tambi\u00e9n se prende y se apaga con una facilidad alarmante<strong> <\/strong>en cada partido. Los jugadores que se supone deben desequilibrar no aparecen. Ni Vin\u00edcius Jr., ni Bellingham, ni Valverde, ni G\u00fcler. Eso lo vuelve un elenco predecible.<\/p>\n<p>A eso se suman los reportes (no verificados, por cierto) de algunos medios deportivos espa\u00f1oles, que hablan de algunos desacuerdos entre ciertos referentes del plantel y el entrenador. Se rumorean varios, pero ninguno qued\u00f3 tan claro como el de Vin\u00edcius, quien protagoniz\u00f3 un enojo sorpresivo al ser reemplazado en el cl\u00e1sico victorioso ante el FC Barcelona. El brasile\u00f1o se fue visiblemente molesto con la decisi\u00f3n del entrenador de sacarlo del campo de juego y, al momento de pedir disculpas por su berrinche, no mencion\u00f3 a Xabi Alonso: \u201cquiero pedir disculpas nuevamente a mis compa\u00f1eros, club y presidente\u201d, fueron sus palabras en redes sociales.<\/p>\n<p>El futuro del entrenador cambia seg\u00fan a qui\u00e9n se le pregunte. Algunos dicen que est\u00e1 en la cuerda floja y que una derrota contra el Manchester City por la Champions League esta semana podr\u00eda catapultar decisiones, agregando que ya est\u00e1n los nombres de Zinedine Zidane (un hombre \u201cde la casa\u201d) y J\u00fcrgen Klopp, el exitoso exentrenador del Liverpool.<\/p>\n<p>Otros, por el contrario, no ven una salida anticipada del estratega espa\u00f1ol, especialmente si se tiene en cuenta que apenas comenz\u00f3 su ciclo al frente del primer equipo hace poco m\u00e1s de seis meses. Adem\u00e1s, puede que Xabi no tenga las tres Orejonas en la vitrina que s\u00ed tiene Zidane como DT, pero tambi\u00e9n es historia pura del Merengue: 236 partidos jugados, seis goles, 31 asistencias y seis t\u00edtulos.<\/p>\n<p>Quiz\u00e1s, despu\u00e9s de todo, Xabi est\u00e9 pagando no solo estos seis meses, sino el fracaso de la \u00faltima temporada, que bajo el mando de Carlo Ancelotti termin\u00f3 sin ning\u00fan t\u00edtulo importante. En un club ganador como el Real Madrid, todo lo que no sea salir campe\u00f3n es mirado de reojo, y este plantel ya lleva un a\u00f1o y seis meses sin un rumbo claro.<\/p>\n<p>Este mi\u00e9rcoles ante el Manchester City tendr\u00e1 una oportunidad excelente de redimirse y enderezar una temporada que comenz\u00f3 siendo un viaje id\u00edlico y que ahora atraviesa su peor tormenta.<\/p>\n<p>The-CNN-Wire<br \/>&trade; &amp; &copy; 2025 Cable News Network, Inc., a Warner Bros. Discovery Company. All rights reserved.<\/p>\n","protected":false},"excerpt":{"rendered":"<p>Cuando el Real Madrid venci\u00f3 al Barcelona el 26 de octubre, no eran pocos los que aventuraban que el Merengue estaba listo para una temporada de ensue\u00f1o, tanto en Espa\u00f1a como en Europa. Sin embargo, poco m\u00e1s de 40 d\u00edas despu\u00e9s, los madridistas parecen a la deriva, indefensos ante un embate de olas resultadistas que [&hellip;]<\/p>\n","protected":false},"author":0,"featured_media":0,"comment_status":"open","ping_status":"open","sticky":false,"template":"","format":"standard","meta":{"_jetpack_memberships_contains_paid_content":false,"footnotes":""},"categories":[10],"tags":[],"class_list":["post-1469094","post","type-post","status-publish","format-standard","hentry","category-noticias-nacionales","market-global"],"yoast_head":"<!-- This site is optimized with the Yoast SEO plugin v24.4 - https:\/\/yoast.com\/wordpress\/plugins\/seo\/ -->\n<title>El Real Madrid, del cielo al infierno en 40 d\u00edas: \u00bfle encontrar\u00e1 la vuelta un Xabi Alonso en la cornisa? - Noticias<\/title>\n<meta name=\"robots\" content=\"index, follow, max-snippet:-1, max-image-preview:large, max-video-preview:-1\" \/>\n<link rel=\"canonical\" href=\"https:\/\/noticiasya.com\/2025\/12\/08\/real-madrid-crisis-xabi-alonso-orix\/\" \/>\n<meta property=\"og:locale\" content=\"es_ES\" \/>\n<meta property=\"og:type\" content=\"article\" \/>\n<meta property=\"og:title\" content=\"El Real Madrid, del cielo al infierno en 40 d\u00edas: \u00bfle encontrar\u00e1 la vuelta un Xabi Alonso en la cornisa? - Noticias\" \/>\n<meta property=\"og:description\" content=\"Cuando el Real Madrid venci\u00f3 al Barcelona el 26 de octubre, no eran pocos los que aventuraban que el Merengue estaba listo para una temporada de ensue\u00f1o, tanto en Espa\u00f1a como en Europa. Sin embargo, poco m\u00e1s de 40 d\u00edas despu\u00e9s, los madridistas parecen a la deriva, indefensos ante un embate de olas resultadistas que [&hellip;]\" \/>\n<meta property=\"og:url\" content=\"https:\/\/noticiasya.com\/2025\/12\/08\/real-madrid-crisis-xabi-alonso-orix\/\" \/>\n<meta property=\"og:site_name\" content=\"Noticias\" \/>\n<meta property=\"article:published_time\" content=\"2025-12-09T02:03:52+00:00\" \/>\n<meta name=\"twitter:card\" content=\"summary_large_image\" \/>\n<meta name=\"twitter:label1\" content=\"Est. reading time\" \/>\n\t<meta name=\"twitter:data1\" content=\"5 minutos\" \/>\n<script type=\"application\/ld+json\" class=\"yoast-schema-graph\">{\"@context\":\"https:\/\/schema.org\",\"@graph\":[{\"@type\":\"Article\",\"@id\":\"https:\/\/noticiasya.com\/2025\/12\/08\/real-madrid-crisis-xabi-alonso-orix\/#article\",\"isPartOf\":{\"@id\":\"https:\/\/noticiasya.com\/2025\/12\/08\/real-madrid-crisis-xabi-alonso-orix\/\"},\"author\":{\"name\":\"\",\"@id\":\"\"},\"headline\":\"El Real Madrid, del cielo al infierno en 40 d\u00edas: \u00bfle encontrar\u00e1 la vuelta un Xabi Alonso en la cornisa?\",\"datePublished\":\"2025-12-09T02:03:52+00:00\",\"mainEntityOfPage\":{\"@id\":\"https:\/\/noticiasya.com\/2025\/12\/08\/real-madrid-crisis-xabi-alonso-orix\/\"},\"wordCount\":1011,\"commentCount\":0,\"publisher\":{\"@id\":\"https:\/\/noticiasya.com\/#organization\"},\"articleSection\":[\"Noticias Nacionales\"],\"inLanguage\":\"es\",\"potentialAction\":[{\"@type\":\"CommentAction\",\"name\":\"Comment\",\"target\":[\"https:\/\/noticiasya.com\/2025\/12\/08\/real-madrid-crisis-xabi-alonso-orix\/#respond\"]}]},{\"@type\":\"WebPage\",\"@id\":\"https:\/\/noticiasya.com\/2025\/12\/08\/real-madrid-crisis-xabi-alonso-orix\/\",\"url\":\"https:\/\/noticiasya.com\/2025\/12\/08\/real-madrid-crisis-xabi-alonso-orix\/\",\"name\":\"El Real Madrid, del cielo al infierno en 40 d\u00edas: \u00bfle encontrar\u00e1 la vuelta un Xabi Alonso en la cornisa? - Noticias\",\"isPartOf\":{\"@id\":\"https:\/\/noticiasya.com\/#website\"},\"datePublished\":\"2025-12-09T02:03:52+00:00\",\"breadcrumb\":{\"@id\":\"https:\/\/noticiasya.com\/2025\/12\/08\/real-madrid-crisis-xabi-alonso-orix\/#breadcrumb\"},\"inLanguage\":\"es\",\"potentialAction\":[{\"@type\":\"ReadAction\",\"target\":[\"https:\/\/noticiasya.com\/2025\/12\/08\/real-madrid-crisis-xabi-alonso-orix\/\"]}]},{\"@type\":\"BreadcrumbList\",\"@id\":\"https:\/\/noticiasya.com\/2025\/12\/08\/real-madrid-crisis-xabi-alonso-orix\/#breadcrumb\",\"itemListElement\":[{\"@type\":\"ListItem\",\"position\":1,\"name\":\"Home\",\"item\":\"https:\/\/noticiasya.com\/\"},{\"@type\":\"ListItem\",\"position\":2,\"name\":\"El Real Madrid, del cielo al infierno en 40 d\u00edas: \u00bfle encontrar\u00e1 la vuelta un Xabi Alonso en la cornisa?\"}]},{\"@type\":\"WebSite\",\"@id\":\"https:\/\/noticiasya.com\/#website\",\"url\":\"https:\/\/noticiasya.com\/\",\"name\":\"Noticias\",\"description\":\"Lo que importa\",\"publisher\":{\"@id\":\"https:\/\/noticiasya.com\/#organization\"},\"potentialAction\":[{\"@type\":\"SearchAction\",\"target\":{\"@type\":\"EntryPoint\",\"urlTemplate\":\"https:\/\/noticiasya.com\/?s={search_term_string}\"},\"query-input\":{\"@type\":\"PropertyValueSpecification\",\"valueRequired\":true,\"valueName\":\"search_term_string\"}}],\"inLanguage\":\"es\"},{\"@type\":\"Organization\",\"@id\":\"https:\/\/noticiasya.com\/#organization\",\"name\":\"Noticias\",\"url\":\"https:\/\/noticiasya.com\/\",\"logo\":{\"@type\":\"ImageObject\",\"inLanguage\":\"es\",\"@id\":\"https:\/\/noticiasya.com\/#\/schema\/logo\/image\/\",\"url\":\"https:\/\/noticiasya.com\/wp-content\/uploads\/sites\/22\/2023\/12\/logo-nacional.png\",\"contentUrl\":\"https:\/\/noticiasya.com\/wp-content\/uploads\/sites\/22\/2023\/12\/logo-nacional.png\",\"width\":1801,\"height\":691,\"caption\":\"Noticias\"},\"image\":{\"@id\":\"https:\/\/noticiasya.com\/#\/schema\/logo\/image\/\"}}]}<\/script>\n<!-- \/ Yoast SEO plugin. -->","yoast_head_json":{"title":"El Real Madrid, del cielo al infierno en 40 d\u00edas: \u00bfle encontrar\u00e1 la vuelta un Xabi Alonso en la cornisa? - Noticias","robots":{"index":"index","follow":"follow","max-snippet":"max-snippet:-1","max-image-preview":"max-image-preview:large","max-video-preview":"max-video-preview:-1"},"canonical":"https:\/\/noticiasya.com\/2025\/12\/08\/real-madrid-crisis-xabi-alonso-orix\/","og_locale":"es_ES","og_type":"article","og_title":"El Real Madrid, del cielo al infierno en 40 d\u00edas: \u00bfle encontrar\u00e1 la vuelta un Xabi Alonso en la cornisa? - Noticias","og_description":"Cuando el Real Madrid venci\u00f3 al Barcelona el 26 de octubre, no eran pocos los que aventuraban que el Merengue estaba listo para una temporada de ensue\u00f1o, tanto en Espa\u00f1a como en Europa. Sin embargo, poco m\u00e1s de 40 d\u00edas despu\u00e9s, los madridistas parecen a la deriva, indefensos ante un embate de olas resultadistas que [&hellip;]","og_url":"https:\/\/noticiasya.com\/2025\/12\/08\/real-madrid-crisis-xabi-alonso-orix\/","og_site_name":"Noticias","article_published_time":"2025-12-09T02:03:52+00:00","twitter_card":"summary_large_image","twitter_misc":{"Est. reading time":"5 minutos"},"schema":{"@context":"https:\/\/schema.org","@graph":[{"@type":"Article","@id":"https:\/\/noticiasya.com\/2025\/12\/08\/real-madrid-crisis-xabi-alonso-orix\/#article","isPartOf":{"@id":"https:\/\/noticiasya.com\/2025\/12\/08\/real-madrid-crisis-xabi-alonso-orix\/"},"author":{"name":"","@id":""},"headline":"El Real Madrid, del cielo al infierno en 40 d\u00edas: \u00bfle encontrar\u00e1 la vuelta un Xabi Alonso en la cornisa?","datePublished":"2025-12-09T02:03:52+00:00","mainEntityOfPage":{"@id":"https:\/\/noticiasya.com\/2025\/12\/08\/real-madrid-crisis-xabi-alonso-orix\/"},"wordCount":1011,"commentCount":0,"publisher":{"@id":"https:\/\/noticiasya.com\/#organization"},"articleSection":["Noticias Nacionales"],"inLanguage":"es","potentialAction":[{"@type":"CommentAction","name":"Comment","target":["https:\/\/noticiasya.com\/2025\/12\/08\/real-madrid-crisis-xabi-alonso-orix\/#respond"]}]},{"@type":"WebPage","@id":"https:\/\/noticiasya.com\/2025\/12\/08\/real-madrid-crisis-xabi-alonso-orix\/","url":"https:\/\/noticiasya.com\/2025\/12\/08\/real-madrid-crisis-xabi-alonso-orix\/","name":"El Real Madrid, del cielo al infierno en 40 d\u00edas: \u00bfle encontrar\u00e1 la vuelta un Xabi Alonso en la cornisa? - Noticias","isPartOf":{"@id":"https:\/\/noticiasya.com\/#website"},"datePublished":"2025-12-09T02:03:52+00:00","breadcrumb":{"@id":"https:\/\/noticiasya.com\/2025\/12\/08\/real-madrid-crisis-xabi-alonso-orix\/#breadcrumb"},"inLanguage":"es","potentialAction":[{"@type":"ReadAction","target":["https:\/\/noticiasya.com\/2025\/12\/08\/real-madrid-crisis-xabi-alonso-orix\/"]}]},{"@type":"BreadcrumbList","@id":"https:\/\/noticiasya.com\/2025\/12\/08\/real-madrid-crisis-xabi-alonso-orix\/#breadcrumb","itemListElement":[{"@type":"ListItem","position":1,"name":"Home","item":"https:\/\/noticiasya.com\/"},{"@type":"ListItem","position":2,"name":"El Real Madrid, del cielo al infierno en 40 d\u00edas: \u00bfle encontrar\u00e1 la vuelta un Xabi Alonso en la cornisa?"}]},{"@type":"WebSite","@id":"https:\/\/noticiasya.com\/#website","url":"https:\/\/noticiasya.com\/","name":"Noticias","description":"Lo que importa","publisher":{"@id":"https:\/\/noticiasya.com\/#organization"},"potentialAction":[{"@type":"SearchAction","target":{"@type":"EntryPoint","urlTemplate":"https:\/\/noticiasya.com\/?s={search_term_string}"},"query-input":{"@type":"PropertyValueSpecification","valueRequired":true,"valueName":"search_term_string"}}],"inLanguage":"es"},{"@type":"Organization","@id":"https:\/\/noticiasya.com\/#organization","name":"Noticias","url":"https:\/\/noticiasya.com\/","logo":{"@type":"ImageObject","inLanguage":"es","@id":"https:\/\/noticiasya.com\/#\/schema\/logo\/image\/","url":"https:\/\/noticiasya.com\/wp-content\/uploads\/sites\/22\/2023\/12\/logo-nacional.png","contentUrl":"https:\/\/noticiasya.com\/wp-content\/uploads\/sites\/22\/2023\/12\/logo-nacional.png","width":1801,"height":691,"caption":"Noticias"},"image":{"@id":"https:\/\/noticiasya.com\/#\/schema\/logo\/image\/"}}]}},"parsely":{"version":"1.1.0","canonical_url":"https:\/\/noticiasya.com\/midland-odessa\/2025\/12\/08\/real-madrid-crisis-xabi-alonso-orix\/","smart_links":{"inbound":0,"outbound":0},"traffic_boost_suggestions_count":0,"meta":{"@context":"https:\/\/schema.org","@type":"NewsArticle","headline":"El Real Madrid, del cielo al infierno en 40 d\u00edas: \u00bfle encontrar\u00e1 la vuelta un Xabi Alonso en la cornisa?","url":"http:\/\/noticiasya.com\/midland-odessa\/2025\/12\/08\/real-madrid-crisis-xabi-alonso-orix\/","mainEntityOfPage":{"@type":"WebPage","@id":"http:\/\/noticiasya.com\/midland-odessa\/2025\/12\/08\/real-madrid-crisis-xabi-alonso-orix\/"},"thumbnailUrl":"","image":{"@type":"ImageObject","url":""},"articleSection":"Noticias Nacionales","author":[],"creator":[],"publisher":{"@type":"Organization","name":"Noticias","logo":""},"keywords":[],"dateCreated":"2025-12-09T02:03:52Z","datePublished":"2025-12-09T02:03:52Z","dateModified":"2025-12-09T02:03:52Z"},"rendered":"<script type=\"application\/ld+json\" class=\"wp-parsely-metadata\">{\"@context\":\"https:\\\/\\\/schema.org\",\"@type\":\"NewsArticle\",\"headline\":\"El Real Madrid, del cielo al infierno en 40 d\\u00edas: \\u00bfle encontrar\\u00e1 la vuelta un Xabi Alonso en la cornisa?\",\"url\":\"http:\\\/\\\/noticiasya.com\\\/midland-odessa\\\/2025\\\/12\\\/08\\\/real-madrid-crisis-xabi-alonso-orix\\\/\",\"mainEntityOfPage\":{\"@type\":\"WebPage\",\"@id\":\"http:\\\/\\\/noticiasya.com\\\/midland-odessa\\\/2025\\\/12\\\/08\\\/real-madrid-crisis-xabi-alonso-orix\\\/\"},\"thumbnailUrl\":\"\",\"image\":{\"@type\":\"ImageObject\",\"url\":\"\"},\"articleSection\":\"Noticias Nacionales\",\"author\":[],\"creator\":[],\"publisher\":{\"@type\":\"Organization\",\"name\":\"Noticias\",\"logo\":\"\"},\"keywords\":[],\"dateCreated\":\"2025-12-09T02:03:52Z\",\"datePublished\":\"2025-12-09T02:03:52Z\",\"dateModified\":\"2025-12-09T02:03:52Z\"}<\/script>","tracker_url":"https:\/\/cdn.parsely.com\/keys\/noticiasya.com\/p.js"},"jetpack_featured_media_url":"","jetpack-related-posts":[{"id":1461617,"url":"https:\/\/noticiasya.com\/midland-odessa\/2025\/04\/25\/previa-hora-alineaciones-barcelona-real-madrid-final-copa-del-rey-orix\/","url_meta":{"origin":1469094,"position":0},"title":"Barcelona &#8211; Real Madrid en la final de la Copa del Rey: alineaciones posibles, horarios y c\u00f3mo ver en vivo","author":"","date":"abril 25, 2025","format":false,"excerpt":"El F.C. Barcelona y el Real Madrid jugar\u00e1n este s\u00e1bado 26 de mayo la final de la Copa del Rey en el estadio La Cartuja en Sevilla, en un duelo fundamental para las aspiraciones de ambos clubes en lo que queda de temporada.El equipo catal\u00e1n dirigido por Hansi Flick llega\u2026","rel":"","context":"In &quot;Noticias Nacionales&quot;","block_context":{"text":"Noticias Nacionales","link":"https:\/\/noticiasya.com\/midland-odessa\/categoria\/noticias-nacionales"},"img":{"alt_text":"","src":"","width":0,"height":0},"classes":[]},{"id":1460967,"url":"https:\/\/noticiasya.com\/midland-odessa\/2025\/04\/08\/arsenal-real-madrid-champions-league-cuartos-de-final-ida-efe\/","url_meta":{"origin":1469094,"position":1},"title":"El Arsenal noquea al Real Madrid y tiene su mejor noche de Champions League en a\u00f1os","author":"","date":"abril 8, 2025","format":false,"excerpt":"D\u00edas y d\u00edas escuchando que el bal\u00f3n parado era clave en la eliminatoria y el Real Madrid comprob\u00f3 de primera mano por qu\u00e9 hab\u00eda tanto ruido con ello. Declan Rice, con los dos primeros goles de su carrera deportiva de falta directa, y Mikel Merino, con un trallazo, tumbaron al\u2026","rel":"","context":"In &quot;Noticias Nacionales&quot;","block_context":{"text":"Noticias Nacionales","link":"https:\/\/noticiasya.com\/midland-odessa\/categoria\/noticias-nacionales"},"img":{"alt_text":"","src":"","width":0,"height":0},"classes":[]},{"id":1457462,"url":"https:\/\/noticiasya.com\/midland-odessa\/2025\/01\/12\/barcelona-fc-golea-real-madrid-supercopa-efe\/","url_meta":{"origin":1469094,"position":2},"title":"El FC Barcelona golea 2-5 al real Madrid y conquista un nuevo t\u00edtulo de Supercopa","author":"","date":"enero 12, 2025","format":false,"excerpt":"El FC Barcelona conquist\u00f3 su decimoquinta Supercopa de Espa\u00f1a y es el equipo m\u00e1s premiado de esta competici\u00f3n con dos galardones m\u00e1s que el Real Madrid, al que gole\u00f3 por segunda vez esta temporada (2-5), remontando un tanto tempranero de Kylian Mbapp\u00e9 con un doblete de Raphinha y goles de\u2026","rel":"","context":"In &quot;Noticias Nacionales&quot;","block_context":{"text":"Noticias Nacionales","link":"https:\/\/noticiasya.com\/midland-odessa\/categoria\/noticias-nacionales"},"img":{"alt_text":"","src":"","width":0,"height":0},"classes":[]},{"id":1473542,"url":"https:\/\/noticiasya.com\/midland-odessa\/2026\/04\/27\/kylian-mbappe-luka-modric-lesion-orix\/","url_meta":{"origin":1469094,"position":3},"title":"\u00bfLlegan Kylian Mbapp\u00e9 y Luka Modric al Mundial 2026? Las selecciones, en alerta por las lesiones","author":"","date":"abril 27, 2026","format":false,"excerpt":"Esperemos que s\u00ed. Esa es la respuesta a la pregunta que se plantea en el t\u00edtulo de este art\u00edculo. Y es que ocho a\u00f1os despu\u00e9s de haberse enfrentado cara a cara en la final de Rusia 2018, los emblemas de las selecciones de Francia y Croacia transitar\u00e1n las pr\u00f3ximas semanas\u2026","rel":"","context":"In &quot;Noticias Nacionales&quot;","block_context":{"text":"Noticias Nacionales","link":"https:\/\/noticiasya.com\/midland-odessa\/categoria\/noticias-nacionales"},"img":{"alt_text":"","src":"","width":0,"height":0},"classes":[]},{"id":1449869,"url":"https:\/\/noticiasya.com\/midland-odessa\/2024\/05\/30\/quien-es-jude-bellingham-joven-estrella-inglaterra-real-madrid-orix\/","url_meta":{"origin":1469094,"position":4},"title":"Qui\u00e9n es Jude Bellingham, la estrella que ha impulsado al Real Madrid y uno de los mejores jugadores del mundo","author":"","date":"mayo 30, 2024","format":false,"excerpt":"(CNN Espa\u00f1ol) -- En el Mundial de Qatar 2022 Jude Bellingham tuvo un debut so\u00f1ado: en la goleada 6-2 a Ir\u00e1n, el marcador lo abri\u00f3 con un cabezazo certero.Pocos a\u00f1os despu\u00e9s, como jugador del Real Madrid, Bellingham celebr\u00f3 la obtenci\u00f3n de su primer t\u00edtulo de LaLiga con su madre, publicando\u2026","rel":"","context":"In &quot;Noticias Nacionales&quot;","block_context":{"text":"Noticias Nacionales","link":"https:\/\/noticiasya.com\/midland-odessa\/categoria\/noticias-nacionales"},"img":{"alt_text":"","src":"","width":0,"height":0},"classes":[]},{"id":1473248,"url":"https:\/\/noticiasya.com\/midland-odessa\/2026\/04\/16\/camavinga-roja-bayern-madrid-champions-trax\/","url_meta":{"origin":1469094,"position":5},"title":"El &#171;momento de locura&#187; que acab\u00f3 con el sue\u00f1o del Real Madrid en la Champions League","author":"","date":"abril 16, 2026","format":false,"excerpt":"Al principio, parec\u00eda un momento intrascendente en una noche de Champions League que promet\u00eda ser emocionante.El Real Madrid le ganaba al Bayern Munich por 3-2 en el partido de vuelta de los cuartos de final. El marcador global estaba empatado y la pr\u00f3rroga parec\u00eda inevitable a falta de menos de\u2026","rel":"","context":"In &quot;Noticias Nacionales&quot;","block_context":{"text":"Noticias Nacionales","link":"https:\/\/noticiasya.com\/midland-odessa\/categoria\/noticias-nacionales"},"img":{"alt_text":"","src":"","width":0,"height":0},"classes":[]}],"jetpack_sharing_enabled":true,"_links":{"self":[{"href":"https:\/\/noticiasya.com\/midland-odessa\/wp-json\/wp\/v2\/posts\/1469094","targetHints":{"allow":["GET"]}}],"collection":[{"href":"https:\/\/noticiasya.com\/midland-odessa\/wp-json\/wp\/v2\/posts"}],"about":[{"href":"https:\/\/noticiasya.com\/midland-odessa\/wp-json\/wp\/v2\/types\/post"}],"replies":[{"embeddable":true,"href":"https:\/\/noticiasya.com\/midland-odessa\/wp-json\/wp\/v2\/comments?post=1469094"}],"version-history":[{"count":0,"href":"https:\/\/noticiasya.com\/midland-odessa\/wp-json\/wp\/v2\/posts\/1469094\/revisions"}],"wp:attachment":[{"href":"https:\/\/noticiasya.com\/midland-odessa\/wp-json\/wp\/v2\/media?parent=1469094"}],"wp:term":[{"taxonomy":"category","embeddable":true,"href":"https:\/\/noticiasya.com\/midland-odessa\/wp-json\/wp\/v2\/categories?post=1469094"},{"taxonomy":"post_tag","embeddable":true,"href":"https:\/\/noticiasya.com\/midland-odessa\/wp-json\/wp\/v2\/tags?post=1469094"}],"curies":[{"name":"wp","href":"https:\/\/api.w.org\/{rel}","templated":true}]}}