{"id":1469096,"date":"2025-12-08T19:03:37","date_gmt":"2025-12-09T03:03:37","guid":{"rendered":"https:\/\/noticiasya.com\/2025\/12\/08\/mundial-2026-camino-seleccion-mexico-orix\/"},"modified":"2025-12-08T19:03:37","modified_gmt":"2025-12-09T03:03:37","slug":"mundial-2026-camino-seleccion-mexico-orix","status":"publish","type":"post","link":"https:\/\/noticiasya.com\/midland-odessa\/2025\/12\/08\/mundial-2026-camino-seleccion-mexico-orix\/","title":{"rendered":"Mundial 2026: el camino de M\u00e9xico, con un grupo accesible pero Inglaterra en el horizonte"},"content":{"rendered":"<p>Respira M\u00e9xico. Los millones de ciudadanos que sintonizaron el sorteo del <a href=\"https:\/\/cnnespanol.cnn.com\/deportes\/mundial-2026\">Mundial 2026<\/a> estar\u00e1n aliviados, sabiendo que ning\u00fan gigante ni firme candidato duerme en el mismo Grupo A que el Tri.<\/p>\n<p>Ser organizador ayud\u00f3, claro. La selecci\u00f3n azteca ocupa el 15\u00b0 lugar del <a href=\"https:\/\/inside.fifa.com\/fifa-world-ranking\/men\">ranking FIFA<\/a>, por lo que, t\u00e9cnicamente, habr\u00eda sido Bombo 2 en cualquier otra Copa del Mundo, quedando obligada a medir fuerzas ante una potencia. Eso no suceder\u00e1 en 2026. La local\u00eda la puso a la par de los mejores 10 combinados nacionales del planeta, como cabeza de serie.<\/p>\n<p>Est\u00e1 claro que el debut ante Sud\u00e1frica (reedici\u00f3n de 2010, cuando jug\u00f3 el partido inaugural, pero como visitante) ser\u00e1 complicado desde lo emocional. Habr\u00e1 mucha ansiedad entre las paredes del Estadio Azteca, y eso le puede terminar jugando en contra si no consigue un buen resultado r\u00e1pido.<\/p>\n<p>El seleccionado africano no es el mejor de los africanos. De hecho, la \u00faltima vez que jug\u00f3 la Copa Mundial de la FIFA fue en 2010, cuando tuvo garantizada su presencia por ser local. De all\u00ed en m\u00e1s, tres ausencias por malos resultados en las Eliminatorias. A su favor, es cierto que durante este per\u00edodo clasificatorio fue l\u00edder de su grupo, superando por un punto a Nigeria, un firme candidato a participar en cada Mundial. Eso s\u00ed, fue la ganadora de zona con <a href=\"https:\/\/www.fifa.com\/es\/tournaments\/mens\/worldcup\/canadamexicousa2026\/qualifiers\/caf\/standings\">menos puntos<\/a> de toda la Eliminatoria (18), por bastante diferencia.<\/p>\n<p>La segunda presentaci\u00f3n ser\u00e1, a priori, la m\u00e1s complicada. Corea del Sur puede no haber tenido ninguna participaci\u00f3n destacada desde aquella (pol\u00e9mica) semifinal a la que lleg\u00f3 en 2002, cuando fue organizadora junto a Jap\u00f3n, pero no es ninguna \u201cCenicienta\u201d.<\/p>\n<p>El combinado surcoreano es liderado por Heung-Min Son, exestrella de la Premier League, que puede haber elegido la tranquilidad de la MLS, pero tiene talento de sobra. Tambi\u00e9n est\u00e1n Hwang Hee-chan (Wolverhampton ingl\u00e9s) y Kim Min-Jae, un ya experimentado central del Bayern Munich. Es una selecci\u00f3n con buen material, que, adem\u00e1s, es la \u00fanica que cerr\u00f3 la Eliminatoria asi\u00e1tica sin perder ni un solo partido.<\/p>\n<p>La \u00faltima parada a\u00fan no tiene destino claro. Ser\u00e1 un europeo, eso s\u00ed. Vendr\u00e1 de la llave de repechaje entre Dinamarca, Macedonia del Norte, Rep\u00fablica Checa e Irlanda.<br \/>Ning\u00fan \u201ccuco\u201d por as\u00ed decirlo. Los daneses asoman, entre los cuatro, como los de mejor nivel, pero ninguno llegar\u00e1 con el mote de candidato.<\/p>\n<p>M\u00e9xico sabe que, si gana el grupo, ir\u00e1 en 16avos de final ante una selecci\u00f3n que termine tercera. Hasta all\u00ed lo m\u00e1s \u201cf\u00e1cil\u201d. En octavos, si hay l\u00f3gica (que en el f\u00fatbol no siempre hay) tocar\u00e1 un gigante: Inglaterra. La otra opci\u00f3n tampoco es mucha m\u00e1s amena: Croacia, semifinalista en 2022 y finalista en 2018.<\/p>\n<p>Ya en cuartos la cosa sigue siendo interesante: en cuartos caer\u00eda Brasil o Marruecos, la que logre ganar el Grupo C, y hasta Francia o Noruega, que ir\u00e1n por ese lado de la llave si terminan en el segundo lugar del Grupo I. Si se da lo que los papeles dicen en la previa, Argentina caer\u00eda en la semifinal de esa llave y Espa\u00f1a en la final.<\/p>\n<p>La buena noticia es que, si termina segunda en el Grupo A, a M\u00e9xico no le tocar\u00eda ning\u00fan primero de zona. Su rival, en ese caso, ser\u00eda el segundo del Grupo B, un boleto que parece destinado a disputarse entre otra local, Canad\u00e1, y un europeo, ya sea Suiza o el ganador de repechaje que caiga en esa zona (podr\u00eda ser Italia).<\/p>\n<p>M\u00e1s adelante llegar\u00eda el turno de Pa\u00edses Bajos o Brasil\/Marruecos y en cuartos de final un candidato al t\u00edtulo: Francia o Alemania (si ganan sus respectivos grupos). En este caso, en la semifinal aparecer\u00eda Espa\u00f1a y en la final podr\u00eda tocar Argentina o Inglaterra.<\/p>\n<p>A pesar de que todav\u00eda tiene muchas falencias propias por corregir, el sorteo le sonri\u00f3 a M\u00e9xico, dej\u00e1ndole un camino m\u00e1s \u201cameno\u201d al menos hasta octavos de final. De all\u00ed en m\u00e1s, M\u00e9xico deber\u00e1 decidir si se atreve a so\u00f1ar con algo m\u00e1s.<\/p>\n<p>The-CNN-Wire<br \/>&trade; &amp; &copy; 2025 Cable News Network, Inc., a Warner Bros. Discovery Company. All rights reserved.<\/p>\n","protected":false},"excerpt":{"rendered":"<p>Respira M\u00e9xico. Los millones de ciudadanos que sintonizaron el sorteo del Mundial 2026 estar\u00e1n aliviados, sabiendo que ning\u00fan gigante ni firme candidato duerme en el mismo Grupo A que el Tri. Ser organizador ayud\u00f3, claro. La selecci\u00f3n azteca ocupa el 15\u00b0 lugar del ranking FIFA, por lo que, t\u00e9cnicamente, habr\u00eda sido Bombo 2 en cualquier [&hellip;]<\/p>\n","protected":false},"author":0,"featured_media":0,"comment_status":"open","ping_status":"open","sticky":false,"template":"","format":"standard","meta":{"_jetpack_memberships_contains_paid_content":false,"footnotes":""},"categories":[10],"tags":[],"class_list":["post-1469096","post","type-post","status-publish","format-standard","hentry","category-noticias-nacionales","market-global"],"yoast_head":"<!-- This site is optimized with the Yoast SEO plugin v24.4 - https:\/\/yoast.com\/wordpress\/plugins\/seo\/ -->\n<title>Mundial 2026: el camino de M\u00e9xico, con un grupo accesible pero Inglaterra en el horizonte - Noticias<\/title>\n<meta name=\"robots\" content=\"index, follow, max-snippet:-1, max-image-preview:large, max-video-preview:-1\" \/>\n<link rel=\"canonical\" href=\"https:\/\/noticiasya.com\/2025\/12\/08\/mundial-2026-camino-seleccion-mexico-orix\/\" \/>\n<meta property=\"og:locale\" content=\"es_ES\" \/>\n<meta property=\"og:type\" content=\"article\" \/>\n<meta property=\"og:title\" content=\"Mundial 2026: el camino de M\u00e9xico, con un grupo accesible pero Inglaterra en el horizonte - Noticias\" \/>\n<meta property=\"og:description\" content=\"Respira M\u00e9xico. Los millones de ciudadanos que sintonizaron el sorteo del Mundial 2026 estar\u00e1n aliviados, sabiendo que ning\u00fan gigante ni firme candidato duerme en el mismo Grupo A que el Tri. Ser organizador ayud\u00f3, claro. La selecci\u00f3n azteca ocupa el 15\u00b0 lugar del ranking FIFA, por lo que, t\u00e9cnicamente, habr\u00eda sido Bombo 2 en cualquier [&hellip;]\" \/>\n<meta property=\"og:url\" content=\"https:\/\/noticiasya.com\/2025\/12\/08\/mundial-2026-camino-seleccion-mexico-orix\/\" \/>\n<meta property=\"og:site_name\" content=\"Noticias\" \/>\n<meta property=\"article:published_time\" content=\"2025-12-09T03:03:37+00:00\" \/>\n<meta name=\"twitter:card\" content=\"summary_large_image\" \/>\n<meta name=\"twitter:label1\" content=\"Est. reading time\" \/>\n\t<meta name=\"twitter:data1\" content=\"4 minutos\" \/>\n<script type=\"application\/ld+json\" class=\"yoast-schema-graph\">{\"@context\":\"https:\/\/schema.org\",\"@graph\":[{\"@type\":\"Article\",\"@id\":\"https:\/\/noticiasya.com\/2025\/12\/08\/mundial-2026-camino-seleccion-mexico-orix\/#article\",\"isPartOf\":{\"@id\":\"https:\/\/noticiasya.com\/2025\/12\/08\/mundial-2026-camino-seleccion-mexico-orix\/\"},\"author\":{\"name\":\"\",\"@id\":\"\"},\"headline\":\"Mundial 2026: el camino de M\u00e9xico, con un grupo accesible pero Inglaterra en el horizonte\",\"datePublished\":\"2025-12-09T03:03:37+00:00\",\"mainEntityOfPage\":{\"@id\":\"https:\/\/noticiasya.com\/2025\/12\/08\/mundial-2026-camino-seleccion-mexico-orix\/\"},\"wordCount\":739,\"commentCount\":0,\"publisher\":{\"@id\":\"https:\/\/noticiasya.com\/#organization\"},\"articleSection\":[\"Noticias Nacionales\"],\"inLanguage\":\"es\",\"potentialAction\":[{\"@type\":\"CommentAction\",\"name\":\"Comment\",\"target\":[\"https:\/\/noticiasya.com\/2025\/12\/08\/mundial-2026-camino-seleccion-mexico-orix\/#respond\"]}]},{\"@type\":\"WebPage\",\"@id\":\"https:\/\/noticiasya.com\/2025\/12\/08\/mundial-2026-camino-seleccion-mexico-orix\/\",\"url\":\"https:\/\/noticiasya.com\/2025\/12\/08\/mundial-2026-camino-seleccion-mexico-orix\/\",\"name\":\"Mundial 2026: el camino de M\u00e9xico, con un grupo accesible pero Inglaterra en el horizonte - Noticias\",\"isPartOf\":{\"@id\":\"https:\/\/noticiasya.com\/#website\"},\"datePublished\":\"2025-12-09T03:03:37+00:00\",\"breadcrumb\":{\"@id\":\"https:\/\/noticiasya.com\/2025\/12\/08\/mundial-2026-camino-seleccion-mexico-orix\/#breadcrumb\"},\"inLanguage\":\"es\",\"potentialAction\":[{\"@type\":\"ReadAction\",\"target\":[\"https:\/\/noticiasya.com\/2025\/12\/08\/mundial-2026-camino-seleccion-mexico-orix\/\"]}]},{\"@type\":\"BreadcrumbList\",\"@id\":\"https:\/\/noticiasya.com\/2025\/12\/08\/mundial-2026-camino-seleccion-mexico-orix\/#breadcrumb\",\"itemListElement\":[{\"@type\":\"ListItem\",\"position\":1,\"name\":\"Home\",\"item\":\"https:\/\/noticiasya.com\/\"},{\"@type\":\"ListItem\",\"position\":2,\"name\":\"Mundial 2026: el camino de M\u00e9xico, con un grupo accesible pero Inglaterra en el horizonte\"}]},{\"@type\":\"WebSite\",\"@id\":\"https:\/\/noticiasya.com\/#website\",\"url\":\"https:\/\/noticiasya.com\/\",\"name\":\"Noticias\",\"description\":\"Lo que importa\",\"publisher\":{\"@id\":\"https:\/\/noticiasya.com\/#organization\"},\"potentialAction\":[{\"@type\":\"SearchAction\",\"target\":{\"@type\":\"EntryPoint\",\"urlTemplate\":\"https:\/\/noticiasya.com\/?s={search_term_string}\"},\"query-input\":{\"@type\":\"PropertyValueSpecification\",\"valueRequired\":true,\"valueName\":\"search_term_string\"}}],\"inLanguage\":\"es\"},{\"@type\":\"Organization\",\"@id\":\"https:\/\/noticiasya.com\/#organization\",\"name\":\"Noticias\",\"url\":\"https:\/\/noticiasya.com\/\",\"logo\":{\"@type\":\"ImageObject\",\"inLanguage\":\"es\",\"@id\":\"https:\/\/noticiasya.com\/#\/schema\/logo\/image\/\",\"url\":\"https:\/\/noticiasya.com\/wp-content\/uploads\/sites\/22\/2023\/12\/logo-nacional.png\",\"contentUrl\":\"https:\/\/noticiasya.com\/wp-content\/uploads\/sites\/22\/2023\/12\/logo-nacional.png\",\"width\":1801,\"height\":691,\"caption\":\"Noticias\"},\"image\":{\"@id\":\"https:\/\/noticiasya.com\/#\/schema\/logo\/image\/\"}}]}<\/script>\n<!-- \/ Yoast SEO plugin. -->","yoast_head_json":{"title":"Mundial 2026: el camino de M\u00e9xico, con un grupo accesible pero Inglaterra en el horizonte - Noticias","robots":{"index":"index","follow":"follow","max-snippet":"max-snippet:-1","max-image-preview":"max-image-preview:large","max-video-preview":"max-video-preview:-1"},"canonical":"https:\/\/noticiasya.com\/2025\/12\/08\/mundial-2026-camino-seleccion-mexico-orix\/","og_locale":"es_ES","og_type":"article","og_title":"Mundial 2026: el camino de M\u00e9xico, con un grupo accesible pero Inglaterra en el horizonte - Noticias","og_description":"Respira M\u00e9xico. Los millones de ciudadanos que sintonizaron el sorteo del Mundial 2026 estar\u00e1n aliviados, sabiendo que ning\u00fan gigante ni firme candidato duerme en el mismo Grupo A que el Tri. Ser organizador ayud\u00f3, claro. La selecci\u00f3n azteca ocupa el 15\u00b0 lugar del ranking FIFA, por lo que, t\u00e9cnicamente, habr\u00eda sido Bombo 2 en cualquier [&hellip;]","og_url":"https:\/\/noticiasya.com\/2025\/12\/08\/mundial-2026-camino-seleccion-mexico-orix\/","og_site_name":"Noticias","article_published_time":"2025-12-09T03:03:37+00:00","twitter_card":"summary_large_image","twitter_misc":{"Est. reading time":"4 minutos"},"schema":{"@context":"https:\/\/schema.org","@graph":[{"@type":"Article","@id":"https:\/\/noticiasya.com\/2025\/12\/08\/mundial-2026-camino-seleccion-mexico-orix\/#article","isPartOf":{"@id":"https:\/\/noticiasya.com\/2025\/12\/08\/mundial-2026-camino-seleccion-mexico-orix\/"},"author":{"name":"","@id":""},"headline":"Mundial 2026: el camino de M\u00e9xico, con un grupo accesible pero Inglaterra en el horizonte","datePublished":"2025-12-09T03:03:37+00:00","mainEntityOfPage":{"@id":"https:\/\/noticiasya.com\/2025\/12\/08\/mundial-2026-camino-seleccion-mexico-orix\/"},"wordCount":739,"commentCount":0,"publisher":{"@id":"https:\/\/noticiasya.com\/#organization"},"articleSection":["Noticias Nacionales"],"inLanguage":"es","potentialAction":[{"@type":"CommentAction","name":"Comment","target":["https:\/\/noticiasya.com\/2025\/12\/08\/mundial-2026-camino-seleccion-mexico-orix\/#respond"]}]},{"@type":"WebPage","@id":"https:\/\/noticiasya.com\/2025\/12\/08\/mundial-2026-camino-seleccion-mexico-orix\/","url":"https:\/\/noticiasya.com\/2025\/12\/08\/mundial-2026-camino-seleccion-mexico-orix\/","name":"Mundial 2026: el camino de M\u00e9xico, con un grupo accesible pero Inglaterra en el horizonte - Noticias","isPartOf":{"@id":"https:\/\/noticiasya.com\/#website"},"datePublished":"2025-12-09T03:03:37+00:00","breadcrumb":{"@id":"https:\/\/noticiasya.com\/2025\/12\/08\/mundial-2026-camino-seleccion-mexico-orix\/#breadcrumb"},"inLanguage":"es","potentialAction":[{"@type":"ReadAction","target":["https:\/\/noticiasya.com\/2025\/12\/08\/mundial-2026-camino-seleccion-mexico-orix\/"]}]},{"@type":"BreadcrumbList","@id":"https:\/\/noticiasya.com\/2025\/12\/08\/mundial-2026-camino-seleccion-mexico-orix\/#breadcrumb","itemListElement":[{"@type":"ListItem","position":1,"name":"Home","item":"https:\/\/noticiasya.com\/"},{"@type":"ListItem","position":2,"name":"Mundial 2026: el camino de M\u00e9xico, con un grupo accesible pero Inglaterra en el horizonte"}]},{"@type":"WebSite","@id":"https:\/\/noticiasya.com\/#website","url":"https:\/\/noticiasya.com\/","name":"Noticias","description":"Lo que importa","publisher":{"@id":"https:\/\/noticiasya.com\/#organization"},"potentialAction":[{"@type":"SearchAction","target":{"@type":"EntryPoint","urlTemplate":"https:\/\/noticiasya.com\/?s={search_term_string}"},"query-input":{"@type":"PropertyValueSpecification","valueRequired":true,"valueName":"search_term_string"}}],"inLanguage":"es"},{"@type":"Organization","@id":"https:\/\/noticiasya.com\/#organization","name":"Noticias","url":"https:\/\/noticiasya.com\/","logo":{"@type":"ImageObject","inLanguage":"es","@id":"https:\/\/noticiasya.com\/#\/schema\/logo\/image\/","url":"https:\/\/noticiasya.com\/wp-content\/uploads\/sites\/22\/2023\/12\/logo-nacional.png","contentUrl":"https:\/\/noticiasya.com\/wp-content\/uploads\/sites\/22\/2023\/12\/logo-nacional.png","width":1801,"height":691,"caption":"Noticias"},"image":{"@id":"https:\/\/noticiasya.com\/#\/schema\/logo\/image\/"}}]}},"parsely":{"version":"1.1.0","canonical_url":"https:\/\/noticiasya.com\/midland-odessa\/2025\/12\/08\/mundial-2026-camino-seleccion-mexico-orix\/","smart_links":{"inbound":0,"outbound":0},"traffic_boost_suggestions_count":0,"meta":{"@context":"https:\/\/schema.org","@type":"NewsArticle","headline":"Mundial 2026: el camino de M\u00e9xico, con un grupo accesible pero Inglaterra en el horizonte","url":"http:\/\/noticiasya.com\/midland-odessa\/2025\/12\/08\/mundial-2026-camino-seleccion-mexico-orix\/","mainEntityOfPage":{"@type":"WebPage","@id":"http:\/\/noticiasya.com\/midland-odessa\/2025\/12\/08\/mundial-2026-camino-seleccion-mexico-orix\/"},"thumbnailUrl":"","image":{"@type":"ImageObject","url":""},"articleSection":"Noticias Nacionales","author":[],"creator":[],"publisher":{"@type":"Organization","name":"Noticias","logo":""},"keywords":[],"dateCreated":"2025-12-09T03:03:37Z","datePublished":"2025-12-09T03:03:37Z","dateModified":"2025-12-09T03:03:37Z"},"rendered":"<script type=\"application\/ld+json\" class=\"wp-parsely-metadata\">{\"@context\":\"https:\\\/\\\/schema.org\",\"@type\":\"NewsArticle\",\"headline\":\"Mundial 2026: el camino de M\\u00e9xico, con un grupo accesible pero Inglaterra en el horizonte\",\"url\":\"http:\\\/\\\/noticiasya.com\\\/midland-odessa\\\/2025\\\/12\\\/08\\\/mundial-2026-camino-seleccion-mexico-orix\\\/\",\"mainEntityOfPage\":{\"@type\":\"WebPage\",\"@id\":\"http:\\\/\\\/noticiasya.com\\\/midland-odessa\\\/2025\\\/12\\\/08\\\/mundial-2026-camino-seleccion-mexico-orix\\\/\"},\"thumbnailUrl\":\"\",\"image\":{\"@type\":\"ImageObject\",\"url\":\"\"},\"articleSection\":\"Noticias Nacionales\",\"author\":[],\"creator\":[],\"publisher\":{\"@type\":\"Organization\",\"name\":\"Noticias\",\"logo\":\"\"},\"keywords\":[],\"dateCreated\":\"2025-12-09T03:03:37Z\",\"datePublished\":\"2025-12-09T03:03:37Z\",\"dateModified\":\"2025-12-09T03:03:37Z\"}<\/script>","tracker_url":"https:\/\/cdn.parsely.com\/keys\/noticiasya.com\/p.js"},"jetpack_featured_media_url":"","jetpack-related-posts":[{"id":1468285,"url":"https:\/\/noticiasya.com\/midland-odessa\/2025\/11\/12\/clasificacion-concacaf-mundial-2026-partidos-orix\/","url_meta":{"origin":1469096,"position":0},"title":"\u00daltimas dos fechas de clasificaci\u00f3n de la Concacaf al Mundial 2026: previa, horarios, partidos y c\u00f3mo ver","author":"","date":"noviembre 12, 2025","format":false,"excerpt":"Faltan menos de siete meses para que Norteam\u00e9rica sea sede de la fiebre mundialista, pero a\u00fan est\u00e1 pr\u00e1cticamente todo por definirse en esa parte del mapa. Canad\u00e1, Estados Unidos y M\u00e9xico tienen su boleto asegurado por ser organizadores, pero a\u00fan falta conocer a los otros tres clasificados directos de la\u2026","rel":"","context":"In &quot;Noticias Nacionales&quot;","block_context":{"text":"Noticias Nacionales","link":"https:\/\/noticiasya.com\/midland-odessa\/categoria\/noticias-nacionales"},"img":{"alt_text":"","src":"","width":0,"height":0},"classes":[]},{"id":1472399,"url":"https:\/\/noticiasya.com\/midland-odessa\/2026\/03\/20\/cristiano-ronaldo-estadio-azteca-no-entra-convocatoria-portugal-orix\/","url_meta":{"origin":1469096,"position":1},"title":"Cristiano Ronaldo se pierde la reinauguraci\u00f3n del Estadio Azteca: no entra en la convocatoria de Portugal","author":"","date":"marzo 20, 2026","format":false,"excerpt":"Se viene una nueva fecha FIFA de partidos amistosos internacionales y, como no, el repechaje mundialista que entrega los \u00faltimos seis cupos a la cita de Canad\u00e1, Estados Unidos y M\u00e9xico. Pero tambi\u00e9n tendremos la reinauguraci\u00f3n del Estadio Azteca, que extra\u00f1ar\u00e1 a quien aparec\u00eda como invitado de lujo.Se trata de\u2026","rel":"","context":"In &quot;Noticias Nacionales&quot;","block_context":{"text":"Noticias Nacionales","link":"https:\/\/noticiasya.com\/midland-odessa\/categoria\/noticias-nacionales"},"img":{"alt_text":"","src":"","width":0,"height":0},"classes":[]},{"id":1471633,"url":"https:\/\/noticiasya.com\/midland-odessa\/2026\/02\/25\/fifa-confianza-seguridad-mexico-mundial-futbol-efe\/","url_meta":{"origin":1469096,"position":2},"title":"La FIFA afirma que tiene confianza total en M\u00e9xico para el Mundial, pese a violencia","author":"","date":"febrero 25, 2026","format":false,"excerpt":"El presidente de la FIFA, Gianni Infantino, afirm\u00f3 este martes en la ciudad colombiana de Barranquilla que tiene \u201cconfianza total en M\u00e9xico\u201d para la realizaci\u00f3n del Mundial de este a\u00f1o, que tiene partidos programados en Ciudad de M\u00e9xico, Guadalajara y Monterrey, pese a la violencia desatada en el pa\u00eds.\u201cEstamos analizando\u2026","rel":"","context":"In &quot;Noticias Nacionales&quot;","block_context":{"text":"Noticias Nacionales","link":"https:\/\/noticiasya.com\/midland-odessa\/categoria\/noticias-nacionales"},"img":{"alt_text":"","src":"","width":0,"height":0},"classes":[]},{"id":1472651,"url":"https:\/\/noticiasya.com\/midland-odessa\/2026\/03\/28\/aficionado-muere-caida-reinaguracion-estadio-azteca-orix\/","url_meta":{"origin":1469096,"position":3},"title":"Un aficionado muere tras una ca\u00edda durante la reinauguraci\u00f3n del Estadio Azteca de la Ciudad de M\u00e9xico de cara al Mundial","author":"","date":"marzo 28, 2026","format":false,"excerpt":"Un aficionado muri\u00f3 este s\u00e1bado tras caer de la zona de palcos del Estadio Azteca de la Ciudad de M\u00e9xico, que este d\u00eda fue reinaugurado de cara al Mundial de F\u00fatbol del que M\u00e9xico ser\u00e1 anfitri\u00f3n junto con Estados Unidos y Canad\u00e1, inform\u00f3 la Secretar\u00eda de Seguridad Ciudadana de la\u2026","rel":"","context":"In &quot;Noticias Nacionales&quot;","block_context":{"text":"Noticias Nacionales","link":"https:\/\/noticiasya.com\/midland-odessa\/categoria\/noticias-nacionales"},"img":{"alt_text":"","src":"","width":0,"height":0},"classes":[]},{"id":1471841,"url":"https:\/\/noticiasya.com\/midland-odessa\/2026\/03\/03\/mexico-eeuu-canada-100-dias-mundial-orix\/","url_meta":{"origin":1469096,"position":4},"title":"Cuenta regresiva: as\u00ed est\u00e1n las selecciones de M\u00e9xico, EE.UU. y Canad\u00e1 a 100 d\u00edas del Mundial 2026","author":"","date":"marzo 3, 2026","format":false,"excerpt":"Estados Unidos, M\u00e9xico y Canad\u00e1 tienen una responsabilidad enorme en sus manos. No solo ser\u00e1n las encargadas de organizar un reto log\u00edstico descomunal, la Copa Mundial de la FIFA con m\u00e1s equipos en la historia, sino que tambi\u00e9n tendr\u00e1n que afinar sus estrategias de la forma m\u00e1s eficaz para cumplir\u2026","rel":"","context":"In &quot;Noticias Nacionales&quot;","block_context":{"text":"Noticias Nacionales","link":"https:\/\/noticiasya.com\/midland-odessa\/categoria\/noticias-nacionales"},"img":{"alt_text":"","src":"","width":0,"height":0},"classes":[]},{"id":1467376,"url":"https:\/\/noticiasya.com\/midland-odessa\/2025\/10\/14\/estadio-azteca-banorte-polemica-palcos-orix\/","url_meta":{"origin":1469096,"position":5},"title":"Pol\u00e9mica sin fin en el Estadio Azteca a 270 d\u00edas del Mundial de 2026: \u00bfqu\u00e9 pasar\u00e1 con los due\u00f1os de los palcos?","author":"","date":"octubre 14, 2025","format":false,"excerpt":"El Estadio Azteca esconde un sinf\u00edn de historias y recuerdos. Este coloso ubicado en la Ciudad de M\u00e9xico fue sede de momentos imborrables en la historia del f\u00fatbol.All\u00ed se consagr\u00f3 Pel\u00e9. Sobre su c\u00e9sped, italianos y alemanes protagonizaron el llamado \u201cpartido del siglo\u201d, un 4-3 en el Mundial de 1970\u2026","rel":"","context":"In &quot;Noticias Nacionales&quot;","block_context":{"text":"Noticias Nacionales","link":"https:\/\/noticiasya.com\/midland-odessa\/categoria\/noticias-nacionales"},"img":{"alt_text":"","src":"","width":0,"height":0},"classes":[]}],"jetpack_sharing_enabled":true,"_links":{"self":[{"href":"https:\/\/noticiasya.com\/midland-odessa\/wp-json\/wp\/v2\/posts\/1469096","targetHints":{"allow":["GET"]}}],"collection":[{"href":"https:\/\/noticiasya.com\/midland-odessa\/wp-json\/wp\/v2\/posts"}],"about":[{"href":"https:\/\/noticiasya.com\/midland-odessa\/wp-json\/wp\/v2\/types\/post"}],"replies":[{"embeddable":true,"href":"https:\/\/noticiasya.com\/midland-odessa\/wp-json\/wp\/v2\/comments?post=1469096"}],"version-history":[{"count":0,"href":"https:\/\/noticiasya.com\/midland-odessa\/wp-json\/wp\/v2\/posts\/1469096\/revisions"}],"wp:attachment":[{"href":"https:\/\/noticiasya.com\/midland-odessa\/wp-json\/wp\/v2\/media?parent=1469096"}],"wp:term":[{"taxonomy":"category","embeddable":true,"href":"https:\/\/noticiasya.com\/midland-odessa\/wp-json\/wp\/v2\/categories?post=1469096"},{"taxonomy":"post_tag","embeddable":true,"href":"https:\/\/noticiasya.com\/midland-odessa\/wp-json\/wp\/v2\/tags?post=1469096"}],"curies":[{"name":"wp","href":"https:\/\/api.w.org\/{rel}","templated":true}]}}