{"id":1469099,"date":"2025-12-08T20:03:49","date_gmt":"2025-12-09T04:03:49","guid":{"rendered":"https:\/\/noticiasya.com\/2025\/12\/08\/trump-amenaza-mexico-aranceles-mas-altos-trax\/"},"modified":"2025-12-08T20:03:49","modified_gmt":"2025-12-09T04:03:49","slug":"trump-amenaza-mexico-aranceles-mas-altos-trax","status":"publish","type":"post","link":"https:\/\/noticiasya.com\/midland-odessa\/2025\/12\/08\/trump-amenaza-mexico-aranceles-mas-altos-trax\/","title":{"rendered":"Trump amenaza a M\u00e9xico con aranceles a\u00fan m\u00e1s altos"},"content":{"rendered":"<p>El presidente de EE.UU., Donald Trump, dijo el lunes que M\u00e9xico trata injustamente a los agricultores estadounidenses, y amenaz\u00f3 al pa\u00eds con su arma econ\u00f3mica favorita: aranceles m\u00e1s altos.<\/p>\n<p>Trump dijo en una <a href=\"https:\/\/truthsocial.com\/@realDonaldTrump\/115686410399815717\">publicaci\u00f3n en Truth Social<\/a> que M\u00e9xico est\u00e1 violando su tratado de agua con Estados Unidos, perjudicando la capacidad de los agricultores de Texas para nutrir sus cultivos y ganado.<\/p>\n<p>\u201cHasta ahora, M\u00e9xico no est\u00e1 respondiendo, y es muy injusto para nuestros agricultores estadounidenses que merecen esta agua tan necesaria\u201d, public\u00f3 Trump el lunes. \u201cPor eso he autorizado la documentaci\u00f3n para imponer un arancel del 5 % a M\u00e9xico si esta agua no es liberada, INMEDIATAMENTE\u201d.<\/p>\n<p>El tratado al que Trump se refiere es el <a href=\"https:\/\/www.ibwc.gov\/wp-content\/uploads\/2022\/11\/1944Treaty.pdf\">Tratado de Utilizaci\u00f3n de las Aguas de los R\u00edos Colorado y Tijuana y del R\u00edo Bravo<\/a> firmado en 1944. Entre otras cosas, exige que Estados Unidos reciba un promedio de al menos 350.000 acres-pie de agua de los afluentes del R\u00edo Bravo cada a\u00f1o.<\/p>\n<p>Durante d\u00e9cadas, Estados Unidos ha acusado a M\u00e9xico de eludir sus responsabilidades.<\/p>\n<p>La Comisi\u00f3n Internacional de L\u00edmites y Aguas, una agencia del Gobierno de EE.UU., estima que M\u00e9xico ha entregado 73.000 acres-pie <a href=\"https:\/\/ibwcsftpstg.blob.core.windows.net\/wad\/WeeklyReports\/Current_Cycle.pdf\">menos de agua<\/a> de lo que debe a Estados Unidos en los \u00faltimos cinco a\u00f1os. M\u00e9xico podr\u00eda estar obligado por el tratado a compensar la diferencia en los siguientes cinco a\u00f1os, aunque eso depende en gran medida de la interpretaci\u00f3n que hagan los pa\u00edses de una condici\u00f3n de \u201csequ\u00eda extraordinaria\u201d no definida en el tratado.<\/p>\n<p>Texas est\u00e1 actualmente en sequ\u00eda, y algunos agricultores no pueden regar suficientemente sus cultivos o ganado. Legisladores locales y congresistas han planteado el tema, incluso presentando un <a href=\"https:\/\/www.congress.gov\/bill\/119th-congress\/house-bill\/4779\/cosponsors\">proyecto de ley<\/a> a principios de este a\u00f1o que castigar\u00eda a M\u00e9xico, pero no prosper\u00f3.<\/p>\n<p>El republicano de Texas Jodey Arrington dijo el a\u00f1o pasado en una audiencia de la Comisi\u00f3n de Medios y Arbitrios de la C\u00e1mara de Representantes que la falta de recursos h\u00eddricos provenientes de M\u00e9xico ha llevado a una <a href=\"https:\/\/waysandmeans.house.gov\/wp-content\/uploads\/2024\/10\/04.16.24-Official-Transcript.pdf#page=42\">p\u00e9rdida de US$ 1.000 millones<\/a> en cultivos irrigados en su estado.<\/p>\n<p>Trump ya se hab\u00eda pronunciado sobre el tema antes. En una publicaci\u00f3n de <a href=\"https:\/\/truthsocial.com\/@realDonaldTrump\/posts\/114316141098255318\">Truth Social<\/a> en abril, Trump amenaz\u00f3 de manera similar con un arancel no especificado y posibles sanciones contra M\u00e9xico si no liberaba el agua que le debe a Estados Unidos.<\/p>\n<p>M\u00e9xico es el mayor socio comercial de Estados Unidos, y un arancel adicional del 5 % elevar\u00eda el impuesto sobre los productos mexicanos importados a Estados Unidos al 30 %.<\/p>\n<p>Pero no est\u00e1 claro cu\u00e1nto importar\u00e1n los aranceles, si es que se imponen. La gran mayor\u00eda de los productos mexicanos est\u00e1n actualmente exentos de los aranceles de Trump, siempre que cumplan con el acuerdo de libre comercio entre Estados Unidos, M\u00e9xico y Canad\u00e1.<\/p>\n<p>Pero ese acuerdo est\u00e1 programado para ser revisado en julio, y el Gobierno de Trump ha se\u00f1alado su disposici\u00f3n a <a href=\"https:\/\/www.cnn.com\/2025\/12\/05\/economy\/trump-usmca-tariffs-prices\">dejar que el acuerdo de libre comercio expire<\/a>.<\/p>\n<p>The-CNN-Wire<br \/>&trade; &amp; &copy; 2025 Cable News Network, Inc., a Warner Bros. Discovery Company. All rights reserved.<\/p>\n","protected":false},"excerpt":{"rendered":"<p>El presidente de EE.UU., Donald Trump, dijo el lunes que M\u00e9xico trata injustamente a los agricultores estadounidenses, y amenaz\u00f3 al pa\u00eds con su arma econ\u00f3mica favorita: aranceles m\u00e1s altos. Trump dijo en una publicaci\u00f3n en Truth Social que M\u00e9xico est\u00e1 violando su tratado de agua con Estados Unidos, perjudicando la capacidad de los agricultores de [&hellip;]<\/p>\n","protected":false},"author":0,"featured_media":0,"comment_status":"open","ping_status":"open","sticky":false,"template":"","format":"standard","meta":{"_jetpack_memberships_contains_paid_content":false,"footnotes":""},"categories":[10],"tags":[],"class_list":["post-1469099","post","type-post","status-publish","format-standard","hentry","category-noticias-nacionales","market-global"],"yoast_head":"<!-- This site is optimized with the Yoast SEO plugin v24.4 - https:\/\/yoast.com\/wordpress\/plugins\/seo\/ -->\n<title>Trump amenaza a M\u00e9xico con aranceles a\u00fan m\u00e1s altos - Noticias<\/title>\n<meta name=\"robots\" content=\"index, follow, max-snippet:-1, max-image-preview:large, max-video-preview:-1\" \/>\n<link rel=\"canonical\" href=\"https:\/\/noticiasya.com\/2025\/12\/08\/trump-amenaza-mexico-aranceles-mas-altos-trax\/\" \/>\n<meta property=\"og:locale\" content=\"es_ES\" \/>\n<meta property=\"og:type\" content=\"article\" \/>\n<meta property=\"og:title\" content=\"Trump amenaza a M\u00e9xico con aranceles a\u00fan m\u00e1s altos - Noticias\" \/>\n<meta property=\"og:description\" content=\"El presidente de EE.UU., Donald Trump, dijo el lunes que M\u00e9xico trata injustamente a los agricultores estadounidenses, y amenaz\u00f3 al pa\u00eds con su arma econ\u00f3mica favorita: aranceles m\u00e1s altos. Trump dijo en una publicaci\u00f3n en Truth Social que M\u00e9xico est\u00e1 violando su tratado de agua con Estados Unidos, perjudicando la capacidad de los agricultores de [&hellip;]\" \/>\n<meta property=\"og:url\" content=\"https:\/\/noticiasya.com\/2025\/12\/08\/trump-amenaza-mexico-aranceles-mas-altos-trax\/\" \/>\n<meta property=\"og:site_name\" content=\"Noticias\" \/>\n<meta property=\"article:published_time\" content=\"2025-12-09T04:03:49+00:00\" \/>\n<meta name=\"twitter:card\" content=\"summary_large_image\" \/>\n<meta name=\"twitter:label1\" content=\"Est. reading time\" \/>\n\t<meta name=\"twitter:data1\" content=\"3 minutos\" \/>\n<script type=\"application\/ld+json\" class=\"yoast-schema-graph\">{\"@context\":\"https:\/\/schema.org\",\"@graph\":[{\"@type\":\"Article\",\"@id\":\"https:\/\/noticiasya.com\/2025\/12\/08\/trump-amenaza-mexico-aranceles-mas-altos-trax\/#article\",\"isPartOf\":{\"@id\":\"https:\/\/noticiasya.com\/2025\/12\/08\/trump-amenaza-mexico-aranceles-mas-altos-trax\/\"},\"author\":{\"name\":\"\",\"@id\":\"\"},\"headline\":\"Trump amenaza a M\u00e9xico con aranceles a\u00fan m\u00e1s altos\",\"datePublished\":\"2025-12-09T04:03:49+00:00\",\"mainEntityOfPage\":{\"@id\":\"https:\/\/noticiasya.com\/2025\/12\/08\/trump-amenaza-mexico-aranceles-mas-altos-trax\/\"},\"wordCount\":552,\"commentCount\":0,\"publisher\":{\"@id\":\"https:\/\/noticiasya.com\/#organization\"},\"articleSection\":[\"Noticias Nacionales\"],\"inLanguage\":\"es\",\"potentialAction\":[{\"@type\":\"CommentAction\",\"name\":\"Comment\",\"target\":[\"https:\/\/noticiasya.com\/2025\/12\/08\/trump-amenaza-mexico-aranceles-mas-altos-trax\/#respond\"]}]},{\"@type\":\"WebPage\",\"@id\":\"https:\/\/noticiasya.com\/2025\/12\/08\/trump-amenaza-mexico-aranceles-mas-altos-trax\/\",\"url\":\"https:\/\/noticiasya.com\/2025\/12\/08\/trump-amenaza-mexico-aranceles-mas-altos-trax\/\",\"name\":\"Trump amenaza a M\u00e9xico con aranceles a\u00fan m\u00e1s altos - Noticias\",\"isPartOf\":{\"@id\":\"https:\/\/noticiasya.com\/#website\"},\"datePublished\":\"2025-12-09T04:03:49+00:00\",\"breadcrumb\":{\"@id\":\"https:\/\/noticiasya.com\/2025\/12\/08\/trump-amenaza-mexico-aranceles-mas-altos-trax\/#breadcrumb\"},\"inLanguage\":\"es\",\"potentialAction\":[{\"@type\":\"ReadAction\",\"target\":[\"https:\/\/noticiasya.com\/2025\/12\/08\/trump-amenaza-mexico-aranceles-mas-altos-trax\/\"]}]},{\"@type\":\"BreadcrumbList\",\"@id\":\"https:\/\/noticiasya.com\/2025\/12\/08\/trump-amenaza-mexico-aranceles-mas-altos-trax\/#breadcrumb\",\"itemListElement\":[{\"@type\":\"ListItem\",\"position\":1,\"name\":\"Home\",\"item\":\"https:\/\/noticiasya.com\/\"},{\"@type\":\"ListItem\",\"position\":2,\"name\":\"Trump amenaza a M\u00e9xico con aranceles a\u00fan m\u00e1s altos\"}]},{\"@type\":\"WebSite\",\"@id\":\"https:\/\/noticiasya.com\/#website\",\"url\":\"https:\/\/noticiasya.com\/\",\"name\":\"Noticias\",\"description\":\"Lo que importa\",\"publisher\":{\"@id\":\"https:\/\/noticiasya.com\/#organization\"},\"potentialAction\":[{\"@type\":\"SearchAction\",\"target\":{\"@type\":\"EntryPoint\",\"urlTemplate\":\"https:\/\/noticiasya.com\/?s={search_term_string}\"},\"query-input\":{\"@type\":\"PropertyValueSpecification\",\"valueRequired\":true,\"valueName\":\"search_term_string\"}}],\"inLanguage\":\"es\"},{\"@type\":\"Organization\",\"@id\":\"https:\/\/noticiasya.com\/#organization\",\"name\":\"Noticias\",\"url\":\"https:\/\/noticiasya.com\/\",\"logo\":{\"@type\":\"ImageObject\",\"inLanguage\":\"es\",\"@id\":\"https:\/\/noticiasya.com\/#\/schema\/logo\/image\/\",\"url\":\"https:\/\/noticiasya.com\/wp-content\/uploads\/sites\/22\/2023\/12\/logo-nacional.png\",\"contentUrl\":\"https:\/\/noticiasya.com\/wp-content\/uploads\/sites\/22\/2023\/12\/logo-nacional.png\",\"width\":1801,\"height\":691,\"caption\":\"Noticias\"},\"image\":{\"@id\":\"https:\/\/noticiasya.com\/#\/schema\/logo\/image\/\"}}]}<\/script>\n<!-- \/ Yoast SEO plugin. -->","yoast_head_json":{"title":"Trump amenaza a M\u00e9xico con aranceles a\u00fan m\u00e1s altos - Noticias","robots":{"index":"index","follow":"follow","max-snippet":"max-snippet:-1","max-image-preview":"max-image-preview:large","max-video-preview":"max-video-preview:-1"},"canonical":"https:\/\/noticiasya.com\/2025\/12\/08\/trump-amenaza-mexico-aranceles-mas-altos-trax\/","og_locale":"es_ES","og_type":"article","og_title":"Trump amenaza a M\u00e9xico con aranceles a\u00fan m\u00e1s altos - Noticias","og_description":"El presidente de EE.UU., Donald Trump, dijo el lunes que M\u00e9xico trata injustamente a los agricultores estadounidenses, y amenaz\u00f3 al pa\u00eds con su arma econ\u00f3mica favorita: aranceles m\u00e1s altos. Trump dijo en una publicaci\u00f3n en Truth Social que M\u00e9xico est\u00e1 violando su tratado de agua con Estados Unidos, perjudicando la capacidad de los agricultores de [&hellip;]","og_url":"https:\/\/noticiasya.com\/2025\/12\/08\/trump-amenaza-mexico-aranceles-mas-altos-trax\/","og_site_name":"Noticias","article_published_time":"2025-12-09T04:03:49+00:00","twitter_card":"summary_large_image","twitter_misc":{"Est. reading time":"3 minutos"},"schema":{"@context":"https:\/\/schema.org","@graph":[{"@type":"Article","@id":"https:\/\/noticiasya.com\/2025\/12\/08\/trump-amenaza-mexico-aranceles-mas-altos-trax\/#article","isPartOf":{"@id":"https:\/\/noticiasya.com\/2025\/12\/08\/trump-amenaza-mexico-aranceles-mas-altos-trax\/"},"author":{"name":"","@id":""},"headline":"Trump amenaza a M\u00e9xico con aranceles a\u00fan m\u00e1s altos","datePublished":"2025-12-09T04:03:49+00:00","mainEntityOfPage":{"@id":"https:\/\/noticiasya.com\/2025\/12\/08\/trump-amenaza-mexico-aranceles-mas-altos-trax\/"},"wordCount":552,"commentCount":0,"publisher":{"@id":"https:\/\/noticiasya.com\/#organization"},"articleSection":["Noticias Nacionales"],"inLanguage":"es","potentialAction":[{"@type":"CommentAction","name":"Comment","target":["https:\/\/noticiasya.com\/2025\/12\/08\/trump-amenaza-mexico-aranceles-mas-altos-trax\/#respond"]}]},{"@type":"WebPage","@id":"https:\/\/noticiasya.com\/2025\/12\/08\/trump-amenaza-mexico-aranceles-mas-altos-trax\/","url":"https:\/\/noticiasya.com\/2025\/12\/08\/trump-amenaza-mexico-aranceles-mas-altos-trax\/","name":"Trump amenaza a M\u00e9xico con aranceles a\u00fan m\u00e1s altos - Noticias","isPartOf":{"@id":"https:\/\/noticiasya.com\/#website"},"datePublished":"2025-12-09T04:03:49+00:00","breadcrumb":{"@id":"https:\/\/noticiasya.com\/2025\/12\/08\/trump-amenaza-mexico-aranceles-mas-altos-trax\/#breadcrumb"},"inLanguage":"es","potentialAction":[{"@type":"ReadAction","target":["https:\/\/noticiasya.com\/2025\/12\/08\/trump-amenaza-mexico-aranceles-mas-altos-trax\/"]}]},{"@type":"BreadcrumbList","@id":"https:\/\/noticiasya.com\/2025\/12\/08\/trump-amenaza-mexico-aranceles-mas-altos-trax\/#breadcrumb","itemListElement":[{"@type":"ListItem","position":1,"name":"Home","item":"https:\/\/noticiasya.com\/"},{"@type":"ListItem","position":2,"name":"Trump amenaza a M\u00e9xico con aranceles a\u00fan m\u00e1s altos"}]},{"@type":"WebSite","@id":"https:\/\/noticiasya.com\/#website","url":"https:\/\/noticiasya.com\/","name":"Noticias","description":"Lo que importa","publisher":{"@id":"https:\/\/noticiasya.com\/#organization"},"potentialAction":[{"@type":"SearchAction","target":{"@type":"EntryPoint","urlTemplate":"https:\/\/noticiasya.com\/?s={search_term_string}"},"query-input":{"@type":"PropertyValueSpecification","valueRequired":true,"valueName":"search_term_string"}}],"inLanguage":"es"},{"@type":"Organization","@id":"https:\/\/noticiasya.com\/#organization","name":"Noticias","url":"https:\/\/noticiasya.com\/","logo":{"@type":"ImageObject","inLanguage":"es","@id":"https:\/\/noticiasya.com\/#\/schema\/logo\/image\/","url":"https:\/\/noticiasya.com\/wp-content\/uploads\/sites\/22\/2023\/12\/logo-nacional.png","contentUrl":"https:\/\/noticiasya.com\/wp-content\/uploads\/sites\/22\/2023\/12\/logo-nacional.png","width":1801,"height":691,"caption":"Noticias"},"image":{"@id":"https:\/\/noticiasya.com\/#\/schema\/logo\/image\/"}}]}},"parsely":{"version":"1.1.0","canonical_url":"https:\/\/noticiasya.com\/midland-odessa\/2025\/12\/08\/trump-amenaza-mexico-aranceles-mas-altos-trax\/","smart_links":{"inbound":0,"outbound":0},"traffic_boost_suggestions_count":0,"meta":{"@context":"https:\/\/schema.org","@type":"NewsArticle","headline":"Trump amenaza a M\u00e9xico con aranceles a\u00fan m\u00e1s altos","url":"http:\/\/noticiasya.com\/midland-odessa\/2025\/12\/08\/trump-amenaza-mexico-aranceles-mas-altos-trax\/","mainEntityOfPage":{"@type":"WebPage","@id":"http:\/\/noticiasya.com\/midland-odessa\/2025\/12\/08\/trump-amenaza-mexico-aranceles-mas-altos-trax\/"},"thumbnailUrl":"","image":{"@type":"ImageObject","url":""},"articleSection":"Noticias Nacionales","author":[],"creator":[],"publisher":{"@type":"Organization","name":"Noticias","logo":""},"keywords":[],"dateCreated":"2025-12-09T04:03:49Z","datePublished":"2025-12-09T04:03:49Z","dateModified":"2025-12-09T04:03:49Z"},"rendered":"<script type=\"application\/ld+json\" class=\"wp-parsely-metadata\">{\"@context\":\"https:\\\/\\\/schema.org\",\"@type\":\"NewsArticle\",\"headline\":\"Trump amenaza a M\\u00e9xico con aranceles a\\u00fan m\\u00e1s altos\",\"url\":\"http:\\\/\\\/noticiasya.com\\\/midland-odessa\\\/2025\\\/12\\\/08\\\/trump-amenaza-mexico-aranceles-mas-altos-trax\\\/\",\"mainEntityOfPage\":{\"@type\":\"WebPage\",\"@id\":\"http:\\\/\\\/noticiasya.com\\\/midland-odessa\\\/2025\\\/12\\\/08\\\/trump-amenaza-mexico-aranceles-mas-altos-trax\\\/\"},\"thumbnailUrl\":\"\",\"image\":{\"@type\":\"ImageObject\",\"url\":\"\"},\"articleSection\":\"Noticias Nacionales\",\"author\":[],\"creator\":[],\"publisher\":{\"@type\":\"Organization\",\"name\":\"Noticias\",\"logo\":\"\"},\"keywords\":[],\"dateCreated\":\"2025-12-09T04:03:49Z\",\"datePublished\":\"2025-12-09T04:03:49Z\",\"dateModified\":\"2025-12-09T04:03:49Z\"}<\/script>","tracker_url":"https:\/\/cdn.parsely.com\/keys\/noticiasya.com\/p.js"},"jetpack_featured_media_url":"","jetpack-related-posts":[{"id":1469113,"url":"https:\/\/noticiasya.com\/midland-odessa\/2025\/12\/09\/sheinbaum-acuerdo-eeuu-agua-orix\/","url_meta":{"origin":1469099,"position":0},"title":"Sheinbaum dice estar &#171;convencida&#187; de que llegar\u00e1 a un acuerdo con EE.UU. sobre el agua para evitar nuevos aranceles de Trump","author":"","date":"diciembre 9, 2025","format":false,"excerpt":"La presidenta de M\u00e9xico, Claudia Sheinbaum, afirm\u00f3 este martes que conf\u00eda en alcanzar un acuerdo sobre la entrega del agua a Estados Unidos, tras la amenaza del presidente Donald Trump de imponer aranceles si no cumple con el tratado bilateral.\u201cEntonces yo estoy convencida que como en otras ocasiones, vamos a\u2026","rel":"","context":"In &quot;Noticias Nacionales&quot;","block_context":{"text":"Noticias Nacionales","link":"https:\/\/noticiasya.com\/midland-odessa\/categoria\/noticias-nacionales"},"img":{"alt_text":"","src":"","width":0,"height":0},"classes":[]},{"id":1461098,"url":"https:\/\/noticiasya.com\/midland-odessa\/2025\/04\/11\/tratado-de-aguas-mexico-estados-unidos-guerra-arancelaria-orix\/","url_meta":{"origin":1469099,"position":1},"title":"\u00bfQu\u00e9 es el Tratado de Aguas entre M\u00e9xico y Estados Unidos y por qu\u00e9 es un factor en la guerra arancelaria?","author":"","date":"abril 11, 2025","format":false,"excerpt":"La relaci\u00f3n entre Estados Unidos y M\u00e9xico se complica con un nuevo frente: el agua. La presidenta de M\u00e9xico, Claudia Sheinbaum, respondi\u00f3 este viernes que el tratado firmado por ambos pa\u00edses hace m\u00e1s de 81 a\u00f1os (el 3 de febrero de 1944) es justo, despu\u00e9s de que su hom\u00f3logo de\u2026","rel":"","context":"In &quot;Noticias Nacionales&quot;","block_context":{"text":"Noticias Nacionales","link":"https:\/\/noticiasya.com\/midland-odessa\/categoria\/noticias-nacionales"},"img":{"alt_text":"","src":"","width":0,"height":0},"classes":[]},{"id":1461060,"url":"https:\/\/noticiasya.com\/midland-odessa\/2025\/04\/10\/sheinbaum-responde-trump-incumplimiento-agua-mexico-ee-uu-orix\/","url_meta":{"origin":1469099,"position":2},"title":"Sheinbaum responde ante amenazas de Trump, que se\u00f1ala incumplimiento de tratado de aguas entre M\u00e9xico y EE.UU.","author":"","date":"abril 10, 2025","format":false,"excerpt":"La presidenta de M\u00e9xico, Claudia Sheinbaum, respondi\u00f3 este jueves a las amenazas que el mandatario de Estados Unidos, Donald Trump, lanz\u00f3 al se\u00f1alar incumplimiento a un tratado binacional de aguas que data de mediados del siglo XX.En su cuenta de la red social X, Sheinbaum dijo que su gobierno envi\u00f3\u2026","rel":"","context":"In &quot;Noticias Nacionales&quot;","block_context":{"text":"Noticias Nacionales","link":"https:\/\/noticiasya.com\/midland-odessa\/categoria\/noticias-nacionales"},"img":{"alt_text":"","src":"","width":0,"height":0},"classes":[]},{"id":1461085,"url":"https:\/\/noticiasya.com\/midland-odessa\/2025\/04\/11\/sheinbaum-renegocia-tratado-aguas-trump-orix\/","url_meta":{"origin":1469099,"position":3},"title":"Tras nuevas amenazas de Trump, Sheinbaum descarta renegociar tratado de aguas con EE.UU.: &#171;Es un tratado justo&#187;","author":"","date":"abril 11, 2025","format":false,"excerpt":"La presidenta de M\u00e9xico, Claudia Sheinbaum, descart\u00f3 este viernes renegociar el tratado de aguas de 1944 con Estados Unidos y asegur\u00f3 que, en realidad, ese pa\u00eds entrega m\u00e1s agua que M\u00e9xico \u201cporque as\u00ed es la cantidad de agua que hay en cada lugar, no es m\u00e1s que eso\u201d.\u201cNo creo que\u2026","rel":"","context":"In &quot;Noticias Nacionales&quot;","block_context":{"text":"Noticias Nacionales","link":"https:\/\/noticiasya.com\/midland-odessa\/categoria\/noticias-nacionales"},"img":{"alt_text":"","src":"","width":0,"height":0},"classes":[]},{"id":1459631,"url":"https:\/\/noticiasya.com\/midland-odessa\/2025\/03\/07\/trump-nuevos-aranceles-canada-lacteos-trax\/","url_meta":{"origin":1469099,"position":4},"title":"Trump amenaza con nuevos aranceles a Canad\u00e1, incluido un impuesto del 250% a los productos l\u00e1cteos","author":"","date":"marzo 7, 2025","format":false,"excerpt":"Un d\u00eda despu\u00e9s de ofrecer a Canad\u00e1 un aplazamiento de un mes a los aranceles generalizados del 25%, el presidente de Estados Unidos, Donald Trump, amenaz\u00f3 este viernes con nuevos aranceles sobre la madera y los productos l\u00e1cteos canadienses.\u201cCanad\u00e1 nos ha estado estafando durante a\u00f1os con la madera y los\u2026","rel":"","context":"In &quot;Noticias Nacionales&quot;","block_context":{"text":"Noticias Nacionales","link":"https:\/\/noticiasya.com\/midland-odessa\/categoria\/noticias-nacionales"},"img":{"alt_text":"","src":"","width":0,"height":0},"classes":[]},{"id":1450441,"url":"https:\/\/noticiasya.com\/midland-odessa\/2024\/06\/17\/guerra-agua-mexico-estados-unidos-trax\/","url_meta":{"origin":1469099,"position":5},"title":"Se avecina una guerra por el agua entre M\u00e9xico y Estados Unidos. Ninguno la ganar\u00e1","author":"","date":"junio 17, 2024","format":false,"excerpt":"(CNN) -- Las tensiones aumentan en una disputa fronteriza entre Estados Unidos y M\u00e9xico. Pero este conflicto no tiene que ver con la migraci\u00f3n, sino con el agua.En virtud de un tratado de 80 a\u00f1os de antig\u00fcedad, Estados Unidos y M\u00e9xico comparten las aguas del r\u00edo Colorado y del r\u00edo\u2026","rel":"","context":"In &quot;Noticias Nacionales&quot;","block_context":{"text":"Noticias Nacionales","link":"https:\/\/noticiasya.com\/midland-odessa\/categoria\/noticias-nacionales"},"img":{"alt_text":"","src":"","width":0,"height":0},"classes":[]}],"jetpack_sharing_enabled":true,"_links":{"self":[{"href":"https:\/\/noticiasya.com\/midland-odessa\/wp-json\/wp\/v2\/posts\/1469099","targetHints":{"allow":["GET"]}}],"collection":[{"href":"https:\/\/noticiasya.com\/midland-odessa\/wp-json\/wp\/v2\/posts"}],"about":[{"href":"https:\/\/noticiasya.com\/midland-odessa\/wp-json\/wp\/v2\/types\/post"}],"replies":[{"embeddable":true,"href":"https:\/\/noticiasya.com\/midland-odessa\/wp-json\/wp\/v2\/comments?post=1469099"}],"version-history":[{"count":0,"href":"https:\/\/noticiasya.com\/midland-odessa\/wp-json\/wp\/v2\/posts\/1469099\/revisions"}],"wp:attachment":[{"href":"https:\/\/noticiasya.com\/midland-odessa\/wp-json\/wp\/v2\/media?parent=1469099"}],"wp:term":[{"taxonomy":"category","embeddable":true,"href":"https:\/\/noticiasya.com\/midland-odessa\/wp-json\/wp\/v2\/categories?post=1469099"},{"taxonomy":"post_tag","embeddable":true,"href":"https:\/\/noticiasya.com\/midland-odessa\/wp-json\/wp\/v2\/tags?post=1469099"}],"curies":[{"name":"wp","href":"https:\/\/api.w.org\/{rel}","templated":true}]}}