{"id":1469100,"date":"2025-12-08T23:03:44","date_gmt":"2025-12-09T07:03:44","guid":{"rendered":"https:\/\/noticiasya.com\/2025\/12\/08\/analisis-respuesta-culpa-ucrania-economia-biden-trax\/"},"modified":"2025-12-08T23:03:44","modified_gmt":"2025-12-09T07:03:44","slug":"analisis-respuesta-culpa-ucrania-economia-biden-trax","status":"publish","type":"post","link":"https:\/\/noticiasya.com\/midland-odessa\/2025\/12\/08\/analisis-respuesta-culpa-ucrania-economia-biden-trax\/","title":{"rendered":"La respuesta de Trump a todo: culpar a Biden"},"content":{"rendered":"<p>Parece que ha pasado una eternidad desde que Joe Biden estuvo en la Oficina Oval, en proporci\u00f3n con la agitaci\u00f3n y la transformaci\u00f3n que vive Estados Unidos desde que el expresidente regres\u00f3 a su casa en Delaware.<\/p>\n<p>Pero una persona en Washington nunca deja de obsesionarse con el 46\u00ba presidente, su predecesor y sucesor.<\/p>\n<p>Donald Trump rara vez aparece en p\u00fablico sin quejarse de las pol\u00edticas de Biden o insultar su capacidad mental o f\u00edsica.<\/p>\n<p>Su obsesi\u00f3n delata una profunda antipat\u00eda y rencor personal y pol\u00edtico hacia un predecesor que ha abandonado la escena pol\u00edtica. Adem\u00e1s, se basa en los fracasos de Biden, especialmente en relaci\u00f3n con la oleada inmigratoria en la frontera sur y el legado de altos precios al consumidor.<\/p>\n<p>Sin embargo, la propia posici\u00f3n pol\u00edtica deteriorada de Trump plantea preguntas sobre la viabilidad a largo plazo de su estrategia de centrarse todo el tiempo en Biden. Despu\u00e9s de todo, el expresidente ya ha corrido su carrera pol\u00edtica. Trump ahora est\u00e1 en el poder. Y los votantes a\u00fan no est\u00e1n contentos.<\/p>\n<p>\u201cHeredamos un desastre total de la administraci\u00f3n Biden\u201d, declar\u00f3 Trump el lunes al inaugurar un foro sobre su <a href=\"https:\/\/www.cnn.com\/2025\/12\/08\/politics\/farm-aid-package-trump-tariffs\">rescate de US$ 12.000 millones para los agricultores<\/a>. Su propia guerra arancelaria con China hizo necesaria esta medida, pero Trump culp\u00f3 a Biden de los problemas de la agricultura.<\/p>\n<p>No son solo las granjas. Todo es culpa de Biden, seg\u00fan Trump.<\/p>\n<p>\u00bfProblemas en la industria automotriz? Culpen a Biden, como hizo Trump la semana pasada, al afirmar que <a href=\"https:\/\/www.cnn.com\/2025\/12\/03\/politics\/fuel-economy-standards-rollback-trump\">oficialmente pon\u00eda fin a las<\/a> \u201crid\u00edculamente onerosas\u201d normas de eficiencia de combustible de su predecesor, introducidas para combatir el cambio clim\u00e1tico, una crisis que el actual presidente ignora.<\/p>\n<p>\u00bfY qu\u00e9 hay de la guerra en Ucrania que Trump prometi\u00f3 terminar en 24 horas? Eso tambi\u00e9n es culpa de Biden, dice Trump, ya que Rusia nunca habr\u00eda invadido el pa\u00eds en 2022 si \u00e9l todav\u00eda estuviera en el cargo. \u201cFue la guerra de Joe Biden, no la m\u00eda\u201d, <a href=\"https:\/\/www.youtube.com\/watch?v=dAvuTHIyUTo\">declar\u00f3 Trump en \u201c60 Minutes\u201d<\/a> en noviembre.<\/p>\n<p>El presidente ha recibido cr\u00edticas por la crisis de asequibilidad. Pero insiste en que Biden la caus\u00f3. \u201cHered\u00e9 la peor inflaci\u00f3n de la historia\u201d, dijo, <a href=\"https:\/\/www.cnn.com\/2025\/12\/02\/politics\/fact-check-trump-cabinet-meeting\">falsamente<\/a>, la semana pasada en una reuni\u00f3n de gabinete. \u201cNo hab\u00eda asequibilidad. Nadie pod\u00eda permitirse nada\u201d.<\/p>\n<p>El nombre de Biden se mencion\u00f3 m\u00e1s de 30 veces, lo que demuestra que los subordinados de Trump saben que hay una forma segura de complacer al jefe: culpar a su predecesor.<\/p>\n<p>Tras el asesinato a tiros de dos miembros de la Guardia Nacional en Washington, el mes pasado, presuntamente perpetrado por <a href=\"https:\/\/www.cnn.com\/2025\/11\/30\/politics\/dc-shooting-suspect-rahmanullah-lakanwal\">un afgano<\/a> que trabaj\u00f3 con la CIA durante la guerra m\u00e1s larga de Estados Unidos, Trump atribuy\u00f3 la culpa a la ca\u00f3tica retirada de Afganist\u00e1n, orquestada por \u201cun presidente desastroso, el peor en la historia de nuestro pa\u00eds\u201d.<\/p>\n<p>Si bien el presunto agresor lleg\u00f3 a Estados Unidos durante el mandato de Biden, se le concedi\u00f3 asilo durante la segunda presidencia de Trump. El mandatario ignor\u00f3 las cr\u00edticas de que expuso a las tropas de la Guardia Nacional al enviarlas a ciudades estadounidenses.<\/p>\n<p>Cuando Trump fue criticado por <a href=\"https:\/\/www.cnn.com\/2025\/12\/02\/politics\/juan-orlando-hernandez-pardon\">indultar a un expresidente hondure\u00f1o<\/a> que cumpl\u00eda una condena federal de 45 a\u00f1os por tr\u00e1fico de drogas, afirm\u00f3 que la condena era una \u201ctrampa de Biden\u201d.<\/p>\n<p>El presidente llev\u00f3 su obsesi\u00f3n con Biden al terreno de la autocr\u00edtica antes del D\u00eda de Acci\u00f3n de Gracias. \u201cEl a\u00f1o pasado us\u00f3 un bol\u00edgrafo autom\u00e1tico para el indulto de los pavos\u201d, se quej\u00f3 Trump.<\/p>\n<p>\u00bfPor qu\u00e9 Trump no puede dejar ir a Biden?<\/p>\n<p>Una raz\u00f3n es que siempre necesita un adversario. Su b\u00fasqueda de dominio depende de derrotar constantemente a sus oponentes. Y no puede dejar pasar los resentimientos.<\/p>\n<p>La antipat\u00eda de Trump por su antiguo rival tambi\u00e9n parece genuinamente personal. No sorprende, quiz\u00e1s, ya que culpa al dem\u00f3crata de orquestar las acusaciones penales que enfrent\u00f3 tras su primer mandato. (Biden siempre insisti\u00f3 en que el Departamento de Justicia y los fiscales locales actuaron sin consultar a la Casa Blanca).<\/p>\n<p>Trump tambi\u00e9n est\u00e1 cruelmente preocupado por la agudeza f\u00edsica y mental del expresidente de 83 a\u00f1os dentro y fuera del cargo.<\/p>\n<p>El s\u00e1bado, Trump record\u00f3 haber jugado al golf con Gary Player, nueve veces campe\u00f3n de un major. \u201cTiene 90 a\u00f1os\u2026 el otro d\u00eda hizo un 70 conmigo. Adem\u00e1s, jugamos bastante atr\u00e1s. Es incre\u00edble. \u00bfCrees que Biden podr\u00eda hacer eso? No lo creo, no sabe ni levantar un palo\u201d, <a href=\"https:\/\/x.com\/Acyn\/status\/1997477773896716446?s=20\">dijo Trump<\/a> en una recepci\u00f3n para los homenajeados del Centro Kennedy.<\/p>\n<p>A sus 79 a\u00f1os, Trump se muestra orgulloso y vanidoso al creer que est\u00e1 en mejor forma que Biden. Pero dado que, una vez m\u00e1s, es el hombre de mayor edad en prestar juramento inaugural y ha visto a Biden envejecer visiblemente en el cargo, \u00bfacaso un escalofr\u00edo de miedo tambi\u00e9n invade los pensamientos del presidente?<\/p>\n<p>De vez en cuando, Trump insin\u00faa nostalgia por su mortalidad, incluso mientras insiste en que est\u00e1 en una forma casi sobrehumana.<\/p>\n<p>\u201cLes avisar\u00e9 cuando algo ande mal. Alg\u00fan d\u00eda lo habr\u00e1. Eso nos va a pasar a todos. Pero ahora mismo, creo que estoy m\u00e1s alerta que hace 25 a\u00f1os. \u00bfPero qui\u00e9n sabe?\u201d, coment\u00f3 en la reuni\u00f3n de gabinete la semana pasada, durante la cual pareci\u00f3 <a href=\"https:\/\/www.cnn.com\/2025\/12\/02\/politics\/sleep-trump-biden\">quedarse dormido<\/a>.<\/p>\n<p>Hay otra posible ra\u00edz de la obsesi\u00f3n de Trump con Biden. La vida es dura para un presidente en ejercicio. El historial de Biden es un blanco f\u00e1cil. Pero las pol\u00edticas de Trump ahora est\u00e1n causando su propio da\u00f1o.<\/p>\n<p>A pesar de la firme negativa del presidente a creerlo, los aranceles aumentan los costos para los consumidores. Y su falta de disposici\u00f3n para igualar los vastos paquetes de armas y municiones de Biden para Ucrania explica, en parte, por qu\u00e9 Rusia siente que tiene el lujo de continuar librando la guerra.<\/p>\n<p>Los votantes ahora buscan respuestas en Trump, no en Biden. Despu\u00e9s de todo, fue \u00e9l quien concibi\u00f3 una imagen dist\u00f3pica de un Estados Unidos acosado por la indigencia y la violencia y prometi\u00f3 \u201c<a href=\"https:\/\/www.cnn.com\/2019\/02\/13\/politics\/donald-trump-immigration-wall-congress-executive-power\/index.html?utm_term=link&#038;utm_medium=social&#038;utm_source=fbCNN&#038;utm_content=2019-02-13T11%3A00%3A32&#038;fbclid=IwY2xjawOkXCBleHRuA2FlbQIxMQBicmlkETF2MVpNbENYZTdzanloQ1Rnc3J0YwZhcHBfaWQQMjIyMDM5MTc4ODIwMDg5MgABHutZI_WF-u6xh4NNrDBexyVm-6DFZ2U2910dC2kDTgw-AiS5VPn6jhJ6hIZf_aem_jY1diEj6AIHCvOeTiZCGFw\">Solo yo puedo solucionarlo<\/a>\u201d en 2016.<\/p>\n<p>Aun as\u00ed, la ret\u00f3rica m\u00e1s descabellada de Trump contiene algo de verdad. Si la presidencia de Biden hubiera sido un \u00e9xito rotundo, Trump no estar\u00eda en el cargo.<\/p>\n<p>La negaci\u00f3n del expresidente ante la crisis inmigratoria y el aumento de la inflaci\u00f3n influy\u00f3 enormemente en la decisi\u00f3n de muchos votantes de darle a Trump una segunda oportunidad en la Casa Blanca.<\/p>\n<p>Y la decisi\u00f3n del expresidente de buscar un segundo mandato a pesar de su avanzada edad culmin\u00f3 en un desempe\u00f1o desastroso en el debate que lo llev\u00f3 a abandonar su campa\u00f1a y una secuencia de eventos que culminaron en la reelecci\u00f3n de Trump.<\/p>\n<p>Trump est\u00e1 lejos de ser el primer presidente que culpa a su predecesor. Toda la presidencia de Biden, especialmente durante sus primeros meses oscuros durante la pandemia, fue una reprimenda impl\u00edcita a Trump.<\/p>\n<p>Biden culp\u00f3 de la debacle de la retirada afgana al calendario de su predecesor. Y bas\u00f3 su desafortunada campa\u00f1a de reelecci\u00f3n en la advertencia de que el regreso de Trump quebrantar\u00eda el alma de Estados Unidos.<\/p>\n<p>El presidente Barack Obama convirti\u00f3 en un arte culpar a su predecesor, el presidente George W. Bush, por la crisis financiera que enfrent\u00f3 en 2009. Sigui\u00f3 haci\u00e9ndolo durante su campa\u00f1a de reelecci\u00f3n. \u201cNos hemos asegurado de hacer todo lo posible para salir de este incre\u00edble agujero que hered\u00e9\u201d, <a href=\"https:\/\/obamawhitehouse.archives.gov\/the-press-office\/2012\/02\/23\/remarks-president-campaign-event-0\">manifest\u00f3 Obama<\/a> en 2012.<\/p>\n<p>El juego de culpas nunca termina.<\/p>\n<p>El vicepresidente J.D. Vance anticip\u00f3 un posible tema de campa\u00f1a para la administraci\u00f3n, que intenta desafiar la gravedad pol\u00edtica de cara a las elecciones intermedias del pr\u00f3ximo a\u00f1o, al intentar desviar la culpa de la crisis de asequibilidad.<\/p>\n<p>\u201cEl enga\u00f1o es la idea de que es culpa nuestra y no de los dem\u00f3cratas. Y creo que esa narrativa es una completa tonter\u00eda\u201d, declar\u00f3 a <a href=\"https:\/\/www.nbcnews.com\/politics\/jd-vance\/vance-says-antisemitism-isnt-exploding-right-rcna247414\" rel=\"noopener noreferrer\" target=\"_blank\">la NBC<\/a> en una entrevista la semana pasada.<\/p>\n<p>Pero el problema para la administraci\u00f3n es que los votantes \u2014quienes a diferencia de Trump viven en el presente\u2014 no lo aceptan.<\/p>\n<p>En una <a href=\"https:\/\/static.foxnews.com\/foxnews.com\/content\/uploads\/2025\/11\/fox_november-14-17-2025_national_topline_november-19-release.pdf\">encuesta de Fox News<\/a> del mes pasado, el 62 % de los estadounidenses afirm\u00f3 culpar a Trump por la situaci\u00f3n econ\u00f3mica actual, mientras que el 32 % culp\u00f3 a Biden. El \u00edndice de aprobaci\u00f3n de Trump se sit\u00faa en el 39 % seg\u00fan <a href=\"https:\/\/www.cnn.com\/polling\/approval\/trump-cnn-poll-of-polls\">el promedio de las encuestas de CNN<\/a>.<\/p>\n<p>Los resultados de los sondeos de opini\u00f3n son algo por lo que el presidente a\u00fan no ha culpado a su predecesor. Aunque probablemente lo har\u00eda si pudiera.<\/p>\n<p>The-CNN-Wire<br \/>&trade; &amp; &copy; 2025 Cable News Network, Inc., a Warner Bros. Discovery Company. All rights reserved.<\/p>\n","protected":false},"excerpt":{"rendered":"<p>Parece que ha pasado una eternidad desde que Joe Biden estuvo en la Oficina Oval, en proporci\u00f3n con la agitaci\u00f3n y la transformaci\u00f3n que vive Estados Unidos desde que el expresidente regres\u00f3 a su casa en Delaware. Pero una persona en Washington nunca deja de obsesionarse con el 46\u00ba presidente, su predecesor y sucesor. Donald [&hellip;]<\/p>\n","protected":false},"author":0,"featured_media":0,"comment_status":"open","ping_status":"open","sticky":false,"template":"","format":"standard","meta":{"_jetpack_memberships_contains_paid_content":false,"footnotes":""},"categories":[10],"tags":[],"class_list":["post-1469100","post","type-post","status-publish","format-standard","hentry","category-noticias-nacionales","market-global"],"yoast_head":"<!-- This site is optimized with the Yoast SEO plugin v24.4 - https:\/\/yoast.com\/wordpress\/plugins\/seo\/ -->\n<title>La respuesta de Trump a todo: culpar a Biden - Noticias<\/title>\n<meta name=\"robots\" content=\"index, follow, max-snippet:-1, max-image-preview:large, max-video-preview:-1\" \/>\n<link rel=\"canonical\" href=\"https:\/\/noticiasya.com\/2025\/12\/08\/analisis-respuesta-culpa-ucrania-economia-biden-trax\/\" \/>\n<meta property=\"og:locale\" content=\"es_ES\" \/>\n<meta property=\"og:type\" content=\"article\" \/>\n<meta property=\"og:title\" content=\"La respuesta de Trump a todo: culpar a Biden - Noticias\" \/>\n<meta property=\"og:description\" content=\"Parece que ha pasado una eternidad desde que Joe Biden estuvo en la Oficina Oval, en proporci\u00f3n con la agitaci\u00f3n y la transformaci\u00f3n que vive Estados Unidos desde que el expresidente regres\u00f3 a su casa en Delaware. Pero una persona en Washington nunca deja de obsesionarse con el 46\u00ba presidente, su predecesor y sucesor. Donald [&hellip;]\" \/>\n<meta property=\"og:url\" content=\"https:\/\/noticiasya.com\/2025\/12\/08\/analisis-respuesta-culpa-ucrania-economia-biden-trax\/\" \/>\n<meta property=\"og:site_name\" content=\"Noticias\" \/>\n<meta property=\"article:published_time\" content=\"2025-12-09T07:03:44+00:00\" \/>\n<meta name=\"twitter:card\" content=\"summary_large_image\" \/>\n<meta name=\"twitter:label1\" content=\"Est. reading time\" \/>\n\t<meta name=\"twitter:data1\" content=\"8 minutos\" \/>\n<script type=\"application\/ld+json\" class=\"yoast-schema-graph\">{\"@context\":\"https:\/\/schema.org\",\"@graph\":[{\"@type\":\"Article\",\"@id\":\"https:\/\/noticiasya.com\/2025\/12\/08\/analisis-respuesta-culpa-ucrania-economia-biden-trax\/#article\",\"isPartOf\":{\"@id\":\"https:\/\/noticiasya.com\/2025\/12\/08\/analisis-respuesta-culpa-ucrania-economia-biden-trax\/\"},\"author\":{\"name\":\"\",\"@id\":\"\"},\"headline\":\"La respuesta de Trump a todo: culpar a Biden\",\"datePublished\":\"2025-12-09T07:03:44+00:00\",\"mainEntityOfPage\":{\"@id\":\"https:\/\/noticiasya.com\/2025\/12\/08\/analisis-respuesta-culpa-ucrania-economia-biden-trax\/\"},\"wordCount\":1526,\"commentCount\":0,\"publisher\":{\"@id\":\"https:\/\/noticiasya.com\/#organization\"},\"articleSection\":[\"Noticias Nacionales\"],\"inLanguage\":\"es\",\"potentialAction\":[{\"@type\":\"CommentAction\",\"name\":\"Comment\",\"target\":[\"https:\/\/noticiasya.com\/2025\/12\/08\/analisis-respuesta-culpa-ucrania-economia-biden-trax\/#respond\"]}]},{\"@type\":\"WebPage\",\"@id\":\"https:\/\/noticiasya.com\/2025\/12\/08\/analisis-respuesta-culpa-ucrania-economia-biden-trax\/\",\"url\":\"https:\/\/noticiasya.com\/2025\/12\/08\/analisis-respuesta-culpa-ucrania-economia-biden-trax\/\",\"name\":\"La respuesta de Trump a todo: culpar a Biden - Noticias\",\"isPartOf\":{\"@id\":\"https:\/\/noticiasya.com\/#website\"},\"datePublished\":\"2025-12-09T07:03:44+00:00\",\"breadcrumb\":{\"@id\":\"https:\/\/noticiasya.com\/2025\/12\/08\/analisis-respuesta-culpa-ucrania-economia-biden-trax\/#breadcrumb\"},\"inLanguage\":\"es\",\"potentialAction\":[{\"@type\":\"ReadAction\",\"target\":[\"https:\/\/noticiasya.com\/2025\/12\/08\/analisis-respuesta-culpa-ucrania-economia-biden-trax\/\"]}]},{\"@type\":\"BreadcrumbList\",\"@id\":\"https:\/\/noticiasya.com\/2025\/12\/08\/analisis-respuesta-culpa-ucrania-economia-biden-trax\/#breadcrumb\",\"itemListElement\":[{\"@type\":\"ListItem\",\"position\":1,\"name\":\"Home\",\"item\":\"https:\/\/noticiasya.com\/\"},{\"@type\":\"ListItem\",\"position\":2,\"name\":\"La respuesta de Trump a todo: culpar a Biden\"}]},{\"@type\":\"WebSite\",\"@id\":\"https:\/\/noticiasya.com\/#website\",\"url\":\"https:\/\/noticiasya.com\/\",\"name\":\"Noticias\",\"description\":\"Lo que importa\",\"publisher\":{\"@id\":\"https:\/\/noticiasya.com\/#organization\"},\"potentialAction\":[{\"@type\":\"SearchAction\",\"target\":{\"@type\":\"EntryPoint\",\"urlTemplate\":\"https:\/\/noticiasya.com\/?s={search_term_string}\"},\"query-input\":{\"@type\":\"PropertyValueSpecification\",\"valueRequired\":true,\"valueName\":\"search_term_string\"}}],\"inLanguage\":\"es\"},{\"@type\":\"Organization\",\"@id\":\"https:\/\/noticiasya.com\/#organization\",\"name\":\"Noticias\",\"url\":\"https:\/\/noticiasya.com\/\",\"logo\":{\"@type\":\"ImageObject\",\"inLanguage\":\"es\",\"@id\":\"https:\/\/noticiasya.com\/#\/schema\/logo\/image\/\",\"url\":\"https:\/\/noticiasya.com\/wp-content\/uploads\/sites\/22\/2023\/12\/logo-nacional.png\",\"contentUrl\":\"https:\/\/noticiasya.com\/wp-content\/uploads\/sites\/22\/2023\/12\/logo-nacional.png\",\"width\":1801,\"height\":691,\"caption\":\"Noticias\"},\"image\":{\"@id\":\"https:\/\/noticiasya.com\/#\/schema\/logo\/image\/\"}}]}<\/script>\n<!-- \/ Yoast SEO plugin. -->","yoast_head_json":{"title":"La respuesta de Trump a todo: culpar a Biden - Noticias","robots":{"index":"index","follow":"follow","max-snippet":"max-snippet:-1","max-image-preview":"max-image-preview:large","max-video-preview":"max-video-preview:-1"},"canonical":"https:\/\/noticiasya.com\/2025\/12\/08\/analisis-respuesta-culpa-ucrania-economia-biden-trax\/","og_locale":"es_ES","og_type":"article","og_title":"La respuesta de Trump a todo: culpar a Biden - Noticias","og_description":"Parece que ha pasado una eternidad desde que Joe Biden estuvo en la Oficina Oval, en proporci\u00f3n con la agitaci\u00f3n y la transformaci\u00f3n que vive Estados Unidos desde que el expresidente regres\u00f3 a su casa en Delaware. Pero una persona en Washington nunca deja de obsesionarse con el 46\u00ba presidente, su predecesor y sucesor. Donald [&hellip;]","og_url":"https:\/\/noticiasya.com\/2025\/12\/08\/analisis-respuesta-culpa-ucrania-economia-biden-trax\/","og_site_name":"Noticias","article_published_time":"2025-12-09T07:03:44+00:00","twitter_card":"summary_large_image","twitter_misc":{"Est. reading time":"8 minutos"},"schema":{"@context":"https:\/\/schema.org","@graph":[{"@type":"Article","@id":"https:\/\/noticiasya.com\/2025\/12\/08\/analisis-respuesta-culpa-ucrania-economia-biden-trax\/#article","isPartOf":{"@id":"https:\/\/noticiasya.com\/2025\/12\/08\/analisis-respuesta-culpa-ucrania-economia-biden-trax\/"},"author":{"name":"","@id":""},"headline":"La respuesta de Trump a todo: culpar a Biden","datePublished":"2025-12-09T07:03:44+00:00","mainEntityOfPage":{"@id":"https:\/\/noticiasya.com\/2025\/12\/08\/analisis-respuesta-culpa-ucrania-economia-biden-trax\/"},"wordCount":1526,"commentCount":0,"publisher":{"@id":"https:\/\/noticiasya.com\/#organization"},"articleSection":["Noticias Nacionales"],"inLanguage":"es","potentialAction":[{"@type":"CommentAction","name":"Comment","target":["https:\/\/noticiasya.com\/2025\/12\/08\/analisis-respuesta-culpa-ucrania-economia-biden-trax\/#respond"]}]},{"@type":"WebPage","@id":"https:\/\/noticiasya.com\/2025\/12\/08\/analisis-respuesta-culpa-ucrania-economia-biden-trax\/","url":"https:\/\/noticiasya.com\/2025\/12\/08\/analisis-respuesta-culpa-ucrania-economia-biden-trax\/","name":"La respuesta de Trump a todo: culpar a Biden - Noticias","isPartOf":{"@id":"https:\/\/noticiasya.com\/#website"},"datePublished":"2025-12-09T07:03:44+00:00","breadcrumb":{"@id":"https:\/\/noticiasya.com\/2025\/12\/08\/analisis-respuesta-culpa-ucrania-economia-biden-trax\/#breadcrumb"},"inLanguage":"es","potentialAction":[{"@type":"ReadAction","target":["https:\/\/noticiasya.com\/2025\/12\/08\/analisis-respuesta-culpa-ucrania-economia-biden-trax\/"]}]},{"@type":"BreadcrumbList","@id":"https:\/\/noticiasya.com\/2025\/12\/08\/analisis-respuesta-culpa-ucrania-economia-biden-trax\/#breadcrumb","itemListElement":[{"@type":"ListItem","position":1,"name":"Home","item":"https:\/\/noticiasya.com\/"},{"@type":"ListItem","position":2,"name":"La respuesta de Trump a todo: culpar a Biden"}]},{"@type":"WebSite","@id":"https:\/\/noticiasya.com\/#website","url":"https:\/\/noticiasya.com\/","name":"Noticias","description":"Lo que importa","publisher":{"@id":"https:\/\/noticiasya.com\/#organization"},"potentialAction":[{"@type":"SearchAction","target":{"@type":"EntryPoint","urlTemplate":"https:\/\/noticiasya.com\/?s={search_term_string}"},"query-input":{"@type":"PropertyValueSpecification","valueRequired":true,"valueName":"search_term_string"}}],"inLanguage":"es"},{"@type":"Organization","@id":"https:\/\/noticiasya.com\/#organization","name":"Noticias","url":"https:\/\/noticiasya.com\/","logo":{"@type":"ImageObject","inLanguage":"es","@id":"https:\/\/noticiasya.com\/#\/schema\/logo\/image\/","url":"https:\/\/noticiasya.com\/wp-content\/uploads\/sites\/22\/2023\/12\/logo-nacional.png","contentUrl":"https:\/\/noticiasya.com\/wp-content\/uploads\/sites\/22\/2023\/12\/logo-nacional.png","width":1801,"height":691,"caption":"Noticias"},"image":{"@id":"https:\/\/noticiasya.com\/#\/schema\/logo\/image\/"}}]}},"parsely":{"version":"1.1.0","canonical_url":"https:\/\/noticiasya.com\/midland-odessa\/2025\/12\/08\/analisis-respuesta-culpa-ucrania-economia-biden-trax\/","smart_links":{"inbound":0,"outbound":0},"traffic_boost_suggestions_count":0,"meta":{"@context":"https:\/\/schema.org","@type":"NewsArticle","headline":"La respuesta de Trump a todo: culpar a Biden","url":"http:\/\/noticiasya.com\/midland-odessa\/2025\/12\/08\/analisis-respuesta-culpa-ucrania-economia-biden-trax\/","mainEntityOfPage":{"@type":"WebPage","@id":"http:\/\/noticiasya.com\/midland-odessa\/2025\/12\/08\/analisis-respuesta-culpa-ucrania-economia-biden-trax\/"},"thumbnailUrl":"","image":{"@type":"ImageObject","url":""},"articleSection":"Noticias Nacionales","author":[],"creator":[],"publisher":{"@type":"Organization","name":"Noticias","logo":""},"keywords":[],"dateCreated":"2025-12-09T07:03:44Z","datePublished":"2025-12-09T07:03:44Z","dateModified":"2025-12-09T07:03:44Z"},"rendered":"<script type=\"application\/ld+json\" class=\"wp-parsely-metadata\">{\"@context\":\"https:\\\/\\\/schema.org\",\"@type\":\"NewsArticle\",\"headline\":\"La respuesta de Trump a todo: culpar a Biden\",\"url\":\"http:\\\/\\\/noticiasya.com\\\/midland-odessa\\\/2025\\\/12\\\/08\\\/analisis-respuesta-culpa-ucrania-economia-biden-trax\\\/\",\"mainEntityOfPage\":{\"@type\":\"WebPage\",\"@id\":\"http:\\\/\\\/noticiasya.com\\\/midland-odessa\\\/2025\\\/12\\\/08\\\/analisis-respuesta-culpa-ucrania-economia-biden-trax\\\/\"},\"thumbnailUrl\":\"\",\"image\":{\"@type\":\"ImageObject\",\"url\":\"\"},\"articleSection\":\"Noticias Nacionales\",\"author\":[],\"creator\":[],\"publisher\":{\"@type\":\"Organization\",\"name\":\"Noticias\",\"logo\":\"\"},\"keywords\":[],\"dateCreated\":\"2025-12-09T07:03:44Z\",\"datePublished\":\"2025-12-09T07:03:44Z\",\"dateModified\":\"2025-12-09T07:03:44Z\"}<\/script>","tracker_url":"https:\/\/cdn.parsely.com\/keys\/noticiasya.com\/p.js"},"jetpack_featured_media_url":"","jetpack-related-posts":[{"id":1451061,"url":"https:\/\/noticiasya.com\/midland-odessa\/2024\/07\/11\/conclusiones-conferencia-prensa-biden-otan-elecciones-trax\/","url_meta":{"origin":1469100,"position":0},"title":"Conclusiones de la conferencia de prensa de Biden sobre la OTAN","author":"","date":"julio 11, 2024","format":false,"excerpt":"Washington (CNN) \u2013\u2013 El presidente de Estados Unidos Joe Biden particip\u00f3 este jueves en la conferencia de prensa de mayor importancia de su carrera pol\u00edtica al margen de la cumbre de la OTAN, con el objetivo de convencer a sus detractores y seguidores de que es capaz de cumplir otros\u2026","rel":"","context":"In &quot;Noticias Nacionales&quot;","block_context":{"text":"Noticias Nacionales","link":"https:\/\/noticiasya.com\/midland-odessa\/categoria\/noticias-nacionales"},"img":{"alt_text":"","src":"","width":0,"height":0},"classes":[]},{"id":1451111,"url":"https:\/\/noticiasya.com\/midland-odessa\/2024\/07\/15\/analisis-trump-resurge-nacion-traumatizada-campana-transformada-trax\/","url_meta":{"origin":1469100,"position":1},"title":"AN\u00c1LISIS | Trump resurge ante una naci\u00f3n traumatizada y una campa\u00f1a transformada tras su intento de magnicidio","author":"","date":"julio 15, 2024","format":false,"excerpt":"(CNN) -- Donald Trump resurgir\u00e1 tras un intento de magnicidio como un h\u00e9roe m\u00edtico a\u00fan mayor de su movimiento MAGA con la Convenci\u00f3n Nacional Republicana que se inaugura este lunes tras dos semanas extraordinarias que han transformado la campa\u00f1a de 2024.M\u00e1s de 24 horas despu\u00e9s, el horror del tiroteo del\u2026","rel":"","context":"In &quot;Noticias Nacionales&quot;","block_context":{"text":"Noticias Nacionales","link":"https:\/\/noticiasya.com\/midland-odessa\/categoria\/noticias-nacionales"},"img":{"alt_text":"","src":"","width":0,"height":0},"classes":[]},{"id":1457566,"url":"https:\/\/noticiasya.com\/midland-odessa\/2025\/01\/16\/despedida-biden-discurso-analisis-trax\/","url_meta":{"origin":1469100,"position":2},"title":"AN\u00c1LISIS | La conmovedora despedida de Biden se detiene en sus temores por el pa\u00eds que ama","author":"","date":"enero 16, 2025","format":false,"excerpt":"El presidente Joe Biden dijo que su presidencia ser\u00eda un puente, y lo fue.Pero no lo construy\u00f3 para una nueva generaci\u00f3n dem\u00f3crata.En cambio, es el presidente que se qued\u00f3 demasiado tiempo y cuya administraci\u00f3n se arque\u00f3 as\u00ed entre dos mandatos de una n\u00e9mesis al que una vez derrot\u00f3 y luego\u2026","rel":"","context":"In &quot;Noticias Nacionales&quot;","block_context":{"text":"Noticias Nacionales","link":"https:\/\/noticiasya.com\/midland-odessa\/categoria\/noticias-nacionales"},"img":{"alt_text":"","src":"","width":0,"height":0},"classes":[]},{"id":1450758,"url":"https:\/\/noticiasya.com\/midland-odessa\/2024\/06\/27\/cnn-verifica-trump-biden-afirmaciones-fact-check-trax\/","url_meta":{"origin":1469100,"position":3},"title":"CNN verifica las afirmaciones de Trump y Biden en el debate","author":"","date":"junio 27, 2024","format":false,"excerpt":"(CNN) -- El presidente Joe Biden y el expresidente Donald Trump se enfrentaron durante el debate presidencial de CNN en Atlanta el jueves por la noche. A continuaci\u00f3n se muestran algunas verificaciones de sus afirmaciones.CNN Verifica: lo que dijo Biden sobre los comentarios de Trump acerca del covid-19El presidente de\u2026","rel":"","context":"In &quot;Noticias Nacionales&quot;","block_context":{"text":"Noticias Nacionales","link":"https:\/\/noticiasya.com\/midland-odessa\/categoria\/noticias-nacionales"},"img":{"alt_text":"","src":"","width":0,"height":0},"classes":[]},{"id":1468752,"url":"https:\/\/noticiasya.com\/midland-odessa\/2025\/11\/27\/quien-es-rahmanullah-lakanwal-sospechoso-tiroteo-washington-orix\/","url_meta":{"origin":1469100,"position":4},"title":"\u00bfQui\u00e9n es Rahmanullah Lakanwal, el afgano sospechoso del tiroteo en Washington?","author":"","date":"noviembre 27, 2025","format":false,"excerpt":"Dos miembros de la Guardia Nacional de Virginia Occidental permanecen en estado cr\u00edtico despu\u00e9s de que un hombre armado abriera fuego cerca de la Casa Blanca en la v\u00edspera del D\u00eda de Acci\u00f3n de Gracias, un ataque que intensific\u00f3 a\u00fan m\u00e1s la ya encendida ofensiva migratoria del presidente Donald Trump.El\u2026","rel":"","context":"In &quot;Noticias Nacionales&quot;","block_context":{"text":"Noticias Nacionales","link":"https:\/\/noticiasya.com\/midland-odessa\/categoria\/noticias-nacionales"},"img":{"alt_text":"","src":"","width":0,"height":0},"classes":[]},{"id":1468740,"url":"https:\/\/noticiasya.com\/midland-odessa\/2025\/11\/26\/trump-culpa-biden-inmigrantes-tiroteo-washington-trax\/","url_meta":{"origin":1469100,"position":5},"title":"Tras tiroteo en la ciudad de Washington, Trump critica a Biden por la verificaci\u00f3n de antecedentes de los inmigrantes","author":"","date":"noviembre 26, 2025","format":false,"excerpt":"El presidente Donald Trump adopt\u00f3 un tono sombr\u00edo en un breve discurso a la naci\u00f3n la noche de este mi\u00e9rcoles, criticando al expresidente Joe Biden por la verificaci\u00f3n de antecedentes de inmigrantes despu\u00e9s de que un hombre disparara a dos miembros de la Guardia Nacional esta tarde cerca de la\u2026","rel":"","context":"In &quot;Noticias Nacionales&quot;","block_context":{"text":"Noticias Nacionales","link":"https:\/\/noticiasya.com\/midland-odessa\/categoria\/noticias-nacionales"},"img":{"alt_text":"","src":"","width":0,"height":0},"classes":[]}],"jetpack_sharing_enabled":true,"_links":{"self":[{"href":"https:\/\/noticiasya.com\/midland-odessa\/wp-json\/wp\/v2\/posts\/1469100","targetHints":{"allow":["GET"]}}],"collection":[{"href":"https:\/\/noticiasya.com\/midland-odessa\/wp-json\/wp\/v2\/posts"}],"about":[{"href":"https:\/\/noticiasya.com\/midland-odessa\/wp-json\/wp\/v2\/types\/post"}],"replies":[{"embeddable":true,"href":"https:\/\/noticiasya.com\/midland-odessa\/wp-json\/wp\/v2\/comments?post=1469100"}],"version-history":[{"count":0,"href":"https:\/\/noticiasya.com\/midland-odessa\/wp-json\/wp\/v2\/posts\/1469100\/revisions"}],"wp:attachment":[{"href":"https:\/\/noticiasya.com\/midland-odessa\/wp-json\/wp\/v2\/media?parent=1469100"}],"wp:term":[{"taxonomy":"category","embeddable":true,"href":"https:\/\/noticiasya.com\/midland-odessa\/wp-json\/wp\/v2\/categories?post=1469100"},{"taxonomy":"post_tag","embeddable":true,"href":"https:\/\/noticiasya.com\/midland-odessa\/wp-json\/wp\/v2\/tags?post=1469100"}],"curies":[{"name":"wp","href":"https:\/\/api.w.org\/{rel}","templated":true}]}}