{"id":1469101,"date":"2025-12-09T01:03:42","date_gmt":"2025-12-09T09:03:42","guid":{"rendered":"https:\/\/noticiasya.com\/2025\/12\/09\/exclusivo-familias-migrantes-centro-detencion-ice-trax\/"},"modified":"2025-12-09T01:03:42","modified_gmt":"2025-12-09T09:03:42","slug":"exclusivo-familias-migrantes-centro-detencion-ice-trax","status":"publish","type":"post","link":"https:\/\/noticiasya.com\/midland-odessa\/2025\/12\/09\/exclusivo-familias-migrantes-centro-detencion-ice-trax\/","title":{"rendered":"Exclusivo: Familias migrantes pintan un panorama sombr\u00edo de centro de detenci\u00f3n de ICE en Texas, seg\u00fan documentos judiciales"},"content":{"rendered":"<p>Familias inmigrantes retenidas en un centro de detenci\u00f3n en Texas describen estad\u00edas prolongadas, ni\u00f1os abatidos, acceso limitado a agua potable y agentes que ofrecen dinero para que las familias abandonen el pa\u00eds voluntariamente, seg\u00fan nuevas declaraciones judiciales presentadas la madrugada de este martes.<\/p>\n<p>Los documentos describen un retrato del interior del Centro Residencial Familiar del Sur de Texas en Dilley, Texas, una instalaci\u00f3n del Servicio de Inmigraci\u00f3n y Control de Aduanas.<\/p>\n<p>Hasta noviembre, hab\u00eda en esta instalaci\u00f3n alrededor de 160 familias que hab\u00edan cruzado la frontera entre Estados Unidos y M\u00e9xico o hab\u00edan sido detenidas por autoridades en Estados Unidos como parte de la amplia ofensiva de la administraci\u00f3n Trump.<\/p>\n<p>Los funcionarios de la administraci\u00f3n se han jactado de <a href=\"https:\/\/www.cnn.com\/2025\/12\/05\/us\/cities-prepare-ice-immigration-raids\">miles de arrestos<\/a> desde que el presidente Donald Trump asumi\u00f3 el cargo, a menudo catalogando a quienes son objeto de arresto como amenazas a la seguridad p\u00fablica y nacional.<\/p>\n<p>Pero entre las personas detenidas, en lugares como los controles de ICE y los retenes vehiculares, se encuentran familias indocumentadas.<\/p>\n<p>La detenci\u00f3n familiar, que se expandi\u00f3 durante la administraci\u00f3n del expresidente Barack Obama, se suspendi\u00f3 durante la administraci\u00f3n Biden antes de reanudarse este a\u00f1o.<\/p>\n<p>El centro de Dilley, concebido como un centro de detenci\u00f3n residencial, no como un centro penal, est\u00e1 dise\u00f1ado para albergar familias, con una serie de remolques beige con espacios dedicados a biblioteca, gimnasio y aula. En Dilley hay desde beb\u00e9s hasta adolescentes.<\/p>\n<p>Pero los defensores de los inmigrantes y los abogados han expresado sistem\u00e1ticamente la alarma sobre la detenci\u00f3n de ni\u00f1os.<\/p>\n<p>\u201cCuando estuvimos en Dilley hace unas semanas, las condiciones de confinamiento y el trato a las familias parecen haber empeorado, y las familias denunciaron preocupaciones terribles, como la negaci\u00f3n de atenci\u00f3n m\u00e9dica cr\u00edtica, gusanos y moho en los alimentos que hacen que los ni\u00f1os enfermen, y amenazas de separaci\u00f3n familiar por parte de los oficiales y el personal\u201d, denunci\u00f3 Leecia Welch, subdirectora de litigios de Children\u2019s Rights, que ha estado en Dilley seis veces este a\u00f1o.<\/p>\n<p>\u201cLas familias nos dicen que sus hijos est\u00e1n d\u00e9biles, desmayados, p\u00e1lidos y a menudo lloran porque tienen mucha hambre\u201d, a\u00f1adi\u00f3.<\/p>\n<p>CNN contact\u00f3 al Departamento de Seguridad Nacional para obtener comentarios. El Gobierno ha declarado en documentos judiciales recientes que ya est\u00e1 abordando algunas de las cuestiones planteadas por los detenidos.<\/p>\n<p>Los nuevos documentos judiciales muestran que los detenidos en Dilley alegan que sus condiciones m\u00e9dicas son mal tratadas, sus hijos no pueden comer la comida que se les proporciona, las habitaciones est\u00e1n abarrotadas y la iluminaci\u00f3n dificulta el sue\u00f1o.<\/p>\n<p>\u201cEsto es una prisi\u00f3n, un verdadero infierno. No es un buen lugar para nadie. Todos los ni\u00f1os sufren. Las madres lloran, sobre todo por sus hijos. Todos sufrimos\u201d, declar\u00f3 NGC, una madre de 29 a\u00f1os detenida con su hija de 5. (Los documentos judiciales identifican a los detenidos solo por sus iniciales).<\/p>\n<p>M\u00e1s de 100 familias compartieron testimonios con abogados de inmigraci\u00f3n entre mayo y noviembre como parte del Acuerdo Flores de 1997, que exige que el Gobierno libere a los ni\u00f1os de la custodia gubernamental sin demoras innecesarias a sus patrocinadores, como sus padres o familiares adultos, y establece las condiciones bajo las cuales se les retiene.<\/p>\n<p>Todas las familias que presentaron declaraciones llevaban semanas en el centro y se encontraban en diversas etapas de sus tr\u00e1mites inmigratorios para permanecer en Estados Unidos. Las \u00faltimas declaraciones corresponden al per\u00edodo comprendido entre septiembre y noviembre.<\/p>\n<p>\u201cHice todo bien seg\u00fan el sistema de inmigraci\u00f3n de aqu\u00ed, \u00bfy ahora qui\u00e9n va a pagar mis cuentas? \u00bfMi apartamento? \u00bfLas facturas del tel\u00e9fono? \u00bfHe perdido mi trabajo? Y si nos liberan, \u00bfpueden simplemente detenernos de nuevo? No lo entiendo\u201d, manifest\u00f3 JVDA, una madre de 32 a\u00f1os detenida con su esposo y sus tres hijos, de entre seis y 16 a\u00f1os.<\/p>\n<p>Varios detenidos describieron c\u00f3mo sus hijos languidec\u00edan en medio de la incertidumbre de su detenci\u00f3n.<\/p>\n<p>\u201cMi hija tiene una actitud completamente diferente ahora. No quiere jugar con los otros ni\u00f1os\u2026 No quiere comer por sus emociones. Siempre ha sido una gran comilona. La comida le resulta demasiado pesada. Es picante y pesada. Ha perdido peso por no comer\u201d, coment\u00f3 JRF, una madre de 26 a\u00f1os que ha estado detenida en Dilley con su hija de 5.<\/p>\n<p>\u201cLos ni\u00f1os aqu\u00ed pueden ponerse tristes cuando deportan a alguien o sus amigos se van. Est\u00e1n cansados \u200b\u200bde hacer lo mismo todos los d\u00edas. Intentamos ayudar a los que est\u00e1n tristes y les ense\u00f1amos a jugar un juego nuevo. A veces, los ni\u00f1os no comen cuando est\u00e1n tristes\u201d, apunt\u00f3 NTG, un joven de 16 a\u00f1os detenido en Dilley.<\/p>\n<p>Las familias tambi\u00e9n han expresado su preocupaci\u00f3n por el agua disponible. Aseguran que el agua del grifo tiene un sabor desagradable y la embotellada es limitada.<\/p>\n<p>\u201cAqu\u00ed no se puede beber agua. Huele fatal y nos duele mucho el est\u00f3mago. Tenemos que comprarla en el comisariato si tenemos dinero. En el comedor hay leche y jugo, pero no hay agua. Los guardias dicen: \u2018Esto es todo. Si no te gusta, c\u00f3mprala en la tienda\u2019\u201d, indic\u00f3 JRF.<\/p>\n<p>\u201cOjal\u00e1 tuvi\u00e9ramos m\u00e1s agua aqu\u00ed. Solo tienen para beber durante el d\u00eda jugo de manzana y leche. Nos dicen que la del grifo no es buena. A veces bebo agua del lavabo, pero me duele la garganta y me provoca mucha tos\u201d, sostuvo NTG.<\/p>\n<p>Varios detenidos dijeron que tuvieron que comprar productos de higiene en el economato del centro de detenci\u00f3n porque el jab\u00f3n que les daban para ba\u00f1arse, lavarse las manos y limpiarse el cabello no era suficiente para mantenerse limpios.<\/p>\n<p>En una presentaci\u00f3n judicial a principios de este mes, el Servicio de Inmigraci\u00f3n y Control de Aduanas (ICE) present\u00f3 un informe sobre las instalaciones de Dilley, que aborda el servicio de alimentos, el agua y las mejoras en curso.<\/p>\n<p>Por ejemplo, se instalaron filtros de agua Brita en las viviendas y se cambi\u00f3 la iluminaci\u00f3n de las salas de estar por bombillas de luz \u201cblanca suave\u201d, aunque permanecen encendidas durante la noche, seg\u00fan el informe.<\/p>\n<p>\u201cA trav\u00e9s de una supervisi\u00f3n sostenida, un sistema de inspecci\u00f3n de m\u00faltiples niveles y capacitaci\u00f3n continua del personal, ICE ha construido una base de responsabilidad y transparencia en el cuidado de los menores y las familias bajo su custodia\u201d, concluy\u00f3 el informe.<\/p>\n<p>Los abogados de inmigraci\u00f3n presentaron las declaraciones judiciales detallando la experiencia de los detenidos como respuesta al documento del Gobierno.<\/p>\n<p>\u201cLas declaraciones contrastan marcadamente con la informaci\u00f3n que ICE est\u00e1 proporcionando al tribunal\u201d, manifest\u00f3 Welch.<\/p>\n<p>Una madre de 31 a\u00f1os que fue detenida mientras viajaba de Nueva York a Miami, declar\u00f3 que los funcionarios del aeropuerto de Miami amenazaron con quitarle a su hija de 9 a\u00f1os si la madre no respond\u00eda preguntas.<\/p>\n<p>Una vez en Dilley, la mujer, identificada como MMS, indic\u00f3 que los funcionarios amenazaban a los detenidos con castigos por infracciones simples. Asegur\u00f3 que nunca le dieron orientaci\u00f3n legal ni una presentaci\u00f3n sobre sus derechos. En cambio, \u201cel \u00fanico tema que ICE ha tratado es c\u00f3mo autodeportarse\u201d, escribi\u00f3.<\/p>\n<p>Varias familias tambi\u00e9n describieron los incentivos financieros que ofrecen las autoridades migratorias para salir voluntariamente de Estados Unidos.<\/p>\n<p>El Gobierno ha estado presionando a los inmigrantes indocumentados para que se autodeporten, ofreci\u00e9ndoles un estipendio de US$ 1.000, que se pagar\u00e1 despu\u00e9s de confirmar su regreso a casa.<\/p>\n<p>\u201cUn agente de ICE tambi\u00e9n nos dijo que ten\u00edamos que firmar un formulario de salida voluntaria para que nos dieran US$ 1.000. Dijo: tienen que firmarlo porque, de lo contrario, nunca m\u00e1s podr\u00e1n entrar a Estados Unidos\u201d, coment\u00f3 JVDA.<\/p>\n<p>El acuerdo de conciliaci\u00f3n de Flores no proh\u00edbe al Gobierno federal deportar a un ni\u00f1o y su familia, pero establece que los menores no pueden permanecer en detenci\u00f3n inmigratoria durante per\u00edodos prolongados y se debe considerar su liberaci\u00f3n.<\/p>\n<p>Algunos padres instaron a las autoridades a permitir que sus hijos sean entregados a familiares en Estados Unidos y que s\u00f3lo mantengan detenidos a los adultos, con la esperanza de proporcionarles alg\u00fan alivio.<\/p>\n<p>\u201cQuiero que pueda terminar la preparatoria y defender su caso en la corte de inmigraci\u00f3n. No es una decisi\u00f3n f\u00e1cil para una madre, especialmente cuando mi hijo y yo somos tan unidos. Lo amo profundamente. Y por eso, quiero darle la oportunidad que merece de ser libre\u201d, declar\u00f3 QG, una madre detenida con su hijo de 16 a\u00f1os.<\/p>\n<p>The-CNN-Wire<br \/>&trade; &amp; &copy; 2025 Cable News Network, Inc., a Warner Bros. Discovery Company. All rights reserved.<\/p>\n","protected":false},"excerpt":{"rendered":"<p>Familias inmigrantes retenidas en un centro de detenci\u00f3n en Texas describen estad\u00edas prolongadas, ni\u00f1os abatidos, acceso limitado a agua potable y agentes que ofrecen dinero para que las familias abandonen el pa\u00eds voluntariamente, seg\u00fan nuevas declaraciones judiciales presentadas la madrugada de este martes. Los documentos describen un retrato del interior del Centro Residencial Familiar del [&hellip;]<\/p>\n","protected":false},"author":0,"featured_media":0,"comment_status":"open","ping_status":"open","sticky":false,"template":"","format":"standard","meta":{"_jetpack_memberships_contains_paid_content":false,"footnotes":""},"categories":[10],"tags":[],"class_list":["post-1469101","post","type-post","status-publish","format-standard","hentry","category-noticias-nacionales","market-global"],"yoast_head":"<!-- This site is optimized with the Yoast SEO plugin v24.4 - https:\/\/yoast.com\/wordpress\/plugins\/seo\/ -->\n<title>Exclusivo: Familias migrantes pintan un panorama sombr\u00edo de centro de detenci\u00f3n de ICE en Texas, seg\u00fan documentos judiciales - Noticias<\/title>\n<meta name=\"robots\" content=\"index, follow, max-snippet:-1, max-image-preview:large, max-video-preview:-1\" \/>\n<link rel=\"canonical\" href=\"https:\/\/noticiasya.com\/2025\/12\/09\/exclusivo-familias-migrantes-centro-detencion-ice-trax\/\" \/>\n<meta property=\"og:locale\" content=\"es_ES\" \/>\n<meta property=\"og:type\" content=\"article\" \/>\n<meta property=\"og:title\" content=\"Exclusivo: Familias migrantes pintan un panorama sombr\u00edo de centro de detenci\u00f3n de ICE en Texas, seg\u00fan documentos judiciales - Noticias\" \/>\n<meta property=\"og:description\" content=\"Familias inmigrantes retenidas en un centro de detenci\u00f3n en Texas describen estad\u00edas prolongadas, ni\u00f1os abatidos, acceso limitado a agua potable y agentes que ofrecen dinero para que las familias abandonen el pa\u00eds voluntariamente, seg\u00fan nuevas declaraciones judiciales presentadas la madrugada de este martes. Los documentos describen un retrato del interior del Centro Residencial Familiar del [&hellip;]\" \/>\n<meta property=\"og:url\" content=\"https:\/\/noticiasya.com\/2025\/12\/09\/exclusivo-familias-migrantes-centro-detencion-ice-trax\/\" \/>\n<meta property=\"og:site_name\" content=\"Noticias\" \/>\n<meta property=\"article:published_time\" content=\"2025-12-09T09:03:42+00:00\" \/>\n<meta name=\"twitter:card\" content=\"summary_large_image\" \/>\n<meta name=\"twitter:label1\" content=\"Est. reading time\" \/>\n\t<meta name=\"twitter:data1\" content=\"7 minutos\" \/>\n<script type=\"application\/ld+json\" class=\"yoast-schema-graph\">{\"@context\":\"https:\/\/schema.org\",\"@graph\":[{\"@type\":\"Article\",\"@id\":\"https:\/\/noticiasya.com\/2025\/12\/09\/exclusivo-familias-migrantes-centro-detencion-ice-trax\/#article\",\"isPartOf\":{\"@id\":\"https:\/\/noticiasya.com\/2025\/12\/09\/exclusivo-familias-migrantes-centro-detencion-ice-trax\/\"},\"author\":{\"name\":\"\",\"@id\":\"\"},\"headline\":\"Exclusivo: Familias migrantes pintan un panorama sombr\u00edo de centro de detenci\u00f3n de ICE en Texas, seg\u00fan documentos judiciales\",\"datePublished\":\"2025-12-09T09:03:42+00:00\",\"mainEntityOfPage\":{\"@id\":\"https:\/\/noticiasya.com\/2025\/12\/09\/exclusivo-familias-migrantes-centro-detencion-ice-trax\/\"},\"wordCount\":1505,\"commentCount\":0,\"publisher\":{\"@id\":\"https:\/\/noticiasya.com\/#organization\"},\"articleSection\":[\"Noticias Nacionales\"],\"inLanguage\":\"es\",\"potentialAction\":[{\"@type\":\"CommentAction\",\"name\":\"Comment\",\"target\":[\"https:\/\/noticiasya.com\/2025\/12\/09\/exclusivo-familias-migrantes-centro-detencion-ice-trax\/#respond\"]}]},{\"@type\":\"WebPage\",\"@id\":\"https:\/\/noticiasya.com\/2025\/12\/09\/exclusivo-familias-migrantes-centro-detencion-ice-trax\/\",\"url\":\"https:\/\/noticiasya.com\/2025\/12\/09\/exclusivo-familias-migrantes-centro-detencion-ice-trax\/\",\"name\":\"Exclusivo: Familias migrantes pintan un panorama sombr\u00edo de centro de detenci\u00f3n de ICE en Texas, seg\u00fan documentos judiciales - Noticias\",\"isPartOf\":{\"@id\":\"https:\/\/noticiasya.com\/#website\"},\"datePublished\":\"2025-12-09T09:03:42+00:00\",\"breadcrumb\":{\"@id\":\"https:\/\/noticiasya.com\/2025\/12\/09\/exclusivo-familias-migrantes-centro-detencion-ice-trax\/#breadcrumb\"},\"inLanguage\":\"es\",\"potentialAction\":[{\"@type\":\"ReadAction\",\"target\":[\"https:\/\/noticiasya.com\/2025\/12\/09\/exclusivo-familias-migrantes-centro-detencion-ice-trax\/\"]}]},{\"@type\":\"BreadcrumbList\",\"@id\":\"https:\/\/noticiasya.com\/2025\/12\/09\/exclusivo-familias-migrantes-centro-detencion-ice-trax\/#breadcrumb\",\"itemListElement\":[{\"@type\":\"ListItem\",\"position\":1,\"name\":\"Home\",\"item\":\"https:\/\/noticiasya.com\/\"},{\"@type\":\"ListItem\",\"position\":2,\"name\":\"Exclusivo: Familias migrantes pintan un panorama sombr\u00edo de centro de detenci\u00f3n de ICE en Texas, seg\u00fan documentos judiciales\"}]},{\"@type\":\"WebSite\",\"@id\":\"https:\/\/noticiasya.com\/#website\",\"url\":\"https:\/\/noticiasya.com\/\",\"name\":\"Noticias\",\"description\":\"Lo que importa\",\"publisher\":{\"@id\":\"https:\/\/noticiasya.com\/#organization\"},\"potentialAction\":[{\"@type\":\"SearchAction\",\"target\":{\"@type\":\"EntryPoint\",\"urlTemplate\":\"https:\/\/noticiasya.com\/?s={search_term_string}\"},\"query-input\":{\"@type\":\"PropertyValueSpecification\",\"valueRequired\":true,\"valueName\":\"search_term_string\"}}],\"inLanguage\":\"es\"},{\"@type\":\"Organization\",\"@id\":\"https:\/\/noticiasya.com\/#organization\",\"name\":\"Noticias\",\"url\":\"https:\/\/noticiasya.com\/\",\"logo\":{\"@type\":\"ImageObject\",\"inLanguage\":\"es\",\"@id\":\"https:\/\/noticiasya.com\/#\/schema\/logo\/image\/\",\"url\":\"https:\/\/noticiasya.com\/wp-content\/uploads\/sites\/22\/2023\/12\/logo-nacional.png\",\"contentUrl\":\"https:\/\/noticiasya.com\/wp-content\/uploads\/sites\/22\/2023\/12\/logo-nacional.png\",\"width\":1801,\"height\":691,\"caption\":\"Noticias\"},\"image\":{\"@id\":\"https:\/\/noticiasya.com\/#\/schema\/logo\/image\/\"}}]}<\/script>\n<!-- \/ Yoast SEO plugin. -->","yoast_head_json":{"title":"Exclusivo: Familias migrantes pintan un panorama sombr\u00edo de centro de detenci\u00f3n de ICE en Texas, seg\u00fan documentos judiciales - Noticias","robots":{"index":"index","follow":"follow","max-snippet":"max-snippet:-1","max-image-preview":"max-image-preview:large","max-video-preview":"max-video-preview:-1"},"canonical":"https:\/\/noticiasya.com\/2025\/12\/09\/exclusivo-familias-migrantes-centro-detencion-ice-trax\/","og_locale":"es_ES","og_type":"article","og_title":"Exclusivo: Familias migrantes pintan un panorama sombr\u00edo de centro de detenci\u00f3n de ICE en Texas, seg\u00fan documentos judiciales - Noticias","og_description":"Familias inmigrantes retenidas en un centro de detenci\u00f3n en Texas describen estad\u00edas prolongadas, ni\u00f1os abatidos, acceso limitado a agua potable y agentes que ofrecen dinero para que las familias abandonen el pa\u00eds voluntariamente, seg\u00fan nuevas declaraciones judiciales presentadas la madrugada de este martes. Los documentos describen un retrato del interior del Centro Residencial Familiar del [&hellip;]","og_url":"https:\/\/noticiasya.com\/2025\/12\/09\/exclusivo-familias-migrantes-centro-detencion-ice-trax\/","og_site_name":"Noticias","article_published_time":"2025-12-09T09:03:42+00:00","twitter_card":"summary_large_image","twitter_misc":{"Est. reading time":"7 minutos"},"schema":{"@context":"https:\/\/schema.org","@graph":[{"@type":"Article","@id":"https:\/\/noticiasya.com\/2025\/12\/09\/exclusivo-familias-migrantes-centro-detencion-ice-trax\/#article","isPartOf":{"@id":"https:\/\/noticiasya.com\/2025\/12\/09\/exclusivo-familias-migrantes-centro-detencion-ice-trax\/"},"author":{"name":"","@id":""},"headline":"Exclusivo: Familias migrantes pintan un panorama sombr\u00edo de centro de detenci\u00f3n de ICE en Texas, seg\u00fan documentos judiciales","datePublished":"2025-12-09T09:03:42+00:00","mainEntityOfPage":{"@id":"https:\/\/noticiasya.com\/2025\/12\/09\/exclusivo-familias-migrantes-centro-detencion-ice-trax\/"},"wordCount":1505,"commentCount":0,"publisher":{"@id":"https:\/\/noticiasya.com\/#organization"},"articleSection":["Noticias Nacionales"],"inLanguage":"es","potentialAction":[{"@type":"CommentAction","name":"Comment","target":["https:\/\/noticiasya.com\/2025\/12\/09\/exclusivo-familias-migrantes-centro-detencion-ice-trax\/#respond"]}]},{"@type":"WebPage","@id":"https:\/\/noticiasya.com\/2025\/12\/09\/exclusivo-familias-migrantes-centro-detencion-ice-trax\/","url":"https:\/\/noticiasya.com\/2025\/12\/09\/exclusivo-familias-migrantes-centro-detencion-ice-trax\/","name":"Exclusivo: Familias migrantes pintan un panorama sombr\u00edo de centro de detenci\u00f3n de ICE en Texas, seg\u00fan documentos judiciales - Noticias","isPartOf":{"@id":"https:\/\/noticiasya.com\/#website"},"datePublished":"2025-12-09T09:03:42+00:00","breadcrumb":{"@id":"https:\/\/noticiasya.com\/2025\/12\/09\/exclusivo-familias-migrantes-centro-detencion-ice-trax\/#breadcrumb"},"inLanguage":"es","potentialAction":[{"@type":"ReadAction","target":["https:\/\/noticiasya.com\/2025\/12\/09\/exclusivo-familias-migrantes-centro-detencion-ice-trax\/"]}]},{"@type":"BreadcrumbList","@id":"https:\/\/noticiasya.com\/2025\/12\/09\/exclusivo-familias-migrantes-centro-detencion-ice-trax\/#breadcrumb","itemListElement":[{"@type":"ListItem","position":1,"name":"Home","item":"https:\/\/noticiasya.com\/"},{"@type":"ListItem","position":2,"name":"Exclusivo: Familias migrantes pintan un panorama sombr\u00edo de centro de detenci\u00f3n de ICE en Texas, seg\u00fan documentos judiciales"}]},{"@type":"WebSite","@id":"https:\/\/noticiasya.com\/#website","url":"https:\/\/noticiasya.com\/","name":"Noticias","description":"Lo que importa","publisher":{"@id":"https:\/\/noticiasya.com\/#organization"},"potentialAction":[{"@type":"SearchAction","target":{"@type":"EntryPoint","urlTemplate":"https:\/\/noticiasya.com\/?s={search_term_string}"},"query-input":{"@type":"PropertyValueSpecification","valueRequired":true,"valueName":"search_term_string"}}],"inLanguage":"es"},{"@type":"Organization","@id":"https:\/\/noticiasya.com\/#organization","name":"Noticias","url":"https:\/\/noticiasya.com\/","logo":{"@type":"ImageObject","inLanguage":"es","@id":"https:\/\/noticiasya.com\/#\/schema\/logo\/image\/","url":"https:\/\/noticiasya.com\/wp-content\/uploads\/sites\/22\/2023\/12\/logo-nacional.png","contentUrl":"https:\/\/noticiasya.com\/wp-content\/uploads\/sites\/22\/2023\/12\/logo-nacional.png","width":1801,"height":691,"caption":"Noticias"},"image":{"@id":"https:\/\/noticiasya.com\/#\/schema\/logo\/image\/"}}]}},"parsely":{"version":"1.1.0","canonical_url":"https:\/\/noticiasya.com\/midland-odessa\/2025\/12\/09\/exclusivo-familias-migrantes-centro-detencion-ice-trax\/","smart_links":{"inbound":0,"outbound":0},"traffic_boost_suggestions_count":0,"meta":{"@context":"https:\/\/schema.org","@type":"NewsArticle","headline":"Exclusivo: Familias migrantes pintan un panorama sombr\u00edo de centro de detenci\u00f3n de ICE en Texas, seg\u00fan documentos judiciales","url":"http:\/\/noticiasya.com\/midland-odessa\/2025\/12\/09\/exclusivo-familias-migrantes-centro-detencion-ice-trax\/","mainEntityOfPage":{"@type":"WebPage","@id":"http:\/\/noticiasya.com\/midland-odessa\/2025\/12\/09\/exclusivo-familias-migrantes-centro-detencion-ice-trax\/"},"thumbnailUrl":"","image":{"@type":"ImageObject","url":""},"articleSection":"Noticias Nacionales","author":[],"creator":[],"publisher":{"@type":"Organization","name":"Noticias","logo":""},"keywords":[],"dateCreated":"2025-12-09T09:03:42Z","datePublished":"2025-12-09T09:03:42Z","dateModified":"2025-12-09T09:03:42Z"},"rendered":"<script type=\"application\/ld+json\" class=\"wp-parsely-metadata\">{\"@context\":\"https:\\\/\\\/schema.org\",\"@type\":\"NewsArticle\",\"headline\":\"Exclusivo: Familias migrantes pintan un panorama sombr\\u00edo de centro de detenci\\u00f3n de ICE en Texas, seg\\u00fan documentos judiciales\",\"url\":\"http:\\\/\\\/noticiasya.com\\\/midland-odessa\\\/2025\\\/12\\\/09\\\/exclusivo-familias-migrantes-centro-detencion-ice-trax\\\/\",\"mainEntityOfPage\":{\"@type\":\"WebPage\",\"@id\":\"http:\\\/\\\/noticiasya.com\\\/midland-odessa\\\/2025\\\/12\\\/09\\\/exclusivo-familias-migrantes-centro-detencion-ice-trax\\\/\"},\"thumbnailUrl\":\"\",\"image\":{\"@type\":\"ImageObject\",\"url\":\"\"},\"articleSection\":\"Noticias Nacionales\",\"author\":[],\"creator\":[],\"publisher\":{\"@type\":\"Organization\",\"name\":\"Noticias\",\"logo\":\"\"},\"keywords\":[],\"dateCreated\":\"2025-12-09T09:03:42Z\",\"datePublished\":\"2025-12-09T09:03:42Z\",\"dateModified\":\"2025-12-09T09:03:42Z\"}<\/script>","tracker_url":"https:\/\/cdn.parsely.com\/keys\/noticiasya.com\/p.js"},"jetpack_featured_media_url":"","jetpack-related-posts":[{"id":1459598,"url":"https:\/\/noticiasya.com\/midland-odessa\/2025\/03\/06\/gobierno-trump-reabrira-centro-detencion-familias-inmigrantes-texas-trax\/","url_meta":{"origin":1469101,"position":0},"title":"Gobierno de Trump reabrir\u00e1 un gran centro de detenci\u00f3n de familias inmigrantes en Texas","author":"","date":"marzo 6, 2025","format":false,"excerpt":"El Gobierno de Trump reabrir\u00e1 un centro de detenci\u00f3n de familias inmigrantes en Texas, seg\u00fan la empresa que gestiona la instalaci\u00f3n.El Centro Residencial Familiar del Sur de Texas en Dilley, Texas, se reabrir\u00e1 bajo un nuevo acuerdo con la ciudad y el Servicio de Inmigraci\u00f3n y Control de Aduanas de\u2026","rel":"","context":"In &quot;Noticias Nacionales&quot;","block_context":{"text":"Noticias Nacionales","link":"https:\/\/noticiasya.com\/midland-odessa\/categoria\/noticias-nacionales"},"img":{"alt_text":"","src":"","width":0,"height":0},"classes":[]},{"id":1472030,"url":"https:\/\/noticiasya.com\/midland-odessa\/2026\/03\/09\/ice-hermanos-mariachi-texas-trax\/","url_meta":{"origin":1469101,"position":1},"title":"ICE libera a los &#171;hermanos mariachi&#187; que estaban detenidos en Texas junto con sus padres, dicen legisladores","author":"","date":"marzo 9, 2026","format":false,"excerpt":"Dos prometedores j\u00f3venes m\u00fasicos de mariachi y sus padres, que se encontraban en un centro de detenci\u00f3n de ICE durante casi dos semanas tras ser detenidos por el Departamento de Seguridad Nacional (DHS, por sus siglas en ingl\u00e9s) en Texas, est\u00e1n siendo procesados para su liberaci\u00f3n, seg\u00fan una publicaci\u00f3n en\u2026","rel":"","context":"In &quot;Noticias Nacionales&quot;","block_context":{"text":"Noticias Nacionales","link":"https:\/\/noticiasya.com\/midland-odessa\/categoria\/noticias-nacionales"},"img":{"alt_text":"","src":"","width":0,"height":0},"classes":[]},{"id":1463680,"url":"https:\/\/noticiasya.com\/midland-odessa\/2025\/06\/18\/familias-migrantes-ninos-detencion-trax\/","url_meta":{"origin":1469101,"position":2},"title":"&#171;No vimos la luz del d\u00eda&#187;: familias migrantes describen detenciones prolongadas en centros fronterizos","author":"","date":"junio 18, 2025","format":false,"excerpt":"Familias migrantes con ni\u00f1os peque\u00f1os, incluyendo beb\u00e9s, fueron retenidas durante d\u00edas, e incluso semanas, en centros de Aduanas y Protecci\u00f3n Fronteriza de Estados Unidos (CBP, por sus siglas en ingl\u00e9s), algunos en condiciones similares a las de una c\u00e1rcel, seg\u00fan entrevistas realizadas por abogados vinculados a grupos de defensa de\u2026","rel":"","context":"In &quot;Noticias Nacionales&quot;","block_context":{"text":"Noticias Nacionales","link":"https:\/\/noticiasya.com\/midland-odessa\/categoria\/noticias-nacionales"},"img":{"alt_text":"","src":"","width":0,"height":0},"classes":[]},{"id":1459935,"url":"https:\/\/noticiasya.com\/midland-odessa\/2025\/03\/14\/el-plan-de-trump-para-alojar-migrantes-en-guantanamo-se-enfrenta-a-crecientes-obstaculos-y-dudas-internas\/","url_meta":{"origin":1469101,"position":3},"title":"El plan de Trump para alojar migrantes en Guant\u00e1namo se enfrenta a crecientes obst\u00e1culos y dudas internas","author":"","date":"marzo 14, 2025","format":false,"excerpt":"El esfuerzo de alto perfil del presidente de Estados Unidos, Donald Trump, para transferir migrantes de EE.UU. a la base naval de la bah\u00eda de Guant\u00e1namo, Cuba, est\u00e1 siendo sacudido por preocupaciones dentro y fuera de su Gobierno sobre las condiciones de vida all\u00ed, y el arduo y costoso proceso\u2026","rel":"","context":"In &quot;Noticias Nacionales&quot;","block_context":{"text":"Noticias Nacionales","link":"https:\/\/noticiasya.com\/midland-odessa\/categoria\/noticias-nacionales"},"img":{"alt_text":"","src":"","width":0,"height":0},"classes":[]},{"id":1461040,"url":"https:\/\/noticiasya.com\/midland-odessa\/2025\/04\/10\/por-que-ice-traslada-migrantes-detenidos-estudiantes-visa-trax\/","url_meta":{"origin":1469101,"position":4},"title":"Por qu\u00e9 ICE traslada a detenidos a cientos de kil\u00f3metros de donde fueron arrestados","author":"","date":"abril 10, 2025","format":false,"excerpt":"Cuando Badar Khan Suri, becario de la Universidad de Georgetown, fue arrestado por agentes federales frente a su domicilio en Arlington, Virginia, comenz\u00f3 un viaje bajo custodia que dur\u00f3 una semana y que lo llev\u00f3 a una c\u00e1rcel rural a m\u00e1s de 1.600 kil\u00f3metros de distancia.Khan Suri, ciudadano de la\u2026","rel":"","context":"In &quot;Noticias Nacionales&quot;","block_context":{"text":"Noticias Nacionales","link":"https:\/\/noticiasya.com\/midland-odessa\/categoria\/noticias-nacionales"},"img":{"alt_text":"","src":"","width":0,"height":0},"classes":[]},{"id":1472156,"url":"https:\/\/noticiasya.com\/midland-odessa\/2026\/03\/13\/analisis-represion-inmigratoria-trump-puerta-cerrada-trax\/","url_meta":{"origin":1469101,"position":5},"title":"Gran parte de la represi\u00f3n inmigratoria de Trump se est\u00e1 desarrollando a puerta cerrada","author":"","date":"marzo 13, 2026","format":false,"excerpt":"Una parte fundamental de la represi\u00f3n inmigratoria del Gobierno de Trump es mucho menos visible que las detenciones agresivas que hemos visto en las calles.Pero los centros de detenci\u00f3n que albergan a decenas de miles de inmigrantes a puerta cerrada est\u00e1n empezando a ser objeto de un mayor escrutinio por\u2026","rel":"","context":"In &quot;Noticias Nacionales&quot;","block_context":{"text":"Noticias Nacionales","link":"https:\/\/noticiasya.com\/midland-odessa\/categoria\/noticias-nacionales"},"img":{"alt_text":"","src":"","width":0,"height":0},"classes":[]}],"jetpack_sharing_enabled":true,"_links":{"self":[{"href":"https:\/\/noticiasya.com\/midland-odessa\/wp-json\/wp\/v2\/posts\/1469101","targetHints":{"allow":["GET"]}}],"collection":[{"href":"https:\/\/noticiasya.com\/midland-odessa\/wp-json\/wp\/v2\/posts"}],"about":[{"href":"https:\/\/noticiasya.com\/midland-odessa\/wp-json\/wp\/v2\/types\/post"}],"replies":[{"embeddable":true,"href":"https:\/\/noticiasya.com\/midland-odessa\/wp-json\/wp\/v2\/comments?post=1469101"}],"version-history":[{"count":0,"href":"https:\/\/noticiasya.com\/midland-odessa\/wp-json\/wp\/v2\/posts\/1469101\/revisions"}],"wp:attachment":[{"href":"https:\/\/noticiasya.com\/midland-odessa\/wp-json\/wp\/v2\/media?parent=1469101"}],"wp:term":[{"taxonomy":"category","embeddable":true,"href":"https:\/\/noticiasya.com\/midland-odessa\/wp-json\/wp\/v2\/categories?post=1469101"},{"taxonomy":"post_tag","embeddable":true,"href":"https:\/\/noticiasya.com\/midland-odessa\/wp-json\/wp\/v2\/tags?post=1469101"}],"curies":[{"name":"wp","href":"https:\/\/api.w.org\/{rel}","templated":true}]}}