{"id":1469108,"date":"2025-12-09T06:03:48","date_gmt":"2025-12-09T14:03:48","guid":{"rendered":"https:\/\/noticiasya.com\/2025\/12\/09\/cnn-verifica-trump-niega-dichos-trax\/"},"modified":"2025-12-09T06:03:48","modified_gmt":"2025-12-09T14:03:48","slug":"cnn-verifica-trump-niega-dichos-trax","status":"publish","type":"post","link":"https:\/\/noticiasya.com\/midland-odessa\/2025\/12\/09\/cnn-verifica-trump-niega-dichos-trax\/","title":{"rendered":"CNN Verifica: Trump niega haber dicho algo que dijo en c\u00e1mara hace cinco d\u00edas"},"content":{"rendered":"<p>El presidente Donald Trump neg\u00f3 falsamente el lunes haber hecho un comentario que hab\u00eda hecho ante una c\u00e1mara apenas cinco d\u00edas antes. Luego, lanz\u00f3 un ataque personal contra el periodista que hab\u00eda repetido con precisi\u00f3n su comentario anterior.<\/p>\n<p>Trump tiene un <a href=\"https:\/\/nam11.safelinks.protection.outlook.com\/?url=https%3A%2F%2Fwww.cnn.com%2F2020%2F03%2F29%2Fpolitics%2Ffact-check-coronavirus-briefing&#038;data=05%7C02%7Cmatthew.philips%40cnn.com%7C1ccdc3fab7084cff543e08de36a68db6%7C0eb48825e8714459bc72d0ecd68f1f39%7C0%7C0%7C639008286135328239%7CUnknown%7CTWFpbGZsb3d8eyJFbXB0eU1hcGkiOnRydWUsIlYiOiIwLjAuMDAwMCIsIlAiOiJXaW4zMiIsIkFOIjoiTWFpbCIsIldUIjoyfQ%3D%3D%7C0%7C%7C%7C&#038;sdata=9KNnhvuRETbdI7hdePOQtbZ21R8bGpcdcAamYrRHL9E%3D&#038;reserved=0\">largo <\/a><a href=\"https:\/\/nam11.safelinks.protection.outlook.com\/?url=https%3A%2F%2Fwww.cnn.com%2F2024%2F06%2F02%2Fpolitics%2Ffact-check-trump-false-claim-lock-up-hillary-clinton&#038;data=05%7C02%7Cmatthew.philips%40cnn.com%7C1ccdc3fab7084cff543e08de36a68db6%7C0eb48825e8714459bc72d0ecd68f1f39%7C0%7C0%7C639008286135352619%7CUnknown%7CTWFpbGZsb3d8eyJFbXB0eU1hcGkiOnRydWUsIlYiOiIwLjAuMDAwMCIsIlAiOiJXaW4zMiIsIkFOIjoiTWFpbCIsIldUIjoyfQ%3D%3D%7C0%7C%7C%7C&#038;sdata=uCaCwc8vztRqXyz2nJaFqarfwHhvRdiex693jhgjn0s%3D&#038;reserved=0\">historial<\/a> de negar falsamente haber dicho alguna vez cosas que dijo en p\u00fablico.<\/p>\n<p>El tema de su \u00faltima negaci\u00f3n falsa fue el video de los ataques militares estadounidenses del 2 de septiembre contra un supuesto barco de narcotr\u00e1fico en el Caribe. El Ej\u00e9rcito <a href=\"https:\/\/nam11.safelinks.protection.outlook.com\/?url=https%3A%2F%2Fwww.cnn.com%2F2025%2F12%2F04%2Fpolitics%2Fstrike-lawmakers-briefing-radio-survivors&#038;data=05%7C02%7Cmatthew.philips%40cnn.com%7C1ccdc3fab7084cff543e08de36a68db6%7C0eb48825e8714459bc72d0ecd68f1f39%7C0%7C0%7C639008286135376198%7CUnknown%7CTWFpbGZsb3d8eyJFbXB0eU1hcGkiOnRydWUsIlYiOiIwLjAuMDAwMCIsIlAiOiJXaW4zMiIsIkFOIjoiTWFpbCIsIldUIjoyfQ%3D%3D%7C0%7C%7C%7C&#038;sdata=4UAC43J5khISp2FYJQNo8dYC8D0BeQDESmh%2F0aXTpL0%3D&#038;reserved=0\">llev\u00f3 a cabo un segundo ataque<\/a> para matar a los sobrevivientes del primero.<\/p>\n<p>El Gobierno de Trump divulg\u00f3 el video del ataque inicial, pero no el del siguiente, que se <a href=\"https:\/\/nam11.safelinks.protection.outlook.com\/?url=https%3A%2F%2Fwww.cnn.com%2F2025%2F12%2F04%2Fpolitics%2Fbradley-strikes-himes-crawford&#038;data=05%7C02%7Cmatthew.philips%40cnn.com%7C1ccdc3fab7084cff543e08de36a68db6%7C0eb48825e8714459bc72d0ecd68f1f39%7C0%7C0%7C639008286135397828%7CUnknown%7CTWFpbGZsb3d8eyJFbXB0eU1hcGkiOnRydWUsIlYiOiIwLjAuMDAwMCIsIlAiOiJXaW4zMiIsIkFOIjoiTWFpbCIsIldUIjoyfQ%3D%3D%7C0%7C%7C%7C&#038;sdata=OqhBZqUxfTe22mIkNUfd33ogtceGg%2Bkudj6q29K0H5I%3D&#038;reserved=0\">mostr\u00f3 a los miembros del Congreso<\/a> a puerta cerrada. El 3 de diciembre, Trump declar\u00f3 que no ten\u00eda ning\u00fan problema en divulgar este video al pueblo estadounidense.<\/p>\n<p>Aqu\u00ed est\u00e1 <a href=\"https:\/\/nam11.safelinks.protection.outlook.com\/?url=https%3A%2F%2Frollcall.com%2Ffactbase%2Ftrump%2Ftranscript%2Fdonald-trump-remarks-fuel-standards-environment-december-3-2025%2F%23220&#038;data=05%7C02%7Cmatthew.philips%40cnn.com%7C1ccdc3fab7084cff543e08de36a68db6%7C0eb48825e8714459bc72d0ecd68f1f39%7C0%7C0%7C639008286135418185%7CUnknown%7CTWFpbGZsb3d8eyJFbXB0eU1hcGkiOnRydWUsIlYiOiIwLjAuMDAwMCIsIlAiOiJXaW4zMiIsIkFOIjoiTWFpbCIsIldUIjoyfQ%3D%3D%7C0%7C%7C%7C&#038;sdata=KJL43r06Is7EsMNqBSVptIx%2BY6QM56E%2BhOSxGPwHeDc%3D&#038;reserved=0\">el intercambio del 3 de diciembre<\/a> que tuvo con <a href=\"https:\/\/nam11.safelinks.protection.outlook.com\/?url=https%3A%2F%2Fx.com%2Fselinawangtv%2Fstatus%2F1998129632500183307%3Fs%3D20&#038;data=05%7C02%7Cmatthew.philips%40cnn.com%7C1ccdc3fab7084cff543e08de36a68db6%7C0eb48825e8714459bc72d0ecd68f1f39%7C0%7C0%7C639008286135438469%7CUnknown%7CTWFpbGZsb3d8eyJFbXB0eU1hcGkiOnRydWUsIlYiOiIwLjAuMDAwMCIsIlAiOiJXaW4zMiIsIkFOIjoiTWFpbCIsIldUIjoyfQ%3D%3D%7C0%7C%7C%7C&#038;sdata=gOl%2BQ19nCIOGKVfWfov4RZlDMZXPGQmhjI4vAKSiBcA%3D&#038;reserved=0\">la reportera de ABC News Selina Wang<\/a> en la Casa Blanca:<\/p>\n<p><strong><em>Wang<\/em><\/strong><em> : Se\u00f1or presidente, usted public\u00f3 el video del primer ataque n\u00e1utico el 2 de septiembre, pero no el del segundo. \u00bfPodr\u00eda publicar el video de ese ataque para que el pueblo estadounidense pueda ver con sus propios ojos lo que ocurri\u00f3?<\/em><\/p>\n<p><strong><em>Trump<\/em><\/strong><em> : No s\u00e9 qu\u00e9 tienen, pero lo que sea que tengan sin duda lo publicaremos, no hay problema.<\/em><\/p>\n<p>El lunes, otra reportera de ABC News, Rachel Scott, <a href=\"https:\/\/nam11.safelinks.protection.outlook.com\/?url=https%3A%2F%2Fwww.youtube.com%2Flive%2FU0xA3_FO7u4%3Fsi%3DgZk2LbIGMDAK1DJF%26t%3D2538&#038;data=05%7C02%7Cmatthew.philips%40cnn.com%7C1ccdc3fab7084cff543e08de36a68db6%7C0eb48825e8714459bc72d0ecd68f1f39%7C0%7C0%7C639008286135458379%7CUnknown%7CTWFpbGZsb3d8eyJFbXB0eU1hcGkiOnRydWUsIlYiOiIwLjAuMDAwMCIsIlAiOiJXaW4zMiIsIkFOIjoiTWFpbCIsIldUIjoyfQ%3D%3D%7C0%7C%7C%7C&#038;sdata=gKPTr9%2FqCAIclZNGgs%2Bba03lahDrK35HxJ9gFxejH%2Fk%3D&#038;reserved=0\">repiti\u00f3 el comentario de Trump<\/a> al intentar preguntarle sobre la posible publicaci\u00f3n del video adicional. Pero el presidente neg\u00f3 haber dicho lo que dijo:<\/p>\n<p><strong><em>Scott<\/em><\/strong><em> : Se\u00f1or presidente, usted dijo que no tendr\u00eda ning\u00fan problema en publicar el video completo del ataque del 2 de septiembre frente a las costas de Venezuela. El secretario Hegseth ahora dice\u2026<\/em><\/p>\n<p><strong><em>Trump<\/em><\/strong><em> : Yo no dije eso. Eso es\u2026 t\u00fa lo dijiste, yo no. Son noticias falsas de ABC.<\/em><\/p>\n<p>Scott se\u00f1al\u00f3 correctamente: \u201cUsted dijo que no tendr\u00eda problema en publicar el video completo\u201d. Luego, volvi\u00f3 a su pregunta. Se\u00f1al\u00f3 que el secretario de Defensa, Pete Hegseth, afirma que se est\u00e1 <a href=\"https:\/\/nam11.safelinks.protection.outlook.com\/?url=https%3A%2F%2Fwww.cnn.com%2F2025%2F12%2F08%2Fpolitics%2Flawmakers-boat-strike-video&#038;data=05%7C02%7Cmatthew.philips%40cnn.com%7C1ccdc3fab7084cff543e08de36a68db6%7C0eb48825e8714459bc72d0ecd68f1f39%7C0%7C0%7C639008286135478767%7CUnknown%7CTWFpbGZsb3d8eyJFbXB0eU1hcGkiOnRydWUsIlYiOiIwLjAuMDAwMCIsIlAiOiJXaW4zMiIsIkFOIjoiTWFpbCIsIldUIjoyfQ%3D%3D%7C0%7C%7C%7C&#038;sdata=EYzecFJJ2leDVhLX3ahmrZp6BcZBAXLH1gO45QK4G9U%3D&#038;reserved=0\">revisando<\/a> la cuesti\u00f3n sobre si se debe publicar el video, y le pregunt\u00f3 a Trump si le est\u00e1 ordenando a Hegseth que lo publique.<\/p>\n<p>\u201cLo que \u00e9l decida me parece bien\u201d, afirm\u00f3 Trump.<\/p>\n<p>Trump luego defendi\u00f3 los ataques, repitiendo su frecuente <a href=\"https:\/\/nam11.safelinks.protection.outlook.com\/?url=https%3A%2F%2Fwww.cnn.com%2F2025%2F10%2F08%2Fpolitics%2Fvenezuela-drug-boats-trump&#038;data=05%7C02%7Cmatthew.philips%40cnn.com%7C1ccdc3fab7084cff543e08de36a68db6%7C0eb48825e8714459bc72d0ecd68f1f39%7C0%7C0%7C639008286135512292%7CUnknown%7CTWFpbGZsb3d8eyJFbXB0eU1hcGkiOnRydWUsIlYiOiIwLjAuMDAwMCIsIlAiOiJXaW4zMiIsIkFOIjoiTWFpbCIsIldUIjoyfQ%3D%3D%7C0%7C%7C%7C&#038;sdata=lh5YCEz%2Fh%2FOAOGxo3URPfAVXgsN97R1Ha%2F6WaGRMMgQ%3D&#038;reserved=0\">afirmaci\u00f3n falsa<\/a> sobre que cada barco destruido salva \u201c25.000 vidas estadounidenses\u201d y asegurando que los sobrevivientes \u201cestaban intentando regresar el barco a un lugar donde pudiera flotar, y no quer\u00edamos verlo, porque el barco estaba cargado de drogas\u201d. Cuando Scott finalmente intervino para intentar retomar el tema de la publicaci\u00f3n del video, la llam\u00f3 \u201cla reportera m\u00e1s desagradable de todo el lugar\u201d y \u201cen realidad, una reportera horrible\u201d.<\/p>\n<p>CNN contact\u00f3 a un portavoz de ABC News sobre las declaraciones del presidente sobre Scott. Otro periodista de ABC News, Jonathan Karl, <a href=\"https:\/\/nam11.safelinks.protection.outlook.com\/?url=https%3A%2F%2Fx.com%2Fjonkarl%2Fstatus%2F1998128887180472659&#038;data=05%7C02%7Cmatthew.philips%40cnn.com%7C72e957db6c3a40cfb4c708de36a4f8c2%7C0eb48825e8714459bc72d0ecd68f1f39%7C0%7C0%7C639008279357906124%7CUnknown%7CTWFpbGZsb3d8eyJFbXB0eU1hcGkiOnRydWUsIlYiOiIwLjAuMDAwMCIsIlAiOiJXaW4zMiIsIkFOIjoiTWFpbCIsIldUIjoyfQ%3D%3D%7C0%7C%7C%7C&#038;sdata=gf4yVlYcMHOY4vNN0HdXmK8ehfh8DA32cFcoCfWCHgs%3D&#038;reserved=0\">escribi\u00f3<\/a><a href=\"https:\/\/nam11.safelinks.protection.outlook.com\/?url=https%3A%2F%2Fx.com%2Fjonkarl%2Fstatus%2F1998128887180472659&#038;data=05%7C02%7Cmatthew.philips%40cnn.com%7C72e957db6c3a40cfb4c708de36a4f8c2%7C0eb48825e8714459bc72d0ecd68f1f39%7C0%7C0%7C639008279357953692%7CUnknown%7CTWFpbGZsb3d8eyJFbXB0eU1hcGkiOnRydWUsIlYiOiIwLjAuMDAwMCIsIlAiOiJXaW4zMiIsIkFOIjoiTWFpbCIsIldUIjoyfQ%3D%3D%7C0%7C%7C%7C&#038;sdata=OyJTz4fjBl3ADRvIgs7eoRciNLHtDi1eAER6jDmj1mw%3D&#038;reserved=0\"> <\/a>en la red social X que Scott \u201ccit\u00f3 al presidente Trump con precisi\u00f3n\u201d.<\/p>\n<p>The-CNN-Wire<br \/>&trade; &amp; &copy; 2025 Cable News Network, Inc., a Warner Bros. Discovery Company. All rights reserved.<\/p>\n","protected":false},"excerpt":{"rendered":"<p>El presidente Donald Trump neg\u00f3 falsamente el lunes haber hecho un comentario que hab\u00eda hecho ante una c\u00e1mara apenas cinco d\u00edas antes. Luego, lanz\u00f3 un ataque personal contra el periodista que hab\u00eda repetido con precisi\u00f3n su comentario anterior. Trump tiene un largo historial de negar falsamente haber dicho alguna vez cosas que dijo en p\u00fablico. [&hellip;]<\/p>\n","protected":false},"author":0,"featured_media":0,"comment_status":"open","ping_status":"open","sticky":false,"template":"","format":"standard","meta":{"_jetpack_memberships_contains_paid_content":false,"footnotes":""},"categories":[10],"tags":[],"class_list":["post-1469108","post","type-post","status-publish","format-standard","hentry","category-noticias-nacionales","market-global"],"yoast_head":"<!-- This site is optimized with the Yoast SEO plugin v24.4 - https:\/\/yoast.com\/wordpress\/plugins\/seo\/ -->\n<title>CNN Verifica: Trump niega haber dicho algo que dijo en c\u00e1mara hace cinco d\u00edas - Noticias<\/title>\n<meta name=\"robots\" content=\"index, follow, max-snippet:-1, max-image-preview:large, max-video-preview:-1\" \/>\n<link rel=\"canonical\" href=\"https:\/\/noticiasya.com\/2025\/12\/09\/cnn-verifica-trump-niega-dichos-trax\/\" \/>\n<meta property=\"og:locale\" content=\"es_ES\" \/>\n<meta property=\"og:type\" content=\"article\" \/>\n<meta property=\"og:title\" content=\"CNN Verifica: Trump niega haber dicho algo que dijo en c\u00e1mara hace cinco d\u00edas - Noticias\" \/>\n<meta property=\"og:description\" content=\"El presidente Donald Trump neg\u00f3 falsamente el lunes haber hecho un comentario que hab\u00eda hecho ante una c\u00e1mara apenas cinco d\u00edas antes. Luego, lanz\u00f3 un ataque personal contra el periodista que hab\u00eda repetido con precisi\u00f3n su comentario anterior. Trump tiene un largo historial de negar falsamente haber dicho alguna vez cosas que dijo en p\u00fablico. [&hellip;]\" \/>\n<meta property=\"og:url\" content=\"https:\/\/noticiasya.com\/2025\/12\/09\/cnn-verifica-trump-niega-dichos-trax\/\" \/>\n<meta property=\"og:site_name\" content=\"Noticias\" \/>\n<meta property=\"article:published_time\" content=\"2025-12-09T14:03:48+00:00\" \/>\n<meta name=\"twitter:card\" content=\"summary_large_image\" \/>\n<meta name=\"twitter:label1\" content=\"Est. reading time\" \/>\n\t<meta name=\"twitter:data1\" content=\"3 minutos\" \/>\n<script type=\"application\/ld+json\" class=\"yoast-schema-graph\">{\"@context\":\"https:\/\/schema.org\",\"@graph\":[{\"@type\":\"Article\",\"@id\":\"https:\/\/noticiasya.com\/2025\/12\/09\/cnn-verifica-trump-niega-dichos-trax\/#article\",\"isPartOf\":{\"@id\":\"https:\/\/noticiasya.com\/2025\/12\/09\/cnn-verifica-trump-niega-dichos-trax\/\"},\"author\":{\"name\":\"\",\"@id\":\"\"},\"headline\":\"CNN Verifica: Trump niega haber dicho algo que dijo en c\u00e1mara hace cinco d\u00edas\",\"datePublished\":\"2025-12-09T14:03:48+00:00\",\"mainEntityOfPage\":{\"@id\":\"https:\/\/noticiasya.com\/2025\/12\/09\/cnn-verifica-trump-niega-dichos-trax\/\"},\"wordCount\":534,\"commentCount\":0,\"publisher\":{\"@id\":\"https:\/\/noticiasya.com\/#organization\"},\"articleSection\":[\"Noticias Nacionales\"],\"inLanguage\":\"es\",\"potentialAction\":[{\"@type\":\"CommentAction\",\"name\":\"Comment\",\"target\":[\"https:\/\/noticiasya.com\/2025\/12\/09\/cnn-verifica-trump-niega-dichos-trax\/#respond\"]}]},{\"@type\":\"WebPage\",\"@id\":\"https:\/\/noticiasya.com\/2025\/12\/09\/cnn-verifica-trump-niega-dichos-trax\/\",\"url\":\"https:\/\/noticiasya.com\/2025\/12\/09\/cnn-verifica-trump-niega-dichos-trax\/\",\"name\":\"CNN Verifica: Trump niega haber dicho algo que dijo en c\u00e1mara hace cinco d\u00edas - Noticias\",\"isPartOf\":{\"@id\":\"https:\/\/noticiasya.com\/#website\"},\"datePublished\":\"2025-12-09T14:03:48+00:00\",\"breadcrumb\":{\"@id\":\"https:\/\/noticiasya.com\/2025\/12\/09\/cnn-verifica-trump-niega-dichos-trax\/#breadcrumb\"},\"inLanguage\":\"es\",\"potentialAction\":[{\"@type\":\"ReadAction\",\"target\":[\"https:\/\/noticiasya.com\/2025\/12\/09\/cnn-verifica-trump-niega-dichos-trax\/\"]}]},{\"@type\":\"BreadcrumbList\",\"@id\":\"https:\/\/noticiasya.com\/2025\/12\/09\/cnn-verifica-trump-niega-dichos-trax\/#breadcrumb\",\"itemListElement\":[{\"@type\":\"ListItem\",\"position\":1,\"name\":\"Home\",\"item\":\"https:\/\/noticiasya.com\/\"},{\"@type\":\"ListItem\",\"position\":2,\"name\":\"CNN Verifica: Trump niega haber dicho algo que dijo en c\u00e1mara hace cinco d\u00edas\"}]},{\"@type\":\"WebSite\",\"@id\":\"https:\/\/noticiasya.com\/#website\",\"url\":\"https:\/\/noticiasya.com\/\",\"name\":\"Noticias\",\"description\":\"Lo que importa\",\"publisher\":{\"@id\":\"https:\/\/noticiasya.com\/#organization\"},\"potentialAction\":[{\"@type\":\"SearchAction\",\"target\":{\"@type\":\"EntryPoint\",\"urlTemplate\":\"https:\/\/noticiasya.com\/?s={search_term_string}\"},\"query-input\":{\"@type\":\"PropertyValueSpecification\",\"valueRequired\":true,\"valueName\":\"search_term_string\"}}],\"inLanguage\":\"es\"},{\"@type\":\"Organization\",\"@id\":\"https:\/\/noticiasya.com\/#organization\",\"name\":\"Noticias\",\"url\":\"https:\/\/noticiasya.com\/\",\"logo\":{\"@type\":\"ImageObject\",\"inLanguage\":\"es\",\"@id\":\"https:\/\/noticiasya.com\/#\/schema\/logo\/image\/\",\"url\":\"https:\/\/noticiasya.com\/wp-content\/uploads\/sites\/22\/2023\/12\/logo-nacional.png\",\"contentUrl\":\"https:\/\/noticiasya.com\/wp-content\/uploads\/sites\/22\/2023\/12\/logo-nacional.png\",\"width\":1801,\"height\":691,\"caption\":\"Noticias\"},\"image\":{\"@id\":\"https:\/\/noticiasya.com\/#\/schema\/logo\/image\/\"}}]}<\/script>\n<!-- \/ Yoast SEO plugin. -->","yoast_head_json":{"title":"CNN Verifica: Trump niega haber dicho algo que dijo en c\u00e1mara hace cinco d\u00edas - Noticias","robots":{"index":"index","follow":"follow","max-snippet":"max-snippet:-1","max-image-preview":"max-image-preview:large","max-video-preview":"max-video-preview:-1"},"canonical":"https:\/\/noticiasya.com\/2025\/12\/09\/cnn-verifica-trump-niega-dichos-trax\/","og_locale":"es_ES","og_type":"article","og_title":"CNN Verifica: Trump niega haber dicho algo que dijo en c\u00e1mara hace cinco d\u00edas - Noticias","og_description":"El presidente Donald Trump neg\u00f3 falsamente el lunes haber hecho un comentario que hab\u00eda hecho ante una c\u00e1mara apenas cinco d\u00edas antes. Luego, lanz\u00f3 un ataque personal contra el periodista que hab\u00eda repetido con precisi\u00f3n su comentario anterior. Trump tiene un largo historial de negar falsamente haber dicho alguna vez cosas que dijo en p\u00fablico. [&hellip;]","og_url":"https:\/\/noticiasya.com\/2025\/12\/09\/cnn-verifica-trump-niega-dichos-trax\/","og_site_name":"Noticias","article_published_time":"2025-12-09T14:03:48+00:00","twitter_card":"summary_large_image","twitter_misc":{"Est. reading time":"3 minutos"},"schema":{"@context":"https:\/\/schema.org","@graph":[{"@type":"Article","@id":"https:\/\/noticiasya.com\/2025\/12\/09\/cnn-verifica-trump-niega-dichos-trax\/#article","isPartOf":{"@id":"https:\/\/noticiasya.com\/2025\/12\/09\/cnn-verifica-trump-niega-dichos-trax\/"},"author":{"name":"","@id":""},"headline":"CNN Verifica: Trump niega haber dicho algo que dijo en c\u00e1mara hace cinco d\u00edas","datePublished":"2025-12-09T14:03:48+00:00","mainEntityOfPage":{"@id":"https:\/\/noticiasya.com\/2025\/12\/09\/cnn-verifica-trump-niega-dichos-trax\/"},"wordCount":534,"commentCount":0,"publisher":{"@id":"https:\/\/noticiasya.com\/#organization"},"articleSection":["Noticias Nacionales"],"inLanguage":"es","potentialAction":[{"@type":"CommentAction","name":"Comment","target":["https:\/\/noticiasya.com\/2025\/12\/09\/cnn-verifica-trump-niega-dichos-trax\/#respond"]}]},{"@type":"WebPage","@id":"https:\/\/noticiasya.com\/2025\/12\/09\/cnn-verifica-trump-niega-dichos-trax\/","url":"https:\/\/noticiasya.com\/2025\/12\/09\/cnn-verifica-trump-niega-dichos-trax\/","name":"CNN Verifica: Trump niega haber dicho algo que dijo en c\u00e1mara hace cinco d\u00edas - Noticias","isPartOf":{"@id":"https:\/\/noticiasya.com\/#website"},"datePublished":"2025-12-09T14:03:48+00:00","breadcrumb":{"@id":"https:\/\/noticiasya.com\/2025\/12\/09\/cnn-verifica-trump-niega-dichos-trax\/#breadcrumb"},"inLanguage":"es","potentialAction":[{"@type":"ReadAction","target":["https:\/\/noticiasya.com\/2025\/12\/09\/cnn-verifica-trump-niega-dichos-trax\/"]}]},{"@type":"BreadcrumbList","@id":"https:\/\/noticiasya.com\/2025\/12\/09\/cnn-verifica-trump-niega-dichos-trax\/#breadcrumb","itemListElement":[{"@type":"ListItem","position":1,"name":"Home","item":"https:\/\/noticiasya.com\/"},{"@type":"ListItem","position":2,"name":"CNN Verifica: Trump niega haber dicho algo que dijo en c\u00e1mara hace cinco d\u00edas"}]},{"@type":"WebSite","@id":"https:\/\/noticiasya.com\/#website","url":"https:\/\/noticiasya.com\/","name":"Noticias","description":"Lo que importa","publisher":{"@id":"https:\/\/noticiasya.com\/#organization"},"potentialAction":[{"@type":"SearchAction","target":{"@type":"EntryPoint","urlTemplate":"https:\/\/noticiasya.com\/?s={search_term_string}"},"query-input":{"@type":"PropertyValueSpecification","valueRequired":true,"valueName":"search_term_string"}}],"inLanguage":"es"},{"@type":"Organization","@id":"https:\/\/noticiasya.com\/#organization","name":"Noticias","url":"https:\/\/noticiasya.com\/","logo":{"@type":"ImageObject","inLanguage":"es","@id":"https:\/\/noticiasya.com\/#\/schema\/logo\/image\/","url":"https:\/\/noticiasya.com\/wp-content\/uploads\/sites\/22\/2023\/12\/logo-nacional.png","contentUrl":"https:\/\/noticiasya.com\/wp-content\/uploads\/sites\/22\/2023\/12\/logo-nacional.png","width":1801,"height":691,"caption":"Noticias"},"image":{"@id":"https:\/\/noticiasya.com\/#\/schema\/logo\/image\/"}}]}},"parsely":{"version":"1.1.0","canonical_url":"https:\/\/noticiasya.com\/midland-odessa\/2025\/12\/09\/cnn-verifica-trump-niega-dichos-trax\/","smart_links":{"inbound":0,"outbound":0},"traffic_boost_suggestions_count":0,"meta":{"@context":"https:\/\/schema.org","@type":"NewsArticle","headline":"CNN Verifica: Trump niega haber dicho algo que dijo en c\u00e1mara hace cinco d\u00edas","url":"http:\/\/noticiasya.com\/midland-odessa\/2025\/12\/09\/cnn-verifica-trump-niega-dichos-trax\/","mainEntityOfPage":{"@type":"WebPage","@id":"http:\/\/noticiasya.com\/midland-odessa\/2025\/12\/09\/cnn-verifica-trump-niega-dichos-trax\/"},"thumbnailUrl":"","image":{"@type":"ImageObject","url":""},"articleSection":"Noticias Nacionales","author":[],"creator":[],"publisher":{"@type":"Organization","name":"Noticias","logo":""},"keywords":[],"dateCreated":"2025-12-09T14:03:48Z","datePublished":"2025-12-09T14:03:48Z","dateModified":"2025-12-09T14:03:48Z"},"rendered":"<script type=\"application\/ld+json\" class=\"wp-parsely-metadata\">{\"@context\":\"https:\\\/\\\/schema.org\",\"@type\":\"NewsArticle\",\"headline\":\"CNN Verifica: Trump niega haber dicho algo que dijo en c\\u00e1mara hace cinco d\\u00edas\",\"url\":\"http:\\\/\\\/noticiasya.com\\\/midland-odessa\\\/2025\\\/12\\\/09\\\/cnn-verifica-trump-niega-dichos-trax\\\/\",\"mainEntityOfPage\":{\"@type\":\"WebPage\",\"@id\":\"http:\\\/\\\/noticiasya.com\\\/midland-odessa\\\/2025\\\/12\\\/09\\\/cnn-verifica-trump-niega-dichos-trax\\\/\"},\"thumbnailUrl\":\"\",\"image\":{\"@type\":\"ImageObject\",\"url\":\"\"},\"articleSection\":\"Noticias Nacionales\",\"author\":[],\"creator\":[],\"publisher\":{\"@type\":\"Organization\",\"name\":\"Noticias\",\"logo\":\"\"},\"keywords\":[],\"dateCreated\":\"2025-12-09T14:03:48Z\",\"datePublished\":\"2025-12-09T14:03:48Z\",\"dateModified\":\"2025-12-09T14:03:48Z\"}<\/script>","tracker_url":"https:\/\/cdn.parsely.com\/keys\/noticiasya.com\/p.js"},"jetpack_featured_media_url":"","jetpack-related-posts":[{"id":1455813,"url":"https:\/\/noticiasya.com\/midland-odessa\/2024\/11\/13\/comite-etica-camara-representantes-informe-gaetz-trax\/","url_meta":{"origin":1469108,"position":0},"title":"El Comit\u00e9 de \u00c9tica de la C\u00e1mara de Representantes se reunir\u00e1 esta semana para votar si se publicar\u00e1 el informe sobre Gaetz","author":"","date":"noviembre 13, 2024","format":false,"excerpt":"(CNN) \u2013\u2013 El Comit\u00e9 de \u00c9tica de la C\u00e1mara de Representantes deb\u00eda reunirse esta semana para votar sobre la publicaci\u00f3n de un informe sobre Matt Gaetz, quien renunci\u00f3 al Congreso este mi\u00e9rcoles despu\u00e9s de que el presidente electo Donald Trump anunciara su intenci\u00f3n de designar al congresista de Florida para\u2026","rel":"","context":"In &quot;Noticias Nacionales&quot;","block_context":{"text":"Noticias Nacionales","link":"https:\/\/noticiasya.com\/midland-odessa\/categoria\/noticias-nacionales"},"img":{"alt_text":"","src":"","width":0,"height":0},"classes":[]},{"id":1468956,"url":"https:\/\/noticiasya.com\/midland-odessa\/2025\/12\/04\/verifica-cinco-teorias-conspirativas-trump-trax\/","url_meta":{"origin":1469108,"position":1},"title":"CNN Verifica: las cinco teor\u00edas conspirativas m\u00e1s descabelladas de la oleada de publicaciones nocturnas de Trump","author":"","date":"diciembre 4, 2025","format":false,"excerpt":"El presidente Donald Trump promovi\u00f3 un mont\u00f3n de teor\u00edas conspirativas infundadas durante una ola de publicaciones en redes sociales a altas horas de la noche del lunesTrump escribi\u00f3 o comparti\u00f3 m\u00e1s de 150 publicaciones en su plataforma Truth Social entre las 9:00 p.m. y la medianoche.Muchos eran comentarios pol\u00edticos sin\u2026","rel":"","context":"In &quot;Noticias Nacionales&quot;","block_context":{"text":"Noticias Nacionales","link":"https:\/\/noticiasya.com\/midland-odessa\/categoria\/noticias-nacionales"},"img":{"alt_text":"","src":"","width":0,"height":0},"classes":[]},{"id":1466285,"url":"https:\/\/noticiasya.com\/midland-odessa\/2025\/09\/09\/cinco-conclusiones-nuevos-documentos-epstein-trax\/","url_meta":{"origin":1469108,"position":2},"title":"Cinco conclusiones de los nuevos documentos de Epstein","author":"","date":"septiembre 9, 2025","format":false,"excerpt":"El lunes por la noche recibimos m\u00e1s documentos de Jeffrey Epstein publicados por la Comisi\u00f3n de Supervisi\u00f3n de la C\u00e1mara de Representantes. Y, a diferencia de la semana pasada, estos conten\u00edan noticias reales.La gran novedad es que finalmente podemos ver la carta firmada en nombre del ahora presidente Donald Trump\u2026","rel":"","context":"In &quot;Noticias Nacionales&quot;","block_context":{"text":"Noticias Nacionales","link":"https:\/\/noticiasya.com\/midland-odessa\/categoria\/noticias-nacionales"},"img":{"alt_text":"","src":"","width":0,"height":0},"classes":[]},{"id":1473271,"url":"https:\/\/noticiasya.com\/midland-odessa\/2026\/04\/17\/camara-prorrog-corto-plazo-ley-vigilancia-fisa-trax\/","url_meta":{"origin":1469108,"position":3},"title":"La C\u00e1mara aprob\u00f3 una pr\u00f3rroga a corto plazo de una ley clave de vigilancia luego de varias derrotas del liderazgo republicano","author":"","date":"abril 17, 2026","format":false,"excerpt":"La C\u00e1mara de Representantes de Estados Unidos acord\u00f3 a primera hora del viernes una pr\u00f3rroga a corto plazo de un programa cr\u00edtico de vigilancia de inteligencia exterior, tras infligir a la c\u00fapula republicana dos vergonzosas derrotas en el pleno respecto a una reautorizaci\u00f3n a m\u00e1s largo plazo.La medida para reautorizar\u2026","rel":"","context":"In &quot;Noticias Nacionales&quot;","block_context":{"text":"Noticias Nacionales","link":"https:\/\/noticiasya.com\/midland-odessa\/categoria\/noticias-nacionales"},"img":{"alt_text":"","src":"","width":0,"height":0},"classes":[]},{"id":1464109,"url":"https:\/\/noticiasya.com\/midland-odessa\/2025\/07\/01\/venezuela-acusa-eeuu-secuestrar-ninos-venezolanos-orix\/","url_meta":{"origin":1469108,"position":4},"title":"Venezuela acusa a EE.UU. de secuestrar 18 ni\u00f1os venezolanos","author":"","date":"julio 1, 2025","format":false,"excerpt":"El presidente de la Asamblea Nacional de Venezuela, Jorge Rodr\u00edguez, acus\u00f3 este lunes a Estados Unidos de haber \u201csecuestrado\u201d a 18 menores venezolanos de entre 1 y 9 a\u00f1os, tras haber enviado a sus padres a El Salvador o al recluirlos en centros del Servicio de Control de Inmigraci\u00f3n y\u2026","rel":"","context":"In &quot;Noticias Nacionales&quot;","block_context":{"text":"Noticias Nacionales","link":"https:\/\/noticiasya.com\/midland-odessa\/categoria\/noticias-nacionales"},"img":{"alt_text":"","src":"","width":0,"height":0},"classes":[]},{"id":1469168,"url":"https:\/\/noticiasya.com\/midland-odessa\/2025\/12\/11\/analisis-xenofobia-trump-inmigrantes-trax\/","url_meta":{"origin":1469108,"position":5},"title":"La xenofobia de Trump est\u00e1 aumentando","author":"","date":"diciembre 11, 2025","format":false,"excerpt":"El presidente Donald Trump finalmente admiti\u00f3 este martes por la noche que se refiri\u00f3 a varios pa\u00edses, incluyendo algunos con una poblaci\u00f3n mayoritariamente negra, como \u201cpa\u00edses de mier**\u201d en 2018.Lo primero que llama la atenci\u00f3n es que efectivamente est\u00e1 admitiendo que \u00e9l y algunos republicanos prominentes fueron extremadamente deshonestos sobre\u2026","rel":"","context":"In &quot;Noticias Nacionales&quot;","block_context":{"text":"Noticias Nacionales","link":"https:\/\/noticiasya.com\/midland-odessa\/categoria\/noticias-nacionales"},"img":{"alt_text":"","src":"","width":0,"height":0},"classes":[]}],"jetpack_sharing_enabled":true,"_links":{"self":[{"href":"https:\/\/noticiasya.com\/midland-odessa\/wp-json\/wp\/v2\/posts\/1469108","targetHints":{"allow":["GET"]}}],"collection":[{"href":"https:\/\/noticiasya.com\/midland-odessa\/wp-json\/wp\/v2\/posts"}],"about":[{"href":"https:\/\/noticiasya.com\/midland-odessa\/wp-json\/wp\/v2\/types\/post"}],"replies":[{"embeddable":true,"href":"https:\/\/noticiasya.com\/midland-odessa\/wp-json\/wp\/v2\/comments?post=1469108"}],"version-history":[{"count":0,"href":"https:\/\/noticiasya.com\/midland-odessa\/wp-json\/wp\/v2\/posts\/1469108\/revisions"}],"wp:attachment":[{"href":"https:\/\/noticiasya.com\/midland-odessa\/wp-json\/wp\/v2\/media?parent=1469108"}],"wp:term":[{"taxonomy":"category","embeddable":true,"href":"https:\/\/noticiasya.com\/midland-odessa\/wp-json\/wp\/v2\/categories?post=1469108"},{"taxonomy":"post_tag","embeddable":true,"href":"https:\/\/noticiasya.com\/midland-odessa\/wp-json\/wp\/v2\/tags?post=1469108"}],"curies":[{"name":"wp","href":"https:\/\/api.w.org\/{rel}","templated":true}]}}