{"id":1469109,"date":"2025-12-09T06:03:48","date_gmt":"2025-12-09T14:03:48","guid":{"rendered":"https:\/\/noticiasya.com\/2025\/12\/09\/trump-segundo-ataque-caribe-maduro-trax\/"},"modified":"2025-12-09T06:03:48","modified_gmt":"2025-12-09T14:03:48","slug":"trump-segundo-ataque-caribe-maduro-trax","status":"publish","type":"post","link":"https:\/\/noticiasya.com\/midland-odessa\/2025\/12\/09\/trump-segundo-ataque-caribe-maduro-trax\/","title":{"rendered":"Trump dice que Maduro tiene los &#171;d\u00edas contados&#187;"},"content":{"rendered":"<p>El presidente Donald Trump dijo en una entrevista publicada este martes que el video que vio del segundo ataque a una supuesta lancha con narcotraficantes procedente de Venezuela \u201cno es agradable\u201d, pero defendi\u00f3 los ataques como necesarios para detener el flujo de drogas hacia Estados Unidos y retier\u00f3 sus amenazas contra el presidente Nicol\u00e1s Maduro, afirmando que tiene los \u201cd\u00edas contados\u201d.<\/p>\n<p>Los ataques del 2 de septiembre han sido objeto de un intenso escrutinio, ya que legisladores de ambos partidos han expresado su preocupaci\u00f3n sobre si el segundo ataque a una embarcaci\u00f3n en el Caribe, ordenado para eliminar a los supervivientes, fue legal seg\u00fan las leyes de la guerra.<\/p>\n<p>Cuando <em>Politico <\/em>le pregunt\u00f3 si hab\u00eda visto el video del segundo ataque a la embarcaci\u00f3n, Trump dijo que \u201cno es agradable\u201d, pero a\u00f1adi\u00f3 que parec\u00eda que los supervivientes intentaban enderezar su lancha volcada.<\/p>\n<p>\u201cBueno, parec\u00eda que intentaban enderezar la lancha, pero yo no me meto en eso. Eso depende de ellos. El almirante que lo hizo es un hombre muy respetado como saben, un hombre muy respetado\u201d.<\/p>\n<p>Trump dijo que \u201cno le importa\u201d si su <a href=\"https:\/\/cnnespanol.cnn.com\/2025\/12\/04\/eeuu\/video\/hegseth-eeuu-ataques-caribe\">secretario de Defensa, Pete Hegseth<\/a>, testifica ante el Congreso. \u201cNo me importa si lo hace. Puede hacerlo si quiere. No me importa\u201d. Trump dijo que Hegseth est\u00e1 \u201chaciendo un gran trabajo\u201d.<\/p>\n<p>Hablando sobre los ataques a las embarcaciones, Trump tambi\u00e9n dijo: \u201cY tambi\u00e9n los atacaremos en tierra muy pronto\u201d. Si bien Trump no proporcion\u00f3 m\u00e1s detalles, el presidente a menudo ha buscado mantener la presi\u00f3n sobre Maduro al negarse a descartar ataques dentro de Venezuela para derrocarlo.<\/p>\n<p>Trump dijo que no quer\u00eda decir hasta d\u00f3nde llegar\u00eda para derrocar a Maduro, afirmando que no \u201cdescartar\u00eda ni confirmar\u00eda\u201d una invasi\u00f3n terrestre, pero a\u00f1adi\u00f3: \u201cSus d\u00edas est\u00e1n contados\u201d.<\/p>\n<p>The-CNN-Wire<br \/>&trade; &amp; &copy; 2025 Cable News Network, Inc., a Warner Bros. Discovery Company. All rights reserved.<\/p>\n","protected":false},"excerpt":{"rendered":"<p>El presidente Donald Trump dijo en una entrevista publicada este martes que el video que vio del segundo ataque a una supuesta lancha con narcotraficantes procedente de Venezuela \u201cno es agradable\u201d, pero defendi\u00f3 los ataques como necesarios para detener el flujo de drogas hacia Estados Unidos y retier\u00f3 sus amenazas contra el presidente Nicol\u00e1s Maduro, [&hellip;]<\/p>\n","protected":false},"author":0,"featured_media":0,"comment_status":"open","ping_status":"open","sticky":false,"template":"","format":"standard","meta":{"_jetpack_memberships_contains_paid_content":false,"footnotes":""},"categories":[10],"tags":[],"class_list":["post-1469109","post","type-post","status-publish","format-standard","hentry","category-noticias-nacionales","market-global"],"yoast_head":"<!-- This site is optimized with the Yoast SEO plugin v24.4 - https:\/\/yoast.com\/wordpress\/plugins\/seo\/ -->\n<title>Trump dice que Maduro tiene los &quot;d\u00edas contados&quot; - Noticias<\/title>\n<meta name=\"robots\" content=\"index, follow, max-snippet:-1, max-image-preview:large, max-video-preview:-1\" \/>\n<link rel=\"canonical\" href=\"https:\/\/noticiasya.com\/2025\/12\/09\/trump-segundo-ataque-caribe-maduro-trax\/\" \/>\n<meta property=\"og:locale\" content=\"es_ES\" \/>\n<meta property=\"og:type\" content=\"article\" \/>\n<meta property=\"og:title\" content=\"Trump dice que Maduro tiene los &quot;d\u00edas contados&quot; - Noticias\" \/>\n<meta property=\"og:description\" content=\"El presidente Donald Trump dijo en una entrevista publicada este martes que el video que vio del segundo ataque a una supuesta lancha con narcotraficantes procedente de Venezuela \u201cno es agradable\u201d, pero defendi\u00f3 los ataques como necesarios para detener el flujo de drogas hacia Estados Unidos y retier\u00f3 sus amenazas contra el presidente Nicol\u00e1s Maduro, [&hellip;]\" \/>\n<meta property=\"og:url\" content=\"https:\/\/noticiasya.com\/2025\/12\/09\/trump-segundo-ataque-caribe-maduro-trax\/\" \/>\n<meta property=\"og:site_name\" content=\"Noticias\" \/>\n<meta property=\"article:published_time\" content=\"2025-12-09T14:03:48+00:00\" \/>\n<meta name=\"twitter:card\" content=\"summary_large_image\" \/>\n<meta name=\"twitter:label1\" content=\"Est. reading time\" \/>\n\t<meta name=\"twitter:data1\" content=\"2 minutos\" \/>\n<script type=\"application\/ld+json\" class=\"yoast-schema-graph\">{\"@context\":\"https:\/\/schema.org\",\"@graph\":[{\"@type\":\"Article\",\"@id\":\"https:\/\/noticiasya.com\/2025\/12\/09\/trump-segundo-ataque-caribe-maduro-trax\/#article\",\"isPartOf\":{\"@id\":\"https:\/\/noticiasya.com\/2025\/12\/09\/trump-segundo-ataque-caribe-maduro-trax\/\"},\"author\":{\"name\":\"\",\"@id\":\"\"},\"headline\":\"Trump dice que Maduro tiene los &#171;d\u00edas contados&#187;\",\"datePublished\":\"2025-12-09T14:03:48+00:00\",\"mainEntityOfPage\":{\"@id\":\"https:\/\/noticiasya.com\/2025\/12\/09\/trump-segundo-ataque-caribe-maduro-trax\/\"},\"wordCount\":336,\"commentCount\":0,\"publisher\":{\"@id\":\"https:\/\/noticiasya.com\/#organization\"},\"articleSection\":[\"Noticias Nacionales\"],\"inLanguage\":\"es\",\"potentialAction\":[{\"@type\":\"CommentAction\",\"name\":\"Comment\",\"target\":[\"https:\/\/noticiasya.com\/2025\/12\/09\/trump-segundo-ataque-caribe-maduro-trax\/#respond\"]}]},{\"@type\":\"WebPage\",\"@id\":\"https:\/\/noticiasya.com\/2025\/12\/09\/trump-segundo-ataque-caribe-maduro-trax\/\",\"url\":\"https:\/\/noticiasya.com\/2025\/12\/09\/trump-segundo-ataque-caribe-maduro-trax\/\",\"name\":\"Trump dice que Maduro tiene los \\\"d\u00edas contados\\\" - Noticias\",\"isPartOf\":{\"@id\":\"https:\/\/noticiasya.com\/#website\"},\"datePublished\":\"2025-12-09T14:03:48+00:00\",\"breadcrumb\":{\"@id\":\"https:\/\/noticiasya.com\/2025\/12\/09\/trump-segundo-ataque-caribe-maduro-trax\/#breadcrumb\"},\"inLanguage\":\"es\",\"potentialAction\":[{\"@type\":\"ReadAction\",\"target\":[\"https:\/\/noticiasya.com\/2025\/12\/09\/trump-segundo-ataque-caribe-maduro-trax\/\"]}]},{\"@type\":\"BreadcrumbList\",\"@id\":\"https:\/\/noticiasya.com\/2025\/12\/09\/trump-segundo-ataque-caribe-maduro-trax\/#breadcrumb\",\"itemListElement\":[{\"@type\":\"ListItem\",\"position\":1,\"name\":\"Home\",\"item\":\"https:\/\/noticiasya.com\/\"},{\"@type\":\"ListItem\",\"position\":2,\"name\":\"Trump dice que Maduro tiene los &#171;d\u00edas contados&#187;\"}]},{\"@type\":\"WebSite\",\"@id\":\"https:\/\/noticiasya.com\/#website\",\"url\":\"https:\/\/noticiasya.com\/\",\"name\":\"Noticias\",\"description\":\"Lo que importa\",\"publisher\":{\"@id\":\"https:\/\/noticiasya.com\/#organization\"},\"potentialAction\":[{\"@type\":\"SearchAction\",\"target\":{\"@type\":\"EntryPoint\",\"urlTemplate\":\"https:\/\/noticiasya.com\/?s={search_term_string}\"},\"query-input\":{\"@type\":\"PropertyValueSpecification\",\"valueRequired\":true,\"valueName\":\"search_term_string\"}}],\"inLanguage\":\"es\"},{\"@type\":\"Organization\",\"@id\":\"https:\/\/noticiasya.com\/#organization\",\"name\":\"Noticias\",\"url\":\"https:\/\/noticiasya.com\/\",\"logo\":{\"@type\":\"ImageObject\",\"inLanguage\":\"es\",\"@id\":\"https:\/\/noticiasya.com\/#\/schema\/logo\/image\/\",\"url\":\"https:\/\/noticiasya.com\/wp-content\/uploads\/sites\/22\/2023\/12\/logo-nacional.png\",\"contentUrl\":\"https:\/\/noticiasya.com\/wp-content\/uploads\/sites\/22\/2023\/12\/logo-nacional.png\",\"width\":1801,\"height\":691,\"caption\":\"Noticias\"},\"image\":{\"@id\":\"https:\/\/noticiasya.com\/#\/schema\/logo\/image\/\"}}]}<\/script>\n<!-- \/ Yoast SEO plugin. -->","yoast_head_json":{"title":"Trump dice que Maduro tiene los \"d\u00edas contados\" - Noticias","robots":{"index":"index","follow":"follow","max-snippet":"max-snippet:-1","max-image-preview":"max-image-preview:large","max-video-preview":"max-video-preview:-1"},"canonical":"https:\/\/noticiasya.com\/2025\/12\/09\/trump-segundo-ataque-caribe-maduro-trax\/","og_locale":"es_ES","og_type":"article","og_title":"Trump dice que Maduro tiene los \"d\u00edas contados\" - Noticias","og_description":"El presidente Donald Trump dijo en una entrevista publicada este martes que el video que vio del segundo ataque a una supuesta lancha con narcotraficantes procedente de Venezuela \u201cno es agradable\u201d, pero defendi\u00f3 los ataques como necesarios para detener el flujo de drogas hacia Estados Unidos y retier\u00f3 sus amenazas contra el presidente Nicol\u00e1s Maduro, [&hellip;]","og_url":"https:\/\/noticiasya.com\/2025\/12\/09\/trump-segundo-ataque-caribe-maduro-trax\/","og_site_name":"Noticias","article_published_time":"2025-12-09T14:03:48+00:00","twitter_card":"summary_large_image","twitter_misc":{"Est. reading time":"2 minutos"},"schema":{"@context":"https:\/\/schema.org","@graph":[{"@type":"Article","@id":"https:\/\/noticiasya.com\/2025\/12\/09\/trump-segundo-ataque-caribe-maduro-trax\/#article","isPartOf":{"@id":"https:\/\/noticiasya.com\/2025\/12\/09\/trump-segundo-ataque-caribe-maduro-trax\/"},"author":{"name":"","@id":""},"headline":"Trump dice que Maduro tiene los &#171;d\u00edas contados&#187;","datePublished":"2025-12-09T14:03:48+00:00","mainEntityOfPage":{"@id":"https:\/\/noticiasya.com\/2025\/12\/09\/trump-segundo-ataque-caribe-maduro-trax\/"},"wordCount":336,"commentCount":0,"publisher":{"@id":"https:\/\/noticiasya.com\/#organization"},"articleSection":["Noticias Nacionales"],"inLanguage":"es","potentialAction":[{"@type":"CommentAction","name":"Comment","target":["https:\/\/noticiasya.com\/2025\/12\/09\/trump-segundo-ataque-caribe-maduro-trax\/#respond"]}]},{"@type":"WebPage","@id":"https:\/\/noticiasya.com\/2025\/12\/09\/trump-segundo-ataque-caribe-maduro-trax\/","url":"https:\/\/noticiasya.com\/2025\/12\/09\/trump-segundo-ataque-caribe-maduro-trax\/","name":"Trump dice que Maduro tiene los \"d\u00edas contados\" - Noticias","isPartOf":{"@id":"https:\/\/noticiasya.com\/#website"},"datePublished":"2025-12-09T14:03:48+00:00","breadcrumb":{"@id":"https:\/\/noticiasya.com\/2025\/12\/09\/trump-segundo-ataque-caribe-maduro-trax\/#breadcrumb"},"inLanguage":"es","potentialAction":[{"@type":"ReadAction","target":["https:\/\/noticiasya.com\/2025\/12\/09\/trump-segundo-ataque-caribe-maduro-trax\/"]}]},{"@type":"BreadcrumbList","@id":"https:\/\/noticiasya.com\/2025\/12\/09\/trump-segundo-ataque-caribe-maduro-trax\/#breadcrumb","itemListElement":[{"@type":"ListItem","position":1,"name":"Home","item":"https:\/\/noticiasya.com\/"},{"@type":"ListItem","position":2,"name":"Trump dice que Maduro tiene los &#171;d\u00edas contados&#187;"}]},{"@type":"WebSite","@id":"https:\/\/noticiasya.com\/#website","url":"https:\/\/noticiasya.com\/","name":"Noticias","description":"Lo que importa","publisher":{"@id":"https:\/\/noticiasya.com\/#organization"},"potentialAction":[{"@type":"SearchAction","target":{"@type":"EntryPoint","urlTemplate":"https:\/\/noticiasya.com\/?s={search_term_string}"},"query-input":{"@type":"PropertyValueSpecification","valueRequired":true,"valueName":"search_term_string"}}],"inLanguage":"es"},{"@type":"Organization","@id":"https:\/\/noticiasya.com\/#organization","name":"Noticias","url":"https:\/\/noticiasya.com\/","logo":{"@type":"ImageObject","inLanguage":"es","@id":"https:\/\/noticiasya.com\/#\/schema\/logo\/image\/","url":"https:\/\/noticiasya.com\/wp-content\/uploads\/sites\/22\/2023\/12\/logo-nacional.png","contentUrl":"https:\/\/noticiasya.com\/wp-content\/uploads\/sites\/22\/2023\/12\/logo-nacional.png","width":1801,"height":691,"caption":"Noticias"},"image":{"@id":"https:\/\/noticiasya.com\/#\/schema\/logo\/image\/"}}]}},"parsely":{"version":"1.1.0","canonical_url":"https:\/\/noticiasya.com\/midland-odessa\/2025\/12\/09\/trump-segundo-ataque-caribe-maduro-trax\/","smart_links":{"inbound":0,"outbound":0},"traffic_boost_suggestions_count":0,"meta":{"@context":"https:\/\/schema.org","@type":"NewsArticle","headline":"Trump dice que Maduro tiene los &#171;d\u00edas contados&#187;","url":"http:\/\/noticiasya.com\/midland-odessa\/2025\/12\/09\/trump-segundo-ataque-caribe-maduro-trax\/","mainEntityOfPage":{"@type":"WebPage","@id":"http:\/\/noticiasya.com\/midland-odessa\/2025\/12\/09\/trump-segundo-ataque-caribe-maduro-trax\/"},"thumbnailUrl":"","image":{"@type":"ImageObject","url":""},"articleSection":"Noticias Nacionales","author":[],"creator":[],"publisher":{"@type":"Organization","name":"Noticias","logo":""},"keywords":[],"dateCreated":"2025-12-09T14:03:48Z","datePublished":"2025-12-09T14:03:48Z","dateModified":"2025-12-09T14:03:48Z"},"rendered":"<script type=\"application\/ld+json\" class=\"wp-parsely-metadata\">{\"@context\":\"https:\\\/\\\/schema.org\",\"@type\":\"NewsArticle\",\"headline\":\"Trump dice que Maduro tiene los &#171;d\\u00edas contados&#187;\",\"url\":\"http:\\\/\\\/noticiasya.com\\\/midland-odessa\\\/2025\\\/12\\\/09\\\/trump-segundo-ataque-caribe-maduro-trax\\\/\",\"mainEntityOfPage\":{\"@type\":\"WebPage\",\"@id\":\"http:\\\/\\\/noticiasya.com\\\/midland-odessa\\\/2025\\\/12\\\/09\\\/trump-segundo-ataque-caribe-maduro-trax\\\/\"},\"thumbnailUrl\":\"\",\"image\":{\"@type\":\"ImageObject\",\"url\":\"\"},\"articleSection\":\"Noticias Nacionales\",\"author\":[],\"creator\":[],\"publisher\":{\"@type\":\"Organization\",\"name\":\"Noticias\",\"logo\":\"\"},\"keywords\":[],\"dateCreated\":\"2025-12-09T14:03:48Z\",\"datePublished\":\"2025-12-09T14:03:48Z\",\"dateModified\":\"2025-12-09T14:03:48Z\"}<\/script>","tracker_url":"https:\/\/cdn.parsely.com\/keys\/noticiasya.com\/p.js"},"jetpack_featured_media_url":"","jetpack-related-posts":[{"id":1467969,"url":"https:\/\/noticiasya.com\/midland-odessa\/2025\/11\/02\/trump-dias-contados-maduro-poder-trax\/","url_meta":{"origin":1469109,"position":0},"title":"Trump dice que los d\u00edas de Maduro en el poder est\u00e1n contados; se niega a confirmar planes de ataque","author":"","date":"noviembre 2, 2025","format":false,"excerpt":"El presidente de Estados Unidos, Donald Trump, sugiri\u00f3 el domingo que el tiempo en el poder del presidente de Venezuela, Nicol\u00e1s Maduro, est\u00e1 llegando a su fin, pero se neg\u00f3 a decir si Estados Unidos prepara una acci\u00f3n militar en tierra.\u201cYo dir\u00eda que s\u00ed. Creo que s\u00ed\u201d, dijo Trump cuando\u2026","rel":"","context":"In &quot;Noticias Nacionales&quot;","block_context":{"text":"Noticias Nacionales","link":"https:\/\/noticiasya.com\/midland-odessa\/categoria\/noticias-nacionales"},"img":{"alt_text":"","src":"","width":0,"height":0},"classes":[]},{"id":1469411,"url":"https:\/\/noticiasya.com\/midland-odessa\/2025\/12\/18\/analisis-cambiantes-justificaciones-trump-venezuela-trax\/","url_meta":{"origin":1469109,"position":1},"title":"Las cambiantes justificaciones de Trump sobre Venezuela y los ataques contra embarcaciones en el Caribe","author":"","date":"diciembre 18, 2025","format":false,"excerpt":"Las entrevistas publicadas recientemente a Susie Wiles en Vanity Fair son notables por m\u00faltiples razones. Pero quiz\u00e1 lo m\u00e1s relevante sea lo que la secretaria general de la Casa Blanca dijo sobre Venezuela.Al fin y al cabo, se trata de matar personas en alta mar y de la posibilidad de\u2026","rel":"","context":"In &quot;Noticias Nacionales&quot;","block_context":{"text":"Noticias Nacionales","link":"https:\/\/noticiasya.com\/midland-odessa\/categoria\/noticias-nacionales"},"img":{"alt_text":"","src":"","width":0,"height":0},"classes":[]},{"id":1467811,"url":"https:\/\/noticiasya.com\/midland-odessa\/2025\/10\/28\/cronologia-ataques-caribe-pacifico-muertos-orix\/","url_meta":{"origin":1469109,"position":2},"title":"14 botes destruidos, 57 muertos y una crisis que crece en el Caribe y el Pac\u00edfico: cronolog\u00eda de los ataques de EE.UU.","author":"","date":"octubre 28, 2025","format":false,"excerpt":"El Gobierno de Estados Unidos anunci\u00f3 este martes nuevos ataques contra embarcaciones en aguas internacionales del Pac\u00edfico, la und\u00e9cima ofensiva desde el 2 de septiembre. EE.UU. argument\u00f3 que estos barcos transportaban narc\u00f3ticos, sin proporcionar pruebas que respalden esas afirmaciones.Hasta el momento son 57 las personas que murieron en estos ataques\u2026","rel":"","context":"In &quot;Noticias Nacionales&quot;","block_context":{"text":"Noticias Nacionales","link":"https:\/\/noticiasya.com\/midland-odessa\/categoria\/noticias-nacionales"},"img":{"alt_text":"","src":"","width":0,"height":0},"classes":[]},{"id":1467713,"url":"https:\/\/noticiasya.com\/midland-odessa\/2025\/10\/24\/ataques-botes-caribe-pacifico-cronologia-orix\/","url_meta":{"origin":1469109,"position":3},"title":"10 botes destruidos, 43 muertos y una crisis que crece en el Caribe y el Pac\u00edfico: cronolog\u00eda de los ataques de EE.UU.","author":"","date":"octubre 24, 2025","format":false,"excerpt":"El Gobierno de Estados Unidos anunci\u00f3 este viernes un nuevo ataque contra una embarcaci\u00f3n en aguas internacionales del Caribe, el d\u00e9cimo desde el 2 de septiembre, d\u00eda en que comenzaron las ofensivas. EE.UU. argument\u00f3 que estos barcos transportaban narc\u00f3ticos, sin proporcionar pruebas que respalden esas afirmaciones.Hasta el momento son 43\u2026","rel":"","context":"In &quot;Noticias Nacionales&quot;","block_context":{"text":"Noticias Nacionales","link":"https:\/\/noticiasya.com\/midland-odessa\/categoria\/noticias-nacionales"},"img":{"alt_text":"","src":"","width":0,"height":0},"classes":[]},{"id":1469652,"url":"https:\/\/noticiasya.com\/midland-odessa\/2025\/12\/29\/cronologia-ataques-eeuu-caribe-pacifico-venezuela-orix\/","url_meta":{"origin":1469109,"position":4},"title":"31 botes destruidos, m\u00e1s de 100 muertos y una crisis que crece en Caribe y Pac\u00edfico: cronolog\u00eda de los ataques de EE.UU.","author":"","date":"diciembre 29, 2025","format":false,"excerpt":"Este lunes, a pocos d\u00edas de cerrar el 2025, las Fuerzas Militares de EE.UU. ejecutaron otro ataque contra una presunta embarcaci\u00f3n de narcotr\u00e1fico en el oc\u00e9ano Pac\u00edfico oriental en el que murieron dos personas, seg\u00fan el Comando Sur de EE.UU.Con ello, desde el 2 de septiembre suman 31 botes destruidos\u2026","rel":"","context":"In &quot;Noticias Nacionales&quot;","block_context":{"text":"Noticias Nacionales","link":"https:\/\/noticiasya.com\/midland-odessa\/categoria\/noticias-nacionales"},"img":{"alt_text":"","src":"","width":0,"height":0},"classes":[]},{"id":1469080,"url":"https:\/\/noticiasya.com\/midland-odessa\/2025\/12\/08\/legisladores-republicanos-democratas-video-ataque-caribe-trax\/","url_meta":{"origin":1469109,"position":5},"title":"Legisladores republicanos y dem\u00f3cratas apoyan publicar el video de los ataques a una embarcaci\u00f3n en el Caribe","author":"","date":"diciembre 8, 2025","format":false,"excerpt":"Importantes legisladores de ambos partidos, que fueron informados la semana pasada sobre un ataque doble en septiembre contra una supuesta lancha de narcotraficantes en el Caribe, afirman que apoyar\u00edan la publicaci\u00f3n del video del ataque, y algunos legisladores dem\u00f3cratas incluso exigen activamente que se haga p\u00fablico.\u201cCreo que es realmente importante\u2026","rel":"","context":"In &quot;Noticias Nacionales&quot;","block_context":{"text":"Noticias Nacionales","link":"https:\/\/noticiasya.com\/midland-odessa\/categoria\/noticias-nacionales"},"img":{"alt_text":"","src":"","width":0,"height":0},"classes":[]}],"jetpack_sharing_enabled":true,"_links":{"self":[{"href":"https:\/\/noticiasya.com\/midland-odessa\/wp-json\/wp\/v2\/posts\/1469109","targetHints":{"allow":["GET"]}}],"collection":[{"href":"https:\/\/noticiasya.com\/midland-odessa\/wp-json\/wp\/v2\/posts"}],"about":[{"href":"https:\/\/noticiasya.com\/midland-odessa\/wp-json\/wp\/v2\/types\/post"}],"replies":[{"embeddable":true,"href":"https:\/\/noticiasya.com\/midland-odessa\/wp-json\/wp\/v2\/comments?post=1469109"}],"version-history":[{"count":0,"href":"https:\/\/noticiasya.com\/midland-odessa\/wp-json\/wp\/v2\/posts\/1469109\/revisions"}],"wp:attachment":[{"href":"https:\/\/noticiasya.com\/midland-odessa\/wp-json\/wp\/v2\/media?parent=1469109"}],"wp:term":[{"taxonomy":"category","embeddable":true,"href":"https:\/\/noticiasya.com\/midland-odessa\/wp-json\/wp\/v2\/categories?post=1469109"},{"taxonomy":"post_tag","embeddable":true,"href":"https:\/\/noticiasya.com\/midland-odessa\/wp-json\/wp\/v2\/tags?post=1469109"}],"curies":[{"name":"wp","href":"https:\/\/api.w.org\/{rel}","templated":true}]}}