{"id":1469111,"date":"2025-12-09T07:03:48","date_gmt":"2025-12-09T15:03:48","guid":{"rendered":"https:\/\/noticiasya.com\/2025\/12\/09\/jimmy-kimmel-abc-disney-trax\/"},"modified":"2025-12-09T07:03:48","modified_gmt":"2025-12-09T15:03:48","slug":"jimmy-kimmel-abc-disney-trax","status":"publish","type":"post","link":"https:\/\/noticiasya.com\/midland-odessa\/2025\/12\/09\/jimmy-kimmel-abc-disney-trax\/","title":{"rendered":"Jimmy Kimmel continuar\u00e1 con ABC de Disney por al menos un a\u00f1o m\u00e1s"},"content":{"rendered":"<p>Jimmy Kimmel renov\u00f3 su contrato con ABC, propiedad de Disney, para continuar presentando \u201cJimmy Kimmel Live!\u201d durante un a\u00f1o m\u00e1s.<\/p>\n<p>Una fuente familiarizada con el acuerdo le dijo a CNN que Kimmel firm\u00f3 una extensi\u00f3n de un a\u00f1o para continuar con su programa nocturno hasta mayo de 2027.<\/p>\n<p>CNN se comunic\u00f3 con ABC para solicitar comentarios.<\/p>\n<p>\u201cMe complace anunciar otro a\u00f1o \u2018sin talento\u2019\u201d, dijo Kimmel en un posteo en Instagram el lunes por la noche.<\/p>\n<p>Kimmel qued\u00f3 atrapado en medio de la divisi\u00f3n pol\u00edtica del pa\u00eds a principios de este a\u00f1o, cuando los ejecutivos de ABC sacaron temporalmente su programa del aire en oto\u00f1o despu\u00e9s de sus <a href=\"https:\/\/www.cnn.com\/2025\/09\/17\/business\/video\/abc-jimmy-kimmel-fcc-charlie-kirk-digvid\">comentarios durante un mon\u00f3logo<\/a> sobre el presunto asesino de Charlie Kirk.<\/p>\n<p>Pero CNN <a href=\"https:\/\/www.cnn.com\/2025\/09\/18\/entertainment\/abc-jimmy-kimmel-what-comes-next\">inform\u00f3<\/a> que Disney siempre tuvo la \u201cesperanza\u201d de volver a traer el programa, citando la estrecha relaci\u00f3n de Kimmel con muchos ejecutivos clave de la compa\u00f1\u00eda.<\/p>\n<p>Kimmel, quien en ocasiones ha sido el blanco de las cr\u00edticas de ABC debido a su postura sin tapujos sobre el presidente Donald Trump, tiene una gran reputaci\u00f3n en la industria como el \u00fanico comediante nocturno que presenta un programa en Los \u00c1ngeles, donde mantiene una buena relaci\u00f3n con muchos invitados famosos que lo visitan con frecuencia. Cuando su programa fue cancelado temporalmente, Hollywood se uni\u00f3 a Kimmel y boicote\u00f3 a Disney.<\/p>\n<p>El contrato actual de Kimmel vence al final de la temporada y dura hasta mayo de 2026. Durante a\u00f1os, Kimmel ha debatido si continuar o no con su programa, haciendo comentarios p\u00fablicos a lo largo de los a\u00f1os sobre cu\u00e1ndo podr\u00eda retirarse.<\/p>\n<p>Kimmel es un talento excepcional para Disney, con d\u00e9cadas de experiencia como imagen de ABC. Adem\u00e1s de presentar \u201cJimmy Kimmel Live!\u201d, tambi\u00e9n ha presentado los Oscar en numerosas ocasiones y recientemente gan\u00f3 un Emmy por presentar el programa de la cadena \u201c\u00bfQui\u00e9n quiere ser millonario?\u201d.<\/p>\n<p><em>Ramishah Maruf de CNN contribuy\u00f3 a esta historia.<\/em><\/p>\n<p>The-CNN-Wire<br \/>&trade; &amp; &copy; 2025 Cable News Network, Inc., a Warner Bros. Discovery Company. All rights reserved.<\/p>\n","protected":false},"excerpt":{"rendered":"<p>Jimmy Kimmel renov\u00f3 su contrato con ABC, propiedad de Disney, para continuar presentando \u201cJimmy Kimmel Live!\u201d durante un a\u00f1o m\u00e1s. Una fuente familiarizada con el acuerdo le dijo a CNN que Kimmel firm\u00f3 una extensi\u00f3n de un a\u00f1o para continuar con su programa nocturno hasta mayo de 2027. CNN se comunic\u00f3 con ABC para solicitar [&hellip;]<\/p>\n","protected":false},"author":0,"featured_media":0,"comment_status":"open","ping_status":"open","sticky":false,"template":"","format":"standard","meta":{"_jetpack_memberships_contains_paid_content":false,"footnotes":""},"categories":[10],"tags":[],"class_list":["post-1469111","post","type-post","status-publish","format-standard","hentry","category-noticias-nacionales","market-global"],"yoast_head":"<!-- This site is optimized with the Yoast SEO plugin v24.4 - https:\/\/yoast.com\/wordpress\/plugins\/seo\/ -->\n<title>Jimmy Kimmel continuar\u00e1 con ABC de Disney por al menos un a\u00f1o m\u00e1s - Noticias<\/title>\n<meta name=\"robots\" content=\"index, follow, max-snippet:-1, max-image-preview:large, max-video-preview:-1\" \/>\n<link rel=\"canonical\" href=\"https:\/\/noticiasya.com\/2025\/12\/09\/jimmy-kimmel-abc-disney-trax\/\" \/>\n<meta property=\"og:locale\" content=\"es_ES\" \/>\n<meta property=\"og:type\" content=\"article\" \/>\n<meta property=\"og:title\" content=\"Jimmy Kimmel continuar\u00e1 con ABC de Disney por al menos un a\u00f1o m\u00e1s - Noticias\" \/>\n<meta property=\"og:description\" content=\"Jimmy Kimmel renov\u00f3 su contrato con ABC, propiedad de Disney, para continuar presentando \u201cJimmy Kimmel Live!\u201d durante un a\u00f1o m\u00e1s. Una fuente familiarizada con el acuerdo le dijo a CNN que Kimmel firm\u00f3 una extensi\u00f3n de un a\u00f1o para continuar con su programa nocturno hasta mayo de 2027. CNN se comunic\u00f3 con ABC para solicitar [&hellip;]\" \/>\n<meta property=\"og:url\" content=\"https:\/\/noticiasya.com\/2025\/12\/09\/jimmy-kimmel-abc-disney-trax\/\" \/>\n<meta property=\"og:site_name\" content=\"Noticias\" \/>\n<meta property=\"article:published_time\" content=\"2025-12-09T15:03:48+00:00\" \/>\n<meta name=\"twitter:card\" content=\"summary_large_image\" \/>\n<meta name=\"twitter:label1\" content=\"Est. reading time\" \/>\n\t<meta name=\"twitter:data1\" content=\"2 minutos\" \/>\n<script type=\"application\/ld+json\" class=\"yoast-schema-graph\">{\"@context\":\"https:\/\/schema.org\",\"@graph\":[{\"@type\":\"Article\",\"@id\":\"https:\/\/noticiasya.com\/2025\/12\/09\/jimmy-kimmel-abc-disney-trax\/#article\",\"isPartOf\":{\"@id\":\"https:\/\/noticiasya.com\/2025\/12\/09\/jimmy-kimmel-abc-disney-trax\/\"},\"author\":{\"name\":\"\",\"@id\":\"\"},\"headline\":\"Jimmy Kimmel continuar\u00e1 con ABC de Disney por al menos un a\u00f1o m\u00e1s\",\"datePublished\":\"2025-12-09T15:03:48+00:00\",\"mainEntityOfPage\":{\"@id\":\"https:\/\/noticiasya.com\/2025\/12\/09\/jimmy-kimmel-abc-disney-trax\/\"},\"wordCount\":368,\"commentCount\":0,\"publisher\":{\"@id\":\"https:\/\/noticiasya.com\/#organization\"},\"articleSection\":[\"Noticias Nacionales\"],\"inLanguage\":\"es\",\"potentialAction\":[{\"@type\":\"CommentAction\",\"name\":\"Comment\",\"target\":[\"https:\/\/noticiasya.com\/2025\/12\/09\/jimmy-kimmel-abc-disney-trax\/#respond\"]}]},{\"@type\":\"WebPage\",\"@id\":\"https:\/\/noticiasya.com\/2025\/12\/09\/jimmy-kimmel-abc-disney-trax\/\",\"url\":\"https:\/\/noticiasya.com\/2025\/12\/09\/jimmy-kimmel-abc-disney-trax\/\",\"name\":\"Jimmy Kimmel continuar\u00e1 con ABC de Disney por al menos un a\u00f1o m\u00e1s - Noticias\",\"isPartOf\":{\"@id\":\"https:\/\/noticiasya.com\/#website\"},\"datePublished\":\"2025-12-09T15:03:48+00:00\",\"breadcrumb\":{\"@id\":\"https:\/\/noticiasya.com\/2025\/12\/09\/jimmy-kimmel-abc-disney-trax\/#breadcrumb\"},\"inLanguage\":\"es\",\"potentialAction\":[{\"@type\":\"ReadAction\",\"target\":[\"https:\/\/noticiasya.com\/2025\/12\/09\/jimmy-kimmel-abc-disney-trax\/\"]}]},{\"@type\":\"BreadcrumbList\",\"@id\":\"https:\/\/noticiasya.com\/2025\/12\/09\/jimmy-kimmel-abc-disney-trax\/#breadcrumb\",\"itemListElement\":[{\"@type\":\"ListItem\",\"position\":1,\"name\":\"Home\",\"item\":\"https:\/\/noticiasya.com\/\"},{\"@type\":\"ListItem\",\"position\":2,\"name\":\"Jimmy Kimmel continuar\u00e1 con ABC de Disney por al menos un a\u00f1o m\u00e1s\"}]},{\"@type\":\"WebSite\",\"@id\":\"https:\/\/noticiasya.com\/#website\",\"url\":\"https:\/\/noticiasya.com\/\",\"name\":\"Noticias\",\"description\":\"Lo que importa\",\"publisher\":{\"@id\":\"https:\/\/noticiasya.com\/#organization\"},\"potentialAction\":[{\"@type\":\"SearchAction\",\"target\":{\"@type\":\"EntryPoint\",\"urlTemplate\":\"https:\/\/noticiasya.com\/?s={search_term_string}\"},\"query-input\":{\"@type\":\"PropertyValueSpecification\",\"valueRequired\":true,\"valueName\":\"search_term_string\"}}],\"inLanguage\":\"es\"},{\"@type\":\"Organization\",\"@id\":\"https:\/\/noticiasya.com\/#organization\",\"name\":\"Noticias\",\"url\":\"https:\/\/noticiasya.com\/\",\"logo\":{\"@type\":\"ImageObject\",\"inLanguage\":\"es\",\"@id\":\"https:\/\/noticiasya.com\/#\/schema\/logo\/image\/\",\"url\":\"https:\/\/noticiasya.com\/wp-content\/uploads\/sites\/22\/2023\/12\/logo-nacional.png\",\"contentUrl\":\"https:\/\/noticiasya.com\/wp-content\/uploads\/sites\/22\/2023\/12\/logo-nacional.png\",\"width\":1801,\"height\":691,\"caption\":\"Noticias\"},\"image\":{\"@id\":\"https:\/\/noticiasya.com\/#\/schema\/logo\/image\/\"}}]}<\/script>\n<!-- \/ Yoast SEO plugin. -->","yoast_head_json":{"title":"Jimmy Kimmel continuar\u00e1 con ABC de Disney por al menos un a\u00f1o m\u00e1s - Noticias","robots":{"index":"index","follow":"follow","max-snippet":"max-snippet:-1","max-image-preview":"max-image-preview:large","max-video-preview":"max-video-preview:-1"},"canonical":"https:\/\/noticiasya.com\/2025\/12\/09\/jimmy-kimmel-abc-disney-trax\/","og_locale":"es_ES","og_type":"article","og_title":"Jimmy Kimmel continuar\u00e1 con ABC de Disney por al menos un a\u00f1o m\u00e1s - Noticias","og_description":"Jimmy Kimmel renov\u00f3 su contrato con ABC, propiedad de Disney, para continuar presentando \u201cJimmy Kimmel Live!\u201d durante un a\u00f1o m\u00e1s. Una fuente familiarizada con el acuerdo le dijo a CNN que Kimmel firm\u00f3 una extensi\u00f3n de un a\u00f1o para continuar con su programa nocturno hasta mayo de 2027. CNN se comunic\u00f3 con ABC para solicitar [&hellip;]","og_url":"https:\/\/noticiasya.com\/2025\/12\/09\/jimmy-kimmel-abc-disney-trax\/","og_site_name":"Noticias","article_published_time":"2025-12-09T15:03:48+00:00","twitter_card":"summary_large_image","twitter_misc":{"Est. reading time":"2 minutos"},"schema":{"@context":"https:\/\/schema.org","@graph":[{"@type":"Article","@id":"https:\/\/noticiasya.com\/2025\/12\/09\/jimmy-kimmel-abc-disney-trax\/#article","isPartOf":{"@id":"https:\/\/noticiasya.com\/2025\/12\/09\/jimmy-kimmel-abc-disney-trax\/"},"author":{"name":"","@id":""},"headline":"Jimmy Kimmel continuar\u00e1 con ABC de Disney por al menos un a\u00f1o m\u00e1s","datePublished":"2025-12-09T15:03:48+00:00","mainEntityOfPage":{"@id":"https:\/\/noticiasya.com\/2025\/12\/09\/jimmy-kimmel-abc-disney-trax\/"},"wordCount":368,"commentCount":0,"publisher":{"@id":"https:\/\/noticiasya.com\/#organization"},"articleSection":["Noticias Nacionales"],"inLanguage":"es","potentialAction":[{"@type":"CommentAction","name":"Comment","target":["https:\/\/noticiasya.com\/2025\/12\/09\/jimmy-kimmel-abc-disney-trax\/#respond"]}]},{"@type":"WebPage","@id":"https:\/\/noticiasya.com\/2025\/12\/09\/jimmy-kimmel-abc-disney-trax\/","url":"https:\/\/noticiasya.com\/2025\/12\/09\/jimmy-kimmel-abc-disney-trax\/","name":"Jimmy Kimmel continuar\u00e1 con ABC de Disney por al menos un a\u00f1o m\u00e1s - Noticias","isPartOf":{"@id":"https:\/\/noticiasya.com\/#website"},"datePublished":"2025-12-09T15:03:48+00:00","breadcrumb":{"@id":"https:\/\/noticiasya.com\/2025\/12\/09\/jimmy-kimmel-abc-disney-trax\/#breadcrumb"},"inLanguage":"es","potentialAction":[{"@type":"ReadAction","target":["https:\/\/noticiasya.com\/2025\/12\/09\/jimmy-kimmel-abc-disney-trax\/"]}]},{"@type":"BreadcrumbList","@id":"https:\/\/noticiasya.com\/2025\/12\/09\/jimmy-kimmel-abc-disney-trax\/#breadcrumb","itemListElement":[{"@type":"ListItem","position":1,"name":"Home","item":"https:\/\/noticiasya.com\/"},{"@type":"ListItem","position":2,"name":"Jimmy Kimmel continuar\u00e1 con ABC de Disney por al menos un a\u00f1o m\u00e1s"}]},{"@type":"WebSite","@id":"https:\/\/noticiasya.com\/#website","url":"https:\/\/noticiasya.com\/","name":"Noticias","description":"Lo que importa","publisher":{"@id":"https:\/\/noticiasya.com\/#organization"},"potentialAction":[{"@type":"SearchAction","target":{"@type":"EntryPoint","urlTemplate":"https:\/\/noticiasya.com\/?s={search_term_string}"},"query-input":{"@type":"PropertyValueSpecification","valueRequired":true,"valueName":"search_term_string"}}],"inLanguage":"es"},{"@type":"Organization","@id":"https:\/\/noticiasya.com\/#organization","name":"Noticias","url":"https:\/\/noticiasya.com\/","logo":{"@type":"ImageObject","inLanguage":"es","@id":"https:\/\/noticiasya.com\/#\/schema\/logo\/image\/","url":"https:\/\/noticiasya.com\/wp-content\/uploads\/sites\/22\/2023\/12\/logo-nacional.png","contentUrl":"https:\/\/noticiasya.com\/wp-content\/uploads\/sites\/22\/2023\/12\/logo-nacional.png","width":1801,"height":691,"caption":"Noticias"},"image":{"@id":"https:\/\/noticiasya.com\/#\/schema\/logo\/image\/"}}]}},"parsely":{"version":"1.1.0","canonical_url":"https:\/\/noticiasya.com\/midland-odessa\/2025\/12\/09\/jimmy-kimmel-abc-disney-trax\/","smart_links":{"inbound":0,"outbound":0},"traffic_boost_suggestions_count":0,"meta":{"@context":"https:\/\/schema.org","@type":"NewsArticle","headline":"Jimmy Kimmel continuar\u00e1 con ABC de Disney por al menos un a\u00f1o m\u00e1s","url":"http:\/\/noticiasya.com\/midland-odessa\/2025\/12\/09\/jimmy-kimmel-abc-disney-trax\/","mainEntityOfPage":{"@type":"WebPage","@id":"http:\/\/noticiasya.com\/midland-odessa\/2025\/12\/09\/jimmy-kimmel-abc-disney-trax\/"},"thumbnailUrl":"","image":{"@type":"ImageObject","url":""},"articleSection":"Noticias Nacionales","author":[],"creator":[],"publisher":{"@type":"Organization","name":"Noticias","logo":""},"keywords":[],"dateCreated":"2025-12-09T15:03:48Z","datePublished":"2025-12-09T15:03:48Z","dateModified":"2025-12-09T15:03:48Z"},"rendered":"<script type=\"application\/ld+json\" class=\"wp-parsely-metadata\">{\"@context\":\"https:\\\/\\\/schema.org\",\"@type\":\"NewsArticle\",\"headline\":\"Jimmy Kimmel continuar\\u00e1 con ABC de Disney por al menos un a\\u00f1o m\\u00e1s\",\"url\":\"http:\\\/\\\/noticiasya.com\\\/midland-odessa\\\/2025\\\/12\\\/09\\\/jimmy-kimmel-abc-disney-trax\\\/\",\"mainEntityOfPage\":{\"@type\":\"WebPage\",\"@id\":\"http:\\\/\\\/noticiasya.com\\\/midland-odessa\\\/2025\\\/12\\\/09\\\/jimmy-kimmel-abc-disney-trax\\\/\"},\"thumbnailUrl\":\"\",\"image\":{\"@type\":\"ImageObject\",\"url\":\"\"},\"articleSection\":\"Noticias Nacionales\",\"author\":[],\"creator\":[],\"publisher\":{\"@type\":\"Organization\",\"name\":\"Noticias\",\"logo\":\"\"},\"keywords\":[],\"dateCreated\":\"2025-12-09T15:03:48Z\",\"datePublished\":\"2025-12-09T15:03:48Z\",\"dateModified\":\"2025-12-09T15:03:48Z\"}<\/script>","tracker_url":"https:\/\/cdn.parsely.com\/keys\/noticiasya.com\/p.js"},"jetpack_featured_media_url":"","jetpack-related-posts":[{"id":1466602,"url":"https:\/\/noticiasya.com\/midland-odessa\/2025\/09\/18\/detras-de-escena-suspension-kimmel-trax\/","url_meta":{"origin":1469111,"position":0},"title":"Lo que sucedi\u00f3 detr\u00e1s de escena que llev\u00f3 a la suspensi\u00f3n de Kimmel","author":"","date":"septiembre 18, 2025","format":false,"excerpt":"La decisi\u00f3n de sacar del aire el programa de Jimmy Kimmel no fue tan precipitada como podr\u00eda pensarse.El tema se hab\u00eda estado gestando toda la semana en los altos cargos de Disney y ABC, desde que Kimmel hizo comentarios durante su mon\u00f3logo del lunes por la noche sobre el presunto\u2026","rel":"","context":"In &quot;Noticias Nacionales&quot;","block_context":{"text":"Noticias Nacionales","link":"https:\/\/noticiasya.com\/midland-odessa\/categoria\/noticias-nacionales"},"img":{"alt_text":"","src":"","width":0,"height":0},"classes":[]},{"id":1466560,"url":"https:\/\/noticiasya.com\/midland-odessa\/2025\/09\/17\/retiran-programa-jimmy-kimmel-comentarios-charlie-kirk-trax\/","url_meta":{"origin":1469111,"position":1},"title":"Retiran &#171;indefinidamente&#187; del aire el programa de Jimmy Kimmel tras comentarios sobre Charlie Kirk","author":"","date":"septiembre 17, 2025","format":false,"excerpt":"La cadena de televisi\u00f3n ABC de Disney est\u00e1 retirando del aire indefinidamente el programa de entrevistas nocturno de Jimmy Kimmel en medio de una controversia por sus recientes comentarios sobre el presunto asesino de Charlie Kirk.\u201cJimmy Kimmel Live ser\u00e1 suspendido indefinidamente\u201d, dijo un portavoz de ABC, neg\u00e1ndose a compartir m\u00e1s\u2026","rel":"","context":"In &quot;Noticias Nacionales&quot;","block_context":{"text":"Noticias Nacionales","link":"https:\/\/noticiasya.com\/midland-odessa\/categoria\/noticias-nacionales"},"img":{"alt_text":"","src":"","width":0,"height":0},"classes":[]},{"id":1466571,"url":"https:\/\/noticiasya.com\/midland-odessa\/2025\/09\/18\/suspension-jimmy-kimmel-sorprendio-equipo-invitados-trax\/","url_meta":{"origin":1469111,"position":2},"title":"La suspensi\u00f3n de Jimmy Kimmel sorprendi\u00f3 a su equipo y a los invitados que iban en camino para aparecer en el programa","author":"","date":"septiembre 18, 2025","format":false,"excerpt":"La repentina decisi\u00f3n de ABC de retirar del aire el programa de Jimmy Kimmel se produjo horas despu\u00e9s de que el presidente de la Comisi\u00f3n Federal de Comunicaciones, Brendan Carr, dijera en un podcast que la FCC podr\u00eda revocar las licencias de afiliaci\u00f3n de ABC como una forma de obligar\u2026","rel":"","context":"In &quot;Noticias Nacionales&quot;","block_context":{"text":"Noticias Nacionales","link":"https:\/\/noticiasya.com\/midland-odessa\/categoria\/noticias-nacionales"},"img":{"alt_text":"","src":"","width":0,"height":0},"classes":[]},{"id":1466696,"url":"https:\/\/noticiasya.com\/midland-odessa\/2025\/09\/22\/primo-jimmy-kimmel-sorpresas-trax\/","url_meta":{"origin":1469111,"position":3},"title":"Sal, primo de Jimmy Kimmel, insin\u00faa: &#171;A\u00fan quedan un par de sorpresas explosivas&#187;","author":"","date":"septiembre 22, 2025","format":false,"excerpt":"Sal Iacono, primo de Jimmy Kimmel y guionista e int\u00e9rprete de larga trayectoria en \u201cJimmy Kimmel Live!\u201d, insinu\u00f3 el domingo que el programa podr\u00eda no volver al aire despu\u00e9s de que ABC lo suspendiera indefinidamente la semana pasada.En un episodio de \u201cThe Bill Simmons Podcast\u201d, el domingo por la noche,\u2026","rel":"","context":"In &quot;Noticias Nacionales&quot;","block_context":{"text":"Noticias Nacionales","link":"https:\/\/noticiasya.com\/midland-odessa\/categoria\/noticias-nacionales"},"img":{"alt_text":"","src":"","width":0,"height":0},"classes":[]},{"id":1471377,"url":"https:\/\/noticiasya.com\/midland-odessa\/2026\/02\/18\/jimmy-kimmel-toma-riesgos-programa-trax\/","url_meta":{"origin":1469111,"position":4},"title":"Tras su breve suspensi\u00f3n del aire en 2025, Jimmy Kimmel sigue tomando riesgos en su programa de TV","author":"","date":"febrero 18, 2026","format":false,"excerpt":"En septiembre del a\u00f1o pasado, el presentador de televisi\u00f3n nocturna Jimmy Kimmel se encontr\u00f3 de repente en el centro de atenci\u00f3n, uno que iba mucho m\u00e1s all\u00e1 del escenario de su estudio.El mundo de la televisi\u00f3n nocturna ya estaba en crisis despu\u00e9s de que CBS cancelara abruptamente el programa de\u2026","rel":"","context":"In &quot;Noticias Nacionales&quot;","block_context":{"text":"Noticias Nacionales","link":"https:\/\/noticiasya.com\/midland-odessa\/categoria\/noticias-nacionales"},"img":{"alt_text":"","src":"","width":0,"height":0},"classes":[]},{"id":1466765,"url":"https:\/\/noticiasya.com\/midland-odessa\/2025\/09\/24\/jimmy-kimmel-ovacion-masiva-grabacion-trax\/","url_meta":{"origin":1469111,"position":5},"title":"Un emocionado Kimmel regresa a ABC y critica los ataques &#171;antiestadounidenses&#187; de Trump contra la libertad de expresi\u00f3n","author":"","date":"septiembre 24, 2025","format":false,"excerpt":"Jimmy Kimmel regres\u00f3 a su programa nocturno este martes por la noche e inst\u00f3 a los espectadores a plantar cara a las amenazas del presidente Trump, quien poco antes de la emisi\u00f3n del programa, envi\u00f3 una nueva amenaza contra la cadena del presentador, ABC.En un mon\u00f3logo elocuente y emotivo, Kimmel\u2026","rel":"","context":"In &quot;Noticias Nacionales&quot;","block_context":{"text":"Noticias Nacionales","link":"https:\/\/noticiasya.com\/midland-odessa\/categoria\/noticias-nacionales"},"img":{"alt_text":"","src":"","width":0,"height":0},"classes":[]}],"jetpack_sharing_enabled":true,"_links":{"self":[{"href":"https:\/\/noticiasya.com\/midland-odessa\/wp-json\/wp\/v2\/posts\/1469111","targetHints":{"allow":["GET"]}}],"collection":[{"href":"https:\/\/noticiasya.com\/midland-odessa\/wp-json\/wp\/v2\/posts"}],"about":[{"href":"https:\/\/noticiasya.com\/midland-odessa\/wp-json\/wp\/v2\/types\/post"}],"replies":[{"embeddable":true,"href":"https:\/\/noticiasya.com\/midland-odessa\/wp-json\/wp\/v2\/comments?post=1469111"}],"version-history":[{"count":0,"href":"https:\/\/noticiasya.com\/midland-odessa\/wp-json\/wp\/v2\/posts\/1469111\/revisions"}],"wp:attachment":[{"href":"https:\/\/noticiasya.com\/midland-odessa\/wp-json\/wp\/v2\/media?parent=1469111"}],"wp:term":[{"taxonomy":"category","embeddable":true,"href":"https:\/\/noticiasya.com\/midland-odessa\/wp-json\/wp\/v2\/categories?post=1469111"},{"taxonomy":"post_tag","embeddable":true,"href":"https:\/\/noticiasya.com\/midland-odessa\/wp-json\/wp\/v2\/tags?post=1469111"}],"curies":[{"name":"wp","href":"https:\/\/api.w.org\/{rel}","templated":true}]}}