{"id":1469112,"date":"2025-12-09T07:03:49","date_gmt":"2025-12-09T15:03:49","guid":{"rendered":"https:\/\/noticiasya.com\/2025\/12\/09\/trump-revocacion-ciudadania-nacidos-eeuu-trax\/"},"modified":"2025-12-09T07:03:49","modified_gmt":"2025-12-09T15:03:49","slug":"trump-revocacion-ciudadania-nacidos-eeuu-trax","status":"publish","type":"post","link":"https:\/\/noticiasya.com\/midland-odessa\/2025\/12\/09\/trump-revocacion-ciudadania-nacidos-eeuu-trax\/","title":{"rendered":"Trump evita decir si revocar\u00eda ciudadan\u00eda por nacimiento en caso de que la Corte Suprema falle a su favor"},"content":{"rendered":"<p>El presidente de EE.UU., Donald Trump, evit\u00f3 decir si intentar\u00e1 revocar la ciudadan\u00eda de las personas nacidas en Estados Unidos si gana el caso sobre ciudadan\u00eda por nacimiento que la Corte Suprema acept\u00f3 examinar recientemente, pero a\u00f1adi\u00f3 que ser\u00eda \u201cdevastador\u201d si pierde el caso.<\/p>\n<p>Los comentarios de Trump, en una entrevista con Politico, publicada este martes, se producen d\u00edas despu\u00e9s de que la Corte Suprema aceptara decidir si los intentos de Trump por poner fin a la ciudadan\u00eda por nacimiento eran constitucionales.<\/p>\n<p>La ciudadan\u00eda por nacimiento es el principio de que todas las personas nacidas en Estados Unidos tienen derecho a ser ciudadanas, independientemente del origen de sus padres. Est\u00e1 garantizada por la Decimocuarta Enmienda de la Constituci\u00f3n, ratificada en 1868.<\/p>\n<p>Consultado sobre si intentar\u00eda retirar la ciudadan\u00eda a personas nacidas en EE.UU. si gana el caso, Trump dijo a Politico: \u201chonestamente, no he pensado en eso\u201d.<\/p>\n<p>\u201cPero les dir\u00e9 esto: el caso es muy interesante porque ese caso se pens\u00f3 para los beb\u00e9s de las personas esclavizadas. Y si miras las fechas del caso, ten\u00eda exactamente que ver con la Guerra Civil. Ese caso no se pens\u00f3 para que alguna persona rica de otro pa\u00eds llegue, ponga un pie en nuestro pa\u00eds y, de repente, toda su familia se convierta, ya saben, en ciudadanos de Estados Unidos\u201d.<\/p>\n<p>El presidente ha hecho comentarios que implican que la ciudadan\u00eda de algunas personas que lo han enfrentado podr\u00eda estar en riesgo, como Elon Musk, Rosie O\u2019Donnell y Zohran Mamdani. Tanto Musk como Mamdani son ciudadanos estadounidenses naturalizados, que nacieron en el extranjero. O\u2019Donnell, quien ha tenido enfrentamientos con Trump durante d\u00e9cadas, naci\u00f3 en Nueva York, pero se mud\u00f3 a Irlanda a comienzos de este a\u00f1o y ha dicho que est\u00e1 en proceso de solicitar la ciudadan\u00eda irlandesa.<\/p>\n<p>The-CNN-Wire<br \/>&trade; &amp; &copy; 2025 Cable News Network, Inc., a Warner Bros. Discovery Company. All rights reserved.<\/p>\n","protected":false},"excerpt":{"rendered":"<p>El presidente de EE.UU., Donald Trump, evit\u00f3 decir si intentar\u00e1 revocar la ciudadan\u00eda de las personas nacidas en Estados Unidos si gana el caso sobre ciudadan\u00eda por nacimiento que la Corte Suprema acept\u00f3 examinar recientemente, pero a\u00f1adi\u00f3 que ser\u00eda \u201cdevastador\u201d si pierde el caso. Los comentarios de Trump, en una entrevista con Politico, publicada este [&hellip;]<\/p>\n","protected":false},"author":0,"featured_media":0,"comment_status":"open","ping_status":"open","sticky":false,"template":"","format":"standard","meta":{"_jetpack_memberships_contains_paid_content":false,"footnotes":""},"categories":[10],"tags":[],"class_list":["post-1469112","post","type-post","status-publish","format-standard","hentry","category-noticias-nacionales","market-global"],"yoast_head":"<!-- This site is optimized with the Yoast SEO plugin v24.4 - https:\/\/yoast.com\/wordpress\/plugins\/seo\/ -->\n<title>Trump evita decir si revocar\u00eda ciudadan\u00eda por nacimiento en caso de que la Corte Suprema falle a su favor - Noticias<\/title>\n<meta name=\"robots\" content=\"index, follow, max-snippet:-1, max-image-preview:large, max-video-preview:-1\" \/>\n<link rel=\"canonical\" href=\"https:\/\/noticiasya.com\/2025\/12\/09\/trump-revocacion-ciudadania-nacidos-eeuu-trax\/\" \/>\n<meta property=\"og:locale\" content=\"es_ES\" \/>\n<meta property=\"og:type\" content=\"article\" \/>\n<meta property=\"og:title\" content=\"Trump evita decir si revocar\u00eda ciudadan\u00eda por nacimiento en caso de que la Corte Suprema falle a su favor - Noticias\" \/>\n<meta property=\"og:description\" content=\"El presidente de EE.UU., Donald Trump, evit\u00f3 decir si intentar\u00e1 revocar la ciudadan\u00eda de las personas nacidas en Estados Unidos si gana el caso sobre ciudadan\u00eda por nacimiento que la Corte Suprema acept\u00f3 examinar recientemente, pero a\u00f1adi\u00f3 que ser\u00eda \u201cdevastador\u201d si pierde el caso. Los comentarios de Trump, en una entrevista con Politico, publicada este [&hellip;]\" \/>\n<meta property=\"og:url\" content=\"https:\/\/noticiasya.com\/2025\/12\/09\/trump-revocacion-ciudadania-nacidos-eeuu-trax\/\" \/>\n<meta property=\"og:site_name\" content=\"Noticias\" \/>\n<meta property=\"article:published_time\" content=\"2025-12-09T15:03:49+00:00\" \/>\n<meta name=\"twitter:card\" content=\"summary_large_image\" \/>\n<meta name=\"twitter:label1\" content=\"Est. reading time\" \/>\n\t<meta name=\"twitter:data1\" content=\"2 minutos\" \/>\n<script type=\"application\/ld+json\" class=\"yoast-schema-graph\">{\"@context\":\"https:\/\/schema.org\",\"@graph\":[{\"@type\":\"Article\",\"@id\":\"https:\/\/noticiasya.com\/2025\/12\/09\/trump-revocacion-ciudadania-nacidos-eeuu-trax\/#article\",\"isPartOf\":{\"@id\":\"https:\/\/noticiasya.com\/2025\/12\/09\/trump-revocacion-ciudadania-nacidos-eeuu-trax\/\"},\"author\":{\"name\":\"\",\"@id\":\"\"},\"headline\":\"Trump evita decir si revocar\u00eda ciudadan\u00eda por nacimiento en caso de que la Corte Suprema falle a su favor\",\"datePublished\":\"2025-12-09T15:03:49+00:00\",\"mainEntityOfPage\":{\"@id\":\"https:\/\/noticiasya.com\/2025\/12\/09\/trump-revocacion-ciudadania-nacidos-eeuu-trax\/\"},\"wordCount\":355,\"commentCount\":0,\"publisher\":{\"@id\":\"https:\/\/noticiasya.com\/#organization\"},\"articleSection\":[\"Noticias Nacionales\"],\"inLanguage\":\"es\",\"potentialAction\":[{\"@type\":\"CommentAction\",\"name\":\"Comment\",\"target\":[\"https:\/\/noticiasya.com\/2025\/12\/09\/trump-revocacion-ciudadania-nacidos-eeuu-trax\/#respond\"]}]},{\"@type\":\"WebPage\",\"@id\":\"https:\/\/noticiasya.com\/2025\/12\/09\/trump-revocacion-ciudadania-nacidos-eeuu-trax\/\",\"url\":\"https:\/\/noticiasya.com\/2025\/12\/09\/trump-revocacion-ciudadania-nacidos-eeuu-trax\/\",\"name\":\"Trump evita decir si revocar\u00eda ciudadan\u00eda por nacimiento en caso de que la Corte Suprema falle a su favor - Noticias\",\"isPartOf\":{\"@id\":\"https:\/\/noticiasya.com\/#website\"},\"datePublished\":\"2025-12-09T15:03:49+00:00\",\"breadcrumb\":{\"@id\":\"https:\/\/noticiasya.com\/2025\/12\/09\/trump-revocacion-ciudadania-nacidos-eeuu-trax\/#breadcrumb\"},\"inLanguage\":\"es\",\"potentialAction\":[{\"@type\":\"ReadAction\",\"target\":[\"https:\/\/noticiasya.com\/2025\/12\/09\/trump-revocacion-ciudadania-nacidos-eeuu-trax\/\"]}]},{\"@type\":\"BreadcrumbList\",\"@id\":\"https:\/\/noticiasya.com\/2025\/12\/09\/trump-revocacion-ciudadania-nacidos-eeuu-trax\/#breadcrumb\",\"itemListElement\":[{\"@type\":\"ListItem\",\"position\":1,\"name\":\"Home\",\"item\":\"https:\/\/noticiasya.com\/\"},{\"@type\":\"ListItem\",\"position\":2,\"name\":\"Trump evita decir si revocar\u00eda ciudadan\u00eda por nacimiento en caso de que la Corte Suprema falle a su favor\"}]},{\"@type\":\"WebSite\",\"@id\":\"https:\/\/noticiasya.com\/#website\",\"url\":\"https:\/\/noticiasya.com\/\",\"name\":\"Noticias\",\"description\":\"Lo que importa\",\"publisher\":{\"@id\":\"https:\/\/noticiasya.com\/#organization\"},\"potentialAction\":[{\"@type\":\"SearchAction\",\"target\":{\"@type\":\"EntryPoint\",\"urlTemplate\":\"https:\/\/noticiasya.com\/?s={search_term_string}\"},\"query-input\":{\"@type\":\"PropertyValueSpecification\",\"valueRequired\":true,\"valueName\":\"search_term_string\"}}],\"inLanguage\":\"es\"},{\"@type\":\"Organization\",\"@id\":\"https:\/\/noticiasya.com\/#organization\",\"name\":\"Noticias\",\"url\":\"https:\/\/noticiasya.com\/\",\"logo\":{\"@type\":\"ImageObject\",\"inLanguage\":\"es\",\"@id\":\"https:\/\/noticiasya.com\/#\/schema\/logo\/image\/\",\"url\":\"https:\/\/noticiasya.com\/wp-content\/uploads\/sites\/22\/2023\/12\/logo-nacional.png\",\"contentUrl\":\"https:\/\/noticiasya.com\/wp-content\/uploads\/sites\/22\/2023\/12\/logo-nacional.png\",\"width\":1801,\"height\":691,\"caption\":\"Noticias\"},\"image\":{\"@id\":\"https:\/\/noticiasya.com\/#\/schema\/logo\/image\/\"}}]}<\/script>\n<!-- \/ Yoast SEO plugin. -->","yoast_head_json":{"title":"Trump evita decir si revocar\u00eda ciudadan\u00eda por nacimiento en caso de que la Corte Suprema falle a su favor - Noticias","robots":{"index":"index","follow":"follow","max-snippet":"max-snippet:-1","max-image-preview":"max-image-preview:large","max-video-preview":"max-video-preview:-1"},"canonical":"https:\/\/noticiasya.com\/2025\/12\/09\/trump-revocacion-ciudadania-nacidos-eeuu-trax\/","og_locale":"es_ES","og_type":"article","og_title":"Trump evita decir si revocar\u00eda ciudadan\u00eda por nacimiento en caso de que la Corte Suprema falle a su favor - Noticias","og_description":"El presidente de EE.UU., Donald Trump, evit\u00f3 decir si intentar\u00e1 revocar la ciudadan\u00eda de las personas nacidas en Estados Unidos si gana el caso sobre ciudadan\u00eda por nacimiento que la Corte Suprema acept\u00f3 examinar recientemente, pero a\u00f1adi\u00f3 que ser\u00eda \u201cdevastador\u201d si pierde el caso. Los comentarios de Trump, en una entrevista con Politico, publicada este [&hellip;]","og_url":"https:\/\/noticiasya.com\/2025\/12\/09\/trump-revocacion-ciudadania-nacidos-eeuu-trax\/","og_site_name":"Noticias","article_published_time":"2025-12-09T15:03:49+00:00","twitter_card":"summary_large_image","twitter_misc":{"Est. reading time":"2 minutos"},"schema":{"@context":"https:\/\/schema.org","@graph":[{"@type":"Article","@id":"https:\/\/noticiasya.com\/2025\/12\/09\/trump-revocacion-ciudadania-nacidos-eeuu-trax\/#article","isPartOf":{"@id":"https:\/\/noticiasya.com\/2025\/12\/09\/trump-revocacion-ciudadania-nacidos-eeuu-trax\/"},"author":{"name":"","@id":""},"headline":"Trump evita decir si revocar\u00eda ciudadan\u00eda por nacimiento en caso de que la Corte Suprema falle a su favor","datePublished":"2025-12-09T15:03:49+00:00","mainEntityOfPage":{"@id":"https:\/\/noticiasya.com\/2025\/12\/09\/trump-revocacion-ciudadania-nacidos-eeuu-trax\/"},"wordCount":355,"commentCount":0,"publisher":{"@id":"https:\/\/noticiasya.com\/#organization"},"articleSection":["Noticias Nacionales"],"inLanguage":"es","potentialAction":[{"@type":"CommentAction","name":"Comment","target":["https:\/\/noticiasya.com\/2025\/12\/09\/trump-revocacion-ciudadania-nacidos-eeuu-trax\/#respond"]}]},{"@type":"WebPage","@id":"https:\/\/noticiasya.com\/2025\/12\/09\/trump-revocacion-ciudadania-nacidos-eeuu-trax\/","url":"https:\/\/noticiasya.com\/2025\/12\/09\/trump-revocacion-ciudadania-nacidos-eeuu-trax\/","name":"Trump evita decir si revocar\u00eda ciudadan\u00eda por nacimiento en caso de que la Corte Suprema falle a su favor - Noticias","isPartOf":{"@id":"https:\/\/noticiasya.com\/#website"},"datePublished":"2025-12-09T15:03:49+00:00","breadcrumb":{"@id":"https:\/\/noticiasya.com\/2025\/12\/09\/trump-revocacion-ciudadania-nacidos-eeuu-trax\/#breadcrumb"},"inLanguage":"es","potentialAction":[{"@type":"ReadAction","target":["https:\/\/noticiasya.com\/2025\/12\/09\/trump-revocacion-ciudadania-nacidos-eeuu-trax\/"]}]},{"@type":"BreadcrumbList","@id":"https:\/\/noticiasya.com\/2025\/12\/09\/trump-revocacion-ciudadania-nacidos-eeuu-trax\/#breadcrumb","itemListElement":[{"@type":"ListItem","position":1,"name":"Home","item":"https:\/\/noticiasya.com\/"},{"@type":"ListItem","position":2,"name":"Trump evita decir si revocar\u00eda ciudadan\u00eda por nacimiento en caso de que la Corte Suprema falle a su favor"}]},{"@type":"WebSite","@id":"https:\/\/noticiasya.com\/#website","url":"https:\/\/noticiasya.com\/","name":"Noticias","description":"Lo que importa","publisher":{"@id":"https:\/\/noticiasya.com\/#organization"},"potentialAction":[{"@type":"SearchAction","target":{"@type":"EntryPoint","urlTemplate":"https:\/\/noticiasya.com\/?s={search_term_string}"},"query-input":{"@type":"PropertyValueSpecification","valueRequired":true,"valueName":"search_term_string"}}],"inLanguage":"es"},{"@type":"Organization","@id":"https:\/\/noticiasya.com\/#organization","name":"Noticias","url":"https:\/\/noticiasya.com\/","logo":{"@type":"ImageObject","inLanguage":"es","@id":"https:\/\/noticiasya.com\/#\/schema\/logo\/image\/","url":"https:\/\/noticiasya.com\/wp-content\/uploads\/sites\/22\/2023\/12\/logo-nacional.png","contentUrl":"https:\/\/noticiasya.com\/wp-content\/uploads\/sites\/22\/2023\/12\/logo-nacional.png","width":1801,"height":691,"caption":"Noticias"},"image":{"@id":"https:\/\/noticiasya.com\/#\/schema\/logo\/image\/"}}]}},"parsely":{"version":"1.1.0","canonical_url":"https:\/\/noticiasya.com\/midland-odessa\/2025\/12\/09\/trump-revocacion-ciudadania-nacidos-eeuu-trax\/","smart_links":{"inbound":0,"outbound":0},"traffic_boost_suggestions_count":0,"meta":{"@context":"https:\/\/schema.org","@type":"NewsArticle","headline":"Trump evita decir si revocar\u00eda ciudadan\u00eda por nacimiento en caso de que la Corte Suprema falle a su favor","url":"http:\/\/noticiasya.com\/midland-odessa\/2025\/12\/09\/trump-revocacion-ciudadania-nacidos-eeuu-trax\/","mainEntityOfPage":{"@type":"WebPage","@id":"http:\/\/noticiasya.com\/midland-odessa\/2025\/12\/09\/trump-revocacion-ciudadania-nacidos-eeuu-trax\/"},"thumbnailUrl":"","image":{"@type":"ImageObject","url":""},"articleSection":"Noticias Nacionales","author":[],"creator":[],"publisher":{"@type":"Organization","name":"Noticias","logo":""},"keywords":[],"dateCreated":"2025-12-09T15:03:49Z","datePublished":"2025-12-09T15:03:49Z","dateModified":"2025-12-09T15:03:49Z"},"rendered":"<script type=\"application\/ld+json\" class=\"wp-parsely-metadata\">{\"@context\":\"https:\\\/\\\/schema.org\",\"@type\":\"NewsArticle\",\"headline\":\"Trump evita decir si revocar\\u00eda ciudadan\\u00eda por nacimiento en caso de que la Corte Suprema falle a su favor\",\"url\":\"http:\\\/\\\/noticiasya.com\\\/midland-odessa\\\/2025\\\/12\\\/09\\\/trump-revocacion-ciudadania-nacidos-eeuu-trax\\\/\",\"mainEntityOfPage\":{\"@type\":\"WebPage\",\"@id\":\"http:\\\/\\\/noticiasya.com\\\/midland-odessa\\\/2025\\\/12\\\/09\\\/trump-revocacion-ciudadania-nacidos-eeuu-trax\\\/\"},\"thumbnailUrl\":\"\",\"image\":{\"@type\":\"ImageObject\",\"url\":\"\"},\"articleSection\":\"Noticias Nacionales\",\"author\":[],\"creator\":[],\"publisher\":{\"@type\":\"Organization\",\"name\":\"Noticias\",\"logo\":\"\"},\"keywords\":[],\"dateCreated\":\"2025-12-09T15:03:49Z\",\"datePublished\":\"2025-12-09T15:03:49Z\",\"dateModified\":\"2025-12-09T15:03:49Z\"}<\/script>","tracker_url":"https:\/\/cdn.parsely.com\/keys\/noticiasya.com\/p.js"},"jetpack_featured_media_url":"","jetpack-related-posts":[{"id":1466879,"url":"https:\/\/noticiasya.com\/midland-odessa\/2025\/09\/26\/trump-corte-suprema-poner-fin-ciudadania-por-nacimiento-trax\/","url_meta":{"origin":1469112,"position":0},"title":"Trump pide a la Corte Suprema que decida si puede poner fin a la ciudadan\u00eda por nacimiento","author":"","date":"septiembre 26, 2025","format":false,"excerpt":"El Gobierno de Trump pidi\u00f3 este viernes a la Corte Suprema de Estados Unidos que revise la constitucionalidad del decreto del presidente Donald Trump que busca poner fin a la ciudadan\u00eda por derecho de nacimiento, llevando el tema nuevamente ante los jueces por segunda vez este a\u00f1o.A pesar de m\u00e1s\u2026","rel":"","context":"In &quot;Noticias Nacionales&quot;","block_context":{"text":"Noticias Nacionales","link":"https:\/\/noticiasya.com\/midland-odessa\/categoria\/noticias-nacionales"},"img":{"alt_text":"","src":"","width":0,"height":0},"classes":[]},{"id":1462334,"url":"https:\/\/noticiasya.com\/midland-odessa\/2025\/05\/14\/ciudadania-por-nacimiento-corte-suprema-orix\/","url_meta":{"origin":1469112,"position":1},"title":"El derecho a la ciudadan\u00eda por nacimiento llega a la Corte Suprema. \u00bfQu\u00e9 est\u00e1 en juego?","author":"","date":"mayo 14, 2025","format":false,"excerpt":"La Corte Suprema escuchar\u00e1 este jueves argumentos en tres casos que impugnan una orden ejecutiva del presidente Donald Trump que pretende limitar qui\u00e9n tiene derecho a la \u201cciudadan\u00eda por nacimiento\u201d.La voluntad de Trump de poner fin a esa pr\u00e1ctica de casi 160 a\u00f1os y que est\u00e1 garantizada por la 14\u00aa\u2026","rel":"","context":"In &quot;Noticias Nacionales&quot;","block_context":{"text":"Noticias Nacionales","link":"https:\/\/noticiasya.com\/midland-odessa\/categoria\/noticias-nacionales"},"img":{"alt_text":"","src":"","width":0,"height":0},"classes":[]},{"id":1456854,"url":"https:\/\/noticiasya.com\/midland-odessa\/2024\/12\/22\/trump-ciudadania-derecho-nacimiento-trax\/","url_meta":{"origin":1469112,"position":2},"title":"Un vistazo por dentro a los planes de Trump para acabar con la ciudadan\u00eda por derecho de nacimiento","author":"","date":"diciembre 22, 2024","format":false,"excerpt":"El equipo del presidente electo Donald Trump est\u00e1 evaluando m\u00faltiples opciones para cumplir con su promesa de poner fin a la ciudadan\u00eda por derecho de nacimiento, seg\u00fan dos fuentes familiarizadas con las discusiones, preparando una batalla legal con la expectativa de que la Corte Suprema finalmente tenga que decidir sobre\u2026","rel":"","context":"In &quot;Noticias Nacionales&quot;","block_context":{"text":"Noticias Nacionales","link":"https:\/\/noticiasya.com\/midland-odessa\/categoria\/noticias-nacionales"},"img":{"alt_text":"","src":"","width":0,"height":0},"classes":[]},{"id":1463999,"url":"https:\/\/noticiasya.com\/midland-odessa\/2025\/06\/27\/que-es-ciudadania-por-nacimiento-corte-suprema-eeuu-orix\/","url_meta":{"origin":1469112,"position":3},"title":"\u00bfQu\u00e9 es el derecho a la ciudadan\u00eda por nacimiento en EE.UU. y qu\u00e9 est\u00e1 en juego en la Corte Suprema?","author":"","date":"junio 27, 2025","format":false,"excerpt":"Se espera que la Corte Suprema de EE.UU. emita su opini\u00f3n sobre la ciudadan\u00eda por nacimiento este viernes. La voluntad de Trump de poner fin a esa pr\u00e1ctica de casi 160 a\u00f1os y que est\u00e1 garantizada por la 14\u00aa Enmienda de la Constituci\u00f3n de ese pa\u00eds se encuentra en el\u2026","rel":"","context":"In &quot;Noticias Nacionales&quot;","block_context":{"text":"Noticias Nacionales","link":"https:\/\/noticiasya.com\/midland-odessa\/categoria\/noticias-nacionales"},"img":{"alt_text":"","src":"","width":0,"height":0},"classes":[]},{"id":1461322,"url":"https:\/\/noticiasya.com\/midland-odessa\/2025\/04\/17\/corte-suprema-argumentos-trump-ciudadania-por-nacimiento-trax\/","url_meta":{"origin":1469112,"position":4},"title":"La Corte Suprema escuchar\u00e1 en mayo los argumentos del plan de Trump para terminar con la ciudadan\u00eda por nacimiento","author":"","date":"abril 17, 2025","format":false,"excerpt":"La Corte Suprema acord\u00f3 este jueves que escuchar\u00e1 argumentos orales sobre la solicitud del presidente Donald Trump para hacer cumplir un plan que terminar\u00eda con la ciudadan\u00eda por nacimiento para casi todas las personas, aunque pospuso un pedido de la administraci\u00f3n que le habr\u00eda permitido implementar su plan de inmediato.La\u2026","rel":"","context":"In &quot;Noticias Nacionales&quot;","block_context":{"text":"Noticias Nacionales","link":"https:\/\/noticiasya.com\/midland-odessa\/categoria\/noticias-nacionales"},"img":{"alt_text":"","src":"","width":0,"height":0},"classes":[]},{"id":1462370,"url":"https:\/\/noticiasya.com\/midland-odessa\/2025\/05\/15\/argumentos-ciudadania-derecho-nacimiento-corte-suprema-trax\/","url_meta":{"origin":1469112,"position":5},"title":"Qu\u00e9 est\u00e1 en juego en el debate sobre la ciudadan\u00eda por nacimiento en la Corte Suprema","author":"","date":"mayo 15, 2025","format":false,"excerpt":"La Corte Suprema escuchar\u00e1 este jueves argumentos sobre el plan del presidente Donald Trump de terminar con la ciudadan\u00eda por derecho de nacimiento y limitar significativamente el poder de los tribunales federales para frenar su agenda, un caso que ha sido incluido r\u00e1pidamente en la lista de la corte superior\u2026","rel":"","context":"In &quot;Noticias Nacionales&quot;","block_context":{"text":"Noticias Nacionales","link":"https:\/\/noticiasya.com\/midland-odessa\/categoria\/noticias-nacionales"},"img":{"alt_text":"","src":"","width":0,"height":0},"classes":[]}],"jetpack_sharing_enabled":true,"_links":{"self":[{"href":"https:\/\/noticiasya.com\/midland-odessa\/wp-json\/wp\/v2\/posts\/1469112","targetHints":{"allow":["GET"]}}],"collection":[{"href":"https:\/\/noticiasya.com\/midland-odessa\/wp-json\/wp\/v2\/posts"}],"about":[{"href":"https:\/\/noticiasya.com\/midland-odessa\/wp-json\/wp\/v2\/types\/post"}],"replies":[{"embeddable":true,"href":"https:\/\/noticiasya.com\/midland-odessa\/wp-json\/wp\/v2\/comments?post=1469112"}],"version-history":[{"count":0,"href":"https:\/\/noticiasya.com\/midland-odessa\/wp-json\/wp\/v2\/posts\/1469112\/revisions"}],"wp:attachment":[{"href":"https:\/\/noticiasya.com\/midland-odessa\/wp-json\/wp\/v2\/media?parent=1469112"}],"wp:term":[{"taxonomy":"category","embeddable":true,"href":"https:\/\/noticiasya.com\/midland-odessa\/wp-json\/wp\/v2\/categories?post=1469112"},{"taxonomy":"post_tag","embeddable":true,"href":"https:\/\/noticiasya.com\/midland-odessa\/wp-json\/wp\/v2\/tags?post=1469112"}],"curies":[{"name":"wp","href":"https:\/\/api.w.org\/{rel}","templated":true}]}}