{"id":1469113,"date":"2025-12-09T08:03:51","date_gmt":"2025-12-09T16:03:51","guid":{"rendered":"https:\/\/noticiasya.com\/2025\/12\/09\/sheinbaum-acuerdo-eeuu-agua-orix\/"},"modified":"2025-12-09T08:03:51","modified_gmt":"2025-12-09T16:03:51","slug":"sheinbaum-acuerdo-eeuu-agua-orix","status":"publish","type":"post","link":"https:\/\/noticiasya.com\/midland-odessa\/2025\/12\/09\/sheinbaum-acuerdo-eeuu-agua-orix\/","title":{"rendered":"Sheinbaum dice estar &#171;convencida&#187; de que llegar\u00e1 a un acuerdo con EE.UU. sobre el agua para evitar nuevos aranceles de Trump"},"content":{"rendered":"<p>La presidenta de M\u00e9xico, Claudia Sheinbaum, afirm\u00f3 este martes que conf\u00eda en alcanzar un acuerdo sobre la entrega del agua a Estados Unidos, tras la <a href=\"https:\/\/cnnespanol.cnn.com\/2025\/12\/08\/eeuu\/trump-amenaza-mexico-aranceles-mas-altos-trax\">amenaza<\/a> del presidente Donald Trump de imponer aranceles si no cumple con el tratado bilateral.<\/p>\n<p>\u201cEntonces yo estoy convencida que como en otras ocasiones, vamos a llegar a un acuerdo para beneficio de Estados Unidos y para beneficio de M\u00e9xico\u201d, dijo Sheinbaum en conferencia de prensa.<\/p>\n<p>\u201cHay la voluntad nuestra siempre en la defensa de del derecho humano al agua y tambi\u00e9n del uso agr\u00edcola y tambi\u00e9n buscando el beneficio para los agricultores y de las comunidades de Estados Unidos\u201d, agreg\u00f3.<\/p>\n<p>El lunes, Trump dijo en una publicaci\u00f3n en Truth Social que M\u00e9xico est\u00e1 violando su tratado de agua con EE.UU., perjudicando la capacidad de los agricultores de Texas para nutrir sus cultivos y ganado. \u201cHe autorizado la documentaci\u00f3n para imponer un arancel del 5 % a M\u00e9xico si esta agua no es liberada, INMEDIATAMENTE\u201d, escribi\u00f3.<\/p>\n<p>Durante d\u00e9cadas, Estados Unidos ha acusado a M\u00e9xico de eludir sus responsabilidades del Tratado de Utilizaci\u00f3n de las Aguas de los R\u00edos Colorado y Tijuana y del R\u00edo Bravo, firmado en 1944, que exige que EE.UU. reciba un promedio de al menos 350.000 acres-pie de agua de los afluentes del R\u00edo Bravo cada a\u00f1o.<\/p>\n<p>La Comisi\u00f3n Internacional de L\u00edmites y Aguas, una agencia del Gobierno de EE.UU., estima que M\u00e9xico ha entregado 73.000 acres-pie menos de agua de lo que debe a Estados Unidos en los \u00faltimos cinco a\u00f1os.<\/p>\n<p>Sheinbaum explic\u00f3 este martes que no ser\u00eda posible entregar el agua reclamada \u201cde manera inmediata\u201d, como plante\u00f3 Trump en su mensaje.<\/p>\n<p>\u201cIncluso f\u00edsicamente por el tama\u00f1o del ducto, no se podr\u00eda entregar en muy poco tiempo la cantidad de agua que est\u00e1 encionando es, hasta un impedimento f\u00edsico. Eso lo sabe el Gobierno de Estados Unidos\u201d, afirm\u00f3.<\/p>\n<p>\u201cLo que hay es la mejor voluntad para poder entregar la cantidad de agua que se debe de a\u00f1os anteriores, de acuerdo con lo que se dice en el tratado y, por supuesto, garantiz\u00e1ndole el agua a M\u00e9xico en t\u00e9rminos, sobre todo del derecho humano al agua de los agricultores mexicanos\u201d, remarc\u00f3.<\/p>\n<p>Explic\u00f3 que en la reuni\u00f3n con las autoridades estadounidenses presentar\u00e1n \u201cuna serie de propuestas para poder entregar agua de aqu\u00ed a diciembre y otra que venga en los siguientes a\u00f1os que no ponga en riesgo evidentemente a la poblaci\u00f3n y a la producci\u00f3n agr\u00edcola en M\u00e9xico, pero que tambi\u00e9n podamos ayudar a los Estados Unidos\u201d.<\/p>\n<p>Texas est\u00e1 actualmente en sequ\u00eda, y algunos agricultores no pueden regar suficientemente sus cultivos o ganado. Trump ya hab\u00eda amenazado en abril con imponer un arancel no especificado si M\u00e9xico no liberaba el agua.<\/p>\n<p>M\u00e9xico es el principal socio comercial de Estados Unidos, y un arancel adicional del 5 puntos porcentuales elevar\u00eda el impuesto sobre los productos mexicanos importados a Estados Unidos al 30 %.<\/p>\n<p>Sheinbaum, quien el viernes tuvo <a href=\"https:\/\/cnnespanol.cnn.com\/2025\/12\/05\/mexico\/sheinbaum-trump-sonrien-primera-pequena-reunion-fue-excelente-orix\">su primer cara a cara con Trump<\/a> en un breve encuentro en Washington, afirm\u00f3 que ambos conversaron sobre una posible visita oficial a la capital estadounidense.<\/p>\n<p>\u201cse plante\u00f3 la posibilidad de que yo incluso pudiera ir a la Casa Blanca, pero su agenda ya estaba muy ocupada. As\u00ed que acordamos programar una reuni\u00f3n posterior para que yo pudiera ir a Washington bajo otras circunstancias\u201d, expres\u00f3.<\/p>\n<p>Consultada sobre cu\u00e1ndo se dar\u00eda esa visita, la mandataria respondi\u00f3 que a\u00fan no est\u00e1 fijada.<\/p>\n<p>The-CNN-Wire<br \/>&trade; &amp; &copy; 2025 Cable News Network, Inc., a Warner Bros. Discovery Company. All rights reserved.<\/p>\n","protected":false},"excerpt":{"rendered":"<p>La presidenta de M\u00e9xico, Claudia Sheinbaum, afirm\u00f3 este martes que conf\u00eda en alcanzar un acuerdo sobre la entrega del agua a Estados Unidos, tras la amenaza del presidente Donald Trump de imponer aranceles si no cumple con el tratado bilateral. \u201cEntonces yo estoy convencida que como en otras ocasiones, vamos a llegar a un acuerdo [&hellip;]<\/p>\n","protected":false},"author":0,"featured_media":0,"comment_status":"open","ping_status":"open","sticky":false,"template":"","format":"standard","meta":{"_jetpack_memberships_contains_paid_content":false,"footnotes":""},"categories":[10],"tags":[],"class_list":["post-1469113","post","type-post","status-publish","format-standard","hentry","category-noticias-nacionales","market-global"],"yoast_head":"<!-- This site is optimized with the Yoast SEO plugin v24.4 - https:\/\/yoast.com\/wordpress\/plugins\/seo\/ -->\n<title>Sheinbaum dice estar &quot;convencida&quot; de que llegar\u00e1 a un acuerdo con EE.UU. sobre el agua para evitar nuevos aranceles de Trump - Noticias<\/title>\n<meta name=\"robots\" content=\"index, follow, max-snippet:-1, max-image-preview:large, max-video-preview:-1\" \/>\n<link rel=\"canonical\" href=\"https:\/\/noticiasya.com\/2025\/12\/09\/sheinbaum-acuerdo-eeuu-agua-orix\/\" \/>\n<meta property=\"og:locale\" content=\"es_ES\" \/>\n<meta property=\"og:type\" content=\"article\" \/>\n<meta property=\"og:title\" content=\"Sheinbaum dice estar &quot;convencida&quot; de que llegar\u00e1 a un acuerdo con EE.UU. sobre el agua para evitar nuevos aranceles de Trump - Noticias\" \/>\n<meta property=\"og:description\" content=\"La presidenta de M\u00e9xico, Claudia Sheinbaum, afirm\u00f3 este martes que conf\u00eda en alcanzar un acuerdo sobre la entrega del agua a Estados Unidos, tras la amenaza del presidente Donald Trump de imponer aranceles si no cumple con el tratado bilateral. \u201cEntonces yo estoy convencida que como en otras ocasiones, vamos a llegar a un acuerdo [&hellip;]\" \/>\n<meta property=\"og:url\" content=\"https:\/\/noticiasya.com\/2025\/12\/09\/sheinbaum-acuerdo-eeuu-agua-orix\/\" \/>\n<meta property=\"og:site_name\" content=\"Noticias\" \/>\n<meta property=\"article:published_time\" content=\"2025-12-09T16:03:51+00:00\" \/>\n<meta name=\"twitter:card\" content=\"summary_large_image\" \/>\n<meta name=\"twitter:label1\" content=\"Est. reading time\" \/>\n\t<meta name=\"twitter:data1\" content=\"3 minutos\" \/>\n<script type=\"application\/ld+json\" class=\"yoast-schema-graph\">{\"@context\":\"https:\/\/schema.org\",\"@graph\":[{\"@type\":\"Article\",\"@id\":\"https:\/\/noticiasya.com\/2025\/12\/09\/sheinbaum-acuerdo-eeuu-agua-orix\/#article\",\"isPartOf\":{\"@id\":\"https:\/\/noticiasya.com\/2025\/12\/09\/sheinbaum-acuerdo-eeuu-agua-orix\/\"},\"author\":{\"name\":\"\",\"@id\":\"\"},\"headline\":\"Sheinbaum dice estar &#171;convencida&#187; de que llegar\u00e1 a un acuerdo con EE.UU. sobre el agua para evitar nuevos aranceles de Trump\",\"datePublished\":\"2025-12-09T16:03:51+00:00\",\"mainEntityOfPage\":{\"@id\":\"https:\/\/noticiasya.com\/2025\/12\/09\/sheinbaum-acuerdo-eeuu-agua-orix\/\"},\"wordCount\":644,\"commentCount\":0,\"publisher\":{\"@id\":\"https:\/\/noticiasya.com\/#organization\"},\"articleSection\":[\"Noticias Nacionales\"],\"inLanguage\":\"es\",\"potentialAction\":[{\"@type\":\"CommentAction\",\"name\":\"Comment\",\"target\":[\"https:\/\/noticiasya.com\/2025\/12\/09\/sheinbaum-acuerdo-eeuu-agua-orix\/#respond\"]}]},{\"@type\":\"WebPage\",\"@id\":\"https:\/\/noticiasya.com\/2025\/12\/09\/sheinbaum-acuerdo-eeuu-agua-orix\/\",\"url\":\"https:\/\/noticiasya.com\/2025\/12\/09\/sheinbaum-acuerdo-eeuu-agua-orix\/\",\"name\":\"Sheinbaum dice estar \\\"convencida\\\" de que llegar\u00e1 a un acuerdo con EE.UU. sobre el agua para evitar nuevos aranceles de Trump - Noticias\",\"isPartOf\":{\"@id\":\"https:\/\/noticiasya.com\/#website\"},\"datePublished\":\"2025-12-09T16:03:51+00:00\",\"breadcrumb\":{\"@id\":\"https:\/\/noticiasya.com\/2025\/12\/09\/sheinbaum-acuerdo-eeuu-agua-orix\/#breadcrumb\"},\"inLanguage\":\"es\",\"potentialAction\":[{\"@type\":\"ReadAction\",\"target\":[\"https:\/\/noticiasya.com\/2025\/12\/09\/sheinbaum-acuerdo-eeuu-agua-orix\/\"]}]},{\"@type\":\"BreadcrumbList\",\"@id\":\"https:\/\/noticiasya.com\/2025\/12\/09\/sheinbaum-acuerdo-eeuu-agua-orix\/#breadcrumb\",\"itemListElement\":[{\"@type\":\"ListItem\",\"position\":1,\"name\":\"Home\",\"item\":\"https:\/\/noticiasya.com\/\"},{\"@type\":\"ListItem\",\"position\":2,\"name\":\"Sheinbaum dice estar &#171;convencida&#187; de que llegar\u00e1 a un acuerdo con EE.UU. sobre el agua para evitar nuevos aranceles de Trump\"}]},{\"@type\":\"WebSite\",\"@id\":\"https:\/\/noticiasya.com\/#website\",\"url\":\"https:\/\/noticiasya.com\/\",\"name\":\"Noticias\",\"description\":\"Lo que importa\",\"publisher\":{\"@id\":\"https:\/\/noticiasya.com\/#organization\"},\"potentialAction\":[{\"@type\":\"SearchAction\",\"target\":{\"@type\":\"EntryPoint\",\"urlTemplate\":\"https:\/\/noticiasya.com\/?s={search_term_string}\"},\"query-input\":{\"@type\":\"PropertyValueSpecification\",\"valueRequired\":true,\"valueName\":\"search_term_string\"}}],\"inLanguage\":\"es\"},{\"@type\":\"Organization\",\"@id\":\"https:\/\/noticiasya.com\/#organization\",\"name\":\"Noticias\",\"url\":\"https:\/\/noticiasya.com\/\",\"logo\":{\"@type\":\"ImageObject\",\"inLanguage\":\"es\",\"@id\":\"https:\/\/noticiasya.com\/#\/schema\/logo\/image\/\",\"url\":\"https:\/\/noticiasya.com\/wp-content\/uploads\/sites\/22\/2023\/12\/logo-nacional.png\",\"contentUrl\":\"https:\/\/noticiasya.com\/wp-content\/uploads\/sites\/22\/2023\/12\/logo-nacional.png\",\"width\":1801,\"height\":691,\"caption\":\"Noticias\"},\"image\":{\"@id\":\"https:\/\/noticiasya.com\/#\/schema\/logo\/image\/\"}}]}<\/script>\n<!-- \/ Yoast SEO plugin. -->","yoast_head_json":{"title":"Sheinbaum dice estar \"convencida\" de que llegar\u00e1 a un acuerdo con EE.UU. sobre el agua para evitar nuevos aranceles de Trump - Noticias","robots":{"index":"index","follow":"follow","max-snippet":"max-snippet:-1","max-image-preview":"max-image-preview:large","max-video-preview":"max-video-preview:-1"},"canonical":"https:\/\/noticiasya.com\/2025\/12\/09\/sheinbaum-acuerdo-eeuu-agua-orix\/","og_locale":"es_ES","og_type":"article","og_title":"Sheinbaum dice estar \"convencida\" de que llegar\u00e1 a un acuerdo con EE.UU. sobre el agua para evitar nuevos aranceles de Trump - Noticias","og_description":"La presidenta de M\u00e9xico, Claudia Sheinbaum, afirm\u00f3 este martes que conf\u00eda en alcanzar un acuerdo sobre la entrega del agua a Estados Unidos, tras la amenaza del presidente Donald Trump de imponer aranceles si no cumple con el tratado bilateral. \u201cEntonces yo estoy convencida que como en otras ocasiones, vamos a llegar a un acuerdo [&hellip;]","og_url":"https:\/\/noticiasya.com\/2025\/12\/09\/sheinbaum-acuerdo-eeuu-agua-orix\/","og_site_name":"Noticias","article_published_time":"2025-12-09T16:03:51+00:00","twitter_card":"summary_large_image","twitter_misc":{"Est. reading time":"3 minutos"},"schema":{"@context":"https:\/\/schema.org","@graph":[{"@type":"Article","@id":"https:\/\/noticiasya.com\/2025\/12\/09\/sheinbaum-acuerdo-eeuu-agua-orix\/#article","isPartOf":{"@id":"https:\/\/noticiasya.com\/2025\/12\/09\/sheinbaum-acuerdo-eeuu-agua-orix\/"},"author":{"name":"","@id":""},"headline":"Sheinbaum dice estar &#171;convencida&#187; de que llegar\u00e1 a un acuerdo con EE.UU. sobre el agua para evitar nuevos aranceles de Trump","datePublished":"2025-12-09T16:03:51+00:00","mainEntityOfPage":{"@id":"https:\/\/noticiasya.com\/2025\/12\/09\/sheinbaum-acuerdo-eeuu-agua-orix\/"},"wordCount":644,"commentCount":0,"publisher":{"@id":"https:\/\/noticiasya.com\/#organization"},"articleSection":["Noticias Nacionales"],"inLanguage":"es","potentialAction":[{"@type":"CommentAction","name":"Comment","target":["https:\/\/noticiasya.com\/2025\/12\/09\/sheinbaum-acuerdo-eeuu-agua-orix\/#respond"]}]},{"@type":"WebPage","@id":"https:\/\/noticiasya.com\/2025\/12\/09\/sheinbaum-acuerdo-eeuu-agua-orix\/","url":"https:\/\/noticiasya.com\/2025\/12\/09\/sheinbaum-acuerdo-eeuu-agua-orix\/","name":"Sheinbaum dice estar \"convencida\" de que llegar\u00e1 a un acuerdo con EE.UU. sobre el agua para evitar nuevos aranceles de Trump - Noticias","isPartOf":{"@id":"https:\/\/noticiasya.com\/#website"},"datePublished":"2025-12-09T16:03:51+00:00","breadcrumb":{"@id":"https:\/\/noticiasya.com\/2025\/12\/09\/sheinbaum-acuerdo-eeuu-agua-orix\/#breadcrumb"},"inLanguage":"es","potentialAction":[{"@type":"ReadAction","target":["https:\/\/noticiasya.com\/2025\/12\/09\/sheinbaum-acuerdo-eeuu-agua-orix\/"]}]},{"@type":"BreadcrumbList","@id":"https:\/\/noticiasya.com\/2025\/12\/09\/sheinbaum-acuerdo-eeuu-agua-orix\/#breadcrumb","itemListElement":[{"@type":"ListItem","position":1,"name":"Home","item":"https:\/\/noticiasya.com\/"},{"@type":"ListItem","position":2,"name":"Sheinbaum dice estar &#171;convencida&#187; de que llegar\u00e1 a un acuerdo con EE.UU. sobre el agua para evitar nuevos aranceles de Trump"}]},{"@type":"WebSite","@id":"https:\/\/noticiasya.com\/#website","url":"https:\/\/noticiasya.com\/","name":"Noticias","description":"Lo que importa","publisher":{"@id":"https:\/\/noticiasya.com\/#organization"},"potentialAction":[{"@type":"SearchAction","target":{"@type":"EntryPoint","urlTemplate":"https:\/\/noticiasya.com\/?s={search_term_string}"},"query-input":{"@type":"PropertyValueSpecification","valueRequired":true,"valueName":"search_term_string"}}],"inLanguage":"es"},{"@type":"Organization","@id":"https:\/\/noticiasya.com\/#organization","name":"Noticias","url":"https:\/\/noticiasya.com\/","logo":{"@type":"ImageObject","inLanguage":"es","@id":"https:\/\/noticiasya.com\/#\/schema\/logo\/image\/","url":"https:\/\/noticiasya.com\/wp-content\/uploads\/sites\/22\/2023\/12\/logo-nacional.png","contentUrl":"https:\/\/noticiasya.com\/wp-content\/uploads\/sites\/22\/2023\/12\/logo-nacional.png","width":1801,"height":691,"caption":"Noticias"},"image":{"@id":"https:\/\/noticiasya.com\/#\/schema\/logo\/image\/"}}]}},"parsely":{"version":"1.1.0","canonical_url":"https:\/\/noticiasya.com\/midland-odessa\/2025\/12\/09\/sheinbaum-acuerdo-eeuu-agua-orix\/","smart_links":{"inbound":0,"outbound":0},"traffic_boost_suggestions_count":0,"meta":{"@context":"https:\/\/schema.org","@type":"NewsArticle","headline":"Sheinbaum dice estar &#171;convencida&#187; de que llegar\u00e1 a un acuerdo con EE.UU. sobre el agua para evitar nuevos aranceles de Trump","url":"http:\/\/noticiasya.com\/midland-odessa\/2025\/12\/09\/sheinbaum-acuerdo-eeuu-agua-orix\/","mainEntityOfPage":{"@type":"WebPage","@id":"http:\/\/noticiasya.com\/midland-odessa\/2025\/12\/09\/sheinbaum-acuerdo-eeuu-agua-orix\/"},"thumbnailUrl":"","image":{"@type":"ImageObject","url":""},"articleSection":"Noticias Nacionales","author":[],"creator":[],"publisher":{"@type":"Organization","name":"Noticias","logo":""},"keywords":[],"dateCreated":"2025-12-09T16:03:51Z","datePublished":"2025-12-09T16:03:51Z","dateModified":"2025-12-09T16:03:51Z"},"rendered":"<script type=\"application\/ld+json\" class=\"wp-parsely-metadata\">{\"@context\":\"https:\\\/\\\/schema.org\",\"@type\":\"NewsArticle\",\"headline\":\"Sheinbaum dice estar &#171;convencida&#187; de que llegar\\u00e1 a un acuerdo con EE.UU. sobre el agua para evitar nuevos aranceles de Trump\",\"url\":\"http:\\\/\\\/noticiasya.com\\\/midland-odessa\\\/2025\\\/12\\\/09\\\/sheinbaum-acuerdo-eeuu-agua-orix\\\/\",\"mainEntityOfPage\":{\"@type\":\"WebPage\",\"@id\":\"http:\\\/\\\/noticiasya.com\\\/midland-odessa\\\/2025\\\/12\\\/09\\\/sheinbaum-acuerdo-eeuu-agua-orix\\\/\"},\"thumbnailUrl\":\"\",\"image\":{\"@type\":\"ImageObject\",\"url\":\"\"},\"articleSection\":\"Noticias Nacionales\",\"author\":[],\"creator\":[],\"publisher\":{\"@type\":\"Organization\",\"name\":\"Noticias\",\"logo\":\"\"},\"keywords\":[],\"dateCreated\":\"2025-12-09T16:03:51Z\",\"datePublished\":\"2025-12-09T16:03:51Z\",\"dateModified\":\"2025-12-09T16:03:51Z\"}<\/script>","tracker_url":"https:\/\/cdn.parsely.com\/keys\/noticiasya.com\/p.js"},"jetpack_featured_media_url":"","jetpack-related-posts":[{"id":1461085,"url":"https:\/\/noticiasya.com\/midland-odessa\/2025\/04\/11\/sheinbaum-renegocia-tratado-aguas-trump-orix\/","url_meta":{"origin":1469113,"position":0},"title":"Tras nuevas amenazas de Trump, Sheinbaum descarta renegociar tratado de aguas con EE.UU.: &#171;Es un tratado justo&#187;","author":"","date":"abril 11, 2025","format":false,"excerpt":"La presidenta de M\u00e9xico, Claudia Sheinbaum, descart\u00f3 este viernes renegociar el tratado de aguas de 1944 con Estados Unidos y asegur\u00f3 que, en realidad, ese pa\u00eds entrega m\u00e1s agua que M\u00e9xico \u201cporque as\u00ed es la cantidad de agua que hay en cada lugar, no es m\u00e1s que eso\u201d.\u201cNo creo que\u2026","rel":"","context":"In &quot;Noticias Nacionales&quot;","block_context":{"text":"Noticias Nacionales","link":"https:\/\/noticiasya.com\/midland-odessa\/categoria\/noticias-nacionales"},"img":{"alt_text":"","src":"","width":0,"height":0},"classes":[]},{"id":1470073,"url":"https:\/\/noticiasya.com\/midland-odessa\/2026\/01\/14\/sheinbaum-tmec-trump-comercio-orix\/","url_meta":{"origin":1469113,"position":1},"title":"Tras las declaraciones de Trump sobre el T-MEC, Sheinbaum dice que est\u00e1 &#171;convencida&#187; de que la relaci\u00f3n comercial va a seguir","author":"","date":"enero 14, 2026","format":false,"excerpt":"Luego de que el presidente de Estados Unidos, Donald Trump, dijera que el tratado comercial entre su pa\u00eds, M\u00e9xico y Canad\u00e1 (T-MEC) era \u201cirrelevante\u201d, Claudia Sheinbaum se mostr\u00f3 \u201cconvencida\u201d de que las relaciones comerciales con EE.UU. se mantendr\u00e1n.\u201cEstoy convencida de que va a seguir la relaci\u00f3n comercial con Estados Unidos\u201d,\u2026","rel":"","context":"In &quot;Noticias Nacionales&quot;","block_context":{"text":"Noticias Nacionales","link":"https:\/\/noticiasya.com\/midland-odessa\/categoria\/noticias-nacionales"},"img":{"alt_text":"","src":"","width":0,"height":0},"classes":[]},{"id":1461060,"url":"https:\/\/noticiasya.com\/midland-odessa\/2025\/04\/10\/sheinbaum-responde-trump-incumplimiento-agua-mexico-ee-uu-orix\/","url_meta":{"origin":1469113,"position":2},"title":"Sheinbaum responde ante amenazas de Trump, que se\u00f1ala incumplimiento de tratado de aguas entre M\u00e9xico y EE.UU.","author":"","date":"abril 10, 2025","format":false,"excerpt":"La presidenta de M\u00e9xico, Claudia Sheinbaum, respondi\u00f3 este jueves a las amenazas que el mandatario de Estados Unidos, Donald Trump, lanz\u00f3 al se\u00f1alar incumplimiento a un tratado binacional de aguas que data de mediados del siglo XX.En su cuenta de la red social X, Sheinbaum dijo que su gobierno envi\u00f3\u2026","rel":"","context":"In &quot;Noticias Nacionales&quot;","block_context":{"text":"Noticias Nacionales","link":"https:\/\/noticiasya.com\/midland-odessa\/categoria\/noticias-nacionales"},"img":{"alt_text":"","src":"","width":0,"height":0},"classes":[]},{"id":1461098,"url":"https:\/\/noticiasya.com\/midland-odessa\/2025\/04\/11\/tratado-de-aguas-mexico-estados-unidos-guerra-arancelaria-orix\/","url_meta":{"origin":1469113,"position":3},"title":"\u00bfQu\u00e9 es el Tratado de Aguas entre M\u00e9xico y Estados Unidos y por qu\u00e9 es un factor en la guerra arancelaria?","author":"","date":"abril 11, 2025","format":false,"excerpt":"La relaci\u00f3n entre Estados Unidos y M\u00e9xico se complica con un nuevo frente: el agua. La presidenta de M\u00e9xico, Claudia Sheinbaum, respondi\u00f3 este viernes que el tratado firmado por ambos pa\u00edses hace m\u00e1s de 81 a\u00f1os (el 3 de febrero de 1944) es justo, despu\u00e9s de que su hom\u00f3logo de\u2026","rel":"","context":"In &quot;Noticias Nacionales&quot;","block_context":{"text":"Noticias Nacionales","link":"https:\/\/noticiasya.com\/midland-odessa\/categoria\/noticias-nacionales"},"img":{"alt_text":"","src":"","width":0,"height":0},"classes":[]},{"id":1460494,"url":"https:\/\/noticiasya.com\/midland-odessa\/2025\/03\/27\/sheinbaum-integral-aranceles-orix\/","url_meta":{"origin":1469113,"position":4},"title":"Sheinbaum dar\u00e1 una &#171;respuesta integral&#187; a EE.UU. sobre aranceles despu\u00e9s del 2 de abril","author":"","date":"marzo 27, 2025","format":false,"excerpt":"La presidenta de M\u00e9xico, Claudia Sheinbaum, dijo este jueves que no responder\u00e1 al anuncio puntual que hizo el presidente Donald Trump de un arancel del 25% a los autom\u00f3viles no fabricados en Estados Unidos, sino que esperar\u00e1 hasta despu\u00e9s del 2 de abril para dar \u201cuna respuesta integral\u201d.El presidente de\u2026","rel":"","context":"In &quot;Noticias Nacionales&quot;","block_context":{"text":"Noticias Nacionales","link":"https:\/\/noticiasya.com\/midland-odessa\/categoria\/noticias-nacionales"},"img":{"alt_text":"","src":"","width":0,"height":0},"classes":[]},{"id":1465007,"url":"https:\/\/noticiasya.com\/midland-odessa\/2025\/07\/31\/sheinbaum-pausa-90-dias-aranceles-eeuu-construir-acuerdo-largo-plazo-orix\/","url_meta":{"origin":1469113,"position":5},"title":"Sheinbaum dice que pausa de 90 d\u00edas en los aranceles m\u00e1s altos de EE.UU. ser\u00e1 &#171;para construir un acuerdo de largo plazo&#187;","author":"","date":"julio 31, 2025","format":false,"excerpt":"La presidenta de M\u00e9xico Claudia Sheinbaum dijo este jueves que, tras una llamada con su hom\u00f3logo estadounidense Donald Trump, se acord\u00f3 una pausa de 90 d\u00edas en los aranceles m\u00e1s altos de EE.UU., la cual se usar\u00e1 \u201cpara construir un acuerdo de largo plazo\u201d.Trump hab\u00eda anunciado aranceles de 30 %\u2026","rel":"","context":"In &quot;Noticias Nacionales&quot;","block_context":{"text":"Noticias Nacionales","link":"https:\/\/noticiasya.com\/midland-odessa\/categoria\/noticias-nacionales"},"img":{"alt_text":"","src":"","width":0,"height":0},"classes":[]}],"jetpack_sharing_enabled":true,"_links":{"self":[{"href":"https:\/\/noticiasya.com\/midland-odessa\/wp-json\/wp\/v2\/posts\/1469113","targetHints":{"allow":["GET"]}}],"collection":[{"href":"https:\/\/noticiasya.com\/midland-odessa\/wp-json\/wp\/v2\/posts"}],"about":[{"href":"https:\/\/noticiasya.com\/midland-odessa\/wp-json\/wp\/v2\/types\/post"}],"replies":[{"embeddable":true,"href":"https:\/\/noticiasya.com\/midland-odessa\/wp-json\/wp\/v2\/comments?post=1469113"}],"version-history":[{"count":0,"href":"https:\/\/noticiasya.com\/midland-odessa\/wp-json\/wp\/v2\/posts\/1469113\/revisions"}],"wp:attachment":[{"href":"https:\/\/noticiasya.com\/midland-odessa\/wp-json\/wp\/v2\/media?parent=1469113"}],"wp:term":[{"taxonomy":"category","embeddable":true,"href":"https:\/\/noticiasya.com\/midland-odessa\/wp-json\/wp\/v2\/categories?post=1469113"},{"taxonomy":"post_tag","embeddable":true,"href":"https:\/\/noticiasya.com\/midland-odessa\/wp-json\/wp\/v2\/tags?post=1469113"}],"curies":[{"name":"wp","href":"https:\/\/api.w.org\/{rel}","templated":true}]}}