{"id":1469117,"date":"2025-12-09T09:03:39","date_gmt":"2025-12-09T17:03:39","guid":{"rendered":"https:\/\/noticiasya.com\/2025\/12\/09\/jeanine-anez-responsabilidad-bolivia-muertes-orix\/"},"modified":"2025-12-09T09:03:39","modified_gmt":"2025-12-09T17:03:39","slug":"jeanine-anez-responsabilidad-bolivia-muertes-orix","status":"publish","type":"post","link":"https:\/\/noticiasya.com\/midland-odessa\/2025\/12\/09\/jeanine-anez-responsabilidad-bolivia-muertes-orix\/","title":{"rendered":"Jeanine \u00c1\u00f1ez se deslinda de la violencia en la crisis de 2019 en Bolivia: &#171;Yo no soy responsable de esas muertes&#187;"},"content":{"rendered":"<p>La expresidenta de Bolivia Jeanine \u00c1\u00f1ez, que en noviembre <a href=\"https:\/\/cnnespanol.cnn.com\/2025\/11\/05\/latinoamerica\/tribunal-supremo-bolivia-liberacion-jeanine-anez-orix\">sali\u00f3 en libertad<\/a> tras la anulaci\u00f3n de su sentencia por asumir la presidencia interina en 2019 tras la renuncia de Evo Morales, defendi\u00f3 sus acciones por la crisis pol\u00edtica y social y neg\u00f3 tener responsabilidad por la violencia que dej\u00f3 decenas de fallecidos.<\/p>\n<p>\u201cYo no soy responsable de esas muertes. Mi Gobierno no es el responsable porque no fuimos nosotros los que provocamos esa situaci\u00f3n de violencia\u201d, dijo \u00c1\u00f1ez a CNN, en entrevista con Conclusiones.<\/p>\n<p>Tras las elecciones generales de octubre de 2019 y la renuncia de Morales en medio de cuestionamientos sobre el proceso, se desataron protestas a favor y en contra del Gobierno en varios puntos del pa\u00eds. Durante las manifestaciones murieron m\u00e1s de 30 personas, m\u00e1s de 800 resultaron heridas y al menos 360 fueron detenidas, seg\u00fan la Comisi\u00f3n Interamericana de los Derechos Humanos.<\/p>\n<p>\u201cEvo Morales es una persona irresponsable, inmisericorde cuando se trata de conservar el poder\u201d, apunt\u00f3 la expresidenta, quien tras asumir el mandato autoriz\u00f3 por decreto el despliegue de las Fuerzas Armadas.<\/p>\n<p>En agosto, la Justicia <a href=\"https:\/\/cnnespanol.cnn.com\/2025\/08\/30\/latinoamerica\/tribunal-bolivia-anula-otro-caso-penal-expresidenta-jeanine-anez-efe\">anul\u00f3<\/a> dos proceso ordinarios contra \u00c1\u00f1ez por las muerte de civiles en Sacaba y en Senkata, y orden\u00f3 que los casos se procesen en un juicio de responsabilidades.<\/p>\n<p>\u00c1\u00f1ez pas\u00f3 casi cinco a\u00f1os en prisi\u00f3n por el llamado caso \u2018golpe de Estado II\u2019, en el que estaba acusada de situarse ilegalmente en la l\u00ednea de sucesi\u00f3n, cargos que siempre rechaz\u00f3.<\/p>\n<p>\u201cHan sido a\u00f1os muy dif\u00edciles que nadie me los va a devolver, porque yo no ten\u00eda ninguna opci\u00f3n de defensa, a tal extremo de que yo decid\u00ed no tener abogados de defensa\u201d, dijo \u00c1\u00f1ez.<\/p>\n<p>Tambi\u00e9n, cont\u00f3 que intent\u00f3 quitarse la vida tras las rejas. \u201cEn alg\u00fan momento pens\u00e9 que si no estaba, iban a dejar a mis hijos tranquilos. Fue una decisi\u00f3n de desesperaci\u00f3n, pero Dios ten\u00eda otros planes para m\u00ed\u201d, expres\u00f3. \u201cPude sobreponerme de aquello, pero no fue f\u00e1cil. (\u2026) Fue un momento de desesperaci\u00f3n, de quiebre personal, de pensar que mis hijos estaban desprotegidos\u201d.<\/p>\n<p>La sentencia de \u00c1\u00f1ez a 10 a\u00f1os qued\u00f3 anulada tras un recurso extraordinario solicitado para la revisi\u00f3n de su condena.<\/p>\n<p><em>Llama al 1-800-273-8255 en EE.UU. para comunicarte con la L\u00ednea Nacional de Prevenci\u00f3n del Suicidio. Brinda asistencia gratuita y confidencial las 24 horas del d\u00eda, los siete d\u00edas de la semana, para personas en crisis suicidas o angustiadas. Puedes obtener m\u00e1s informaci\u00f3n sobre sus servicios <\/em><a href=\"https:\/\/suicidepreventionlifeline.org\/talk-to-someone-now\/\"><em>aqu\u00ed<\/em><\/a><em>, incluida su gu\u00eda sobre <\/em><a href=\"https:\/\/suicidepreventionlifeline.org\/help-someone-else\/\"><em>qu\u00e9 hacer si se identifican se\u00f1ales suicidas en las redes sociales<\/em><\/a><em>. Tambi\u00e9n puedes llamar al 1-800-273-8255 para hablar con alguien sobre c\u00f3mo puedes ayudar a una persona en crisis. <\/em><\/p>\n<p><em>Para obtener asistencia fuera de EE.UU.,<a href=\"https:\/\/www.iasp.info\/resources\/Crisis_Centres\/\"> la Asociaci\u00f3n Internacional para la Prevenci\u00f3n del Suicidio<\/a> proporciona un directorio mundial de recursos y l\u00edneas directas internacionales. Tambi\u00e9n puedes recurrir a <a href=\"https:\/\/www.befrienders.org\/need-to-talk\">Befrienders Worldwide.<\/a><\/em><\/p>\n<p><a href=\"https:\/\/cnnespanol.cnn.com\/2021\/01\/13\/depresion-donde-buscar-ayuda-argentina-mexico-colombia-peru-espana-ecuador\/\"><em>Mira aqu\u00ed d\u00f3nde buscar ayuda en pa\u00edses de Am\u00e9rica Latina y Espa\u00f1a.<\/em><\/a><\/p>\n<p>The-CNN-Wire<br \/>&trade; &amp; &copy; 2025 Cable News Network, Inc., a Warner Bros. Discovery Company. All rights reserved.<\/p>\n","protected":false},"excerpt":{"rendered":"<p>La expresidenta de Bolivia Jeanine \u00c1\u00f1ez, que en noviembre sali\u00f3 en libertad tras la anulaci\u00f3n de su sentencia por asumir la presidencia interina en 2019 tras la renuncia de Evo Morales, defendi\u00f3 sus acciones por la crisis pol\u00edtica y social y neg\u00f3 tener responsabilidad por la violencia que dej\u00f3 decenas de fallecidos. \u201cYo no soy [&hellip;]<\/p>\n","protected":false},"author":0,"featured_media":0,"comment_status":"open","ping_status":"open","sticky":false,"template":"","format":"standard","meta":{"_jetpack_memberships_contains_paid_content":false,"footnotes":""},"categories":[10],"tags":[],"class_list":["post-1469117","post","type-post","status-publish","format-standard","hentry","category-noticias-nacionales","market-global"],"yoast_head":"<!-- This site is optimized with the Yoast SEO plugin v24.4 - https:\/\/yoast.com\/wordpress\/plugins\/seo\/ -->\n<title>Jeanine \u00c1\u00f1ez se deslinda de la violencia en la crisis de 2019 en Bolivia: &quot;Yo no soy responsable de esas muertes&quot; - Noticias<\/title>\n<meta name=\"robots\" content=\"index, follow, max-snippet:-1, max-image-preview:large, max-video-preview:-1\" \/>\n<link rel=\"canonical\" href=\"https:\/\/noticiasya.com\/2025\/12\/09\/jeanine-anez-responsabilidad-bolivia-muertes-orix\/\" \/>\n<meta property=\"og:locale\" content=\"es_ES\" \/>\n<meta property=\"og:type\" content=\"article\" \/>\n<meta property=\"og:title\" content=\"Jeanine \u00c1\u00f1ez se deslinda de la violencia en la crisis de 2019 en Bolivia: &quot;Yo no soy responsable de esas muertes&quot; - Noticias\" \/>\n<meta property=\"og:description\" content=\"La expresidenta de Bolivia Jeanine \u00c1\u00f1ez, que en noviembre sali\u00f3 en libertad tras la anulaci\u00f3n de su sentencia por asumir la presidencia interina en 2019 tras la renuncia de Evo Morales, defendi\u00f3 sus acciones por la crisis pol\u00edtica y social y neg\u00f3 tener responsabilidad por la violencia que dej\u00f3 decenas de fallecidos. \u201cYo no soy [&hellip;]\" \/>\n<meta property=\"og:url\" content=\"https:\/\/noticiasya.com\/2025\/12\/09\/jeanine-anez-responsabilidad-bolivia-muertes-orix\/\" \/>\n<meta property=\"og:site_name\" content=\"Noticias\" \/>\n<meta property=\"article:published_time\" content=\"2025-12-09T17:03:39+00:00\" \/>\n<meta name=\"twitter:card\" content=\"summary_large_image\" \/>\n<meta name=\"twitter:label1\" content=\"Est. reading time\" \/>\n\t<meta name=\"twitter:data1\" content=\"3 minutos\" \/>\n<script type=\"application\/ld+json\" class=\"yoast-schema-graph\">{\"@context\":\"https:\/\/schema.org\",\"@graph\":[{\"@type\":\"Article\",\"@id\":\"https:\/\/noticiasya.com\/2025\/12\/09\/jeanine-anez-responsabilidad-bolivia-muertes-orix\/#article\",\"isPartOf\":{\"@id\":\"https:\/\/noticiasya.com\/2025\/12\/09\/jeanine-anez-responsabilidad-bolivia-muertes-orix\/\"},\"author\":{\"name\":\"\",\"@id\":\"\"},\"headline\":\"Jeanine \u00c1\u00f1ez se deslinda de la violencia en la crisis de 2019 en Bolivia: &#171;Yo no soy responsable de esas muertes&#187;\",\"datePublished\":\"2025-12-09T17:03:39+00:00\",\"mainEntityOfPage\":{\"@id\":\"https:\/\/noticiasya.com\/2025\/12\/09\/jeanine-anez-responsabilidad-bolivia-muertes-orix\/\"},\"wordCount\":555,\"commentCount\":0,\"publisher\":{\"@id\":\"https:\/\/noticiasya.com\/#organization\"},\"articleSection\":[\"Noticias Nacionales\"],\"inLanguage\":\"es\",\"potentialAction\":[{\"@type\":\"CommentAction\",\"name\":\"Comment\",\"target\":[\"https:\/\/noticiasya.com\/2025\/12\/09\/jeanine-anez-responsabilidad-bolivia-muertes-orix\/#respond\"]}]},{\"@type\":\"WebPage\",\"@id\":\"https:\/\/noticiasya.com\/2025\/12\/09\/jeanine-anez-responsabilidad-bolivia-muertes-orix\/\",\"url\":\"https:\/\/noticiasya.com\/2025\/12\/09\/jeanine-anez-responsabilidad-bolivia-muertes-orix\/\",\"name\":\"Jeanine \u00c1\u00f1ez se deslinda de la violencia en la crisis de 2019 en Bolivia: \\\"Yo no soy responsable de esas muertes\\\" - Noticias\",\"isPartOf\":{\"@id\":\"https:\/\/noticiasya.com\/#website\"},\"datePublished\":\"2025-12-09T17:03:39+00:00\",\"breadcrumb\":{\"@id\":\"https:\/\/noticiasya.com\/2025\/12\/09\/jeanine-anez-responsabilidad-bolivia-muertes-orix\/#breadcrumb\"},\"inLanguage\":\"es\",\"potentialAction\":[{\"@type\":\"ReadAction\",\"target\":[\"https:\/\/noticiasya.com\/2025\/12\/09\/jeanine-anez-responsabilidad-bolivia-muertes-orix\/\"]}]},{\"@type\":\"BreadcrumbList\",\"@id\":\"https:\/\/noticiasya.com\/2025\/12\/09\/jeanine-anez-responsabilidad-bolivia-muertes-orix\/#breadcrumb\",\"itemListElement\":[{\"@type\":\"ListItem\",\"position\":1,\"name\":\"Home\",\"item\":\"https:\/\/noticiasya.com\/\"},{\"@type\":\"ListItem\",\"position\":2,\"name\":\"Jeanine \u00c1\u00f1ez se deslinda de la violencia en la crisis de 2019 en Bolivia: &#171;Yo no soy responsable de esas muertes&#187;\"}]},{\"@type\":\"WebSite\",\"@id\":\"https:\/\/noticiasya.com\/#website\",\"url\":\"https:\/\/noticiasya.com\/\",\"name\":\"Noticias\",\"description\":\"Lo que importa\",\"publisher\":{\"@id\":\"https:\/\/noticiasya.com\/#organization\"},\"potentialAction\":[{\"@type\":\"SearchAction\",\"target\":{\"@type\":\"EntryPoint\",\"urlTemplate\":\"https:\/\/noticiasya.com\/?s={search_term_string}\"},\"query-input\":{\"@type\":\"PropertyValueSpecification\",\"valueRequired\":true,\"valueName\":\"search_term_string\"}}],\"inLanguage\":\"es\"},{\"@type\":\"Organization\",\"@id\":\"https:\/\/noticiasya.com\/#organization\",\"name\":\"Noticias\",\"url\":\"https:\/\/noticiasya.com\/\",\"logo\":{\"@type\":\"ImageObject\",\"inLanguage\":\"es\",\"@id\":\"https:\/\/noticiasya.com\/#\/schema\/logo\/image\/\",\"url\":\"https:\/\/noticiasya.com\/wp-content\/uploads\/sites\/22\/2023\/12\/logo-nacional.png\",\"contentUrl\":\"https:\/\/noticiasya.com\/wp-content\/uploads\/sites\/22\/2023\/12\/logo-nacional.png\",\"width\":1801,\"height\":691,\"caption\":\"Noticias\"},\"image\":{\"@id\":\"https:\/\/noticiasya.com\/#\/schema\/logo\/image\/\"}}]}<\/script>\n<!-- \/ Yoast SEO plugin. -->","yoast_head_json":{"title":"Jeanine \u00c1\u00f1ez se deslinda de la violencia en la crisis de 2019 en Bolivia: \"Yo no soy responsable de esas muertes\" - Noticias","robots":{"index":"index","follow":"follow","max-snippet":"max-snippet:-1","max-image-preview":"max-image-preview:large","max-video-preview":"max-video-preview:-1"},"canonical":"https:\/\/noticiasya.com\/2025\/12\/09\/jeanine-anez-responsabilidad-bolivia-muertes-orix\/","og_locale":"es_ES","og_type":"article","og_title":"Jeanine \u00c1\u00f1ez se deslinda de la violencia en la crisis de 2019 en Bolivia: \"Yo no soy responsable de esas muertes\" - Noticias","og_description":"La expresidenta de Bolivia Jeanine \u00c1\u00f1ez, que en noviembre sali\u00f3 en libertad tras la anulaci\u00f3n de su sentencia por asumir la presidencia interina en 2019 tras la renuncia de Evo Morales, defendi\u00f3 sus acciones por la crisis pol\u00edtica y social y neg\u00f3 tener responsabilidad por la violencia que dej\u00f3 decenas de fallecidos. \u201cYo no soy [&hellip;]","og_url":"https:\/\/noticiasya.com\/2025\/12\/09\/jeanine-anez-responsabilidad-bolivia-muertes-orix\/","og_site_name":"Noticias","article_published_time":"2025-12-09T17:03:39+00:00","twitter_card":"summary_large_image","twitter_misc":{"Est. reading time":"3 minutos"},"schema":{"@context":"https:\/\/schema.org","@graph":[{"@type":"Article","@id":"https:\/\/noticiasya.com\/2025\/12\/09\/jeanine-anez-responsabilidad-bolivia-muertes-orix\/#article","isPartOf":{"@id":"https:\/\/noticiasya.com\/2025\/12\/09\/jeanine-anez-responsabilidad-bolivia-muertes-orix\/"},"author":{"name":"","@id":""},"headline":"Jeanine \u00c1\u00f1ez se deslinda de la violencia en la crisis de 2019 en Bolivia: &#171;Yo no soy responsable de esas muertes&#187;","datePublished":"2025-12-09T17:03:39+00:00","mainEntityOfPage":{"@id":"https:\/\/noticiasya.com\/2025\/12\/09\/jeanine-anez-responsabilidad-bolivia-muertes-orix\/"},"wordCount":555,"commentCount":0,"publisher":{"@id":"https:\/\/noticiasya.com\/#organization"},"articleSection":["Noticias Nacionales"],"inLanguage":"es","potentialAction":[{"@type":"CommentAction","name":"Comment","target":["https:\/\/noticiasya.com\/2025\/12\/09\/jeanine-anez-responsabilidad-bolivia-muertes-orix\/#respond"]}]},{"@type":"WebPage","@id":"https:\/\/noticiasya.com\/2025\/12\/09\/jeanine-anez-responsabilidad-bolivia-muertes-orix\/","url":"https:\/\/noticiasya.com\/2025\/12\/09\/jeanine-anez-responsabilidad-bolivia-muertes-orix\/","name":"Jeanine \u00c1\u00f1ez se deslinda de la violencia en la crisis de 2019 en Bolivia: \"Yo no soy responsable de esas muertes\" - Noticias","isPartOf":{"@id":"https:\/\/noticiasya.com\/#website"},"datePublished":"2025-12-09T17:03:39+00:00","breadcrumb":{"@id":"https:\/\/noticiasya.com\/2025\/12\/09\/jeanine-anez-responsabilidad-bolivia-muertes-orix\/#breadcrumb"},"inLanguage":"es","potentialAction":[{"@type":"ReadAction","target":["https:\/\/noticiasya.com\/2025\/12\/09\/jeanine-anez-responsabilidad-bolivia-muertes-orix\/"]}]},{"@type":"BreadcrumbList","@id":"https:\/\/noticiasya.com\/2025\/12\/09\/jeanine-anez-responsabilidad-bolivia-muertes-orix\/#breadcrumb","itemListElement":[{"@type":"ListItem","position":1,"name":"Home","item":"https:\/\/noticiasya.com\/"},{"@type":"ListItem","position":2,"name":"Jeanine \u00c1\u00f1ez se deslinda de la violencia en la crisis de 2019 en Bolivia: &#171;Yo no soy responsable de esas muertes&#187;"}]},{"@type":"WebSite","@id":"https:\/\/noticiasya.com\/#website","url":"https:\/\/noticiasya.com\/","name":"Noticias","description":"Lo que importa","publisher":{"@id":"https:\/\/noticiasya.com\/#organization"},"potentialAction":[{"@type":"SearchAction","target":{"@type":"EntryPoint","urlTemplate":"https:\/\/noticiasya.com\/?s={search_term_string}"},"query-input":{"@type":"PropertyValueSpecification","valueRequired":true,"valueName":"search_term_string"}}],"inLanguage":"es"},{"@type":"Organization","@id":"https:\/\/noticiasya.com\/#organization","name":"Noticias","url":"https:\/\/noticiasya.com\/","logo":{"@type":"ImageObject","inLanguage":"es","@id":"https:\/\/noticiasya.com\/#\/schema\/logo\/image\/","url":"https:\/\/noticiasya.com\/wp-content\/uploads\/sites\/22\/2023\/12\/logo-nacional.png","contentUrl":"https:\/\/noticiasya.com\/wp-content\/uploads\/sites\/22\/2023\/12\/logo-nacional.png","width":1801,"height":691,"caption":"Noticias"},"image":{"@id":"https:\/\/noticiasya.com\/#\/schema\/logo\/image\/"}}]}},"parsely":{"version":"1.1.0","canonical_url":"https:\/\/noticiasya.com\/midland-odessa\/2025\/12\/09\/jeanine-anez-responsabilidad-bolivia-muertes-orix\/","smart_links":{"inbound":0,"outbound":0},"traffic_boost_suggestions_count":0,"meta":{"@context":"https:\/\/schema.org","@type":"NewsArticle","headline":"Jeanine \u00c1\u00f1ez se deslinda de la violencia en la crisis de 2019 en Bolivia: &#171;Yo no soy responsable de esas muertes&#187;","url":"http:\/\/noticiasya.com\/midland-odessa\/2025\/12\/09\/jeanine-anez-responsabilidad-bolivia-muertes-orix\/","mainEntityOfPage":{"@type":"WebPage","@id":"http:\/\/noticiasya.com\/midland-odessa\/2025\/12\/09\/jeanine-anez-responsabilidad-bolivia-muertes-orix\/"},"thumbnailUrl":"","image":{"@type":"ImageObject","url":""},"articleSection":"Noticias Nacionales","author":[],"creator":[],"publisher":{"@type":"Organization","name":"Noticias","logo":""},"keywords":[],"dateCreated":"2025-12-09T17:03:39Z","datePublished":"2025-12-09T17:03:39Z","dateModified":"2025-12-09T17:03:39Z"},"rendered":"<script type=\"application\/ld+json\" class=\"wp-parsely-metadata\">{\"@context\":\"https:\\\/\\\/schema.org\",\"@type\":\"NewsArticle\",\"headline\":\"Jeanine \\u00c1\\u00f1ez se deslinda de la violencia en la crisis de 2019 en Bolivia: &#171;Yo no soy responsable de esas muertes&#187;\",\"url\":\"http:\\\/\\\/noticiasya.com\\\/midland-odessa\\\/2025\\\/12\\\/09\\\/jeanine-anez-responsabilidad-bolivia-muertes-orix\\\/\",\"mainEntityOfPage\":{\"@type\":\"WebPage\",\"@id\":\"http:\\\/\\\/noticiasya.com\\\/midland-odessa\\\/2025\\\/12\\\/09\\\/jeanine-anez-responsabilidad-bolivia-muertes-orix\\\/\"},\"thumbnailUrl\":\"\",\"image\":{\"@type\":\"ImageObject\",\"url\":\"\"},\"articleSection\":\"Noticias Nacionales\",\"author\":[],\"creator\":[],\"publisher\":{\"@type\":\"Organization\",\"name\":\"Noticias\",\"logo\":\"\"},\"keywords\":[],\"dateCreated\":\"2025-12-09T17:03:39Z\",\"datePublished\":\"2025-12-09T17:03:39Z\",\"dateModified\":\"2025-12-09T17:03:39Z\"}<\/script>","tracker_url":"https:\/\/cdn.parsely.com\/keys\/noticiasya.com\/p.js"},"jetpack_featured_media_url":"","jetpack-related-posts":[{"id":1466003,"url":"https:\/\/noticiasya.com\/midland-odessa\/2025\/08\/30\/tribunal-bolivia-anula-otro-caso-penal-expresidenta-jeanine-anez-efe\/","url_meta":{"origin":1469117,"position":0},"title":"Un tribunal de Bolivia anula otro caso penal contra la expresidenta Jeanine \u00c1\u00f1ez y ordena juicio de responsabilidades","author":"","date":"agosto 30, 2025","format":false,"excerpt":"Un tribunal boliviano anul\u00f3 este s\u00e1bado otro proceso ordinario contra la expresidenta interina de Bolivia Jeanine \u00c1\u00f1ez por las muertes de civiles durante la crisis de 2019 en la localidad de Sacaba, en el centro del pa\u00eds, y orden\u00f3 que el caso se procese en un juicio de responsabilidades.En una\u2026","rel":"","context":"In &quot;Noticias Nacionales&quot;","block_context":{"text":"Noticias Nacionales","link":"https:\/\/noticiasya.com\/midland-odessa\/categoria\/noticias-nacionales"},"img":{"alt_text":"","src":"","width":0,"height":0},"classes":[]},{"id":1468061,"url":"https:\/\/noticiasya.com\/midland-odessa\/2025\/11\/05\/tribunal-supremo-bolivia-liberacion-jeanine-anez-orix\/","url_meta":{"origin":1469117,"position":1},"title":"Tribunal Supremo de Bolivia anula sentencia contra expresidenta Jeanine \u00c1\u00f1ez y ordena su liberaci\u00f3n","author":"","date":"noviembre 5, 2025","format":false,"excerpt":"El Tribunal Supremo de Bolivia dispuso este mi\u00e9rcoles la liberaci\u00f3n de la expresidenta Jeanine \u00c1\u00f1ez, luego del recurso extraordinario solicitado para la revisi\u00f3n de su sentencia hace m\u00e1s de un mes.Con la decisi\u00f3n de la Sala Plena del alto tribunal, se orden\u00f3 la anulaci\u00f3n de la sentencia emitida en junio\u2026","rel":"","context":"In &quot;Noticias Nacionales&quot;","block_context":{"text":"Noticias Nacionales","link":"https:\/\/noticiasya.com\/midland-odessa\/categoria\/noticias-nacionales"},"img":{"alt_text":"","src":"","width":0,"height":0},"classes":[]},{"id":1467511,"url":"https:\/\/noticiasya.com\/midland-odessa\/2025\/10\/19\/jorge-tuto-quiroga-expresidente-volver-poder-bolivia-orix\/","url_meta":{"origin":1469117,"position":2},"title":"Jorge &#171;Tuto&#187; Quiroga, el expresidente que busca hacer cumbre y volver al poder en Bolivia","author":"","date":"octubre 19, 2025","format":false,"excerpt":"A 24 a\u00f1os de haberse convertido en uno de los presidentes m\u00e1s j\u00f3venes de la historia de Bolivia y luego de tres intentos fallidos, Jorge Quiroga busca retornar a la cima del Ejecutivo. El candidato de la alianza Libertad y Democracia (que compite con el nombre Libre) mantiene su imagen\u2026","rel":"","context":"In &quot;Noticias Nacionales&quot;","block_context":{"text":"Noticias Nacionales","link":"https:\/\/noticiasya.com\/midland-odessa\/categoria\/noticias-nacionales"},"img":{"alt_text":"","src":"","width":0,"height":0},"classes":[]},{"id":1465588,"url":"https:\/\/noticiasya.com\/midland-odessa\/2025\/08\/17\/jorge-tuto-quiroga-expresidente-busca-volver-bolivia-orix\/","url_meta":{"origin":1469117,"position":3},"title":"Jorge &#171;Tuto&#187; Quiroga, el expresidente que busca hacer cumbre y volver al poder en Bolivia","author":"","date":"agosto 17, 2025","format":false,"excerpt":"A 24 a\u00f1os de haberse convertido en uno de los presidentes m\u00e1s j\u00f3venes de la historia de Bolivia y luego de tres intentos fallidos, Jorge Quiroga busca retornar a la cima del Ejecutivo. El candidato de la alianza Libertad y Democracia (que compite con el nombre Libre) mantiene su imagen\u2026","rel":"","context":"In &quot;Noticias Nacionales&quot;","block_context":{"text":"Noticias Nacionales","link":"https:\/\/noticiasya.com\/midland-odessa\/categoria\/noticias-nacionales"},"img":{"alt_text":"","src":"","width":0,"height":0},"classes":[]},{"id":1465457,"url":"https:\/\/noticiasya.com\/midland-odessa\/2025\/08\/13\/jorge-tuto-quiroga-candidato-bolivia-orix\/","url_meta":{"origin":1469117,"position":4},"title":"Jorge &#171;Tuto&#187; Quiroga, el expresidente que busca hacer cumbre y volver al poder en Bolivia","author":"","date":"agosto 13, 2025","format":false,"excerpt":"A 24 a\u00f1os de haberse convertido en uno de los presidentes m\u00e1s j\u00f3venes de la historia de Bolivia y luego de tres intentos fallidos, Jorge Quiroga busca retornar a la cima del Ejecutivo. El candidato de la alianza Libertad y Democracia (que compite con el nombre Libre) mantiene su imagen\u2026","rel":"","context":"In &quot;Noticias Nacionales&quot;","block_context":{"text":"Noticias Nacionales","link":"https:\/\/noticiasya.com\/midland-odessa\/categoria\/noticias-nacionales"},"img":{"alt_text":"","src":"","width":0,"height":0},"classes":[]},{"id":1450732,"url":"https:\/\/noticiasya.com\/midland-odessa\/2024\/06\/26\/bolivia-fallido-golpe-estado-soldados-armados-tension-defensa-democracia-trax\/","url_meta":{"origin":1469117,"position":5},"title":"Soldados armados, tensi\u00f3n en las calles y el llamado a la defensa de la democracia: as\u00ed se vivi\u00f3 el fracasado intento de golpe de Estado en Bolivia","author":"","date":"junio 26, 2024","format":false,"excerpt":"(CNN) -- El presidente de Bolivia, Luis Arce, hizo frente este mi\u00e9rcoles a un intento de golpe de Estado de corta duraci\u00f3n, tras llamar a la ciudadan\u00eda a \"organizarse y movilizarse\" en defensa de la democracia, mientras soldados y veh\u00edculos militares blindados rodeaban edificios gubernamentales en La Paz.\"No podemos permitir\u2026","rel":"","context":"In &quot;Noticias Nacionales&quot;","block_context":{"text":"Noticias Nacionales","link":"https:\/\/noticiasya.com\/midland-odessa\/categoria\/noticias-nacionales"},"img":{"alt_text":"","src":"","width":0,"height":0},"classes":[]}],"jetpack_sharing_enabled":true,"_links":{"self":[{"href":"https:\/\/noticiasya.com\/midland-odessa\/wp-json\/wp\/v2\/posts\/1469117","targetHints":{"allow":["GET"]}}],"collection":[{"href":"https:\/\/noticiasya.com\/midland-odessa\/wp-json\/wp\/v2\/posts"}],"about":[{"href":"https:\/\/noticiasya.com\/midland-odessa\/wp-json\/wp\/v2\/types\/post"}],"replies":[{"embeddable":true,"href":"https:\/\/noticiasya.com\/midland-odessa\/wp-json\/wp\/v2\/comments?post=1469117"}],"version-history":[{"count":0,"href":"https:\/\/noticiasya.com\/midland-odessa\/wp-json\/wp\/v2\/posts\/1469117\/revisions"}],"wp:attachment":[{"href":"https:\/\/noticiasya.com\/midland-odessa\/wp-json\/wp\/v2\/media?parent=1469117"}],"wp:term":[{"taxonomy":"category","embeddable":true,"href":"https:\/\/noticiasya.com\/midland-odessa\/wp-json\/wp\/v2\/categories?post=1469117"},{"taxonomy":"post_tag","embeddable":true,"href":"https:\/\/noticiasya.com\/midland-odessa\/wp-json\/wp\/v2\/tags?post=1469117"}],"curies":[{"name":"wp","href":"https:\/\/api.w.org\/{rel}","templated":true}]}}