{"id":1469120,"date":"2025-12-09T12:03:52","date_gmt":"2025-12-09T20:03:52","guid":{"rendered":"https:\/\/noticiasya.com\/2025\/12\/09\/consejos-reducir-evitar-parkinson-trax\/"},"modified":"2025-12-09T12:03:52","modified_gmt":"2025-12-09T20:03:52","slug":"consejos-reducir-evitar-parkinson-trax","status":"publish","type":"post","link":"https:\/\/noticiasya.com\/midland-odessa\/2025\/12\/09\/consejos-reducir-evitar-parkinson-trax\/","title":{"rendered":"La enfermedad de Parkinson va en aumento: estos son 5 consejos de expertos para reducir el riesgo de desarrollarla"},"content":{"rendered":"<p>La \u201cpar\u00e1lisis agitante\u201d.<\/p>\n<p>As\u00ed describi\u00f3 el doctor James Parkinson, hace m\u00e1s de 200 a\u00f1os en un <a href=\"https:\/\/psychiatryonline.org\/doi\/10.1176\/jnp.14.2.223\">ensayo<\/a>, los s\u00edntomas y la misteriosa dolencia que afectaba a seis personas en Londres. Este m\u00e9dico brit\u00e1nico fue el <a href=\"https:\/\/academic.oup.com\/brain\/article\/140\/3\/843\/3053438\">primero en identificar<\/a> y documentar lo que hoy se conoce como la enfermedad de Parkinson, un trastorno progresivo del movimiento. Su caracter\u00edstica principal es el da\u00f1o a las neuronas productoras de dopamina en el cerebro, lo que puede causar rigidez muscular, lentitud, problemas de equilibrio y una serie de otros trastornos.<\/p>\n<p>La <a href=\"https:\/\/my.clevelandclinic.org\/health\/articles\/22581-dopamine\">dopamina es un neurotransmisor crucial<\/a> involucrado en el sistema de recompensa de nuestro cerebro. Esta sustancia qu\u00edmica desempe\u00f1a un papel central en la motivaci\u00f3n, as\u00ed como en la <a href=\"https:\/\/pmc.ncbi.nlm.nih.gov\/articles\/PMC4084861\/\">funci\u00f3n ejecutiva<\/a> (que incluye la atenci\u00f3n, la toma de decisiones, la multitarea y la planificaci\u00f3n), el movimiento y la regulaci\u00f3n emocional.<\/p>\n<p>Para 2021, investigadores de salud p\u00fablica informaron que hab\u00eda <a href=\"https:\/\/bmjopen.bmj.com\/content\/15\/4\/e095610\">casi 12 millones de casos<\/a> en todo el mundo. Y se proyecta que la cantidad de personas que viven con p\u00e1rkinson superar\u00e1 <a href=\"https:\/\/www.bmj.com\/content\/388\/bmj-2024-080952\">los 25 millones<\/a> para 2050. La enfermedad no solo representa una <a href=\"https:\/\/www.nature.com\/articles\/s41531-020-0117-1\">carga sustancial<\/a> para el individuo, sino tambi\u00e9n para su familia, su comunidad y la sociedad en general.<\/p>\n<p>\u201cEn este momento crece como enfermedad neurodegenerativa m\u00e1s r\u00e1pido que la enfermedad de Alzheimer \u2014eso deber\u00eda captar la atenci\u00f3n de todos\u2014\u201d, dijo recientemente el neur\u00f3logo doctor Michael Okun al corresponsal m\u00e9dico jefe de CNN, doctor Sanjay Gupta, en su <a href=\"https:\/\/swap.fm\/l\/clsgart120825\">p\u00f3dcast Chasing Life<\/a>.<\/p>\n<p>La enfermedad de Parkinson es mucho m\u00e1s que una simple par\u00e1lisis agitante, como han aprendido los cient\u00edficos desde 1817, pero a\u00fan queda mucho por hacer para identificar sus causas fundamentales, comprender mejor la progresi\u00f3n de la enfermedad e incluso desarrollar una prueba diagn\u00f3stica infalible.<\/p>\n<p>\u201cSe vuelve obvio, absolutamente obvio, cuando ves a las personas con la enfermedad, que esto no es solo una enfermedad de la dopamina; no es solo una enfermedad del cerebro. La vemos en el intestino. La vemos en la piel. La vemos en m\u00faltiples \u00f3rganos\u201d, dijo Okun, quien cofund\u00f3 y codirige el Norman Fixel Institute for Neurological Diseases en la Universidad de Florida, en Gainesville, y es director m\u00e9dico y asesor m\u00e9dico de la Parkinson\u2019s Foundation. \u201cAs\u00ed que es sumamente importante que nos preguntemos el porqu\u00e9: \u00bfPor qu\u00e9 comienza? \u00bfPor qu\u00e9 progresa? \u00bfPor qu\u00e9 se propaga?\u201d<\/p>\n<p>La <a href=\"https:\/\/www.parkinson.org\/advancing-research\/our-research\/pdgeneration\/genetics-behind-pd\">gen\u00e9tica<\/a> juega un papel clave en entre el 10 % y el 15 % de los casos. Para muchos otros, indic\u00f3 Okun, la causa subyacente de la enfermedad podr\u00eda ser m\u00e1s mundana e insidiosa: <a href=\"https:\/\/pmc.ncbi.nlm.nih.gov\/articles\/PMC11091623\/\">toxinas ambientales<\/a> a trav\u00e9s del aire que respiramos, el agua que bebemos, los alimentos que consumimos y los productos <a href=\"https:\/\/pmc.ncbi.nlm.nih.gov\/articles\/PMC3114824\/\">qu\u00edmicos<\/a> con los que estamos en contacto regularmente.<\/p>\n<p>\u201cAhora tenemos una gran oportunidad de entender que no tenemos que vivir en un mundo donde pensemos que es inevitable tener p\u00e1rkinson\u201d, afirm\u00f3 Okun. Su m\u00e1s reciente libro sobre la enfermedad, \u201c<a href=\"https:\/\/www.amazon.com\/Parkinsons-Plan-Path-Prevention-Treatment\/dp\/1541705386\/\">The Parkinson\u2019s Plan: A New Path to Prevention and Treatment<\/a>\u201d, coescrito con el doctor Ray Dorsey, explora en parte las asociaciones entre la enfermedad y una serie de productos qu\u00edmicos que <a href=\"https:\/\/movementdisorders.onlinelibrary.wiley.com\/doi\/10.1002\/mds.29371\">atacan silenciosamente<\/a> a nuestro organismo.<\/p>\n<p>\u00bfQu\u00e9 se puede hacer para reducir las probabilidades de desarrollar Parkinson? Okun incluye una lista de 25 recomendaciones en su libro, y estas son sus cinco favoritas.<\/p>\n<p>Invierte en un filtro de carbono para el grifo de su cocina, dijo Okun por correo electr\u00f3nico.<\/p>\n<p>\u201cUn simple filtro de carbono puede reducir los <a href=\"https:\/\/www.atsdr.cdc.gov\/camp-lejeune\/about\/?CDC_AAref_Val=https:\/\/www.atsdr.cdc.gov\/sites\/lejeune\/background.html\">t\u00f3xicos invisibles<\/a> que se <a href=\"https:\/\/pmc.ncbi.nlm.nih.gov\/articles\/PMC10186205\/\">cuelan en el agua potable<\/a> y pueden estresar los sistemas cerebrales vulnerables\u201d, explic\u00f3. \u201cEl agua limpia disminuye la carga qu\u00edmica diaria que deben manejar su intestino y su cerebro.\u201d<\/p>\n<p>Estos filtros pueden reducir la exposici\u00f3n a pesticidas y sustancias qu\u00edmicas como el <a href=\"https:\/\/pmc.ncbi.nlm.nih.gov\/articles\/PMC7941732\/\">tricloroetileno, o TCE<\/a>, un qu\u00edmico com\u00fanmente utilizado para limpiar en seco la ropa, descafeinar el caf\u00e9 y desengrasar metales, adem\u00e1s de otras impurezas. (En diciembre de 2024, la Agencia de Protecci\u00f3n Ambiental anunci\u00f3 una <a href=\"https:\/\/www.michaeljfox.org\/news\/landmark-victory-parkinsons-community-epa-bans-trichloroethylene\">prohibici\u00f3n casi total del TCE<\/a>, pero las demandas han retrasado hasta ahora la fecha de inicio de la <a href=\"https:\/\/www.safetyandhealthmagazine.com\/articles\/27607-epa-further-delays-provisions-of-trichloroethylene-ban\">norma<\/a> en determinadas circunstancias).<\/p>\n<p>Utiliza purificadores de aire tanto en el hogar como en el trabajo.<\/p>\n<p>\u201cEliminar las <a href=\"https:\/\/pmc.ncbi.nlm.nih.gov\/articles\/PMC8583112\/\">part\u00edculas finas<\/a> del aire interior protege la v\u00eda nariz-cerebro que puede sembrar el Parkinson\u201d, afirm\u00f3 Okun. \u201cUn aire m\u00e1s limpio significa menos desencadenantes entrando por la puerta principal del cerebro\u201d.<\/p>\n<p>Aseg\u00farate de usar un purificador de aire con un filtro de carb\u00f3n dise\u00f1ado para eliminar compuestos org\u00e1nicos vol\u00e1tiles, o COV, como el TCE. Los <a href=\"https:\/\/www.epa.gov\/indoor-air-quality-iaq\/volatile-organic-compounds-impact-indoor-air-quality#:~:text=Volatile%20organic%20compounds%20(VOCs)%20are,cosmetic%2C%20degreasing%20and%20hobby%20products.\">compuestos org\u00e1nicos vol\u00e1tiles<\/a> son gases que pueden ser emitidos por productos s\u00f3lidos o l\u00edquidos, seg\u00fan la Agencia de Protecci\u00f3n Ambiental. Estos qu\u00edmicos pueden causar problemas como irritaci\u00f3n en los ojos, la nariz y la garganta, as\u00ed como da\u00f1os en el h\u00edgado, los ri\u00f1ones y el sistema nervioso central, indic\u00f3 la agencia federal.<\/p>\n<p>T\u00f3mate el tiempo de lavar las frutas y verduras, incluso si son org\u00e1nicas.<\/p>\n<p>\u201cEnjuagar y frotar sus productos\u2026 ayuda a eliminar los residuos de pesticidas que pueden da\u00f1ar silenciosamente las mitocondrias con el tiempo\u201d, se\u00f1al\u00f3 Okun. \u201cEste simple h\u00e1bito diario reduce la carga de exposici\u00f3n que su cerebro y sistema nervioso deben manejar\u201d.<\/p>\n<p>Y as\u00ed como lo har\u00eda al lavarse las manos, debe enjuagarlas durante m\u00e1s de 20 segundos, agreg\u00f3 Okun.<\/p>\n<p>Haga ejercicio todos los d\u00edas. Se cree que el movimiento regular previene o retrasa la aparici\u00f3n de la enfermedad de Parkinson, y tambi\u00e9n es crucial para las personas que ya viven con el trastorno.<\/p>\n<p>\u201cHaga ejercicio todos los d\u00edas, usando cuatro caminatas de 20 minutos (alrededor de 7.000 pasos), o una rutina equivalente que lo mantenga en movimiento a lo largo del d\u00eda\u201d, coment\u00f3 Okun por correo electr\u00f3nico. \u201cEl movimiento activa los circuitos naturales de dopamina, mejora la movilidad y posiblemente puede ralentizar la progresi\u00f3n de los s\u00edntomas\u201d.<\/p>\n<p>Para quienes se sienten inestables al caminar, Okun se\u00f1al\u00f3 que una bicicleta estacionaria reclinada es una alternativa segura y eficaz.<\/p>\n<p>Da prioridad a un sue\u00f1o consistente y de alta calidad para darle a tu cerebro la oportunidad de recuperarse cada noche.<\/p>\n<p>\u201cEl sue\u00f1o profundo activa el <a href=\"https:\/\/pmc.ncbi.nlm.nih.gov\/articles\/PMC4636982\/\">sistema de limpieza incorporado del cerebro<\/a>, eliminando toxinas y ayudando a que los s\u00edntomas mejoren al d\u00eda siguiente\u201d, dijo Okun.<br \/>\u201cProteger el sue\u00f1o es proteger la salud cerebral, especialmente cuando se vive con p\u00e1rkinson o se busca prevenirlo\u201d.<\/p>\n<p>Luego, cuando te despiertes por la ma\u00f1ana, disfruta de una taza de caf\u00e9 o t\u00e9 con cafe\u00edna. Las investigaciones han asociado de manera constante el consumo de cafe\u00edna con un menor riesgo de enfermedad de Parkinson; se cree que protege las c\u00e9lulas nerviosas productoras de dopamina del da\u00f1o causado por toxinas ambientales.<\/p>\n<p>The-CNN-Wire<br \/>&trade; &amp; &copy; 2025 Cable News Network, Inc., a Warner Bros. Discovery Company. All rights reserved.<\/p>\n","protected":false},"excerpt":{"rendered":"<p>La \u201cpar\u00e1lisis agitante\u201d. As\u00ed describi\u00f3 el doctor James Parkinson, hace m\u00e1s de 200 a\u00f1os en un ensayo, los s\u00edntomas y la misteriosa dolencia que afectaba a seis personas en Londres. Este m\u00e9dico brit\u00e1nico fue el primero en identificar y documentar lo que hoy se conoce como la enfermedad de Parkinson, un trastorno progresivo del movimiento. [&hellip;]<\/p>\n","protected":false},"author":0,"featured_media":0,"comment_status":"open","ping_status":"open","sticky":false,"template":"","format":"standard","meta":{"_jetpack_memberships_contains_paid_content":false,"footnotes":""},"categories":[10],"tags":[],"class_list":["post-1469120","post","type-post","status-publish","format-standard","hentry","category-noticias-nacionales","market-global"],"yoast_head":"<!-- This site is optimized with the Yoast SEO plugin v24.4 - https:\/\/yoast.com\/wordpress\/plugins\/seo\/ -->\n<title>La enfermedad de Parkinson va en aumento: estos son 5 consejos de expertos para reducir el riesgo de desarrollarla - Noticias<\/title>\n<meta name=\"robots\" content=\"index, follow, max-snippet:-1, max-image-preview:large, max-video-preview:-1\" \/>\n<link rel=\"canonical\" href=\"https:\/\/noticiasya.com\/2025\/12\/09\/consejos-reducir-evitar-parkinson-trax\/\" \/>\n<meta property=\"og:locale\" content=\"es_ES\" \/>\n<meta property=\"og:type\" content=\"article\" \/>\n<meta property=\"og:title\" content=\"La enfermedad de Parkinson va en aumento: estos son 5 consejos de expertos para reducir el riesgo de desarrollarla - Noticias\" \/>\n<meta property=\"og:description\" content=\"La \u201cpar\u00e1lisis agitante\u201d. As\u00ed describi\u00f3 el doctor James Parkinson, hace m\u00e1s de 200 a\u00f1os en un ensayo, los s\u00edntomas y la misteriosa dolencia que afectaba a seis personas en Londres. Este m\u00e9dico brit\u00e1nico fue el primero en identificar y documentar lo que hoy se conoce como la enfermedad de Parkinson, un trastorno progresivo del movimiento. [&hellip;]\" \/>\n<meta property=\"og:url\" content=\"https:\/\/noticiasya.com\/2025\/12\/09\/consejos-reducir-evitar-parkinson-trax\/\" \/>\n<meta property=\"og:site_name\" content=\"Noticias\" \/>\n<meta property=\"article:published_time\" content=\"2025-12-09T20:03:52+00:00\" \/>\n<meta name=\"twitter:card\" content=\"summary_large_image\" \/>\n<meta name=\"twitter:label1\" content=\"Est. reading time\" \/>\n\t<meta name=\"twitter:data1\" content=\"6 minutos\" \/>\n<script type=\"application\/ld+json\" class=\"yoast-schema-graph\">{\"@context\":\"https:\/\/schema.org\",\"@graph\":[{\"@type\":\"Article\",\"@id\":\"https:\/\/noticiasya.com\/2025\/12\/09\/consejos-reducir-evitar-parkinson-trax\/#article\",\"isPartOf\":{\"@id\":\"https:\/\/noticiasya.com\/2025\/12\/09\/consejos-reducir-evitar-parkinson-trax\/\"},\"author\":{\"name\":\"\",\"@id\":\"\"},\"headline\":\"La enfermedad de Parkinson va en aumento: estos son 5 consejos de expertos para reducir el riesgo de desarrollarla\",\"datePublished\":\"2025-12-09T20:03:52+00:00\",\"mainEntityOfPage\":{\"@id\":\"https:\/\/noticiasya.com\/2025\/12\/09\/consejos-reducir-evitar-parkinson-trax\/\"},\"wordCount\":1196,\"commentCount\":0,\"publisher\":{\"@id\":\"https:\/\/noticiasya.com\/#organization\"},\"articleSection\":[\"Noticias Nacionales\"],\"inLanguage\":\"es\",\"potentialAction\":[{\"@type\":\"CommentAction\",\"name\":\"Comment\",\"target\":[\"https:\/\/noticiasya.com\/2025\/12\/09\/consejos-reducir-evitar-parkinson-trax\/#respond\"]}]},{\"@type\":\"WebPage\",\"@id\":\"https:\/\/noticiasya.com\/2025\/12\/09\/consejos-reducir-evitar-parkinson-trax\/\",\"url\":\"https:\/\/noticiasya.com\/2025\/12\/09\/consejos-reducir-evitar-parkinson-trax\/\",\"name\":\"La enfermedad de Parkinson va en aumento: estos son 5 consejos de expertos para reducir el riesgo de desarrollarla - Noticias\",\"isPartOf\":{\"@id\":\"https:\/\/noticiasya.com\/#website\"},\"datePublished\":\"2025-12-09T20:03:52+00:00\",\"breadcrumb\":{\"@id\":\"https:\/\/noticiasya.com\/2025\/12\/09\/consejos-reducir-evitar-parkinson-trax\/#breadcrumb\"},\"inLanguage\":\"es\",\"potentialAction\":[{\"@type\":\"ReadAction\",\"target\":[\"https:\/\/noticiasya.com\/2025\/12\/09\/consejos-reducir-evitar-parkinson-trax\/\"]}]},{\"@type\":\"BreadcrumbList\",\"@id\":\"https:\/\/noticiasya.com\/2025\/12\/09\/consejos-reducir-evitar-parkinson-trax\/#breadcrumb\",\"itemListElement\":[{\"@type\":\"ListItem\",\"position\":1,\"name\":\"Home\",\"item\":\"https:\/\/noticiasya.com\/\"},{\"@type\":\"ListItem\",\"position\":2,\"name\":\"La enfermedad de Parkinson va en aumento: estos son 5 consejos de expertos para reducir el riesgo de desarrollarla\"}]},{\"@type\":\"WebSite\",\"@id\":\"https:\/\/noticiasya.com\/#website\",\"url\":\"https:\/\/noticiasya.com\/\",\"name\":\"Noticias\",\"description\":\"Lo que importa\",\"publisher\":{\"@id\":\"https:\/\/noticiasya.com\/#organization\"},\"potentialAction\":[{\"@type\":\"SearchAction\",\"target\":{\"@type\":\"EntryPoint\",\"urlTemplate\":\"https:\/\/noticiasya.com\/?s={search_term_string}\"},\"query-input\":{\"@type\":\"PropertyValueSpecification\",\"valueRequired\":true,\"valueName\":\"search_term_string\"}}],\"inLanguage\":\"es\"},{\"@type\":\"Organization\",\"@id\":\"https:\/\/noticiasya.com\/#organization\",\"name\":\"Noticias\",\"url\":\"https:\/\/noticiasya.com\/\",\"logo\":{\"@type\":\"ImageObject\",\"inLanguage\":\"es\",\"@id\":\"https:\/\/noticiasya.com\/#\/schema\/logo\/image\/\",\"url\":\"https:\/\/noticiasya.com\/wp-content\/uploads\/sites\/22\/2023\/12\/logo-nacional.png\",\"contentUrl\":\"https:\/\/noticiasya.com\/wp-content\/uploads\/sites\/22\/2023\/12\/logo-nacional.png\",\"width\":1801,\"height\":691,\"caption\":\"Noticias\"},\"image\":{\"@id\":\"https:\/\/noticiasya.com\/#\/schema\/logo\/image\/\"}}]}<\/script>\n<!-- \/ Yoast SEO plugin. -->","yoast_head_json":{"title":"La enfermedad de Parkinson va en aumento: estos son 5 consejos de expertos para reducir el riesgo de desarrollarla - Noticias","robots":{"index":"index","follow":"follow","max-snippet":"max-snippet:-1","max-image-preview":"max-image-preview:large","max-video-preview":"max-video-preview:-1"},"canonical":"https:\/\/noticiasya.com\/2025\/12\/09\/consejos-reducir-evitar-parkinson-trax\/","og_locale":"es_ES","og_type":"article","og_title":"La enfermedad de Parkinson va en aumento: estos son 5 consejos de expertos para reducir el riesgo de desarrollarla - Noticias","og_description":"La \u201cpar\u00e1lisis agitante\u201d. As\u00ed describi\u00f3 el doctor James Parkinson, hace m\u00e1s de 200 a\u00f1os en un ensayo, los s\u00edntomas y la misteriosa dolencia que afectaba a seis personas en Londres. Este m\u00e9dico brit\u00e1nico fue el primero en identificar y documentar lo que hoy se conoce como la enfermedad de Parkinson, un trastorno progresivo del movimiento. [&hellip;]","og_url":"https:\/\/noticiasya.com\/2025\/12\/09\/consejos-reducir-evitar-parkinson-trax\/","og_site_name":"Noticias","article_published_time":"2025-12-09T20:03:52+00:00","twitter_card":"summary_large_image","twitter_misc":{"Est. reading time":"6 minutos"},"schema":{"@context":"https:\/\/schema.org","@graph":[{"@type":"Article","@id":"https:\/\/noticiasya.com\/2025\/12\/09\/consejos-reducir-evitar-parkinson-trax\/#article","isPartOf":{"@id":"https:\/\/noticiasya.com\/2025\/12\/09\/consejos-reducir-evitar-parkinson-trax\/"},"author":{"name":"","@id":""},"headline":"La enfermedad de Parkinson va en aumento: estos son 5 consejos de expertos para reducir el riesgo de desarrollarla","datePublished":"2025-12-09T20:03:52+00:00","mainEntityOfPage":{"@id":"https:\/\/noticiasya.com\/2025\/12\/09\/consejos-reducir-evitar-parkinson-trax\/"},"wordCount":1196,"commentCount":0,"publisher":{"@id":"https:\/\/noticiasya.com\/#organization"},"articleSection":["Noticias Nacionales"],"inLanguage":"es","potentialAction":[{"@type":"CommentAction","name":"Comment","target":["https:\/\/noticiasya.com\/2025\/12\/09\/consejos-reducir-evitar-parkinson-trax\/#respond"]}]},{"@type":"WebPage","@id":"https:\/\/noticiasya.com\/2025\/12\/09\/consejos-reducir-evitar-parkinson-trax\/","url":"https:\/\/noticiasya.com\/2025\/12\/09\/consejos-reducir-evitar-parkinson-trax\/","name":"La enfermedad de Parkinson va en aumento: estos son 5 consejos de expertos para reducir el riesgo de desarrollarla - Noticias","isPartOf":{"@id":"https:\/\/noticiasya.com\/#website"},"datePublished":"2025-12-09T20:03:52+00:00","breadcrumb":{"@id":"https:\/\/noticiasya.com\/2025\/12\/09\/consejos-reducir-evitar-parkinson-trax\/#breadcrumb"},"inLanguage":"es","potentialAction":[{"@type":"ReadAction","target":["https:\/\/noticiasya.com\/2025\/12\/09\/consejos-reducir-evitar-parkinson-trax\/"]}]},{"@type":"BreadcrumbList","@id":"https:\/\/noticiasya.com\/2025\/12\/09\/consejos-reducir-evitar-parkinson-trax\/#breadcrumb","itemListElement":[{"@type":"ListItem","position":1,"name":"Home","item":"https:\/\/noticiasya.com\/"},{"@type":"ListItem","position":2,"name":"La enfermedad de Parkinson va en aumento: estos son 5 consejos de expertos para reducir el riesgo de desarrollarla"}]},{"@type":"WebSite","@id":"https:\/\/noticiasya.com\/#website","url":"https:\/\/noticiasya.com\/","name":"Noticias","description":"Lo que importa","publisher":{"@id":"https:\/\/noticiasya.com\/#organization"},"potentialAction":[{"@type":"SearchAction","target":{"@type":"EntryPoint","urlTemplate":"https:\/\/noticiasya.com\/?s={search_term_string}"},"query-input":{"@type":"PropertyValueSpecification","valueRequired":true,"valueName":"search_term_string"}}],"inLanguage":"es"},{"@type":"Organization","@id":"https:\/\/noticiasya.com\/#organization","name":"Noticias","url":"https:\/\/noticiasya.com\/","logo":{"@type":"ImageObject","inLanguage":"es","@id":"https:\/\/noticiasya.com\/#\/schema\/logo\/image\/","url":"https:\/\/noticiasya.com\/wp-content\/uploads\/sites\/22\/2023\/12\/logo-nacional.png","contentUrl":"https:\/\/noticiasya.com\/wp-content\/uploads\/sites\/22\/2023\/12\/logo-nacional.png","width":1801,"height":691,"caption":"Noticias"},"image":{"@id":"https:\/\/noticiasya.com\/#\/schema\/logo\/image\/"}}]}},"parsely":{"version":"1.1.0","canonical_url":"https:\/\/noticiasya.com\/midland-odessa\/2025\/12\/09\/consejos-reducir-evitar-parkinson-trax\/","smart_links":{"inbound":0,"outbound":0},"traffic_boost_suggestions_count":0,"meta":{"@context":"https:\/\/schema.org","@type":"NewsArticle","headline":"La enfermedad de Parkinson va en aumento: estos son 5 consejos de expertos para reducir el riesgo de desarrollarla","url":"http:\/\/noticiasya.com\/midland-odessa\/2025\/12\/09\/consejos-reducir-evitar-parkinson-trax\/","mainEntityOfPage":{"@type":"WebPage","@id":"http:\/\/noticiasya.com\/midland-odessa\/2025\/12\/09\/consejos-reducir-evitar-parkinson-trax\/"},"thumbnailUrl":"","image":{"@type":"ImageObject","url":""},"articleSection":"Noticias Nacionales","author":[],"creator":[],"publisher":{"@type":"Organization","name":"Noticias","logo":""},"keywords":[],"dateCreated":"2025-12-09T20:03:52Z","datePublished":"2025-12-09T20:03:52Z","dateModified":"2025-12-09T20:03:52Z"},"rendered":"<script type=\"application\/ld+json\" class=\"wp-parsely-metadata\">{\"@context\":\"https:\\\/\\\/schema.org\",\"@type\":\"NewsArticle\",\"headline\":\"La enfermedad de Parkinson va en aumento: estos son 5 consejos de expertos para reducir el riesgo de desarrollarla\",\"url\":\"http:\\\/\\\/noticiasya.com\\\/midland-odessa\\\/2025\\\/12\\\/09\\\/consejos-reducir-evitar-parkinson-trax\\\/\",\"mainEntityOfPage\":{\"@type\":\"WebPage\",\"@id\":\"http:\\\/\\\/noticiasya.com\\\/midland-odessa\\\/2025\\\/12\\\/09\\\/consejos-reducir-evitar-parkinson-trax\\\/\"},\"thumbnailUrl\":\"\",\"image\":{\"@type\":\"ImageObject\",\"url\":\"\"},\"articleSection\":\"Noticias Nacionales\",\"author\":[],\"creator\":[],\"publisher\":{\"@type\":\"Organization\",\"name\":\"Noticias\",\"logo\":\"\"},\"keywords\":[],\"dateCreated\":\"2025-12-09T20:03:52Z\",\"datePublished\":\"2025-12-09T20:03:52Z\",\"dateModified\":\"2025-12-09T20:03:52Z\"}<\/script>","tracker_url":"https:\/\/cdn.parsely.com\/keys\/noticiasya.com\/p.js"},"jetpack_featured_media_url":"","jetpack-related-posts":[{"id":1452999,"url":"https:\/\/noticiasya.com\/midland-odessa\/2024\/09\/24\/brett-favre-diagnosticado-parkinson-trax\/","url_meta":{"origin":1469120,"position":0},"title":"Diagnostican con la enfermedad de Parkinson a Brett Favre, miembro del Sal\u00f3n de la Fama del F\u00fatbol Americano","author":"","date":"septiembre 24, 2024","format":false,"excerpt":"(CNN) -- Brett Favre, miembro del Sal\u00f3n de la Fama del F\u00fatbol Americano, revel\u00f3 este martes que recientemente fue diagnosticado con la enfermedad de Parkinson.El famoso mariscal de campo estaba hablando frente al Comit\u00e9 de Medios y Arbitrios de la C\u00e1mara de Representantes en una audiencia sobre la reforma de\u2026","rel":"","context":"In &quot;Noticias Nacionales&quot;","block_context":{"text":"Noticias Nacionales","link":"https:\/\/noticiasya.com\/midland-odessa\/categoria\/noticias-nacionales"},"img":{"alt_text":"","src":"","width":0,"height":0},"classes":[]},{"id":1463019,"url":"https:\/\/noticiasya.com\/midland-odessa\/2025\/05\/30\/desde-buenos-aires-hasta-nueva-york-la-travesia-de-alejandro-carcano-contra-el-parkinson\/","url_meta":{"origin":1469120,"position":1},"title":"Desde Buenos Aires hasta Nueva York: la traves\u00eda de Alejandro Carca\u00f1o contra el Parkinson","author":"","date":"mayo 30, 2025","format":false,"excerpt":"(CNN Radio Argentina) \u2013 El ciclista argentino Alejandro Carca\u00f1o, que convive con el Parkinson desde hace nueve a\u00f1os, habl\u00f3 este viernes con Regreso CNN, el programa de Mariana Arias y Pepe Gil Vidal. Comparti\u00f3 su historia de superaci\u00f3n y el desaf\u00edo que est\u00e1 por emprender: una traves\u00eda en bicicleta de\u2026","rel":"","context":"In &quot;Noticias Nacionales&quot;","block_context":{"text":"Noticias Nacionales","link":"https:\/\/noticiasya.com\/midland-odessa\/categoria\/noticias-nacionales"},"img":{"alt_text":"","src":"","width":0,"height":0},"classes":[]},{"id":1459103,"url":"https:\/\/noticiasya.com\/midland-odessa\/2025\/02\/23\/mariela-chironachi-la-hipertension-es-una-de-las-principales-causas-que-produce-deterioro-cognitivo\/","url_meta":{"origin":1469120,"position":2},"title":"Mariela Chironachi: &#171;La hipertensi\u00f3n es una de las principales causas que produce deterioro cognitivo&#187;","author":"","date":"febrero 23, 2025","format":false,"excerpt":"Mariela Chironachi, doctora en bioqu\u00edmica, integrante del Instituto de Qu\u00edmica y F\u00edsicoqu\u00edmica Biol\u00f3gicas Alejandro Palladini, de la UBA y el CONICET habl\u00f3 este domingo con CNN Radio sobre la hipertensi\u00f3n y su relaci\u00f3n con el Alzheimer.En Mundo UBA con Ricardo Bragisnki indic\u00f3: \u201cLa hipertensi\u00f3n es una de las principales causas\u2026","rel":"","context":"In &quot;Noticias Nacionales&quot;","block_context":{"text":"Noticias Nacionales","link":"https:\/\/noticiasya.com\/midland-odessa\/categoria\/noticias-nacionales"},"img":{"alt_text":"","src":"","width":0,"height":0},"classes":[]},{"id":1468286,"url":"https:\/\/noticiasya.com\/midland-odessa\/2025\/11\/13\/hospitalizan-lider-derechos-civiles-jesse-jackson-trax\/","url_meta":{"origin":1469120,"position":3},"title":"Hospitalizan al l\u00edder de los derechos civiles Jesse Jackson, de 84 a\u00f1os","author":"","date":"noviembre 13, 2025","format":false,"excerpt":"El l\u00edder de los derechos civiles, el reverendo Jesse Jackson, ha sido hospitalizado, seg\u00fan un comunicado obtenido por CNN.Jackson, de 84 a\u00f1os, un protegido del reverendo Martin Luther King Jr., est\u00e1 bajo observaci\u00f3n por par\u00e1lisis supranuclear progresiva (PSP), dijo la Coalici\u00f3n Rainbow PUSH el mi\u00e9rcoles por la noche.\u201cHa estado controlando\u2026","rel":"","context":"In &quot;Noticias Nacionales&quot;","block_context":{"text":"Noticias Nacionales","link":"https:\/\/noticiasya.com\/midland-odessa\/categoria\/noticias-nacionales"},"img":{"alt_text":"","src":"","width":0,"height":0},"classes":[]},{"id":1464270,"url":"https:\/\/noticiasya.com\/midland-odessa\/2025\/07\/06\/ozzy-osbourne-despedida-black-sabbath-concierto-trax\/","url_meta":{"origin":1469120,"position":4},"title":"Ozzy Osbourne se reuni\u00f3 con los miembros originales de Black Sabbath en su concierto de despedida","author":"","date":"julio 6, 2025","format":false,"excerpt":"Ozzy Osbourne se despidi\u00f3 de los escenarios tras ofrecer lo que se anunci\u00f3 como su \u00faltimo concierto con los miembros originales de Black Sabbath.Osbourne, junto con el bajista original de Black Sabbath, Geezer Butler, el baterista Bill Ward y el guitarrista Tony Iommi, aparecieron juntos en el escenario por primera\u2026","rel":"","context":"In &quot;Noticias Nacionales&quot;","block_context":{"text":"Noticias Nacionales","link":"https:\/\/noticiasya.com\/midland-odessa\/categoria\/noticias-nacionales"},"img":{"alt_text":"","src":"","width":0,"height":0},"classes":[]},{"id":1455626,"url":"https:\/\/noticiasya.com\/midland-odessa\/2024\/11\/06\/un-estudio-amplia-la-ciencia-sobre-el-vinculo-entre-el-sueno-y-la-demencia-trax\/","url_meta":{"origin":1469120,"position":5},"title":"Un estudio ampl\u00eda la ciencia sobre el v\u00ednculo entre el sue\u00f1o y la demencia","author":"","date":"noviembre 6, 2024","format":false,"excerpt":"(CNN) -- Si usted se siente somnoliento durante sus actividades diarias a una edad avanzada, es posible que deba considerarlo m\u00e1s que un inconveniente, ya que la fatiga puede indicar que tiene un mayor riesgo de desarrollar una afecci\u00f3n que puede conducir a la demencia, seg\u00fan descubri\u00f3 un nuevo estudio.Entre\u2026","rel":"","context":"In &quot;Noticias Nacionales&quot;","block_context":{"text":"Noticias Nacionales","link":"https:\/\/noticiasya.com\/midland-odessa\/categoria\/noticias-nacionales"},"img":{"alt_text":"","src":"","width":0,"height":0},"classes":[]}],"jetpack_sharing_enabled":true,"_links":{"self":[{"href":"https:\/\/noticiasya.com\/midland-odessa\/wp-json\/wp\/v2\/posts\/1469120","targetHints":{"allow":["GET"]}}],"collection":[{"href":"https:\/\/noticiasya.com\/midland-odessa\/wp-json\/wp\/v2\/posts"}],"about":[{"href":"https:\/\/noticiasya.com\/midland-odessa\/wp-json\/wp\/v2\/types\/post"}],"replies":[{"embeddable":true,"href":"https:\/\/noticiasya.com\/midland-odessa\/wp-json\/wp\/v2\/comments?post=1469120"}],"version-history":[{"count":0,"href":"https:\/\/noticiasya.com\/midland-odessa\/wp-json\/wp\/v2\/posts\/1469120\/revisions"}],"wp:attachment":[{"href":"https:\/\/noticiasya.com\/midland-odessa\/wp-json\/wp\/v2\/media?parent=1469120"}],"wp:term":[{"taxonomy":"category","embeddable":true,"href":"https:\/\/noticiasya.com\/midland-odessa\/wp-json\/wp\/v2\/categories?post=1469120"},{"taxonomy":"post_tag","embeddable":true,"href":"https:\/\/noticiasya.com\/midland-odessa\/wp-json\/wp\/v2\/tags?post=1469120"}],"curies":[{"name":"wp","href":"https:\/\/api.w.org\/{rel}","templated":true}]}}