{"id":1469123,"date":"2025-12-09T15:03:52","date_gmt":"2025-12-09T23:03:52","guid":{"rendered":"https:\/\/noticiasya.com\/2025\/12\/09\/padres-fuera-australia-prohibicion-redes-sociales-trax\/"},"modified":"2025-12-09T15:03:52","modified_gmt":"2025-12-09T23:03:52","slug":"padres-fuera-australia-prohibicion-redes-sociales-trax","status":"publish","type":"post","link":"https:\/\/noticiasya.com\/midland-odessa\/2025\/12\/09\/padres-fuera-australia-prohibicion-redes-sociales-trax\/","title":{"rendered":"\u00bfDeber\u00edan los padres fuera de Australia adoptar una prohibici\u00f3n de redes sociales? Nuestros hijos podr\u00edan estar agradecidos"},"content":{"rendered":"<p>El mi\u00e9rcoles 10 de diciembre, los ni\u00f1os australianos se despertaron en un mundo que antes era inconcebible: <a href=\"https:\/\/www.cnn.com\/2025\/12\/09\/australia\/australia-social-media-ban-starts-intl-hnk\">ya no tienen redes sociales<\/a>. El pa\u00eds fue el primero en prohibir las aplicaciones sociales para menores de 16 a\u00f1os. La prohibici\u00f3n afecta a 10 plataformas, entre ellas TikTok, Instagram, YouTube, Snapchat, Facebook, X y Reddit.<\/p>\n<p>Si los padres fuera de Australia adoptaran las mismas reglas, nuestros hijos nos lo agradecer\u00e1n m\u00e1s tarde.<\/p>\n<p>Esto se debe a que las redes sociales parecen estar perjudicando la salud y la felicidad de nuestros hijos. Recientemente, me un\u00ed a destacados investigadores de todo el mundo para redactar una <a href=\"https:\/\/osf.io\/preprints\/psyarxiv\/b94dy_v1\">declaraci\u00f3n de consenso<\/a> sobre los efectos que sabemos que las redes sociales y los tel\u00e9fonos inteligentes tienen en los ni\u00f1os. Coincidimos de forma abrumadora en que las investigaciones cient\u00edficas muestran que, en los \u00faltimos 20 a\u00f1os, a medida que se generalizaron, la salud mental de los adolescentes se deterior\u00f3.<\/p>\n<p>Adem\u00e1s, los tel\u00e9fonos y las aplicaciones de redes sociales pueden interferir con el sue\u00f1o de los ni\u00f1os y se correlacionan con adicciones y problemas de atenci\u00f3n. En el caso de las ni\u00f1as, pueden estar vinculados al perfeccionismo, la insatisfacci\u00f3n corporal y el riesgo de depredadores y acoso sexual.<\/p>\n<p>Sabiendo esto, \u00bfpor qu\u00e9 los padres siquiera considerar\u00edan dejar que nuestros hijos usen las redes sociales? Tengo varias razones por las que deber\u00edan criar a sus hijos como lo hacen los australianos.<\/p>\n<p>Muchos padres piensan que sus hijos quieren pasar todo el tiempo en las redes sociales y por eso es tan dif\u00edcil quit\u00e1rselo.<\/p>\n<p>Pero la verdad es esta: muchos adolescentes <a href=\"https:\/\/www.cnn.com\/2025\/09\/17\/health\/video\/log-off-movement-social-media-gen-z-wellness-digvid\">reconocen que las redes sociales son perjudiciales<\/a>. La raz\u00f3n por la que no pueden decidir no usarlas es porque temen perder oportunidades sociales, ya que muchos j\u00f3venes mantienen sus amistades en estas plataformas. Si todos los padres tomaran la misma decisi\u00f3n de no dejar que nuestros hijos usen las redes sociales, les solucionar\u00edamos el problema. Incluso si solo algunos padres restringieran el uso de sus hijos, ser\u00eda suficiente para obligarlos a buscar otras formas de comunicarse.<\/p>\n<p>Cuando hablo con padres y profesores sobre esto, me gusta empezar coment\u00e1ndoles un <a href=\"https:\/\/www.nber.org\/system\/files\/working_papers\/w31771\/w31771.pdf\">estudio<\/a> de 2023 en el que se pregunt\u00f3 a estudiantes universitarios cu\u00e1nto dinero tendr\u00edan que pagarles los investigadores para desactivar sus cuentas de redes sociales durante un mes. Mi p\u00fablico suele suponer que los estudiantes exigieron decenas de miles de d\u00f3lares.<\/p>\n<p>En realidad, la cantidad promedio que quer\u00edan era US$ 50, y la mediana, US$ 30, era incluso menor.<\/p>\n<p>Luego, los investigadores preguntaron a los estudiantes cu\u00e1nto tendr\u00edan que pagarles para desactivar sus cuentas si sus compa\u00f1eros hicieran lo mismo. Ning\u00fan miembro de mi audiencia ha adivinado el resultado correctamente: <em>los estudiantes estaban dispuestos a pagarles a los investigadores para que esto sucediera.<\/em><\/p>\n<p>En situaciones como esta, nuestra labor como padres es intervenir y ayudar a nuestros hijos. Si todos los padres les dijeran a sus hijos que no pueden usar las redes sociales hasta los 16 a\u00f1os, ninguno de ellos se enfrentar\u00eda al dilema de perder oportunidades sociales.<\/p>\n<p>Aunque solo algunos de sus amigos no tengan redes sociales, no ser\u00e1n unos parias. As\u00ed que <a href=\"https:\/\/www.cnn.com\/2025\/07\/21\/health\/smartphones-not-safe-preteens-wellness\">habla con los padres de los amigos de tus hijos<\/a> y an\u00edmalos a hacer lo mismo.<\/p>\n<p>En lugar de ver fotos de las fiestas a las que no fueron invitados en Instagram, podr\u00edan escribirles a sus amigos desde sus tel\u00e9fonos plegables para hacer planes, o llamar y chatear. <strong><\/strong>Los grupos de chat con conocidos son una buena alternativa a las conversaciones en redes sociales. <strong><\/strong>En lugar de seguir las versiones filtradas de la vida de los dem\u00e1s, podr\u00edan reunirse en persona y hablar de c\u00f3mo les va.<\/p>\n<p>Eliminar las redes sociales no solo mejorar\u00eda las relaciones de nuestros hijos. Podr\u00eda ayudarlos a vivir el momento presente, para que se sientan c\u00f3modos con sus emociones y presten atenci\u00f3n a su entorno <a href=\"https:\/\/www.cnn.com\/2025\/06\/18\/health\/kids-screen-addiction-study-wellness\">en lugar de recurrir a una pantalla <\/a>cada vez que tengan un pensamiento inc\u00f3modo o un segundo libre. Podr\u00eda darles m\u00e1s tiempo para realizar actividades f\u00edsicas, lo que podr\u00eda reducir su <a href=\"https:\/\/www.cnn.com\/2025\/12\/01\/health\/smartphones-for-kids-parents-tips-wellness\">riesgo de obesidad<\/a>. Y podr\u00eda ayudarlos a dormir mejor. Es probable que todo esto mejore su salud f\u00edsica y mental.<\/p>\n<p>Eso no significa que sus hijos vayan a estar encantados con el anuncio de esta decisi\u00f3n. Si los padres proh\u00edben el uso de las redes sociales sin contar con un mandato gubernamental similar al australiano, es probable que genere quejas a corto plazo. Tus hijos probablemente se preocupar\u00e1n por las repercusiones sociales. Lidiar con estas preocupaciones es, lamentablemente, parte de nuestra labor como padres.<\/p>\n<p>Cuando nuestros hijos eran peque\u00f1os, muchos los llev\u00e1bamos a vacunarse, aunque lloraban despu\u00e9s. Tampoco les dej\u00e1bamos cenar helado ni galletas, aunque les apetec\u00eda much\u00edsimo.<\/p>\n<p>Nuestra responsabilidad aqu\u00ed no es diferente. Aunque haga infelices a nuestros hijos a corto plazo, las pol\u00edticas al estilo australiano probablemente los har\u00e1n mucho m\u00e1s felices y saludables a largo plazo, y es probable que sus protestas terminen mucho antes de lo que imaginamos.<\/p>\n<p>The-CNN-Wire<br \/>&trade; &amp; &copy; 2025 Cable News Network, Inc., a Warner Bros. Discovery Company. All rights reserved.<\/p>\n","protected":false},"excerpt":{"rendered":"<p>El mi\u00e9rcoles 10 de diciembre, los ni\u00f1os australianos se despertaron en un mundo que antes era inconcebible: ya no tienen redes sociales. El pa\u00eds fue el primero en prohibir las aplicaciones sociales para menores de 16 a\u00f1os. La prohibici\u00f3n afecta a 10 plataformas, entre ellas TikTok, Instagram, YouTube, Snapchat, Facebook, X y Reddit. Si los [&hellip;]<\/p>\n","protected":false},"author":0,"featured_media":0,"comment_status":"open","ping_status":"open","sticky":false,"template":"","format":"standard","meta":{"_jetpack_memberships_contains_paid_content":false,"footnotes":""},"categories":[10],"tags":[],"class_list":["post-1469123","post","type-post","status-publish","format-standard","hentry","category-noticias-nacionales","market-global"],"yoast_head":"<!-- This site is optimized with the Yoast SEO plugin v24.4 - https:\/\/yoast.com\/wordpress\/plugins\/seo\/ -->\n<title>\u00bfDeber\u00edan los padres fuera de Australia adoptar una prohibici\u00f3n de redes sociales? Nuestros hijos podr\u00edan estar agradecidos - Noticias<\/title>\n<meta name=\"robots\" content=\"index, follow, max-snippet:-1, max-image-preview:large, max-video-preview:-1\" \/>\n<link rel=\"canonical\" href=\"https:\/\/noticiasya.com\/2025\/12\/09\/padres-fuera-australia-prohibicion-redes-sociales-trax\/\" \/>\n<meta property=\"og:locale\" content=\"es_ES\" \/>\n<meta property=\"og:type\" content=\"article\" \/>\n<meta property=\"og:title\" content=\"\u00bfDeber\u00edan los padres fuera de Australia adoptar una prohibici\u00f3n de redes sociales? Nuestros hijos podr\u00edan estar agradecidos - Noticias\" \/>\n<meta property=\"og:description\" content=\"El mi\u00e9rcoles 10 de diciembre, los ni\u00f1os australianos se despertaron en un mundo que antes era inconcebible: ya no tienen redes sociales. El pa\u00eds fue el primero en prohibir las aplicaciones sociales para menores de 16 a\u00f1os. La prohibici\u00f3n afecta a 10 plataformas, entre ellas TikTok, Instagram, YouTube, Snapchat, Facebook, X y Reddit. Si los [&hellip;]\" \/>\n<meta property=\"og:url\" content=\"https:\/\/noticiasya.com\/2025\/12\/09\/padres-fuera-australia-prohibicion-redes-sociales-trax\/\" \/>\n<meta property=\"og:site_name\" content=\"Noticias\" \/>\n<meta property=\"article:published_time\" content=\"2025-12-09T23:03:52+00:00\" \/>\n<meta name=\"twitter:card\" content=\"summary_large_image\" \/>\n<meta name=\"twitter:label1\" content=\"Est. reading time\" \/>\n\t<meta name=\"twitter:data1\" content=\"4 minutos\" \/>\n<script type=\"application\/ld+json\" class=\"yoast-schema-graph\">{\"@context\":\"https:\/\/schema.org\",\"@graph\":[{\"@type\":\"Article\",\"@id\":\"https:\/\/noticiasya.com\/2025\/12\/09\/padres-fuera-australia-prohibicion-redes-sociales-trax\/#article\",\"isPartOf\":{\"@id\":\"https:\/\/noticiasya.com\/2025\/12\/09\/padres-fuera-australia-prohibicion-redes-sociales-trax\/\"},\"author\":{\"name\":\"\",\"@id\":\"\"},\"headline\":\"\u00bfDeber\u00edan los padres fuera de Australia adoptar una prohibici\u00f3n de redes sociales? Nuestros hijos podr\u00edan estar agradecidos\",\"datePublished\":\"2025-12-09T23:03:52+00:00\",\"mainEntityOfPage\":{\"@id\":\"https:\/\/noticiasya.com\/2025\/12\/09\/padres-fuera-australia-prohibicion-redes-sociales-trax\/\"},\"wordCount\":915,\"commentCount\":0,\"publisher\":{\"@id\":\"https:\/\/noticiasya.com\/#organization\"},\"articleSection\":[\"Noticias Nacionales\"],\"inLanguage\":\"es\",\"potentialAction\":[{\"@type\":\"CommentAction\",\"name\":\"Comment\",\"target\":[\"https:\/\/noticiasya.com\/2025\/12\/09\/padres-fuera-australia-prohibicion-redes-sociales-trax\/#respond\"]}]},{\"@type\":\"WebPage\",\"@id\":\"https:\/\/noticiasya.com\/2025\/12\/09\/padres-fuera-australia-prohibicion-redes-sociales-trax\/\",\"url\":\"https:\/\/noticiasya.com\/2025\/12\/09\/padres-fuera-australia-prohibicion-redes-sociales-trax\/\",\"name\":\"\u00bfDeber\u00edan los padres fuera de Australia adoptar una prohibici\u00f3n de redes sociales? Nuestros hijos podr\u00edan estar agradecidos - Noticias\",\"isPartOf\":{\"@id\":\"https:\/\/noticiasya.com\/#website\"},\"datePublished\":\"2025-12-09T23:03:52+00:00\",\"breadcrumb\":{\"@id\":\"https:\/\/noticiasya.com\/2025\/12\/09\/padres-fuera-australia-prohibicion-redes-sociales-trax\/#breadcrumb\"},\"inLanguage\":\"es\",\"potentialAction\":[{\"@type\":\"ReadAction\",\"target\":[\"https:\/\/noticiasya.com\/2025\/12\/09\/padres-fuera-australia-prohibicion-redes-sociales-trax\/\"]}]},{\"@type\":\"BreadcrumbList\",\"@id\":\"https:\/\/noticiasya.com\/2025\/12\/09\/padres-fuera-australia-prohibicion-redes-sociales-trax\/#breadcrumb\",\"itemListElement\":[{\"@type\":\"ListItem\",\"position\":1,\"name\":\"Home\",\"item\":\"https:\/\/noticiasya.com\/\"},{\"@type\":\"ListItem\",\"position\":2,\"name\":\"\u00bfDeber\u00edan los padres fuera de Australia adoptar una prohibici\u00f3n de redes sociales? Nuestros hijos podr\u00edan estar agradecidos\"}]},{\"@type\":\"WebSite\",\"@id\":\"https:\/\/noticiasya.com\/#website\",\"url\":\"https:\/\/noticiasya.com\/\",\"name\":\"Noticias\",\"description\":\"Lo que importa\",\"publisher\":{\"@id\":\"https:\/\/noticiasya.com\/#organization\"},\"potentialAction\":[{\"@type\":\"SearchAction\",\"target\":{\"@type\":\"EntryPoint\",\"urlTemplate\":\"https:\/\/noticiasya.com\/?s={search_term_string}\"},\"query-input\":{\"@type\":\"PropertyValueSpecification\",\"valueRequired\":true,\"valueName\":\"search_term_string\"}}],\"inLanguage\":\"es\"},{\"@type\":\"Organization\",\"@id\":\"https:\/\/noticiasya.com\/#organization\",\"name\":\"Noticias\",\"url\":\"https:\/\/noticiasya.com\/\",\"logo\":{\"@type\":\"ImageObject\",\"inLanguage\":\"es\",\"@id\":\"https:\/\/noticiasya.com\/#\/schema\/logo\/image\/\",\"url\":\"https:\/\/noticiasya.com\/wp-content\/uploads\/sites\/22\/2023\/12\/logo-nacional.png\",\"contentUrl\":\"https:\/\/noticiasya.com\/wp-content\/uploads\/sites\/22\/2023\/12\/logo-nacional.png\",\"width\":1801,\"height\":691,\"caption\":\"Noticias\"},\"image\":{\"@id\":\"https:\/\/noticiasya.com\/#\/schema\/logo\/image\/\"}}]}<\/script>\n<!-- \/ Yoast SEO plugin. -->","yoast_head_json":{"title":"\u00bfDeber\u00edan los padres fuera de Australia adoptar una prohibici\u00f3n de redes sociales? Nuestros hijos podr\u00edan estar agradecidos - Noticias","robots":{"index":"index","follow":"follow","max-snippet":"max-snippet:-1","max-image-preview":"max-image-preview:large","max-video-preview":"max-video-preview:-1"},"canonical":"https:\/\/noticiasya.com\/2025\/12\/09\/padres-fuera-australia-prohibicion-redes-sociales-trax\/","og_locale":"es_ES","og_type":"article","og_title":"\u00bfDeber\u00edan los padres fuera de Australia adoptar una prohibici\u00f3n de redes sociales? Nuestros hijos podr\u00edan estar agradecidos - Noticias","og_description":"El mi\u00e9rcoles 10 de diciembre, los ni\u00f1os australianos se despertaron en un mundo que antes era inconcebible: ya no tienen redes sociales. El pa\u00eds fue el primero en prohibir las aplicaciones sociales para menores de 16 a\u00f1os. La prohibici\u00f3n afecta a 10 plataformas, entre ellas TikTok, Instagram, YouTube, Snapchat, Facebook, X y Reddit. Si los [&hellip;]","og_url":"https:\/\/noticiasya.com\/2025\/12\/09\/padres-fuera-australia-prohibicion-redes-sociales-trax\/","og_site_name":"Noticias","article_published_time":"2025-12-09T23:03:52+00:00","twitter_card":"summary_large_image","twitter_misc":{"Est. reading time":"4 minutos"},"schema":{"@context":"https:\/\/schema.org","@graph":[{"@type":"Article","@id":"https:\/\/noticiasya.com\/2025\/12\/09\/padres-fuera-australia-prohibicion-redes-sociales-trax\/#article","isPartOf":{"@id":"https:\/\/noticiasya.com\/2025\/12\/09\/padres-fuera-australia-prohibicion-redes-sociales-trax\/"},"author":{"name":"","@id":""},"headline":"\u00bfDeber\u00edan los padres fuera de Australia adoptar una prohibici\u00f3n de redes sociales? Nuestros hijos podr\u00edan estar agradecidos","datePublished":"2025-12-09T23:03:52+00:00","mainEntityOfPage":{"@id":"https:\/\/noticiasya.com\/2025\/12\/09\/padres-fuera-australia-prohibicion-redes-sociales-trax\/"},"wordCount":915,"commentCount":0,"publisher":{"@id":"https:\/\/noticiasya.com\/#organization"},"articleSection":["Noticias Nacionales"],"inLanguage":"es","potentialAction":[{"@type":"CommentAction","name":"Comment","target":["https:\/\/noticiasya.com\/2025\/12\/09\/padres-fuera-australia-prohibicion-redes-sociales-trax\/#respond"]}]},{"@type":"WebPage","@id":"https:\/\/noticiasya.com\/2025\/12\/09\/padres-fuera-australia-prohibicion-redes-sociales-trax\/","url":"https:\/\/noticiasya.com\/2025\/12\/09\/padres-fuera-australia-prohibicion-redes-sociales-trax\/","name":"\u00bfDeber\u00edan los padres fuera de Australia adoptar una prohibici\u00f3n de redes sociales? Nuestros hijos podr\u00edan estar agradecidos - Noticias","isPartOf":{"@id":"https:\/\/noticiasya.com\/#website"},"datePublished":"2025-12-09T23:03:52+00:00","breadcrumb":{"@id":"https:\/\/noticiasya.com\/2025\/12\/09\/padres-fuera-australia-prohibicion-redes-sociales-trax\/#breadcrumb"},"inLanguage":"es","potentialAction":[{"@type":"ReadAction","target":["https:\/\/noticiasya.com\/2025\/12\/09\/padres-fuera-australia-prohibicion-redes-sociales-trax\/"]}]},{"@type":"BreadcrumbList","@id":"https:\/\/noticiasya.com\/2025\/12\/09\/padres-fuera-australia-prohibicion-redes-sociales-trax\/#breadcrumb","itemListElement":[{"@type":"ListItem","position":1,"name":"Home","item":"https:\/\/noticiasya.com\/"},{"@type":"ListItem","position":2,"name":"\u00bfDeber\u00edan los padres fuera de Australia adoptar una prohibici\u00f3n de redes sociales? Nuestros hijos podr\u00edan estar agradecidos"}]},{"@type":"WebSite","@id":"https:\/\/noticiasya.com\/#website","url":"https:\/\/noticiasya.com\/","name":"Noticias","description":"Lo que importa","publisher":{"@id":"https:\/\/noticiasya.com\/#organization"},"potentialAction":[{"@type":"SearchAction","target":{"@type":"EntryPoint","urlTemplate":"https:\/\/noticiasya.com\/?s={search_term_string}"},"query-input":{"@type":"PropertyValueSpecification","valueRequired":true,"valueName":"search_term_string"}}],"inLanguage":"es"},{"@type":"Organization","@id":"https:\/\/noticiasya.com\/#organization","name":"Noticias","url":"https:\/\/noticiasya.com\/","logo":{"@type":"ImageObject","inLanguage":"es","@id":"https:\/\/noticiasya.com\/#\/schema\/logo\/image\/","url":"https:\/\/noticiasya.com\/wp-content\/uploads\/sites\/22\/2023\/12\/logo-nacional.png","contentUrl":"https:\/\/noticiasya.com\/wp-content\/uploads\/sites\/22\/2023\/12\/logo-nacional.png","width":1801,"height":691,"caption":"Noticias"},"image":{"@id":"https:\/\/noticiasya.com\/#\/schema\/logo\/image\/"}}]}},"parsely":{"version":"1.1.0","canonical_url":"https:\/\/noticiasya.com\/midland-odessa\/2025\/12\/09\/padres-fuera-australia-prohibicion-redes-sociales-trax\/","smart_links":{"inbound":0,"outbound":0},"traffic_boost_suggestions_count":0,"meta":{"@context":"https:\/\/schema.org","@type":"NewsArticle","headline":"\u00bfDeber\u00edan los padres fuera de Australia adoptar una prohibici\u00f3n de redes sociales? Nuestros hijos podr\u00edan estar agradecidos","url":"http:\/\/noticiasya.com\/midland-odessa\/2025\/12\/09\/padres-fuera-australia-prohibicion-redes-sociales-trax\/","mainEntityOfPage":{"@type":"WebPage","@id":"http:\/\/noticiasya.com\/midland-odessa\/2025\/12\/09\/padres-fuera-australia-prohibicion-redes-sociales-trax\/"},"thumbnailUrl":"","image":{"@type":"ImageObject","url":""},"articleSection":"Noticias Nacionales","author":[],"creator":[],"publisher":{"@type":"Organization","name":"Noticias","logo":""},"keywords":[],"dateCreated":"2025-12-09T23:03:52Z","datePublished":"2025-12-09T23:03:52Z","dateModified":"2025-12-09T23:03:52Z"},"rendered":"<script type=\"application\/ld+json\" class=\"wp-parsely-metadata\">{\"@context\":\"https:\\\/\\\/schema.org\",\"@type\":\"NewsArticle\",\"headline\":\"\\u00bfDeber\\u00edan los padres fuera de Australia adoptar una prohibici\\u00f3n de redes sociales? Nuestros hijos podr\\u00edan estar agradecidos\",\"url\":\"http:\\\/\\\/noticiasya.com\\\/midland-odessa\\\/2025\\\/12\\\/09\\\/padres-fuera-australia-prohibicion-redes-sociales-trax\\\/\",\"mainEntityOfPage\":{\"@type\":\"WebPage\",\"@id\":\"http:\\\/\\\/noticiasya.com\\\/midland-odessa\\\/2025\\\/12\\\/09\\\/padres-fuera-australia-prohibicion-redes-sociales-trax\\\/\"},\"thumbnailUrl\":\"\",\"image\":{\"@type\":\"ImageObject\",\"url\":\"\"},\"articleSection\":\"Noticias Nacionales\",\"author\":[],\"creator\":[],\"publisher\":{\"@type\":\"Organization\",\"name\":\"Noticias\",\"logo\":\"\"},\"keywords\":[],\"dateCreated\":\"2025-12-09T23:03:52Z\",\"datePublished\":\"2025-12-09T23:03:52Z\",\"dateModified\":\"2025-12-09T23:03:52Z\"}<\/script>","tracker_url":"https:\/\/cdn.parsely.com\/keys\/noticiasya.com\/p.js"},"jetpack_featured_media_url":"","jetpack-related-posts":[{"id":1456858,"url":"https:\/\/noticiasya.com\/midland-odessa\/2024\/12\/22\/albania-prohibe-tiktok-asesinato-adolescente-reux\/","url_meta":{"origin":1469123,"position":0},"title":"Albania proh\u00edbe TikTok por un a\u00f1o tras el asesinato de un adolescente","author":"","date":"diciembre 22, 2024","format":false,"excerpt":"Albania anunci\u00f3 el s\u00e1bado una prohibici\u00f3n de un a\u00f1o de TikTok, la popular aplicaci\u00f3n de videos cortos, tras el asesinato de un adolescente el mes pasado, que suscit\u00f3 temores sobre la influencia de las redes sociales en los ni\u00f1os.La prohibici\u00f3n, que forma parte de un plan m\u00e1s amplio para hacer\u2026","rel":"","context":"In &quot;Noticias Nacionales&quot;","block_context":{"text":"Noticias Nacionales","link":"https:\/\/noticiasya.com\/midland-odessa\/categoria\/noticias-nacionales"},"img":{"alt_text":"","src":"","width":0,"height":0},"classes":[]},{"id":1455986,"url":"https:\/\/noticiasya.com\/midland-odessa\/2024\/11\/20\/australia-ley-limitar-uso-redes-sociales-menores-16-trax\/","url_meta":{"origin":1469123,"position":1},"title":"Australia presenta proyecto de ley para limitar el uso de redes sociales en menores de 16 a\u00f1os. Las empresas tecnol\u00f3gicas se enfrentan a enormes multas","author":"","date":"noviembre 20, 2024","format":false,"excerpt":"Brisbane, Australia (CNN) \u2013\u2013 El Gobierno de Australia amenaza con multas multimillonarias para las empresas de redes sociales que violen una propuesta de prohibici\u00f3n de que los ni\u00f1os menores de 16 a\u00f1os usen sus servicios.La ministra de Comunicaciones, Michelle Rowland, present\u00f3 este jueves en el Parlamento una enmienda a la\u2026","rel":"","context":"In &quot;Noticias Nacionales&quot;","block_context":{"text":"Noticias Nacionales","link":"https:\/\/noticiasya.com\/midland-odessa\/categoria\/noticias-nacionales"},"img":{"alt_text":"","src":"","width":0,"height":0},"classes":[]},{"id":1469134,"url":"https:\/\/noticiasya.com\/midland-odessa\/2025\/12\/10\/australia-ansiedad-adolescentes-redes-sociales-trax\/","url_meta":{"origin":1469123,"position":2},"title":"Australia acaba de aliviar su ansiedad por los adolescentes en las redes sociales\u2026 \u00bfo no?","author":"","date":"diciembre 10, 2025","format":false,"excerpt":"Para los padres y activistas que han argumentado durante mucho tiempo que la navegaci\u00f3n vertical incesante est\u00e1 da\u00f1ando las mentes j\u00f3venes, el inicio de la primera prohibici\u00f3n de redes sociales del mundo en Australia para menores de 16 a\u00f1os es solo el comienzo.Wayne Holdsworth, el padre de Mac, quien se\u2026","rel":"","context":"In &quot;Noticias Nacionales&quot;","block_context":{"text":"Noticias Nacionales","link":"https:\/\/noticiasya.com\/midland-odessa\/categoria\/noticias-nacionales"},"img":{"alt_text":"","src":"","width":0,"height":0},"classes":[]},{"id":1470486,"url":"https:\/\/noticiasya.com\/midland-odessa\/2026\/01\/26\/macron-francia-prohibicion-redes-sociales-ninos-trax\/","url_meta":{"origin":1469123,"position":3},"title":"&#171;El cerebro de nuestros ni\u00f1os no est\u00e1 en venta&#187;: Macron quiere acelerar prohibici\u00f3n de redes sociales para menores de 15 a\u00f1os","author":"","date":"enero 26, 2026","format":false,"excerpt":"El presidente de Francia, Emmanuel Macron, afirm\u00f3 que quiere que su Gobierno agilice el proceso legal para garantizar que la prohibici\u00f3n del uso de redes sociales para menores de 15 a\u00f1os est\u00e9 vigente antes del inicio del pr\u00f3ximo curso escolar en septiembre.\u201cEl cerebro de nuestros ni\u00f1os y adolescentes no est\u00e1\u2026","rel":"","context":"In &quot;Noticias Nacionales&quot;","block_context":{"text":"Noticias Nacionales","link":"https:\/\/noticiasya.com\/midland-odessa\/categoria\/noticias-nacionales"},"img":{"alt_text":"","src":"","width":0,"height":0},"classes":[]},{"id":1469175,"url":"https:\/\/noticiasya.com\/midland-odessa\/2025\/12\/11\/australia-prohibicion-redes-sociales-ninos-trax\/","url_meta":{"origin":1469123,"position":4},"title":"&#171;\u00bfQu\u00e9 es lo peor que podr\u00eda pasar?&#187; Primer ministro de Australia del Sur, sobre la prohibici\u00f3n de redes sociales a menores","author":"","date":"diciembre 11, 2025","format":false,"excerpt":"El primer ministro de Australia del Sur, Peter Malinauskas, dijo a Jake Tapper de CNN que la primera prohibici\u00f3n de redes sociales del mundo en su pa\u00eds para ni\u00f1os menores de 16 a\u00f1os tiene como objetivo protegerlos de algoritmos adictivos y pregunt\u00f3: \u201c\u00bfQu\u00e9 es lo peor que puede pasar aqu\u00ed\u2026","rel":"","context":"In &quot;Noticias Nacionales&quot;","block_context":{"text":"Noticias Nacionales","link":"https:\/\/noticiasya.com\/midland-odessa\/categoria\/noticias-nacionales"},"img":{"alt_text":"","src":"","width":0,"height":0},"classes":[]},{"id":1461549,"url":"https:\/\/noticiasya.com\/midland-odessa\/2025\/04\/23\/adolescentes-redes-sociales-salud-mental-trax\/","url_meta":{"origin":1469123,"position":5},"title":"Casi la mitad de los adolescentes cree que las redes sociales son malas para la salud mental, dice informe","author":"","date":"abril 23, 2025","format":false,"excerpt":"El impacto de las redes sociales en la salud mental y el bienestar de los j\u00f3venes es un tema que causa, cada vez m\u00e1s, mayor preocupaci\u00f3n entre los padres, los educadores, los profesionales de la salud y los reguladores. Y ahora, casi la mitad de los adolescentes estadounidenses dicen que\u2026","rel":"","context":"In &quot;Noticias Nacionales&quot;","block_context":{"text":"Noticias Nacionales","link":"https:\/\/noticiasya.com\/midland-odessa\/categoria\/noticias-nacionales"},"img":{"alt_text":"","src":"","width":0,"height":0},"classes":[]}],"jetpack_sharing_enabled":true,"_links":{"self":[{"href":"https:\/\/noticiasya.com\/midland-odessa\/wp-json\/wp\/v2\/posts\/1469123","targetHints":{"allow":["GET"]}}],"collection":[{"href":"https:\/\/noticiasya.com\/midland-odessa\/wp-json\/wp\/v2\/posts"}],"about":[{"href":"https:\/\/noticiasya.com\/midland-odessa\/wp-json\/wp\/v2\/types\/post"}],"replies":[{"embeddable":true,"href":"https:\/\/noticiasya.com\/midland-odessa\/wp-json\/wp\/v2\/comments?post=1469123"}],"version-history":[{"count":0,"href":"https:\/\/noticiasya.com\/midland-odessa\/wp-json\/wp\/v2\/posts\/1469123\/revisions"}],"wp:attachment":[{"href":"https:\/\/noticiasya.com\/midland-odessa\/wp-json\/wp\/v2\/media?parent=1469123"}],"wp:term":[{"taxonomy":"category","embeddable":true,"href":"https:\/\/noticiasya.com\/midland-odessa\/wp-json\/wp\/v2\/categories?post=1469123"},{"taxonomy":"post_tag","embeddable":true,"href":"https:\/\/noticiasya.com\/midland-odessa\/wp-json\/wp\/v2\/tags?post=1469123"}],"curies":[{"name":"wp","href":"https:\/\/api.w.org\/{rel}","templated":true}]}}