{"id":1469124,"date":"2025-12-09T15:03:52","date_gmt":"2025-12-09T23:03:52","guid":{"rendered":"https:\/\/noticiasya.com\/2025\/12\/09\/expectativa-corina-machado-oslo-nobel-paz-orox\/"},"modified":"2025-12-09T15:03:52","modified_gmt":"2025-12-09T23:03:52","slug":"expectativa-corina-machado-oslo-nobel-paz-orox","status":"publish","type":"post","link":"https:\/\/noticiasya.com\/midland-odessa\/2025\/12\/09\/expectativa-corina-machado-oslo-nobel-paz-orox\/","title":{"rendered":"&#171;\u00bfHa llegado ya?&#187;: crece la expectativa por Mar\u00eda Corina Machado en la v\u00edspera a la entrega del Nobel de la Paz"},"content":{"rendered":"<p>En el Grand Hotel de Oslo, situado en el centro de la capital de Noruega, la expectativa es constante. El motivo es que este edificio tradicionalmente se convierte en el alojamiento oficial del ganador del premio Nobel de la Paz cuando \u00e9ste llega a la ciudad para recibir el galard\u00f3n. Sin embargo, en la <a href=\"https:\/\/nam11.safelinks.protection.outlook.com\/?url=https%3A%2F%2Fgrand.no%2Fen%2Fcontent%2Fnobel-suite-2&#038;data=05%7C02%7Cgerman.padinger%40cnn.com%7C6eae474431f74aa429c708de376c40b4%7C0eb48825e8714459bc72d0ecd68f1f39%7C0%7C0%7C639009135265560482%7CUnknown%7CTWFpbGZsb3d8eyJFbXB0eU1hcGkiOnRydWUsIlYiOiIwLjAuMDAwMCIsIlAiOiJXaW4zMiIsIkFOIjoiTWFpbCIsIldUIjoyfQ%3D%3D%7C0%7C%7C%7C&#038;sdata=MKWxN4MG2mnBYm34SQowZAKybMdD5EB7p4Ejn%2Fj1CX8%3D&#038;reserved=0\">suite Nobel<\/a>, sigue faltando un hu\u00e9sped: Mar\u00eda Corina Machado, quien recibir\u00e1 el premio el mi\u00e9rcoles.<\/p>\n<p>Pasan las horas y los curiosos se suceden por los aleda\u00f1os del lugar, en la calle Karl Johans, que empieza a lucir vallada. Lo que m\u00e1s les llama la atenci\u00f3n son las c\u00e1maras de televisi\u00f3n, hasta tal punto que, de vez en cuando, algunos se acercan para preguntar por el motivo de tal despliegue.<\/p>\n<p>Karen y Jorge, originales de C\u00facuta, en Colombia, no dudan en hacer lo propio cuando detectan el equipo de CNN. \u201c\u00bfHa llegado ya?\u201d, inquiere Karen. Pero no, la respuesta sigue siendo negativa. La \u00faltima informaci\u00f3n oficial ofrecida este martes es que la l\u00edder opositora venezolana har\u00e1 el esfuerzo por llegar, aunque desde el Instituto Nobel dicen desconocer cu\u00e1ndo y c\u00f3mo lo lograr\u00e1.<\/p>\n<p>\u201cNosotros iremos ma\u00f1ana a ver la ceremonia\u201d, agrega. Y es que esta joven, que lleva siete a\u00f1os viviendo en Noruega, se manifiesta contenta por el hecho de poder seguir este notable acontecimiento desde la pantalla que las autoridades han colocado a escasos metros del ayuntamiento de la ciudad para retransmitir el acto completo.<\/p>\n<p>Dentro del Hotel, la expectativa es parecida. Periodistas y autoridades comparten el mismo lujoso lobby donde unos aguardan la entrada de rostros conocidos con los que alimentar la cr\u00f3nica, mientras que otros toman un caf\u00e9 a la espera de alguna noticia de Machado.<\/p>\n<p>En una de las mesas m\u00e1s cercanas a la barra de la cafeter\u00eda conversan Jos\u00e9 Ra\u00fal Mulino, presidente de Panam\u00e1, e Iv\u00e1n Duque, expresidente de Colombia. Y en alguna que otra ocasi\u00f3n se puede ver a Clara Machado, hermana de la homenajeada; Ana Corina, su hija; y tambi\u00e9n a Corina Parisca, su madre. Pero nadie sabe nada.<\/p>\n<p>De regreso al exterior del hotel, a unos pocos pasos de la puerta y aguantando los cero grados Celsius que castigan al viandante, se oyen dos voces m\u00e1s. La conversaci\u00f3n es la misma. Son Elio y Eduardo, naturales de la regi\u00f3n Oriental de Venezuela pero que llevan cinco y tres a\u00f1os \u2014respectivamente\u2014 viviendo en Arabia Saudita.<\/p>\n<p>A\u00fan a la distancia, se animaron a comprar billetes de avi\u00f3n unas para as\u00ed presenciar la ceremonia en vivo. \u201cSolo estamos aqu\u00ed para la ceremonia, en dos d\u00edas retornamos al trabajo\u201d, detalla. No obstante, agrega que \u201cla ocasi\u00f3n lo amerita\u201d, dado que se presenta como un momento \u00fanico para poder ver en persona a Machado, quien no ha sido vista en p\u00fablico desde las concentraciones que tuvieron lugar en Caracas el pasado 9 de enero.<\/p>\n<p>Una esperanza que se demuestra fuerte tambi\u00e9n entre los otros venezolanos que se dejan ver por el entorno del hotel, quienes depositan en esa ceremonia muchas otras ilusiones. \u201cEsperamos que esto tenga un desenlace positivo para todos los venezolanos\u201d, sintetiza Eduardo.<\/p>\n<p>As\u00ed las cosas, la esperanza y la incertidumbre son las fuerzas que empujan las manillas de sus relojes. Ahora bien, pasen m\u00e1s r\u00e1pidas o lentas, esas horas conducir\u00e1n a la respuesta que todos ellos esperan obtener ma\u00f1ana a la una de la tarde, hora local, cuando inicie la ceremonia de entrega del Nobel de la Paz en el Ayuntamiento de Oslo.<\/p>\n<p>The-CNN-Wire<br \/>&trade; &amp; &copy; 2025 Cable News Network, Inc., a Warner Bros. Discovery Company. All rights reserved.<\/p>\n","protected":false},"excerpt":{"rendered":"<p>En el Grand Hotel de Oslo, situado en el centro de la capital de Noruega, la expectativa es constante. El motivo es que este edificio tradicionalmente se convierte en el alojamiento oficial del ganador del premio Nobel de la Paz cuando \u00e9ste llega a la ciudad para recibir el galard\u00f3n. Sin embargo, en la suite [&hellip;]<\/p>\n","protected":false},"author":0,"featured_media":0,"comment_status":"open","ping_status":"open","sticky":false,"template":"","format":"standard","meta":{"_jetpack_memberships_contains_paid_content":false,"footnotes":""},"categories":[10],"tags":[],"class_list":["post-1469124","post","type-post","status-publish","format-standard","hentry","category-noticias-nacionales","market-global"],"yoast_head":"<!-- This site is optimized with the Yoast SEO plugin v24.4 - https:\/\/yoast.com\/wordpress\/plugins\/seo\/ -->\n<title>&quot;\u00bfHa llegado ya?&quot;: crece la expectativa por Mar\u00eda Corina Machado en la v\u00edspera a la entrega del Nobel de la Paz - Noticias<\/title>\n<meta name=\"robots\" content=\"index, follow, max-snippet:-1, max-image-preview:large, max-video-preview:-1\" \/>\n<link rel=\"canonical\" href=\"https:\/\/noticiasya.com\/2025\/12\/09\/expectativa-corina-machado-oslo-nobel-paz-orox\/\" \/>\n<meta property=\"og:locale\" content=\"es_ES\" \/>\n<meta property=\"og:type\" content=\"article\" \/>\n<meta property=\"og:title\" content=\"&quot;\u00bfHa llegado ya?&quot;: crece la expectativa por Mar\u00eda Corina Machado en la v\u00edspera a la entrega del Nobel de la Paz - Noticias\" \/>\n<meta property=\"og:description\" content=\"En el Grand Hotel de Oslo, situado en el centro de la capital de Noruega, la expectativa es constante. El motivo es que este edificio tradicionalmente se convierte en el alojamiento oficial del ganador del premio Nobel de la Paz cuando \u00e9ste llega a la ciudad para recibir el galard\u00f3n. Sin embargo, en la suite [&hellip;]\" \/>\n<meta property=\"og:url\" content=\"https:\/\/noticiasya.com\/2025\/12\/09\/expectativa-corina-machado-oslo-nobel-paz-orox\/\" \/>\n<meta property=\"og:site_name\" content=\"Noticias\" \/>\n<meta property=\"article:published_time\" content=\"2025-12-09T23:03:52+00:00\" \/>\n<meta name=\"twitter:card\" content=\"summary_large_image\" \/>\n<meta name=\"twitter:label1\" content=\"Est. reading time\" \/>\n\t<meta name=\"twitter:data1\" content=\"3 minutos\" \/>\n<script type=\"application\/ld+json\" class=\"yoast-schema-graph\">{\"@context\":\"https:\/\/schema.org\",\"@graph\":[{\"@type\":\"Article\",\"@id\":\"https:\/\/noticiasya.com\/2025\/12\/09\/expectativa-corina-machado-oslo-nobel-paz-orox\/#article\",\"isPartOf\":{\"@id\":\"https:\/\/noticiasya.com\/2025\/12\/09\/expectativa-corina-machado-oslo-nobel-paz-orox\/\"},\"author\":{\"name\":\"\",\"@id\":\"\"},\"headline\":\"&#171;\u00bfHa llegado ya?&#187;: crece la expectativa por Mar\u00eda Corina Machado en la v\u00edspera a la entrega del Nobel de la Paz\",\"datePublished\":\"2025-12-09T23:03:52+00:00\",\"mainEntityOfPage\":{\"@id\":\"https:\/\/noticiasya.com\/2025\/12\/09\/expectativa-corina-machado-oslo-nobel-paz-orox\/\"},\"wordCount\":646,\"commentCount\":0,\"publisher\":{\"@id\":\"https:\/\/noticiasya.com\/#organization\"},\"articleSection\":[\"Noticias Nacionales\"],\"inLanguage\":\"es\",\"potentialAction\":[{\"@type\":\"CommentAction\",\"name\":\"Comment\",\"target\":[\"https:\/\/noticiasya.com\/2025\/12\/09\/expectativa-corina-machado-oslo-nobel-paz-orox\/#respond\"]}]},{\"@type\":\"WebPage\",\"@id\":\"https:\/\/noticiasya.com\/2025\/12\/09\/expectativa-corina-machado-oslo-nobel-paz-orox\/\",\"url\":\"https:\/\/noticiasya.com\/2025\/12\/09\/expectativa-corina-machado-oslo-nobel-paz-orox\/\",\"name\":\"\\\"\u00bfHa llegado ya?\\\": crece la expectativa por Mar\u00eda Corina Machado en la v\u00edspera a la entrega del Nobel de la Paz - Noticias\",\"isPartOf\":{\"@id\":\"https:\/\/noticiasya.com\/#website\"},\"datePublished\":\"2025-12-09T23:03:52+00:00\",\"breadcrumb\":{\"@id\":\"https:\/\/noticiasya.com\/2025\/12\/09\/expectativa-corina-machado-oslo-nobel-paz-orox\/#breadcrumb\"},\"inLanguage\":\"es\",\"potentialAction\":[{\"@type\":\"ReadAction\",\"target\":[\"https:\/\/noticiasya.com\/2025\/12\/09\/expectativa-corina-machado-oslo-nobel-paz-orox\/\"]}]},{\"@type\":\"BreadcrumbList\",\"@id\":\"https:\/\/noticiasya.com\/2025\/12\/09\/expectativa-corina-machado-oslo-nobel-paz-orox\/#breadcrumb\",\"itemListElement\":[{\"@type\":\"ListItem\",\"position\":1,\"name\":\"Home\",\"item\":\"https:\/\/noticiasya.com\/\"},{\"@type\":\"ListItem\",\"position\":2,\"name\":\"&#171;\u00bfHa llegado ya?&#187;: crece la expectativa por Mar\u00eda Corina Machado en la v\u00edspera a la entrega del Nobel de la Paz\"}]},{\"@type\":\"WebSite\",\"@id\":\"https:\/\/noticiasya.com\/#website\",\"url\":\"https:\/\/noticiasya.com\/\",\"name\":\"Noticias\",\"description\":\"Lo que importa\",\"publisher\":{\"@id\":\"https:\/\/noticiasya.com\/#organization\"},\"potentialAction\":[{\"@type\":\"SearchAction\",\"target\":{\"@type\":\"EntryPoint\",\"urlTemplate\":\"https:\/\/noticiasya.com\/?s={search_term_string}\"},\"query-input\":{\"@type\":\"PropertyValueSpecification\",\"valueRequired\":true,\"valueName\":\"search_term_string\"}}],\"inLanguage\":\"es\"},{\"@type\":\"Organization\",\"@id\":\"https:\/\/noticiasya.com\/#organization\",\"name\":\"Noticias\",\"url\":\"https:\/\/noticiasya.com\/\",\"logo\":{\"@type\":\"ImageObject\",\"inLanguage\":\"es\",\"@id\":\"https:\/\/noticiasya.com\/#\/schema\/logo\/image\/\",\"url\":\"https:\/\/noticiasya.com\/wp-content\/uploads\/sites\/22\/2023\/12\/logo-nacional.png\",\"contentUrl\":\"https:\/\/noticiasya.com\/wp-content\/uploads\/sites\/22\/2023\/12\/logo-nacional.png\",\"width\":1801,\"height\":691,\"caption\":\"Noticias\"},\"image\":{\"@id\":\"https:\/\/noticiasya.com\/#\/schema\/logo\/image\/\"}}]}<\/script>\n<!-- \/ Yoast SEO plugin. -->","yoast_head_json":{"title":"\"\u00bfHa llegado ya?\": crece la expectativa por Mar\u00eda Corina Machado en la v\u00edspera a la entrega del Nobel de la Paz - Noticias","robots":{"index":"index","follow":"follow","max-snippet":"max-snippet:-1","max-image-preview":"max-image-preview:large","max-video-preview":"max-video-preview:-1"},"canonical":"https:\/\/noticiasya.com\/2025\/12\/09\/expectativa-corina-machado-oslo-nobel-paz-orox\/","og_locale":"es_ES","og_type":"article","og_title":"\"\u00bfHa llegado ya?\": crece la expectativa por Mar\u00eda Corina Machado en la v\u00edspera a la entrega del Nobel de la Paz - Noticias","og_description":"En el Grand Hotel de Oslo, situado en el centro de la capital de Noruega, la expectativa es constante. El motivo es que este edificio tradicionalmente se convierte en el alojamiento oficial del ganador del premio Nobel de la Paz cuando \u00e9ste llega a la ciudad para recibir el galard\u00f3n. Sin embargo, en la suite [&hellip;]","og_url":"https:\/\/noticiasya.com\/2025\/12\/09\/expectativa-corina-machado-oslo-nobel-paz-orox\/","og_site_name":"Noticias","article_published_time":"2025-12-09T23:03:52+00:00","twitter_card":"summary_large_image","twitter_misc":{"Est. reading time":"3 minutos"},"schema":{"@context":"https:\/\/schema.org","@graph":[{"@type":"Article","@id":"https:\/\/noticiasya.com\/2025\/12\/09\/expectativa-corina-machado-oslo-nobel-paz-orox\/#article","isPartOf":{"@id":"https:\/\/noticiasya.com\/2025\/12\/09\/expectativa-corina-machado-oslo-nobel-paz-orox\/"},"author":{"name":"","@id":""},"headline":"&#171;\u00bfHa llegado ya?&#187;: crece la expectativa por Mar\u00eda Corina Machado en la v\u00edspera a la entrega del Nobel de la Paz","datePublished":"2025-12-09T23:03:52+00:00","mainEntityOfPage":{"@id":"https:\/\/noticiasya.com\/2025\/12\/09\/expectativa-corina-machado-oslo-nobel-paz-orox\/"},"wordCount":646,"commentCount":0,"publisher":{"@id":"https:\/\/noticiasya.com\/#organization"},"articleSection":["Noticias Nacionales"],"inLanguage":"es","potentialAction":[{"@type":"CommentAction","name":"Comment","target":["https:\/\/noticiasya.com\/2025\/12\/09\/expectativa-corina-machado-oslo-nobel-paz-orox\/#respond"]}]},{"@type":"WebPage","@id":"https:\/\/noticiasya.com\/2025\/12\/09\/expectativa-corina-machado-oslo-nobel-paz-orox\/","url":"https:\/\/noticiasya.com\/2025\/12\/09\/expectativa-corina-machado-oslo-nobel-paz-orox\/","name":"\"\u00bfHa llegado ya?\": crece la expectativa por Mar\u00eda Corina Machado en la v\u00edspera a la entrega del Nobel de la Paz - Noticias","isPartOf":{"@id":"https:\/\/noticiasya.com\/#website"},"datePublished":"2025-12-09T23:03:52+00:00","breadcrumb":{"@id":"https:\/\/noticiasya.com\/2025\/12\/09\/expectativa-corina-machado-oslo-nobel-paz-orox\/#breadcrumb"},"inLanguage":"es","potentialAction":[{"@type":"ReadAction","target":["https:\/\/noticiasya.com\/2025\/12\/09\/expectativa-corina-machado-oslo-nobel-paz-orox\/"]}]},{"@type":"BreadcrumbList","@id":"https:\/\/noticiasya.com\/2025\/12\/09\/expectativa-corina-machado-oslo-nobel-paz-orox\/#breadcrumb","itemListElement":[{"@type":"ListItem","position":1,"name":"Home","item":"https:\/\/noticiasya.com\/"},{"@type":"ListItem","position":2,"name":"&#171;\u00bfHa llegado ya?&#187;: crece la expectativa por Mar\u00eda Corina Machado en la v\u00edspera a la entrega del Nobel de la Paz"}]},{"@type":"WebSite","@id":"https:\/\/noticiasya.com\/#website","url":"https:\/\/noticiasya.com\/","name":"Noticias","description":"Lo que importa","publisher":{"@id":"https:\/\/noticiasya.com\/#organization"},"potentialAction":[{"@type":"SearchAction","target":{"@type":"EntryPoint","urlTemplate":"https:\/\/noticiasya.com\/?s={search_term_string}"},"query-input":{"@type":"PropertyValueSpecification","valueRequired":true,"valueName":"search_term_string"}}],"inLanguage":"es"},{"@type":"Organization","@id":"https:\/\/noticiasya.com\/#organization","name":"Noticias","url":"https:\/\/noticiasya.com\/","logo":{"@type":"ImageObject","inLanguage":"es","@id":"https:\/\/noticiasya.com\/#\/schema\/logo\/image\/","url":"https:\/\/noticiasya.com\/wp-content\/uploads\/sites\/22\/2023\/12\/logo-nacional.png","contentUrl":"https:\/\/noticiasya.com\/wp-content\/uploads\/sites\/22\/2023\/12\/logo-nacional.png","width":1801,"height":691,"caption":"Noticias"},"image":{"@id":"https:\/\/noticiasya.com\/#\/schema\/logo\/image\/"}}]}},"parsely":{"version":"1.1.0","canonical_url":"https:\/\/noticiasya.com\/midland-odessa\/2025\/12\/09\/expectativa-corina-machado-oslo-nobel-paz-orox\/","smart_links":{"inbound":0,"outbound":0},"traffic_boost_suggestions_count":0,"meta":{"@context":"https:\/\/schema.org","@type":"NewsArticle","headline":"&#171;\u00bfHa llegado ya?&#187;: crece la expectativa por Mar\u00eda Corina Machado en la v\u00edspera a la entrega del Nobel de la Paz","url":"http:\/\/noticiasya.com\/midland-odessa\/2025\/12\/09\/expectativa-corina-machado-oslo-nobel-paz-orox\/","mainEntityOfPage":{"@type":"WebPage","@id":"http:\/\/noticiasya.com\/midland-odessa\/2025\/12\/09\/expectativa-corina-machado-oslo-nobel-paz-orox\/"},"thumbnailUrl":"","image":{"@type":"ImageObject","url":""},"articleSection":"Noticias Nacionales","author":[],"creator":[],"publisher":{"@type":"Organization","name":"Noticias","logo":""},"keywords":[],"dateCreated":"2025-12-09T23:03:52Z","datePublished":"2025-12-09T23:03:52Z","dateModified":"2025-12-09T23:03:52Z"},"rendered":"<script type=\"application\/ld+json\" class=\"wp-parsely-metadata\">{\"@context\":\"https:\\\/\\\/schema.org\",\"@type\":\"NewsArticle\",\"headline\":\"&#171;\\u00bfHa llegado ya?&#187;: crece la expectativa por Mar\\u00eda Corina Machado en la v\\u00edspera a la entrega del Nobel de la Paz\",\"url\":\"http:\\\/\\\/noticiasya.com\\\/midland-odessa\\\/2025\\\/12\\\/09\\\/expectativa-corina-machado-oslo-nobel-paz-orox\\\/\",\"mainEntityOfPage\":{\"@type\":\"WebPage\",\"@id\":\"http:\\\/\\\/noticiasya.com\\\/midland-odessa\\\/2025\\\/12\\\/09\\\/expectativa-corina-machado-oslo-nobel-paz-orox\\\/\"},\"thumbnailUrl\":\"\",\"image\":{\"@type\":\"ImageObject\",\"url\":\"\"},\"articleSection\":\"Noticias Nacionales\",\"author\":[],\"creator\":[],\"publisher\":{\"@type\":\"Organization\",\"name\":\"Noticias\",\"logo\":\"\"},\"keywords\":[],\"dateCreated\":\"2025-12-09T23:03:52Z\",\"datePublished\":\"2025-12-09T23:03:52Z\",\"dateModified\":\"2025-12-09T23:03:52Z\"}<\/script>","tracker_url":"https:\/\/cdn.parsely.com\/keys\/noticiasya.com\/p.js"},"jetpack_featured_media_url":"","jetpack-related-posts":[{"id":1467253,"url":"https:\/\/noticiasya.com\/midland-odessa\/2025\/10\/10\/premio-nobel-paz-maria-corina-machado-lider-opositora-venezolana-trax\/","url_meta":{"origin":1469124,"position":0},"title":"Premio Nobel de la Paz para Mar\u00eda Corina Machado, l\u00edder opositora venezolana","author":"","date":"octubre 10, 2025","format":false,"excerpt":"El Premio Nobel de la Paz 2025 fue otorgado a Mar\u00eda Corina Machado por \u201cpromover los derechos democr\u00e1ticos del pueblo de Venezuela\u201d.El Comit\u00e9 Noruego del Nobel afirm\u00f3 que Mar\u00eda Corina Machado hab\u00eda ayudado a \u201cmantener encendida la llama de la democracia frente a una oscuridad creciente\u201d.Al anunciar el premio en\u2026","rel":"","context":"In &quot;Noticias Nacionales&quot;","block_context":{"text":"Noticias Nacionales","link":"https:\/\/noticiasya.com\/midland-odessa\/categoria\/noticias-nacionales"},"img":{"alt_text":"","src":"","width":0,"height":0},"classes":[]},{"id":1469133,"url":"https:\/\/noticiasya.com\/midland-odessa\/2025\/12\/10\/maria-corina-machado-no-estara-ceremonia-entrega-nobel-paz-efe\/","url_meta":{"origin":1469124,"position":1},"title":"Mar\u00eda Corina Machado no estar\u00e1 en la ceremonia de entrega del Nobel de la Paz en Oslo, afirma director del Instituto Nobel","author":"","date":"diciembre 10, 2025","format":false,"excerpt":"Mar\u00eda Corina Machado no estar\u00e1 este mi\u00e9rcoles en Oslo para recoger el premio de la Paz de este a\u00f1o, confirm\u00f3 a la televisi\u00f3n p\u00fablica noruega NRK el director del Instituto Nobel, Kristian Berg Harpviken.\u201cDesgraciadamente todav\u00eda no est\u00e1 en Noruega y tampoco estar\u00e1 en el escenario del Ayuntamiento de Oslo a\u2026","rel":"","context":"In &quot;Noticias Nacionales&quot;","block_context":{"text":"Noticias Nacionales","link":"https:\/\/noticiasya.com\/midland-odessa\/categoria\/noticias-nacionales"},"img":{"alt_text":"","src":"","width":0,"height":0},"classes":[]},{"id":1469033,"url":"https:\/\/noticiasya.com\/midland-odessa\/2025\/12\/06\/venezolanos-paises-marchan-convocatoria-maria-corina-machado-dias-nobel-paz-orix\/","url_meta":{"origin":1469124,"position":2},"title":"Venezolanos en decenas de pa\u00edses marchan tras convocatoria de Mar\u00eda Corina Machado a pocos d\u00edas de recibir el Nobel de la Paz","author":"","date":"diciembre 6, 2025","format":false,"excerpt":"Venezolanos en distintas partes del mundo acudieron este s\u00e1bado a una Marcha \u201cPor la Paz y la Libertad convocada por la l\u00edder opositora Mar\u00eda Corina Machado, galardonada con el Premio Nobel de la Paz 2025, a pocos d\u00edas de que se lleve a cabo la entrega del prestigioso reconocimiento en\u2026","rel":"","context":"In &quot;Noticias Nacionales&quot;","block_context":{"text":"Noticias Nacionales","link":"https:\/\/noticiasya.com\/midland-odessa\/categoria\/noticias-nacionales"},"img":{"alt_text":"","src":"","width":0,"height":0},"classes":[]},{"id":1467257,"url":"https:\/\/noticiasya.com\/midland-odessa\/2025\/10\/10\/maria-corina-machado-nobel-paz-impulso-orix\/","url_meta":{"origin":1469124,"position":3},"title":"Mar\u00eda Corina Machado dice que el Nobel de Paz &#171;es un impulso para concluir&#187; la tarea de &#171;conquistar la libertad&#187;","author":"","date":"octubre 10, 2025","format":false,"excerpt":"La dirigente opositora venezolana Mar\u00eda Corina Machado, premiada este viernes con el Nobel de la Paz, afirm\u00f3 que el galard\u00f3n es un impulso \u201cpara concluir\u201d la tarea de \u201cconquistar la libertad\u201d en el pa\u00eds\u201cEste inmenso reconocimiento a la lucha de todos los venezolanos es un impulso para concluir nuestra tarea:\u2026","rel":"","context":"In &quot;Noticias Nacionales&quot;","block_context":{"text":"Noticias Nacionales","link":"https:\/\/noticiasya.com\/midland-odessa\/categoria\/noticias-nacionales"},"img":{"alt_text":"","src":"","width":0,"height":0},"classes":[]},{"id":1467277,"url":"https:\/\/noticiasya.com\/midland-odessa\/2025\/10\/10\/trump-habla-machado-premio-nobel-paz-trax\/","url_meta":{"origin":1469124,"position":4},"title":"Trump habla con Machado despu\u00e9s de que su Gobierno criticara la decisi\u00f3n de otorgarle el Premio Nobel de la Paz","author":"","date":"octubre 10, 2025","format":false,"excerpt":"El presidente de Estados Unidos, Donald Trump, habl\u00f3 este viernes con la opositora venezolana y ganadora del Premio Nobel de la Paz, Mar\u00eda Corina Machado, seg\u00fan inform\u00f3 la Casa Blanca, despu\u00e9s de que el Gobierno de EE.UU. criticara al comit\u00e9 que le otorg\u00f3 el galard\u00f3n.Trump ha manifestado en varias ocasiones\u2026","rel":"","context":"In &quot;Noticias Nacionales&quot;","block_context":{"text":"Noticias Nacionales","link":"https:\/\/noticiasya.com\/midland-odessa\/categoria\/noticias-nacionales"},"img":{"alt_text":"","src":"","width":0,"height":0},"classes":[]},{"id":1469339,"url":"https:\/\/noticiasya.com\/midland-odessa\/2025\/12\/17\/maria-corina-machado-deja-oslo-venezuela-premio-nobel-paz-orix\/","url_meta":{"origin":1469124,"position":5},"title":"La ganadora del Premio Nobel de la Paz Mar\u00eda Corina Machado dej\u00f3 Oslo, seg\u00fan su equipo","author":"","date":"diciembre 17, 2025","format":false,"excerpt":"Mar\u00eda Corina Machado ya no est\u00e1 en la ciudad de Oslo, confirm\u00f3 en su cuenta de X Pedro Urruchurtu Noselli, coordinador de relaciones internaciones de la ganadora del Premio Nobel de la Paz.\u201cSe encuentra bien y durante estos d\u00edas est\u00e1 atendiendo citas m\u00e9dicas con un especialista en funci\u00f3n de su\u2026","rel":"","context":"In &quot;Noticias Nacionales&quot;","block_context":{"text":"Noticias Nacionales","link":"https:\/\/noticiasya.com\/midland-odessa\/categoria\/noticias-nacionales"},"img":{"alt_text":"","src":"","width":0,"height":0},"classes":[]}],"jetpack_sharing_enabled":true,"_links":{"self":[{"href":"https:\/\/noticiasya.com\/midland-odessa\/wp-json\/wp\/v2\/posts\/1469124","targetHints":{"allow":["GET"]}}],"collection":[{"href":"https:\/\/noticiasya.com\/midland-odessa\/wp-json\/wp\/v2\/posts"}],"about":[{"href":"https:\/\/noticiasya.com\/midland-odessa\/wp-json\/wp\/v2\/types\/post"}],"replies":[{"embeddable":true,"href":"https:\/\/noticiasya.com\/midland-odessa\/wp-json\/wp\/v2\/comments?post=1469124"}],"version-history":[{"count":0,"href":"https:\/\/noticiasya.com\/midland-odessa\/wp-json\/wp\/v2\/posts\/1469124\/revisions"}],"wp:attachment":[{"href":"https:\/\/noticiasya.com\/midland-odessa\/wp-json\/wp\/v2\/media?parent=1469124"}],"wp:term":[{"taxonomy":"category","embeddable":true,"href":"https:\/\/noticiasya.com\/midland-odessa\/wp-json\/wp\/v2\/categories?post=1469124"},{"taxonomy":"post_tag","embeddable":true,"href":"https:\/\/noticiasya.com\/midland-odessa\/wp-json\/wp\/v2\/tags?post=1469124"}],"curies":[{"name":"wp","href":"https:\/\/api.w.org\/{rel}","templated":true}]}}