{"id":1469126,"date":"2025-12-09T16:03:49","date_gmt":"2025-12-10T00:03:49","guid":{"rendered":"https:\/\/noticiasya.com\/2025\/12\/09\/expresidente-brasileno-encarcelado-jair-bolsonaro-pelicula-trax\/"},"modified":"2025-12-09T16:03:49","modified_gmt":"2025-12-10T00:03:49","slug":"expresidente-brasileno-encarcelado-jair-bolsonaro-pelicula-trax","status":"publish","type":"post","link":"https:\/\/noticiasya.com\/midland-odessa\/2025\/12\/09\/expresidente-brasileno-encarcelado-jair-bolsonaro-pelicula-trax\/","title":{"rendered":"El expresidente de Brasil, Jair Bolsonaro, condenado a 27 a\u00f1os de prisi\u00f3n, ser\u00e1 interpretado por Jim Caviezel en una pel\u00edcula"},"content":{"rendered":"<p>Jair Bolsonaro estar\u00e1 en los cines.<\/p>\n<p>No literalmente, ya que el expresidente de Brasil a\u00fan cumple una condena de 27 a\u00f1os de prisi\u00f3n por planear un golpe de Estado para mantenerse en el poder tras perder su reelecci\u00f3n en 2022. Pero una nueva pel\u00edcula sobre su carrera est\u00e1 en camino, seg\u00fan publicaciones en redes sociales de los hijos de Bolsonaro y otros aliados pol\u00edticos.<\/p>\n<p>La pel\u00edcula, titulada \u201cDark Horse\u201d, estar\u00e1 protagonizada por <a href=\"https:\/\/www.youtube.com\/watch?v=DRqUQjyCXJQ\">Jim Caviezel<\/a>, el actor y activista conservador estadounidense mejor conocido por interpretar a Jes\u00fas en la pel\u00edcula de Mel Gibson de 2004, \u201cLa Pasi\u00f3n de Cristo\u201d.<\/p>\n<p>Las im\u00e1genes de producci\u00f3n publicadas recientemente en la cuenta oficial de Instagram de la pel\u00edcula muestran al actor <a href=\"https:\/\/www.instagram.com\/p\/DR-GOdfCVt5\/\">en la piel<\/a> de Bolsonaro, incluida una publicaci\u00f3n <a href=\"https:\/\/www.instagram.com\/p\/DR7zhmwiZDy\/\">que muestra<\/a> a Caviezel recreando la manifestaci\u00f3n de 2018 donde Bolsonaro fue apu\u00f1alado durante su campa\u00f1a electoral.<\/p>\n<p>La noticia de la filmaci\u00f3n de la pel\u00edcula llega semanas despu\u00e9s de que Bolsonaro comenzara a cumplir una condena de prisi\u00f3n por su intento de permanecer en el poder tras perder las elecciones presidenciales de Brasil de 2022. El intento de golpe, que seg\u00fan los investigadores empez\u00f3 inmediatamente despu\u00e9s de perder su reelecci\u00f3n, culmin\u00f3 en un mot\u00edn similar al del 6 de enero por parte de partidarios de Bolsonaro en la capital brasile\u00f1a.<\/p>\n<p>\u201cDark Horse\u201d parece contar con el apoyo total del c\u00edrculo \u00edntimo y familiar de Bolsonaro. Los hijos del expresidente han compartido publicaciones favorables sobre la pel\u00edcula en redes sociales, y el guion fue escrito por el exsecretario especial de Cultura de Brasil y actual diputado, Mario Frias. CNN contact\u00f3 a Frias para obtener comentarios.<\/p>\n<p>El legislador, que actu\u00f3 en numerosas telenovelas antes de entrar en pol\u00edtica, le dijo esta semana al sitio de noticias conservador brasile\u00f1o <a href=\"https:\/\/revistaoeste.com\/cultura\/dark-horse-bolsonaro-entrevista-mario-frias\/\">Revista Oeste<\/a> que \u201cDark Horse\u201d fue filmada completamente en ingl\u00e9s para ampliar su audiencia potencial.<\/p>\n<p>El domingo, Fr\u00edas public\u00f3 un video en el que se ve a Caviezel, el hijo de Bolsonaro, Carlos, y a \u00e9l mismo <a href=\"https:\/\/x.com\/mfriasoficial\/status\/1997783832817496130?s=20\">orando<\/a> por el expresidente en el set de \u201cDark Horse\u201d.<\/p>\n<p>En una publicaci\u00f3n propia del domingo, Carlos Bolsonaro <a href=\"https:\/\/x.com\/CarlosBolsonaro\/status\/1997608756759191856?s=20\">agradeci\u00f3<\/a> a Caviezel por su participaci\u00f3n en la pel\u00edcula.<\/p>\n<p>\u201cPara m\u00ed, uno de los mayores regalos que he recibido fue la oportunidad de vivir momentos inimaginables a tu lado\u201d, escribi\u00f3 Carlos Bolsonaro. \u201cRecibe mi sincero y agradecido abrazo. \u00a1Dios, Jes\u00fas y Libertad!\u201d<\/p>\n<p>Esta no es la primera vez que Caviezel interpreta a una figura de derecha en la pantalla. En 2023, interpret\u00f3 al controvertido activista Tim Ballard en la pel\u00edcula \u201d<a href=\"https:\/\/www.cnn.com\/2023\/07\/25\/business\/sound-of-freedom-box-office-pay-it-forward\">Sound of Freedom<\/a>\u201d, que fue ampliamente criticada tras su estreno por supuestamente promover la teor\u00eda de la conspiraci\u00f3n QAnon. Caviezel ha negado que la pel\u00edcula tuviera algo que ver con QAnon. CNN se ha puesto en contacto con Caviezel para obtener sus comentarios.<\/p>\n<p>El actor tambi\u00e9n es un partidario abierto del presidente estadounidense Donald Trump, a quien <a href=\"https:\/\/www.instagram.com\/p\/Cu7j2fyPs2r\/?hl=en\">llam\u00f3<\/a> \u201cel nuevo Mois\u00e9s\u201d en un respaldo para las elecciones presidenciales de 2024.<strong><\/strong><\/p>\n<p>Trump sigui\u00f3 de cerca el arresto y procesamiento de Bolsonaro, e incluso impuso durante un breve periodo de tiempo un alto arancel a las exportaciones brasile\u00f1as como castigo por la \u201ccaza de brujas\u201d contra su aliado pol\u00edtico.<\/p>\n<p>Caviezel y el director de la pel\u00edcula, Cyrus Nowrasteh, ya han colaborado anteriormente, incluso en \u201cInfidel\u201d de 2020, producida por el comentarista de derecha Dinesh D\u2019Souza.<\/p>\n<p>The-CNN-Wire<br \/>&trade; &amp; &copy; 2025 Cable News Network, Inc., a Warner Bros. Discovery Company. All rights reserved.<\/p>\n","protected":false},"excerpt":{"rendered":"<p>Jair Bolsonaro estar\u00e1 en los cines. No literalmente, ya que el expresidente de Brasil a\u00fan cumple una condena de 27 a\u00f1os de prisi\u00f3n por planear un golpe de Estado para mantenerse en el poder tras perder su reelecci\u00f3n en 2022. Pero una nueva pel\u00edcula sobre su carrera est\u00e1 en camino, seg\u00fan publicaciones en redes sociales [&hellip;]<\/p>\n","protected":false},"author":0,"featured_media":0,"comment_status":"open","ping_status":"open","sticky":false,"template":"","format":"standard","meta":{"_jetpack_memberships_contains_paid_content":false,"footnotes":""},"categories":[10],"tags":[],"class_list":["post-1469126","post","type-post","status-publish","format-standard","hentry","category-noticias-nacionales","market-global"],"yoast_head":"<!-- This site is optimized with the Yoast SEO plugin v24.4 - https:\/\/yoast.com\/wordpress\/plugins\/seo\/ -->\n<title>El expresidente de Brasil, Jair Bolsonaro, condenado a 27 a\u00f1os de prisi\u00f3n, ser\u00e1 interpretado por Jim Caviezel en una pel\u00edcula - Noticias<\/title>\n<meta name=\"robots\" content=\"index, follow, max-snippet:-1, max-image-preview:large, max-video-preview:-1\" \/>\n<link rel=\"canonical\" href=\"https:\/\/noticiasya.com\/2025\/12\/09\/expresidente-brasileno-encarcelado-jair-bolsonaro-pelicula-trax\/\" \/>\n<meta property=\"og:locale\" content=\"es_ES\" \/>\n<meta property=\"og:type\" content=\"article\" \/>\n<meta property=\"og:title\" content=\"El expresidente de Brasil, Jair Bolsonaro, condenado a 27 a\u00f1os de prisi\u00f3n, ser\u00e1 interpretado por Jim Caviezel en una pel\u00edcula - Noticias\" \/>\n<meta property=\"og:description\" content=\"Jair Bolsonaro estar\u00e1 en los cines. No literalmente, ya que el expresidente de Brasil a\u00fan cumple una condena de 27 a\u00f1os de prisi\u00f3n por planear un golpe de Estado para mantenerse en el poder tras perder su reelecci\u00f3n en 2022. Pero una nueva pel\u00edcula sobre su carrera est\u00e1 en camino, seg\u00fan publicaciones en redes sociales [&hellip;]\" \/>\n<meta property=\"og:url\" content=\"https:\/\/noticiasya.com\/2025\/12\/09\/expresidente-brasileno-encarcelado-jair-bolsonaro-pelicula-trax\/\" \/>\n<meta property=\"og:site_name\" content=\"Noticias\" \/>\n<meta property=\"article:published_time\" content=\"2025-12-10T00:03:49+00:00\" \/>\n<meta name=\"twitter:card\" content=\"summary_large_image\" \/>\n<meta name=\"twitter:label1\" content=\"Est. reading time\" \/>\n\t<meta name=\"twitter:data1\" content=\"3 minutos\" \/>\n<script type=\"application\/ld+json\" class=\"yoast-schema-graph\">{\"@context\":\"https:\/\/schema.org\",\"@graph\":[{\"@type\":\"Article\",\"@id\":\"https:\/\/noticiasya.com\/2025\/12\/09\/expresidente-brasileno-encarcelado-jair-bolsonaro-pelicula-trax\/#article\",\"isPartOf\":{\"@id\":\"https:\/\/noticiasya.com\/2025\/12\/09\/expresidente-brasileno-encarcelado-jair-bolsonaro-pelicula-trax\/\"},\"author\":{\"name\":\"\",\"@id\":\"\"},\"headline\":\"El expresidente de Brasil, Jair Bolsonaro, condenado a 27 a\u00f1os de prisi\u00f3n, ser\u00e1 interpretado por Jim Caviezel en una pel\u00edcula\",\"datePublished\":\"2025-12-10T00:03:49+00:00\",\"mainEntityOfPage\":{\"@id\":\"https:\/\/noticiasya.com\/2025\/12\/09\/expresidente-brasileno-encarcelado-jair-bolsonaro-pelicula-trax\/\"},\"wordCount\":624,\"commentCount\":0,\"publisher\":{\"@id\":\"https:\/\/noticiasya.com\/#organization\"},\"articleSection\":[\"Noticias Nacionales\"],\"inLanguage\":\"es\",\"potentialAction\":[{\"@type\":\"CommentAction\",\"name\":\"Comment\",\"target\":[\"https:\/\/noticiasya.com\/2025\/12\/09\/expresidente-brasileno-encarcelado-jair-bolsonaro-pelicula-trax\/#respond\"]}]},{\"@type\":\"WebPage\",\"@id\":\"https:\/\/noticiasya.com\/2025\/12\/09\/expresidente-brasileno-encarcelado-jair-bolsonaro-pelicula-trax\/\",\"url\":\"https:\/\/noticiasya.com\/2025\/12\/09\/expresidente-brasileno-encarcelado-jair-bolsonaro-pelicula-trax\/\",\"name\":\"El expresidente de Brasil, Jair Bolsonaro, condenado a 27 a\u00f1os de prisi\u00f3n, ser\u00e1 interpretado por Jim Caviezel en una pel\u00edcula - Noticias\",\"isPartOf\":{\"@id\":\"https:\/\/noticiasya.com\/#website\"},\"datePublished\":\"2025-12-10T00:03:49+00:00\",\"breadcrumb\":{\"@id\":\"https:\/\/noticiasya.com\/2025\/12\/09\/expresidente-brasileno-encarcelado-jair-bolsonaro-pelicula-trax\/#breadcrumb\"},\"inLanguage\":\"es\",\"potentialAction\":[{\"@type\":\"ReadAction\",\"target\":[\"https:\/\/noticiasya.com\/2025\/12\/09\/expresidente-brasileno-encarcelado-jair-bolsonaro-pelicula-trax\/\"]}]},{\"@type\":\"BreadcrumbList\",\"@id\":\"https:\/\/noticiasya.com\/2025\/12\/09\/expresidente-brasileno-encarcelado-jair-bolsonaro-pelicula-trax\/#breadcrumb\",\"itemListElement\":[{\"@type\":\"ListItem\",\"position\":1,\"name\":\"Home\",\"item\":\"https:\/\/noticiasya.com\/\"},{\"@type\":\"ListItem\",\"position\":2,\"name\":\"El expresidente de Brasil, Jair Bolsonaro, condenado a 27 a\u00f1os de prisi\u00f3n, ser\u00e1 interpretado por Jim Caviezel en una pel\u00edcula\"}]},{\"@type\":\"WebSite\",\"@id\":\"https:\/\/noticiasya.com\/#website\",\"url\":\"https:\/\/noticiasya.com\/\",\"name\":\"Noticias\",\"description\":\"Lo que importa\",\"publisher\":{\"@id\":\"https:\/\/noticiasya.com\/#organization\"},\"potentialAction\":[{\"@type\":\"SearchAction\",\"target\":{\"@type\":\"EntryPoint\",\"urlTemplate\":\"https:\/\/noticiasya.com\/?s={search_term_string}\"},\"query-input\":{\"@type\":\"PropertyValueSpecification\",\"valueRequired\":true,\"valueName\":\"search_term_string\"}}],\"inLanguage\":\"es\"},{\"@type\":\"Organization\",\"@id\":\"https:\/\/noticiasya.com\/#organization\",\"name\":\"Noticias\",\"url\":\"https:\/\/noticiasya.com\/\",\"logo\":{\"@type\":\"ImageObject\",\"inLanguage\":\"es\",\"@id\":\"https:\/\/noticiasya.com\/#\/schema\/logo\/image\/\",\"url\":\"https:\/\/noticiasya.com\/wp-content\/uploads\/sites\/22\/2023\/12\/logo-nacional.png\",\"contentUrl\":\"https:\/\/noticiasya.com\/wp-content\/uploads\/sites\/22\/2023\/12\/logo-nacional.png\",\"width\":1801,\"height\":691,\"caption\":\"Noticias\"},\"image\":{\"@id\":\"https:\/\/noticiasya.com\/#\/schema\/logo\/image\/\"}}]}<\/script>\n<!-- \/ Yoast SEO plugin. -->","yoast_head_json":{"title":"El expresidente de Brasil, Jair Bolsonaro, condenado a 27 a\u00f1os de prisi\u00f3n, ser\u00e1 interpretado por Jim Caviezel en una pel\u00edcula - Noticias","robots":{"index":"index","follow":"follow","max-snippet":"max-snippet:-1","max-image-preview":"max-image-preview:large","max-video-preview":"max-video-preview:-1"},"canonical":"https:\/\/noticiasya.com\/2025\/12\/09\/expresidente-brasileno-encarcelado-jair-bolsonaro-pelicula-trax\/","og_locale":"es_ES","og_type":"article","og_title":"El expresidente de Brasil, Jair Bolsonaro, condenado a 27 a\u00f1os de prisi\u00f3n, ser\u00e1 interpretado por Jim Caviezel en una pel\u00edcula - Noticias","og_description":"Jair Bolsonaro estar\u00e1 en los cines. No literalmente, ya que el expresidente de Brasil a\u00fan cumple una condena de 27 a\u00f1os de prisi\u00f3n por planear un golpe de Estado para mantenerse en el poder tras perder su reelecci\u00f3n en 2022. Pero una nueva pel\u00edcula sobre su carrera est\u00e1 en camino, seg\u00fan publicaciones en redes sociales [&hellip;]","og_url":"https:\/\/noticiasya.com\/2025\/12\/09\/expresidente-brasileno-encarcelado-jair-bolsonaro-pelicula-trax\/","og_site_name":"Noticias","article_published_time":"2025-12-10T00:03:49+00:00","twitter_card":"summary_large_image","twitter_misc":{"Est. reading time":"3 minutos"},"schema":{"@context":"https:\/\/schema.org","@graph":[{"@type":"Article","@id":"https:\/\/noticiasya.com\/2025\/12\/09\/expresidente-brasileno-encarcelado-jair-bolsonaro-pelicula-trax\/#article","isPartOf":{"@id":"https:\/\/noticiasya.com\/2025\/12\/09\/expresidente-brasileno-encarcelado-jair-bolsonaro-pelicula-trax\/"},"author":{"name":"","@id":""},"headline":"El expresidente de Brasil, Jair Bolsonaro, condenado a 27 a\u00f1os de prisi\u00f3n, ser\u00e1 interpretado por Jim Caviezel en una pel\u00edcula","datePublished":"2025-12-10T00:03:49+00:00","mainEntityOfPage":{"@id":"https:\/\/noticiasya.com\/2025\/12\/09\/expresidente-brasileno-encarcelado-jair-bolsonaro-pelicula-trax\/"},"wordCount":624,"commentCount":0,"publisher":{"@id":"https:\/\/noticiasya.com\/#organization"},"articleSection":["Noticias Nacionales"],"inLanguage":"es","potentialAction":[{"@type":"CommentAction","name":"Comment","target":["https:\/\/noticiasya.com\/2025\/12\/09\/expresidente-brasileno-encarcelado-jair-bolsonaro-pelicula-trax\/#respond"]}]},{"@type":"WebPage","@id":"https:\/\/noticiasya.com\/2025\/12\/09\/expresidente-brasileno-encarcelado-jair-bolsonaro-pelicula-trax\/","url":"https:\/\/noticiasya.com\/2025\/12\/09\/expresidente-brasileno-encarcelado-jair-bolsonaro-pelicula-trax\/","name":"El expresidente de Brasil, Jair Bolsonaro, condenado a 27 a\u00f1os de prisi\u00f3n, ser\u00e1 interpretado por Jim Caviezel en una pel\u00edcula - Noticias","isPartOf":{"@id":"https:\/\/noticiasya.com\/#website"},"datePublished":"2025-12-10T00:03:49+00:00","breadcrumb":{"@id":"https:\/\/noticiasya.com\/2025\/12\/09\/expresidente-brasileno-encarcelado-jair-bolsonaro-pelicula-trax\/#breadcrumb"},"inLanguage":"es","potentialAction":[{"@type":"ReadAction","target":["https:\/\/noticiasya.com\/2025\/12\/09\/expresidente-brasileno-encarcelado-jair-bolsonaro-pelicula-trax\/"]}]},{"@type":"BreadcrumbList","@id":"https:\/\/noticiasya.com\/2025\/12\/09\/expresidente-brasileno-encarcelado-jair-bolsonaro-pelicula-trax\/#breadcrumb","itemListElement":[{"@type":"ListItem","position":1,"name":"Home","item":"https:\/\/noticiasya.com\/"},{"@type":"ListItem","position":2,"name":"El expresidente de Brasil, Jair Bolsonaro, condenado a 27 a\u00f1os de prisi\u00f3n, ser\u00e1 interpretado por Jim Caviezel en una pel\u00edcula"}]},{"@type":"WebSite","@id":"https:\/\/noticiasya.com\/#website","url":"https:\/\/noticiasya.com\/","name":"Noticias","description":"Lo que importa","publisher":{"@id":"https:\/\/noticiasya.com\/#organization"},"potentialAction":[{"@type":"SearchAction","target":{"@type":"EntryPoint","urlTemplate":"https:\/\/noticiasya.com\/?s={search_term_string}"},"query-input":{"@type":"PropertyValueSpecification","valueRequired":true,"valueName":"search_term_string"}}],"inLanguage":"es"},{"@type":"Organization","@id":"https:\/\/noticiasya.com\/#organization","name":"Noticias","url":"https:\/\/noticiasya.com\/","logo":{"@type":"ImageObject","inLanguage":"es","@id":"https:\/\/noticiasya.com\/#\/schema\/logo\/image\/","url":"https:\/\/noticiasya.com\/wp-content\/uploads\/sites\/22\/2023\/12\/logo-nacional.png","contentUrl":"https:\/\/noticiasya.com\/wp-content\/uploads\/sites\/22\/2023\/12\/logo-nacional.png","width":1801,"height":691,"caption":"Noticias"},"image":{"@id":"https:\/\/noticiasya.com\/#\/schema\/logo\/image\/"}}]}},"parsely":{"version":"1.1.0","canonical_url":"https:\/\/noticiasya.com\/midland-odessa\/2025\/12\/09\/expresidente-brasileno-encarcelado-jair-bolsonaro-pelicula-trax\/","smart_links":{"inbound":0,"outbound":0},"traffic_boost_suggestions_count":0,"meta":{"@context":"https:\/\/schema.org","@type":"NewsArticle","headline":"El expresidente de Brasil, Jair Bolsonaro, condenado a 27 a\u00f1os de prisi\u00f3n, ser\u00e1 interpretado por Jim Caviezel en una pel\u00edcula","url":"http:\/\/noticiasya.com\/midland-odessa\/2025\/12\/09\/expresidente-brasileno-encarcelado-jair-bolsonaro-pelicula-trax\/","mainEntityOfPage":{"@type":"WebPage","@id":"http:\/\/noticiasya.com\/midland-odessa\/2025\/12\/09\/expresidente-brasileno-encarcelado-jair-bolsonaro-pelicula-trax\/"},"thumbnailUrl":"","image":{"@type":"ImageObject","url":""},"articleSection":"Noticias Nacionales","author":[],"creator":[],"publisher":{"@type":"Organization","name":"Noticias","logo":""},"keywords":[],"dateCreated":"2025-12-10T00:03:49Z","datePublished":"2025-12-10T00:03:49Z","dateModified":"2025-12-10T00:03:49Z"},"rendered":"<script type=\"application\/ld+json\" class=\"wp-parsely-metadata\">{\"@context\":\"https:\\\/\\\/schema.org\",\"@type\":\"NewsArticle\",\"headline\":\"El expresidente de Brasil, Jair Bolsonaro, condenado a 27 a\\u00f1os de prisi\\u00f3n, ser\\u00e1 interpretado por Jim Caviezel en una pel\\u00edcula\",\"url\":\"http:\\\/\\\/noticiasya.com\\\/midland-odessa\\\/2025\\\/12\\\/09\\\/expresidente-brasileno-encarcelado-jair-bolsonaro-pelicula-trax\\\/\",\"mainEntityOfPage\":{\"@type\":\"WebPage\",\"@id\":\"http:\\\/\\\/noticiasya.com\\\/midland-odessa\\\/2025\\\/12\\\/09\\\/expresidente-brasileno-encarcelado-jair-bolsonaro-pelicula-trax\\\/\"},\"thumbnailUrl\":\"\",\"image\":{\"@type\":\"ImageObject\",\"url\":\"\"},\"articleSection\":\"Noticias Nacionales\",\"author\":[],\"creator\":[],\"publisher\":{\"@type\":\"Organization\",\"name\":\"Noticias\",\"logo\":\"\"},\"keywords\":[],\"dateCreated\":\"2025-12-10T00:03:49Z\",\"datePublished\":\"2025-12-10T00:03:49Z\",\"dateModified\":\"2025-12-10T00:03:49Z\"}<\/script>","tracker_url":"https:\/\/cdn.parsely.com\/keys\/noticiasya.com\/p.js"},"jetpack_featured_media_url":"","jetpack-related-posts":[{"id":1468605,"url":"https:\/\/noticiasya.com\/midland-odessa\/2025\/11\/22\/expresidente-brasil-bolsonaro-arrestado-trax\/","url_meta":{"origin":1469126,"position":0},"title":"La polic\u00eda federal arresta a Jair Bolsonaro, expresidente de Brasil, en su domicilio","author":"","date":"noviembre 22, 2025","format":false,"excerpt":"El expresidente de Brasil Jair Bolsonaro fue detenido el s\u00e1bado en su residencia en Brasilia, la capital del pa\u00eds, d\u00edas antes de que comenzara a cumplir una sentencia de prisi\u00f3n por liderar un intento de golpe de Estado, seg\u00fan CNN Brasil, afiliada de CNN.En un comunicado, la Polic\u00eda Federal indic\u00f3\u2026","rel":"","context":"In &quot;Noticias Nacionales&quot;","block_context":{"text":"Noticias Nacionales","link":"https:\/\/noticiasya.com\/midland-odessa\/categoria\/noticias-nacionales"},"img":{"alt_text":"","src":"","width":0,"height":0},"classes":[]},{"id":1469137,"url":"https:\/\/noticiasya.com\/midland-odessa\/2025\/12\/10\/5-cosas-10-diciembre-orix\/","url_meta":{"origin":1469126,"position":1},"title":"Las 5 cosas que debes saber este 10 de diciembre: plan de Trump para Maduro, Mar\u00eda Corina Machado y Zelensky","author":"","date":"diciembre 10, 2025","format":false,"excerpt":"Informan que Mar\u00eda Corina Machado no estar\u00e1 en la ceremonia de entrega del Nobel de la Paz en Oslo. Trump dice que Rusia tiene \u201cla ventaja\u201d y que Zelensky debe aceptarlo. Allanan la Asociaci\u00f3n del F\u00fatbol Argentino y a 30 clubes. Esto es lo que debes saber para comenzar el\u2026","rel":"","context":"In &quot;Noticias Nacionales&quot;","block_context":{"text":"Noticias Nacionales","link":"https:\/\/noticiasya.com\/midland-odessa\/categoria\/noticias-nacionales"},"img":{"alt_text":"","src":"","width":0,"height":0},"classes":[]},{"id":1472216,"url":"https:\/\/noticiasya.com\/midland-odessa\/2026\/03\/15\/funcion-renal-expresidente-jair-bolsonaro-mejora-cuidados-intensivos-ap\/","url_meta":{"origin":1469126,"position":2},"title":"La funci\u00f3n renal de Jair Bolsonaro mejora, pero el expresidente de Brasil sigue en cuidados intensivos","author":"","date":"marzo 15, 2026","format":false,"excerpt":"La funci\u00f3n renal del expresidente de Brasil Jair Bolsonaro mejor\u00f3, pero permanecer\u00e1 en la unidad de cuidados intensivos debido a una neumon\u00eda, seg\u00fan inform\u00f3 este domingo un hospital de la capital del pa\u00eds, Brasilia.El expresidente, de 70 a\u00f1os, tambi\u00e9n ha recibido m\u00e1s antibi\u00f3ticos desde el s\u00e1bado, seg\u00fan un comunicado de\u2026","rel":"","context":"In &quot;Noticias Nacionales&quot;","block_context":{"text":"Noticias Nacionales","link":"https:\/\/noticiasya.com\/midland-odessa\/categoria\/noticias-nacionales"},"img":{"alt_text":"","src":"","width":0,"height":0},"classes":[]},{"id":1469562,"url":"https:\/\/noticiasya.com\/midland-odessa\/2025\/12\/25\/brasil-bolsonaro-supera-cirugia-hernia-efe\/","url_meta":{"origin":1469126,"position":3},"title":"Bolsonaro supera con \u00e9xito una cirug\u00eda por una hernia, dice su esposa","author":"","date":"diciembre 25, 2025","format":false,"excerpt":"El expresidente de Brasil Jair Bolsonaro, en prisi\u00f3n por intento de golpe de Estado, super\u00f3 \u201ccon \u00e9xito y sin complicaciones\u201d la operaci\u00f3n a la que se someti\u00f3 este jueves por una hernia inguinal bilateral, seg\u00fan inform\u00f3 su familia.\u201c\u00a1Cirug\u00eda finalizada con \u00e9xito! Sin complicaciones. Ahora, esperar la recuperaci\u00f3n de la anestesia\u201d,\u2026","rel":"","context":"In &quot;Noticias Nacionales&quot;","block_context":{"text":"Noticias Nacionales","link":"https:\/\/noticiasya.com\/midland-odessa\/categoria\/noticias-nacionales"},"img":{"alt_text":"","src":"","width":0,"height":0},"classes":[]},{"id":1466398,"url":"https:\/\/noticiasya.com\/midland-odessa\/2025\/09\/12\/proceso-judicial-jair-bolsonaro-carcel-comun\/","url_meta":{"origin":1469126,"position":4},"title":"Tras la condena, \u00bfpuede Bolsonaro ir a una c\u00e1rcel com\u00fan? Estos son los pr\u00f3ximos pasos del proceso","author":"","date":"septiembre 12, 2025","format":false,"excerpt":"El Supremo Tribunal Federal de Brasil conden\u00f3 al expresidente Jair Bolsonaro a 27 a\u00f1os y tres meses de prisi\u00f3n por intento de golpe de Estado. Ahora, la mirada est\u00e1 en los pasos a seguir en su proceso judicial y en los t\u00e9rminos en que se har\u00e1 efectivo el cumplimiento de\u2026","rel":"","context":"In &quot;Noticias Nacionales&quot;","block_context":{"text":"Noticias Nacionales","link":"https:\/\/noticiasya.com\/midland-odessa\/categoria\/noticias-nacionales"},"img":{"alt_text":"","src":"","width":0,"height":0},"classes":[]},{"id":1466374,"url":"https:\/\/noticiasya.com\/midland-odessa\/2025\/09\/11\/brasil-tribunal-mayoria-condena-jair-bolsonaro-orix\/","url_meta":{"origin":1469126,"position":5},"title":"La Justicia de Brasil condena a Jair Bolsonaro a 27 a\u00f1os de prisi\u00f3n por tentativa de golpe de Estado","author":"","date":"septiembre 11, 2025","format":false,"excerpt":"El Supremo Tribunal de Brasil alcanz\u00f3 este jueves una mayor\u00eda de cuatro votos para condenar al expresidente Jair Bolsonaro por liderar un intento de golpe de Estado tras las elecciones de 2022, en un panel de cinco miembros. La Justicia conden\u00f3 al exmandatario a 27 a\u00f1os con tres meses de\u2026","rel":"","context":"In &quot;Noticias Nacionales&quot;","block_context":{"text":"Noticias Nacionales","link":"https:\/\/noticiasya.com\/midland-odessa\/categoria\/noticias-nacionales"},"img":{"alt_text":"","src":"","width":0,"height":0},"classes":[]}],"jetpack_sharing_enabled":true,"_links":{"self":[{"href":"https:\/\/noticiasya.com\/midland-odessa\/wp-json\/wp\/v2\/posts\/1469126","targetHints":{"allow":["GET"]}}],"collection":[{"href":"https:\/\/noticiasya.com\/midland-odessa\/wp-json\/wp\/v2\/posts"}],"about":[{"href":"https:\/\/noticiasya.com\/midland-odessa\/wp-json\/wp\/v2\/types\/post"}],"replies":[{"embeddable":true,"href":"https:\/\/noticiasya.com\/midland-odessa\/wp-json\/wp\/v2\/comments?post=1469126"}],"version-history":[{"count":0,"href":"https:\/\/noticiasya.com\/midland-odessa\/wp-json\/wp\/v2\/posts\/1469126\/revisions"}],"wp:attachment":[{"href":"https:\/\/noticiasya.com\/midland-odessa\/wp-json\/wp\/v2\/media?parent=1469126"}],"wp:term":[{"taxonomy":"category","embeddable":true,"href":"https:\/\/noticiasya.com\/midland-odessa\/wp-json\/wp\/v2\/categories?post=1469126"},{"taxonomy":"post_tag","embeddable":true,"href":"https:\/\/noticiasya.com\/midland-odessa\/wp-json\/wp\/v2\/tags?post=1469126"}],"curies":[{"name":"wp","href":"https:\/\/api.w.org\/{rel}","templated":true}]}}