{"id":1469128,"date":"2025-12-09T20:03:42","date_gmt":"2025-12-10T04:03:42","guid":{"rendered":"https:\/\/noticiasya.com\/2025\/12\/09\/mundial-2026-camino-seleccion-colombia-orix\/"},"modified":"2025-12-09T20:03:42","modified_gmt":"2025-12-10T04:03:42","slug":"mundial-2026-camino-seleccion-colombia-orix","status":"publish","type":"post","link":"https:\/\/noticiasya.com\/midland-odessa\/2025\/12\/09\/mundial-2026-camino-seleccion-colombia-orix\/","title":{"rendered":"El camino de Colombia para el Mundial 2026: mano a mano con Cristiano Ronaldo y varios gigantes a la vista"},"content":{"rendered":"<p>Colombia ya conoce su hoja de ruta para la Copa Mundial de la FIFA 2026. El camino puede parecer amable en principio en la fase de grupos, pero el menor traspi\u00e9 la puede situar en el horizonte de varios gigantes que llegan a la m\u00e1xima cita del f\u00fatbol como candidatos a llegar lejos.<\/p>\n<p>La selecci\u00f3n cafetera estuvo cerca de terminar en el Bombo 1, pero finalmente acab\u00f3 en el segundo cop\u00f3n al terminar noviembre en el 13\u00b0 lugar del <a href=\"https:\/\/inside.fifa.com\/fifa-world-ranking\/men\">ranking FIFA<\/a>, el que se us\u00f3 para el sorteo del viernes en Washington.<\/p>\n<p>La ceremonia le llev\u00f3 buenas sensaciones al combinado nacional dirigido por N\u00e9stor Lorenzo. Era inevitable que le tocara un gigante de entrada, pero no fue Espa\u00f1a, Francia ni Inglaterra. Claro que enfrentar a la Portugal de Cristiano Ronaldo es un asunto serio, pero para eso habr\u00e1 tiempo de pensar.<\/p>\n<p>El camino de Colombia comenzar\u00e1 el 17 de junio ante la debutante Uzbekist\u00e1n, un seleccionado que llega sin pergaminos, aunque con un entrenador que conoce cu\u00e1nto pesa la Copa del Mundo: Favio Cannavaro. El hist\u00f3rico defensor central, campe\u00f3n con Italia en Alemania 2006, pr\u00e1cticamente hered\u00f3 al combinado nacional uzbeko, puesto que reci\u00e9n asumi\u00f3 el mando en octubre, tras la sorpresiva salida de Timur Kapadze, el arquitecto de la clasificaci\u00f3n.<\/p>\n<p>Cannavaro le agregar\u00e1 su experiencia mundialista personal, por lo que se puede esperar mucha t\u00e1ctica y orden en este equipo, que contar\u00e1 como figuras con el ariete Eldor Shomurodov, exfutbolista de la Roma y hoy en la Superliga de Turqu\u00eda, y Abdukodir Khusanov, el \u00e1gil defensor que Guardiola se llev\u00f3 al Manchester City.<\/p>\n<p>El segundo rival de Colombia se conocer\u00e1 en marzo. Saldr\u00e1 de la llave del repechaje intercontinental entre la Rep\u00fablica Democr\u00e1tica del Congo, Jamaica y Nueva Caledonia. Los africanos ser\u00edan los rivales m\u00e1s fuertes, pero ninguno de los tres representa en la previa un gran desaf\u00edo para los colombianos, subcampeones de Am\u00e9rica y con un regular andar por las Eliminatorias de la Conmebol.<\/p>\n<p>Luego s\u00ed, llegar\u00e1 el turno de CR7, Bruno Fern\u00e1ndez, Vitinha, Bernardo Silva y compa\u00f1\u00eda. Al ser el \u00faltimo duelo del grupo, habr\u00e1 algo a favor y en contra. Por un lado, tendr\u00e1 la posibilidad concreta de llegar con seis puntos en el bolsillo, pero, por otro, ser\u00e1 un mano a mano ante una gran selecci\u00f3n por el liderato del Grupo K. La diferencia de goles podr\u00eda ser clave, porque si Colombia llega obligada a ganar, los lusos pueden hacer mucho da\u00f1o de contragolpe.<\/p>\n<p>Ese partido es sumamente importante. Si Colombia gana la zona, enfrentar\u00e1 en 16vos a una selecci\u00f3n que termine tercera, lo que, en un principio, es un alivio. Adem\u00e1s, en octavos cruzar\u00eda caminos con otra tercera o con el ganador del Grupo B, que, a priori, podr\u00edan ser Suiza o la otra selecci\u00f3n europea que caiga all\u00ed (Italia es la candidata).<\/p>\n<p>A partir de cuartos de final, la historia se pone muy dif\u00edcil. All\u00ed aparecer\u00eda Argentina, un combinado con el cual tiene una creciente rivalidad a partir de los \u00faltimos encuentros por Eliminatorias y la final de la Copa Am\u00e9rica. M\u00e1s adelante la llave dejar\u00eda a Brasil, Marruecos o Inglaterra, e incluso Francia si la Noruega de Haaland da la sorpresa y gana el Grupo I. Para la final, todas las predicciones apuntan a Espa\u00f1a.<\/p>\n<p>Terminar segunda pondr\u00eda a Colombia en una ruta de gigantes. En 16vos enfrentar\u00e1 al que termine segundo del Grupo L, donde Croacia y Ghana tienen m\u00e1s chances, aunque Inglaterra misma podr\u00eda caer ah\u00ed.<\/p>\n<p>Despu\u00e9s se pone peor: Espa\u00f1a en octavos y B\u00e9lgica en cuartos. Pa\u00edses Bajos, Alemania o Francia en semifinales y Argentina (o Inglaterra) en la gran final.<\/p>\n<p>Por eso, ese primer gran duelo de la Copa del Mundo ante Portugal por la fecha 3 marcar\u00e1 en gran parte el destino de Colombia en b\u00fasqueda del tesoro dorado.<\/p>\n<p>The-CNN-Wire<br \/>&trade; &amp; &copy; 2025 Cable News Network, Inc., a Warner Bros. Discovery Company. All rights reserved.<\/p>\n","protected":false},"excerpt":{"rendered":"<p>Colombia ya conoce su hoja de ruta para la Copa Mundial de la FIFA 2026. El camino puede parecer amable en principio en la fase de grupos, pero el menor traspi\u00e9 la puede situar en el horizonte de varios gigantes que llegan a la m\u00e1xima cita del f\u00fatbol como candidatos a llegar lejos. La selecci\u00f3n [&hellip;]<\/p>\n","protected":false},"author":0,"featured_media":0,"comment_status":"open","ping_status":"open","sticky":false,"template":"","format":"standard","meta":{"_jetpack_memberships_contains_paid_content":false,"footnotes":""},"categories":[10],"tags":[],"class_list":["post-1469128","post","type-post","status-publish","format-standard","hentry","category-noticias-nacionales","market-global"],"yoast_head":"<!-- This site is optimized with the Yoast SEO plugin v24.4 - https:\/\/yoast.com\/wordpress\/plugins\/seo\/ -->\n<title>El camino de Colombia para el Mundial 2026: mano a mano con Cristiano Ronaldo y varios gigantes a la vista - Noticias<\/title>\n<meta name=\"robots\" content=\"index, follow, max-snippet:-1, max-image-preview:large, max-video-preview:-1\" \/>\n<link rel=\"canonical\" href=\"https:\/\/noticiasya.com\/2025\/12\/09\/mundial-2026-camino-seleccion-colombia-orix\/\" \/>\n<meta property=\"og:locale\" content=\"es_ES\" \/>\n<meta property=\"og:type\" content=\"article\" \/>\n<meta property=\"og:title\" content=\"El camino de Colombia para el Mundial 2026: mano a mano con Cristiano Ronaldo y varios gigantes a la vista - Noticias\" \/>\n<meta property=\"og:description\" content=\"Colombia ya conoce su hoja de ruta para la Copa Mundial de la FIFA 2026. El camino puede parecer amable en principio en la fase de grupos, pero el menor traspi\u00e9 la puede situar en el horizonte de varios gigantes que llegan a la m\u00e1xima cita del f\u00fatbol como candidatos a llegar lejos. La selecci\u00f3n [&hellip;]\" \/>\n<meta property=\"og:url\" content=\"https:\/\/noticiasya.com\/2025\/12\/09\/mundial-2026-camino-seleccion-colombia-orix\/\" \/>\n<meta property=\"og:site_name\" content=\"Noticias\" \/>\n<meta property=\"article:published_time\" content=\"2025-12-10T04:03:42+00:00\" \/>\n<meta name=\"twitter:card\" content=\"summary_large_image\" \/>\n<meta name=\"twitter:label1\" content=\"Est. reading time\" \/>\n\t<meta name=\"twitter:data1\" content=\"3 minutos\" \/>\n<script type=\"application\/ld+json\" class=\"yoast-schema-graph\">{\"@context\":\"https:\/\/schema.org\",\"@graph\":[{\"@type\":\"Article\",\"@id\":\"https:\/\/noticiasya.com\/2025\/12\/09\/mundial-2026-camino-seleccion-colombia-orix\/#article\",\"isPartOf\":{\"@id\":\"https:\/\/noticiasya.com\/2025\/12\/09\/mundial-2026-camino-seleccion-colombia-orix\/\"},\"author\":{\"name\":\"\",\"@id\":\"\"},\"headline\":\"El camino de Colombia para el Mundial 2026: mano a mano con Cristiano Ronaldo y varios gigantes a la vista\",\"datePublished\":\"2025-12-10T04:03:42+00:00\",\"mainEntityOfPage\":{\"@id\":\"https:\/\/noticiasya.com\/2025\/12\/09\/mundial-2026-camino-seleccion-colombia-orix\/\"},\"wordCount\":705,\"commentCount\":0,\"publisher\":{\"@id\":\"https:\/\/noticiasya.com\/#organization\"},\"articleSection\":[\"Noticias Nacionales\"],\"inLanguage\":\"es\",\"potentialAction\":[{\"@type\":\"CommentAction\",\"name\":\"Comment\",\"target\":[\"https:\/\/noticiasya.com\/2025\/12\/09\/mundial-2026-camino-seleccion-colombia-orix\/#respond\"]}]},{\"@type\":\"WebPage\",\"@id\":\"https:\/\/noticiasya.com\/2025\/12\/09\/mundial-2026-camino-seleccion-colombia-orix\/\",\"url\":\"https:\/\/noticiasya.com\/2025\/12\/09\/mundial-2026-camino-seleccion-colombia-orix\/\",\"name\":\"El camino de Colombia para el Mundial 2026: mano a mano con Cristiano Ronaldo y varios gigantes a la vista - Noticias\",\"isPartOf\":{\"@id\":\"https:\/\/noticiasya.com\/#website\"},\"datePublished\":\"2025-12-10T04:03:42+00:00\",\"breadcrumb\":{\"@id\":\"https:\/\/noticiasya.com\/2025\/12\/09\/mundial-2026-camino-seleccion-colombia-orix\/#breadcrumb\"},\"inLanguage\":\"es\",\"potentialAction\":[{\"@type\":\"ReadAction\",\"target\":[\"https:\/\/noticiasya.com\/2025\/12\/09\/mundial-2026-camino-seleccion-colombia-orix\/\"]}]},{\"@type\":\"BreadcrumbList\",\"@id\":\"https:\/\/noticiasya.com\/2025\/12\/09\/mundial-2026-camino-seleccion-colombia-orix\/#breadcrumb\",\"itemListElement\":[{\"@type\":\"ListItem\",\"position\":1,\"name\":\"Home\",\"item\":\"https:\/\/noticiasya.com\/\"},{\"@type\":\"ListItem\",\"position\":2,\"name\":\"El camino de Colombia para el Mundial 2026: mano a mano con Cristiano Ronaldo y varios gigantes a la vista\"}]},{\"@type\":\"WebSite\",\"@id\":\"https:\/\/noticiasya.com\/#website\",\"url\":\"https:\/\/noticiasya.com\/\",\"name\":\"Noticias\",\"description\":\"Lo que importa\",\"publisher\":{\"@id\":\"https:\/\/noticiasya.com\/#organization\"},\"potentialAction\":[{\"@type\":\"SearchAction\",\"target\":{\"@type\":\"EntryPoint\",\"urlTemplate\":\"https:\/\/noticiasya.com\/?s={search_term_string}\"},\"query-input\":{\"@type\":\"PropertyValueSpecification\",\"valueRequired\":true,\"valueName\":\"search_term_string\"}}],\"inLanguage\":\"es\"},{\"@type\":\"Organization\",\"@id\":\"https:\/\/noticiasya.com\/#organization\",\"name\":\"Noticias\",\"url\":\"https:\/\/noticiasya.com\/\",\"logo\":{\"@type\":\"ImageObject\",\"inLanguage\":\"es\",\"@id\":\"https:\/\/noticiasya.com\/#\/schema\/logo\/image\/\",\"url\":\"https:\/\/noticiasya.com\/wp-content\/uploads\/sites\/22\/2023\/12\/logo-nacional.png\",\"contentUrl\":\"https:\/\/noticiasya.com\/wp-content\/uploads\/sites\/22\/2023\/12\/logo-nacional.png\",\"width\":1801,\"height\":691,\"caption\":\"Noticias\"},\"image\":{\"@id\":\"https:\/\/noticiasya.com\/#\/schema\/logo\/image\/\"}}]}<\/script>\n<!-- \/ Yoast SEO plugin. -->","yoast_head_json":{"title":"El camino de Colombia para el Mundial 2026: mano a mano con Cristiano Ronaldo y varios gigantes a la vista - Noticias","robots":{"index":"index","follow":"follow","max-snippet":"max-snippet:-1","max-image-preview":"max-image-preview:large","max-video-preview":"max-video-preview:-1"},"canonical":"https:\/\/noticiasya.com\/2025\/12\/09\/mundial-2026-camino-seleccion-colombia-orix\/","og_locale":"es_ES","og_type":"article","og_title":"El camino de Colombia para el Mundial 2026: mano a mano con Cristiano Ronaldo y varios gigantes a la vista - Noticias","og_description":"Colombia ya conoce su hoja de ruta para la Copa Mundial de la FIFA 2026. El camino puede parecer amable en principio en la fase de grupos, pero el menor traspi\u00e9 la puede situar en el horizonte de varios gigantes que llegan a la m\u00e1xima cita del f\u00fatbol como candidatos a llegar lejos. La selecci\u00f3n [&hellip;]","og_url":"https:\/\/noticiasya.com\/2025\/12\/09\/mundial-2026-camino-seleccion-colombia-orix\/","og_site_name":"Noticias","article_published_time":"2025-12-10T04:03:42+00:00","twitter_card":"summary_large_image","twitter_misc":{"Est. reading time":"3 minutos"},"schema":{"@context":"https:\/\/schema.org","@graph":[{"@type":"Article","@id":"https:\/\/noticiasya.com\/2025\/12\/09\/mundial-2026-camino-seleccion-colombia-orix\/#article","isPartOf":{"@id":"https:\/\/noticiasya.com\/2025\/12\/09\/mundial-2026-camino-seleccion-colombia-orix\/"},"author":{"name":"","@id":""},"headline":"El camino de Colombia para el Mundial 2026: mano a mano con Cristiano Ronaldo y varios gigantes a la vista","datePublished":"2025-12-10T04:03:42+00:00","mainEntityOfPage":{"@id":"https:\/\/noticiasya.com\/2025\/12\/09\/mundial-2026-camino-seleccion-colombia-orix\/"},"wordCount":705,"commentCount":0,"publisher":{"@id":"https:\/\/noticiasya.com\/#organization"},"articleSection":["Noticias Nacionales"],"inLanguage":"es","potentialAction":[{"@type":"CommentAction","name":"Comment","target":["https:\/\/noticiasya.com\/2025\/12\/09\/mundial-2026-camino-seleccion-colombia-orix\/#respond"]}]},{"@type":"WebPage","@id":"https:\/\/noticiasya.com\/2025\/12\/09\/mundial-2026-camino-seleccion-colombia-orix\/","url":"https:\/\/noticiasya.com\/2025\/12\/09\/mundial-2026-camino-seleccion-colombia-orix\/","name":"El camino de Colombia para el Mundial 2026: mano a mano con Cristiano Ronaldo y varios gigantes a la vista - Noticias","isPartOf":{"@id":"https:\/\/noticiasya.com\/#website"},"datePublished":"2025-12-10T04:03:42+00:00","breadcrumb":{"@id":"https:\/\/noticiasya.com\/2025\/12\/09\/mundial-2026-camino-seleccion-colombia-orix\/#breadcrumb"},"inLanguage":"es","potentialAction":[{"@type":"ReadAction","target":["https:\/\/noticiasya.com\/2025\/12\/09\/mundial-2026-camino-seleccion-colombia-orix\/"]}]},{"@type":"BreadcrumbList","@id":"https:\/\/noticiasya.com\/2025\/12\/09\/mundial-2026-camino-seleccion-colombia-orix\/#breadcrumb","itemListElement":[{"@type":"ListItem","position":1,"name":"Home","item":"https:\/\/noticiasya.com\/"},{"@type":"ListItem","position":2,"name":"El camino de Colombia para el Mundial 2026: mano a mano con Cristiano Ronaldo y varios gigantes a la vista"}]},{"@type":"WebSite","@id":"https:\/\/noticiasya.com\/#website","url":"https:\/\/noticiasya.com\/","name":"Noticias","description":"Lo que importa","publisher":{"@id":"https:\/\/noticiasya.com\/#organization"},"potentialAction":[{"@type":"SearchAction","target":{"@type":"EntryPoint","urlTemplate":"https:\/\/noticiasya.com\/?s={search_term_string}"},"query-input":{"@type":"PropertyValueSpecification","valueRequired":true,"valueName":"search_term_string"}}],"inLanguage":"es"},{"@type":"Organization","@id":"https:\/\/noticiasya.com\/#organization","name":"Noticias","url":"https:\/\/noticiasya.com\/","logo":{"@type":"ImageObject","inLanguage":"es","@id":"https:\/\/noticiasya.com\/#\/schema\/logo\/image\/","url":"https:\/\/noticiasya.com\/wp-content\/uploads\/sites\/22\/2023\/12\/logo-nacional.png","contentUrl":"https:\/\/noticiasya.com\/wp-content\/uploads\/sites\/22\/2023\/12\/logo-nacional.png","width":1801,"height":691,"caption":"Noticias"},"image":{"@id":"https:\/\/noticiasya.com\/#\/schema\/logo\/image\/"}}]}},"parsely":{"version":"1.1.0","canonical_url":"https:\/\/noticiasya.com\/midland-odessa\/2025\/12\/09\/mundial-2026-camino-seleccion-colombia-orix\/","smart_links":{"inbound":0,"outbound":0},"traffic_boost_suggestions_count":0,"meta":{"@context":"https:\/\/schema.org","@type":"NewsArticle","headline":"El camino de Colombia para el Mundial 2026: mano a mano con Cristiano Ronaldo y varios gigantes a la vista","url":"http:\/\/noticiasya.com\/midland-odessa\/2025\/12\/09\/mundial-2026-camino-seleccion-colombia-orix\/","mainEntityOfPage":{"@type":"WebPage","@id":"http:\/\/noticiasya.com\/midland-odessa\/2025\/12\/09\/mundial-2026-camino-seleccion-colombia-orix\/"},"thumbnailUrl":"","image":{"@type":"ImageObject","url":""},"articleSection":"Noticias Nacionales","author":[],"creator":[],"publisher":{"@type":"Organization","name":"Noticias","logo":""},"keywords":[],"dateCreated":"2025-12-10T04:03:42Z","datePublished":"2025-12-10T04:03:42Z","dateModified":"2025-12-10T04:03:42Z"},"rendered":"<script type=\"application\/ld+json\" class=\"wp-parsely-metadata\">{\"@context\":\"https:\\\/\\\/schema.org\",\"@type\":\"NewsArticle\",\"headline\":\"El camino de Colombia para el Mundial 2026: mano a mano con Cristiano Ronaldo y varios gigantes a la vista\",\"url\":\"http:\\\/\\\/noticiasya.com\\\/midland-odessa\\\/2025\\\/12\\\/09\\\/mundial-2026-camino-seleccion-colombia-orix\\\/\",\"mainEntityOfPage\":{\"@type\":\"WebPage\",\"@id\":\"http:\\\/\\\/noticiasya.com\\\/midland-odessa\\\/2025\\\/12\\\/09\\\/mundial-2026-camino-seleccion-colombia-orix\\\/\"},\"thumbnailUrl\":\"\",\"image\":{\"@type\":\"ImageObject\",\"url\":\"\"},\"articleSection\":\"Noticias Nacionales\",\"author\":[],\"creator\":[],\"publisher\":{\"@type\":\"Organization\",\"name\":\"Noticias\",\"logo\":\"\"},\"keywords\":[],\"dateCreated\":\"2025-12-10T04:03:42Z\",\"datePublished\":\"2025-12-10T04:03:42Z\",\"dateModified\":\"2025-12-10T04:03:42Z\"}<\/script>","tracker_url":"https:\/\/cdn.parsely.com\/keys\/noticiasya.com\/p.js"},"jetpack_featured_media_url":"","jetpack-related-posts":[{"id":1468363,"url":"https:\/\/noticiasya.com\/midland-odessa\/2025\/11\/14\/podria-cristiano-ronaldo-perder-inicio-mundial-2026-orix\/","url_meta":{"origin":1469128,"position":0},"title":"\u00bfPodr\u00eda Cristiano Ronaldo perderse el inicio del Mundial 2026 si le dan una sanci\u00f3n severa?","author":"","date":"noviembre 14, 2025","format":false,"excerpt":"Cristiano Ronaldo asegur\u00f3 antes del partido contra Irlanda, por las eliminatorias europeas para la Copa Mundial 2026, que se iba a portar bien y que, aunque sab\u00eda del talante severo del p\u00fablico irland\u00e9s, mantendr\u00eda la compostura.Sin embargo, ir abajo en el marcador por 2 a 0, entrada la segunda parte,\u2026","rel":"","context":"In &quot;Noticias Nacionales&quot;","block_context":{"text":"Noticias Nacionales","link":"https:\/\/noticiasya.com\/midland-odessa\/categoria\/noticias-nacionales"},"img":{"alt_text":"","src":"","width":0,"height":0},"classes":[]},{"id":1472399,"url":"https:\/\/noticiasya.com\/midland-odessa\/2026\/03\/20\/cristiano-ronaldo-estadio-azteca-no-entra-convocatoria-portugal-orix\/","url_meta":{"origin":1469128,"position":1},"title":"Cristiano Ronaldo se pierde la reinauguraci\u00f3n del Estadio Azteca: no entra en la convocatoria de Portugal","author":"","date":"marzo 20, 2026","format":false,"excerpt":"Se viene una nueva fecha FIFA de partidos amistosos internacionales y, como no, el repechaje mundialista que entrega los \u00faltimos seis cupos a la cita de Canad\u00e1, Estados Unidos y M\u00e9xico. Pero tambi\u00e9n tendremos la reinauguraci\u00f3n del Estadio Azteca, que extra\u00f1ar\u00e1 a quien aparec\u00eda como invitado de lujo.Se trata de\u2026","rel":"","context":"In &quot;Noticias Nacionales&quot;","block_context":{"text":"Noticias Nacionales","link":"https:\/\/noticiasya.com\/midland-odessa\/categoria\/noticias-nacionales"},"img":{"alt_text":"","src":"","width":0,"height":0},"classes":[]},{"id":1468235,"url":"https:\/\/noticiasya.com\/midland-odessa\/2025\/11\/11\/cristiano-ronaldo-mundial-portugal-retiro-trax\/","url_meta":{"origin":1469128,"position":2},"title":"Cristiano Ronaldo sobre el Mundial: Tendr\u00e9 41 a\u00f1os y creo que ese ser\u00e1 el momento clave","author":"","date":"noviembre 11, 2025","format":false,"excerpt":"El delantero estrella de Portugal, Cristiano Ronaldo, dijo que el Mundial de la FIFA 2026 ser\u00e1 \u201cdefinitivamente\u201d su \u00faltimo.\u201cTendr\u00e9 41 a\u00f1os y creo que ese ser\u00e1 el momento clave en la gran competici\u00f3n\u201d, dijo Ronaldo a Becky Anderson de CNN en una entrevista en la Cumbre de Turismo en Riad,\u2026","rel":"","context":"In &quot;Noticias Nacionales&quot;","block_context":{"text":"Noticias Nacionales","link":"https:\/\/noticiasya.com\/midland-odessa\/categoria\/noticias-nacionales"},"img":{"alt_text":"","src":"","width":0,"height":0},"classes":[]},{"id":1471129,"url":"https:\/\/noticiasya.com\/midland-odessa\/2026\/02\/11\/cristiano-ronaldo-vuelve-al-nassr-huelga-orix\/","url_meta":{"origin":1469128,"position":3},"title":"Cristiano Ronaldo volver\u00e1 a jugar con el Al-Nassr tras d\u00edas de huelga","author":"","date":"febrero 11, 2026","format":false,"excerpt":"Hubo bandera blanca. Tras d\u00edas de encono, silenciosos sonoros y un popurr\u00ed de versiones, Cristiano Ronaldo y su club, el Al-Nassr de Arabia Saudita, resolvieron el conflicto, por lo que CR7 regresar\u00e1 este fin de semana a vestir la camiseta amarilla en el partido correspondiente al torneo dom\u00e9stico.Cristiano Ronaldo sigue\u2026","rel":"","context":"In &quot;Noticias Nacionales&quot;","block_context":{"text":"Noticias Nacionales","link":"https:\/\/noticiasya.com\/midland-odessa\/categoria\/noticias-nacionales"},"img":{"alt_text":"","src":"","width":0,"height":0},"classes":[]},{"id":1469035,"url":"https:\/\/noticiasya.com\/midland-odessa\/2025\/12\/06\/mundial-2026-sorteo-calendario-grupos-muerte-orix\/","url_meta":{"origin":1469128,"position":4},"title":"Mundial 2026: el camino a la gloria, con grupos de la muerte, cruces pesados y un choque de gigantes que podr\u00eda llegar pronto","author":"","date":"diciembre 6, 2025","format":false,"excerpt":"El Mundial 2026 comenz\u00f3 este viernes 5 de diciembre. Extraoficialmente, claro, porque el primer partido se jugar\u00e1 reci\u00e9n el 11 de junio, cuando M\u00e9xico y Sud\u00e1frica se enfrenten cara a cara en el m\u00edtico Estadio Azteca. Sin embargo, conocidos los rivales que tendr\u00e1 cada grupo, a excepci\u00f3n de los boletos\u2026","rel":"","context":"In &quot;Noticias Nacionales&quot;","block_context":{"text":"Noticias Nacionales","link":"https:\/\/noticiasya.com\/midland-odessa\/categoria\/noticias-nacionales"},"img":{"alt_text":"","src":"","width":0,"height":0},"classes":[]},{"id":1469972,"url":"https:\/\/noticiasya.com\/midland-odessa\/2026\/01\/10\/cinco-idolos-podrian-despedirse-mundial-2026-orix\/","url_meta":{"origin":1469128,"position":5},"title":"Cinco \u00eddolos que podr\u00edan despedirse en el Mundial de 2026","author":"","date":"enero 10, 2026","format":false,"excerpt":"El Mundial de la FIFA a celebrarse este a\u00f1o en Estados Unidos, M\u00e9xico y Canad\u00e1 no es solo el vig\u00e9simo tercer torneo m\u00e1s importante del f\u00fatbol masculino mundial, sino tambi\u00e9n la prueba de fuego y tiempo para los futbolistas m\u00e1s ic\u00f3nicos.Aunque el Mundial 2026 ser\u00e1 hist\u00f3rico por tener por primera\u2026","rel":"","context":"In &quot;Noticias Nacionales&quot;","block_context":{"text":"Noticias Nacionales","link":"https:\/\/noticiasya.com\/midland-odessa\/categoria\/noticias-nacionales"},"img":{"alt_text":"","src":"","width":0,"height":0},"classes":[]}],"jetpack_sharing_enabled":true,"_links":{"self":[{"href":"https:\/\/noticiasya.com\/midland-odessa\/wp-json\/wp\/v2\/posts\/1469128","targetHints":{"allow":["GET"]}}],"collection":[{"href":"https:\/\/noticiasya.com\/midland-odessa\/wp-json\/wp\/v2\/posts"}],"about":[{"href":"https:\/\/noticiasya.com\/midland-odessa\/wp-json\/wp\/v2\/types\/post"}],"replies":[{"embeddable":true,"href":"https:\/\/noticiasya.com\/midland-odessa\/wp-json\/wp\/v2\/comments?post=1469128"}],"version-history":[{"count":0,"href":"https:\/\/noticiasya.com\/midland-odessa\/wp-json\/wp\/v2\/posts\/1469128\/revisions"}],"wp:attachment":[{"href":"https:\/\/noticiasya.com\/midland-odessa\/wp-json\/wp\/v2\/media?parent=1469128"}],"wp:term":[{"taxonomy":"category","embeddable":true,"href":"https:\/\/noticiasya.com\/midland-odessa\/wp-json\/wp\/v2\/categories?post=1469128"},{"taxonomy":"post_tag","embeddable":true,"href":"https:\/\/noticiasya.com\/midland-odessa\/wp-json\/wp\/v2\/tags?post=1469128"}],"curies":[{"name":"wp","href":"https:\/\/api.w.org\/{rel}","templated":true}]}}