{"id":1469131,"date":"2025-12-10T00:03:41","date_gmt":"2025-12-10T08:03:41","guid":{"rendered":"https:\/\/noticiasya.com\/2025\/12\/10\/carceles-america-latina-crean-pandillas-letales-trax\/"},"modified":"2025-12-10T00:03:41","modified_gmt":"2025-12-10T08:03:41","slug":"carceles-america-latina-crean-pandillas-letales-trax","status":"publish","type":"post","link":"https:\/\/noticiasya.com\/midland-odessa\/2025\/12\/10\/carceles-america-latina-crean-pandillas-letales-trax\/","title":{"rendered":"Por qu\u00e9 las c\u00e1rceles de Am\u00e9rica Latina crean algunas de las pandillas m\u00e1s letales del mundo"},"content":{"rendered":"<p>La administraci\u00f3n Trump est\u00e1 intensificando los esfuerzos para acabar con las bandas que transportan drogas il\u00edcitas a Estados Unidos, con ataques militares mortales en el mar y medidas para endurecer las fronteras como temas centrales.<\/p>\n<p>Pero mientras Estados Unidos redobla sus intervenciones abiertas, los expertos advierten que los responsables pol\u00edticos pueden estar pasando por alto un campo de batalla clave: las c\u00e1rceles de toda la regi\u00f3n.<\/p>\n<p>Varias de las organizaciones criminales m\u00e1s poderosas de Latinoam\u00e9rica no se forjaron en zonas fronterizas, calles ni escondites selv\u00e1ticos, sino en las c\u00e1rceles de la regi\u00f3n.<\/p>\n<p>Superpobladas, con escasos recursos y a menudo pr\u00e1cticamente autogobernadas, estas instalaciones han servido durante mucho tiempo como incubadoras donde los grupos armados reclutan, se reorganizan y expanden su influencia.<\/p>\n<p>En toda la regi\u00f3n, <a href=\"https:\/\/insightcrime.org\/criminal-profiles\/\" rel=\"noopener noreferrer\" target=\"_blank\">al menos diez<\/a> organizaciones se crearon o se fortalecieron tras las rejas.<\/p>\n<p>Ese es el caso del Tren de Aragua, citado por la administraci\u00f3n Trump como el objetivo de recientes ataques a presuntos barcos con drogas que intensificaron las tensiones con el l\u00edder de Venezuela, Nicol\u00e1s Maduro, aunque no hubo evidencia s\u00f3lida de una conexi\u00f3n entre los barcos y el grupo criminal.<\/p>\n<p>Fundado dentro de la c\u00e1rcel de Tocor\u00f3n, en el estado Aragua, a principios de la d\u00e9cada de 2010, el grupo busc\u00f3 inicialmente imponer orden interno para asegurar mejores condiciones de vida, seg\u00fan un <a href=\"https:\/\/transparenciave.org\/economias-ilicitas\/tren-de-aragua\/#:~:text=Se%20le%20identifica%20con%20el,una%20investigaci%C3%B3n%20publicada%20en%202021\">informe de Transparencia Venezuela.<\/a><\/p>\n<p>\u201cHab\u00eda una frustraci\u00f3n social subyacente: resentimiento por el trato que el Estado daba a los presos\u201d, declar\u00f3 a CNN Ronna R\u00edsquez, periodista venezolana y autora de <em>\u201cEl Tren de Aragua\u201d<\/em>. \u201cLas condiciones inhumanas y la falta de apoyo estatal contribuyeron directamente al auge de los <em>pranes<\/em>\u201d.<\/p>\n<p>Los <em>pranes<\/em> \u2014acr\u00f3nimo de <em>Preso Rematado Asesino Nato\u2014<\/em> eventualmente se convirtieron en los gobernantes de facto de muchas c\u00e1rceles venezolanas.<\/p>\n<p>\u201cTen\u00edan control total. La Guardia Nacional y los directores de prisiones obedec\u00edan sus \u00f3rdenes\u201d, afirm\u00f3 R\u00edsquez. Cobraban impuestos a los reclusos, controlaban el contrabando e incluso dirig\u00edan operaciones externas de extorsi\u00f3n y secuestro.<\/p>\n<p>El Gobierno allan\u00f3 la prisi\u00f3n de Tocor\u00f3n en 2023 y afirma que el grupo criminal fue desmantelado, aunque sus l\u00edderes, H\u00e9ctor Rusthenford Guerrero Flores, alias \u201cNi\u00f1o Guerrero\u201d, y Johan Petric, siguen <a href=\"https:\/\/insightcrime.org\/investigations\/separating-fact-fiction-tren-de-aragua\/\">pr\u00f3fugos.<\/a><\/p>\n<p>Esta misma din\u00e1mica se ha observado en toda la regi\u00f3n. En Brasil, grupos del crimen organizado como el Primeiro Comando da Capital (PCC) y el Comando Vermelho (CV) surgieron en las c\u00e1rceles a <a href=\"https:\/\/nam11.safelinks.protection.outlook.com\/?url=https%3A%2F%2Fwww.justice.gov%2Fsites%2Fdefault%2Ffiles%2Feoir%2Flegacy%2F2014%2F09%2F29%2Fred_command.pdf&#038;data=05%7C02%7Calessandra.freitas%40cnn.com%7Cedcd90ada2e54ae9e1be08de343b96a1%7C0eb48825e8714459bc72d0ecd68f1f39%7C0%7C0%7C639005627715385091%7CUnknown%7CTWFpbGZsb3d8eyJFbXB0eU1hcGkiOnRydWUsIlYiOiIwLjAuMDAwMCIsIlAiOiJXaW4zMiIsIkFOIjoiTWFpbCIsIldUIjoyfQ%3D%3D%7C0%7C%7C%7C&#038;sdata=O1sGb4u%2BDjgyW8KzzTXpEHGDdEFn1hBjCQz%2Fsg20TpE%3D&#038;reserved=0\">finales de los a\u00f1os setenta<\/a> y <a href=\"https:\/\/nam11.safelinks.protection.outlook.com\/?url=https%3A%2F%2Fwww.justice.gov%2Ffile%2F270056%2Fdl%3Finline%3D&#038;data=05%7C02%7Calessandra.freitas%40cnn.com%7Cedcd90ada2e54ae9e1be08de343b96a1%7C0eb48825e8714459bc72d0ecd68f1f39%7C0%7C0%7C639005627715410337%7CUnknown%7CTWFpbGZsb3d8eyJFbXB0eU1hcGkiOnRydWUsIlYiOiIwLjAuMDAwMCIsIlAiOiJXaW4zMiIsIkFOIjoiTWFpbCIsIldUIjoyfQ%3D%3D%7C0%7C%7C%7C&#038;sdata=uRQfVurF3RX3%2Fk0fkKUdIeBFogv9UwdiHzTu%2BvUGhQQ%3D&#038;reserved=0\">noventa,<\/a> cuando los reclusos se rebelaron contra el hacinamiento, los abusos y las precarias condiciones de vida.<\/p>\n<p>Greg\u00f3rio Fernandes de Andrade, abogado penalista que pas\u00f3 16 a\u00f1os en el sistema por homicidios, declar\u00f3 que las celdas estaban tan abarrotadas que los reclusos a menudo se amontonaban en hamacas improvisadas colgadas del techo por falta de espacio. \u201cA menudo me encontraba en una celda de 4&#215;4 metros con 40 reclusos\u201d, coment\u00f3. \u201cTen\u00edamos que turnarnos para dormir\u201d.<\/p>\n<p><a href=\"https:\/\/nam11.safelinks.protection.outlook.com\/?url=https%3A%2F%2Fwww.gov.br%2Fsenappen%2Fpt-br%2Fservicos%2Fsisdepen%2Frelatorios%2Frelatorios-de-informacoes-penitenciarias%2Frelatorio-do-1o-semestre-de-2025.pdf&#038;data=05%7C02%7Calessandra.freitas%40cnn.com%7Cedcd90ada2e54ae9e1be08de343b96a1%7C0eb48825e8714459bc72d0ecd68f1f39%7C0%7C0%7C639005627715436047%7CUnknown%7CTWFpbGZsb3d8eyJFbXB0eU1hcGkiOnRydWUsIlYiOiIwLjAuMDAwMCIsIlAiOiJXaW4zMiIsIkFOIjoiTWFpbCIsIldUIjoyfQ%3D%3D%7C0%7C%7C%7C&#038;sdata=6tq9jxsPPf2g8dsX0k7kiPBjowvfVMzh4MYAcQ3YY%2BY%3D&#038;reserved=0\">Seg\u00fan datos federales<\/a>, las c\u00e1rceles de Brasil operan con una ocupaci\u00f3n del 140 %, con m\u00e1s de 700.000 reclusos en instalaciones construidas para menos de 500.000, una realidad com\u00fan en los pa\u00edses latinoamericanos.<\/p>\n<p>La demanda se convirti\u00f3 en un negocio para los miembros de grupos organizados, que venden a los reclusos desde art\u00edculos de higiene hasta alimentos, seguridad f\u00edsica y ayuda legal.<\/p>\n<p>Andrade, quien comparti\u00f3 celda con <a href=\"https:\/\/nam11.safelinks.protection.outlook.com\/?url=https%3A%2F%2Fwww.policiacivil.go.gov.br%2Fnoticias%2Fpreso-em-goiania-socio-de-beira-mar-roni-peixoto-de-41-anos-vivia-na-capital-ha-cinco-meses%2F&#038;data=05%7C02%7Calessandra.freitas%40cnn.com%7Cedcd90ada2e54ae9e1be08de343b96a1%7C0eb48825e8714459bc72d0ecd68f1f39%7C0%7C0%7C639005627715462532%7CUnknown%7CTWFpbGZsb3d8eyJFbXB0eU1hcGkiOnRydWUsIlYiOiIwLjAuMDAwMCIsIlAiOiJXaW4zMiIsIkFOIjoiTWFpbCIsIldUIjoyfQ%3D%3D%7C0%7C%7C%7C&#038;sdata=939Y0ne9C4m1Czvei9U4Gyspqkw8%2BCo9Q6B2c9VeVuw%3D&#038;reserved=0\">Roni Peixoto, uno de los l\u00edderes del Comando Vermelho<\/a>, y reclusos vinculados al PCC, afirma que unirse rara vez se hace bajo coerci\u00f3n.<\/p>\n<p>\u201cNo hay una pistola en la cabeza\u201d, indic\u00f3. \u201cLa gente lucha por unirse por necesidad. Estas facciones te dan la bienvenida, m\u00e1s que el estado\u201d.<\/p>\n<p>CNN se ha puesto en contacto con el Gobierno brasile\u00f1o para obtener comentarios.<\/p>\n<p>A mediados de la d\u00e9cada de 2000, el PCC dominaba las c\u00e1rceles de S\u00e3o Paulo. \u201cEst\u00e1 presente en aproximadamente el 90 % de las unidades estatales, y los homicidios son pr\u00e1cticamente nulos.<\/p>\n<p>El sistema ha sido \u2018pacificado\u2019 por el PCC durante casi 20 a\u00f1os\u201d, afirm\u00f3 Camila Caldeira Nunes Dias, soci\u00f3loga y profesora de la Universidad Federal del ABC.<\/p>\n<p>El PCC tambi\u00e9n dirige una de las redes de exportaci\u00f3n de coca\u00edna m\u00e1s poderosas de Sudam\u00e9rica, abasteciendo los mercados europeos a trav\u00e9s de los puertos brasile\u00f1os, mientras que el CV domina los corredores de tr\u00e1fico desde Per\u00fa a trav\u00e9s de la Amazon\u00eda, <a href=\"https:\/\/insightcrime.org\/wp-content\/uploads\/2020\/12\/InSight-Crime_The-Rise-of-the-PCC-1.pdf\">seg\u00fan InSight Crime,<\/a> un grupo que estudia el crimen organizado en las Am\u00e9ricas.<\/p>\n<p>Los expertos afirman que el trabajo realizado dentro de las c\u00e1rceles fue crucial para el establecimiento de las pandillas en el mundo exterior.<\/p>\n<p>Los l\u00edderes de pandillas ordenan la compra de drogas, la expansi\u00f3n territorial y los asesinatos desde la c\u00e1rcel. \u201cLlamamos a las c\u00e1rceles las trastiendas del negocio\u201d, declar\u00f3 a CNN Elizabeth Dickinson, analista s\u00e9nior de International Crisis Group. \u201cMuchos l\u00edderes prefieren operar desde adentro porque all\u00ed est\u00e1n m\u00e1s seguros\u201d.<\/p>\n<p>Pero las disputas para lograr ese control de las celdas y de los reclusos que las albergan pueden ser mortales, especialmente en instalaciones donde coexisten m\u00faltiples facciones.<\/p>\n<p>En toda Latinoam\u00e9rica, las masacres carcelarias por el control territorial se han convertido en una realidad recurrente.<\/p>\n<p>En la c\u00e1rcel venezolana de Uribana, una disputa entre jefes de pandillas en 2013 provoc\u00f3 la muerte de al menos 61 personas. En Brasil, una pelea similar desencaden\u00f3 la infame masacre de la c\u00e1rcel de Carandiru en S\u00e3o Paulo en 1992, donde murieron 111 reclusos y contribuy\u00f3 al auge del PCC.<\/p>\n<p>En Ecuador, esa din\u00e1mica se ha vuelto a\u00fan m\u00e1s explosiva. Debido a su papel estrat\u00e9gico en las exportaciones mundiales de coca\u00edna, zonas como Guayaquil permitieron que <a href=\"https:\/\/nam11.safelinks.protection.outlook.com\/?url=https%3A%2F%2Finsightcrime.org%2Fes%2Finvestigaciones%2Fbandas-carcelarias-eje-criminal-ecuador%2F&#038;data=05%7C02%7Calessandra.freitas%40cnn.com%7Cedcd90ada2e54ae9e1be08de343b96a1%7C0eb48825e8714459bc72d0ecd68f1f39%7C0%7C0%7C639005627715486503%7CUnknown%7CTWFpbGZsb3d8eyJFbXB0eU1hcGkiOnRydWUsIlYiOiIwLjAuMDAwMCIsIlAiOiJXaW4zMiIsIkFOIjoiTWFpbCIsIldUIjoyfQ%3D%3D%7C0%7C%7C%7C&#038;sdata=VgW0r0%2FglDOrJzzdpkVmlEW0nLuwnvDLg1JSYFraaSw%3D&#038;reserved=0\">actores extranjeros<\/a> \u2014carteles mexicanos, disidentes colombianos\u2014 se integraran en las pandillas locales. Cuando sus l\u00edderes fueron encarcelados, la lucha por el control se traslad\u00f3 directamente a las penitenciar\u00edas.<\/p>\n<p>Daniel Pont\u00f3n, decano de la Escuela de Seguridad y Defensa del Instituto de Altos Estudios Nacionales (IAEN) de Ecuador, afirma que las c\u00e1rceles ecuatorianas a menudo est\u00e1n estructuradas en pabellones controlados por diferentes grupos, lo que incita al conflicto.<\/p>\n<p>\u201cCada cuadra ten\u00eda su propia econom\u00eda y liderazgo. Todo estaba privatizado y controlado por la pandilla\u201d, explica. \u201cSi tengo una disputa con un l\u00edder criminal, voy tras su cuadra, lo mato y me hago cargo de su estructura criminal\u201d.<\/p>\n<p>Esa realidad qued\u00f3 crudamente expuesta tras el asesinato en 2020 de Jorge Luis Zambrano, alias \u201cRasqui\u00f1a\u201d, veterano l\u00edder de Los Choneros. Su muerte quebr\u00f3 el equilibrio que manten\u00eda entre facciones rivales.<\/p>\n<p>Los Lobos, Los Tiguerones y otros grupos se fragmentaron y comenzaron a luchar por el dominio, desencadenando masacres que mataron a m\u00e1s de 400 reclusos en varias provincias en menos de tres a\u00f1os, <a href=\"https:\/\/insightcrime.org\/wp-content\/uploads\/2023\/08\/The-Prison-Dilemma-Latin-America_s-Incubators-of-Organized-Crime-Full-report-InSight-Crime.pdf\" rel=\"noopener noreferrer\" target=\"_blank\">seg\u00fan InSight Crime.<\/a><\/p>\n<p>Para los l\u00edderes de las pandillas, el derramamiento de sangre se justifica por las ganancias. Los mercados penitenciarios de Ecuador ahora valen m\u00e1s de US$ 200 millones anuales, m\u00e1s del doble del presupuesto operativo federal del SNAI, el organismo que supervisa el sistema penitenciario, que fue de aproximadamente US$ 99 millones en 2021.<\/p>\n<p>Las c\u00e1rceles se han convertido en puntos clave de la cadena global de coca\u00edna, ofreciendo almacenamiento, log\u00edstica y protecci\u00f3n a los traficantes que transportan cargamentos a trav\u00e9s de los puertos de Guayaquil.<\/p>\n<p>CNN se ha puesto en contacto con el gobierno ecuatoriano para obtener comentarios.<\/p>\n<p>En toda Am\u00e9rica Latina, las campa\u00f1as de \u201cmano dura\u201d se han convertido en un punto focal pol\u00edtico, con pol\u00edticos que hacen campa\u00f1a con promesas de sentencias m\u00e1s severas, arrestos masivos y roles militares ampliados.<\/p>\n<p>En 2024, los votantes ecuatorianos aprobaron la participaci\u00f3n militar en la polic\u00eda y la ampliaci\u00f3n de las penas tras una ola de asesinatos y masacres carcelarias.<\/p>\n<p>El 18 de noviembre, los legisladores brasile\u00f1os <a href=\"https:\/\/www.cnnbrasil.com.br\/politica\/camara-votacao-marco-legal-do-combate-ao-crime-organizado\/\" rel=\"noopener noreferrer\" target=\"_blank\">votaron a favor de aprobar<\/a> una ley que tipifica a grupos como el PCC y el CV como organizaciones terroristas, con el objetivo de extender significativamente las penas de prisi\u00f3n para los condenados bajo este estatuto.<\/p>\n<p>Sin embargo, el poder ejecutivo brasile\u00f1o ha rechazado la idea de clasificar al PCC y al CV como grupos terroristas.<\/p>\n<p>Durante un di\u00e1logo de seguridad de alto nivel en Washington en marzo de 2024, representantes brasile\u00f1os informaron a sus hom\u00f3logos estadounidenses que el PCC y el CV son organizaciones criminales con fines de lucro, no grupos ideol\u00f3gicos, y por lo tanto no cumplen con los criterios legales de Brasil para ser considerados terroristas.<\/p>\n<p>En ese sentido, el \u201cmodelo Bukele\u201d de El Salvador \u2014basado en detenciones masivas y la apertura del CECOT, una megaprisi\u00f3n con capacidad para 40.000 reclusos que la sit\u00faa entre las m\u00e1s grandes del mundo\u2014 se ha convertido en el referente pol\u00edtico, especialmente para los l\u00edderes de derecha en Am\u00e9rica Latina.<\/p>\n<p>Desde el ecuatoriano Daniel Noboa hasta el paraguayo Santiago Pe\u00f1a y el argentino Javier Milei todos se han comprometido a replicar el modelo salvadore\u00f1o.<\/p>\n<p>Varios pa\u00edses de la regi\u00f3n est\u00e1n invirtiendo de forma similar en una nueva ola de construcci\u00f3n de c\u00e1rceles.<\/p>\n<p>En Ecuador, el Gobierno inici\u00f3 la operaci\u00f3n de El Encuentro, un centro de m\u00e1xima seguridad de US$ 52 millones en Santa Elena, construido para albergar a unos 800 reclusos de alto riesgo y equipado con controles biom\u00e9tricos, inhibidores de se\u00f1al y sistemas de vigilancia reforzados. Sin embargo, la violencia persiste.<\/p>\n<p>En 2024, la presidenta de Honduras, Xiomara Castro, anunci\u00f3 la construcci\u00f3n de una megac\u00e1rcel con capacidad para 20.000 personas, como parte de una ofensiva m\u00e1s amplia contra las pandillas, que incluye un aumento de las detenciones, la tipificaci\u00f3n de las actividades pandilleras como terrorismo y la ampliaci\u00f3n del papel de las fuerzas militares y policiales.<\/p>\n<p>Grupos de derechos humanos y analistas de seguridad advierten que el enfoque de encarcelamiento masivo del presidente Nayib Bukele en El Salvador no es f\u00e1cilmente transferible, especialmente en pa\u00edses con mercados criminales fragmentados e instituciones estatales m\u00e1s d\u00e9biles.<\/p>\n<p>\u201cCuando hay una prisi\u00f3n sobrepoblada, desorden y falta de recursos, se crea una oportunidad para que los grupos criminales gestionen la situaci\u00f3n\u201d, apunt\u00f3 Dickinson, de Crisis Group. \u201cLo que termina sucediendo es que muchas personas, especialmente los delincuentes de bajo nivel, se convierten en v\u00edctimas de esta econom\u00eda extractiva. Muchos terminan ali\u00e1ndose con una facci\u00f3n solo para sobrevivir\u201d.<\/p>\n<p>Andrade, que ten\u00eda 22 a\u00f1os cuando fue arrestado, sostiene que la respuesta est\u00e1 en romper el ciclo.<\/p>\n<p>\u201cTuve muchas m\u00e1s oportunidades de involucrarme en el crimen que de ganarme la vida honestamente\u201d, sostuvo. \u201cEs m\u00e1s f\u00e1cil para un ni\u00f1o conseguir una bolsa de drogas y un arma que un libro y un bol\u00edgrafo\u201d.<\/p>\n<p>\u201cHay gente buena e inteligente ah\u00ed dentro que ni siquiera imagina una segunda oportunidad en la sociedad porque nunca tuvieron la primera\u201d, denunci\u00f3 Andrade, quien con el tiempo obtuvo una maestr\u00eda y se convirti\u00f3 en abogado penalista. \u201cSi seguimos maltratando a la gente dentro, con el tiempo se convertir\u00e1n en los soldados del crimen de afuera\u201d.<\/p>\n<p>The-CNN-Wire<br \/>&trade; &amp; &copy; 2025 Cable News Network, Inc., a Warner Bros. Discovery Company. All rights reserved.<\/p>\n","protected":false},"excerpt":{"rendered":"<p>La administraci\u00f3n Trump est\u00e1 intensificando los esfuerzos para acabar con las bandas que transportan drogas il\u00edcitas a Estados Unidos, con ataques militares mortales en el mar y medidas para endurecer las fronteras como temas centrales. Pero mientras Estados Unidos redobla sus intervenciones abiertas, los expertos advierten que los responsables pol\u00edticos pueden estar pasando por alto [&hellip;]<\/p>\n","protected":false},"author":0,"featured_media":0,"comment_status":"open","ping_status":"open","sticky":false,"template":"","format":"standard","meta":{"_jetpack_memberships_contains_paid_content":false,"footnotes":""},"categories":[10],"tags":[],"class_list":["post-1469131","post","type-post","status-publish","format-standard","hentry","category-noticias-nacionales","market-global"],"yoast_head":"<!-- This site is optimized with the Yoast SEO plugin v24.4 - https:\/\/yoast.com\/wordpress\/plugins\/seo\/ -->\n<title>Por qu\u00e9 las c\u00e1rceles de Am\u00e9rica Latina crean algunas de las pandillas m\u00e1s letales del mundo - Noticias<\/title>\n<meta name=\"robots\" content=\"index, follow, max-snippet:-1, max-image-preview:large, max-video-preview:-1\" \/>\n<link rel=\"canonical\" href=\"https:\/\/noticiasya.com\/2025\/12\/10\/carceles-america-latina-crean-pandillas-letales-trax\/\" \/>\n<meta property=\"og:locale\" content=\"es_ES\" \/>\n<meta property=\"og:type\" content=\"article\" \/>\n<meta property=\"og:title\" content=\"Por qu\u00e9 las c\u00e1rceles de Am\u00e9rica Latina crean algunas de las pandillas m\u00e1s letales del mundo - Noticias\" \/>\n<meta property=\"og:description\" content=\"La administraci\u00f3n Trump est\u00e1 intensificando los esfuerzos para acabar con las bandas que transportan drogas il\u00edcitas a Estados Unidos, con ataques militares mortales en el mar y medidas para endurecer las fronteras como temas centrales. Pero mientras Estados Unidos redobla sus intervenciones abiertas, los expertos advierten que los responsables pol\u00edticos pueden estar pasando por alto [&hellip;]\" \/>\n<meta property=\"og:url\" content=\"https:\/\/noticiasya.com\/2025\/12\/10\/carceles-america-latina-crean-pandillas-letales-trax\/\" \/>\n<meta property=\"og:site_name\" content=\"Noticias\" \/>\n<meta property=\"article:published_time\" content=\"2025-12-10T08:03:41+00:00\" \/>\n<meta name=\"twitter:card\" content=\"summary_large_image\" \/>\n<meta name=\"twitter:label1\" content=\"Est. reading time\" \/>\n\t<meta name=\"twitter:data1\" content=\"10 minutos\" \/>\n<script type=\"application\/ld+json\" class=\"yoast-schema-graph\">{\"@context\":\"https:\/\/schema.org\",\"@graph\":[{\"@type\":\"Article\",\"@id\":\"https:\/\/noticiasya.com\/2025\/12\/10\/carceles-america-latina-crean-pandillas-letales-trax\/#article\",\"isPartOf\":{\"@id\":\"https:\/\/noticiasya.com\/2025\/12\/10\/carceles-america-latina-crean-pandillas-letales-trax\/\"},\"author\":{\"name\":\"\",\"@id\":\"\"},\"headline\":\"Por qu\u00e9 las c\u00e1rceles de Am\u00e9rica Latina crean algunas de las pandillas m\u00e1s letales del mundo\",\"datePublished\":\"2025-12-10T08:03:41+00:00\",\"mainEntityOfPage\":{\"@id\":\"https:\/\/noticiasya.com\/2025\/12\/10\/carceles-america-latina-crean-pandillas-letales-trax\/\"},\"wordCount\":1928,\"commentCount\":0,\"publisher\":{\"@id\":\"https:\/\/noticiasya.com\/#organization\"},\"articleSection\":[\"Noticias Nacionales\"],\"inLanguage\":\"es\",\"potentialAction\":[{\"@type\":\"CommentAction\",\"name\":\"Comment\",\"target\":[\"https:\/\/noticiasya.com\/2025\/12\/10\/carceles-america-latina-crean-pandillas-letales-trax\/#respond\"]}]},{\"@type\":\"WebPage\",\"@id\":\"https:\/\/noticiasya.com\/2025\/12\/10\/carceles-america-latina-crean-pandillas-letales-trax\/\",\"url\":\"https:\/\/noticiasya.com\/2025\/12\/10\/carceles-america-latina-crean-pandillas-letales-trax\/\",\"name\":\"Por qu\u00e9 las c\u00e1rceles de Am\u00e9rica Latina crean algunas de las pandillas m\u00e1s letales del mundo - Noticias\",\"isPartOf\":{\"@id\":\"https:\/\/noticiasya.com\/#website\"},\"datePublished\":\"2025-12-10T08:03:41+00:00\",\"breadcrumb\":{\"@id\":\"https:\/\/noticiasya.com\/2025\/12\/10\/carceles-america-latina-crean-pandillas-letales-trax\/#breadcrumb\"},\"inLanguage\":\"es\",\"potentialAction\":[{\"@type\":\"ReadAction\",\"target\":[\"https:\/\/noticiasya.com\/2025\/12\/10\/carceles-america-latina-crean-pandillas-letales-trax\/\"]}]},{\"@type\":\"BreadcrumbList\",\"@id\":\"https:\/\/noticiasya.com\/2025\/12\/10\/carceles-america-latina-crean-pandillas-letales-trax\/#breadcrumb\",\"itemListElement\":[{\"@type\":\"ListItem\",\"position\":1,\"name\":\"Home\",\"item\":\"https:\/\/noticiasya.com\/\"},{\"@type\":\"ListItem\",\"position\":2,\"name\":\"Por qu\u00e9 las c\u00e1rceles de Am\u00e9rica Latina crean algunas de las pandillas m\u00e1s letales del mundo\"}]},{\"@type\":\"WebSite\",\"@id\":\"https:\/\/noticiasya.com\/#website\",\"url\":\"https:\/\/noticiasya.com\/\",\"name\":\"Noticias\",\"description\":\"Lo que importa\",\"publisher\":{\"@id\":\"https:\/\/noticiasya.com\/#organization\"},\"potentialAction\":[{\"@type\":\"SearchAction\",\"target\":{\"@type\":\"EntryPoint\",\"urlTemplate\":\"https:\/\/noticiasya.com\/?s={search_term_string}\"},\"query-input\":{\"@type\":\"PropertyValueSpecification\",\"valueRequired\":true,\"valueName\":\"search_term_string\"}}],\"inLanguage\":\"es\"},{\"@type\":\"Organization\",\"@id\":\"https:\/\/noticiasya.com\/#organization\",\"name\":\"Noticias\",\"url\":\"https:\/\/noticiasya.com\/\",\"logo\":{\"@type\":\"ImageObject\",\"inLanguage\":\"es\",\"@id\":\"https:\/\/noticiasya.com\/#\/schema\/logo\/image\/\",\"url\":\"https:\/\/noticiasya.com\/wp-content\/uploads\/sites\/22\/2023\/12\/logo-nacional.png\",\"contentUrl\":\"https:\/\/noticiasya.com\/wp-content\/uploads\/sites\/22\/2023\/12\/logo-nacional.png\",\"width\":1801,\"height\":691,\"caption\":\"Noticias\"},\"image\":{\"@id\":\"https:\/\/noticiasya.com\/#\/schema\/logo\/image\/\"}}]}<\/script>\n<!-- \/ Yoast SEO plugin. -->","yoast_head_json":{"title":"Por qu\u00e9 las c\u00e1rceles de Am\u00e9rica Latina crean algunas de las pandillas m\u00e1s letales del mundo - Noticias","robots":{"index":"index","follow":"follow","max-snippet":"max-snippet:-1","max-image-preview":"max-image-preview:large","max-video-preview":"max-video-preview:-1"},"canonical":"https:\/\/noticiasya.com\/2025\/12\/10\/carceles-america-latina-crean-pandillas-letales-trax\/","og_locale":"es_ES","og_type":"article","og_title":"Por qu\u00e9 las c\u00e1rceles de Am\u00e9rica Latina crean algunas de las pandillas m\u00e1s letales del mundo - Noticias","og_description":"La administraci\u00f3n Trump est\u00e1 intensificando los esfuerzos para acabar con las bandas que transportan drogas il\u00edcitas a Estados Unidos, con ataques militares mortales en el mar y medidas para endurecer las fronteras como temas centrales. Pero mientras Estados Unidos redobla sus intervenciones abiertas, los expertos advierten que los responsables pol\u00edticos pueden estar pasando por alto [&hellip;]","og_url":"https:\/\/noticiasya.com\/2025\/12\/10\/carceles-america-latina-crean-pandillas-letales-trax\/","og_site_name":"Noticias","article_published_time":"2025-12-10T08:03:41+00:00","twitter_card":"summary_large_image","twitter_misc":{"Est. reading time":"10 minutos"},"schema":{"@context":"https:\/\/schema.org","@graph":[{"@type":"Article","@id":"https:\/\/noticiasya.com\/2025\/12\/10\/carceles-america-latina-crean-pandillas-letales-trax\/#article","isPartOf":{"@id":"https:\/\/noticiasya.com\/2025\/12\/10\/carceles-america-latina-crean-pandillas-letales-trax\/"},"author":{"name":"","@id":""},"headline":"Por qu\u00e9 las c\u00e1rceles de Am\u00e9rica Latina crean algunas de las pandillas m\u00e1s letales del mundo","datePublished":"2025-12-10T08:03:41+00:00","mainEntityOfPage":{"@id":"https:\/\/noticiasya.com\/2025\/12\/10\/carceles-america-latina-crean-pandillas-letales-trax\/"},"wordCount":1928,"commentCount":0,"publisher":{"@id":"https:\/\/noticiasya.com\/#organization"},"articleSection":["Noticias Nacionales"],"inLanguage":"es","potentialAction":[{"@type":"CommentAction","name":"Comment","target":["https:\/\/noticiasya.com\/2025\/12\/10\/carceles-america-latina-crean-pandillas-letales-trax\/#respond"]}]},{"@type":"WebPage","@id":"https:\/\/noticiasya.com\/2025\/12\/10\/carceles-america-latina-crean-pandillas-letales-trax\/","url":"https:\/\/noticiasya.com\/2025\/12\/10\/carceles-america-latina-crean-pandillas-letales-trax\/","name":"Por qu\u00e9 las c\u00e1rceles de Am\u00e9rica Latina crean algunas de las pandillas m\u00e1s letales del mundo - Noticias","isPartOf":{"@id":"https:\/\/noticiasya.com\/#website"},"datePublished":"2025-12-10T08:03:41+00:00","breadcrumb":{"@id":"https:\/\/noticiasya.com\/2025\/12\/10\/carceles-america-latina-crean-pandillas-letales-trax\/#breadcrumb"},"inLanguage":"es","potentialAction":[{"@type":"ReadAction","target":["https:\/\/noticiasya.com\/2025\/12\/10\/carceles-america-latina-crean-pandillas-letales-trax\/"]}]},{"@type":"BreadcrumbList","@id":"https:\/\/noticiasya.com\/2025\/12\/10\/carceles-america-latina-crean-pandillas-letales-trax\/#breadcrumb","itemListElement":[{"@type":"ListItem","position":1,"name":"Home","item":"https:\/\/noticiasya.com\/"},{"@type":"ListItem","position":2,"name":"Por qu\u00e9 las c\u00e1rceles de Am\u00e9rica Latina crean algunas de las pandillas m\u00e1s letales del mundo"}]},{"@type":"WebSite","@id":"https:\/\/noticiasya.com\/#website","url":"https:\/\/noticiasya.com\/","name":"Noticias","description":"Lo que importa","publisher":{"@id":"https:\/\/noticiasya.com\/#organization"},"potentialAction":[{"@type":"SearchAction","target":{"@type":"EntryPoint","urlTemplate":"https:\/\/noticiasya.com\/?s={search_term_string}"},"query-input":{"@type":"PropertyValueSpecification","valueRequired":true,"valueName":"search_term_string"}}],"inLanguage":"es"},{"@type":"Organization","@id":"https:\/\/noticiasya.com\/#organization","name":"Noticias","url":"https:\/\/noticiasya.com\/","logo":{"@type":"ImageObject","inLanguage":"es","@id":"https:\/\/noticiasya.com\/#\/schema\/logo\/image\/","url":"https:\/\/noticiasya.com\/wp-content\/uploads\/sites\/22\/2023\/12\/logo-nacional.png","contentUrl":"https:\/\/noticiasya.com\/wp-content\/uploads\/sites\/22\/2023\/12\/logo-nacional.png","width":1801,"height":691,"caption":"Noticias"},"image":{"@id":"https:\/\/noticiasya.com\/#\/schema\/logo\/image\/"}}]}},"parsely":{"version":"1.1.0","canonical_url":"https:\/\/noticiasya.com\/midland-odessa\/2025\/12\/10\/carceles-america-latina-crean-pandillas-letales-trax\/","smart_links":{"inbound":0,"outbound":0},"traffic_boost_suggestions_count":0,"meta":{"@context":"https:\/\/schema.org","@type":"NewsArticle","headline":"Por qu\u00e9 las c\u00e1rceles de Am\u00e9rica Latina crean algunas de las pandillas m\u00e1s letales del mundo","url":"http:\/\/noticiasya.com\/midland-odessa\/2025\/12\/10\/carceles-america-latina-crean-pandillas-letales-trax\/","mainEntityOfPage":{"@type":"WebPage","@id":"http:\/\/noticiasya.com\/midland-odessa\/2025\/12\/10\/carceles-america-latina-crean-pandillas-letales-trax\/"},"thumbnailUrl":"","image":{"@type":"ImageObject","url":""},"articleSection":"Noticias Nacionales","author":[],"creator":[],"publisher":{"@type":"Organization","name":"Noticias","logo":""},"keywords":[],"dateCreated":"2025-12-10T08:03:41Z","datePublished":"2025-12-10T08:03:41Z","dateModified":"2025-12-10T08:03:41Z"},"rendered":"<script type=\"application\/ld+json\" class=\"wp-parsely-metadata\">{\"@context\":\"https:\\\/\\\/schema.org\",\"@type\":\"NewsArticle\",\"headline\":\"Por qu\\u00e9 las c\\u00e1rceles de Am\\u00e9rica Latina crean algunas de las pandillas m\\u00e1s letales del mundo\",\"url\":\"http:\\\/\\\/noticiasya.com\\\/midland-odessa\\\/2025\\\/12\\\/10\\\/carceles-america-latina-crean-pandillas-letales-trax\\\/\",\"mainEntityOfPage\":{\"@type\":\"WebPage\",\"@id\":\"http:\\\/\\\/noticiasya.com\\\/midland-odessa\\\/2025\\\/12\\\/10\\\/carceles-america-latina-crean-pandillas-letales-trax\\\/\"},\"thumbnailUrl\":\"\",\"image\":{\"@type\":\"ImageObject\",\"url\":\"\"},\"articleSection\":\"Noticias Nacionales\",\"author\":[],\"creator\":[],\"publisher\":{\"@type\":\"Organization\",\"name\":\"Noticias\",\"logo\":\"\"},\"keywords\":[],\"dateCreated\":\"2025-12-10T08:03:41Z\",\"datePublished\":\"2025-12-10T08:03:41Z\",\"dateModified\":\"2025-12-10T08:03:41Z\"}<\/script>","tracker_url":"https:\/\/cdn.parsely.com\/keys\/noticiasya.com\/p.js"},"jetpack_featured_media_url":"","jetpack-related-posts":[{"id":1451207,"url":"https:\/\/noticiasya.com\/midland-odessa\/2024\/07\/17\/ted-cruz-venezuela-inmigracion-carceles-criminales-verificacion-orix\/","url_meta":{"origin":1469131,"position":0},"title":"CNN verifica: Ted Cruz dijo que Venezuela \u201cvac\u00eda sus c\u00e1rceles\u201d para enviar criminales a EE.UU. Esto es falso","author":"","date":"julio 17, 2024","format":false,"excerpt":"(CNN Espa\u00f1ol) -- Desde la Convenci\u00f3n Nacional Republicana, Ted Cruz, senador por Texas, realiz\u00f3 declaraciones falsas sobre supuestos v\u00ednculos de la inmigraci\u00f3n con la delincuencia en Estados Unidos. Puntualmente, acus\u00f3 al gobierno de Venezuela de \u201cvaciar sus c\u00e1rceles\u201d y enviar criminales al pa\u00eds.\u201cCreo que el gobierno de Venezuela deliberadamente est\u00e1\u2026","rel":"","context":"In &quot;Noticias Nacionales&quot;","block_context":{"text":"Noticias Nacionales","link":"https:\/\/noticiasya.com\/midland-odessa\/categoria\/noticias-nacionales"},"img":{"alt_text":"","src":"","width":0,"height":0},"classes":[]},{"id":1445848,"url":"https:\/\/noticiasya.com\/midland-odessa\/2024\/02\/21\/ecuador-carceles-fuerzas-armadas-orix\/","url_meta":{"origin":1469131,"position":1},"title":"Las Fuerzas Armadas seguir\u00e1n en las c\u00e1rceles de Ecuador \u201chasta que sea necesario\u201d, dice jefe militar","author":"","date":"febrero 21, 2024","format":false,"excerpt":"(CNN) \u2013\u2013 Las Fuerzas Armadas de Ecuador mantendr\u00e1n el control de las c\u00e1rceles del pa\u00eds \u201chasta que sea necesario\u201d, dijo este martes el almirante Jaime Vela, jefe del Comando Conjunto, de acuerdo con un comunicado de la Presidencia.El jefe militar hizo esta declaraci\u00f3n despu\u00e9s de una reuni\u00f3n con el presidente\u2026","rel":"","context":"In &quot;Noticias Nacionales&quot;","block_context":{"text":"Noticias Nacionales","link":"https:\/\/noticiasya.com\/midland-odessa\/categoria\/noticias-nacionales"},"img":{"alt_text":"","src":"","width":0,"height":0},"classes":[]},{"id":1465135,"url":"https:\/\/noticiasya.com\/midland-odessa\/2025\/08\/05\/ice-arrestos-estados-republicanos-democratas-trax\/","url_meta":{"origin":1469131,"position":2},"title":"ICE utiliza t\u00e1cticas muy diferentes para arrestar inmigrantes en los estados republicanos y en los dem\u00f3cratas, seg\u00fan datos","author":"","date":"agosto 5, 2025","format":false,"excerpt":"El Gobierno de Trump est\u00e1 deteniendo a cientos de inmigrantes todos los d\u00edas en todo el pa\u00eds, pero hay una marcada divisi\u00f3n entre lo que hace el Servicio de Inmigraci\u00f3n y Control de Aduanas (ICE) en los estados dem\u00f3cratas y en los republicanos.En los estados que votaron por el presidente\u2026","rel":"","context":"In &quot;Noticias Nacionales&quot;","block_context":{"text":"Noticias Nacionales","link":"https:\/\/noticiasya.com\/midland-odessa\/categoria\/noticias-nacionales"},"img":{"alt_text":"","src":"","width":0,"height":0},"classes":[]},{"id":1443399,"url":"https:\/\/noticiasya.com\/midland-odessa\/2024\/01\/09\/el-presidente-noboa-decreta-estado-de-excepcion-en-ecuador-por-conmocion-interna-no-vamos-a-negociar-con-terroristas\/","url_meta":{"origin":1469131,"position":3},"title":"El presidente Noboa decreta estado de excepci\u00f3n en Ecuador por conmoci\u00f3n interna: \u201cNo vamos a negociar con terroristas\u201d","author":"","date":"enero 9, 2024","format":false,"excerpt":"(CNN Espa\u00f1ol) -- El presidente de Ecuador, Daniel Noboa, firm\u00f3 este lunes un decreto de estado de excepci\u00f3n para todo el pa\u00eds, incluidas las c\u00e1rceles, argumentando \u201cgrave conmoci\u00f3n interna\u201d tras varios hechos, entre ellos la fuga reportada este domingo de Adolfo Mac\u00edas, alias \u201cFito\u201d, l\u00edder de Los Choneros, una banda\u2026","rel":"","context":"In &quot;Noticias Nacionales&quot;","block_context":{"text":"Noticias Nacionales","link":"https:\/\/noticiasya.com\/midland-odessa\/categoria\/noticias-nacionales"},"img":{"alt_text":"","src":"","width":0,"height":0},"classes":[]},{"id":1469354,"url":"https:\/\/noticiasya.com\/midland-odessa\/2025\/12\/17\/hacinamiento-tuberculosis-carceles-ecuador-orix\/","url_meta":{"origin":1469131,"position":4},"title":"Hacinamiento, tuberculosis y violencia: el peligroso combo que afecta a las c\u00e1rceles de Ecuador y provoca decenas de muertes","author":"","date":"diciembre 17, 2025","format":false,"excerpt":"Al menos 30 presos murieron en una c\u00e1rcel del sur de Ecuador el pasado 9 de noviembre por presunta asfixia. Apenas un mes despu\u00e9s, en la misma prisi\u00f3n se registraron 13 muertes luego de la explosi\u00f3n de un artefacto en los exteriores del centro sin que se aclare su conexi\u00f3n\u2026","rel":"","context":"In &quot;Noticias Nacionales&quot;","block_context":{"text":"Noticias Nacionales","link":"https:\/\/noticiasya.com\/midland-odessa\/categoria\/noticias-nacionales"},"img":{"alt_text":"","src":"","width":0,"height":0},"classes":[]},{"id":1470213,"url":"https:\/\/noticiasya.com\/midland-odessa\/2026\/01\/18\/pandillas-matan-siete-policias-guatemala-trax\/","url_meta":{"origin":1469131,"position":5},"title":"Pandillas matan a siete polic\u00edas en Guatemala en represalia por operativo tras motines en c\u00e1rceles","author":"","date":"enero 18, 2026","format":false,"excerpt":"Siete polic\u00edas murieron en Guatemala en medio de un repunte de la violencia de pandillas que se origin\u00f3 luego de producirse motines en tres c\u00e1rceles, inform\u00f3 el ministro del Interior, Marco Antonio Villeda.Las autoridades retomaron la ma\u00f1ana del domingo el control de una prisi\u00f3n, despu\u00e9s de que hab\u00eda sido tomada\u2026","rel":"","context":"In &quot;Noticias Nacionales&quot;","block_context":{"text":"Noticias Nacionales","link":"https:\/\/noticiasya.com\/midland-odessa\/categoria\/noticias-nacionales"},"img":{"alt_text":"","src":"","width":0,"height":0},"classes":[]}],"jetpack_sharing_enabled":true,"_links":{"self":[{"href":"https:\/\/noticiasya.com\/midland-odessa\/wp-json\/wp\/v2\/posts\/1469131","targetHints":{"allow":["GET"]}}],"collection":[{"href":"https:\/\/noticiasya.com\/midland-odessa\/wp-json\/wp\/v2\/posts"}],"about":[{"href":"https:\/\/noticiasya.com\/midland-odessa\/wp-json\/wp\/v2\/types\/post"}],"replies":[{"embeddable":true,"href":"https:\/\/noticiasya.com\/midland-odessa\/wp-json\/wp\/v2\/comments?post=1469131"}],"version-history":[{"count":0,"href":"https:\/\/noticiasya.com\/midland-odessa\/wp-json\/wp\/v2\/posts\/1469131\/revisions"}],"wp:attachment":[{"href":"https:\/\/noticiasya.com\/midland-odessa\/wp-json\/wp\/v2\/media?parent=1469131"}],"wp:term":[{"taxonomy":"category","embeddable":true,"href":"https:\/\/noticiasya.com\/midland-odessa\/wp-json\/wp\/v2\/categories?post=1469131"},{"taxonomy":"post_tag","embeddable":true,"href":"https:\/\/noticiasya.com\/midland-odessa\/wp-json\/wp\/v2\/tags?post=1469131"}],"curies":[{"name":"wp","href":"https:\/\/api.w.org\/{rel}","templated":true}]}}