{"id":1469133,"date":"2025-12-10T02:03:40","date_gmt":"2025-12-10T10:03:40","guid":{"rendered":"https:\/\/noticiasya.com\/2025\/12\/10\/maria-corina-machado-no-estara-ceremonia-entrega-nobel-paz-efe\/"},"modified":"2025-12-10T02:03:40","modified_gmt":"2025-12-10T10:03:40","slug":"maria-corina-machado-no-estara-ceremonia-entrega-nobel-paz-efe","status":"publish","type":"post","link":"https:\/\/noticiasya.com\/midland-odessa\/2025\/12\/10\/maria-corina-machado-no-estara-ceremonia-entrega-nobel-paz-efe\/","title":{"rendered":"Mar\u00eda Corina Machado no estar\u00e1 en la ceremonia de entrega del Nobel de la Paz en Oslo, afirma director del Instituto Nobel"},"content":{"rendered":"<p>Mar\u00eda Corina Machado no estar\u00e1 este mi\u00e9rcoles en Oslo para recoger el premio de la Paz de este a\u00f1o, confirm\u00f3 a la televisi\u00f3n p\u00fablica noruega NRK el director del Instituto Nobel, Kristian Berg Harpviken.<\/p>\n<p>\u201cDesgraciadamente todav\u00eda no est\u00e1 en Noruega y tampoco estar\u00e1 en el escenario del Ayuntamiento de Oslo a las 13.00 p.m., hora local, cuando comience la ceremonia\u201d, declar\u00f3 Harpviken, quien dijo que ser\u00e1 la hija de Machado, Ana Corina Sosa, quien recoja el premio en su lugar y lea el discurso de aceptaci\u00f3n del galard\u00f3n.<\/p>\n<p>La presencia de Machado, que vive en paradero desconocido en Venezuela, este mi\u00e9rcoles en Oslo era una inc\u00f3gnita despu\u00e9s de que el Instituto Nobel aplazase la v\u00edspera primero su rueda de prensa y finalmente la suspendiese horas despu\u00e9s.<\/p>\n<p>\u201cLa propia Mar\u00eda Corina Machado ha declarado en entrevistas lo complicado que ser\u00e1 el viaje a Oslo. Por lo tanto, en este momento no podemos proporcionar m\u00e1s informaci\u00f3n sobre cu\u00e1ndo y c\u00f3mo llegar\u00e1 para la ceremonia del Premio Nobel de la Paz\u201d, inform\u00f3 entonces la organizaci\u00f3n en un breve comunicado.<\/p>\n<p>Machado hab\u00eda confirmado hace unos d\u00edas al Instituto Nobel que viajar\u00eda a la capital noruega para recibir el premio, en la que ser\u00eda su primera aparici\u00f3n p\u00fablica desde enero pasado.<\/p>\n<p>Su hermana, Clara Machado Parisca, declar\u00f3 el martes en una entrevista desde Oslo con la emisora colombiana Blu Radio que la intenci\u00f3n de la premio Nobel es \u201cestar aqu\u00ed con nosotros\u201d y por eso la est\u00e1n esperando \u201ccon fe de que va a llegar muy pronto\u201d.<\/p>\n<p>En la capital noruega se encuentran tambi\u00e9n su madre, Corina Parisca, su hermana y su hija, Ana Corina Sosa, que estar\u00e1 acompa\u00f1ada en la ceremonia ma\u00f1ana por sus dos hermanos.<\/p>\n<p>No es la primera vez que un galardonado con el Nobel de la Paz no acude a recogerlo el d\u00eda de la entrega.<\/p>\n<p>Cuando el chino Liu Xiaobo, entonces encarcelado, gan\u00f3 el Nobel de la Paz en 2010, nadie acudi\u00f3 a recoger el premio. Se coloc\u00f3 una foto suya en el sill\u00f3n destinado a \u00e9l, y la actriz noruega Liv Ullmann ley\u00f3 el discurso de aceptaci\u00f3n.<\/p>\n<p>En 2022, en cambio, el bielorruso Ales Bialiatski, uno de los tres galardonados con el Nobel de ese a\u00f1o y que permanec\u00eda en prisi\u00f3n, estuvo representado por su esposa, Natallia Pinchuk.<\/p>\n<p>Y cuando lo hizo la iran\u00ed Narges Mohammadi, tambi\u00e9n encarcelada, en 2023, fueron sus hijos quienes viajaron a Oslo a recoger el premio y leer el discurso.<\/p>\n<p>Aparte de los hijos de Machado, en Oslo se encuentran estos d\u00edas varias figuras destacadas de la oposici\u00f3n venezolana.<\/p>\n<p>Entre ellos est\u00e1 Edmundo Gonz\u00e1lez Urrutia, candidato en las elecciones presidenciales del a\u00f1o pasado y exiliado en Espa\u00f1a desde septiembre de 2024, que viaj\u00f3 el martes a la capital noruega.<\/p>\n<p>Tambi\u00e9n se encuentran ya, invitados por la galardonada, los presidentes de Panam\u00e1, Jos\u00e9 Ra\u00fal Mulino; Argentina, Javier Milei, y se espera tambi\u00e9n la llegada del jefe de Estado de Paraguay, Santiago Pe\u00f1a, as\u00ed como el de Ecuador, Daniel Noboa.<\/p>\n<p>Los cuatro presidentes latinoamericanos ser\u00e1n recibidos este mi\u00e9rcoles en audiencia por el rey de Noruega, Harald V, tras la ceremonia de entrega del premio y luego se reunir\u00e1n por separado con el primer ministro Jonas Gahr St\u00f8re.<\/p>\n<p>The-CNN-Wire<br \/>&trade; &amp; &copy; 2025 Cable News Network, Inc., a Warner Bros. Discovery Company. All rights reserved.<\/p>\n","protected":false},"excerpt":{"rendered":"<p>Mar\u00eda Corina Machado no estar\u00e1 este mi\u00e9rcoles en Oslo para recoger el premio de la Paz de este a\u00f1o, confirm\u00f3 a la televisi\u00f3n p\u00fablica noruega NRK el director del Instituto Nobel, Kristian Berg Harpviken. \u201cDesgraciadamente todav\u00eda no est\u00e1 en Noruega y tampoco estar\u00e1 en el escenario del Ayuntamiento de Oslo a las 13.00 p.m., hora [&hellip;]<\/p>\n","protected":false},"author":0,"featured_media":0,"comment_status":"open","ping_status":"open","sticky":false,"template":"","format":"standard","meta":{"_jetpack_memberships_contains_paid_content":false,"footnotes":""},"categories":[10],"tags":[],"class_list":["post-1469133","post","type-post","status-publish","format-standard","hentry","category-noticias-nacionales","market-global"],"yoast_head":"<!-- This site is optimized with the Yoast SEO plugin v24.4 - https:\/\/yoast.com\/wordpress\/plugins\/seo\/ -->\n<title>Mar\u00eda Corina Machado no estar\u00e1 en la ceremonia de entrega del Nobel de la Paz en Oslo, afirma director del Instituto Nobel - Noticias<\/title>\n<meta name=\"robots\" content=\"index, follow, max-snippet:-1, max-image-preview:large, max-video-preview:-1\" \/>\n<link rel=\"canonical\" href=\"https:\/\/noticiasya.com\/2025\/12\/10\/maria-corina-machado-no-estara-ceremonia-entrega-nobel-paz-efe\/\" \/>\n<meta property=\"og:locale\" content=\"es_ES\" \/>\n<meta property=\"og:type\" content=\"article\" \/>\n<meta property=\"og:title\" content=\"Mar\u00eda Corina Machado no estar\u00e1 en la ceremonia de entrega del Nobel de la Paz en Oslo, afirma director del Instituto Nobel - Noticias\" \/>\n<meta property=\"og:description\" content=\"Mar\u00eda Corina Machado no estar\u00e1 este mi\u00e9rcoles en Oslo para recoger el premio de la Paz de este a\u00f1o, confirm\u00f3 a la televisi\u00f3n p\u00fablica noruega NRK el director del Instituto Nobel, Kristian Berg Harpviken. \u201cDesgraciadamente todav\u00eda no est\u00e1 en Noruega y tampoco estar\u00e1 en el escenario del Ayuntamiento de Oslo a las 13.00 p.m., hora [&hellip;]\" \/>\n<meta property=\"og:url\" content=\"https:\/\/noticiasya.com\/2025\/12\/10\/maria-corina-machado-no-estara-ceremonia-entrega-nobel-paz-efe\/\" \/>\n<meta property=\"og:site_name\" content=\"Noticias\" \/>\n<meta property=\"article:published_time\" content=\"2025-12-10T10:03:40+00:00\" \/>\n<meta name=\"twitter:card\" content=\"summary_large_image\" \/>\n<meta name=\"twitter:label1\" content=\"Est. reading time\" \/>\n\t<meta name=\"twitter:data1\" content=\"3 minutos\" \/>\n<script type=\"application\/ld+json\" class=\"yoast-schema-graph\">{\"@context\":\"https:\/\/schema.org\",\"@graph\":[{\"@type\":\"Article\",\"@id\":\"https:\/\/noticiasya.com\/2025\/12\/10\/maria-corina-machado-no-estara-ceremonia-entrega-nobel-paz-efe\/#article\",\"isPartOf\":{\"@id\":\"https:\/\/noticiasya.com\/2025\/12\/10\/maria-corina-machado-no-estara-ceremonia-entrega-nobel-paz-efe\/\"},\"author\":{\"name\":\"\",\"@id\":\"\"},\"headline\":\"Mar\u00eda Corina Machado no estar\u00e1 en la ceremonia de entrega del Nobel de la Paz en Oslo, afirma director del Instituto Nobel\",\"datePublished\":\"2025-12-10T10:03:40+00:00\",\"mainEntityOfPage\":{\"@id\":\"https:\/\/noticiasya.com\/2025\/12\/10\/maria-corina-machado-no-estara-ceremonia-entrega-nobel-paz-efe\/\"},\"wordCount\":616,\"commentCount\":0,\"publisher\":{\"@id\":\"https:\/\/noticiasya.com\/#organization\"},\"articleSection\":[\"Noticias Nacionales\"],\"inLanguage\":\"es\",\"potentialAction\":[{\"@type\":\"CommentAction\",\"name\":\"Comment\",\"target\":[\"https:\/\/noticiasya.com\/2025\/12\/10\/maria-corina-machado-no-estara-ceremonia-entrega-nobel-paz-efe\/#respond\"]}]},{\"@type\":\"WebPage\",\"@id\":\"https:\/\/noticiasya.com\/2025\/12\/10\/maria-corina-machado-no-estara-ceremonia-entrega-nobel-paz-efe\/\",\"url\":\"https:\/\/noticiasya.com\/2025\/12\/10\/maria-corina-machado-no-estara-ceremonia-entrega-nobel-paz-efe\/\",\"name\":\"Mar\u00eda Corina Machado no estar\u00e1 en la ceremonia de entrega del Nobel de la Paz en Oslo, afirma director del Instituto Nobel - Noticias\",\"isPartOf\":{\"@id\":\"https:\/\/noticiasya.com\/#website\"},\"datePublished\":\"2025-12-10T10:03:40+00:00\",\"breadcrumb\":{\"@id\":\"https:\/\/noticiasya.com\/2025\/12\/10\/maria-corina-machado-no-estara-ceremonia-entrega-nobel-paz-efe\/#breadcrumb\"},\"inLanguage\":\"es\",\"potentialAction\":[{\"@type\":\"ReadAction\",\"target\":[\"https:\/\/noticiasya.com\/2025\/12\/10\/maria-corina-machado-no-estara-ceremonia-entrega-nobel-paz-efe\/\"]}]},{\"@type\":\"BreadcrumbList\",\"@id\":\"https:\/\/noticiasya.com\/2025\/12\/10\/maria-corina-machado-no-estara-ceremonia-entrega-nobel-paz-efe\/#breadcrumb\",\"itemListElement\":[{\"@type\":\"ListItem\",\"position\":1,\"name\":\"Home\",\"item\":\"https:\/\/noticiasya.com\/\"},{\"@type\":\"ListItem\",\"position\":2,\"name\":\"Mar\u00eda Corina Machado no estar\u00e1 en la ceremonia de entrega del Nobel de la Paz en Oslo, afirma director del Instituto Nobel\"}]},{\"@type\":\"WebSite\",\"@id\":\"https:\/\/noticiasya.com\/#website\",\"url\":\"https:\/\/noticiasya.com\/\",\"name\":\"Noticias\",\"description\":\"Lo que importa\",\"publisher\":{\"@id\":\"https:\/\/noticiasya.com\/#organization\"},\"potentialAction\":[{\"@type\":\"SearchAction\",\"target\":{\"@type\":\"EntryPoint\",\"urlTemplate\":\"https:\/\/noticiasya.com\/?s={search_term_string}\"},\"query-input\":{\"@type\":\"PropertyValueSpecification\",\"valueRequired\":true,\"valueName\":\"search_term_string\"}}],\"inLanguage\":\"es\"},{\"@type\":\"Organization\",\"@id\":\"https:\/\/noticiasya.com\/#organization\",\"name\":\"Noticias\",\"url\":\"https:\/\/noticiasya.com\/\",\"logo\":{\"@type\":\"ImageObject\",\"inLanguage\":\"es\",\"@id\":\"https:\/\/noticiasya.com\/#\/schema\/logo\/image\/\",\"url\":\"https:\/\/noticiasya.com\/wp-content\/uploads\/sites\/22\/2023\/12\/logo-nacional.png\",\"contentUrl\":\"https:\/\/noticiasya.com\/wp-content\/uploads\/sites\/22\/2023\/12\/logo-nacional.png\",\"width\":1801,\"height\":691,\"caption\":\"Noticias\"},\"image\":{\"@id\":\"https:\/\/noticiasya.com\/#\/schema\/logo\/image\/\"}}]}<\/script>\n<!-- \/ Yoast SEO plugin. -->","yoast_head_json":{"title":"Mar\u00eda Corina Machado no estar\u00e1 en la ceremonia de entrega del Nobel de la Paz en Oslo, afirma director del Instituto Nobel - Noticias","robots":{"index":"index","follow":"follow","max-snippet":"max-snippet:-1","max-image-preview":"max-image-preview:large","max-video-preview":"max-video-preview:-1"},"canonical":"https:\/\/noticiasya.com\/2025\/12\/10\/maria-corina-machado-no-estara-ceremonia-entrega-nobel-paz-efe\/","og_locale":"es_ES","og_type":"article","og_title":"Mar\u00eda Corina Machado no estar\u00e1 en la ceremonia de entrega del Nobel de la Paz en Oslo, afirma director del Instituto Nobel - Noticias","og_description":"Mar\u00eda Corina Machado no estar\u00e1 este mi\u00e9rcoles en Oslo para recoger el premio de la Paz de este a\u00f1o, confirm\u00f3 a la televisi\u00f3n p\u00fablica noruega NRK el director del Instituto Nobel, Kristian Berg Harpviken. \u201cDesgraciadamente todav\u00eda no est\u00e1 en Noruega y tampoco estar\u00e1 en el escenario del Ayuntamiento de Oslo a las 13.00 p.m., hora [&hellip;]","og_url":"https:\/\/noticiasya.com\/2025\/12\/10\/maria-corina-machado-no-estara-ceremonia-entrega-nobel-paz-efe\/","og_site_name":"Noticias","article_published_time":"2025-12-10T10:03:40+00:00","twitter_card":"summary_large_image","twitter_misc":{"Est. reading time":"3 minutos"},"schema":{"@context":"https:\/\/schema.org","@graph":[{"@type":"Article","@id":"https:\/\/noticiasya.com\/2025\/12\/10\/maria-corina-machado-no-estara-ceremonia-entrega-nobel-paz-efe\/#article","isPartOf":{"@id":"https:\/\/noticiasya.com\/2025\/12\/10\/maria-corina-machado-no-estara-ceremonia-entrega-nobel-paz-efe\/"},"author":{"name":"","@id":""},"headline":"Mar\u00eda Corina Machado no estar\u00e1 en la ceremonia de entrega del Nobel de la Paz en Oslo, afirma director del Instituto Nobel","datePublished":"2025-12-10T10:03:40+00:00","mainEntityOfPage":{"@id":"https:\/\/noticiasya.com\/2025\/12\/10\/maria-corina-machado-no-estara-ceremonia-entrega-nobel-paz-efe\/"},"wordCount":616,"commentCount":0,"publisher":{"@id":"https:\/\/noticiasya.com\/#organization"},"articleSection":["Noticias Nacionales"],"inLanguage":"es","potentialAction":[{"@type":"CommentAction","name":"Comment","target":["https:\/\/noticiasya.com\/2025\/12\/10\/maria-corina-machado-no-estara-ceremonia-entrega-nobel-paz-efe\/#respond"]}]},{"@type":"WebPage","@id":"https:\/\/noticiasya.com\/2025\/12\/10\/maria-corina-machado-no-estara-ceremonia-entrega-nobel-paz-efe\/","url":"https:\/\/noticiasya.com\/2025\/12\/10\/maria-corina-machado-no-estara-ceremonia-entrega-nobel-paz-efe\/","name":"Mar\u00eda Corina Machado no estar\u00e1 en la ceremonia de entrega del Nobel de la Paz en Oslo, afirma director del Instituto Nobel - Noticias","isPartOf":{"@id":"https:\/\/noticiasya.com\/#website"},"datePublished":"2025-12-10T10:03:40+00:00","breadcrumb":{"@id":"https:\/\/noticiasya.com\/2025\/12\/10\/maria-corina-machado-no-estara-ceremonia-entrega-nobel-paz-efe\/#breadcrumb"},"inLanguage":"es","potentialAction":[{"@type":"ReadAction","target":["https:\/\/noticiasya.com\/2025\/12\/10\/maria-corina-machado-no-estara-ceremonia-entrega-nobel-paz-efe\/"]}]},{"@type":"BreadcrumbList","@id":"https:\/\/noticiasya.com\/2025\/12\/10\/maria-corina-machado-no-estara-ceremonia-entrega-nobel-paz-efe\/#breadcrumb","itemListElement":[{"@type":"ListItem","position":1,"name":"Home","item":"https:\/\/noticiasya.com\/"},{"@type":"ListItem","position":2,"name":"Mar\u00eda Corina Machado no estar\u00e1 en la ceremonia de entrega del Nobel de la Paz en Oslo, afirma director del Instituto Nobel"}]},{"@type":"WebSite","@id":"https:\/\/noticiasya.com\/#website","url":"https:\/\/noticiasya.com\/","name":"Noticias","description":"Lo que importa","publisher":{"@id":"https:\/\/noticiasya.com\/#organization"},"potentialAction":[{"@type":"SearchAction","target":{"@type":"EntryPoint","urlTemplate":"https:\/\/noticiasya.com\/?s={search_term_string}"},"query-input":{"@type":"PropertyValueSpecification","valueRequired":true,"valueName":"search_term_string"}}],"inLanguage":"es"},{"@type":"Organization","@id":"https:\/\/noticiasya.com\/#organization","name":"Noticias","url":"https:\/\/noticiasya.com\/","logo":{"@type":"ImageObject","inLanguage":"es","@id":"https:\/\/noticiasya.com\/#\/schema\/logo\/image\/","url":"https:\/\/noticiasya.com\/wp-content\/uploads\/sites\/22\/2023\/12\/logo-nacional.png","contentUrl":"https:\/\/noticiasya.com\/wp-content\/uploads\/sites\/22\/2023\/12\/logo-nacional.png","width":1801,"height":691,"caption":"Noticias"},"image":{"@id":"https:\/\/noticiasya.com\/#\/schema\/logo\/image\/"}}]}},"parsely":{"version":"1.1.0","canonical_url":"https:\/\/noticiasya.com\/midland-odessa\/2025\/12\/10\/maria-corina-machado-no-estara-ceremonia-entrega-nobel-paz-efe\/","smart_links":{"inbound":0,"outbound":0},"traffic_boost_suggestions_count":0,"meta":{"@context":"https:\/\/schema.org","@type":"NewsArticle","headline":"Mar\u00eda Corina Machado no estar\u00e1 en la ceremonia de entrega del Nobel de la Paz en Oslo, afirma director del Instituto Nobel","url":"http:\/\/noticiasya.com\/midland-odessa\/2025\/12\/10\/maria-corina-machado-no-estara-ceremonia-entrega-nobel-paz-efe\/","mainEntityOfPage":{"@type":"WebPage","@id":"http:\/\/noticiasya.com\/midland-odessa\/2025\/12\/10\/maria-corina-machado-no-estara-ceremonia-entrega-nobel-paz-efe\/"},"thumbnailUrl":"","image":{"@type":"ImageObject","url":""},"articleSection":"Noticias Nacionales","author":[],"creator":[],"publisher":{"@type":"Organization","name":"Noticias","logo":""},"keywords":[],"dateCreated":"2025-12-10T10:03:40Z","datePublished":"2025-12-10T10:03:40Z","dateModified":"2025-12-10T10:03:40Z"},"rendered":"<script type=\"application\/ld+json\" class=\"wp-parsely-metadata\">{\"@context\":\"https:\\\/\\\/schema.org\",\"@type\":\"NewsArticle\",\"headline\":\"Mar\\u00eda Corina Machado no estar\\u00e1 en la ceremonia de entrega del Nobel de la Paz en Oslo, afirma director del Instituto Nobel\",\"url\":\"http:\\\/\\\/noticiasya.com\\\/midland-odessa\\\/2025\\\/12\\\/10\\\/maria-corina-machado-no-estara-ceremonia-entrega-nobel-paz-efe\\\/\",\"mainEntityOfPage\":{\"@type\":\"WebPage\",\"@id\":\"http:\\\/\\\/noticiasya.com\\\/midland-odessa\\\/2025\\\/12\\\/10\\\/maria-corina-machado-no-estara-ceremonia-entrega-nobel-paz-efe\\\/\"},\"thumbnailUrl\":\"\",\"image\":{\"@type\":\"ImageObject\",\"url\":\"\"},\"articleSection\":\"Noticias Nacionales\",\"author\":[],\"creator\":[],\"publisher\":{\"@type\":\"Organization\",\"name\":\"Noticias\",\"logo\":\"\"},\"keywords\":[],\"dateCreated\":\"2025-12-10T10:03:40Z\",\"datePublished\":\"2025-12-10T10:03:40Z\",\"dateModified\":\"2025-12-10T10:03:40Z\"}<\/script>","tracker_url":"https:\/\/cdn.parsely.com\/keys\/noticiasya.com\/p.js"},"jetpack_featured_media_url":"","jetpack-related-posts":[{"id":1469339,"url":"https:\/\/noticiasya.com\/midland-odessa\/2025\/12\/17\/maria-corina-machado-deja-oslo-venezuela-premio-nobel-paz-orix\/","url_meta":{"origin":1469133,"position":0},"title":"La ganadora del Premio Nobel de la Paz Mar\u00eda Corina Machado dej\u00f3 Oslo, seg\u00fan su equipo","author":"","date":"diciembre 17, 2025","format":false,"excerpt":"Mar\u00eda Corina Machado ya no est\u00e1 en la ciudad de Oslo, confirm\u00f3 en su cuenta de X Pedro Urruchurtu Noselli, coordinador de relaciones internaciones de la ganadora del Premio Nobel de la Paz.\u201cSe encuentra bien y durante estos d\u00edas est\u00e1 atendiendo citas m\u00e9dicas con un especialista en funci\u00f3n de su\u2026","rel":"","context":"In &quot;Noticias Nacionales&quot;","block_context":{"text":"Noticias Nacionales","link":"https:\/\/noticiasya.com\/midland-odessa\/categoria\/noticias-nacionales"},"img":{"alt_text":"","src":"","width":0,"height":0},"classes":[]},{"id":1469033,"url":"https:\/\/noticiasya.com\/midland-odessa\/2025\/12\/06\/venezolanos-paises-marchan-convocatoria-maria-corina-machado-dias-nobel-paz-orix\/","url_meta":{"origin":1469133,"position":1},"title":"Venezolanos en decenas de pa\u00edses marchan tras convocatoria de Mar\u00eda Corina Machado a pocos d\u00edas de recibir el Nobel de la Paz","author":"","date":"diciembre 6, 2025","format":false,"excerpt":"Venezolanos en distintas partes del mundo acudieron este s\u00e1bado a una Marcha \u201cPor la Paz y la Libertad convocada por la l\u00edder opositora Mar\u00eda Corina Machado, galardonada con el Premio Nobel de la Paz 2025, a pocos d\u00edas de que se lleve a cabo la entrega del prestigioso reconocimiento en\u2026","rel":"","context":"In &quot;Noticias Nacionales&quot;","block_context":{"text":"Noticias Nacionales","link":"https:\/\/noticiasya.com\/midland-odessa\/categoria\/noticias-nacionales"},"img":{"alt_text":"","src":"","width":0,"height":0},"classes":[]},{"id":1467253,"url":"https:\/\/noticiasya.com\/midland-odessa\/2025\/10\/10\/premio-nobel-paz-maria-corina-machado-lider-opositora-venezolana-trax\/","url_meta":{"origin":1469133,"position":2},"title":"Premio Nobel de la Paz para Mar\u00eda Corina Machado, l\u00edder opositora venezolana","author":"","date":"octubre 10, 2025","format":false,"excerpt":"El Premio Nobel de la Paz 2025 fue otorgado a Mar\u00eda Corina Machado por \u201cpromover los derechos democr\u00e1ticos del pueblo de Venezuela\u201d.El Comit\u00e9 Noruego del Nobel afirm\u00f3 que Mar\u00eda Corina Machado hab\u00eda ayudado a \u201cmantener encendida la llama de la democracia frente a una oscuridad creciente\u201d.Al anunciar el premio en\u2026","rel":"","context":"In &quot;Noticias Nacionales&quot;","block_context":{"text":"Noticias Nacionales","link":"https:\/\/noticiasya.com\/midland-odessa\/categoria\/noticias-nacionales"},"img":{"alt_text":"","src":"","width":0,"height":0},"classes":[]},{"id":1469124,"url":"https:\/\/noticiasya.com\/midland-odessa\/2025\/12\/09\/expectativa-corina-machado-oslo-nobel-paz-orox\/","url_meta":{"origin":1469133,"position":3},"title":"&#171;\u00bfHa llegado ya?&#187;: crece la expectativa por Mar\u00eda Corina Machado en la v\u00edspera a la entrega del Nobel de la Paz","author":"","date":"diciembre 9, 2025","format":false,"excerpt":"En el Grand Hotel de Oslo, situado en el centro de la capital de Noruega, la expectativa es constante. El motivo es que este edificio tradicionalmente se convierte en el alojamiento oficial del ganador del premio Nobel de la Paz cuando \u00e9ste llega a la ciudad para recibir el galard\u00f3n.\u2026","rel":"","context":"In &quot;Noticias Nacionales&quot;","block_context":{"text":"Noticias Nacionales","link":"https:\/\/noticiasya.com\/midland-odessa\/categoria\/noticias-nacionales"},"img":{"alt_text":"","src":"","width":0,"height":0},"classes":[]},{"id":1469278,"url":"https:\/\/noticiasya.com\/midland-odessa\/2025\/12\/15\/maria-corina-machado-nobel-fractura-venezuela-oslo-orix\/","url_meta":{"origin":1469133,"position":4},"title":"Mar\u00eda Corina Machado sufri\u00f3 fractura de v\u00e9rtebra en su salida de Venezuela a Oslo","author":"","date":"diciembre 15, 2025","format":false,"excerpt":"La ganadora del premio Nobel de la Paz 2025, Mar\u00eda Corina Machado, sufri\u00f3 una fractura en una v\u00e9rtebra en su riesgosa salida de Venezuela. As\u00ed se lo diagnosticaron tras una evaluaci\u00f3n m\u00e9dica en Oslo, confirm\u00f3 a CNN su equipo de prensa.La informaci\u00f3n fue ratificada luego de que el diario noruego\u2026","rel":"","context":"In &quot;Noticias Nacionales&quot;","block_context":{"text":"Noticias Nacionales","link":"https:\/\/noticiasya.com\/midland-odessa\/categoria\/noticias-nacionales"},"img":{"alt_text":"","src":"","width":0,"height":0},"classes":[]},{"id":1467257,"url":"https:\/\/noticiasya.com\/midland-odessa\/2025\/10\/10\/maria-corina-machado-nobel-paz-impulso-orix\/","url_meta":{"origin":1469133,"position":5},"title":"Mar\u00eda Corina Machado dice que el Nobel de Paz &#171;es un impulso para concluir&#187; la tarea de &#171;conquistar la libertad&#187;","author":"","date":"octubre 10, 2025","format":false,"excerpt":"La dirigente opositora venezolana Mar\u00eda Corina Machado, premiada este viernes con el Nobel de la Paz, afirm\u00f3 que el galard\u00f3n es un impulso \u201cpara concluir\u201d la tarea de \u201cconquistar la libertad\u201d en el pa\u00eds\u201cEste inmenso reconocimiento a la lucha de todos los venezolanos es un impulso para concluir nuestra tarea:\u2026","rel":"","context":"In &quot;Noticias Nacionales&quot;","block_context":{"text":"Noticias Nacionales","link":"https:\/\/noticiasya.com\/midland-odessa\/categoria\/noticias-nacionales"},"img":{"alt_text":"","src":"","width":0,"height":0},"classes":[]}],"jetpack_sharing_enabled":true,"_links":{"self":[{"href":"https:\/\/noticiasya.com\/midland-odessa\/wp-json\/wp\/v2\/posts\/1469133","targetHints":{"allow":["GET"]}}],"collection":[{"href":"https:\/\/noticiasya.com\/midland-odessa\/wp-json\/wp\/v2\/posts"}],"about":[{"href":"https:\/\/noticiasya.com\/midland-odessa\/wp-json\/wp\/v2\/types\/post"}],"replies":[{"embeddable":true,"href":"https:\/\/noticiasya.com\/midland-odessa\/wp-json\/wp\/v2\/comments?post=1469133"}],"version-history":[{"count":0,"href":"https:\/\/noticiasya.com\/midland-odessa\/wp-json\/wp\/v2\/posts\/1469133\/revisions"}],"wp:attachment":[{"href":"https:\/\/noticiasya.com\/midland-odessa\/wp-json\/wp\/v2\/media?parent=1469133"}],"wp:term":[{"taxonomy":"category","embeddable":true,"href":"https:\/\/noticiasya.com\/midland-odessa\/wp-json\/wp\/v2\/categories?post=1469133"},{"taxonomy":"post_tag","embeddable":true,"href":"https:\/\/noticiasya.com\/midland-odessa\/wp-json\/wp\/v2\/tags?post=1469133"}],"curies":[{"name":"wp","href":"https:\/\/api.w.org\/{rel}","templated":true}]}}