{"id":1469134,"date":"2025-12-10T02:03:40","date_gmt":"2025-12-10T10:03:40","guid":{"rendered":"https:\/\/noticiasya.com\/2025\/12\/10\/australia-ansiedad-adolescentes-redes-sociales-trax\/"},"modified":"2025-12-10T02:03:40","modified_gmt":"2025-12-10T10:03:40","slug":"australia-ansiedad-adolescentes-redes-sociales-trax","status":"publish","type":"post","link":"https:\/\/noticiasya.com\/midland-odessa\/2025\/12\/10\/australia-ansiedad-adolescentes-redes-sociales-trax\/","title":{"rendered":"Australia acaba de aliviar su ansiedad por los adolescentes en las redes sociales\u2026 \u00bfo no?"},"content":{"rendered":"<p>Para los padres y activistas que han argumentado durante mucho tiempo que la navegaci\u00f3n vertical incesante est\u00e1 da\u00f1ando las mentes j\u00f3venes, el inicio de la primera prohibici\u00f3n de redes sociales del mundo en Australia para menores de 16 a\u00f1os es solo el comienzo.<\/p>\n<p>Wayne Holdsworth, el padre de Mac, quien se quit\u00f3 la vida a los 17 a\u00f1os despu\u00e9s de ser v\u00edctima de una estafa de extorsi\u00f3n sexual en las redes sociales, se uni\u00f3 este mi\u00e9rcoles a otros padres que hab\u00edan perdido a sus hijos por suicidio en una reuni\u00f3n selecta en Sydney en la residencia oficial del primer ministro.<\/p>\n<p>\u201cEs muy triste. No deber\u00eda estar aqu\u00ed porque \u00e9l deber\u00eda haber estado protegido\u201d, declar\u00f3 Holdsworth a CNN en el evento para conmemorar la ley, que entr\u00f3 en vigor horas antes. \u201cDeber\u00eda haber sabido m\u00e1s. \u00c9l deber\u00eda haber sabido m\u00e1s\u201d.<\/p>\n<p>Para el Gobierno laborista de Australia, la prohibici\u00f3n es una victoria pol\u00edtica que est\u00e1 ganando atenci\u00f3n internacional y lo coloca a la vanguardia de lo que parece ser un impulso global para controlar el alcance y la influencia de las plataformas de redes sociales.<\/p>\n<p>\u201cEsta es Australia liderando el mundo. Esta es Australia respondiendo a un problema global\u201d, declar\u00f3 el primer ministro Anthony Albanese a CNN.<\/p>\n<p>\u201cSabemos que se est\u00e1 causando da\u00f1o social y, por lo tanto, tenemos la responsabilidad como Gobierno de responder a las s\u00faplicas de los padres y responder tambi\u00e9n a la campa\u00f1a de los j\u00f3venes que dicen: d\u00e9jennos ser ni\u00f1os\u201d, agreg\u00f3.<\/p>\n<p>Sus comentarios se produjeron cuando <a href=\"https:\/\/www.cnn.com\/2025\/12\/09\/australia\/australia-social-media-ban-starts-intl-hnk\">10 plataformas<\/a>, incluidas Instagram, Snapchat y TikTok, suspendieron o eliminaron las cuentas de ni\u00f1os menores de 16 a\u00f1os bajo nuevas leyes que amenazan con multas multimillonarias para las empresas tecnol\u00f3gicas que no tomen \u201cmedidas razonables\u201d para mantener a los ni\u00f1os fuera de las redes sociales.<\/p>\n<p>El lanzamiento ha sido complicado, como predijo el Gobierno, con algunos ni\u00f1os excluidos y otros encantados de descubrir que todav\u00eda est\u00e1n en l\u00ednea, aunque los funcionarios dicen que las plataformas deben continuar monitoreando a los usuarios y expulsar a cualquier persona menor de 16 a\u00f1os durante el tiempo que sea necesario.<\/p>\n<p>Algunos expertos apuntan que, por muy buenas intenciones que tengan, la ley no abordar\u00e1 el acoso cibern\u00e9tico, un problema social m\u00e1s amplio que no es espec\u00edfico de una plataforma.<\/p>\n<p>\u201cSe ha exagerado enormemente su importancia\u201d, coment\u00f3 Tama Leaver, profesora de Estudios de Internet en la Universidad Curtin en Perth, Australia Occidental.<\/p>\n<p>\u201cEs un avance mundial, pero tambi\u00e9n lo es porque gran parte del mundo reconoce que las herramientas para hacerlo realmente a\u00fan no funcionan\u201d, a\u00f1adi\u00f3.<\/p>\n<p>Uno de los motivadores de la prohibici\u00f3n australiana fue un libro, \u201cThe Anxious Generation\u201d, del psic\u00f3logo social estadounidense Jonathan Haidt, publicado en marzo de 2024.<\/p>\n<p>La esposa del primer ministro de Australia del Sur, Peter Malinauskas, estaba leyendo el libro en abril pasado y le hac\u00eda a su marido un resumen nocturno de su contenido.<\/p>\n<p>\u201cNunca olvidar\u00e9 una noche, ella termin\u00f3 el libro, se volvi\u00f3 hacia m\u00ed y me dijo: \u2018Ser\u00e1 mejor que hagas algo al respecto\u2019\u201d, dijo Malinauskas en el evento en Sydney este mi\u00e9rcoles.<\/p>\n<p>Entonces encarg\u00f3 un proyecto de ley sobre posibles soluciones en el estado, y la idea se extendi\u00f3 al vecino estado de Nueva Gales del Sur, luego al nivel federal, respaldada por campa\u00f1as impulsadas por padres afligidos como Holdsworth.<\/p>\n<p>El punto principal de Haidt es que los padres han sobreprotegido a sus hijos en el mundo real, pero no los han protegido en l\u00ednea, exponi\u00e9ndolos a depredadores y priv\u00e1ndolos de las habilidades de la vida real aprendidas en el patio de juegos y que desarrollan la resiliencia.<\/p>\n<p>En v\u00edsperas de la prohibici\u00f3n, Albanese envi\u00f3 un mensaje de video directo a los adolescentes australianos, inst\u00e1ndolos a \u201ccomenzar un nuevo deporte, aprender a tocar un nuevo instrumento o leer ese libro que ha estado en su estante durante alg\u00fan tiempo\u201d.<\/p>\n<p>Su llamado a que los ni\u00f1os adopten nuevos intereses se basa en investigaciones realizadas por muchos expertos que indican que el exceso de tiempo frente a la pantalla (y especialmente el dedicado a navegar por feeds seleccionados) est\u00e1 aumentando la ansiedad, con implicaciones a largo plazo para la salud mental de las generaciones m\u00e1s j\u00f3venes.<\/p>\n<p>Los expertos que trabajan estrechamente con ni\u00f1os vulnerables y aislados advierten que quitarles las plataformas de redes sociales podr\u00eda privarlos de redes de apoyo, haci\u00e9ndolos sentir a\u00fan m\u00e1s aislados y solos.<\/p>\n<p>Est\u00e1n observando con cautela el cambio y encontrando nuevas formas de llegar a los ni\u00f1os, ya sea en persona, a trav\u00e9s de grupos u otras plataformas para asegurarse de que no queden fuera de la red de seguridad que Australia est\u00e1 extendiendo ahora alrededor de sus ni\u00f1os.<\/p>\n<p>Los ni\u00f1os podr\u00e1n reactivar sus cuentas sociales cuando cumplan 16 a\u00f1os.<\/p>\n<p>Las conversaciones que mantienen los padres en la mesa no son sustancialmente diferentes a las de Estados Unidos y otros pa\u00edses, como lo demuestra la popularidad del libro de Haidt y las sugerencias de que otros Gobiernos podr\u00edan seguir su ejemplo.<\/p>\n<p>En los \u00faltimos meses, el Reino Unido y Francia han dificultado el acceso de los ni\u00f1os a contenidos inapropiados para su edad, y los miembros de la Uni\u00f3n Europea, entre otros, buscan seguir su ejemplo.<\/p>\n<p>El Gobierno australiano cree que la legislaci\u00f3n sobre redes sociales podr\u00eda establecer un est\u00e1ndar mundial, como lo hizo con las leyes de armas en la d\u00e9cada de 1990, cuando el ejecutivo de turno introdujo nuevas y duras restricciones despu\u00e9s de la masacre de Port Arthur.<\/p>\n<p>Treinta y cinco personas murieron cuando un tirador abri\u00f3 fuego en un sitio tur\u00edstico en Tasmania, lo que provoc\u00f3 una r\u00e1pida acci\u00f3n legislativa y promesas de que nunca volver\u00eda a suceder.<\/p>\n<p>Los tiroteos no han sido erradicados por completo, pero las armas de fuego no son comunes en Australia, y los tiroteos masivos en EE.UU. son un recordatorio frecuente de por qu\u00e9 existen esas leyes.<\/p>\n<p>Julie Inman Grant, comisionada de seguridad electr\u00f3nica de Australia, quien creci\u00f3 en Seattle, dice que la prohibici\u00f3n quiz\u00e1s sea el \u201cprimer ant\u00eddoto verdadero\u201d a lo que algunos ven como un vasto experimento de redes sociales sobre los j\u00f3venes.<\/p>\n<p>\u201cEl mundo seguir\u00e1 el ejemplo de las naciones que una vez adoptaron nuestro ejemplo en el empaquetado neutro de tabaco, la reforma de armas, el agua y la protecci\u00f3n solar\u201d, apunt\u00f3. \u201c\u00bfC\u00f3mo no seguir el ejemplo de un pa\u00eds que prioriza claramente la seguridad de los adolescentes por encima de las ganancias tecnol\u00f3gicas?\u201d<\/p>\n<p>Los cr\u00edticos de la prohibici\u00f3n dicen que viola la privacidad e impide la libertad de expresi\u00f3n, y advierten que cualquier medida que busque monitorear la actividad en l\u00ednea es el comienzo de una vigilancia m\u00e1s estricta.<\/p>\n<p>El Tribunal Superior de Australia escuchar\u00e1 argumentos sobre el impacto de la prohibici\u00f3n en las libertades de los j\u00f3venes para participar en el discurso pol\u00edtico, y algunas de las propias plataformas podr\u00edan iniciar acciones legales para luchar contra la prohibici\u00f3n.<\/p>\n<p>En cuanto a los sentidos pedidos de acci\u00f3n de los padres que perdieron a sus hijos, algunos advierten que eliminar las redes sociales no necesariamente pondr\u00e1 fin al tipo de acoso que padecen algunos j\u00f3venes que se quitaron la vida<\/p>\n<p>Leaver, de la Universidad de Curtin, afirm\u00f3 que es probable que los acosadores cambien de plataforma y teme que la ley haya dado a los padres una falsa sensaci\u00f3n de seguridad. Le preocupan los menores que no cuentan con un adulto de confianza que los ayude durante este per\u00edodo, o aquellos cuyos padres son el problema.<\/p>\n<p>\u201cCreo que si logramos que todos los j\u00f3venes pasen el verano sin que se produzca un incidente tr\u00e1gico, lo habremos hecho bien\u201d, coment\u00f3 Leaver. \u201cCreo que a largo plazo, dado que el Gobierno no ha establecido objetivos ni se ha definido c\u00f3mo lograr el \u00e9xito, es muy dif\u00edcil saber si la prohibici\u00f3n ha funcionado o no\u201d.<\/p>\n<p>Los adolescentes sujetos a la prohibici\u00f3n ya est\u00e1n acudiendo en masa a plataformas m\u00e1s peque\u00f1as que probablemente no tienen el mismo nivel de protecciones incorporadas en las cuentas infantiles por parte de las empresas tecnol\u00f3gicas que han visto cambiar el sentimiento p\u00fablico.<\/p>\n<p>El comisionado de seguridad electr\u00f3nica, Inman Grant, ha sugerido que la relaci\u00f3n de sitios prohibidos crecer\u00e1 y que aquellos en la lista estar\u00e1n sujetos a un monitoreo regular, que comenzar\u00e1 de inmediato.<\/p>\n<p>\u201cMa\u00f1ana emitir\u00e9 avisos informativos a 10 plataformas importantes y proporcionaremos informaci\u00f3n al p\u00fablico antes de Navidad sobre c\u00f3mo se est\u00e1n implementando estas restricciones de edad y si preliminarmente las vemos funcionando\u201d, inform\u00f3 el mi\u00e9rcoles.<\/p>\n<p>\u201cHay algunas cosas seguras\u201d, a\u00f1adi\u00f3. \u201cLos padres recibir\u00e1n apoyo, las familias podr\u00e1n reconectarse y las ataduras tecnol\u00f3gicas se relajar\u00e1n.<\/p>\n<p>\u201cAustralia se sit\u00faa como un agente de cambio global firmemente en el lado correcto de la historia\u201d, indic\u00f3.<\/p>\n<p>Holdsworth afirma que, para \u00e9l, lo que viene a continuaci\u00f3n es m\u00e1s educaci\u00f3n para los ni\u00f1os menores de 16 a\u00f1os sobre los riesgos que enfrentan en l\u00ednea antes de que tengan acceso a las redes sociales.<\/p>\n<p>\u201cTenemos ahora la oportunidad de educar a ni\u00f1os entre ocho y quince a\u00f1os, para que cuando tengan acceso a las redes sociales, est\u00e9n preparados\u201d, declar\u00f3 a CNN.<\/p>\n<p>De su hijo Mac, dijo: \u201cHoy estar\u00eda mir\u00e1ndolo muy orgulloso, orgulloso de ser australiano, orgulloso de ser mi hijo\u201d.<\/p>\n<p>The-CNN-Wire<br \/>&trade; &amp; &copy; 2025 Cable News Network, Inc., a Warner Bros. Discovery Company. All rights reserved.<\/p>\n","protected":false},"excerpt":{"rendered":"<p>Para los padres y activistas que han argumentado durante mucho tiempo que la navegaci\u00f3n vertical incesante est\u00e1 da\u00f1ando las mentes j\u00f3venes, el inicio de la primera prohibici\u00f3n de redes sociales del mundo en Australia para menores de 16 a\u00f1os es solo el comienzo. Wayne Holdsworth, el padre de Mac, quien se quit\u00f3 la vida a [&hellip;]<\/p>\n","protected":false},"author":0,"featured_media":0,"comment_status":"open","ping_status":"open","sticky":false,"template":"","format":"standard","meta":{"_jetpack_memberships_contains_paid_content":false,"footnotes":""},"categories":[10],"tags":[],"class_list":["post-1469134","post","type-post","status-publish","format-standard","hentry","category-noticias-nacionales","market-global"],"yoast_head":"<!-- This site is optimized with the Yoast SEO plugin v24.4 - https:\/\/yoast.com\/wordpress\/plugins\/seo\/ -->\n<title>Australia acaba de aliviar su ansiedad por los adolescentes en las redes sociales\u2026 \u00bfo no? - Noticias<\/title>\n<meta name=\"robots\" content=\"index, follow, max-snippet:-1, max-image-preview:large, max-video-preview:-1\" \/>\n<link rel=\"canonical\" href=\"https:\/\/noticiasya.com\/2025\/12\/10\/australia-ansiedad-adolescentes-redes-sociales-trax\/\" \/>\n<meta property=\"og:locale\" content=\"es_ES\" \/>\n<meta property=\"og:type\" content=\"article\" \/>\n<meta property=\"og:title\" content=\"Australia acaba de aliviar su ansiedad por los adolescentes en las redes sociales\u2026 \u00bfo no? - Noticias\" \/>\n<meta property=\"og:description\" content=\"Para los padres y activistas que han argumentado durante mucho tiempo que la navegaci\u00f3n vertical incesante est\u00e1 da\u00f1ando las mentes j\u00f3venes, el inicio de la primera prohibici\u00f3n de redes sociales del mundo en Australia para menores de 16 a\u00f1os es solo el comienzo. Wayne Holdsworth, el padre de Mac, quien se quit\u00f3 la vida a [&hellip;]\" \/>\n<meta property=\"og:url\" content=\"https:\/\/noticiasya.com\/2025\/12\/10\/australia-ansiedad-adolescentes-redes-sociales-trax\/\" \/>\n<meta property=\"og:site_name\" content=\"Noticias\" \/>\n<meta property=\"article:published_time\" content=\"2025-12-10T10:03:40+00:00\" \/>\n<meta name=\"twitter:card\" content=\"summary_large_image\" \/>\n<meta name=\"twitter:label1\" content=\"Est. reading time\" \/>\n\t<meta name=\"twitter:data1\" content=\"8 minutos\" \/>\n<script type=\"application\/ld+json\" class=\"yoast-schema-graph\">{\"@context\":\"https:\/\/schema.org\",\"@graph\":[{\"@type\":\"Article\",\"@id\":\"https:\/\/noticiasya.com\/2025\/12\/10\/australia-ansiedad-adolescentes-redes-sociales-trax\/#article\",\"isPartOf\":{\"@id\":\"https:\/\/noticiasya.com\/2025\/12\/10\/australia-ansiedad-adolescentes-redes-sociales-trax\/\"},\"author\":{\"name\":\"\",\"@id\":\"\"},\"headline\":\"Australia acaba de aliviar su ansiedad por los adolescentes en las redes sociales\u2026 \u00bfo no?\",\"datePublished\":\"2025-12-10T10:03:40+00:00\",\"mainEntityOfPage\":{\"@id\":\"https:\/\/noticiasya.com\/2025\/12\/10\/australia-ansiedad-adolescentes-redes-sociales-trax\/\"},\"wordCount\":1674,\"commentCount\":0,\"publisher\":{\"@id\":\"https:\/\/noticiasya.com\/#organization\"},\"articleSection\":[\"Noticias Nacionales\"],\"inLanguage\":\"es\",\"potentialAction\":[{\"@type\":\"CommentAction\",\"name\":\"Comment\",\"target\":[\"https:\/\/noticiasya.com\/2025\/12\/10\/australia-ansiedad-adolescentes-redes-sociales-trax\/#respond\"]}]},{\"@type\":\"WebPage\",\"@id\":\"https:\/\/noticiasya.com\/2025\/12\/10\/australia-ansiedad-adolescentes-redes-sociales-trax\/\",\"url\":\"https:\/\/noticiasya.com\/2025\/12\/10\/australia-ansiedad-adolescentes-redes-sociales-trax\/\",\"name\":\"Australia acaba de aliviar su ansiedad por los adolescentes en las redes sociales\u2026 \u00bfo no? - Noticias\",\"isPartOf\":{\"@id\":\"https:\/\/noticiasya.com\/#website\"},\"datePublished\":\"2025-12-10T10:03:40+00:00\",\"breadcrumb\":{\"@id\":\"https:\/\/noticiasya.com\/2025\/12\/10\/australia-ansiedad-adolescentes-redes-sociales-trax\/#breadcrumb\"},\"inLanguage\":\"es\",\"potentialAction\":[{\"@type\":\"ReadAction\",\"target\":[\"https:\/\/noticiasya.com\/2025\/12\/10\/australia-ansiedad-adolescentes-redes-sociales-trax\/\"]}]},{\"@type\":\"BreadcrumbList\",\"@id\":\"https:\/\/noticiasya.com\/2025\/12\/10\/australia-ansiedad-adolescentes-redes-sociales-trax\/#breadcrumb\",\"itemListElement\":[{\"@type\":\"ListItem\",\"position\":1,\"name\":\"Home\",\"item\":\"https:\/\/noticiasya.com\/\"},{\"@type\":\"ListItem\",\"position\":2,\"name\":\"Australia acaba de aliviar su ansiedad por los adolescentes en las redes sociales\u2026 \u00bfo no?\"}]},{\"@type\":\"WebSite\",\"@id\":\"https:\/\/noticiasya.com\/#website\",\"url\":\"https:\/\/noticiasya.com\/\",\"name\":\"Noticias\",\"description\":\"Lo que importa\",\"publisher\":{\"@id\":\"https:\/\/noticiasya.com\/#organization\"},\"potentialAction\":[{\"@type\":\"SearchAction\",\"target\":{\"@type\":\"EntryPoint\",\"urlTemplate\":\"https:\/\/noticiasya.com\/?s={search_term_string}\"},\"query-input\":{\"@type\":\"PropertyValueSpecification\",\"valueRequired\":true,\"valueName\":\"search_term_string\"}}],\"inLanguage\":\"es\"},{\"@type\":\"Organization\",\"@id\":\"https:\/\/noticiasya.com\/#organization\",\"name\":\"Noticias\",\"url\":\"https:\/\/noticiasya.com\/\",\"logo\":{\"@type\":\"ImageObject\",\"inLanguage\":\"es\",\"@id\":\"https:\/\/noticiasya.com\/#\/schema\/logo\/image\/\",\"url\":\"https:\/\/noticiasya.com\/wp-content\/uploads\/sites\/22\/2023\/12\/logo-nacional.png\",\"contentUrl\":\"https:\/\/noticiasya.com\/wp-content\/uploads\/sites\/22\/2023\/12\/logo-nacional.png\",\"width\":1801,\"height\":691,\"caption\":\"Noticias\"},\"image\":{\"@id\":\"https:\/\/noticiasya.com\/#\/schema\/logo\/image\/\"}}]}<\/script>\n<!-- \/ Yoast SEO plugin. -->","yoast_head_json":{"title":"Australia acaba de aliviar su ansiedad por los adolescentes en las redes sociales\u2026 \u00bfo no? - Noticias","robots":{"index":"index","follow":"follow","max-snippet":"max-snippet:-1","max-image-preview":"max-image-preview:large","max-video-preview":"max-video-preview:-1"},"canonical":"https:\/\/noticiasya.com\/2025\/12\/10\/australia-ansiedad-adolescentes-redes-sociales-trax\/","og_locale":"es_ES","og_type":"article","og_title":"Australia acaba de aliviar su ansiedad por los adolescentes en las redes sociales\u2026 \u00bfo no? - Noticias","og_description":"Para los padres y activistas que han argumentado durante mucho tiempo que la navegaci\u00f3n vertical incesante est\u00e1 da\u00f1ando las mentes j\u00f3venes, el inicio de la primera prohibici\u00f3n de redes sociales del mundo en Australia para menores de 16 a\u00f1os es solo el comienzo. Wayne Holdsworth, el padre de Mac, quien se quit\u00f3 la vida a [&hellip;]","og_url":"https:\/\/noticiasya.com\/2025\/12\/10\/australia-ansiedad-adolescentes-redes-sociales-trax\/","og_site_name":"Noticias","article_published_time":"2025-12-10T10:03:40+00:00","twitter_card":"summary_large_image","twitter_misc":{"Est. reading time":"8 minutos"},"schema":{"@context":"https:\/\/schema.org","@graph":[{"@type":"Article","@id":"https:\/\/noticiasya.com\/2025\/12\/10\/australia-ansiedad-adolescentes-redes-sociales-trax\/#article","isPartOf":{"@id":"https:\/\/noticiasya.com\/2025\/12\/10\/australia-ansiedad-adolescentes-redes-sociales-trax\/"},"author":{"name":"","@id":""},"headline":"Australia acaba de aliviar su ansiedad por los adolescentes en las redes sociales\u2026 \u00bfo no?","datePublished":"2025-12-10T10:03:40+00:00","mainEntityOfPage":{"@id":"https:\/\/noticiasya.com\/2025\/12\/10\/australia-ansiedad-adolescentes-redes-sociales-trax\/"},"wordCount":1674,"commentCount":0,"publisher":{"@id":"https:\/\/noticiasya.com\/#organization"},"articleSection":["Noticias Nacionales"],"inLanguage":"es","potentialAction":[{"@type":"CommentAction","name":"Comment","target":["https:\/\/noticiasya.com\/2025\/12\/10\/australia-ansiedad-adolescentes-redes-sociales-trax\/#respond"]}]},{"@type":"WebPage","@id":"https:\/\/noticiasya.com\/2025\/12\/10\/australia-ansiedad-adolescentes-redes-sociales-trax\/","url":"https:\/\/noticiasya.com\/2025\/12\/10\/australia-ansiedad-adolescentes-redes-sociales-trax\/","name":"Australia acaba de aliviar su ansiedad por los adolescentes en las redes sociales\u2026 \u00bfo no? - Noticias","isPartOf":{"@id":"https:\/\/noticiasya.com\/#website"},"datePublished":"2025-12-10T10:03:40+00:00","breadcrumb":{"@id":"https:\/\/noticiasya.com\/2025\/12\/10\/australia-ansiedad-adolescentes-redes-sociales-trax\/#breadcrumb"},"inLanguage":"es","potentialAction":[{"@type":"ReadAction","target":["https:\/\/noticiasya.com\/2025\/12\/10\/australia-ansiedad-adolescentes-redes-sociales-trax\/"]}]},{"@type":"BreadcrumbList","@id":"https:\/\/noticiasya.com\/2025\/12\/10\/australia-ansiedad-adolescentes-redes-sociales-trax\/#breadcrumb","itemListElement":[{"@type":"ListItem","position":1,"name":"Home","item":"https:\/\/noticiasya.com\/"},{"@type":"ListItem","position":2,"name":"Australia acaba de aliviar su ansiedad por los adolescentes en las redes sociales\u2026 \u00bfo no?"}]},{"@type":"WebSite","@id":"https:\/\/noticiasya.com\/#website","url":"https:\/\/noticiasya.com\/","name":"Noticias","description":"Lo que importa","publisher":{"@id":"https:\/\/noticiasya.com\/#organization"},"potentialAction":[{"@type":"SearchAction","target":{"@type":"EntryPoint","urlTemplate":"https:\/\/noticiasya.com\/?s={search_term_string}"},"query-input":{"@type":"PropertyValueSpecification","valueRequired":true,"valueName":"search_term_string"}}],"inLanguage":"es"},{"@type":"Organization","@id":"https:\/\/noticiasya.com\/#organization","name":"Noticias","url":"https:\/\/noticiasya.com\/","logo":{"@type":"ImageObject","inLanguage":"es","@id":"https:\/\/noticiasya.com\/#\/schema\/logo\/image\/","url":"https:\/\/noticiasya.com\/wp-content\/uploads\/sites\/22\/2023\/12\/logo-nacional.png","contentUrl":"https:\/\/noticiasya.com\/wp-content\/uploads\/sites\/22\/2023\/12\/logo-nacional.png","width":1801,"height":691,"caption":"Noticias"},"image":{"@id":"https:\/\/noticiasya.com\/#\/schema\/logo\/image\/"}}]}},"parsely":{"version":"1.1.0","canonical_url":"https:\/\/noticiasya.com\/midland-odessa\/2025\/12\/10\/australia-ansiedad-adolescentes-redes-sociales-trax\/","smart_links":{"inbound":0,"outbound":0},"traffic_boost_suggestions_count":0,"meta":{"@context":"https:\/\/schema.org","@type":"NewsArticle","headline":"Australia acaba de aliviar su ansiedad por los adolescentes en las redes sociales\u2026 \u00bfo no?","url":"http:\/\/noticiasya.com\/midland-odessa\/2025\/12\/10\/australia-ansiedad-adolescentes-redes-sociales-trax\/","mainEntityOfPage":{"@type":"WebPage","@id":"http:\/\/noticiasya.com\/midland-odessa\/2025\/12\/10\/australia-ansiedad-adolescentes-redes-sociales-trax\/"},"thumbnailUrl":"","image":{"@type":"ImageObject","url":""},"articleSection":"Noticias Nacionales","author":[],"creator":[],"publisher":{"@type":"Organization","name":"Noticias","logo":""},"keywords":[],"dateCreated":"2025-12-10T10:03:40Z","datePublished":"2025-12-10T10:03:40Z","dateModified":"2025-12-10T10:03:40Z"},"rendered":"<script type=\"application\/ld+json\" class=\"wp-parsely-metadata\">{\"@context\":\"https:\\\/\\\/schema.org\",\"@type\":\"NewsArticle\",\"headline\":\"Australia acaba de aliviar su ansiedad por los adolescentes en las redes sociales\\u2026 \\u00bfo no?\",\"url\":\"http:\\\/\\\/noticiasya.com\\\/midland-odessa\\\/2025\\\/12\\\/10\\\/australia-ansiedad-adolescentes-redes-sociales-trax\\\/\",\"mainEntityOfPage\":{\"@type\":\"WebPage\",\"@id\":\"http:\\\/\\\/noticiasya.com\\\/midland-odessa\\\/2025\\\/12\\\/10\\\/australia-ansiedad-adolescentes-redes-sociales-trax\\\/\"},\"thumbnailUrl\":\"\",\"image\":{\"@type\":\"ImageObject\",\"url\":\"\"},\"articleSection\":\"Noticias Nacionales\",\"author\":[],\"creator\":[],\"publisher\":{\"@type\":\"Organization\",\"name\":\"Noticias\",\"logo\":\"\"},\"keywords\":[],\"dateCreated\":\"2025-12-10T10:03:40Z\",\"datePublished\":\"2025-12-10T10:03:40Z\",\"dateModified\":\"2025-12-10T10:03:40Z\"}<\/script>","tracker_url":"https:\/\/cdn.parsely.com\/keys\/noticiasya.com\/p.js"},"jetpack_featured_media_url":"","jetpack-related-posts":[{"id":1470486,"url":"https:\/\/noticiasya.com\/midland-odessa\/2026\/01\/26\/macron-francia-prohibicion-redes-sociales-ninos-trax\/","url_meta":{"origin":1469134,"position":0},"title":"&#171;El cerebro de nuestros ni\u00f1os no est\u00e1 en venta&#187;: Macron quiere acelerar prohibici\u00f3n de redes sociales para menores de 15 a\u00f1os","author":"","date":"enero 26, 2026","format":false,"excerpt":"El presidente de Francia, Emmanuel Macron, afirm\u00f3 que quiere que su Gobierno agilice el proceso legal para garantizar que la prohibici\u00f3n del uso de redes sociales para menores de 15 a\u00f1os est\u00e9 vigente antes del inicio del pr\u00f3ximo curso escolar en septiembre.\u201cEl cerebro de nuestros ni\u00f1os y adolescentes no est\u00e1\u2026","rel":"","context":"In &quot;Noticias Nacionales&quot;","block_context":{"text":"Noticias Nacionales","link":"https:\/\/noticiasya.com\/midland-odessa\/categoria\/noticias-nacionales"},"img":{"alt_text":"","src":"","width":0,"height":0},"classes":[]},{"id":1469130,"url":"https:\/\/noticiasya.com\/midland-odessa\/2025\/12\/09\/australia-prohibe-adolescentes-redes-sociales-trax\/","url_meta":{"origin":1469134,"position":1},"title":"Australia proh\u00edbe a los adolescentes usar redes sociales. \u00bfPodr\u00eda suceder en Estados Unidos?","author":"","date":"diciembre 9, 2025","format":false,"excerpt":"La primera prohibici\u00f3n global del uso de las principales plataformas de redes sociales para menores de 16 a\u00f1os entrar\u00e1 en vigor en Australia el mi\u00e9rcoles. Reguladores, padres y adolescentes de todo el mundo est\u00e1n observando de cerca para ver c\u00f3mo se desarrolla.La ley llega despu\u00e9s de a\u00f1os de preocupaciones de\u2026","rel":"","context":"In &quot;Noticias Nacionales&quot;","block_context":{"text":"Noticias Nacionales","link":"https:\/\/noticiasya.com\/midland-odessa\/categoria\/noticias-nacionales"},"img":{"alt_text":"","src":"","width":0,"height":0},"classes":[]},{"id":1472572,"url":"https:\/\/noticiasya.com\/midland-odessa\/2026\/03\/26\/criticos-grandes-tecnologicas-celebran-veredicto-redes-sociales-trax\/","url_meta":{"origin":1469134,"position":2},"title":"Cr\u00edticos de las grandes tecnol\u00f3gicas celebran veredicto sin precedentes sobre las redes sociales","author":"","date":"marzo 26, 2026","format":false,"excerpt":"Para los cr\u00edticos de empresas tecnol\u00f3gicas como Meta y Google, el veredicto del mi\u00e9rcoles en el juicio por adicci\u00f3n a las redes sociales ha sido, literalmente, el resultado de a\u00f1os de trabajo.Padres, expertos en seguridad infantil y algunos legisladores afirmaron que la determinaci\u00f3n de la responsabilidad era un momento de\u2026","rel":"","context":"In &quot;Noticias Nacionales&quot;","block_context":{"text":"Noticias Nacionales","link":"https:\/\/noticiasya.com\/midland-odessa\/categoria\/noticias-nacionales"},"img":{"alt_text":"","src":"","width":0,"height":0},"classes":[]},{"id":1469123,"url":"https:\/\/noticiasya.com\/midland-odessa\/2025\/12\/09\/padres-fuera-australia-prohibicion-redes-sociales-trax\/","url_meta":{"origin":1469134,"position":3},"title":"\u00bfDeber\u00edan los padres fuera de Australia adoptar una prohibici\u00f3n de redes sociales? Nuestros hijos podr\u00edan estar agradecidos","author":"","date":"diciembre 9, 2025","format":false,"excerpt":"El mi\u00e9rcoles 10 de diciembre, los ni\u00f1os australianos se despertaron en un mundo que antes era inconcebible: ya no tienen redes sociales. El pa\u00eds fue el primero en prohibir las aplicaciones sociales para menores de 16 a\u00f1os. La prohibici\u00f3n afecta a 10 plataformas, entre ellas TikTok, Instagram, YouTube, Snapchat, Facebook,\u2026","rel":"","context":"In &quot;Noticias Nacionales&quot;","block_context":{"text":"Noticias Nacionales","link":"https:\/\/noticiasya.com\/midland-odessa\/categoria\/noticias-nacionales"},"img":{"alt_text":"","src":"","width":0,"height":0},"classes":[]},{"id":1469175,"url":"https:\/\/noticiasya.com\/midland-odessa\/2025\/12\/11\/australia-prohibicion-redes-sociales-ninos-trax\/","url_meta":{"origin":1469134,"position":4},"title":"&#171;\u00bfQu\u00e9 es lo peor que podr\u00eda pasar?&#187; Primer ministro de Australia del Sur, sobre la prohibici\u00f3n de redes sociales a menores","author":"","date":"diciembre 11, 2025","format":false,"excerpt":"El primer ministro de Australia del Sur, Peter Malinauskas, dijo a Jake Tapper de CNN que la primera prohibici\u00f3n de redes sociales del mundo en su pa\u00eds para ni\u00f1os menores de 16 a\u00f1os tiene como objetivo protegerlos de algoritmos adictivos y pregunt\u00f3: \u201c\u00bfQu\u00e9 es lo peor que puede pasar aqu\u00ed\u2026","rel":"","context":"In &quot;Noticias Nacionales&quot;","block_context":{"text":"Noticias Nacionales","link":"https:\/\/noticiasya.com\/midland-odessa\/categoria\/noticias-nacionales"},"img":{"alt_text":"","src":"","width":0,"height":0},"classes":[]},{"id":1455986,"url":"https:\/\/noticiasya.com\/midland-odessa\/2024\/11\/20\/australia-ley-limitar-uso-redes-sociales-menores-16-trax\/","url_meta":{"origin":1469134,"position":5},"title":"Australia presenta proyecto de ley para limitar el uso de redes sociales en menores de 16 a\u00f1os. Las empresas tecnol\u00f3gicas se enfrentan a enormes multas","author":"","date":"noviembre 20, 2024","format":false,"excerpt":"Brisbane, Australia (CNN) \u2013\u2013 El Gobierno de Australia amenaza con multas multimillonarias para las empresas de redes sociales que violen una propuesta de prohibici\u00f3n de que los ni\u00f1os menores de 16 a\u00f1os usen sus servicios.La ministra de Comunicaciones, Michelle Rowland, present\u00f3 este jueves en el Parlamento una enmienda a la\u2026","rel":"","context":"In &quot;Noticias Nacionales&quot;","block_context":{"text":"Noticias Nacionales","link":"https:\/\/noticiasya.com\/midland-odessa\/categoria\/noticias-nacionales"},"img":{"alt_text":"","src":"","width":0,"height":0},"classes":[]}],"jetpack_sharing_enabled":true,"_links":{"self":[{"href":"https:\/\/noticiasya.com\/midland-odessa\/wp-json\/wp\/v2\/posts\/1469134","targetHints":{"allow":["GET"]}}],"collection":[{"href":"https:\/\/noticiasya.com\/midland-odessa\/wp-json\/wp\/v2\/posts"}],"about":[{"href":"https:\/\/noticiasya.com\/midland-odessa\/wp-json\/wp\/v2\/types\/post"}],"replies":[{"embeddable":true,"href":"https:\/\/noticiasya.com\/midland-odessa\/wp-json\/wp\/v2\/comments?post=1469134"}],"version-history":[{"count":0,"href":"https:\/\/noticiasya.com\/midland-odessa\/wp-json\/wp\/v2\/posts\/1469134\/revisions"}],"wp:attachment":[{"href":"https:\/\/noticiasya.com\/midland-odessa\/wp-json\/wp\/v2\/media?parent=1469134"}],"wp:term":[{"taxonomy":"category","embeddable":true,"href":"https:\/\/noticiasya.com\/midland-odessa\/wp-json\/wp\/v2\/categories?post=1469134"},{"taxonomy":"post_tag","embeddable":true,"href":"https:\/\/noticiasya.com\/midland-odessa\/wp-json\/wp\/v2\/tags?post=1469134"}],"curies":[{"name":"wp","href":"https:\/\/api.w.org\/{rel}","templated":true}]}}