{"id":1469145,"date":"2025-12-10T07:03:49","date_gmt":"2025-12-10T15:03:49","guid":{"rendered":"https:\/\/noticiasya.com\/2025\/12\/10\/jara-cast-claves-debate-candidatos-presidente-chile-efe\/"},"modified":"2025-12-10T07:03:49","modified_gmt":"2025-12-10T15:03:49","slug":"jara-cast-claves-debate-candidatos-presidente-chile-efe","status":"publish","type":"post","link":"https:\/\/noticiasya.com\/midland-odessa\/2025\/12\/10\/jara-cast-claves-debate-candidatos-presidente-chile-efe\/","title":{"rendered":"El \u00faltimo debate entre Kast y Jara, candidatos a la presidencia de Chile, fue el m\u00e1s intenso: estas son las claves"},"content":{"rendered":"<p>La izquierdista Jeannette Jara y el ultraderechista Jos\u00e9 Antonio Kast protagonizaron la noche de este martes un intenso debate presidencial que evidenci\u00f3 la distancia que existe entre sus modelos de pa\u00eds y su diferente aproximaci\u00f3n para resolver las principales preocupaciones de la poblaci\u00f3n, como la seguridad, el control migratorio y el crecimiento econ\u00f3mico, a cinco d\u00edas de la segunda vuelta en Chile.<\/p>\n<p>Moderados por un grupo de cinco periodistas, los candidatos mantuvieron el \u00faltimo debate que dej\u00f3 las espadas en alto, con una Jara que se mostr\u00f3 aplomada y precisa en sus argumentos, y un Kast nervioso, que cometi\u00f3 graves errores en cifras y conceptos, y que opt\u00f3 por una escenograf\u00eda presidencialista del que se siente ganador sin necesidad de saltar a la cancha.<\/p>\n<p>En el encuentro, organizado por la Asociaci\u00f3n Nacional de Televisi\u00f3n (Anatel), ambos candidatos contrastaron sus visiones en nueve espacios tem\u00e1ticos, siendo uno de los primeros la capacidad de gobernabilidad que cada uno le propone al pa\u00eds sudamericano, que seg\u00fan expertos vive hace d\u00e9cadas una profunda crisis pol\u00edtica y para la que ambos subrayaron la necesidad de \u201cacuerdos\u201d.<\/p>\n<p>La exministra del Trabajo acorral\u00f3 varias veces a su oponente por asuntos como una declaraci\u00f3n de un parlamentario republicano que sugiri\u00f3 indultos a condenados por pedofilia, por su posici\u00f3n en contra de la ley que redujo la jornada laboral a 40 horas semanales y sus contradicciones sobre el control migratorio.<\/p>\n<p>Debatiendo sobre seguridad, Jara asegur\u00f3 que no firmar\u00e1 indultos durante su gobierno, y volvi\u00f3 a cuestionar al candidato ultraderechista por su apoyo al criminal de lesa humanidad Miguel Krassnoff, a quien llam\u00f3 ir\u00f3nicamente \u201ctu amigo\u201d, considerado uno de los torturadores m\u00e1s sanguinarios de la dictadura de Augusto Pinochet (1973-1989).<\/p>\n<p>Kast, que corre su tercera carrera presidencial, rechaz\u00f3 las supuestas intenciones de indultar ped\u00f3filos y asegur\u00f3 que \u201ctodos los que cometan delitos graves van a permanecer en la c\u00e1rcel\u201d pero no descart\u00f3 liberar a criminales de la dictadura por \u201crazones humanitarias\u201d.<\/p>\n<p>\u201cLo peor que nos puede pasar es que no sepamos qui\u00e9n est\u00e1 en Chile. Los que no se empadronen, se expulsar\u00e1n\u201d, detall\u00f3 Jara respecto a la situaci\u00f3n migratoria irregular, tras ser cuestionada por se\u00f1alar al inicio de su campa\u00f1a un proceso de regularizaci\u00f3n acotada.<\/p>\n<p>\u201cTu presidente ni siquiera ha sido capaz de abrir un corredor humanitario\u201d, espet\u00f3 Kast, a lo que Jara respondi\u00f3: \u201cCuando quieras hablar con el presidente Boric, habla con \u00e9l (\u2026) Tranquil\u00edzate un poquito\u201d.<\/p>\n<p>Uno de los momentos m\u00e1s \u00e1lgidos del debate fue cuando Jara, que representa a la coalici\u00f3n progresista m\u00e1s amplia de la historia, desde el Partido Comunista (PC) hasta la Democracia Cristiana (DC), le enrostr\u00f3 a Kast \u201cfalta de experiencia\u201d en la administraci\u00f3n p\u00fablica.<\/p>\n<p>Despu\u00e9s de que Kast la interpelara por su rol en el comit\u00e9 pol\u00edtico durante momento cr\u00edticos para el actual gobierno, Jara respondi\u00f3: \u201cHice importantes obras del pa\u00eds a diferencia tuya que estuviste 16 a\u00f1os y hiciste bien poco\u201d.<\/p>\n<p>Consultado Kast por los derechos de las diversidades sexuales en Chile, se\u00f1al\u00f3 que su sector ha \u201crespetado la dignidad humana\u201d y que \u201cjam\u00e1s se ha usado una consigna para ganar unos votos m\u00e1s\u201d, acusando a la izquierda de tener \u201co\u00eddos tapados por ideolog\u00eda\u201d al momento de enfrentar problem\u00e1ticas en las que se han instalado \u201cprejuicios\u201d.<\/p>\n<p>Pese a ganar la primera vuelta del pasado 16 de noviembre, con el 26,9 % de los votos, Jara tiene pocas posibilidades de ganar segunda vuelta, seg\u00fan todas las encuestas.<\/p>\n<p>Kast, en cambio, qued\u00f3 segundo con el 23,9 % de los votos, pero ya ha recibido el apoyo del ultraderechista libertario Johannes Kaiser y de la exalcaldesa Evelyn Matthei, representante de la derecha tradicional: entre los tres sumaron entonces m\u00e1s del 50 %.<\/p>\n<p>Sin embargo, expertos advierten que Matthei no representa a toda la derecha tradicional, que se encuentra dividida, y se\u00f1alan que hay un 20 % de votantes, aquellos que en primera vuelta apoyaron al populista de derechas Franco Parisi, quien qued\u00f3 tercero, cuyo voto es un inc\u00f3gnita en un proceso electoral en el que por vez primera el voto es obligatorio.<\/p>\n<p>El presidente que salga de las urnas tendr\u00e1 que lidiar a partir del 11 de marzo con un Legislativo sin fuerzas mayoritarias, donde el bloque de derecha y ultraderecha est\u00e1 a dos diputados del 50 % en el Congreso y donde los votos de del populista PDG, de Franco Parisi, tambi\u00e9n dividido, ser\u00e1n clave.<\/p>\n<p>The-CNN-Wire<br \/>&trade; &amp; &copy; 2025 Cable News Network, Inc., a Warner Bros. Discovery Company. All rights reserved.<\/p>\n","protected":false},"excerpt":{"rendered":"<p>La izquierdista Jeannette Jara y el ultraderechista Jos\u00e9 Antonio Kast protagonizaron la noche de este martes un intenso debate presidencial que evidenci\u00f3 la distancia que existe entre sus modelos de pa\u00eds y su diferente aproximaci\u00f3n para resolver las principales preocupaciones de la poblaci\u00f3n, como la seguridad, el control migratorio y el crecimiento econ\u00f3mico, a cinco [&hellip;]<\/p>\n","protected":false},"author":0,"featured_media":0,"comment_status":"open","ping_status":"open","sticky":false,"template":"","format":"standard","meta":{"_jetpack_memberships_contains_paid_content":false,"footnotes":""},"categories":[10],"tags":[],"class_list":["post-1469145","post","type-post","status-publish","format-standard","hentry","category-noticias-nacionales","market-global"],"yoast_head":"<!-- This site is optimized with the Yoast SEO plugin v24.4 - https:\/\/yoast.com\/wordpress\/plugins\/seo\/ -->\n<title>El \u00faltimo debate entre Kast y Jara, candidatos a la presidencia de Chile, fue el m\u00e1s intenso: estas son las claves - Noticias<\/title>\n<meta name=\"robots\" content=\"index, follow, max-snippet:-1, max-image-preview:large, max-video-preview:-1\" \/>\n<link rel=\"canonical\" href=\"https:\/\/noticiasya.com\/2025\/12\/10\/jara-cast-claves-debate-candidatos-presidente-chile-efe\/\" \/>\n<meta property=\"og:locale\" content=\"es_ES\" \/>\n<meta property=\"og:type\" content=\"article\" \/>\n<meta property=\"og:title\" content=\"El \u00faltimo debate entre Kast y Jara, candidatos a la presidencia de Chile, fue el m\u00e1s intenso: estas son las claves - Noticias\" \/>\n<meta property=\"og:description\" content=\"La izquierdista Jeannette Jara y el ultraderechista Jos\u00e9 Antonio Kast protagonizaron la noche de este martes un intenso debate presidencial que evidenci\u00f3 la distancia que existe entre sus modelos de pa\u00eds y su diferente aproximaci\u00f3n para resolver las principales preocupaciones de la poblaci\u00f3n, como la seguridad, el control migratorio y el crecimiento econ\u00f3mico, a cinco [&hellip;]\" \/>\n<meta property=\"og:url\" content=\"https:\/\/noticiasya.com\/2025\/12\/10\/jara-cast-claves-debate-candidatos-presidente-chile-efe\/\" \/>\n<meta property=\"og:site_name\" content=\"Noticias\" \/>\n<meta property=\"article:published_time\" content=\"2025-12-10T15:03:49+00:00\" \/>\n<meta name=\"twitter:card\" content=\"summary_large_image\" \/>\n<meta name=\"twitter:label1\" content=\"Est. reading time\" \/>\n\t<meta name=\"twitter:data1\" content=\"4 minutos\" \/>\n<script type=\"application\/ld+json\" class=\"yoast-schema-graph\">{\"@context\":\"https:\/\/schema.org\",\"@graph\":[{\"@type\":\"Article\",\"@id\":\"https:\/\/noticiasya.com\/2025\/12\/10\/jara-cast-claves-debate-candidatos-presidente-chile-efe\/#article\",\"isPartOf\":{\"@id\":\"https:\/\/noticiasya.com\/2025\/12\/10\/jara-cast-claves-debate-candidatos-presidente-chile-efe\/\"},\"author\":{\"name\":\"\",\"@id\":\"\"},\"headline\":\"El \u00faltimo debate entre Kast y Jara, candidatos a la presidencia de Chile, fue el m\u00e1s intenso: estas son las claves\",\"datePublished\":\"2025-12-10T15:03:49+00:00\",\"mainEntityOfPage\":{\"@id\":\"https:\/\/noticiasya.com\/2025\/12\/10\/jara-cast-claves-debate-candidatos-presidente-chile-efe\/\"},\"wordCount\":792,\"commentCount\":0,\"publisher\":{\"@id\":\"https:\/\/noticiasya.com\/#organization\"},\"articleSection\":[\"Noticias Nacionales\"],\"inLanguage\":\"es\",\"potentialAction\":[{\"@type\":\"CommentAction\",\"name\":\"Comment\",\"target\":[\"https:\/\/noticiasya.com\/2025\/12\/10\/jara-cast-claves-debate-candidatos-presidente-chile-efe\/#respond\"]}]},{\"@type\":\"WebPage\",\"@id\":\"https:\/\/noticiasya.com\/2025\/12\/10\/jara-cast-claves-debate-candidatos-presidente-chile-efe\/\",\"url\":\"https:\/\/noticiasya.com\/2025\/12\/10\/jara-cast-claves-debate-candidatos-presidente-chile-efe\/\",\"name\":\"El \u00faltimo debate entre Kast y Jara, candidatos a la presidencia de Chile, fue el m\u00e1s intenso: estas son las claves - Noticias\",\"isPartOf\":{\"@id\":\"https:\/\/noticiasya.com\/#website\"},\"datePublished\":\"2025-12-10T15:03:49+00:00\",\"breadcrumb\":{\"@id\":\"https:\/\/noticiasya.com\/2025\/12\/10\/jara-cast-claves-debate-candidatos-presidente-chile-efe\/#breadcrumb\"},\"inLanguage\":\"es\",\"potentialAction\":[{\"@type\":\"ReadAction\",\"target\":[\"https:\/\/noticiasya.com\/2025\/12\/10\/jara-cast-claves-debate-candidatos-presidente-chile-efe\/\"]}]},{\"@type\":\"BreadcrumbList\",\"@id\":\"https:\/\/noticiasya.com\/2025\/12\/10\/jara-cast-claves-debate-candidatos-presidente-chile-efe\/#breadcrumb\",\"itemListElement\":[{\"@type\":\"ListItem\",\"position\":1,\"name\":\"Home\",\"item\":\"https:\/\/noticiasya.com\/\"},{\"@type\":\"ListItem\",\"position\":2,\"name\":\"El \u00faltimo debate entre Kast y Jara, candidatos a la presidencia de Chile, fue el m\u00e1s intenso: estas son las claves\"}]},{\"@type\":\"WebSite\",\"@id\":\"https:\/\/noticiasya.com\/#website\",\"url\":\"https:\/\/noticiasya.com\/\",\"name\":\"Noticias\",\"description\":\"Lo que importa\",\"publisher\":{\"@id\":\"https:\/\/noticiasya.com\/#organization\"},\"potentialAction\":[{\"@type\":\"SearchAction\",\"target\":{\"@type\":\"EntryPoint\",\"urlTemplate\":\"https:\/\/noticiasya.com\/?s={search_term_string}\"},\"query-input\":{\"@type\":\"PropertyValueSpecification\",\"valueRequired\":true,\"valueName\":\"search_term_string\"}}],\"inLanguage\":\"es\"},{\"@type\":\"Organization\",\"@id\":\"https:\/\/noticiasya.com\/#organization\",\"name\":\"Noticias\",\"url\":\"https:\/\/noticiasya.com\/\",\"logo\":{\"@type\":\"ImageObject\",\"inLanguage\":\"es\",\"@id\":\"https:\/\/noticiasya.com\/#\/schema\/logo\/image\/\",\"url\":\"https:\/\/noticiasya.com\/wp-content\/uploads\/sites\/22\/2023\/12\/logo-nacional.png\",\"contentUrl\":\"https:\/\/noticiasya.com\/wp-content\/uploads\/sites\/22\/2023\/12\/logo-nacional.png\",\"width\":1801,\"height\":691,\"caption\":\"Noticias\"},\"image\":{\"@id\":\"https:\/\/noticiasya.com\/#\/schema\/logo\/image\/\"}}]}<\/script>\n<!-- \/ Yoast SEO plugin. -->","yoast_head_json":{"title":"El \u00faltimo debate entre Kast y Jara, candidatos a la presidencia de Chile, fue el m\u00e1s intenso: estas son las claves - Noticias","robots":{"index":"index","follow":"follow","max-snippet":"max-snippet:-1","max-image-preview":"max-image-preview:large","max-video-preview":"max-video-preview:-1"},"canonical":"https:\/\/noticiasya.com\/2025\/12\/10\/jara-cast-claves-debate-candidatos-presidente-chile-efe\/","og_locale":"es_ES","og_type":"article","og_title":"El \u00faltimo debate entre Kast y Jara, candidatos a la presidencia de Chile, fue el m\u00e1s intenso: estas son las claves - Noticias","og_description":"La izquierdista Jeannette Jara y el ultraderechista Jos\u00e9 Antonio Kast protagonizaron la noche de este martes un intenso debate presidencial que evidenci\u00f3 la distancia que existe entre sus modelos de pa\u00eds y su diferente aproximaci\u00f3n para resolver las principales preocupaciones de la poblaci\u00f3n, como la seguridad, el control migratorio y el crecimiento econ\u00f3mico, a cinco [&hellip;]","og_url":"https:\/\/noticiasya.com\/2025\/12\/10\/jara-cast-claves-debate-candidatos-presidente-chile-efe\/","og_site_name":"Noticias","article_published_time":"2025-12-10T15:03:49+00:00","twitter_card":"summary_large_image","twitter_misc":{"Est. reading time":"4 minutos"},"schema":{"@context":"https:\/\/schema.org","@graph":[{"@type":"Article","@id":"https:\/\/noticiasya.com\/2025\/12\/10\/jara-cast-claves-debate-candidatos-presidente-chile-efe\/#article","isPartOf":{"@id":"https:\/\/noticiasya.com\/2025\/12\/10\/jara-cast-claves-debate-candidatos-presidente-chile-efe\/"},"author":{"name":"","@id":""},"headline":"El \u00faltimo debate entre Kast y Jara, candidatos a la presidencia de Chile, fue el m\u00e1s intenso: estas son las claves","datePublished":"2025-12-10T15:03:49+00:00","mainEntityOfPage":{"@id":"https:\/\/noticiasya.com\/2025\/12\/10\/jara-cast-claves-debate-candidatos-presidente-chile-efe\/"},"wordCount":792,"commentCount":0,"publisher":{"@id":"https:\/\/noticiasya.com\/#organization"},"articleSection":["Noticias Nacionales"],"inLanguage":"es","potentialAction":[{"@type":"CommentAction","name":"Comment","target":["https:\/\/noticiasya.com\/2025\/12\/10\/jara-cast-claves-debate-candidatos-presidente-chile-efe\/#respond"]}]},{"@type":"WebPage","@id":"https:\/\/noticiasya.com\/2025\/12\/10\/jara-cast-claves-debate-candidatos-presidente-chile-efe\/","url":"https:\/\/noticiasya.com\/2025\/12\/10\/jara-cast-claves-debate-candidatos-presidente-chile-efe\/","name":"El \u00faltimo debate entre Kast y Jara, candidatos a la presidencia de Chile, fue el m\u00e1s intenso: estas son las claves - Noticias","isPartOf":{"@id":"https:\/\/noticiasya.com\/#website"},"datePublished":"2025-12-10T15:03:49+00:00","breadcrumb":{"@id":"https:\/\/noticiasya.com\/2025\/12\/10\/jara-cast-claves-debate-candidatos-presidente-chile-efe\/#breadcrumb"},"inLanguage":"es","potentialAction":[{"@type":"ReadAction","target":["https:\/\/noticiasya.com\/2025\/12\/10\/jara-cast-claves-debate-candidatos-presidente-chile-efe\/"]}]},{"@type":"BreadcrumbList","@id":"https:\/\/noticiasya.com\/2025\/12\/10\/jara-cast-claves-debate-candidatos-presidente-chile-efe\/#breadcrumb","itemListElement":[{"@type":"ListItem","position":1,"name":"Home","item":"https:\/\/noticiasya.com\/"},{"@type":"ListItem","position":2,"name":"El \u00faltimo debate entre Kast y Jara, candidatos a la presidencia de Chile, fue el m\u00e1s intenso: estas son las claves"}]},{"@type":"WebSite","@id":"https:\/\/noticiasya.com\/#website","url":"https:\/\/noticiasya.com\/","name":"Noticias","description":"Lo que importa","publisher":{"@id":"https:\/\/noticiasya.com\/#organization"},"potentialAction":[{"@type":"SearchAction","target":{"@type":"EntryPoint","urlTemplate":"https:\/\/noticiasya.com\/?s={search_term_string}"},"query-input":{"@type":"PropertyValueSpecification","valueRequired":true,"valueName":"search_term_string"}}],"inLanguage":"es"},{"@type":"Organization","@id":"https:\/\/noticiasya.com\/#organization","name":"Noticias","url":"https:\/\/noticiasya.com\/","logo":{"@type":"ImageObject","inLanguage":"es","@id":"https:\/\/noticiasya.com\/#\/schema\/logo\/image\/","url":"https:\/\/noticiasya.com\/wp-content\/uploads\/sites\/22\/2023\/12\/logo-nacional.png","contentUrl":"https:\/\/noticiasya.com\/wp-content\/uploads\/sites\/22\/2023\/12\/logo-nacional.png","width":1801,"height":691,"caption":"Noticias"},"image":{"@id":"https:\/\/noticiasya.com\/#\/schema\/logo\/image\/"}}]}},"parsely":{"version":"1.1.0","canonical_url":"https:\/\/noticiasya.com\/midland-odessa\/2025\/12\/10\/jara-cast-claves-debate-candidatos-presidente-chile-efe\/","smart_links":{"inbound":0,"outbound":0},"traffic_boost_suggestions_count":0,"meta":{"@context":"https:\/\/schema.org","@type":"NewsArticle","headline":"El \u00faltimo debate entre Kast y Jara, candidatos a la presidencia de Chile, fue el m\u00e1s intenso: estas son las claves","url":"http:\/\/noticiasya.com\/midland-odessa\/2025\/12\/10\/jara-cast-claves-debate-candidatos-presidente-chile-efe\/","mainEntityOfPage":{"@type":"WebPage","@id":"http:\/\/noticiasya.com\/midland-odessa\/2025\/12\/10\/jara-cast-claves-debate-candidatos-presidente-chile-efe\/"},"thumbnailUrl":"","image":{"@type":"ImageObject","url":""},"articleSection":"Noticias Nacionales","author":[],"creator":[],"publisher":{"@type":"Organization","name":"Noticias","logo":""},"keywords":[],"dateCreated":"2025-12-10T15:03:49Z","datePublished":"2025-12-10T15:03:49Z","dateModified":"2025-12-10T15:03:49Z"},"rendered":"<script type=\"application\/ld+json\" class=\"wp-parsely-metadata\">{\"@context\":\"https:\\\/\\\/schema.org\",\"@type\":\"NewsArticle\",\"headline\":\"El \\u00faltimo debate entre Kast y Jara, candidatos a la presidencia de Chile, fue el m\\u00e1s intenso: estas son las claves\",\"url\":\"http:\\\/\\\/noticiasya.com\\\/midland-odessa\\\/2025\\\/12\\\/10\\\/jara-cast-claves-debate-candidatos-presidente-chile-efe\\\/\",\"mainEntityOfPage\":{\"@type\":\"WebPage\",\"@id\":\"http:\\\/\\\/noticiasya.com\\\/midland-odessa\\\/2025\\\/12\\\/10\\\/jara-cast-claves-debate-candidatos-presidente-chile-efe\\\/\"},\"thumbnailUrl\":\"\",\"image\":{\"@type\":\"ImageObject\",\"url\":\"\"},\"articleSection\":\"Noticias Nacionales\",\"author\":[],\"creator\":[],\"publisher\":{\"@type\":\"Organization\",\"name\":\"Noticias\",\"logo\":\"\"},\"keywords\":[],\"dateCreated\":\"2025-12-10T15:03:49Z\",\"datePublished\":\"2025-12-10T15:03:49Z\",\"dateModified\":\"2025-12-10T15:03:49Z\"}<\/script>","tracker_url":"https:\/\/cdn.parsely.com\/keys\/noticiasya.com\/p.js"},"jetpack_featured_media_url":"","jetpack-related-posts":[{"id":1468412,"url":"https:\/\/noticiasya.com\/midland-odessa\/2025\/11\/16\/chile-jara-kast-segunda-vuelta-claves-orix\/","url_meta":{"origin":1469145,"position":0},"title":"Jara vs. Kast: las claves de por qu\u00e9 habr\u00e1 una segunda vuelta en Chile y cu\u00e1l candidato parte con mayor ventaja","author":"","date":"noviembre 16, 2025","format":false,"excerpt":"La definici\u00f3n de qui\u00e9n encabezar\u00e1 la Presidencia de Chile para el per\u00edodo 2026-2030 tendr\u00e1 que esperar un mes, pero desde la noche de este domingo algunas se\u00f1ales indican qu\u00e9 candidato arranca con m\u00e1s fuerza la carrera hacia la segunda vuelta del 14 de diciembre.Jeannette Jara, candidata oficialista, militante del Partido\u2026","rel":"","context":"In &quot;Noticias Nacionales&quot;","block_context":{"text":"Noticias Nacionales","link":"https:\/\/noticiasya.com\/midland-odessa\/categoria\/noticias-nacionales"},"img":{"alt_text":"","src":"","width":0,"height":0},"classes":[]},{"id":1469256,"url":"https:\/\/noticiasya.com\/midland-odessa\/2025\/12\/14\/mapa-resultados-elecciones-chile-jara-kast-orix\/","url_meta":{"origin":1469145,"position":1},"title":"Mapa de resultados de la segunda vuelta de las elecciones presidenciales en Chile 2025: d\u00f3nde ganan Kast y Jara","author":"","date":"diciembre 14, 2025","format":false,"excerpt":"Chile lleg\u00f3 a la segunda vuelta presidencial con Jos\u00e9 Antonio Kast como favorito, tras reunir el apoyo de toda la derecha, y con Jeannette Jara intentando remontar una desventaja marcada por la baja aprobaci\u00f3n del Gobierno de Gabriel Boric. Aunque representan polos opuestos en lo ideol\u00f3gico, ambos candidatos convergen en\u2026","rel":"","context":"In &quot;Noticias Nacionales&quot;","block_context":{"text":"Noticias Nacionales","link":"https:\/\/noticiasya.com\/midland-odessa\/categoria\/noticias-nacionales"},"img":{"alt_text":"","src":"","width":0,"height":0},"classes":[]},{"id":1468406,"url":"https:\/\/noticiasya.com\/midland-odessa\/2025\/11\/16\/elecciones-chile-jara-kast-segunda-vuelta-orix\/","url_meta":{"origin":1469145,"position":2},"title":"Elecciones en Chile: Jeannette Jara y Jos\u00e9 Antonio Kast se enfrentar\u00e1n en segunda vuelta por la presidencia","author":"","date":"noviembre 16, 2025","format":false,"excerpt":"La candidata oficialista Jeannette Jara, militante del Partido Comunista y abanderada de la coalici\u00f3n Unidad por Chile, y el opositor Jos\u00e9 Antonio Kast, fundador del Partido Republicano, competir\u00e1n en una segunda vuelta electoral el 14 de diciembre por la Presidencia de Chile, de acuerdo con los resultados preliminares publicados este\u2026","rel":"","context":"In &quot;Noticias Nacionales&quot;","block_context":{"text":"Noticias Nacionales","link":"https:\/\/noticiasya.com\/midland-odessa\/categoria\/noticias-nacionales"},"img":{"alt_text":"","src":"","width":0,"height":0},"classes":[]},{"id":1469215,"url":"https:\/\/noticiasya.com\/midland-odessa\/2025\/12\/12\/chile-elecciones-presidenciales-segunda-vuelta-kast-jara-extremos-orix\/","url_meta":{"origin":1469145,"position":3},"title":"Chile elige presidente entre dos extremos, pero con una misma agenda: la seguridad y la inmigraci\u00f3n","author":"","date":"diciembre 12, 2025","format":false,"excerpt":"Chile elige este domingo un nuevo presidente en una segunda vuelta marcada por el favoritismo de Jos\u00e9 Antonio Kast, el candidato ultraderechista que recibi\u00f3 el apoyo de otros competidores afines, por encima de la izquierdista Jeannette Jara, cuya popularidad fue arrastrada por la baja aprobaci\u00f3n del Gobierno del saliente mandatario,\u2026","rel":"","context":"In &quot;Noticias Nacionales&quot;","block_context":{"text":"Noticias Nacionales","link":"https:\/\/noticiasya.com\/midland-odessa\/categoria\/noticias-nacionales"},"img":{"alt_text":"","src":"","width":0,"height":0},"classes":[]},{"id":1468205,"url":"https:\/\/noticiasya.com\/midland-odessa\/2025\/11\/10\/candidatos-chile-debate-resultado-eeuu-orix\/","url_meta":{"origin":1469145,"position":4},"title":"Candidatos en Chile se enfrentan en el \u00faltimo debate antes de las elecciones bajo la sombra de la relaci\u00f3n con EE.UU.","author":"","date":"noviembre 10, 2025","format":false,"excerpt":"Los ocho candidatos a la presidencia de Chile se enfrentar\u00e1n este lunes en el \u00faltimo debate televisado antes de las elecciones, una oportunidad clave no solo para presentar sus propuestas, sino tambi\u00e9n para plantear su visi\u00f3n sobre la relaci\u00f3n con Estados Unidos, un tema que ha despertado especial inter\u00e9s en\u2026","rel":"","context":"In &quot;Noticias Nacionales&quot;","block_context":{"text":"Noticias Nacionales","link":"https:\/\/noticiasya.com\/midland-odessa\/categoria\/noticias-nacionales"},"img":{"alt_text":"","src":"","width":0,"height":0},"classes":[]},{"id":1468498,"url":"https:\/\/noticiasya.com\/midland-odessa\/2025\/11\/19\/chile-elecciones-congreso-dividido-derecha-orix\/","url_meta":{"origin":1469145,"position":5},"title":"Partidos de derecha quedan cerca de la mayor\u00eda en el Congreso de Chile: un escenario ideal para Kast, si gana","author":"","date":"noviembre 19, 2025","format":false,"excerpt":"Jeannette Jara, candidata de la izquierda, y Jos\u00e9 Antonio Kast, candidato de la ultraderecha, se preparan para disputar la Presidencia de Chile en la segunda vuelta que se realizar\u00e1 en menos de un mes, el 14 de diciembre. Pero sin importar qui\u00e9n de ellos gane, ambos ya pueden tener una\u2026","rel":"","context":"In &quot;Noticias Nacionales&quot;","block_context":{"text":"Noticias Nacionales","link":"https:\/\/noticiasya.com\/midland-odessa\/categoria\/noticias-nacionales"},"img":{"alt_text":"","src":"","width":0,"height":0},"classes":[]}],"jetpack_sharing_enabled":true,"_links":{"self":[{"href":"https:\/\/noticiasya.com\/midland-odessa\/wp-json\/wp\/v2\/posts\/1469145","targetHints":{"allow":["GET"]}}],"collection":[{"href":"https:\/\/noticiasya.com\/midland-odessa\/wp-json\/wp\/v2\/posts"}],"about":[{"href":"https:\/\/noticiasya.com\/midland-odessa\/wp-json\/wp\/v2\/types\/post"}],"replies":[{"embeddable":true,"href":"https:\/\/noticiasya.com\/midland-odessa\/wp-json\/wp\/v2\/comments?post=1469145"}],"version-history":[{"count":0,"href":"https:\/\/noticiasya.com\/midland-odessa\/wp-json\/wp\/v2\/posts\/1469145\/revisions"}],"wp:attachment":[{"href":"https:\/\/noticiasya.com\/midland-odessa\/wp-json\/wp\/v2\/media?parent=1469145"}],"wp:term":[{"taxonomy":"category","embeddable":true,"href":"https:\/\/noticiasya.com\/midland-odessa\/wp-json\/wp\/v2\/categories?post=1469145"},{"taxonomy":"post_tag","embeddable":true,"href":"https:\/\/noticiasya.com\/midland-odessa\/wp-json\/wp\/v2\/tags?post=1469145"}],"curies":[{"name":"wp","href":"https:\/\/api.w.org\/{rel}","templated":true}]}}