{"id":1469152,"date":"2025-12-10T11:03:40","date_gmt":"2025-12-10T19:03:40","guid":{"rendered":"https:\/\/noticiasya.com\/2025\/12\/10\/ocho-anios-trump-paises-mierda-trax\/"},"modified":"2025-12-10T11:03:40","modified_gmt":"2025-12-10T19:03:40","slug":"ocho-anios-trump-paises-mierda-trax","status":"publish","type":"post","link":"https:\/\/noticiasya.com\/midland-odessa\/2025\/12\/10\/ocho-anios-trump-paises-mierda-trax\/","title":{"rendered":"Casi ocho a\u00f1os despu\u00e9s, Trump confirma que s\u00ed utiliz\u00f3 la frase &#171;pa\u00edses de mierda&#187;"},"content":{"rendered":"<p>Fue una <a href=\"https:\/\/www.cnn.com\/2018\/01\/12\/politics\/african-union-demands-trump-apology\/index.html\">controversia internacional<\/a> durante el primer mandato del presidente Donald Trump. Medios de comunicaci\u00f3n, como CNN, informaron que en una reuni\u00f3n a puerta cerrada con senadores sobre pol\u00edtica migratoria en enero de 2018, Trump pregunt\u00f3 por qu\u00e9 Estados Unidos deber\u00eda aceptar inmigrantes de \u201cpa\u00edses de mierda\u201d <a href=\"https:\/\/x.com\/jaketapper\/status\/951814041340645377\">como algunos de \u00c1frica<\/a>.<\/p>\n<p><a href=\"https:\/\/www.politico.com\/story\/2018\/01\/12\/trump-deny-shithole-comment-337921\">El portavoz de Trump en<\/a> la Casa Blanca de ese momento no neg\u00f3 que el presidente se hubiera referido a \u201cpa\u00edses de mierda\u201d, pero el propio Trump hizo algunas declaraciones ambiguas que sonaban como negaciones. La ma\u00f1ana despu\u00e9s de que The Washington Post <a href=\"https:\/\/www.washingtonpost.com\/politics\/trump-attacks-protections-for-immigrants-from-shithole-countries-in-oval-office-meeting\/2018\/01\/11\/bfc0725c-f711-11e7-91af-31ac729add94_story.html\">publicara la noticia del comentario despectivo<\/a>, el presidente tuite\u00f3: \u201cEl lenguaje que us\u00e9 en la reuni\u00f3n de DACA fue duro, pero este no fue el lenguaje utilizado\u201d.<\/p>\n<p>Este martes, casi ocho a\u00f1os despu\u00e9s, Trump confirm\u00f3 expl\u00edcitamente que habl\u00f3 de \u201cpa\u00edses de mierda\u201d durante una reuni\u00f3n a puertas cerradas con senadores.<\/p>\n<p>Durante un discurso en Pensilvania, oficialmente dedicado a cuestiones econ\u00f3micas, pero que luego desvi\u00f3 a otros temas, el presidente <a href=\"https:\/\/youtube.com\/live\/qFxt9d9gl2Y?si=N-n4JDPjT7KE-_pU&#038;t=11533\">dijo<\/a> que hab\u00eda \u201canunciado una pausa permanente en la migraci\u00f3n del Tercer Mundo, incluyendo pa\u00edses infernales como Afganist\u00e1n, Hait\u00ed, Somalia y muchos otros\u201d, alguien del p\u00fablico grit\u00f3 la palabra \u201cpa\u00eds de mierda\u201d. Trump respondi\u00f3, entre risas: \u201cYo no dije \u2018pa\u00eds de mierda\u2019, t\u00fa s\u00ed\u201d.<\/p>\n<p>Pero luego Trump dijo esto: \u201cRecuerden que les dije eso a los senadores dem\u00f3cratas que vinieron. Quer\u00edan ser bipartidistas. Entonces vinieron y dijeron que era \u2018totalmente extraoficial, no se menciona nada aqu\u00ed, queremos ser honestos\u2019, porque nuestro pa\u00eds se estaba yendo al infierno. Y tuvimos una reuni\u00f3n. Y les pregunt\u00e9: \u00bfPor qu\u00e9 solo aceptamos gente de pa\u00edses de mierda? \u00bfPor qu\u00e9 no podemos traer gente de Noruega, Suecia, solo unos pocos? De Dinamarca, \u00bfles importar\u00eda enviarnos gente? Env\u00edennos gente amable, \u00bfles importa? Pero siempre aceptamos gente de Somalia. Lugares que son un desastre, \u00bfverdad? Sucios, sucios, repugnantes, plagados de delincuencia\u201d.<\/p>\n<p>Trump no especific\u00f3 en qu\u00e9 reuni\u00f3n con senadores hizo estas declaraciones, pero la descripci\u00f3n de sus comentarios, incluyendo su petici\u00f3n de inmigrantes de Escandinavia, coincide con los informes de los medios sobre lo que hab\u00eda dicho en esa reuni\u00f3n de enero de 2018 que desat\u00f3 la controversia de los \u201cpa\u00edses de mierda\u201d. Por ejemplo, un <a href=\"https:\/\/cnnespanol.cnn.com\/2018\/01\/12\/palabras-de-trump-sobre-los-paises-de-mierda-fueron-algo-impactante-pero-no-una-sorpresa\">informe de CNN<\/a> relataba: \u201cUna persona informada sobre la reuni\u00f3n dijo que cuando (el senador Dick) Durbin lleg\u00f3 a Hait\u00ed, Trump comenz\u00f3 a preguntar por qu\u00e9 queremos gente de Hait\u00ed y m\u00e1s africanos en EE.UU. y agreg\u00f3 que EE.UU. deber\u00eda tener m\u00e1s gente de pa\u00edses como Noruega\u201d. El informe dec\u00eda que una fuente dijo que Trump hab\u00eda preguntado durante la reuni\u00f3n: \u201c\u00bfPor qu\u00e9 queremos que todas estas personas de \u2018pa\u00edses de mierda\u2019 vengan aqu\u00ed?\u201d<\/p>\n<p>En 2018, dos senadores republicanos presentes en la reuni\u00f3n, el senador Tom Cotton de Arkansas y el entonces senador David Perdue de Georgia, emitieron un comunicado en el que afirmaban que \u201cno recordaban\u201d que Trump hubiera usado ese lenguaje. Perdue <a href=\"https:\/\/abcnews.go.com\/Politics\/week-transcript-14-18-rep-john-lewis-sen\/story?id=52328080\">a\u00f1adi\u00f3<\/a> en televisi\u00f3n: \u201cLes aseguro que no us\u00f3 esa palabra\u201d y \u201cles aseguro que es una tergiversaci\u00f3n flagrante\u201d. La entonces secretaria de Seguridad Nacional, Kirstjen Nielsen, quien tambi\u00e9n estaba presente, <a href=\"https:\/\/www.foxnews.com\/transcript\/secretary-nielsen-talks-border-security-immigration-reform\">declar\u00f3<\/a> en televisi\u00f3n en ese momento: \u201cFue una conversaci\u00f3n apasionada. No recuerdo que se usara esa frase en espec\u00edfico, es todo lo que puedo decir al respecto\u201d.<\/p>\n<p>Durbin, dem\u00f3crata, <a href=\"https:\/\/www.nbcnews.com\/politics\/politics-news\/durbin-trump-said-shithole-repeatedly-comments-were-vile-racist-n837116\">confirm\u00f3 p\u00fablicamente<\/a> que Trump se hab\u00eda referido en la reuni\u00f3n a \u201cpa\u00edses de mierda\u201d. Pero Trump tuite\u00f3: \u201cEl senador Dicky Durbin tergivers\u00f3 totalmente lo que se dijo en la reuni\u00f3n de DACA\u201d.<\/p>\n<p>The-CNN-Wire<br \/>&trade; &amp; &copy; 2025 Cable News Network, Inc., a Warner Bros. Discovery Company. All rights reserved.<\/p>\n","protected":false},"excerpt":{"rendered":"<p>Fue una controversia internacional durante el primer mandato del presidente Donald Trump. Medios de comunicaci\u00f3n, como CNN, informaron que en una reuni\u00f3n a puerta cerrada con senadores sobre pol\u00edtica migratoria en enero de 2018, Trump pregunt\u00f3 por qu\u00e9 Estados Unidos deber\u00eda aceptar inmigrantes de \u201cpa\u00edses de mierda\u201d como algunos de \u00c1frica. El portavoz de Trump [&hellip;]<\/p>\n","protected":false},"author":0,"featured_media":0,"comment_status":"open","ping_status":"open","sticky":false,"template":"","format":"standard","meta":{"_jetpack_memberships_contains_paid_content":false,"footnotes":""},"categories":[10],"tags":[],"class_list":["post-1469152","post","type-post","status-publish","format-standard","hentry","category-noticias-nacionales","market-global"],"yoast_head":"<!-- This site is optimized with the Yoast SEO plugin v24.4 - https:\/\/yoast.com\/wordpress\/plugins\/seo\/ -->\n<title>Casi ocho a\u00f1os despu\u00e9s, Trump confirma que s\u00ed utiliz\u00f3 la frase &quot;pa\u00edses de mierda&quot; - Noticias<\/title>\n<meta name=\"robots\" content=\"index, follow, max-snippet:-1, max-image-preview:large, max-video-preview:-1\" \/>\n<link rel=\"canonical\" href=\"https:\/\/noticiasya.com\/2025\/12\/10\/ocho-anios-trump-paises-mierda-trax\/\" \/>\n<meta property=\"og:locale\" content=\"es_ES\" \/>\n<meta property=\"og:type\" content=\"article\" \/>\n<meta property=\"og:title\" content=\"Casi ocho a\u00f1os despu\u00e9s, Trump confirma que s\u00ed utiliz\u00f3 la frase &quot;pa\u00edses de mierda&quot; - Noticias\" \/>\n<meta property=\"og:description\" content=\"Fue una controversia internacional durante el primer mandato del presidente Donald Trump. Medios de comunicaci\u00f3n, como CNN, informaron que en una reuni\u00f3n a puerta cerrada con senadores sobre pol\u00edtica migratoria en enero de 2018, Trump pregunt\u00f3 por qu\u00e9 Estados Unidos deber\u00eda aceptar inmigrantes de \u201cpa\u00edses de mierda\u201d como algunos de \u00c1frica. El portavoz de Trump [&hellip;]\" \/>\n<meta property=\"og:url\" content=\"https:\/\/noticiasya.com\/2025\/12\/10\/ocho-anios-trump-paises-mierda-trax\/\" \/>\n<meta property=\"og:site_name\" content=\"Noticias\" \/>\n<meta property=\"article:published_time\" content=\"2025-12-10T19:03:40+00:00\" \/>\n<meta name=\"twitter:card\" content=\"summary_large_image\" \/>\n<meta name=\"twitter:label1\" content=\"Est. reading time\" \/>\n\t<meta name=\"twitter:data1\" content=\"3 minutos\" \/>\n<script type=\"application\/ld+json\" class=\"yoast-schema-graph\">{\"@context\":\"https:\/\/schema.org\",\"@graph\":[{\"@type\":\"Article\",\"@id\":\"https:\/\/noticiasya.com\/2025\/12\/10\/ocho-anios-trump-paises-mierda-trax\/#article\",\"isPartOf\":{\"@id\":\"https:\/\/noticiasya.com\/2025\/12\/10\/ocho-anios-trump-paises-mierda-trax\/\"},\"author\":{\"name\":\"\",\"@id\":\"\"},\"headline\":\"Casi ocho a\u00f1os despu\u00e9s, Trump confirma que s\u00ed utiliz\u00f3 la frase &#171;pa\u00edses de mierda&#187;\",\"datePublished\":\"2025-12-10T19:03:40+00:00\",\"mainEntityOfPage\":{\"@id\":\"https:\/\/noticiasya.com\/2025\/12\/10\/ocho-anios-trump-paises-mierda-trax\/\"},\"wordCount\":657,\"commentCount\":0,\"publisher\":{\"@id\":\"https:\/\/noticiasya.com\/#organization\"},\"articleSection\":[\"Noticias Nacionales\"],\"inLanguage\":\"es\",\"potentialAction\":[{\"@type\":\"CommentAction\",\"name\":\"Comment\",\"target\":[\"https:\/\/noticiasya.com\/2025\/12\/10\/ocho-anios-trump-paises-mierda-trax\/#respond\"]}]},{\"@type\":\"WebPage\",\"@id\":\"https:\/\/noticiasya.com\/2025\/12\/10\/ocho-anios-trump-paises-mierda-trax\/\",\"url\":\"https:\/\/noticiasya.com\/2025\/12\/10\/ocho-anios-trump-paises-mierda-trax\/\",\"name\":\"Casi ocho a\u00f1os despu\u00e9s, Trump confirma que s\u00ed utiliz\u00f3 la frase \\\"pa\u00edses de mierda\\\" - Noticias\",\"isPartOf\":{\"@id\":\"https:\/\/noticiasya.com\/#website\"},\"datePublished\":\"2025-12-10T19:03:40+00:00\",\"breadcrumb\":{\"@id\":\"https:\/\/noticiasya.com\/2025\/12\/10\/ocho-anios-trump-paises-mierda-trax\/#breadcrumb\"},\"inLanguage\":\"es\",\"potentialAction\":[{\"@type\":\"ReadAction\",\"target\":[\"https:\/\/noticiasya.com\/2025\/12\/10\/ocho-anios-trump-paises-mierda-trax\/\"]}]},{\"@type\":\"BreadcrumbList\",\"@id\":\"https:\/\/noticiasya.com\/2025\/12\/10\/ocho-anios-trump-paises-mierda-trax\/#breadcrumb\",\"itemListElement\":[{\"@type\":\"ListItem\",\"position\":1,\"name\":\"Home\",\"item\":\"https:\/\/noticiasya.com\/\"},{\"@type\":\"ListItem\",\"position\":2,\"name\":\"Casi ocho a\u00f1os despu\u00e9s, Trump confirma que s\u00ed utiliz\u00f3 la frase &#171;pa\u00edses de mierda&#187;\"}]},{\"@type\":\"WebSite\",\"@id\":\"https:\/\/noticiasya.com\/#website\",\"url\":\"https:\/\/noticiasya.com\/\",\"name\":\"Noticias\",\"description\":\"Lo que importa\",\"publisher\":{\"@id\":\"https:\/\/noticiasya.com\/#organization\"},\"potentialAction\":[{\"@type\":\"SearchAction\",\"target\":{\"@type\":\"EntryPoint\",\"urlTemplate\":\"https:\/\/noticiasya.com\/?s={search_term_string}\"},\"query-input\":{\"@type\":\"PropertyValueSpecification\",\"valueRequired\":true,\"valueName\":\"search_term_string\"}}],\"inLanguage\":\"es\"},{\"@type\":\"Organization\",\"@id\":\"https:\/\/noticiasya.com\/#organization\",\"name\":\"Noticias\",\"url\":\"https:\/\/noticiasya.com\/\",\"logo\":{\"@type\":\"ImageObject\",\"inLanguage\":\"es\",\"@id\":\"https:\/\/noticiasya.com\/#\/schema\/logo\/image\/\",\"url\":\"https:\/\/noticiasya.com\/wp-content\/uploads\/sites\/22\/2023\/12\/logo-nacional.png\",\"contentUrl\":\"https:\/\/noticiasya.com\/wp-content\/uploads\/sites\/22\/2023\/12\/logo-nacional.png\",\"width\":1801,\"height\":691,\"caption\":\"Noticias\"},\"image\":{\"@id\":\"https:\/\/noticiasya.com\/#\/schema\/logo\/image\/\"}}]}<\/script>\n<!-- \/ Yoast SEO plugin. -->","yoast_head_json":{"title":"Casi ocho a\u00f1os despu\u00e9s, Trump confirma que s\u00ed utiliz\u00f3 la frase \"pa\u00edses de mierda\" - Noticias","robots":{"index":"index","follow":"follow","max-snippet":"max-snippet:-1","max-image-preview":"max-image-preview:large","max-video-preview":"max-video-preview:-1"},"canonical":"https:\/\/noticiasya.com\/2025\/12\/10\/ocho-anios-trump-paises-mierda-trax\/","og_locale":"es_ES","og_type":"article","og_title":"Casi ocho a\u00f1os despu\u00e9s, Trump confirma que s\u00ed utiliz\u00f3 la frase \"pa\u00edses de mierda\" - Noticias","og_description":"Fue una controversia internacional durante el primer mandato del presidente Donald Trump. Medios de comunicaci\u00f3n, como CNN, informaron que en una reuni\u00f3n a puerta cerrada con senadores sobre pol\u00edtica migratoria en enero de 2018, Trump pregunt\u00f3 por qu\u00e9 Estados Unidos deber\u00eda aceptar inmigrantes de \u201cpa\u00edses de mierda\u201d como algunos de \u00c1frica. El portavoz de Trump [&hellip;]","og_url":"https:\/\/noticiasya.com\/2025\/12\/10\/ocho-anios-trump-paises-mierda-trax\/","og_site_name":"Noticias","article_published_time":"2025-12-10T19:03:40+00:00","twitter_card":"summary_large_image","twitter_misc":{"Est. reading time":"3 minutos"},"schema":{"@context":"https:\/\/schema.org","@graph":[{"@type":"Article","@id":"https:\/\/noticiasya.com\/2025\/12\/10\/ocho-anios-trump-paises-mierda-trax\/#article","isPartOf":{"@id":"https:\/\/noticiasya.com\/2025\/12\/10\/ocho-anios-trump-paises-mierda-trax\/"},"author":{"name":"","@id":""},"headline":"Casi ocho a\u00f1os despu\u00e9s, Trump confirma que s\u00ed utiliz\u00f3 la frase &#171;pa\u00edses de mierda&#187;","datePublished":"2025-12-10T19:03:40+00:00","mainEntityOfPage":{"@id":"https:\/\/noticiasya.com\/2025\/12\/10\/ocho-anios-trump-paises-mierda-trax\/"},"wordCount":657,"commentCount":0,"publisher":{"@id":"https:\/\/noticiasya.com\/#organization"},"articleSection":["Noticias Nacionales"],"inLanguage":"es","potentialAction":[{"@type":"CommentAction","name":"Comment","target":["https:\/\/noticiasya.com\/2025\/12\/10\/ocho-anios-trump-paises-mierda-trax\/#respond"]}]},{"@type":"WebPage","@id":"https:\/\/noticiasya.com\/2025\/12\/10\/ocho-anios-trump-paises-mierda-trax\/","url":"https:\/\/noticiasya.com\/2025\/12\/10\/ocho-anios-trump-paises-mierda-trax\/","name":"Casi ocho a\u00f1os despu\u00e9s, Trump confirma que s\u00ed utiliz\u00f3 la frase \"pa\u00edses de mierda\" - Noticias","isPartOf":{"@id":"https:\/\/noticiasya.com\/#website"},"datePublished":"2025-12-10T19:03:40+00:00","breadcrumb":{"@id":"https:\/\/noticiasya.com\/2025\/12\/10\/ocho-anios-trump-paises-mierda-trax\/#breadcrumb"},"inLanguage":"es","potentialAction":[{"@type":"ReadAction","target":["https:\/\/noticiasya.com\/2025\/12\/10\/ocho-anios-trump-paises-mierda-trax\/"]}]},{"@type":"BreadcrumbList","@id":"https:\/\/noticiasya.com\/2025\/12\/10\/ocho-anios-trump-paises-mierda-trax\/#breadcrumb","itemListElement":[{"@type":"ListItem","position":1,"name":"Home","item":"https:\/\/noticiasya.com\/"},{"@type":"ListItem","position":2,"name":"Casi ocho a\u00f1os despu\u00e9s, Trump confirma que s\u00ed utiliz\u00f3 la frase &#171;pa\u00edses de mierda&#187;"}]},{"@type":"WebSite","@id":"https:\/\/noticiasya.com\/#website","url":"https:\/\/noticiasya.com\/","name":"Noticias","description":"Lo que importa","publisher":{"@id":"https:\/\/noticiasya.com\/#organization"},"potentialAction":[{"@type":"SearchAction","target":{"@type":"EntryPoint","urlTemplate":"https:\/\/noticiasya.com\/?s={search_term_string}"},"query-input":{"@type":"PropertyValueSpecification","valueRequired":true,"valueName":"search_term_string"}}],"inLanguage":"es"},{"@type":"Organization","@id":"https:\/\/noticiasya.com\/#organization","name":"Noticias","url":"https:\/\/noticiasya.com\/","logo":{"@type":"ImageObject","inLanguage":"es","@id":"https:\/\/noticiasya.com\/#\/schema\/logo\/image\/","url":"https:\/\/noticiasya.com\/wp-content\/uploads\/sites\/22\/2023\/12\/logo-nacional.png","contentUrl":"https:\/\/noticiasya.com\/wp-content\/uploads\/sites\/22\/2023\/12\/logo-nacional.png","width":1801,"height":691,"caption":"Noticias"},"image":{"@id":"https:\/\/noticiasya.com\/#\/schema\/logo\/image\/"}}]}},"parsely":{"version":"1.1.0","canonical_url":"https:\/\/noticiasya.com\/midland-odessa\/2025\/12\/10\/ocho-anios-trump-paises-mierda-trax\/","smart_links":{"inbound":0,"outbound":0},"traffic_boost_suggestions_count":0,"meta":{"@context":"https:\/\/schema.org","@type":"NewsArticle","headline":"Casi ocho a\u00f1os despu\u00e9s, Trump confirma que s\u00ed utiliz\u00f3 la frase &#171;pa\u00edses de mierda&#187;","url":"http:\/\/noticiasya.com\/midland-odessa\/2025\/12\/10\/ocho-anios-trump-paises-mierda-trax\/","mainEntityOfPage":{"@type":"WebPage","@id":"http:\/\/noticiasya.com\/midland-odessa\/2025\/12\/10\/ocho-anios-trump-paises-mierda-trax\/"},"thumbnailUrl":"","image":{"@type":"ImageObject","url":""},"articleSection":"Noticias Nacionales","author":[],"creator":[],"publisher":{"@type":"Organization","name":"Noticias","logo":""},"keywords":[],"dateCreated":"2025-12-10T19:03:40Z","datePublished":"2025-12-10T19:03:40Z","dateModified":"2025-12-10T19:03:40Z"},"rendered":"<script type=\"application\/ld+json\" class=\"wp-parsely-metadata\">{\"@context\":\"https:\\\/\\\/schema.org\",\"@type\":\"NewsArticle\",\"headline\":\"Casi ocho a\\u00f1os despu\\u00e9s, Trump confirma que s\\u00ed utiliz\\u00f3 la frase &#171;pa\\u00edses de mierda&#187;\",\"url\":\"http:\\\/\\\/noticiasya.com\\\/midland-odessa\\\/2025\\\/12\\\/10\\\/ocho-anios-trump-paises-mierda-trax\\\/\",\"mainEntityOfPage\":{\"@type\":\"WebPage\",\"@id\":\"http:\\\/\\\/noticiasya.com\\\/midland-odessa\\\/2025\\\/12\\\/10\\\/ocho-anios-trump-paises-mierda-trax\\\/\"},\"thumbnailUrl\":\"\",\"image\":{\"@type\":\"ImageObject\",\"url\":\"\"},\"articleSection\":\"Noticias Nacionales\",\"author\":[],\"creator\":[],\"publisher\":{\"@type\":\"Organization\",\"name\":\"Noticias\",\"logo\":\"\"},\"keywords\":[],\"dateCreated\":\"2025-12-10T19:03:40Z\",\"datePublished\":\"2025-12-10T19:03:40Z\",\"dateModified\":\"2025-12-10T19:03:40Z\"}<\/script>","tracker_url":"https:\/\/cdn.parsely.com\/keys\/noticiasya.com\/p.js"},"jetpack_featured_media_url":"","jetpack-related-posts":[{"id":1469170,"url":"https:\/\/noticiasya.com\/midland-odessa\/2025\/12\/11\/5-cosas-11-diciembre-orix\/","url_meta":{"origin":1469152,"position":0},"title":"Las 5 cosas que debes saber este 11 de diciembre: Mar\u00eda Corina Machado, EE.UU. incauta barco petrolero, Ucrania","author":"","date":"diciembre 11, 2025","format":false,"excerpt":"Trump dice que incautaron un barco petrolero frente a la costa de Venezuela. La crisis que mantiene en vilo a Honduras. Ucrania presenta su respuesta al plan de paz de EE.UU. Esto es lo que debes saber para comenzar el d\u00eda. Primero la verdad.Suscr\u00edbete aqu\u00ed para recibir el newsletter cada\u2026","rel":"","context":"In &quot;Noticias Nacionales&quot;","block_context":{"text":"Noticias Nacionales","link":"https:\/\/noticiasya.com\/midland-odessa\/categoria\/noticias-nacionales"},"img":{"alt_text":"","src":"","width":0,"height":0},"classes":[]},{"id":1470884,"url":"https:\/\/noticiasya.com\/midland-odessa\/2026\/02\/05\/trump-frustra-esfuerzos-colaborador-trax\/","url_meta":{"origin":1469152,"position":1},"title":"Trump frustra de nuevo los esfuerzos de un colaborador de restar importancia a sus comentarios","author":"","date":"febrero 5, 2026","format":false,"excerpt":"En este punto, cuando un asistente o asesor de Donald Trump se ofrece a traducir algo que el presidente ha dicho, probablemente deber\u00eda asumir que no tiene idea de lo que est\u00e1 hablando.Trump frustr\u00f3 este martes los esfuerzos de la secretaria de prensa de la Casa Blanca, Karoline Leavitt, por\u2026","rel":"","context":"In &quot;Noticias Nacionales&quot;","block_context":{"text":"Noticias Nacionales","link":"https:\/\/noticiasya.com\/midland-odessa\/categoria\/noticias-nacionales"},"img":{"alt_text":"","src":"","width":0,"height":0},"classes":[]},{"id":1458277,"url":"https:\/\/noticiasya.com\/midland-odessa\/2025\/02\/05\/trump-que-golpea-verbalmente-para-despues-neg\/","url_meta":{"origin":1469152,"position":2},"title":"Juan Negri: &#171;Donald Trump golpea verbalmente para despu\u00e9s negociar&#187;","author":"","date":"febrero 5, 2025","format":false,"excerpt":"Juan Negri, director de la Carrera de Ciencias Pol\u00edticas de la Universidad di Tella, analiz\u00f3 los primeros 20 d\u00edas del segundo mandato de Donald Trump.En CNN Primera Ma\u00f1ana, afirm\u00f3 \u201cestamos viendo un Trump muy hiperactivo, ocupando el centro de la escena y que genera reacciones. Est\u00e1 haciendo una especie de\u2026","rel":"","context":"In &quot;Noticias Nacionales&quot;","block_context":{"text":"Noticias Nacionales","link":"https:\/\/noticiasya.com\/midland-odessa\/categoria\/noticias-nacionales"},"img":{"alt_text":"","src":"","width":0,"height":0},"classes":[]},{"id":1465945,"url":"https:\/\/noticiasya.com\/midland-odessa\/2025\/08\/28\/abrego-garcia-deportaciones-africa-trump-analisis-orix\/","url_meta":{"origin":1469152,"position":3},"title":"El caso de \u00c1brego Garc\u00eda revela c\u00f3mo Trump convirti\u00f3 la deportaci\u00f3n en un arma pol\u00edtica","author":"","date":"agosto 28, 2025","format":false,"excerpt":"Imagina que vives en Estados Unidos. Eres inmigrante, pero llevas m\u00e1s tiempo all\u00ed que en tu pa\u00eds de origen. Te detienen, cualquiera sea el motivo. Pero tu destino no es una c\u00e1rcel estadounidense. Es otro pa\u00eds, que ni siquiera es el tuyo: alg\u00fan lugar remoto en \u00c1frica o tal vez\u2026","rel":"","context":"In &quot;Noticias Nacionales&quot;","block_context":{"text":"Noticias Nacionales","link":"https:\/\/noticiasya.com\/midland-odessa\/categoria\/noticias-nacionales"},"img":{"alt_text":"","src":"","width":0,"height":0},"classes":[]},{"id":1468777,"url":"https:\/\/noticiasya.com\/midland-odessa\/2025\/11\/27\/trump-estados-unidos-pausara-migracion-paises-tercer-mundo-trax\/","url_meta":{"origin":1469152,"position":4},"title":"Trump afirma que Estados Unidos &#171;pausar\u00e1 permanentemente la migraci\u00f3n de todos los pa\u00edses del Tercer Mundo&#187;","author":"","date":"noviembre 27, 2025","format":false,"excerpt":"El presidente Donald Trump anunci\u00f3 este jueves que su administraci\u00f3n trabajar\u00e1 para \u201cpausar permanentemente la migraci\u00f3n de todos los pa\u00edses del Tercer Mundo para permitir que el sistema estadounidense se recupere por completo\u201d.No est\u00e1 claro a qu\u00e9 naciones se refer\u00eda Trump. El t\u00e9rmino \u201cpa\u00edses del Tercer Mundo\u201d, usado por algunos\u2026","rel":"","context":"In &quot;Noticias Nacionales&quot;","block_context":{"text":"Noticias Nacionales","link":"https:\/\/noticiasya.com\/midland-odessa\/categoria\/noticias-nacionales"},"img":{"alt_text":"","src":"","width":0,"height":0},"classes":[]},{"id":1466586,"url":"https:\/\/noticiasya.com\/midland-odessa\/2025\/09\/18\/trump-dice-putin-lo-decepciono-trax\/","url_meta":{"origin":1469152,"position":5},"title":"En una conferencia conjunta con Starmer, Trump dijo que Putin lo &#171;decepcion\u00f3&#187;","author":"","date":"septiembre 18, 2025","format":false,"excerpt":"El presidente de Estados Unidos, Donald Trump, dijo este jueves que su hom\u00f3logo de Rusia, Vladimir Putin, lo \u201cdecepcion\u00f3\u201d durante las negociaciones para poner fin al conflicto en Ucrania, con lo que dej\u00f3 en evidencia una evaluaci\u00f3n pesimista de lo sucedido hasta ahora.\u201cPens\u00e9 que ser\u00eda m\u00e1s f\u00e1cil por mi relaci\u00f3n\u2026","rel":"","context":"In &quot;Noticias Nacionales&quot;","block_context":{"text":"Noticias Nacionales","link":"https:\/\/noticiasya.com\/midland-odessa\/categoria\/noticias-nacionales"},"img":{"alt_text":"","src":"","width":0,"height":0},"classes":[]}],"jetpack_sharing_enabled":true,"_links":{"self":[{"href":"https:\/\/noticiasya.com\/midland-odessa\/wp-json\/wp\/v2\/posts\/1469152","targetHints":{"allow":["GET"]}}],"collection":[{"href":"https:\/\/noticiasya.com\/midland-odessa\/wp-json\/wp\/v2\/posts"}],"about":[{"href":"https:\/\/noticiasya.com\/midland-odessa\/wp-json\/wp\/v2\/types\/post"}],"replies":[{"embeddable":true,"href":"https:\/\/noticiasya.com\/midland-odessa\/wp-json\/wp\/v2\/comments?post=1469152"}],"version-history":[{"count":0,"href":"https:\/\/noticiasya.com\/midland-odessa\/wp-json\/wp\/v2\/posts\/1469152\/revisions"}],"wp:attachment":[{"href":"https:\/\/noticiasya.com\/midland-odessa\/wp-json\/wp\/v2\/media?parent=1469152"}],"wp:term":[{"taxonomy":"category","embeddable":true,"href":"https:\/\/noticiasya.com\/midland-odessa\/wp-json\/wp\/v2\/categories?post=1469152"},{"taxonomy":"post_tag","embeddable":true,"href":"https:\/\/noticiasya.com\/midland-odessa\/wp-json\/wp\/v2\/tags?post=1469152"}],"curies":[{"name":"wp","href":"https:\/\/api.w.org\/{rel}","templated":true}]}}