{"id":1469166,"date":"2025-12-10T19:03:44","date_gmt":"2025-12-11T03:03:44","guid":{"rendered":"https:\/\/noticiasya.com\/2025\/12\/10\/patrimonio-cultural-inmaterial-latinoamerica-unesco-orix\/"},"modified":"2025-12-10T19:03:44","modified_gmt":"2025-12-11T03:03:44","slug":"patrimonio-cultural-inmaterial-latinoamerica-unesco-orix","status":"publish","type":"post","link":"https:\/\/noticiasya.com\/midland-odessa\/2025\/12\/10\/patrimonio-cultural-inmaterial-latinoamerica-unesco-orix\/","title":{"rendered":"Las 10 expresiones culturales de Latinoam\u00e9rica reconocidas como Patrimonio de la Humanidad por la Unesco"},"content":{"rendered":"<p>La rica mezcla de tradiciones ind\u00edgenas e influencias africanas y europeas presentes en la cultura latinoamericana han destacado este a\u00f1o. La Organizaci\u00f3n de las Naciones Unidas para la Educaci\u00f3n, la Ciencia y la Cultura (Unesco), el organismo cultural de la ONU, reconoci\u00f3 <a href=\"https:\/\/www.unesco.org\/en\/intangible-cultural-heritage\/committee-2025\">10 expresiones culturales<\/a> de la regi\u00f3n como Patrimonio Cultural Inmaterial de la Humanidad, una designaci\u00f3n que ayuda a fortalecer la identidad y diversidad local, salvaguardar la cultura para generaciones futuras y hacerlas visibles ante el mundo.<\/p>\n<p>La Unesco define el patrimonio cultural inmaterial como un conjunto de \u201cpr\u00e1cticas, conocimientos y expresiones que las comunidades reconocen como parte de su identidad cultural, junto con los objetos y espacios asociados\u201d transmitidos de generaci\u00f3n en generaci\u00f3n que se adaptan, refuerzan la identidad y el respeto por la diversidad cultural.<\/p>\n<p>M\u00fasica, artes, t\u00e9cnicas artesanales y celebraciones fueron a\u00f1adidas a la lista global durante la 20\u00aa sesi\u00f3n del Comit\u00e9 Intergubernamental realizada en Nueva Delhi, en la que se examinaron 67 candidaturas y se eligieron 48.<\/p>\n<p>Impulsado por figuras como Leonor Manzano y Carlitos Rol\u00e1n, este g\u00e9nero popular tiene m\u00e1s de 80 a\u00f1os de historia. El cuarteto ha puesto a bailar a muchos en fiestas de la provincia de C\u00f3rdoba y en todo el pa\u00eds gracias a sus estilos musicales criollos locales con influencia de inmigrantes europeos. En sus inicios, inclu\u00eda instrumentos como el piano, viol\u00edn, acorde\u00f3n, contrabajo y la voz de un cantante, pero con el tiempo se diversific\u00f3 hasta incorporar ritmos caribe\u00f1os y percusi\u00f3n afrolatina.<\/p>\n<p>Actualmente, los bailes de cuartetos convocan a familia y amigos de todos los barrios con orquestas que ocho o m\u00e1s m\u00fasicos mientras la gente baila en c\u00edrculos siguiendo el ritmo de la m\u00fasica. \u201cHoy en d\u00eda, el cuarteto sigue siendo una expresi\u00f3n cultural importante, con letras que a menudo se centran en la vida cotidiana, el amor y la alegr\u00eda\u201d, dijo la Unesco.<\/p>\n<p>El gobernador de C\u00f3rdoba, Mart\u00edn Llaryora, celebr\u00f3 el anuncio <a href=\"https:\/\/x.com\/MartinLlaryora\/status\/1998394270768648526\">en X<\/a> diciendo que: \u201cEl cuarteto es alegr\u00eda, es familia, es baile, es identidad. Es cultura viva, hecha de abrazos, de pasos, de estrofas y de sentir que, aunque la vida no venga f\u00e1cil, siempre hay un ritmo que nos levanta\u201d.<\/p>\n<p>Celebrados los d\u00edas 25 y 26 de diciembre, el Bram y Sambai navide\u00f1os se llevan a cabo en la aldea de Gales Point Manatee, en la pen\u00ednsula de la Laguna Sur, en el centro de Belice.<\/p>\n<p>El Bram comienza el d\u00eda de Navidad con cantos y danzas de los participantes que se desplazan de casa en casa con instrumentos fabricados por la misma comunidad, como los tambores \u201cgumbay\u201d y \u201csambai\u201d y anfitriones que ofrecen alimentos y bebidas a los bailarines.<\/p>\n<p>En la danza Sambai, asociada con la siembra de cultivos y el cortejo, los bailarines bailan alrededor de una fogata durante la noche con canciones tradicionales y modernas que tratan temas sociales. La festividad concluye con una danza en circulo que simboliza la paz y la unidad, seg\u00fan <a href=\"https:\/\/www.unesco.org\/es\/intangible-cultural-heritage?hub=413\">la Unesco.<\/a><\/p>\n<p>Se trata de la mayor celebraci\u00f3n de la ciudad de Sucre. Un evento religioso y cultural que honra a la Virgen de Guadalupe, considerada protectora espiritual. La fiesta tiene lugar cada mes de septiembre, iniciando con el traslado de la imagen de la virgen a la catedral de la ciudad, seguida de oraciones diarias, procesiones con velas y celebraciones de los fieles. Esta festividad, seg\u00fan la Unesco, combina la fe, la m\u00fasica, la danza y el arte tradicional.<\/p>\n<p>El Ministerio de Turismo de Bolivia <a href=\"https:\/\/www.facebook.com\/photo\/?fbid=1210707591250390&#038;set=a.227312979589861\">celebr\u00f3<\/a> la noticia y se\u00f1al\u00f3 que se trata de un \u201cm\u00e9rito a su valor hist\u00f3rico, espiritual y cultural\u201d<\/p>\n<p>Esta pr\u00e1ctica con m\u00e1s de dos siglos de historia re\u00fane a familias que viajan en caravanas, levantan sus carpas compartiendo su arte y cultura a lo largo y ancho del pa\u00eds para mantener vivo el oficio circense. Quienes dedican su vida a este oficio interpretan m\u00faltiples papeles: acr\u00f3batas, payasos, magos o maestros de ceremonias.<\/p>\n<p>La Unesco detall\u00f3 que, aunque \u201ccada circo tiene su propia identidad, ritos y ceremonias, sus miembros comparten un sentido de pertenencia a una amplia familia unida por tradiciones y celebraciones\u201d.<\/p>\n<p>El Gobierno de Chile celebr\u00f3 la inscripci\u00f3n de esta tradici\u00f3n en una <a href=\"https:\/\/x.com\/GobiernodeChile\/status\/1998695209773768974\">publicaci\u00f3n<\/a> en X.<\/p>\n<p>Describir al son cubano en una palabra ser\u00eda casi imposible. Esta pr\u00e1ctica combina m\u00fasica, danza, canto, instrumentos y movimiento. Naci\u00f3 en el oriente de Cuba y es resultado de culturas africanas y espa\u00f1olas y ha permanecido como un s\u00edmbolo de la isla por su versatilidad para contar historias, bailar y festejar.<\/p>\n<p>Suele interpretarse en parejas o grupos y combina la improvisaci\u00f3n con patrones estructurados y letras que abordan la vida cotidiana.<\/p>\n<p>Entre sus figuras m\u00e1s emblem\u00e1ticas est\u00e1n Benny Mor\u00e9 y Francisco Repilado. Su estructura principal es \u00fanica: el cantante, conocido como sonero, pronuncia un verso y el coro le responde. Practicarlo requiere de varias personas como cantantes, bailarines, compositores, m\u00fasicos y luthieres.<\/p>\n<p>Se convirti\u00f3 en la <a href=\"https:\/\/rree.gob.sv\/el-salvador-celebra-su-primera-inscripcion-en-la-lista-representativa-del-patrimonio-cultural-inmaterial-de-la-humanidad-de-la-unesco\/#:~:text=La%20Cofrad%C3%ADa%20de%20las%20Flores,se%20reuni%C3%B3%20en%20Nueva%20Delhi%2C\">primera manifestaci\u00f3n<\/a> del pa\u00eds en recibir el reconocimiento de la Unesco. Esta tradici\u00f3n fusiona las creencias ind\u00edgenas con las pr\u00e1cticas cat\u00f3licas en el municipio de Panchimalco, departamento de San Salvador. La cofrad\u00eda de Flores y Palmas coincide con el inicio de la \u00e9poca de lluvias y cosecha y fusiona m\u00fasica, bailes, comida y rituales tradicionales, como la procesi\u00f3n de palmas decoradas con flores silvestres.<\/p>\n<p>Los ni\u00f1os suelen vestir trajes t\u00edpicos hechos a mano y llevan im\u00e1genes de la virgen. El Ministerio de Relaciones Exteriores del pa\u00eds <a href=\"https:\/\/rree.gob.sv\/el-salvador-celebra-su-primera-inscripcion-en-la-lista-representativa-del-patrimonio-cultural-inmaterial-de-la-humanidad-de-la-unesco\/#:~:text=La%20Cofrad%C3%ADa%20de%20las%20Flores,se%20reuni%C3%B3%20en%20Nueva%20Delhi%2C\">dijo<\/a> que el pa\u00eds se siente halagado de figurar en la lista de la Unesco y se comprometi\u00f3 a salvaguardar esta festividad.<\/p>\n<p>M\u00e1s de 180 a\u00f1os de historia dan cuenta de la importancia de esta tradici\u00f3n religiosa que se lleva a cabo en los ocho barrios de la alcald\u00eda Iztapalapa, la m\u00e1s grande de Ciudad de M\u00e9xico. Se trata de un acto de unidad de fe, unidad y resistencia realizada a\u00f1o con a\u00f1o durante la Semana Santa con residentes que transforman el espacio p\u00fablico para escenificar episodios del Nuevo Testamento.<\/p>\n<p>El organismo de las Naciones Unidas destaca que comenz\u00f3 cuando la comunidad prometi\u00f3 realizar una procesi\u00f3n en agradecimiento por sobrevivir a una epidemia de c\u00f3lera en el siglo XIX. Con el tiempo se ha convertido en la representaci\u00f3n multitudinaria m\u00e1s grande del pa\u00eds. Tan solo este 2025 atrajo a m\u00e1s de 1,3 millones de personas.<\/p>\n<p>La jefa de Gobierno capitalina, Clara Brugada, <a href=\"https:\/\/x.com\/ClaraBrugadaM\/status\/1998829820806049879\">dijo en X<\/a> que se trata de \u201cUn homenaje merecido a las y los habitantes de Iztapalapa y a quienes mantienen viva esta tradici\u00f3n que mueve el coraz\u00f3n de M\u00e9xico\u201d.<\/p>\n<p>Esta pr\u00e1ctica tradicional fue <a href=\"https:\/\/www.unesco.org\/en\/intangible-cultural-heritage\/committee-2025\">incluida en la lista<\/a> de Patrimonio Cultural Inmaterial que requiere medidas urgentes de salvaguardia. La construcci\u00f3n de casas de barro o arcilla es muy com\u00fan en zonas rurales y semiurbanas en muchas partes del pa\u00eds. Se construyen con una mezcla de tierra de arcilla, heno y fibras naturales, adem\u00e1s de manera y pantas que sostienen la estructura.<\/p>\n<p>Esta pr\u00e1ctica constituye una manifestaci\u00f3n ancestral considerada una expresi\u00f3n de solidaridad comunitaria ya que el proceso de construcci\u00f3n \u2013llamado \u201cjunta de embarre\u201d requiere de mucho conocimiento de los materiales locales y del entorno, as\u00ed como habilidades para mezclar, dar forma y ensamblar los componentes.<\/p>\n<p>La Autoridad de Turismo de Panam\u00e1 <a href=\"https:\/\/www.atp.gob.pa\/tecnicas-de-construccion-de-casas-de-quincha-es-incluida-en-la-lista-de-salvaguarda-urgente-de-la-unesco\/\">indic\u00f3<\/a> que la inscripci\u00f3n de esta t\u00e9cnica en la categor\u00eda de riesgo busca \u201cactivar fondos y asesor\u00eda t\u00e9cnica para rescatar esta arquitectura amenazada por la industrializaci\u00f3n y los cambios demogr\u00e1ficos\u201d.<\/p>\n<p>Practicada en lo valles de Ticsani y San Felipe, en el sur del pa\u00eds, esta celebraci\u00f3n anual ocurre despu\u00e9s de la Semana Santa y marca el final de la temporada de lluvias y el inicio de la cosecha. Grupos de danza conocidos como \u201cruedas\u201d recorren los pueblos de Cuchumbaya, San Crist\u00f3bal y Carumas con m\u00fasica, cantos y danzas.<\/p>\n<p>Los bailarines se mueven en c\u00edrculos imitando los patrones de vuelo de aves andinas, mientras que las mujeres usan prendas t\u00edpicas de lana y se mueven en c\u00edrculos y los hombres zapatean y tocan instrumentos.<\/p>\n<p>Autoridades de Per\u00fa <a href=\"https:\/\/peru.un.org\/es\/306861-sarawja-de-moquegua-es-inscrito-en-la-lista-representativa-del-patrimonio-cultural\">expresaron<\/a> su profundo orgullo por este reconocimiento y se\u00f1alaron que esta tradici\u00f3n, tambi\u00e9n conocida como Sarawjatana, \u201cno solo es m\u00fasica y danza: es la voz de nuestros ancestros, la alegr\u00eda y la resistencia de nuestras comunidades\u201d.<\/p>\n<p>Descrito como una \u201cvibrante tradici\u00f3n festiva\u201d, este g\u00e9nero musical y danza tradicional venezolana es fruto de encuentro entre pueblos ind\u00edgenas, africanos y europeos.<br \/>Sus tres instrumentos b\u00e1sicos son el arpa, el cuatro (guitarra peque\u00f1a de cuatro cuerdas) y las maracas, aunque tambi\u00e9n puede incluir el viol\u00edn y el acorde\u00f3n.<\/p>\n<p>Las canciones narran historias de amor, naturaleza, el humor y la vida cotidiana y est\u00e1n presentes en celebraciones familiares, reuniones p\u00fablicas y festivales religiosos o culturales, mientras que, en el baile, las mujeres utilizan faldas largas y floreadas y los hombres visten de blanco y utilizan sombrero.<\/p>\n<p>The-CNN-Wire<br \/>&trade; &amp; &copy; 2025 Cable News Network, Inc., a Warner Bros. Discovery Company. All rights reserved.<\/p>\n","protected":false},"excerpt":{"rendered":"<p>La rica mezcla de tradiciones ind\u00edgenas e influencias africanas y europeas presentes en la cultura latinoamericana han destacado este a\u00f1o. La Organizaci\u00f3n de las Naciones Unidas para la Educaci\u00f3n, la Ciencia y la Cultura (Unesco), el organismo cultural de la ONU, reconoci\u00f3 10 expresiones culturales de la regi\u00f3n como Patrimonio Cultural Inmaterial de la Humanidad, [&hellip;]<\/p>\n","protected":false},"author":0,"featured_media":0,"comment_status":"open","ping_status":"open","sticky":false,"template":"","format":"standard","meta":{"_jetpack_memberships_contains_paid_content":false,"footnotes":""},"categories":[10],"tags":[],"class_list":["post-1469166","post","type-post","status-publish","format-standard","hentry","category-noticias-nacionales","market-global"],"yoast_head":"<!-- This site is optimized with the Yoast SEO plugin v24.4 - https:\/\/yoast.com\/wordpress\/plugins\/seo\/ -->\n<title>Las 10 expresiones culturales de Latinoam\u00e9rica reconocidas como Patrimonio de la Humanidad por la Unesco - Noticias<\/title>\n<meta name=\"robots\" content=\"index, follow, max-snippet:-1, max-image-preview:large, max-video-preview:-1\" \/>\n<link rel=\"canonical\" href=\"https:\/\/noticiasya.com\/2025\/12\/10\/patrimonio-cultural-inmaterial-latinoamerica-unesco-orix\/\" \/>\n<meta property=\"og:locale\" content=\"es_ES\" \/>\n<meta property=\"og:type\" content=\"article\" \/>\n<meta property=\"og:title\" content=\"Las 10 expresiones culturales de Latinoam\u00e9rica reconocidas como Patrimonio de la Humanidad por la Unesco - Noticias\" \/>\n<meta property=\"og:description\" content=\"La rica mezcla de tradiciones ind\u00edgenas e influencias africanas y europeas presentes en la cultura latinoamericana han destacado este a\u00f1o. La Organizaci\u00f3n de las Naciones Unidas para la Educaci\u00f3n, la Ciencia y la Cultura (Unesco), el organismo cultural de la ONU, reconoci\u00f3 10 expresiones culturales de la regi\u00f3n como Patrimonio Cultural Inmaterial de la Humanidad, [&hellip;]\" \/>\n<meta property=\"og:url\" content=\"https:\/\/noticiasya.com\/2025\/12\/10\/patrimonio-cultural-inmaterial-latinoamerica-unesco-orix\/\" \/>\n<meta property=\"og:site_name\" content=\"Noticias\" \/>\n<meta property=\"article:published_time\" content=\"2025-12-11T03:03:44+00:00\" \/>\n<meta name=\"twitter:card\" content=\"summary_large_image\" \/>\n<meta name=\"twitter:label1\" content=\"Est. reading time\" \/>\n\t<meta name=\"twitter:data1\" content=\"8 minutos\" \/>\n<script type=\"application\/ld+json\" class=\"yoast-schema-graph\">{\"@context\":\"https:\/\/schema.org\",\"@graph\":[{\"@type\":\"Article\",\"@id\":\"https:\/\/noticiasya.com\/2025\/12\/10\/patrimonio-cultural-inmaterial-latinoamerica-unesco-orix\/#article\",\"isPartOf\":{\"@id\":\"https:\/\/noticiasya.com\/2025\/12\/10\/patrimonio-cultural-inmaterial-latinoamerica-unesco-orix\/\"},\"author\":{\"name\":\"\",\"@id\":\"\"},\"headline\":\"Las 10 expresiones culturales de Latinoam\u00e9rica reconocidas como Patrimonio de la Humanidad por la Unesco\",\"datePublished\":\"2025-12-11T03:03:44+00:00\",\"mainEntityOfPage\":{\"@id\":\"https:\/\/noticiasya.com\/2025\/12\/10\/patrimonio-cultural-inmaterial-latinoamerica-unesco-orix\/\"},\"wordCount\":1597,\"commentCount\":0,\"publisher\":{\"@id\":\"https:\/\/noticiasya.com\/#organization\"},\"articleSection\":[\"Noticias Nacionales\"],\"inLanguage\":\"es\",\"potentialAction\":[{\"@type\":\"CommentAction\",\"name\":\"Comment\",\"target\":[\"https:\/\/noticiasya.com\/2025\/12\/10\/patrimonio-cultural-inmaterial-latinoamerica-unesco-orix\/#respond\"]}]},{\"@type\":\"WebPage\",\"@id\":\"https:\/\/noticiasya.com\/2025\/12\/10\/patrimonio-cultural-inmaterial-latinoamerica-unesco-orix\/\",\"url\":\"https:\/\/noticiasya.com\/2025\/12\/10\/patrimonio-cultural-inmaterial-latinoamerica-unesco-orix\/\",\"name\":\"Las 10 expresiones culturales de Latinoam\u00e9rica reconocidas como Patrimonio de la Humanidad por la Unesco - Noticias\",\"isPartOf\":{\"@id\":\"https:\/\/noticiasya.com\/#website\"},\"datePublished\":\"2025-12-11T03:03:44+00:00\",\"breadcrumb\":{\"@id\":\"https:\/\/noticiasya.com\/2025\/12\/10\/patrimonio-cultural-inmaterial-latinoamerica-unesco-orix\/#breadcrumb\"},\"inLanguage\":\"es\",\"potentialAction\":[{\"@type\":\"ReadAction\",\"target\":[\"https:\/\/noticiasya.com\/2025\/12\/10\/patrimonio-cultural-inmaterial-latinoamerica-unesco-orix\/\"]}]},{\"@type\":\"BreadcrumbList\",\"@id\":\"https:\/\/noticiasya.com\/2025\/12\/10\/patrimonio-cultural-inmaterial-latinoamerica-unesco-orix\/#breadcrumb\",\"itemListElement\":[{\"@type\":\"ListItem\",\"position\":1,\"name\":\"Home\",\"item\":\"https:\/\/noticiasya.com\/\"},{\"@type\":\"ListItem\",\"position\":2,\"name\":\"Las 10 expresiones culturales de Latinoam\u00e9rica reconocidas como Patrimonio de la Humanidad por la Unesco\"}]},{\"@type\":\"WebSite\",\"@id\":\"https:\/\/noticiasya.com\/#website\",\"url\":\"https:\/\/noticiasya.com\/\",\"name\":\"Noticias\",\"description\":\"Lo que importa\",\"publisher\":{\"@id\":\"https:\/\/noticiasya.com\/#organization\"},\"potentialAction\":[{\"@type\":\"SearchAction\",\"target\":{\"@type\":\"EntryPoint\",\"urlTemplate\":\"https:\/\/noticiasya.com\/?s={search_term_string}\"},\"query-input\":{\"@type\":\"PropertyValueSpecification\",\"valueRequired\":true,\"valueName\":\"search_term_string\"}}],\"inLanguage\":\"es\"},{\"@type\":\"Organization\",\"@id\":\"https:\/\/noticiasya.com\/#organization\",\"name\":\"Noticias\",\"url\":\"https:\/\/noticiasya.com\/\",\"logo\":{\"@type\":\"ImageObject\",\"inLanguage\":\"es\",\"@id\":\"https:\/\/noticiasya.com\/#\/schema\/logo\/image\/\",\"url\":\"https:\/\/noticiasya.com\/wp-content\/uploads\/sites\/22\/2023\/12\/logo-nacional.png\",\"contentUrl\":\"https:\/\/noticiasya.com\/wp-content\/uploads\/sites\/22\/2023\/12\/logo-nacional.png\",\"width\":1801,\"height\":691,\"caption\":\"Noticias\"},\"image\":{\"@id\":\"https:\/\/noticiasya.com\/#\/schema\/logo\/image\/\"}}]}<\/script>\n<!-- \/ Yoast SEO plugin. -->","yoast_head_json":{"title":"Las 10 expresiones culturales de Latinoam\u00e9rica reconocidas como Patrimonio de la Humanidad por la Unesco - Noticias","robots":{"index":"index","follow":"follow","max-snippet":"max-snippet:-1","max-image-preview":"max-image-preview:large","max-video-preview":"max-video-preview:-1"},"canonical":"https:\/\/noticiasya.com\/2025\/12\/10\/patrimonio-cultural-inmaterial-latinoamerica-unesco-orix\/","og_locale":"es_ES","og_type":"article","og_title":"Las 10 expresiones culturales de Latinoam\u00e9rica reconocidas como Patrimonio de la Humanidad por la Unesco - Noticias","og_description":"La rica mezcla de tradiciones ind\u00edgenas e influencias africanas y europeas presentes en la cultura latinoamericana han destacado este a\u00f1o. La Organizaci\u00f3n de las Naciones Unidas para la Educaci\u00f3n, la Ciencia y la Cultura (Unesco), el organismo cultural de la ONU, reconoci\u00f3 10 expresiones culturales de la regi\u00f3n como Patrimonio Cultural Inmaterial de la Humanidad, [&hellip;]","og_url":"https:\/\/noticiasya.com\/2025\/12\/10\/patrimonio-cultural-inmaterial-latinoamerica-unesco-orix\/","og_site_name":"Noticias","article_published_time":"2025-12-11T03:03:44+00:00","twitter_card":"summary_large_image","twitter_misc":{"Est. reading time":"8 minutos"},"schema":{"@context":"https:\/\/schema.org","@graph":[{"@type":"Article","@id":"https:\/\/noticiasya.com\/2025\/12\/10\/patrimonio-cultural-inmaterial-latinoamerica-unesco-orix\/#article","isPartOf":{"@id":"https:\/\/noticiasya.com\/2025\/12\/10\/patrimonio-cultural-inmaterial-latinoamerica-unesco-orix\/"},"author":{"name":"","@id":""},"headline":"Las 10 expresiones culturales de Latinoam\u00e9rica reconocidas como Patrimonio de la Humanidad por la Unesco","datePublished":"2025-12-11T03:03:44+00:00","mainEntityOfPage":{"@id":"https:\/\/noticiasya.com\/2025\/12\/10\/patrimonio-cultural-inmaterial-latinoamerica-unesco-orix\/"},"wordCount":1597,"commentCount":0,"publisher":{"@id":"https:\/\/noticiasya.com\/#organization"},"articleSection":["Noticias Nacionales"],"inLanguage":"es","potentialAction":[{"@type":"CommentAction","name":"Comment","target":["https:\/\/noticiasya.com\/2025\/12\/10\/patrimonio-cultural-inmaterial-latinoamerica-unesco-orix\/#respond"]}]},{"@type":"WebPage","@id":"https:\/\/noticiasya.com\/2025\/12\/10\/patrimonio-cultural-inmaterial-latinoamerica-unesco-orix\/","url":"https:\/\/noticiasya.com\/2025\/12\/10\/patrimonio-cultural-inmaterial-latinoamerica-unesco-orix\/","name":"Las 10 expresiones culturales de Latinoam\u00e9rica reconocidas como Patrimonio de la Humanidad por la Unesco - Noticias","isPartOf":{"@id":"https:\/\/noticiasya.com\/#website"},"datePublished":"2025-12-11T03:03:44+00:00","breadcrumb":{"@id":"https:\/\/noticiasya.com\/2025\/12\/10\/patrimonio-cultural-inmaterial-latinoamerica-unesco-orix\/#breadcrumb"},"inLanguage":"es","potentialAction":[{"@type":"ReadAction","target":["https:\/\/noticiasya.com\/2025\/12\/10\/patrimonio-cultural-inmaterial-latinoamerica-unesco-orix\/"]}]},{"@type":"BreadcrumbList","@id":"https:\/\/noticiasya.com\/2025\/12\/10\/patrimonio-cultural-inmaterial-latinoamerica-unesco-orix\/#breadcrumb","itemListElement":[{"@type":"ListItem","position":1,"name":"Home","item":"https:\/\/noticiasya.com\/"},{"@type":"ListItem","position":2,"name":"Las 10 expresiones culturales de Latinoam\u00e9rica reconocidas como Patrimonio de la Humanidad por la Unesco"}]},{"@type":"WebSite","@id":"https:\/\/noticiasya.com\/#website","url":"https:\/\/noticiasya.com\/","name":"Noticias","description":"Lo que importa","publisher":{"@id":"https:\/\/noticiasya.com\/#organization"},"potentialAction":[{"@type":"SearchAction","target":{"@type":"EntryPoint","urlTemplate":"https:\/\/noticiasya.com\/?s={search_term_string}"},"query-input":{"@type":"PropertyValueSpecification","valueRequired":true,"valueName":"search_term_string"}}],"inLanguage":"es"},{"@type":"Organization","@id":"https:\/\/noticiasya.com\/#organization","name":"Noticias","url":"https:\/\/noticiasya.com\/","logo":{"@type":"ImageObject","inLanguage":"es","@id":"https:\/\/noticiasya.com\/#\/schema\/logo\/image\/","url":"https:\/\/noticiasya.com\/wp-content\/uploads\/sites\/22\/2023\/12\/logo-nacional.png","contentUrl":"https:\/\/noticiasya.com\/wp-content\/uploads\/sites\/22\/2023\/12\/logo-nacional.png","width":1801,"height":691,"caption":"Noticias"},"image":{"@id":"https:\/\/noticiasya.com\/#\/schema\/logo\/image\/"}}]}},"parsely":{"version":"1.1.0","canonical_url":"https:\/\/noticiasya.com\/midland-odessa\/2025\/12\/10\/patrimonio-cultural-inmaterial-latinoamerica-unesco-orix\/","smart_links":{"inbound":0,"outbound":0},"traffic_boost_suggestions_count":0,"meta":{"@context":"https:\/\/schema.org","@type":"NewsArticle","headline":"Las 10 expresiones culturales de Latinoam\u00e9rica reconocidas como Patrimonio de la Humanidad por la Unesco","url":"http:\/\/noticiasya.com\/midland-odessa\/2025\/12\/10\/patrimonio-cultural-inmaterial-latinoamerica-unesco-orix\/","mainEntityOfPage":{"@type":"WebPage","@id":"http:\/\/noticiasya.com\/midland-odessa\/2025\/12\/10\/patrimonio-cultural-inmaterial-latinoamerica-unesco-orix\/"},"thumbnailUrl":"","image":{"@type":"ImageObject","url":""},"articleSection":"Noticias Nacionales","author":[],"creator":[],"publisher":{"@type":"Organization","name":"Noticias","logo":""},"keywords":[],"dateCreated":"2025-12-11T03:03:44Z","datePublished":"2025-12-11T03:03:44Z","dateModified":"2025-12-11T03:03:44Z"},"rendered":"<script type=\"application\/ld+json\" class=\"wp-parsely-metadata\">{\"@context\":\"https:\\\/\\\/schema.org\",\"@type\":\"NewsArticle\",\"headline\":\"Las 10 expresiones culturales de Latinoam\\u00e9rica reconocidas como Patrimonio de la Humanidad por la Unesco\",\"url\":\"http:\\\/\\\/noticiasya.com\\\/midland-odessa\\\/2025\\\/12\\\/10\\\/patrimonio-cultural-inmaterial-latinoamerica-unesco-orix\\\/\",\"mainEntityOfPage\":{\"@type\":\"WebPage\",\"@id\":\"http:\\\/\\\/noticiasya.com\\\/midland-odessa\\\/2025\\\/12\\\/10\\\/patrimonio-cultural-inmaterial-latinoamerica-unesco-orix\\\/\"},\"thumbnailUrl\":\"\",\"image\":{\"@type\":\"ImageObject\",\"url\":\"\"},\"articleSection\":\"Noticias Nacionales\",\"author\":[],\"creator\":[],\"publisher\":{\"@type\":\"Organization\",\"name\":\"Noticias\",\"logo\":\"\"},\"keywords\":[],\"dateCreated\":\"2025-12-11T03:03:44Z\",\"datePublished\":\"2025-12-11T03:03:44Z\",\"dateModified\":\"2025-12-11T03:03:44Z\"}<\/script>","tracker_url":"https:\/\/cdn.parsely.com\/keys\/noticiasya.com\/p.js"},"jetpack_featured_media_url":"","jetpack-related-posts":[{"id":1469142,"url":"https:\/\/noticiasya.com\/midland-odessa\/2025\/12\/10\/cocina-italiana-patrimonio-unesco-trax\/","url_meta":{"origin":1469166,"position":0},"title":"La cocina italiana se convierte en la primera del mundo en recibir el estatus de Patrimonio de la UNESCO","author":"","date":"diciembre 10, 2025","format":false,"excerpt":"Es hora de descorchar el prosecco y quiz\u00e1s pedir un plato de tagliatelle al rag\u00fa. Es que Italia tiene un motivo muy sabroso para celebrar: su cocina nacional se ha convertido en el primer estilo gastron\u00f3mico en ser reconocido por la UNESCO, el organismo cultural de la ONU; un estatus\u2026","rel":"","context":"In &quot;Noticias Nacionales&quot;","block_context":{"text":"Noticias Nacionales","link":"https:\/\/noticiasya.com\/midland-odessa\/categoria\/noticias-nacionales"},"img":{"alt_text":"","src":"","width":0,"height":0},"classes":[]},{"id":1456232,"url":"https:\/\/noticiasya.com\/midland-odessa\/2024\/12\/03\/polemica-peru-acusaciones-apropiacion-cultural-disenadora-orix\/","url_meta":{"origin":1469166,"position":1},"title":"Pol\u00e9mica en Per\u00fa por acusaciones de apropiaci\u00f3n cultural a dise\u00f1adora de moda","author":"","date":"diciembre 3, 2024","format":false,"excerpt":"(CNN Espa\u00f1ol) \u2013\u2013 Una encendida pol\u00e9mica se ha desatado en Per\u00fa en torno a la dise\u00f1adora peruana Anis Samanez tras las declaraciones que realiz\u00f3 el jueves 28 de noviembre en Or\u00edgenes 2024, un evento celebrado en Lima con el fin de promover la innovaci\u00f3n y el dise\u00f1o en la industria\u2026","rel":"","context":"In &quot;Noticias Nacionales&quot;","block_context":{"text":"Noticias Nacionales","link":"https:\/\/noticiasya.com\/midland-odessa\/categoria\/noticias-nacionales"},"img":{"alt_text":"","src":"","width":0,"height":0},"classes":[]},{"id":1464751,"url":"https:\/\/noticiasya.com\/midland-odessa\/2025\/07\/22\/trump-retira-pais-unesco-trax\/","url_meta":{"origin":1469166,"position":2},"title":"EE.UU. se retirar\u00e1 nuevamente de la agencia cient\u00edfica y cultural de la ONU, Unesco, dice la Casa Blanca","author":"","date":"julio 22, 2025","format":false,"excerpt":"El presidente Donald Trump retirar\u00e1 a Estados Unidos de la Organizaci\u00f3n de las Naciones Unidas para la Educaci\u00f3n, la Ciencia y la Cultura (Unesco, por sus siglas en ingl\u00e9s), dijo a CNN una funcionaria de la Casa Blanca.La decisi\u00f3n se produce mientras el presidente contin\u00faa retirando al pa\u00eds de organismos\u2026","rel":"","context":"In &quot;Noticias Nacionales&quot;","block_context":{"text":"Noticias Nacionales","link":"https:\/\/noticiasya.com\/midland-odessa\/categoria\/noticias-nacionales"},"img":{"alt_text":"","src":"","width":0,"height":0},"classes":[]},{"id":1472368,"url":"https:\/\/noticiasya.com\/midland-odessa\/2026\/03\/19\/que-significa-arirang-nombre-nuevo-disco-bts-orix\/","url_meta":{"origin":1469166,"position":3},"title":"\u00bfQu\u00e9 significa &#171;Arirang&#187;, el nombre del nuevo disco de BTS?","author":"","date":"marzo 19, 2026","format":false,"excerpt":"La espera para los fans de BTS termin\u00f3, la madrugada de este 20 de marzo por fin se realiz\u00f3 el lanzamiento de \u201cArirang\u201d el quinto \u00e1lbum musical en la carrera de la banda procedente de Corea del Sur. Pero, \u00bfqu\u00e9 significa \u201cArirang\u201d?De acuerdo con la UNESCO, el t\u00e9rmino se refiere\u2026","rel":"","context":"In &quot;Noticias Nacionales&quot;","block_context":{"text":"Noticias Nacionales","link":"https:\/\/noticiasya.com\/midland-odessa\/categoria\/noticias-nacionales"},"img":{"alt_text":"","src":"","width":0,"height":0},"classes":[]},{"id":1467910,"url":"https:\/\/noticiasya.com\/midland-odessa\/2025\/10\/31\/dia-muertos-origen-historia-orix\/","url_meta":{"origin":1469166,"position":4},"title":"\u00bfCu\u00e1l es el origen e historia del D\u00eda de Muertos en M\u00e9xico y por qu\u00e9 se celebra?","author":"","date":"octubre 31, 2025","format":false,"excerpt":"En M\u00e9xico la muerte es motivo de celebraci\u00f3n: coloridos altares, panteones iluminados, calles tapizadas de anaranjado con la flor de cempas\u00fachil, comida, bebida, m\u00fasica, calaveras y catrinas, todo esto para honrar la memoria de los que ya no est\u00e1n.El D\u00eda de Muertos es una tradici\u00f3n emblem\u00e1tica de la cultura mexicana.\u2026","rel":"","context":"In &quot;Noticias Nacionales&quot;","block_context":{"text":"Noticias Nacionales","link":"https:\/\/noticiasya.com\/midland-odessa\/categoria\/noticias-nacionales"},"img":{"alt_text":"","src":"","width":0,"height":0},"classes":[]},{"id":1466526,"url":"https:\/\/noticiasya.com\/midland-odessa\/2025\/09\/16\/machu-picchu-riesgo-siete-maravillas-mundo-orix\/","url_meta":{"origin":1469166,"position":5},"title":"Machu Picchu est\u00e1 en riesgo de perder su designaci\u00f3n como una de las Nuevas Siete Maravillas del Mundo. \u00bfQu\u00e9 pas\u00f3?","author":"","date":"septiembre 16, 2025","format":false,"excerpt":"Fue en 2007 cuando se anunci\u00f3 que, tras un concurso mundial y m\u00e1s de 100 millones de votos, Machu Picchu se hab\u00eda convertido en una de las Nuevas Siete Maravillas del Mundo.Ahora, el proyecto New7Wonders, que organiz\u00f3 la votaci\u00f3n, advierte que \u201cla permanencia, justificable y cre\u00edble, de Machu Picchu\u201d en\u2026","rel":"","context":"In &quot;Noticias Nacionales&quot;","block_context":{"text":"Noticias Nacionales","link":"https:\/\/noticiasya.com\/midland-odessa\/categoria\/noticias-nacionales"},"img":{"alt_text":"","src":"","width":0,"height":0},"classes":[]}],"jetpack_sharing_enabled":true,"_links":{"self":[{"href":"https:\/\/noticiasya.com\/midland-odessa\/wp-json\/wp\/v2\/posts\/1469166","targetHints":{"allow":["GET"]}}],"collection":[{"href":"https:\/\/noticiasya.com\/midland-odessa\/wp-json\/wp\/v2\/posts"}],"about":[{"href":"https:\/\/noticiasya.com\/midland-odessa\/wp-json\/wp\/v2\/types\/post"}],"replies":[{"embeddable":true,"href":"https:\/\/noticiasya.com\/midland-odessa\/wp-json\/wp\/v2\/comments?post=1469166"}],"version-history":[{"count":0,"href":"https:\/\/noticiasya.com\/midland-odessa\/wp-json\/wp\/v2\/posts\/1469166\/revisions"}],"wp:attachment":[{"href":"https:\/\/noticiasya.com\/midland-odessa\/wp-json\/wp\/v2\/media?parent=1469166"}],"wp:term":[{"taxonomy":"category","embeddable":true,"href":"https:\/\/noticiasya.com\/midland-odessa\/wp-json\/wp\/v2\/categories?post=1469166"},{"taxonomy":"post_tag","embeddable":true,"href":"https:\/\/noticiasya.com\/midland-odessa\/wp-json\/wp\/v2\/tags?post=1469166"}],"curies":[{"name":"wp","href":"https:\/\/api.w.org\/{rel}","templated":true}]}}