{"id":1469168,"date":"2025-12-11T00:03:48","date_gmt":"2025-12-11T08:03:48","guid":{"rendered":"https:\/\/noticiasya.com\/2025\/12\/11\/analisis-xenofobia-trump-inmigrantes-trax\/"},"modified":"2025-12-11T00:03:48","modified_gmt":"2025-12-11T08:03:48","slug":"analisis-xenofobia-trump-inmigrantes-trax","status":"publish","type":"post","link":"https:\/\/noticiasya.com\/midland-odessa\/2025\/12\/11\/analisis-xenofobia-trump-inmigrantes-trax\/","title":{"rendered":"La xenofobia de Trump est\u00e1 aumentando"},"content":{"rendered":"<p>El presidente Donald Trump <a href=\"https:\/\/www.cnn.com\/2025\/12\/10\/politics\/donald-trump-shithole-countries-phrase\">finalmente admiti\u00f3<\/a> este martes por la noche que se refiri\u00f3 a varios pa\u00edses, incluyendo algunos con una poblaci\u00f3n mayoritariamente negra, como \u201cpa\u00edses de mier**\u201d en 2018.<\/p>\n<p>Lo primero que llama la atenci\u00f3n es que efectivamente est\u00e1 admitiendo que \u00e9l y algunos republicanos prominentes fueron extremadamente deshonestos sobre el episodio.<\/p>\n<p>Trump afirm\u00f3 entonces que \u201cese no fue el lenguaje empleado\u201d. Un par de senadores republicanos presentes en la reuni\u00f3n a puerta cerrada donde supuestamente hizo el comentario dijeron que no recordaban que hubiera usado ese lenguaje.<\/p>\n<p>El senador Tom Cotton, de Arkansas, afirm\u00f3 que Trump <a href=\"https:\/\/www.cbsnews.com\/news\/transcript-sen-tom-cotton-on-face-the-nation-jan-14-2018\/\">no expres\u00f3 tal opini\u00f3n<\/a>. El entonces senador David Perdue, de Georgia, asegur\u00f3 que Trump no us\u00f3 esa palabra y la calific\u00f3 de \u201c<a href=\"https:\/\/www.cnn.com\/2018\/01\/14\/politics\/david-perdue-kirstjen-nielsen-daca\">grave tergiversaci\u00f3n<\/a>\u201d.<\/p>\n<p>No es precisamente una novedad que Trump mienta, pero s\u00ed lo es verlo pr\u00e1cticamente admitir una mentira y echar por la borda a algunos aliados que lo hab\u00edan defendido (y hab\u00edan ofrecido su propia credibilidad). Y eso no debe pasarse por alto aqu\u00ed.<\/p>\n<p>(Ni las oficinas de Cotton ni las de Perdue, quien ahora se desempe\u00f1a como embajador de Trump en China, respondieron a una solicitud de comentarios).<\/p>\n<p>Pero quiz\u00e1s lo m\u00e1s significativo de todo esto es lo que dice sobre el segundo mandato de Trump.<\/p>\n<p>Cuando se inform\u00f3 que hab\u00eda dicho esto durante su primer Gobierno, fue un incidente internacional e incluso provoc\u00f3 algunas respuestas duras de los republicanos.<\/p>\n<p>Pero esta semana, <a href=\"https:\/\/www.cnn.com\/2025\/12\/10\/politics\/trump-fun-fails-to-feel-americans-pain-prices\">durante unas declaraciones en Pensilvania<\/a>, cuando confirm\u00f3 lo que hab\u00eda dicho \u2013y lo cubri\u00f3 con a\u00fan m\u00e1s xenofobia\u2013, fue apenas un martes m\u00e1s.<\/p>\n<p>De hecho, los republicanos y otros parecen haber renunciado en gran medida a controlar la ret\u00f3rica xen\u00f3foba de Trump, y ahora \u00e9l la est\u00e1 utilizando de manera <em>mucho<\/em> m\u00e1s libre, quiz\u00e1s no por casualidad.<\/p>\n<p>Como ocurre con gran parte de la agenda del presidente, lo que fue impactante durante su primer mandato es com\u00fan y aparentemente insignificante hoy en d\u00eda. Ha llevado los l\u00edmites hasta ese punto. Ya nadie se sorprende.<\/p>\n<p>Trump no solo confirm\u00f3 el comentario sobre los \u201cpa\u00edses de mi****\u201d el martes por la noche. (El contexto era sobre aceptar menos inmigrantes de pa\u00edses como Somalia y Hait\u00ed y m\u00e1s de pa\u00edses como Noruega, Suecia y Dinamarca, que se encuentran entre los pa\u00edses m\u00e1s blancos del mundo). Tambi\u00e9n desat\u00f3 un torrente de comentarios a\u00fan m\u00e1s desagradables.<\/p>\n<p>Calific\u00f3 a Somalia de \u201cinmunda, sucia, repugnante y plagada de delincuencia\u201d. Se refiri\u00f3 al pa\u00f1uelo de la representante Ilhan Omar como un \u201cpeque\u00f1o turbante\u201d y anim\u00f3 a la multitud a corear \u201c\u00a1Env\u00edenla de vuelta a Somalia!\u201d.<\/p>\n<p>Y todo esto ocurri\u00f3 apenas una semana despu\u00e9s de que Trump llamara a los somal\u00edes \u201cbasura\u201d y dijera que no los quer\u00eda en Estados Unidos.<\/p>\n<p>Ambos episodios tienen ecos de su primer mandato, pero fueron tratados de manera muy diferente en aquel entonces, incluso por parte de Trump.<\/p>\n<p>Por ejemplo, cuando Trump sugiri\u00f3 en 2019 que miembros del llamado \u201cEscuadr\u00f3n\u201d Dem\u00f3crata, como Omar, deber\u00edan \u201cregresar y ayudar a reparar los lugares totalmente destruidos y plagados de delincuencia de donde provienen\u201d, fue <a href=\"https:\/\/www.cnn.com\/2019\/07\/15\/politics\/gop-rebuke-trump-tweet\">ampliamente condenado por los republicanos<\/a>. Algunos incluso lo calificaron de racista.<\/p>\n<p>Apenas unos d\u00edas despu\u00e9s, cuando los partidarios de Trump corearon el c\u00e1ntico de \u201cque la devuelvan\u201d en referencia a Omar, Trump <a href=\"https:\/\/www.washingtonpost.com\/politics\/2019\/07\/18\/trump-claims-he-doesnt-like-send-her-back-chants-he-said-same-about-lock-her-up\/\">afirm\u00f3 estar en desacuerdo<\/a>. Intent\u00f3 insinuar que en realidad no <em>abogaba<\/em> por el regreso de estos miembros, sino que solo hac\u00eda una sugerencia amistosa.<\/p>\n<p>Pero esta semana, incit\u00f3 esos c\u00e1nticos, acentuando su diatriba contra Omar diciendo: \u201cDeber\u00eda largarse de aqu\u00ed. Que la echen de aqu\u00ed\u201d.<\/p>\n<p>Una gran diferencia es la forma en que el Partido Republicano ha respondido. En el primer mandato de Trump, mientras que Cotton y Perdue le hicieron un favor al presidente con el asunto de los \u201cpa\u00edses de mier**\u201d, otros republicanos no siguieron la l\u00ednea.<\/p>\n<p>El senador Lindsey Graham, de Carolina del Sur, por ejemplo, <a href=\"https:\/\/www.cnn.com\/2018\/01\/13\/politics\/trump-remark-reaction\">confirm\u00f3 indirectamente<\/a> el comentario en ese momento y se\u00f1al\u00f3 que hab\u00eda reprendido a Trump por ello en tiempo real.<\/p>\n<p>El senador Tim Scott, el otro senador de Carolina del Sur y el \u00fanico republicano negro en el Senado, dijo que, de ser cierto, \u201c<a href=\"https:\/\/www.postandcourier.com\/politics\/sen-tim-scott-trump-s-shithole-countries-comment-is-accurate\/article_e99c2fba-f7a9-11e7-a381-d7950e17b81f.html\">el comentario es incre\u00edblemente decepcionante<\/a>\u201d. <a href=\"https:\/\/www.nytimes.com\/interactive\/2018\/01\/12\/us\/politics\/republican-statements-trump-shithole.html\">M\u00e1s de 20 senadores republicanos<\/a> expresaron su decepci\u00f3n, en mayor o menor medida.<\/p>\n<p>Cuando un periodista de CNN presion\u00f3 a Trump sobre sus comentarios en un evento posterior, Trump declar\u00f3: \u201cQuiero que (los inmigrantes) vengan de todas partes\u201d.<\/p>\n<p>Ahora, ya ni siquiera finge que eso es cierto. Trump no solo se refiere a pa\u00edses \u201cde mier**; propone prohibir la inmigraci\u00f3n de todos los pa\u00edses del \u201cTercer Mundo\u201d tras el tiroteo en Washington, que caus\u00f3 la muerte de un miembro de la Guardia Nacional e hiri\u00f3 gravemente a otro.<\/p>\n<p>Es un cambio incluso con respecto a la campa\u00f1a de 2024. Cuando el comediante Tony Hinchcliffe llam\u00f3 a Puerto Rico una \u201cisla flotante de basura\u201d en un mitin de Trump al final de la contienda, la campa\u00f1a de Trump se distanci\u00f3. Ahora el presidente llama abiertamente \u201cbasura\u201d a los pa\u00edses que no le gustan.<\/p>\n<p>Y quiz\u00e1s el aspecto m\u00e1s revelador de la evoluci\u00f3n del Partido Republicano en este asunto involucra al vicepresidente J. D. Vance.<\/p>\n<p>Mucho antes de ser la elecci\u00f3n de Trump para el cargo, Vance era un republicano esc\u00e9ptico con Trump. Y uno de sus mayores problemas con Trump era \u2014o al menos parec\u00eda serlo\u2014 su forma de hablar sobre los inmigrantes.<\/p>\n<p>\u201cTrump atemoriza a la gente que me importa. Inmigrantes, musulmanes, etc.\u201d, <a href=\"https:\/\/x.com\/KFILE\/status\/1410643663609372674\">public\u00f3 Vance en Twitter<\/a> en 2016. \u201cPor eso lo considero reprensible. Dios quiere algo mejor para nosotros\u201d.<\/p>\n<p>Sin embargo, hacia finales de la campa\u00f1a de 2024, Vance desempe\u00f1\u00f3 un papel destacado en la difusi\u00f3n de afirmaciones infundadas sobre inmigrantes haitianos que com\u00edan mascotas, aun admitiendo abiertamente que las historias podr\u00edan no ser ciertas.<\/p>\n<p>Algunos <a href=\"https:\/\/www.cnn.com\/2024\/09\/18\/politics\/ohio-republicans-haitian-migrants-trump-what-matters\">republicanos locales se opusieron<\/a>, pero el partido guard\u00f3 silencio en el calor de la campa\u00f1a.<\/p>\n<p>Y la semana pasada, mientras Trump pronunciaba, posiblemente, sus comentarios m\u00e1s desagradables hasta el momento (al menos antes del martes por la noche) sobre enviar a los inmigrantes \u201cbasura\u201d de regreso a sus pa\u00edses, Vance golpe\u00f3 la mesa en aparente aprobaci\u00f3n.<\/p>\n<p>The-CNN-Wire<br \/>&trade; &amp; &copy; 2025 Cable News Network, Inc., a Warner Bros. Discovery Company. All rights reserved.<\/p>\n","protected":false},"excerpt":{"rendered":"<p>El presidente Donald Trump finalmente admiti\u00f3 este martes por la noche que se refiri\u00f3 a varios pa\u00edses, incluyendo algunos con una poblaci\u00f3n mayoritariamente negra, como \u201cpa\u00edses de mier**\u201d en 2018. Lo primero que llama la atenci\u00f3n es que efectivamente est\u00e1 admitiendo que \u00e9l y algunos republicanos prominentes fueron extremadamente deshonestos sobre el episodio. Trump afirm\u00f3 [&hellip;]<\/p>\n","protected":false},"author":0,"featured_media":0,"comment_status":"open","ping_status":"open","sticky":false,"template":"","format":"standard","meta":{"_jetpack_memberships_contains_paid_content":false,"footnotes":""},"categories":[10],"tags":[],"class_list":["post-1469168","post","type-post","status-publish","format-standard","hentry","category-noticias-nacionales","market-global"],"yoast_head":"<!-- This site is optimized with the Yoast SEO plugin v24.4 - https:\/\/yoast.com\/wordpress\/plugins\/seo\/ -->\n<title>La xenofobia de Trump est\u00e1 aumentando - Noticias<\/title>\n<meta name=\"robots\" content=\"index, follow, max-snippet:-1, max-image-preview:large, max-video-preview:-1\" \/>\n<link rel=\"canonical\" href=\"https:\/\/noticiasya.com\/2025\/12\/11\/analisis-xenofobia-trump-inmigrantes-trax\/\" \/>\n<meta property=\"og:locale\" content=\"es_ES\" \/>\n<meta property=\"og:type\" content=\"article\" \/>\n<meta property=\"og:title\" content=\"La xenofobia de Trump est\u00e1 aumentando - Noticias\" \/>\n<meta property=\"og:description\" content=\"El presidente Donald Trump finalmente admiti\u00f3 este martes por la noche que se refiri\u00f3 a varios pa\u00edses, incluyendo algunos con una poblaci\u00f3n mayoritariamente negra, como \u201cpa\u00edses de mier**\u201d en 2018. Lo primero que llama la atenci\u00f3n es que efectivamente est\u00e1 admitiendo que \u00e9l y algunos republicanos prominentes fueron extremadamente deshonestos sobre el episodio. Trump afirm\u00f3 [&hellip;]\" \/>\n<meta property=\"og:url\" content=\"https:\/\/noticiasya.com\/2025\/12\/11\/analisis-xenofobia-trump-inmigrantes-trax\/\" \/>\n<meta property=\"og:site_name\" content=\"Noticias\" \/>\n<meta property=\"article:published_time\" content=\"2025-12-11T08:03:48+00:00\" \/>\n<meta name=\"twitter:card\" content=\"summary_large_image\" \/>\n<meta name=\"twitter:label1\" content=\"Est. reading time\" \/>\n\t<meta name=\"twitter:data1\" content=\"5 minutos\" \/>\n<script type=\"application\/ld+json\" class=\"yoast-schema-graph\">{\"@context\":\"https:\/\/schema.org\",\"@graph\":[{\"@type\":\"Article\",\"@id\":\"https:\/\/noticiasya.com\/2025\/12\/11\/analisis-xenofobia-trump-inmigrantes-trax\/#article\",\"isPartOf\":{\"@id\":\"https:\/\/noticiasya.com\/2025\/12\/11\/analisis-xenofobia-trump-inmigrantes-trax\/\"},\"author\":{\"name\":\"\",\"@id\":\"\"},\"headline\":\"La xenofobia de Trump est\u00e1 aumentando\",\"datePublished\":\"2025-12-11T08:03:48+00:00\",\"mainEntityOfPage\":{\"@id\":\"https:\/\/noticiasya.com\/2025\/12\/11\/analisis-xenofobia-trump-inmigrantes-trax\/\"},\"wordCount\":1097,\"commentCount\":0,\"publisher\":{\"@id\":\"https:\/\/noticiasya.com\/#organization\"},\"articleSection\":[\"Noticias Nacionales\"],\"inLanguage\":\"es\",\"potentialAction\":[{\"@type\":\"CommentAction\",\"name\":\"Comment\",\"target\":[\"https:\/\/noticiasya.com\/2025\/12\/11\/analisis-xenofobia-trump-inmigrantes-trax\/#respond\"]}]},{\"@type\":\"WebPage\",\"@id\":\"https:\/\/noticiasya.com\/2025\/12\/11\/analisis-xenofobia-trump-inmigrantes-trax\/\",\"url\":\"https:\/\/noticiasya.com\/2025\/12\/11\/analisis-xenofobia-trump-inmigrantes-trax\/\",\"name\":\"La xenofobia de Trump est\u00e1 aumentando - Noticias\",\"isPartOf\":{\"@id\":\"https:\/\/noticiasya.com\/#website\"},\"datePublished\":\"2025-12-11T08:03:48+00:00\",\"breadcrumb\":{\"@id\":\"https:\/\/noticiasya.com\/2025\/12\/11\/analisis-xenofobia-trump-inmigrantes-trax\/#breadcrumb\"},\"inLanguage\":\"es\",\"potentialAction\":[{\"@type\":\"ReadAction\",\"target\":[\"https:\/\/noticiasya.com\/2025\/12\/11\/analisis-xenofobia-trump-inmigrantes-trax\/\"]}]},{\"@type\":\"BreadcrumbList\",\"@id\":\"https:\/\/noticiasya.com\/2025\/12\/11\/analisis-xenofobia-trump-inmigrantes-trax\/#breadcrumb\",\"itemListElement\":[{\"@type\":\"ListItem\",\"position\":1,\"name\":\"Home\",\"item\":\"https:\/\/noticiasya.com\/\"},{\"@type\":\"ListItem\",\"position\":2,\"name\":\"La xenofobia de Trump est\u00e1 aumentando\"}]},{\"@type\":\"WebSite\",\"@id\":\"https:\/\/noticiasya.com\/#website\",\"url\":\"https:\/\/noticiasya.com\/\",\"name\":\"Noticias\",\"description\":\"Lo que importa\",\"publisher\":{\"@id\":\"https:\/\/noticiasya.com\/#organization\"},\"potentialAction\":[{\"@type\":\"SearchAction\",\"target\":{\"@type\":\"EntryPoint\",\"urlTemplate\":\"https:\/\/noticiasya.com\/?s={search_term_string}\"},\"query-input\":{\"@type\":\"PropertyValueSpecification\",\"valueRequired\":true,\"valueName\":\"search_term_string\"}}],\"inLanguage\":\"es\"},{\"@type\":\"Organization\",\"@id\":\"https:\/\/noticiasya.com\/#organization\",\"name\":\"Noticias\",\"url\":\"https:\/\/noticiasya.com\/\",\"logo\":{\"@type\":\"ImageObject\",\"inLanguage\":\"es\",\"@id\":\"https:\/\/noticiasya.com\/#\/schema\/logo\/image\/\",\"url\":\"https:\/\/noticiasya.com\/wp-content\/uploads\/sites\/22\/2023\/12\/logo-nacional.png\",\"contentUrl\":\"https:\/\/noticiasya.com\/wp-content\/uploads\/sites\/22\/2023\/12\/logo-nacional.png\",\"width\":1801,\"height\":691,\"caption\":\"Noticias\"},\"image\":{\"@id\":\"https:\/\/noticiasya.com\/#\/schema\/logo\/image\/\"}}]}<\/script>\n<!-- \/ Yoast SEO plugin. -->","yoast_head_json":{"title":"La xenofobia de Trump est\u00e1 aumentando - Noticias","robots":{"index":"index","follow":"follow","max-snippet":"max-snippet:-1","max-image-preview":"max-image-preview:large","max-video-preview":"max-video-preview:-1"},"canonical":"https:\/\/noticiasya.com\/2025\/12\/11\/analisis-xenofobia-trump-inmigrantes-trax\/","og_locale":"es_ES","og_type":"article","og_title":"La xenofobia de Trump est\u00e1 aumentando - Noticias","og_description":"El presidente Donald Trump finalmente admiti\u00f3 este martes por la noche que se refiri\u00f3 a varios pa\u00edses, incluyendo algunos con una poblaci\u00f3n mayoritariamente negra, como \u201cpa\u00edses de mier**\u201d en 2018. Lo primero que llama la atenci\u00f3n es que efectivamente est\u00e1 admitiendo que \u00e9l y algunos republicanos prominentes fueron extremadamente deshonestos sobre el episodio. Trump afirm\u00f3 [&hellip;]","og_url":"https:\/\/noticiasya.com\/2025\/12\/11\/analisis-xenofobia-trump-inmigrantes-trax\/","og_site_name":"Noticias","article_published_time":"2025-12-11T08:03:48+00:00","twitter_card":"summary_large_image","twitter_misc":{"Est. reading time":"5 minutos"},"schema":{"@context":"https:\/\/schema.org","@graph":[{"@type":"Article","@id":"https:\/\/noticiasya.com\/2025\/12\/11\/analisis-xenofobia-trump-inmigrantes-trax\/#article","isPartOf":{"@id":"https:\/\/noticiasya.com\/2025\/12\/11\/analisis-xenofobia-trump-inmigrantes-trax\/"},"author":{"name":"","@id":""},"headline":"La xenofobia de Trump est\u00e1 aumentando","datePublished":"2025-12-11T08:03:48+00:00","mainEntityOfPage":{"@id":"https:\/\/noticiasya.com\/2025\/12\/11\/analisis-xenofobia-trump-inmigrantes-trax\/"},"wordCount":1097,"commentCount":0,"publisher":{"@id":"https:\/\/noticiasya.com\/#organization"},"articleSection":["Noticias Nacionales"],"inLanguage":"es","potentialAction":[{"@type":"CommentAction","name":"Comment","target":["https:\/\/noticiasya.com\/2025\/12\/11\/analisis-xenofobia-trump-inmigrantes-trax\/#respond"]}]},{"@type":"WebPage","@id":"https:\/\/noticiasya.com\/2025\/12\/11\/analisis-xenofobia-trump-inmigrantes-trax\/","url":"https:\/\/noticiasya.com\/2025\/12\/11\/analisis-xenofobia-trump-inmigrantes-trax\/","name":"La xenofobia de Trump est\u00e1 aumentando - Noticias","isPartOf":{"@id":"https:\/\/noticiasya.com\/#website"},"datePublished":"2025-12-11T08:03:48+00:00","breadcrumb":{"@id":"https:\/\/noticiasya.com\/2025\/12\/11\/analisis-xenofobia-trump-inmigrantes-trax\/#breadcrumb"},"inLanguage":"es","potentialAction":[{"@type":"ReadAction","target":["https:\/\/noticiasya.com\/2025\/12\/11\/analisis-xenofobia-trump-inmigrantes-trax\/"]}]},{"@type":"BreadcrumbList","@id":"https:\/\/noticiasya.com\/2025\/12\/11\/analisis-xenofobia-trump-inmigrantes-trax\/#breadcrumb","itemListElement":[{"@type":"ListItem","position":1,"name":"Home","item":"https:\/\/noticiasya.com\/"},{"@type":"ListItem","position":2,"name":"La xenofobia de Trump est\u00e1 aumentando"}]},{"@type":"WebSite","@id":"https:\/\/noticiasya.com\/#website","url":"https:\/\/noticiasya.com\/","name":"Noticias","description":"Lo que importa","publisher":{"@id":"https:\/\/noticiasya.com\/#organization"},"potentialAction":[{"@type":"SearchAction","target":{"@type":"EntryPoint","urlTemplate":"https:\/\/noticiasya.com\/?s={search_term_string}"},"query-input":{"@type":"PropertyValueSpecification","valueRequired":true,"valueName":"search_term_string"}}],"inLanguage":"es"},{"@type":"Organization","@id":"https:\/\/noticiasya.com\/#organization","name":"Noticias","url":"https:\/\/noticiasya.com\/","logo":{"@type":"ImageObject","inLanguage":"es","@id":"https:\/\/noticiasya.com\/#\/schema\/logo\/image\/","url":"https:\/\/noticiasya.com\/wp-content\/uploads\/sites\/22\/2023\/12\/logo-nacional.png","contentUrl":"https:\/\/noticiasya.com\/wp-content\/uploads\/sites\/22\/2023\/12\/logo-nacional.png","width":1801,"height":691,"caption":"Noticias"},"image":{"@id":"https:\/\/noticiasya.com\/#\/schema\/logo\/image\/"}}]}},"parsely":{"version":"1.1.0","canonical_url":"https:\/\/noticiasya.com\/midland-odessa\/2025\/12\/11\/analisis-xenofobia-trump-inmigrantes-trax\/","smart_links":{"inbound":0,"outbound":0},"traffic_boost_suggestions_count":0,"meta":{"@context":"https:\/\/schema.org","@type":"NewsArticle","headline":"La xenofobia de Trump est\u00e1 aumentando","url":"http:\/\/noticiasya.com\/midland-odessa\/2025\/12\/11\/analisis-xenofobia-trump-inmigrantes-trax\/","mainEntityOfPage":{"@type":"WebPage","@id":"http:\/\/noticiasya.com\/midland-odessa\/2025\/12\/11\/analisis-xenofobia-trump-inmigrantes-trax\/"},"thumbnailUrl":"","image":{"@type":"ImageObject","url":""},"articleSection":"Noticias Nacionales","author":[],"creator":[],"publisher":{"@type":"Organization","name":"Noticias","logo":""},"keywords":[],"dateCreated":"2025-12-11T08:03:48Z","datePublished":"2025-12-11T08:03:48Z","dateModified":"2025-12-11T08:03:48Z"},"rendered":"<script type=\"application\/ld+json\" class=\"wp-parsely-metadata\">{\"@context\":\"https:\\\/\\\/schema.org\",\"@type\":\"NewsArticle\",\"headline\":\"La xenofobia de Trump est\\u00e1 aumentando\",\"url\":\"http:\\\/\\\/noticiasya.com\\\/midland-odessa\\\/2025\\\/12\\\/11\\\/analisis-xenofobia-trump-inmigrantes-trax\\\/\",\"mainEntityOfPage\":{\"@type\":\"WebPage\",\"@id\":\"http:\\\/\\\/noticiasya.com\\\/midland-odessa\\\/2025\\\/12\\\/11\\\/analisis-xenofobia-trump-inmigrantes-trax\\\/\"},\"thumbnailUrl\":\"\",\"image\":{\"@type\":\"ImageObject\",\"url\":\"\"},\"articleSection\":\"Noticias Nacionales\",\"author\":[],\"creator\":[],\"publisher\":{\"@type\":\"Organization\",\"name\":\"Noticias\",\"logo\":\"\"},\"keywords\":[],\"dateCreated\":\"2025-12-11T08:03:48Z\",\"datePublished\":\"2025-12-11T08:03:48Z\",\"dateModified\":\"2025-12-11T08:03:48Z\"}<\/script>","tracker_url":"https:\/\/cdn.parsely.com\/keys\/noticiasya.com\/p.js"},"jetpack_featured_media_url":"","jetpack-related-posts":[{"id":1469152,"url":"https:\/\/noticiasya.com\/midland-odessa\/2025\/12\/10\/ocho-anios-trump-paises-mierda-trax\/","url_meta":{"origin":1469168,"position":0},"title":"Casi ocho a\u00f1os despu\u00e9s, Trump confirma que s\u00ed utiliz\u00f3 la frase &#171;pa\u00edses de mierda&#187;","author":"","date":"diciembre 10, 2025","format":false,"excerpt":"Fue una controversia internacional durante el primer mandato del presidente Donald Trump. Medios de comunicaci\u00f3n, como CNN, informaron que en una reuni\u00f3n a puerta cerrada con senadores sobre pol\u00edtica migratoria en enero de 2018, Trump pregunt\u00f3 por qu\u00e9 Estados Unidos deber\u00eda aceptar inmigrantes de \u201cpa\u00edses de mierda\u201d como algunos de\u2026","rel":"","context":"In &quot;Noticias Nacionales&quot;","block_context":{"text":"Noticias Nacionales","link":"https:\/\/noticiasya.com\/midland-odessa\/categoria\/noticias-nacionales"},"img":{"alt_text":"","src":"","width":0,"height":0},"classes":[]},{"id":1470884,"url":"https:\/\/noticiasya.com\/midland-odessa\/2026\/02\/05\/trump-frustra-esfuerzos-colaborador-trax\/","url_meta":{"origin":1469168,"position":1},"title":"Trump frustra de nuevo los esfuerzos de un colaborador de restar importancia a sus comentarios","author":"","date":"febrero 5, 2026","format":false,"excerpt":"En este punto, cuando un asistente o asesor de Donald Trump se ofrece a traducir algo que el presidente ha dicho, probablemente deber\u00eda asumir que no tiene idea de lo que est\u00e1 hablando.Trump frustr\u00f3 este martes los esfuerzos de la secretaria de prensa de la Casa Blanca, Karoline Leavitt, por\u2026","rel":"","context":"In &quot;Noticias Nacionales&quot;","block_context":{"text":"Noticias Nacionales","link":"https:\/\/noticiasya.com\/midland-odessa\/categoria\/noticias-nacionales"},"img":{"alt_text":"","src":"","width":0,"height":0},"classes":[]},{"id":1443285,"url":"https:\/\/noticiasya.com\/midland-odessa\/2024\/01\/07\/nuevas-imagenes-del-6-de-enero-muestran-un-tenso-intercambio-entre-congresistas-republicanos-y-agitadores-del-capitolio\/","url_meta":{"origin":1469168,"position":2},"title":"Nuevas im\u00e1genes del 6 de enero muestran un tenso intercambio entre congresistas republicanos y agitadores del Capitolio","author":"","date":"enero 7, 2024","format":false,"excerpt":"(CNN) -- El Departamento de Justicia public\u00f3 nuevas im\u00e1genes del ataque del 6 de enero de 2021 contra el Capitolio de Estados Unidos que muestran un dram\u00e1tico momento en el que los agitadores gritan a trav\u00e9s de cristales rotos a dos legisladores republicanos.El video \u2014obtenido por CNN el s\u00e1bado, cuando\u2026","rel":"","context":"In &quot;Noticias Nacionales&quot;","block_context":{"text":"Noticias Nacionales","link":"https:\/\/noticiasya.com\/midland-odessa\/categoria\/noticias-nacionales"},"img":{"alt_text":"","src":"","width":0,"height":0},"classes":[]},{"id":1457316,"url":"https:\/\/noticiasya.com\/midland-odessa\/2025\/01\/07\/ley-inmigracion-laken-riley-futuro-senado-trax\/","url_meta":{"origin":1469168,"position":3},"title":"C\u00e1mara de Representantes aprueba ley de inmigraci\u00f3n &#171;Laken Riley&#187;, pero se enfrenta a un futuro incierto en el Senado","author":"","date":"enero 7, 2025","format":false,"excerpt":"La C\u00e1mara de Representantes vot\u00f3 el martes a favor de un proyecto de ley liderado por el Partido Republicano para exigir la detenci\u00f3n de inmigrantes indocumentados acusados de ciertos delitos, pero la medida enfrenta un futuro incierto en el Senado, en una se\u00f1al de los desaf\u00edos que enfrentan los republicanos\u2026","rel":"","context":"In &quot;Noticias Nacionales&quot;","block_context":{"text":"Noticias Nacionales","link":"https:\/\/noticiasya.com\/midland-odessa\/categoria\/noticias-nacionales"},"img":{"alt_text":"","src":"","width":0,"height":0},"classes":[]},{"id":1464045,"url":"https:\/\/noticiasya.com\/midland-odessa\/2025\/06\/28\/senado-ee-uu-prepara-primera-gran-votacion-agenda-trump-trax\/","url_meta":{"origin":1469168,"position":4},"title":"El Senado se prepara para la primera gran votaci\u00f3n sobre la agenda de Trump, con el apoyo a\u00fan incierto","author":"","date":"junio 28, 2025","format":false,"excerpt":"Los republicanos del Senado est\u00e1n a punto de enfrentar una importante prueba de lealtad al presidente Donald Trump, ya que la c\u00e1mara alta se prepara para su primera votaci\u00f3n sobre si avanzar o no con los enormes recortes de impuestos y el proyecto de ley de gastos del presidente.El l\u00edder\u2026","rel":"","context":"In &quot;Noticias Nacionales&quot;","block_context":{"text":"Noticias Nacionales","link":"https:\/\/noticiasya.com\/midland-odessa\/categoria\/noticias-nacionales"},"img":{"alt_text":"","src":"","width":0,"height":0},"classes":[]},{"id":1455814,"url":"https:\/\/noticiasya.com\/midland-odessa\/2024\/11\/14\/donald-trump-gabinete-lo-que-importa-trax\/","url_meta":{"origin":1469168,"position":5},"title":"AN\u00c1LISIS | Trump agita las aguas con sorprendentes elecciones para su gabinete","author":"","date":"noviembre 14, 2024","format":false,"excerpt":"(CNN) -- La elecci\u00f3n del Gabinete del presidente electo Donald Trump es cada vez m\u00e1s extravagante, lo que puede ser parte de la cuesti\u00f3n.\u00bfSecretario de Justicia? El representante Matt Gaetz, el provocador de derechas que est\u00e1 siendo investigado por el Comit\u00e9 de \u00c9tica de la C\u00e1mara de Representantes por acusaciones\u2026","rel":"","context":"In &quot;Noticias Nacionales&quot;","block_context":{"text":"Noticias Nacionales","link":"https:\/\/noticiasya.com\/midland-odessa\/categoria\/noticias-nacionales"},"img":{"alt_text":"","src":"","width":0,"height":0},"classes":[]}],"jetpack_sharing_enabled":true,"_links":{"self":[{"href":"https:\/\/noticiasya.com\/midland-odessa\/wp-json\/wp\/v2\/posts\/1469168","targetHints":{"allow":["GET"]}}],"collection":[{"href":"https:\/\/noticiasya.com\/midland-odessa\/wp-json\/wp\/v2\/posts"}],"about":[{"href":"https:\/\/noticiasya.com\/midland-odessa\/wp-json\/wp\/v2\/types\/post"}],"replies":[{"embeddable":true,"href":"https:\/\/noticiasya.com\/midland-odessa\/wp-json\/wp\/v2\/comments?post=1469168"}],"version-history":[{"count":0,"href":"https:\/\/noticiasya.com\/midland-odessa\/wp-json\/wp\/v2\/posts\/1469168\/revisions"}],"wp:attachment":[{"href":"https:\/\/noticiasya.com\/midland-odessa\/wp-json\/wp\/v2\/media?parent=1469168"}],"wp:term":[{"taxonomy":"category","embeddable":true,"href":"https:\/\/noticiasya.com\/midland-odessa\/wp-json\/wp\/v2\/categories?post=1469168"},{"taxonomy":"post_tag","embeddable":true,"href":"https:\/\/noticiasya.com\/midland-odessa\/wp-json\/wp\/v2\/tags?post=1469168"}],"curies":[{"name":"wp","href":"https:\/\/api.w.org\/{rel}","templated":true}]}}