{"id":1469176,"date":"2025-12-11T08:03:47","date_gmt":"2025-12-11T16:03:47","guid":{"rendered":"https:\/\/noticiasya.com\/2025\/12\/11\/juez-ordena-liberacion-inmediata-kilmar-abrego-garcia-trax\/"},"modified":"2025-12-11T08:03:47","modified_gmt":"2025-12-11T16:03:47","slug":"juez-ordena-liberacion-inmediata-kilmar-abrego-garcia-trax","status":"publish","type":"post","link":"https:\/\/noticiasya.com\/midland-odessa\/2025\/12\/11\/juez-ordena-liberacion-inmediata-kilmar-abrego-garcia-trax\/","title":{"rendered":"Jueza ordena que Kilmar \u00c1brego Garc\u00eda sea liberado de manera &#171;inmediata&#187; de la custodia de ICE"},"content":{"rendered":"<p>Una jueza federal en Maryland orden\u00f3 la liberaci\u00f3n inmediata de Kilmar \u00c1brego Garc\u00eda de la custodia del Servicio de Inmigraci\u00f3n y Control de Aduanas (ICE), seg\u00fan un documento judicial presentado este jueves, lo que representa un avance significativo en el caso de este ciudadano salvadore\u00f1o que fue deportado por error este a\u00f1o y luego devuelto a Estados Unidos.<\/p>\n<p>\u201cDesde su regreso de la detenci\u00f3n ilegal en El Salvador, \u00c1brego Garc\u00eda ha sido detenido nuevamente, sin la debida autorizaci\u00f3n legal\u201d, escribi\u00f3 la jueza de distrito Paula Xinis. \u201cPor esta raz\u00f3n, el tribunal concede la petici\u00f3n de \u00c1brego Garc\u00eda para su liberaci\u00f3n inmediata de la custodia del ICE\u201d.<\/p>\n<p>\u201cEl caso de \u00c1brego Garc\u00eda exige la intervenci\u00f3n judicial\u201d, afirm\u00f3 Xinis.<\/p>\n<p>\u201cDado que \u00c1brego Garc\u00eda ha estado detenido por ICE para llevar a cabo una deportaci\u00f3n a un tercer pa\u00eds sin una orden de deportaci\u00f3n legal, su solicitud de liberaci\u00f3n es procedente\u201d, escribi\u00f3 Xinis, y agreg\u00f3 que la conducta del Gobierno de Trump en los \u00faltimos meses contradice la afirmaci\u00f3n de que su detenci\u00f3n ten\u00eda como \u00fanico prop\u00f3sito la deportaci\u00f3n, lo que refuerza la conclusi\u00f3n de que \u00c1brego Garc\u00eda no debe permanecer detenido por m\u00e1s tiempo.<\/p>\n<p><em>Esta es una noticia de \u00faltima hora y ser\u00e1 actualizada. <\/em><\/p>\n<p>The-CNN-Wire<br \/>&trade; &amp; &copy; 2025 Cable News Network, Inc., a Warner Bros. Discovery Company. All rights reserved.<\/p>\n","protected":false},"excerpt":{"rendered":"<p>Una jueza federal en Maryland orden\u00f3 la liberaci\u00f3n inmediata de Kilmar \u00c1brego Garc\u00eda de la custodia del Servicio de Inmigraci\u00f3n y Control de Aduanas (ICE), seg\u00fan un documento judicial presentado este jueves, lo que representa un avance significativo en el caso de este ciudadano salvadore\u00f1o que fue deportado por error este a\u00f1o y luego devuelto [&hellip;]<\/p>\n","protected":false},"author":0,"featured_media":0,"comment_status":"open","ping_status":"open","sticky":false,"template":"","format":"standard","meta":{"_jetpack_memberships_contains_paid_content":false,"footnotes":""},"categories":[10],"tags":[],"class_list":["post-1469176","post","type-post","status-publish","format-standard","hentry","category-noticias-nacionales","market-global"],"yoast_head":"<!-- This site is optimized with the Yoast SEO plugin v24.4 - https:\/\/yoast.com\/wordpress\/plugins\/seo\/ -->\n<title>Jueza ordena que Kilmar \u00c1brego Garc\u00eda sea liberado de manera &quot;inmediata&quot; de la custodia de ICE - Noticias<\/title>\n<meta name=\"robots\" content=\"index, follow, max-snippet:-1, max-image-preview:large, max-video-preview:-1\" \/>\n<link rel=\"canonical\" href=\"https:\/\/noticiasya.com\/2025\/12\/11\/juez-ordena-liberacion-inmediata-kilmar-abrego-garcia-trax\/\" \/>\n<meta property=\"og:locale\" content=\"es_ES\" \/>\n<meta property=\"og:type\" content=\"article\" \/>\n<meta property=\"og:title\" content=\"Jueza ordena que Kilmar \u00c1brego Garc\u00eda sea liberado de manera &quot;inmediata&quot; de la custodia de ICE - Noticias\" \/>\n<meta property=\"og:description\" content=\"Una jueza federal en Maryland orden\u00f3 la liberaci\u00f3n inmediata de Kilmar \u00c1brego Garc\u00eda de la custodia del Servicio de Inmigraci\u00f3n y Control de Aduanas (ICE), seg\u00fan un documento judicial presentado este jueves, lo que representa un avance significativo en el caso de este ciudadano salvadore\u00f1o que fue deportado por error este a\u00f1o y luego devuelto [&hellip;]\" \/>\n<meta property=\"og:url\" content=\"https:\/\/noticiasya.com\/2025\/12\/11\/juez-ordena-liberacion-inmediata-kilmar-abrego-garcia-trax\/\" \/>\n<meta property=\"og:site_name\" content=\"Noticias\" \/>\n<meta property=\"article:published_time\" content=\"2025-12-11T16:03:47+00:00\" \/>\n<meta name=\"twitter:card\" content=\"summary_large_image\" \/>\n<meta name=\"twitter:label1\" content=\"Est. reading time\" \/>\n\t<meta name=\"twitter:data1\" content=\"1 minuto\" \/>\n<script type=\"application\/ld+json\" class=\"yoast-schema-graph\">{\"@context\":\"https:\/\/schema.org\",\"@graph\":[{\"@type\":\"Article\",\"@id\":\"https:\/\/noticiasya.com\/2025\/12\/11\/juez-ordena-liberacion-inmediata-kilmar-abrego-garcia-trax\/#article\",\"isPartOf\":{\"@id\":\"https:\/\/noticiasya.com\/2025\/12\/11\/juez-ordena-liberacion-inmediata-kilmar-abrego-garcia-trax\/\"},\"author\":{\"name\":\"\",\"@id\":\"\"},\"headline\":\"Jueza ordena que Kilmar \u00c1brego Garc\u00eda sea liberado de manera &#171;inmediata&#187; de la custodia de ICE\",\"datePublished\":\"2025-12-11T16:03:47+00:00\",\"mainEntityOfPage\":{\"@id\":\"https:\/\/noticiasya.com\/2025\/12\/11\/juez-ordena-liberacion-inmediata-kilmar-abrego-garcia-trax\/\"},\"wordCount\":263,\"commentCount\":0,\"publisher\":{\"@id\":\"https:\/\/noticiasya.com\/#organization\"},\"articleSection\":[\"Noticias Nacionales\"],\"inLanguage\":\"es\",\"potentialAction\":[{\"@type\":\"CommentAction\",\"name\":\"Comment\",\"target\":[\"https:\/\/noticiasya.com\/2025\/12\/11\/juez-ordena-liberacion-inmediata-kilmar-abrego-garcia-trax\/#respond\"]}]},{\"@type\":\"WebPage\",\"@id\":\"https:\/\/noticiasya.com\/2025\/12\/11\/juez-ordena-liberacion-inmediata-kilmar-abrego-garcia-trax\/\",\"url\":\"https:\/\/noticiasya.com\/2025\/12\/11\/juez-ordena-liberacion-inmediata-kilmar-abrego-garcia-trax\/\",\"name\":\"Jueza ordena que Kilmar \u00c1brego Garc\u00eda sea liberado de manera \\\"inmediata\\\" de la custodia de ICE - Noticias\",\"isPartOf\":{\"@id\":\"https:\/\/noticiasya.com\/#website\"},\"datePublished\":\"2025-12-11T16:03:47+00:00\",\"breadcrumb\":{\"@id\":\"https:\/\/noticiasya.com\/2025\/12\/11\/juez-ordena-liberacion-inmediata-kilmar-abrego-garcia-trax\/#breadcrumb\"},\"inLanguage\":\"es\",\"potentialAction\":[{\"@type\":\"ReadAction\",\"target\":[\"https:\/\/noticiasya.com\/2025\/12\/11\/juez-ordena-liberacion-inmediata-kilmar-abrego-garcia-trax\/\"]}]},{\"@type\":\"BreadcrumbList\",\"@id\":\"https:\/\/noticiasya.com\/2025\/12\/11\/juez-ordena-liberacion-inmediata-kilmar-abrego-garcia-trax\/#breadcrumb\",\"itemListElement\":[{\"@type\":\"ListItem\",\"position\":1,\"name\":\"Home\",\"item\":\"https:\/\/noticiasya.com\/\"},{\"@type\":\"ListItem\",\"position\":2,\"name\":\"Jueza ordena que Kilmar \u00c1brego Garc\u00eda sea liberado de manera &#171;inmediata&#187; de la custodia de ICE\"}]},{\"@type\":\"WebSite\",\"@id\":\"https:\/\/noticiasya.com\/#website\",\"url\":\"https:\/\/noticiasya.com\/\",\"name\":\"Noticias\",\"description\":\"Lo que importa\",\"publisher\":{\"@id\":\"https:\/\/noticiasya.com\/#organization\"},\"potentialAction\":[{\"@type\":\"SearchAction\",\"target\":{\"@type\":\"EntryPoint\",\"urlTemplate\":\"https:\/\/noticiasya.com\/?s={search_term_string}\"},\"query-input\":{\"@type\":\"PropertyValueSpecification\",\"valueRequired\":true,\"valueName\":\"search_term_string\"}}],\"inLanguage\":\"es\"},{\"@type\":\"Organization\",\"@id\":\"https:\/\/noticiasya.com\/#organization\",\"name\":\"Noticias\",\"url\":\"https:\/\/noticiasya.com\/\",\"logo\":{\"@type\":\"ImageObject\",\"inLanguage\":\"es\",\"@id\":\"https:\/\/noticiasya.com\/#\/schema\/logo\/image\/\",\"url\":\"https:\/\/noticiasya.com\/wp-content\/uploads\/sites\/22\/2023\/12\/logo-nacional.png\",\"contentUrl\":\"https:\/\/noticiasya.com\/wp-content\/uploads\/sites\/22\/2023\/12\/logo-nacional.png\",\"width\":1801,\"height\":691,\"caption\":\"Noticias\"},\"image\":{\"@id\":\"https:\/\/noticiasya.com\/#\/schema\/logo\/image\/\"}}]}<\/script>\n<!-- \/ Yoast SEO plugin. -->","yoast_head_json":{"title":"Jueza ordena que Kilmar \u00c1brego Garc\u00eda sea liberado de manera \"inmediata\" de la custodia de ICE - Noticias","robots":{"index":"index","follow":"follow","max-snippet":"max-snippet:-1","max-image-preview":"max-image-preview:large","max-video-preview":"max-video-preview:-1"},"canonical":"https:\/\/noticiasya.com\/2025\/12\/11\/juez-ordena-liberacion-inmediata-kilmar-abrego-garcia-trax\/","og_locale":"es_ES","og_type":"article","og_title":"Jueza ordena que Kilmar \u00c1brego Garc\u00eda sea liberado de manera \"inmediata\" de la custodia de ICE - Noticias","og_description":"Una jueza federal en Maryland orden\u00f3 la liberaci\u00f3n inmediata de Kilmar \u00c1brego Garc\u00eda de la custodia del Servicio de Inmigraci\u00f3n y Control de Aduanas (ICE), seg\u00fan un documento judicial presentado este jueves, lo que representa un avance significativo en el caso de este ciudadano salvadore\u00f1o que fue deportado por error este a\u00f1o y luego devuelto [&hellip;]","og_url":"https:\/\/noticiasya.com\/2025\/12\/11\/juez-ordena-liberacion-inmediata-kilmar-abrego-garcia-trax\/","og_site_name":"Noticias","article_published_time":"2025-12-11T16:03:47+00:00","twitter_card":"summary_large_image","twitter_misc":{"Est. reading time":"1 minuto"},"schema":{"@context":"https:\/\/schema.org","@graph":[{"@type":"Article","@id":"https:\/\/noticiasya.com\/2025\/12\/11\/juez-ordena-liberacion-inmediata-kilmar-abrego-garcia-trax\/#article","isPartOf":{"@id":"https:\/\/noticiasya.com\/2025\/12\/11\/juez-ordena-liberacion-inmediata-kilmar-abrego-garcia-trax\/"},"author":{"name":"","@id":""},"headline":"Jueza ordena que Kilmar \u00c1brego Garc\u00eda sea liberado de manera &#171;inmediata&#187; de la custodia de ICE","datePublished":"2025-12-11T16:03:47+00:00","mainEntityOfPage":{"@id":"https:\/\/noticiasya.com\/2025\/12\/11\/juez-ordena-liberacion-inmediata-kilmar-abrego-garcia-trax\/"},"wordCount":263,"commentCount":0,"publisher":{"@id":"https:\/\/noticiasya.com\/#organization"},"articleSection":["Noticias Nacionales"],"inLanguage":"es","potentialAction":[{"@type":"CommentAction","name":"Comment","target":["https:\/\/noticiasya.com\/2025\/12\/11\/juez-ordena-liberacion-inmediata-kilmar-abrego-garcia-trax\/#respond"]}]},{"@type":"WebPage","@id":"https:\/\/noticiasya.com\/2025\/12\/11\/juez-ordena-liberacion-inmediata-kilmar-abrego-garcia-trax\/","url":"https:\/\/noticiasya.com\/2025\/12\/11\/juez-ordena-liberacion-inmediata-kilmar-abrego-garcia-trax\/","name":"Jueza ordena que Kilmar \u00c1brego Garc\u00eda sea liberado de manera \"inmediata\" de la custodia de ICE - Noticias","isPartOf":{"@id":"https:\/\/noticiasya.com\/#website"},"datePublished":"2025-12-11T16:03:47+00:00","breadcrumb":{"@id":"https:\/\/noticiasya.com\/2025\/12\/11\/juez-ordena-liberacion-inmediata-kilmar-abrego-garcia-trax\/#breadcrumb"},"inLanguage":"es","potentialAction":[{"@type":"ReadAction","target":["https:\/\/noticiasya.com\/2025\/12\/11\/juez-ordena-liberacion-inmediata-kilmar-abrego-garcia-trax\/"]}]},{"@type":"BreadcrumbList","@id":"https:\/\/noticiasya.com\/2025\/12\/11\/juez-ordena-liberacion-inmediata-kilmar-abrego-garcia-trax\/#breadcrumb","itemListElement":[{"@type":"ListItem","position":1,"name":"Home","item":"https:\/\/noticiasya.com\/"},{"@type":"ListItem","position":2,"name":"Jueza ordena que Kilmar \u00c1brego Garc\u00eda sea liberado de manera &#171;inmediata&#187; de la custodia de ICE"}]},{"@type":"WebSite","@id":"https:\/\/noticiasya.com\/#website","url":"https:\/\/noticiasya.com\/","name":"Noticias","description":"Lo que importa","publisher":{"@id":"https:\/\/noticiasya.com\/#organization"},"potentialAction":[{"@type":"SearchAction","target":{"@type":"EntryPoint","urlTemplate":"https:\/\/noticiasya.com\/?s={search_term_string}"},"query-input":{"@type":"PropertyValueSpecification","valueRequired":true,"valueName":"search_term_string"}}],"inLanguage":"es"},{"@type":"Organization","@id":"https:\/\/noticiasya.com\/#organization","name":"Noticias","url":"https:\/\/noticiasya.com\/","logo":{"@type":"ImageObject","inLanguage":"es","@id":"https:\/\/noticiasya.com\/#\/schema\/logo\/image\/","url":"https:\/\/noticiasya.com\/wp-content\/uploads\/sites\/22\/2023\/12\/logo-nacional.png","contentUrl":"https:\/\/noticiasya.com\/wp-content\/uploads\/sites\/22\/2023\/12\/logo-nacional.png","width":1801,"height":691,"caption":"Noticias"},"image":{"@id":"https:\/\/noticiasya.com\/#\/schema\/logo\/image\/"}}]}},"parsely":{"version":"1.1.0","canonical_url":"https:\/\/noticiasya.com\/midland-odessa\/2025\/12\/11\/juez-ordena-liberacion-inmediata-kilmar-abrego-garcia-trax\/","smart_links":{"inbound":0,"outbound":0},"traffic_boost_suggestions_count":0,"meta":{"@context":"https:\/\/schema.org","@type":"NewsArticle","headline":"Jueza ordena que Kilmar \u00c1brego Garc\u00eda sea liberado de manera &#171;inmediata&#187; de la custodia de ICE","url":"http:\/\/noticiasya.com\/midland-odessa\/2025\/12\/11\/juez-ordena-liberacion-inmediata-kilmar-abrego-garcia-trax\/","mainEntityOfPage":{"@type":"WebPage","@id":"http:\/\/noticiasya.com\/midland-odessa\/2025\/12\/11\/juez-ordena-liberacion-inmediata-kilmar-abrego-garcia-trax\/"},"thumbnailUrl":"","image":{"@type":"ImageObject","url":""},"articleSection":"Noticias Nacionales","author":[],"creator":[],"publisher":{"@type":"Organization","name":"Noticias","logo":""},"keywords":[],"dateCreated":"2025-12-11T16:03:47Z","datePublished":"2025-12-11T16:03:47Z","dateModified":"2025-12-11T16:03:47Z"},"rendered":"<script type=\"application\/ld+json\" class=\"wp-parsely-metadata\">{\"@context\":\"https:\\\/\\\/schema.org\",\"@type\":\"NewsArticle\",\"headline\":\"Jueza ordena que Kilmar \\u00c1brego Garc\\u00eda sea liberado de manera &#171;inmediata&#187; de la custodia de ICE\",\"url\":\"http:\\\/\\\/noticiasya.com\\\/midland-odessa\\\/2025\\\/12\\\/11\\\/juez-ordena-liberacion-inmediata-kilmar-abrego-garcia-trax\\\/\",\"mainEntityOfPage\":{\"@type\":\"WebPage\",\"@id\":\"http:\\\/\\\/noticiasya.com\\\/midland-odessa\\\/2025\\\/12\\\/11\\\/juez-ordena-liberacion-inmediata-kilmar-abrego-garcia-trax\\\/\"},\"thumbnailUrl\":\"\",\"image\":{\"@type\":\"ImageObject\",\"url\":\"\"},\"articleSection\":\"Noticias Nacionales\",\"author\":[],\"creator\":[],\"publisher\":{\"@type\":\"Organization\",\"name\":\"Noticias\",\"logo\":\"\"},\"keywords\":[],\"dateCreated\":\"2025-12-11T16:03:47Z\",\"datePublished\":\"2025-12-11T16:03:47Z\",\"dateModified\":\"2025-12-11T16:03:47Z\"}<\/script>","tracker_url":"https:\/\/cdn.parsely.com\/keys\/noticiasya.com\/p.js"},"jetpack_featured_media_url":"","jetpack-related-posts":[{"id":1465835,"url":"https:\/\/noticiasya.com\/midland-odessa\/2025\/08\/25\/abrego-deportacion-uganda-ice-trax\/","url_meta":{"origin":1469176,"position":0},"title":"Kilmar \u00c1brego Garc\u00eda lucha contra su deportaci\u00f3n a Uganda tras quedar bajo custodia del ICE","author":"","date":"agosto 25, 2025","format":false,"excerpt":"Minutos despu\u00e9s de que Kilmar \u00c1brego Garc\u00eda fuera detenido por funcionarios de inmigraci\u00f3n en Baltimore, sus abogados presentaron una nueva demanda instando a una jueza federal a ordenar su liberaci\u00f3n y agilizar su proceso de deportaci\u00f3n para que pueda tener la oportunidad de impugnar su posible env\u00edo a Uganda.La jueza\u2026","rel":"","context":"In &quot;Noticias Nacionales&quot;","block_context":{"text":"Noticias Nacionales","link":"https:\/\/noticiasya.com\/midland-odessa\/categoria\/noticias-nacionales"},"img":{"alt_text":"","src":"","width":0,"height":0},"classes":[]},{"id":1469209,"url":"https:\/\/noticiasya.com\/midland-odessa\/2025\/12\/12\/jueza-impide-nueva-detencion-kilmar-abrego-trax\/","url_meta":{"origin":1469176,"position":1},"title":"Jueza federal impide temporalmente que el Gobierno de Trump vuelva a detener a Kilmar \u00c1brego Garc\u00eda","author":"","date":"diciembre 12, 2025","format":false,"excerpt":"Una jueza federal impid\u00f3 temporalmente que la administraci\u00f3n Trump vuelva a detener a Kilmar \u00c1brego Garc\u00eda, horas despu\u00e9s de que ordenara su liberaci\u00f3n de un centro de detenci\u00f3n de inmigrantes.La orden de restricci\u00f3n temporal, emitida la madrugada de este viernes por la jueza federal de distrito Paula Xinis, supone el\u2026","rel":"","context":"In &quot;Noticias Nacionales&quot;","block_context":{"text":"Noticias Nacionales","link":"https:\/\/noticiasya.com\/midland-odessa\/categoria\/noticias-nacionales"},"img":{"alt_text":"","src":"","width":0,"height":0},"classes":[]},{"id":1464795,"url":"https:\/\/noticiasya.com\/midland-odessa\/2025\/07\/23\/abrego-garcia-seguira-detenido-un-mes-no-peligro-trax\/","url_meta":{"origin":1469176,"position":2},"title":"\u00c1brego Garc\u00eda seguir\u00e1 detenido al menos un mes, aunque el juez rechaz\u00f3 que sea un peligro, como dijo el Gobierno de Trump","author":"","date":"julio 23, 2025","format":false,"excerpt":"Un juez federal en Tennessee rechaz\u00f3 este mi\u00e9rcoles anular la decisi\u00f3n de otro juez que permite que Kilmar \u00c1brego Garc\u00eda permanezca en libertad mientras espera juicio por cargos de tr\u00e1fico de personas, aunque seguir\u00e1 detenido al menos otro mes.El juez de distrito Waverly Crenshaw determin\u00f3 que los fiscales federales no\u2026","rel":"","context":"In &quot;Noticias Nacionales&quot;","block_context":{"text":"Noticias Nacionales","link":"https:\/\/noticiasya.com\/midland-odessa\/categoria\/noticias-nacionales"},"img":{"alt_text":"","src":"","width":0,"height":0},"classes":[]},{"id":1469499,"url":"https:\/\/noticiasya.com\/midland-odessa\/2025\/12\/22\/jueza-presiona-gobierno-trump-planes-abrego-garcia-trax\/","url_meta":{"origin":1469176,"position":3},"title":"Jueza federal presiona al Gobierno de Trump sobre sus planes para Kilmar \u00c1brego Garc\u00eda","author":"","date":"diciembre 22, 2025","format":false,"excerpt":"Una jueza federal aparentemente frustrada presion\u00f3 este lunes al Gobierno de Trump para que compartiera lo que pensaba hacer a continuaci\u00f3n en la saga de r\u00e1pido desarrollo sobre Kilmar \u00c1brego Garc\u00eda, d\u00edas despu\u00e9s de que ella determinara que estaba siendo detenido de manera ilegal bajo custodia de inmigraci\u00f3n.Durante una audiencia\u2026","rel":"","context":"In &quot;Noticias Nacionales&quot;","block_context":{"text":"Noticias Nacionales","link":"https:\/\/noticiasya.com\/midland-odessa\/categoria\/noticias-nacionales"},"img":{"alt_text":"","src":"","width":0,"height":0},"classes":[]},{"id":1464295,"url":"https:\/\/noticiasya.com\/midland-odessa\/2025\/07\/07\/gobierno-trump-deportara-abrego-garcia-antes-juicio-trax\/","url_meta":{"origin":1469176,"position":4},"title":"El Gobierno de Trump dice que deportar\u00e1 a Kilmar \u00c1brego Garc\u00eda antes de su juicio si es liberado de la custodia criminal","author":"","date":"julio 7, 2025","format":false,"excerpt":"El Gobierno de Trump tomar\u00e1 medidas para deportar a Kilmar \u00c1brego Garc\u00eda antes de que vaya a juicio en Tennessee si es liberado de la custodia criminal, lo cual podr\u00eda ocurrir tan pronto como la pr\u00f3xima semana, dijo el lunes un abogado del Departamento de Justicia (DOJ, por sus siglas\u2026","rel":"","context":"In &quot;Noticias Nacionales&quot;","block_context":{"text":"Noticias Nacionales","link":"https:\/\/noticiasya.com\/midland-odessa\/categoria\/noticias-nacionales"},"img":{"alt_text":"","src":"","width":0,"height":0},"classes":[]},{"id":1461475,"url":"https:\/\/noticiasya.com\/midland-odessa\/2025\/04\/22\/abrego-garcia-estado-de-salud-informe-gobierno-trax\/","url_meta":{"origin":1469176,"position":5},"title":"El Salvador dice que \u00c1brego Garc\u00eda se encuentra en &#171;excelente estado de salud&#187;, seg\u00fan inform\u00f3 el Gobierno a la jueza del caso","author":"","date":"abril 22, 2025","format":false,"excerpt":"El Salvador inform\u00f3 al Gobierno de Trump que Kilmar \u00c1brego Garc\u00eda se encuentra \u201cen buen estado de salud\u201d, seg\u00fan dijo un funcionario del Departamento de Estado el lunes a la jueza federal que lleva su caso.\u201cEl 20 y 21 de abril, nuestro embajador solicit\u00f3 al Gobierno salvadore\u00f1o informaci\u00f3n actualizada sobre\u2026","rel":"","context":"In &quot;Noticias Nacionales&quot;","block_context":{"text":"Noticias Nacionales","link":"https:\/\/noticiasya.com\/midland-odessa\/categoria\/noticias-nacionales"},"img":{"alt_text":"","src":"","width":0,"height":0},"classes":[]}],"jetpack_sharing_enabled":true,"_links":{"self":[{"href":"https:\/\/noticiasya.com\/midland-odessa\/wp-json\/wp\/v2\/posts\/1469176","targetHints":{"allow":["GET"]}}],"collection":[{"href":"https:\/\/noticiasya.com\/midland-odessa\/wp-json\/wp\/v2\/posts"}],"about":[{"href":"https:\/\/noticiasya.com\/midland-odessa\/wp-json\/wp\/v2\/types\/post"}],"replies":[{"embeddable":true,"href":"https:\/\/noticiasya.com\/midland-odessa\/wp-json\/wp\/v2\/comments?post=1469176"}],"version-history":[{"count":0,"href":"https:\/\/noticiasya.com\/midland-odessa\/wp-json\/wp\/v2\/posts\/1469176\/revisions"}],"wp:attachment":[{"href":"https:\/\/noticiasya.com\/midland-odessa\/wp-json\/wp\/v2\/media?parent=1469176"}],"wp:term":[{"taxonomy":"category","embeddable":true,"href":"https:\/\/noticiasya.com\/midland-odessa\/wp-json\/wp\/v2\/categories?post=1469176"},{"taxonomy":"post_tag","embeddable":true,"href":"https:\/\/noticiasya.com\/midland-odessa\/wp-json\/wp\/v2\/tags?post=1469176"}],"curies":[{"name":"wp","href":"https:\/\/api.w.org\/{rel}","templated":true}]}}