{"id":1469177,"date":"2025-12-11T08:03:47","date_gmt":"2025-12-11T16:03:47","guid":{"rendered":"https:\/\/noticiasya.com\/2025\/12\/11\/time-persona-del-ano-arquitectos-ia-orix\/"},"modified":"2025-12-11T08:03:47","modified_gmt":"2025-12-11T16:03:47","slug":"time-persona-del-ano-arquitectos-ia-orix","status":"publish","type":"post","link":"https:\/\/noticiasya.com\/midland-odessa\/2025\/12\/11\/time-persona-del-ano-arquitectos-ia-orix\/","title":{"rendered":"La revista TIME nombra &#171;Persona del A\u00f1o&#187; a los &#171;arquitectos&#187; de la inteligencia artificial"},"content":{"rendered":"<p>La revista TIME <a href=\"https:\/\/time.com\/7339685\/person-of-the-year-2025-ai-architects\/\">anunci\u00f3<\/a> este jueves su esperada edici\u00f3n de la \u201cPersona del A\u00f1o\u201d en la que design\u00f3 a los \u201carquitectos\u201d de la i<a href=\"https:\/\/cnnespanol.cnn.com\/ciencia\/inteligencia-artificial\">nteligencia artificial<\/a> como las figuras m\u00e1s relevantes de 2025 para la publicaci\u00f3n.<\/p>\n<p>La designaci\u00f3n reconoce el impacto de la inteligencia artificial en el mundo y refleja c\u00f3mo esta tecnolog\u00eda se ha infiltrado en casi todos los aspectos de la vida.<\/p>\n<p>La revista justific\u00f3 su selecci\u00f3n en una <a href=\"https:\/\/x.com\/TIME\/status\/1999097617633189955?s=20\">publicaci\u00f3n<\/a> en redes sociales: \u201cPor inaugurar la era de las m\u00e1quinas pensantes, por asombrar y preocupar a la humanidad, por transformar el presente y trascender lo posible, los Arquitectos de la IA son la Persona del A\u00f1o 2025 de TIME\u201d.<\/p>\n<p>La revista lanz\u00f3 la edici\u00f3n con dos portadas diferentes: una ilustrada, con personas construyendo las letras IA; y otra con un montaje fotogr\u00e1fico en el que aparecen figuras relevantes, como varios CEO de empresas de tecnolog\u00eda que lideran la carrera de la inteligencia artificial.<\/p>\n<p>Esta segunda versi\u00f3n de la portada es un gui\u00f1o a la c\u00e9lebre fotograf\u00eda \u201c<a href=\"https:\/\/www.rockefellercenter.com\/magazine\/arts-culture\/lunch-atop-skyscraper-irish-immigrants\/\">Lunch atop a Skyscraper<\/a>\u201d, de 1932, y presenta a algunos de los principales l\u00edderes tecnol\u00f3gicos del mundo, incluidos Mark Zuckerberg, Elon Musk, Jensen Huang, Sam Altman, Demis Hassabis, Lisa Su, Dario Amodei y Fei-Fei Li.<\/p>\n<p>La revista TIME selecciona desde 1927 a las personalidades que considera son la \u201cPersona del A\u00f1o\u201d. En 2024, el honor correspondi\u00f3, por segunda vez, al <a href=\"https:\/\/cnnespanol.cnn.com\/2024\/12\/11\/estados-unidos\/trump-nombrado-persona-anio-time-trax\">presidente de EE.UU., Donald Trump<\/a>.<\/p>\n<p>La inteligencia artificial fue, sin duda, uno de los t\u00f3picos que dominaron la conversaci\u00f3n en 2025, aunque otras figuras reun\u00edan los atributos para hacerse con la selecci\u00f3n de \u201cPersona del A\u00f1o\u201d de la revista TIME, como, por ejemplo, el papa Le\u00f3n XIV, el primer pont\u00edfice estadounidense; el presidente de Estados Unidos, Donald Trump; y el alcalde electo de Nueva York, Zohran Mamdani.<\/p>\n<p>The-CNN-Wire<br \/>&trade; &amp; &copy; 2025 Cable News Network, Inc., a Warner Bros. Discovery Company. All rights reserved.<\/p>\n","protected":false},"excerpt":{"rendered":"<p>La revista TIME anunci\u00f3 este jueves su esperada edici\u00f3n de la \u201cPersona del A\u00f1o\u201d en la que design\u00f3 a los \u201carquitectos\u201d de la inteligencia artificial como las figuras m\u00e1s relevantes de 2025 para la publicaci\u00f3n. La designaci\u00f3n reconoce el impacto de la inteligencia artificial en el mundo y refleja c\u00f3mo esta tecnolog\u00eda se ha infiltrado [&hellip;]<\/p>\n","protected":false},"author":0,"featured_media":0,"comment_status":"open","ping_status":"open","sticky":false,"template":"","format":"standard","meta":{"_jetpack_memberships_contains_paid_content":false,"footnotes":""},"categories":[10],"tags":[],"class_list":["post-1469177","post","type-post","status-publish","format-standard","hentry","category-noticias-nacionales","market-global"],"yoast_head":"<!-- This site is optimized with the Yoast SEO plugin v24.4 - https:\/\/yoast.com\/wordpress\/plugins\/seo\/ -->\n<title>La revista TIME nombra &quot;Persona del A\u00f1o&quot; a los &quot;arquitectos&quot; de la inteligencia artificial - Noticias<\/title>\n<meta name=\"robots\" content=\"index, follow, max-snippet:-1, max-image-preview:large, max-video-preview:-1\" \/>\n<link rel=\"canonical\" href=\"https:\/\/noticiasya.com\/2025\/12\/11\/time-persona-del-ano-arquitectos-ia-orix\/\" \/>\n<meta property=\"og:locale\" content=\"es_ES\" \/>\n<meta property=\"og:type\" content=\"article\" \/>\n<meta property=\"og:title\" content=\"La revista TIME nombra &quot;Persona del A\u00f1o&quot; a los &quot;arquitectos&quot; de la inteligencia artificial - Noticias\" \/>\n<meta property=\"og:description\" content=\"La revista TIME anunci\u00f3 este jueves su esperada edici\u00f3n de la \u201cPersona del A\u00f1o\u201d en la que design\u00f3 a los \u201carquitectos\u201d de la inteligencia artificial como las figuras m\u00e1s relevantes de 2025 para la publicaci\u00f3n. La designaci\u00f3n reconoce el impacto de la inteligencia artificial en el mundo y refleja c\u00f3mo esta tecnolog\u00eda se ha infiltrado [&hellip;]\" \/>\n<meta property=\"og:url\" content=\"https:\/\/noticiasya.com\/2025\/12\/11\/time-persona-del-ano-arquitectos-ia-orix\/\" \/>\n<meta property=\"og:site_name\" content=\"Noticias\" \/>\n<meta property=\"article:published_time\" content=\"2025-12-11T16:03:47+00:00\" \/>\n<meta name=\"twitter:card\" content=\"summary_large_image\" \/>\n<meta name=\"twitter:label1\" content=\"Est. reading time\" \/>\n\t<meta name=\"twitter:data1\" content=\"2 minutos\" \/>\n<script type=\"application\/ld+json\" class=\"yoast-schema-graph\">{\"@context\":\"https:\/\/schema.org\",\"@graph\":[{\"@type\":\"Article\",\"@id\":\"https:\/\/noticiasya.com\/2025\/12\/11\/time-persona-del-ano-arquitectos-ia-orix\/#article\",\"isPartOf\":{\"@id\":\"https:\/\/noticiasya.com\/2025\/12\/11\/time-persona-del-ano-arquitectos-ia-orix\/\"},\"author\":{\"name\":\"\",\"@id\":\"\"},\"headline\":\"La revista TIME nombra &#171;Persona del A\u00f1o&#187; a los &#171;arquitectos&#187; de la inteligencia artificial\",\"datePublished\":\"2025-12-11T16:03:47+00:00\",\"mainEntityOfPage\":{\"@id\":\"https:\/\/noticiasya.com\/2025\/12\/11\/time-persona-del-ano-arquitectos-ia-orix\/\"},\"wordCount\":348,\"commentCount\":0,\"publisher\":{\"@id\":\"https:\/\/noticiasya.com\/#organization\"},\"articleSection\":[\"Noticias Nacionales\"],\"inLanguage\":\"es\",\"potentialAction\":[{\"@type\":\"CommentAction\",\"name\":\"Comment\",\"target\":[\"https:\/\/noticiasya.com\/2025\/12\/11\/time-persona-del-ano-arquitectos-ia-orix\/#respond\"]}]},{\"@type\":\"WebPage\",\"@id\":\"https:\/\/noticiasya.com\/2025\/12\/11\/time-persona-del-ano-arquitectos-ia-orix\/\",\"url\":\"https:\/\/noticiasya.com\/2025\/12\/11\/time-persona-del-ano-arquitectos-ia-orix\/\",\"name\":\"La revista TIME nombra \\\"Persona del A\u00f1o\\\" a los \\\"arquitectos\\\" de la inteligencia artificial - Noticias\",\"isPartOf\":{\"@id\":\"https:\/\/noticiasya.com\/#website\"},\"datePublished\":\"2025-12-11T16:03:47+00:00\",\"breadcrumb\":{\"@id\":\"https:\/\/noticiasya.com\/2025\/12\/11\/time-persona-del-ano-arquitectos-ia-orix\/#breadcrumb\"},\"inLanguage\":\"es\",\"potentialAction\":[{\"@type\":\"ReadAction\",\"target\":[\"https:\/\/noticiasya.com\/2025\/12\/11\/time-persona-del-ano-arquitectos-ia-orix\/\"]}]},{\"@type\":\"BreadcrumbList\",\"@id\":\"https:\/\/noticiasya.com\/2025\/12\/11\/time-persona-del-ano-arquitectos-ia-orix\/#breadcrumb\",\"itemListElement\":[{\"@type\":\"ListItem\",\"position\":1,\"name\":\"Home\",\"item\":\"https:\/\/noticiasya.com\/\"},{\"@type\":\"ListItem\",\"position\":2,\"name\":\"La revista TIME nombra &#171;Persona del A\u00f1o&#187; a los &#171;arquitectos&#187; de la inteligencia artificial\"}]},{\"@type\":\"WebSite\",\"@id\":\"https:\/\/noticiasya.com\/#website\",\"url\":\"https:\/\/noticiasya.com\/\",\"name\":\"Noticias\",\"description\":\"Lo que importa\",\"publisher\":{\"@id\":\"https:\/\/noticiasya.com\/#organization\"},\"potentialAction\":[{\"@type\":\"SearchAction\",\"target\":{\"@type\":\"EntryPoint\",\"urlTemplate\":\"https:\/\/noticiasya.com\/?s={search_term_string}\"},\"query-input\":{\"@type\":\"PropertyValueSpecification\",\"valueRequired\":true,\"valueName\":\"search_term_string\"}}],\"inLanguage\":\"es\"},{\"@type\":\"Organization\",\"@id\":\"https:\/\/noticiasya.com\/#organization\",\"name\":\"Noticias\",\"url\":\"https:\/\/noticiasya.com\/\",\"logo\":{\"@type\":\"ImageObject\",\"inLanguage\":\"es\",\"@id\":\"https:\/\/noticiasya.com\/#\/schema\/logo\/image\/\",\"url\":\"https:\/\/noticiasya.com\/wp-content\/uploads\/sites\/22\/2023\/12\/logo-nacional.png\",\"contentUrl\":\"https:\/\/noticiasya.com\/wp-content\/uploads\/sites\/22\/2023\/12\/logo-nacional.png\",\"width\":1801,\"height\":691,\"caption\":\"Noticias\"},\"image\":{\"@id\":\"https:\/\/noticiasya.com\/#\/schema\/logo\/image\/\"}}]}<\/script>\n<!-- \/ Yoast SEO plugin. -->","yoast_head_json":{"title":"La revista TIME nombra \"Persona del A\u00f1o\" a los \"arquitectos\" de la inteligencia artificial - Noticias","robots":{"index":"index","follow":"follow","max-snippet":"max-snippet:-1","max-image-preview":"max-image-preview:large","max-video-preview":"max-video-preview:-1"},"canonical":"https:\/\/noticiasya.com\/2025\/12\/11\/time-persona-del-ano-arquitectos-ia-orix\/","og_locale":"es_ES","og_type":"article","og_title":"La revista TIME nombra \"Persona del A\u00f1o\" a los \"arquitectos\" de la inteligencia artificial - Noticias","og_description":"La revista TIME anunci\u00f3 este jueves su esperada edici\u00f3n de la \u201cPersona del A\u00f1o\u201d en la que design\u00f3 a los \u201carquitectos\u201d de la inteligencia artificial como las figuras m\u00e1s relevantes de 2025 para la publicaci\u00f3n. La designaci\u00f3n reconoce el impacto de la inteligencia artificial en el mundo y refleja c\u00f3mo esta tecnolog\u00eda se ha infiltrado [&hellip;]","og_url":"https:\/\/noticiasya.com\/2025\/12\/11\/time-persona-del-ano-arquitectos-ia-orix\/","og_site_name":"Noticias","article_published_time":"2025-12-11T16:03:47+00:00","twitter_card":"summary_large_image","twitter_misc":{"Est. reading time":"2 minutos"},"schema":{"@context":"https:\/\/schema.org","@graph":[{"@type":"Article","@id":"https:\/\/noticiasya.com\/2025\/12\/11\/time-persona-del-ano-arquitectos-ia-orix\/#article","isPartOf":{"@id":"https:\/\/noticiasya.com\/2025\/12\/11\/time-persona-del-ano-arquitectos-ia-orix\/"},"author":{"name":"","@id":""},"headline":"La revista TIME nombra &#171;Persona del A\u00f1o&#187; a los &#171;arquitectos&#187; de la inteligencia artificial","datePublished":"2025-12-11T16:03:47+00:00","mainEntityOfPage":{"@id":"https:\/\/noticiasya.com\/2025\/12\/11\/time-persona-del-ano-arquitectos-ia-orix\/"},"wordCount":348,"commentCount":0,"publisher":{"@id":"https:\/\/noticiasya.com\/#organization"},"articleSection":["Noticias Nacionales"],"inLanguage":"es","potentialAction":[{"@type":"CommentAction","name":"Comment","target":["https:\/\/noticiasya.com\/2025\/12\/11\/time-persona-del-ano-arquitectos-ia-orix\/#respond"]}]},{"@type":"WebPage","@id":"https:\/\/noticiasya.com\/2025\/12\/11\/time-persona-del-ano-arquitectos-ia-orix\/","url":"https:\/\/noticiasya.com\/2025\/12\/11\/time-persona-del-ano-arquitectos-ia-orix\/","name":"La revista TIME nombra \"Persona del A\u00f1o\" a los \"arquitectos\" de la inteligencia artificial - Noticias","isPartOf":{"@id":"https:\/\/noticiasya.com\/#website"},"datePublished":"2025-12-11T16:03:47+00:00","breadcrumb":{"@id":"https:\/\/noticiasya.com\/2025\/12\/11\/time-persona-del-ano-arquitectos-ia-orix\/#breadcrumb"},"inLanguage":"es","potentialAction":[{"@type":"ReadAction","target":["https:\/\/noticiasya.com\/2025\/12\/11\/time-persona-del-ano-arquitectos-ia-orix\/"]}]},{"@type":"BreadcrumbList","@id":"https:\/\/noticiasya.com\/2025\/12\/11\/time-persona-del-ano-arquitectos-ia-orix\/#breadcrumb","itemListElement":[{"@type":"ListItem","position":1,"name":"Home","item":"https:\/\/noticiasya.com\/"},{"@type":"ListItem","position":2,"name":"La revista TIME nombra &#171;Persona del A\u00f1o&#187; a los &#171;arquitectos&#187; de la inteligencia artificial"}]},{"@type":"WebSite","@id":"https:\/\/noticiasya.com\/#website","url":"https:\/\/noticiasya.com\/","name":"Noticias","description":"Lo que importa","publisher":{"@id":"https:\/\/noticiasya.com\/#organization"},"potentialAction":[{"@type":"SearchAction","target":{"@type":"EntryPoint","urlTemplate":"https:\/\/noticiasya.com\/?s={search_term_string}"},"query-input":{"@type":"PropertyValueSpecification","valueRequired":true,"valueName":"search_term_string"}}],"inLanguage":"es"},{"@type":"Organization","@id":"https:\/\/noticiasya.com\/#organization","name":"Noticias","url":"https:\/\/noticiasya.com\/","logo":{"@type":"ImageObject","inLanguage":"es","@id":"https:\/\/noticiasya.com\/#\/schema\/logo\/image\/","url":"https:\/\/noticiasya.com\/wp-content\/uploads\/sites\/22\/2023\/12\/logo-nacional.png","contentUrl":"https:\/\/noticiasya.com\/wp-content\/uploads\/sites\/22\/2023\/12\/logo-nacional.png","width":1801,"height":691,"caption":"Noticias"},"image":{"@id":"https:\/\/noticiasya.com\/#\/schema\/logo\/image\/"}}]}},"parsely":{"version":"1.1.0","canonical_url":"https:\/\/noticiasya.com\/midland-odessa\/2025\/12\/11\/time-persona-del-ano-arquitectos-ia-orix\/","smart_links":{"inbound":0,"outbound":0},"traffic_boost_suggestions_count":0,"meta":{"@context":"https:\/\/schema.org","@type":"NewsArticle","headline":"La revista TIME nombra &#171;Persona del A\u00f1o&#187; a los &#171;arquitectos&#187; de la inteligencia artificial","url":"http:\/\/noticiasya.com\/midland-odessa\/2025\/12\/11\/time-persona-del-ano-arquitectos-ia-orix\/","mainEntityOfPage":{"@type":"WebPage","@id":"http:\/\/noticiasya.com\/midland-odessa\/2025\/12\/11\/time-persona-del-ano-arquitectos-ia-orix\/"},"thumbnailUrl":"","image":{"@type":"ImageObject","url":""},"articleSection":"Noticias Nacionales","author":[],"creator":[],"publisher":{"@type":"Organization","name":"Noticias","logo":""},"keywords":[],"dateCreated":"2025-12-11T16:03:47Z","datePublished":"2025-12-11T16:03:47Z","dateModified":"2025-12-11T16:03:47Z"},"rendered":"<script type=\"application\/ld+json\" class=\"wp-parsely-metadata\">{\"@context\":\"https:\\\/\\\/schema.org\",\"@type\":\"NewsArticle\",\"headline\":\"La revista TIME nombra &#171;Persona del A\\u00f1o&#187; a los &#171;arquitectos&#187; de la inteligencia artificial\",\"url\":\"http:\\\/\\\/noticiasya.com\\\/midland-odessa\\\/2025\\\/12\\\/11\\\/time-persona-del-ano-arquitectos-ia-orix\\\/\",\"mainEntityOfPage\":{\"@type\":\"WebPage\",\"@id\":\"http:\\\/\\\/noticiasya.com\\\/midland-odessa\\\/2025\\\/12\\\/11\\\/time-persona-del-ano-arquitectos-ia-orix\\\/\"},\"thumbnailUrl\":\"\",\"image\":{\"@type\":\"ImageObject\",\"url\":\"\"},\"articleSection\":\"Noticias Nacionales\",\"author\":[],\"creator\":[],\"publisher\":{\"@type\":\"Organization\",\"name\":\"Noticias\",\"logo\":\"\"},\"keywords\":[],\"dateCreated\":\"2025-12-11T16:03:47Z\",\"datePublished\":\"2025-12-11T16:03:47Z\",\"dateModified\":\"2025-12-11T16:03:47Z\"}<\/script>","tracker_url":"https:\/\/cdn.parsely.com\/keys\/noticiasya.com\/p.js"},"jetpack_featured_media_url":"","jetpack-related-posts":[{"id":1469179,"url":"https:\/\/noticiasya.com\/midland-odessa\/2025\/12\/11\/portada-time-ia-mercado-caida-trax\/","url_meta":{"origin":1469177,"position":0},"title":"Por qu\u00e9 la portada de TIME con los l\u00edderes de la IA llega en un muy mal d\u00eda para ese sector","author":"","date":"diciembre 11, 2025","format":false,"excerpt":"Time anunci\u00f3 que los \u201carquitectos de la IA\u201d son su Persona del A\u00f1o. Sin duda, la inteligencia artificial cierra un a\u00f1o extraordinario y muchos ejecutivos del sector se han convertido en nombres reconocidos.Pero el gran anuncio anual de Time lleg\u00f3 en un d\u00eda p\u00e9simo para la industria.Las acciones de Oracle\u2026","rel":"","context":"In &quot;Noticias Nacionales&quot;","block_context":{"text":"Noticias Nacionales","link":"https:\/\/noticiasya.com\/midland-odessa\/categoria\/noticias-nacionales"},"img":{"alt_text":"","src":"","width":0,"height":0},"classes":[]},{"id":1457353,"url":"https:\/\/noticiasya.com\/midland-odessa\/2025\/01\/08\/empleos-2030-inteligencia-artificial-trax\/","url_meta":{"origin":1469177,"position":1},"title":"El 41% de las empresas de todo el mundo planea reducir su fuerza laboral para 2030 debido a la IA","author":"","date":"enero 8, 2025","format":false,"excerpt":"La inteligencia artificial viene por tu trabajo: el 41% de los empleadores tienen la intenci\u00f3n de reducir su fuerza laboral a medida que la IA automatiza ciertas tareas, seg\u00fan mostr\u00f3 el mi\u00e9rcoles una encuesta del Foro Econ\u00f3mico Mundial (WEF, por sus iniciales en ingl\u00e9s).De los cientos de grandes empresas encuestadas\u2026","rel":"","context":"In &quot;Noticias Nacionales&quot;","block_context":{"text":"Noticias Nacionales","link":"https:\/\/noticiasya.com\/midland-odessa\/categoria\/noticias-nacionales"},"img":{"alt_text":"","src":"","width":0,"height":0},"classes":[]},{"id":1469677,"url":"https:\/\/noticiasya.com\/midland-odessa\/2025\/12\/30\/inteligencia-artificial-sacudio-mundo-que-viene-trax\/","url_meta":{"origin":1469177,"position":2},"title":"C\u00f3mo la IA sacudi\u00f3 el mundo en 2025 y qu\u00e9 viene despu\u00e9s","author":"","date":"diciembre 30, 2025","format":false,"excerpt":"Cientos de miles de millones de d\u00f3lares gastados, un aumento en las preocupaciones de salud mental y miles de empleos perdidos.\u00bfEl v\u00ednculo entre todo esto? La inteligencia artificial, la tecnolog\u00eda de moda pero controvertida que se presenta como el futuro o la pr\u00f3xima burbuja del mercado de valores, dependiendo a\u2026","rel":"","context":"In &quot;Noticias Nacionales&quot;","block_context":{"text":"Noticias Nacionales","link":"https:\/\/noticiasya.com\/midland-odessa\/categoria\/noticias-nacionales"},"img":{"alt_text":"","src":"","width":0,"height":0},"classes":[]},{"id":1465696,"url":"https:\/\/noticiasya.com\/midland-odessa\/2025\/08\/20\/hijo-usara-inteligencia-artificial-ahora-que-trax\/","url_meta":{"origin":1469177,"position":3},"title":"Tu hijo usar\u00e1 inteligencia artificial para hacer las tareas este a\u00f1o. \u00bfY ahora qu\u00e9?","author":"","date":"agosto 20, 2025","format":false,"excerpt":"Cuando los ni\u00f1os regresen a clases, hay una alta probabilidad de que planeen usar la inteligencia artificial para hacer sus trabajos escolares.El 26 % de los adolescentes de entre 13 y 17 a\u00f1os dijeron haber usado ChatGPT para sus tareas escolares en una encuesta del Centro de Investigaciones Pew en\u2026","rel":"","context":"In &quot;Noticias Nacionales&quot;","block_context":{"text":"Noticias Nacionales","link":"https:\/\/noticiasya.com\/midland-odessa\/categoria\/noticias-nacionales"},"img":{"alt_text":"","src":"","width":0,"height":0},"classes":[]},{"id":1457917,"url":"https:\/\/noticiasya.com\/midland-odessa\/2025\/01\/27\/china-inteligencia-artificial-deepseek-acciones-trax\/","url_meta":{"origin":1469177,"position":4},"title":"Los avances de una inteligencia artificial china hace caer las acciones estadounidenses","author":"","date":"enero 27, 2025","format":false,"excerpt":"Las acciones estadounidenses se encaminaban a una fuerte liquidaci\u00f3n este lunes por la ma\u00f1ana despu\u00e9s de que un avance sorpresivo de una empresa china de inteligencia artificial, DeepSeek, amenazara el aura de invencibilidad que rodea a la industria tecnol\u00f3gica de Estados Unidos.DeepSeek, una startup que existe hace un a\u00f1o, revel\u00f3\u2026","rel":"","context":"In &quot;Noticias Nacionales&quot;","block_context":{"text":"Noticias Nacionales","link":"https:\/\/noticiasya.com\/midland-odessa\/categoria\/noticias-nacionales"},"img":{"alt_text":"","src":"","width":0,"height":0},"classes":[]},{"id":1462796,"url":"https:\/\/noticiasya.com\/midland-odessa\/2025\/05\/26\/primera-dama-ia-futuro-editorial-trax\/","url_meta":{"origin":1469177,"position":5},"title":"La primera dama afirma que la IA es el futuro del sector editorial. Ya est\u00e1 sucediendo","author":"","date":"mayo 26, 2025","format":false,"excerpt":"La primera dama Melania Trump lanz\u00f3 el jueves una versi\u00f3n en audiolibro de sus memorias en su propia voz, pero no ser\u00e1 ella quien las narre.\u201cEs un honor para m\u00ed presentarles Melania, el audiolibro con IA, narrado \u00edntegramente con inteligencia artificial y con mi propia voz\u201d, escribi\u00f3 en una publicaci\u00f3n\u2026","rel":"","context":"In &quot;Noticias Nacionales&quot;","block_context":{"text":"Noticias Nacionales","link":"https:\/\/noticiasya.com\/midland-odessa\/categoria\/noticias-nacionales"},"img":{"alt_text":"","src":"","width":0,"height":0},"classes":[]}],"jetpack_sharing_enabled":true,"_links":{"self":[{"href":"https:\/\/noticiasya.com\/midland-odessa\/wp-json\/wp\/v2\/posts\/1469177","targetHints":{"allow":["GET"]}}],"collection":[{"href":"https:\/\/noticiasya.com\/midland-odessa\/wp-json\/wp\/v2\/posts"}],"about":[{"href":"https:\/\/noticiasya.com\/midland-odessa\/wp-json\/wp\/v2\/types\/post"}],"replies":[{"embeddable":true,"href":"https:\/\/noticiasya.com\/midland-odessa\/wp-json\/wp\/v2\/comments?post=1469177"}],"version-history":[{"count":0,"href":"https:\/\/noticiasya.com\/midland-odessa\/wp-json\/wp\/v2\/posts\/1469177\/revisions"}],"wp:attachment":[{"href":"https:\/\/noticiasya.com\/midland-odessa\/wp-json\/wp\/v2\/media?parent=1469177"}],"wp:term":[{"taxonomy":"category","embeddable":true,"href":"https:\/\/noticiasya.com\/midland-odessa\/wp-json\/wp\/v2\/categories?post=1469177"},{"taxonomy":"post_tag","embeddable":true,"href":"https:\/\/noticiasya.com\/midland-odessa\/wp-json\/wp\/v2\/tags?post=1469177"}],"curies":[{"name":"wp","href":"https:\/\/api.w.org\/{rel}","templated":true}]}}