{"id":1469180,"date":"2025-12-11T09:03:51","date_gmt":"2025-12-11T17:03:51","guid":{"rendered":"https:\/\/noticiasya.com\/2025\/12\/11\/alemania-franja-de-la-muerte-cinturon-verde-trax\/"},"modified":"2025-12-11T09:03:51","modified_gmt":"2025-12-11T17:03:51","slug":"alemania-franja-de-la-muerte-cinturon-verde-trax","status":"publish","type":"post","link":"https:\/\/noticiasya.com\/midland-odessa\/2025\/12\/11\/alemania-franja-de-la-muerte-cinturon-verde-trax\/","title":{"rendered":"Un d\u00eda en la Franja de la Muerte: el s\u00edmbolo de la paranoia comunista que se convirti\u00f3 en un para\u00edso salvaje"},"content":{"rendered":"<p>El paisaje m\u00e1s apacible de Alemania debe su existencia a una de sus paranoias m\u00e1s ac\u00e9rrimas.<\/p>\n<p>La Franja Verde \u2014el Cintur\u00f3n Verde que recorre 1.380 kil\u00f3metros a lo largo de la antigua frontera entre Alemania Occidental y la Alemania Oriental comunista\u2014 es ahora una extensi\u00f3n de orqu\u00eddeas, humedales y p\u00e1ramos ricos en aves.<\/p>\n<p>Comenz\u00f3 como una tierra de nadie fortificada, alambrada con minas y patrullada d\u00eda y noche para evitar que los ciudadanos del Este escaparan.<\/p>\n<p>A quien camine por ella hoy, la Guerra Fr\u00eda le parecer\u00e1 imposiblemente lejana. Se oye el canto de los p\u00e1jaros, de las ranas, y hay una pasarela de madera que atraviesa el pantano de Cheiner Torfmoor, donde crecen orqu\u00eddeas.<\/p>\n<p>Pero la tranquilidad solo es posible porque en el pasado la gente ten\u00eda prohibido estar all\u00ed.<\/p>\n<p>Hoy en d\u00eda, en las regiones septentrionales de Baja Sajonia y Sajonia-Anhalt, aproximadamente entre Hamburgo y Berl\u00edn, el <em>Cheiner Torfmoor<\/em>, o la ci\u00e9naga Chein, es uno de los humedales m\u00e1s famosos del pa\u00eds.<\/p>\n<p>En primavera y verano, se convierte en un mosaico de p\u00e1ramos, humedales y bosques pantanosos, repleto de aves y ranas que croan. En marzo y abril, el p\u00e1ramo resplandece de color con la floraci\u00f3n de unas 6.000 orqu\u00eddeas, incluida la rara orqu\u00eddea de pantano de color violeta. Una pasarela permite a los visitantes sumergirse en el lugar sin da\u00f1ar las flores ni la rica tierra que se encuentra debajo.<\/p>\n<p>Los or\u00edgenes de esta biosfera virgen se remontan a la Guerra Fr\u00eda. Entre 1949 y 1989, form\u00f3 parte de la llamada <em>Innerdeutsche Grenze<\/em>, o frontera interior alemana, la frontera que separaba Alemania Occidental de la Rep\u00fablica Democr\u00e1tica Alemana comunista en el este.<\/p>\n<p>Del lado de la Rep\u00fablica Democr\u00e1tica Alemana (RDA), era un lugar de alambres de p\u00faas, campos minados, torres de vigilancia y dispositivos de disparo autom\u00e1tico, no para repeler a los invasores, sino para impedir la huida de los ciudadanos. Con unos cinco kil\u00f3metros de ancho, la zona de restricci\u00f3n militarizada de la RDA, la llamada <em>Sperrzone<\/em>, se extend\u00eda a lo largo de la <em>Innerdeutsche Grenze<\/em> y estaba patrullada las 24 horas.<\/p>\n<p>El r\u00e9gimen la llamaba <em>Antifaschistischer Schutzwall <\/em>(la Barrera de Protecci\u00f3n Antifascista), pero su prop\u00f3sito era inequ\u00edvoco: mantener a los ciudadanos de la RDA dentro.<\/p>\n<p>M\u00e1s all\u00e1 de la franja central, los accesos exteriores de la <em>Sperrzone<\/em> estaban despejados de asentamientos y de actividad civil, lo que creaba una tierra de nadie y, sin quererlo, una reserva natural.<\/p>\n<p>Acercarse a la frontera con prism\u00e1ticos estaba prohibido. Sin embargo, a pesar de los riesgos, la zona pronto atrajo la atenci\u00f3n de los observadores de aves de ambos lados de la frontera.<\/p>\n<p>\u201cDescubrimos que m\u00e1s del 90 % de las especies de aves raras o en grave peligro de extinci\u00f3n en Baviera, como la tarabilla norte\u00f1a, el escribano triguero y el chotacabras europeo, se encontraban en el Cintur\u00f3n Verde\u201d, afirma Kai Frobel, nacido en Hassenberg, a unos 320 kil\u00f3metros al sur de<em> Cheiner Torfmoor<\/em>, en 1959. \u201cSe convirti\u00f3 en el refugio definitivo para muchas especies, y lo sigue siendo hoy en d\u00eda\u201d.<\/p>\n<p>Frobel es profesor de Ecolog\u00eda Ambiental en la actualidad, pero al crecer a la sombra de la frontera, era un \u00e1vido observador de aves durante la vigencia de la <em>Sperrzone.<\/em><\/p>\n<p>Desde el punto de vista de la conservaci\u00f3n de la naturaleza, la Cortina de Acero fue una bendici\u00f3n: un santuario de vida silvestre accidental durante 40 a\u00f1os. Por lo tanto, no fue sorprendente que en diciembre de 1989, un mes despu\u00e9s de la ca\u00edda del Muro de Berl\u00edn, Frobel iniciara una reuni\u00f3n en Hof, otra ciudad fronteriza al sur de <em>Cheiner Torfmoor<\/em>, para debatir el futuro de la reserva natural accidental.<\/p>\n<p>Cuatrocientos conservacionistas de ambos lados de la frontera se dieron cita. De ah\u00ed surgi\u00f3 el nombre y el concepto de Cintur\u00f3n Verde. Los participantes aprobaron por unanimidad una resoluci\u00f3n para protegerla bajo el amparo de la Federaci\u00f3n Alemana para el Medio Ambiente y la Conservaci\u00f3n de la Naturaleza, tambi\u00e9n conocida como BUND. (Posteriormente, Frobel se convertir\u00eda en portavoz del proyecto del Cintur\u00f3n Verde de su filial b\u00e1vara).<\/p>\n<p>El primer paso hacia la preservaci\u00f3n fue determinar qu\u00e9 hab\u00eda que preservar. Se inici\u00f3 r\u00e1pidamente un estudio formal de los ecosistemas y las especies a lo largo del Cintur\u00f3n Verde, realizado por ornit\u00f3logos, bot\u00e1nicos y entom\u00f3logos en nombre de la BUND. En 2001, la Agencia Federal Alemana para la Conservaci\u00f3n de la Naturaleza solicit\u00f3 la creaci\u00f3n de reservas naturales formales en tantas \u00e1reas como fuera posible. La intenci\u00f3n era un sistema de v\u00ednculos ecol\u00f3gicos a nivel nacional, pero el Gobierno reci\u00e9n reunificado prefiri\u00f3 devolver las tierras a sus antiguos propietarios.<\/p>\n<p>El rechazo termin\u00f3 en 2002, cuando nada menos que Mija\u00edl Gorbachov, el \u00faltimo presidente de la URSS, respald\u00f3 la iniciativa al convertirse en la primera persona en comprar una \u201cacci\u00f3n del Cintur\u00f3n Verde\u201d, una herramienta de promoci\u00f3n creada por la BUND. Su apoyo gener\u00f3 un mayor respaldo p\u00fablico.<\/p>\n<p>En 2005, la canciller alemana, Angela Merkel, design\u00f3 el Cintur\u00f3n Verde como parte del Patrimonio Natural Nacional de Alemania. Esto garantiz\u00f3 que las tierras que a\u00fan pertenec\u00edan al Gobierno alem\u00e1n a lo largo del Cintur\u00f3n Verde se transfirieran gratuitamente a los distintos estados regionales como reservas naturales, allanando el camino para lo que Frobel y sus colegas hab\u00edan votado 16 a\u00f1os antes. En 2017, Frobel y el entonces presidente de la Uni\u00f3n para la Conservaci\u00f3n de la Naturaleza, Hubert Weiger, recibieron el Premio Alem\u00e1n de Medio Ambiente, el galard\u00f3n ambiental m\u00e1s prestigioso de Europa, en reconocimiento por su activismo.<\/p>\n<p>Hoy en d\u00eda, el Cintur\u00f3n Verde abarca toda la antigua zona fronteriza y atraviesa seis estados alemanes. Conecta humedales, bosques, pastizales y praderas fluviales y alberga m\u00e1s de 1.200 especies raras y en peligro de extinci\u00f3n de insectos y animales: la red de biotopos m\u00e1s extensa de Alemania. En 2024, se present\u00f3 para su inclusi\u00f3n en la lista del Patrimonio Mundial de la Unesco.<\/p>\n<p>\u201cDebemos explicar por qu\u00e9 ya no existe una frontera all\u00ed\u201d, afirma Olaf Zimmermann, director gerente del Consejo Cultural Alem\u00e1n, quien contribuy\u00f3 decisivamente a su inclusi\u00f3n en la lista alemana de sitios propuestos para la Unesco. Que los ciudadanos de la RDA lograron derribar esta frontera con una revoluci\u00f3n pac\u00edfica, sin disparar un solo tiro.<\/p>\n<p>Lamentablemente, esta fascinante historia no significa que el Cintur\u00f3n Verde est\u00e9 a salvo para siempre. Aunque gran parte del territorio est\u00e1 protegido, los pol\u00edticos tambi\u00e9n pueden redefinir su uso, como ocurri\u00f3 en el estado de Hesse, en 2024, cuando el Gobierno local redujo el terreno designado a su reserva natural tras las protestas de las comunidades locales y las asociaciones de caza y agricultura.<\/p>\n<p>Durante m\u00e1s de una d\u00e9cada, la BUND ha trabajado con ambientalistas y grupos de voluntarios de toda Europa para extender el Cintur\u00f3n Verde m\u00e1s all\u00e1 de Alemania, creando as\u00ed un Cintur\u00f3n Verde Europeo: una serie de biosferas que se extienden casi 12.800 kil\u00f3metros desde el mar de Barents hasta el Adri\u00e1tico y el mar Negro, siguiendo las antiguas fronteras de 24 Estados durante la Guerra Fr\u00eda.<\/p>\n<p>Otras antiguas fronteras demuestran la importancia de esta idea. M\u00e1s de 100 especies raras, incluyendo el ciervo almizclero siberiano y el oso negro asi\u00e1tico, han encontrado refugio en la zona desmilitarizada entre Corea del Norte y Corea del Sur. El raro mufl\u00f3n chipriota y el alcarav\u00e1n euroasi\u00e1tico prosperan en la zona de amortiguaci\u00f3n de la ONU de 180 kil\u00f3metros que divide la isla de Chipre.<\/p>\n<p>Existe otra raz\u00f3n cada vez m\u00e1s convincente para convertir las zonas fronterizas en reservas naturales: la defensa.<\/p>\n<p>En respuesta a la invasi\u00f3n rusa de Ucrania, los pa\u00edses de la Uni\u00f3n Europea fronterizos con Rusia y Belar\u00fas han erigido vallas y fortificaciones fronterizas, mientras que los pa\u00edses b\u00e1lticos han comenzado a planificar una \u201cL\u00ednea de Defensa del B\u00e1ltico\u201d, con b\u00fankeres y zanjas antitanque, y utilizando defensas naturales como turberas y r\u00edos. Muchos expertos b\u00e1lticos tambi\u00e9n piden que se a\u00f1ada la restauraci\u00f3n de turberas.<\/p>\n<p>La renaturalizaci\u00f3n no solo ofrece una ventaja defensiva; los humedales restaurados pueden revitalizar la biodiversidad, proporcionar un hogar a animales en peligro de extinci\u00f3n, absorber las aguas de las inundaciones y capturar CO2. Las turberas drenadas, por otro lado, liberan carbono, lo que contribuye al calentamiento global.<\/p>\n<p>\u201cLa biodiversidad permite que la naturaleza \u2018produzca\u2019 m\u00e1s adaptaciones a las condiciones cambiantes\u201d, afirma Katrin Evers, directora del Proyecto de Biodiversidad de BUND. \u201cLos bosques o p\u00e1ramos intactos retienen el agua en la zona y, por lo tanto, pueden proteger contra inundaciones, por un lado, y sequ\u00edas, por otro. Tambi\u00e9n filtran el agua y proporcionan sombra; en otras palabras, garantizan cierto grado de resiliencia clim\u00e1tica\u201d.<\/p>\n<p>De vuelta en <em>Cheiner Torfmoor<\/em>, una torre de vigilancia de la RDA tapiada y cubierta de grafitis a\u00fan se alza entre las orqu\u00eddeas, un recordatorio de que el Cintur\u00f3n Verde sigue siendo un monumento vivo a la dolorosa divisi\u00f3n y posterior reunificaci\u00f3n pac\u00edfica de Alemania. El Cintur\u00f3n Verde es un paisaje de memoria, as\u00ed como una extraordinaria red de ecosistemas. Es un entorno que conecta directamente la naturaleza con la historia y donde una frontera construida por el miedo a\u00fan puede ofrecer un modelo de resiliencia.<\/p>\n<p>The-CNN-Wire<br \/>&trade; &amp; &copy; 2025 Cable News Network, Inc., a Warner Bros. Discovery Company. All rights reserved.<\/p>\n","protected":false},"excerpt":{"rendered":"<p>El paisaje m\u00e1s apacible de Alemania debe su existencia a una de sus paranoias m\u00e1s ac\u00e9rrimas. La Franja Verde \u2014el Cintur\u00f3n Verde que recorre 1.380 kil\u00f3metros a lo largo de la antigua frontera entre Alemania Occidental y la Alemania Oriental comunista\u2014 es ahora una extensi\u00f3n de orqu\u00eddeas, humedales y p\u00e1ramos ricos en aves. Comenz\u00f3 como [&hellip;]<\/p>\n","protected":false},"author":0,"featured_media":0,"comment_status":"open","ping_status":"open","sticky":false,"template":"","format":"standard","meta":{"_jetpack_memberships_contains_paid_content":false,"footnotes":""},"categories":[10],"tags":[],"class_list":["post-1469180","post","type-post","status-publish","format-standard","hentry","category-noticias-nacionales","market-global"],"yoast_head":"<!-- This site is optimized with the Yoast SEO plugin v24.4 - https:\/\/yoast.com\/wordpress\/plugins\/seo\/ -->\n<title>Un d\u00eda en la Franja de la Muerte: el s\u00edmbolo de la paranoia comunista que se convirti\u00f3 en un para\u00edso salvaje - Noticias<\/title>\n<meta name=\"robots\" content=\"index, follow, max-snippet:-1, max-image-preview:large, max-video-preview:-1\" \/>\n<link rel=\"canonical\" href=\"https:\/\/noticiasya.com\/2025\/12\/11\/alemania-franja-de-la-muerte-cinturon-verde-trax\/\" \/>\n<meta property=\"og:locale\" content=\"es_ES\" \/>\n<meta property=\"og:type\" content=\"article\" \/>\n<meta property=\"og:title\" content=\"Un d\u00eda en la Franja de la Muerte: el s\u00edmbolo de la paranoia comunista que se convirti\u00f3 en un para\u00edso salvaje - Noticias\" \/>\n<meta property=\"og:description\" content=\"El paisaje m\u00e1s apacible de Alemania debe su existencia a una de sus paranoias m\u00e1s ac\u00e9rrimas. La Franja Verde \u2014el Cintur\u00f3n Verde que recorre 1.380 kil\u00f3metros a lo largo de la antigua frontera entre Alemania Occidental y la Alemania Oriental comunista\u2014 es ahora una extensi\u00f3n de orqu\u00eddeas, humedales y p\u00e1ramos ricos en aves. Comenz\u00f3 como [&hellip;]\" \/>\n<meta property=\"og:url\" content=\"https:\/\/noticiasya.com\/2025\/12\/11\/alemania-franja-de-la-muerte-cinturon-verde-trax\/\" \/>\n<meta property=\"og:site_name\" content=\"Noticias\" \/>\n<meta property=\"article:published_time\" content=\"2025-12-11T17:03:51+00:00\" \/>\n<meta name=\"twitter:card\" content=\"summary_large_image\" \/>\n<meta name=\"twitter:label1\" content=\"Est. reading time\" \/>\n\t<meta name=\"twitter:data1\" content=\"8 minutos\" \/>\n<script type=\"application\/ld+json\" class=\"yoast-schema-graph\">{\"@context\":\"https:\/\/schema.org\",\"@graph\":[{\"@type\":\"Article\",\"@id\":\"https:\/\/noticiasya.com\/2025\/12\/11\/alemania-franja-de-la-muerte-cinturon-verde-trax\/#article\",\"isPartOf\":{\"@id\":\"https:\/\/noticiasya.com\/2025\/12\/11\/alemania-franja-de-la-muerte-cinturon-verde-trax\/\"},\"author\":{\"name\":\"\",\"@id\":\"\"},\"headline\":\"Un d\u00eda en la Franja de la Muerte: el s\u00edmbolo de la paranoia comunista que se convirti\u00f3 en un para\u00edso salvaje\",\"datePublished\":\"2025-12-11T17:03:51+00:00\",\"mainEntityOfPage\":{\"@id\":\"https:\/\/noticiasya.com\/2025\/12\/11\/alemania-franja-de-la-muerte-cinturon-verde-trax\/\"},\"wordCount\":1673,\"commentCount\":0,\"publisher\":{\"@id\":\"https:\/\/noticiasya.com\/#organization\"},\"articleSection\":[\"Noticias Nacionales\"],\"inLanguage\":\"es\",\"potentialAction\":[{\"@type\":\"CommentAction\",\"name\":\"Comment\",\"target\":[\"https:\/\/noticiasya.com\/2025\/12\/11\/alemania-franja-de-la-muerte-cinturon-verde-trax\/#respond\"]}]},{\"@type\":\"WebPage\",\"@id\":\"https:\/\/noticiasya.com\/2025\/12\/11\/alemania-franja-de-la-muerte-cinturon-verde-trax\/\",\"url\":\"https:\/\/noticiasya.com\/2025\/12\/11\/alemania-franja-de-la-muerte-cinturon-verde-trax\/\",\"name\":\"Un d\u00eda en la Franja de la Muerte: el s\u00edmbolo de la paranoia comunista que se convirti\u00f3 en un para\u00edso salvaje - Noticias\",\"isPartOf\":{\"@id\":\"https:\/\/noticiasya.com\/#website\"},\"datePublished\":\"2025-12-11T17:03:51+00:00\",\"breadcrumb\":{\"@id\":\"https:\/\/noticiasya.com\/2025\/12\/11\/alemania-franja-de-la-muerte-cinturon-verde-trax\/#breadcrumb\"},\"inLanguage\":\"es\",\"potentialAction\":[{\"@type\":\"ReadAction\",\"target\":[\"https:\/\/noticiasya.com\/2025\/12\/11\/alemania-franja-de-la-muerte-cinturon-verde-trax\/\"]}]},{\"@type\":\"BreadcrumbList\",\"@id\":\"https:\/\/noticiasya.com\/2025\/12\/11\/alemania-franja-de-la-muerte-cinturon-verde-trax\/#breadcrumb\",\"itemListElement\":[{\"@type\":\"ListItem\",\"position\":1,\"name\":\"Home\",\"item\":\"https:\/\/noticiasya.com\/\"},{\"@type\":\"ListItem\",\"position\":2,\"name\":\"Un d\u00eda en la Franja de la Muerte: el s\u00edmbolo de la paranoia comunista que se convirti\u00f3 en un para\u00edso salvaje\"}]},{\"@type\":\"WebSite\",\"@id\":\"https:\/\/noticiasya.com\/#website\",\"url\":\"https:\/\/noticiasya.com\/\",\"name\":\"Noticias\",\"description\":\"Lo que importa\",\"publisher\":{\"@id\":\"https:\/\/noticiasya.com\/#organization\"},\"potentialAction\":[{\"@type\":\"SearchAction\",\"target\":{\"@type\":\"EntryPoint\",\"urlTemplate\":\"https:\/\/noticiasya.com\/?s={search_term_string}\"},\"query-input\":{\"@type\":\"PropertyValueSpecification\",\"valueRequired\":true,\"valueName\":\"search_term_string\"}}],\"inLanguage\":\"es\"},{\"@type\":\"Organization\",\"@id\":\"https:\/\/noticiasya.com\/#organization\",\"name\":\"Noticias\",\"url\":\"https:\/\/noticiasya.com\/\",\"logo\":{\"@type\":\"ImageObject\",\"inLanguage\":\"es\",\"@id\":\"https:\/\/noticiasya.com\/#\/schema\/logo\/image\/\",\"url\":\"https:\/\/noticiasya.com\/wp-content\/uploads\/sites\/22\/2023\/12\/logo-nacional.png\",\"contentUrl\":\"https:\/\/noticiasya.com\/wp-content\/uploads\/sites\/22\/2023\/12\/logo-nacional.png\",\"width\":1801,\"height\":691,\"caption\":\"Noticias\"},\"image\":{\"@id\":\"https:\/\/noticiasya.com\/#\/schema\/logo\/image\/\"}}]}<\/script>\n<!-- \/ Yoast SEO plugin. -->","yoast_head_json":{"title":"Un d\u00eda en la Franja de la Muerte: el s\u00edmbolo de la paranoia comunista que se convirti\u00f3 en un para\u00edso salvaje - Noticias","robots":{"index":"index","follow":"follow","max-snippet":"max-snippet:-1","max-image-preview":"max-image-preview:large","max-video-preview":"max-video-preview:-1"},"canonical":"https:\/\/noticiasya.com\/2025\/12\/11\/alemania-franja-de-la-muerte-cinturon-verde-trax\/","og_locale":"es_ES","og_type":"article","og_title":"Un d\u00eda en la Franja de la Muerte: el s\u00edmbolo de la paranoia comunista que se convirti\u00f3 en un para\u00edso salvaje - Noticias","og_description":"El paisaje m\u00e1s apacible de Alemania debe su existencia a una de sus paranoias m\u00e1s ac\u00e9rrimas. La Franja Verde \u2014el Cintur\u00f3n Verde que recorre 1.380 kil\u00f3metros a lo largo de la antigua frontera entre Alemania Occidental y la Alemania Oriental comunista\u2014 es ahora una extensi\u00f3n de orqu\u00eddeas, humedales y p\u00e1ramos ricos en aves. Comenz\u00f3 como [&hellip;]","og_url":"https:\/\/noticiasya.com\/2025\/12\/11\/alemania-franja-de-la-muerte-cinturon-verde-trax\/","og_site_name":"Noticias","article_published_time":"2025-12-11T17:03:51+00:00","twitter_card":"summary_large_image","twitter_misc":{"Est. reading time":"8 minutos"},"schema":{"@context":"https:\/\/schema.org","@graph":[{"@type":"Article","@id":"https:\/\/noticiasya.com\/2025\/12\/11\/alemania-franja-de-la-muerte-cinturon-verde-trax\/#article","isPartOf":{"@id":"https:\/\/noticiasya.com\/2025\/12\/11\/alemania-franja-de-la-muerte-cinturon-verde-trax\/"},"author":{"name":"","@id":""},"headline":"Un d\u00eda en la Franja de la Muerte: el s\u00edmbolo de la paranoia comunista que se convirti\u00f3 en un para\u00edso salvaje","datePublished":"2025-12-11T17:03:51+00:00","mainEntityOfPage":{"@id":"https:\/\/noticiasya.com\/2025\/12\/11\/alemania-franja-de-la-muerte-cinturon-verde-trax\/"},"wordCount":1673,"commentCount":0,"publisher":{"@id":"https:\/\/noticiasya.com\/#organization"},"articleSection":["Noticias Nacionales"],"inLanguage":"es","potentialAction":[{"@type":"CommentAction","name":"Comment","target":["https:\/\/noticiasya.com\/2025\/12\/11\/alemania-franja-de-la-muerte-cinturon-verde-trax\/#respond"]}]},{"@type":"WebPage","@id":"https:\/\/noticiasya.com\/2025\/12\/11\/alemania-franja-de-la-muerte-cinturon-verde-trax\/","url":"https:\/\/noticiasya.com\/2025\/12\/11\/alemania-franja-de-la-muerte-cinturon-verde-trax\/","name":"Un d\u00eda en la Franja de la Muerte: el s\u00edmbolo de la paranoia comunista que se convirti\u00f3 en un para\u00edso salvaje - Noticias","isPartOf":{"@id":"https:\/\/noticiasya.com\/#website"},"datePublished":"2025-12-11T17:03:51+00:00","breadcrumb":{"@id":"https:\/\/noticiasya.com\/2025\/12\/11\/alemania-franja-de-la-muerte-cinturon-verde-trax\/#breadcrumb"},"inLanguage":"es","potentialAction":[{"@type":"ReadAction","target":["https:\/\/noticiasya.com\/2025\/12\/11\/alemania-franja-de-la-muerte-cinturon-verde-trax\/"]}]},{"@type":"BreadcrumbList","@id":"https:\/\/noticiasya.com\/2025\/12\/11\/alemania-franja-de-la-muerte-cinturon-verde-trax\/#breadcrumb","itemListElement":[{"@type":"ListItem","position":1,"name":"Home","item":"https:\/\/noticiasya.com\/"},{"@type":"ListItem","position":2,"name":"Un d\u00eda en la Franja de la Muerte: el s\u00edmbolo de la paranoia comunista que se convirti\u00f3 en un para\u00edso salvaje"}]},{"@type":"WebSite","@id":"https:\/\/noticiasya.com\/#website","url":"https:\/\/noticiasya.com\/","name":"Noticias","description":"Lo que importa","publisher":{"@id":"https:\/\/noticiasya.com\/#organization"},"potentialAction":[{"@type":"SearchAction","target":{"@type":"EntryPoint","urlTemplate":"https:\/\/noticiasya.com\/?s={search_term_string}"},"query-input":{"@type":"PropertyValueSpecification","valueRequired":true,"valueName":"search_term_string"}}],"inLanguage":"es"},{"@type":"Organization","@id":"https:\/\/noticiasya.com\/#organization","name":"Noticias","url":"https:\/\/noticiasya.com\/","logo":{"@type":"ImageObject","inLanguage":"es","@id":"https:\/\/noticiasya.com\/#\/schema\/logo\/image\/","url":"https:\/\/noticiasya.com\/wp-content\/uploads\/sites\/22\/2023\/12\/logo-nacional.png","contentUrl":"https:\/\/noticiasya.com\/wp-content\/uploads\/sites\/22\/2023\/12\/logo-nacional.png","width":1801,"height":691,"caption":"Noticias"},"image":{"@id":"https:\/\/noticiasya.com\/#\/schema\/logo\/image\/"}}]}},"parsely":{"version":"1.1.0","canonical_url":"https:\/\/noticiasya.com\/midland-odessa\/2025\/12\/11\/alemania-franja-de-la-muerte-cinturon-verde-trax\/","smart_links":{"inbound":0,"outbound":0},"traffic_boost_suggestions_count":0,"meta":{"@context":"https:\/\/schema.org","@type":"NewsArticle","headline":"Un d\u00eda en la Franja de la Muerte: el s\u00edmbolo de la paranoia comunista que se convirti\u00f3 en un para\u00edso salvaje","url":"http:\/\/noticiasya.com\/midland-odessa\/2025\/12\/11\/alemania-franja-de-la-muerte-cinturon-verde-trax\/","mainEntityOfPage":{"@type":"WebPage","@id":"http:\/\/noticiasya.com\/midland-odessa\/2025\/12\/11\/alemania-franja-de-la-muerte-cinturon-verde-trax\/"},"thumbnailUrl":"","image":{"@type":"ImageObject","url":""},"articleSection":"Noticias Nacionales","author":[],"creator":[],"publisher":{"@type":"Organization","name":"Noticias","logo":""},"keywords":[],"dateCreated":"2025-12-11T17:03:51Z","datePublished":"2025-12-11T17:03:51Z","dateModified":"2025-12-11T17:03:51Z"},"rendered":"<script type=\"application\/ld+json\" class=\"wp-parsely-metadata\">{\"@context\":\"https:\\\/\\\/schema.org\",\"@type\":\"NewsArticle\",\"headline\":\"Un d\\u00eda en la Franja de la Muerte: el s\\u00edmbolo de la paranoia comunista que se convirti\\u00f3 en un para\\u00edso salvaje\",\"url\":\"http:\\\/\\\/noticiasya.com\\\/midland-odessa\\\/2025\\\/12\\\/11\\\/alemania-franja-de-la-muerte-cinturon-verde-trax\\\/\",\"mainEntityOfPage\":{\"@type\":\"WebPage\",\"@id\":\"http:\\\/\\\/noticiasya.com\\\/midland-odessa\\\/2025\\\/12\\\/11\\\/alemania-franja-de-la-muerte-cinturon-verde-trax\\\/\"},\"thumbnailUrl\":\"\",\"image\":{\"@type\":\"ImageObject\",\"url\":\"\"},\"articleSection\":\"Noticias Nacionales\",\"author\":[],\"creator\":[],\"publisher\":{\"@type\":\"Organization\",\"name\":\"Noticias\",\"logo\":\"\"},\"keywords\":[],\"dateCreated\":\"2025-12-11T17:03:51Z\",\"datePublished\":\"2025-12-11T17:03:51Z\",\"dateModified\":\"2025-12-11T17:03:51Z\"}<\/script>","tracker_url":"https:\/\/cdn.parsely.com\/keys\/noticiasya.com\/p.js"},"jetpack_featured_media_url":"","jetpack-related-posts":[{"id":1455539,"url":"https:\/\/noticiasya.com\/midland-odessa\/2024\/11\/03\/ikea-pagara-us-6-5-millones-prisioneros-alemania-del-este-obligados-fabricar-muebles-trax\/","url_meta":{"origin":1469180,"position":0},"title":"IKEA pagar\u00e1 US$ 6.5 millones a los prisioneros de Alemania del Este obligados a fabricar sus muebles en una medida hist\u00f3rica","author":"","date":"noviembre 3, 2024","format":false,"excerpt":"(CNN) -- El gigante del mobiliario IKEA accedi\u00f3 a pagar US$ 6.5 millones (6 millones de euros) a un fondo gubernamental destinado a compensar a las v\u00edctimas del trabajo forzado durante la dictadura comunista alemana, en una medida que los activistas esperan que presione a otras empresas para que sigan\u2026","rel":"","context":"In &quot;Noticias Nacionales&quot;","block_context":{"text":"Noticias Nacionales","link":"https:\/\/noticiasya.com\/midland-odessa\/categoria\/noticias-nacionales"},"img":{"alt_text":"","src":"","width":0,"height":0},"classes":[]},{"id":1455631,"url":"https:\/\/noticiasya.com\/midland-odessa\/2024\/11\/07\/olaf-scholz-canciller-alemania-coalicion-colpaso-trax\/","url_meta":{"origin":1469180,"position":1},"title":"El canciller alem\u00e1n Olaf Scholz despidi\u00f3 a su ministro de Finanzas y la coalici\u00f3n de gobierno colaps\u00f3. Esto es lo que puede pasar ahora","author":"","date":"noviembre 7, 2024","format":false,"excerpt":"(CNN) -- La coalici\u00f3n gobernante de Alemania ha colapsado despu\u00e9s de desacuerdos sobre la d\u00e9bil econom\u00eda del pa\u00eds que llevaron al canciller Olaf Scholz a despedir a su ministro de Finanzas.El despido de Christian Lindner lo llev\u00f3 a retirar su Partido de los Dem\u00f3cratas Libres (FDP) de una coalici\u00f3n con\u2026","rel":"","context":"In &quot;Noticias Nacionales&quot;","block_context":{"text":"Noticias Nacionales","link":"https:\/\/noticiasya.com\/midland-odessa\/categoria\/noticias-nacionales"},"img":{"alt_text":"","src":"","width":0,"height":0},"classes":[]},{"id":1459066,"url":"https:\/\/noticiasya.com\/midland-odessa\/2025\/02\/22\/alemania-elecciones-nacionales-europa-trax\/","url_meta":{"origin":1469180,"position":2},"title":"Alemania celebra elecciones nacionales. Esto es lo que est\u00e1 en juego","author":"","date":"febrero 22, 2025","format":false,"excerpt":"Los alemanes acuden a las urnas este domingo en las elecciones nacionales. Los sondeos de opini\u00f3n sugieren que el resultado ser\u00e1 probablemente un nuevo canciller y una nueva coalici\u00f3n de gobierno.Esta campa\u00f1a electoral, que suele ser \u00e1rida y predecible, ha sido, en comparaci\u00f3n, muy agitada.El pasado noviembre, el canciller Olaf\u2026","rel":"","context":"In &quot;Noticias Nacionales&quot;","block_context":{"text":"Noticias Nacionales","link":"https:\/\/noticiasya.com\/midland-odessa\/categoria\/noticias-nacionales"},"img":{"alt_text":"","src":"","width":0,"height":0},"classes":[]},{"id":1460300,"url":"https:\/\/noticiasya.com\/midland-odessa\/2025\/03\/23\/alemania-potencia-ejercito-trax\/","url_meta":{"origin":1469180,"position":3},"title":"Alemania est\u00e1 desbloqueando miles de millones para potenciar sus Fuerzas Armadas en un momento crucial para Europa","author":"","date":"marzo 23, 2025","format":false,"excerpt":"\u201c\u00bfCrees que puedes confiar en Putin?\u201d, pregunta el general de brigada alem\u00e1n Ralf Hammerstein con una sonrisa ir\u00f3nica.Es una pregunta ret\u00f3rica a la que la mayor parte de Europa dar\u00eda la misma respuesta: no.Mientras la administraci\u00f3n Trump sigue buscando un acuerdo para poner fin a la guerra en Ucrania \u2014que\u2026","rel":"","context":"In &quot;Noticias Nacionales&quot;","block_context":{"text":"Noticias Nacionales","link":"https:\/\/noticiasya.com\/midland-odessa\/categoria\/noticias-nacionales"},"img":{"alt_text":"","src":"","width":0,"height":0},"classes":[]},{"id":1456654,"url":"https:\/\/noticiasya.com\/midland-odessa\/2024\/12\/16\/scholz-perdio-voto-confianza-alemania-que-sigue-trax\/","url_meta":{"origin":1469180,"position":4},"title":"El canciller Olaf Scholz perdi\u00f3 el voto de confianza en Alemania. Esto es lo que sigue","author":"","date":"diciembre 16, 2024","format":false,"excerpt":"Alemania, la mayor econom\u00eda de Europa y normalmente un pilar de estabilidad, se enfrentar\u00e1 a unas elecciones anticipadas el pr\u00f3ximo a\u00f1o despu\u00e9s de que el canciller del pa\u00eds, Olaf Scholz, perdiera una votaci\u00f3n de confianza.Su gobierno colaps\u00f3 en noviembre por una disputa presupuestaria, pero su coalici\u00f3n llevaba meses tambale\u00e1ndose.Scholz perdi\u00f3\u2026","rel":"","context":"In &quot;Noticias Nacionales&quot;","block_context":{"text":"Noticias Nacionales","link":"https:\/\/noticiasya.com\/midland-odessa\/categoria\/noticias-nacionales"},"img":{"alt_text":"","src":"","width":0,"height":0},"classes":[]},{"id":1445255,"url":"https:\/\/noticiasya.com\/midland-odessa\/2024\/02\/11\/el-motor-del-crecimiento-de-europa-esta-fallando-se-puede-reactivar-la-economia-de-alemania\/","url_meta":{"origin":1469180,"position":5},"title":"El motor del crecimiento de Europa est\u00e1 fallando. \u00bfSe puede reactivar la econom\u00eda de Alemania?","author":"","date":"febrero 11, 2024","format":false,"excerpt":"(CNN) -- Trenes cancelados. Vuelos en tierra. Carreteras bloqueadas por agricultores enojados.La cuarta econom\u00eda m\u00e1s grande del mundo ha tenido un comienzo dif\u00edcil este a\u00f1o. Una huelga del personal de tierra de Lufthansa este mi\u00e9rcoles fue solo la \u00faltima acci\u00f3n industrial que caus\u00f3 caos en los viajes en las \u00faltimas\u2026","rel":"","context":"In &quot;Noticias Nacionales&quot;","block_context":{"text":"Noticias Nacionales","link":"https:\/\/noticiasya.com\/midland-odessa\/categoria\/noticias-nacionales"},"img":{"alt_text":"","src":"","width":0,"height":0},"classes":[]}],"jetpack_sharing_enabled":true,"_links":{"self":[{"href":"https:\/\/noticiasya.com\/midland-odessa\/wp-json\/wp\/v2\/posts\/1469180","targetHints":{"allow":["GET"]}}],"collection":[{"href":"https:\/\/noticiasya.com\/midland-odessa\/wp-json\/wp\/v2\/posts"}],"about":[{"href":"https:\/\/noticiasya.com\/midland-odessa\/wp-json\/wp\/v2\/types\/post"}],"replies":[{"embeddable":true,"href":"https:\/\/noticiasya.com\/midland-odessa\/wp-json\/wp\/v2\/comments?post=1469180"}],"version-history":[{"count":0,"href":"https:\/\/noticiasya.com\/midland-odessa\/wp-json\/wp\/v2\/posts\/1469180\/revisions"}],"wp:attachment":[{"href":"https:\/\/noticiasya.com\/midland-odessa\/wp-json\/wp\/v2\/media?parent=1469180"}],"wp:term":[{"taxonomy":"category","embeddable":true,"href":"https:\/\/noticiasya.com\/midland-odessa\/wp-json\/wp\/v2\/categories?post=1469180"},{"taxonomy":"post_tag","embeddable":true,"href":"https:\/\/noticiasya.com\/midland-odessa\/wp-json\/wp\/v2\/tags?post=1469180"}],"curies":[{"name":"wp","href":"https:\/\/api.w.org\/{rel}","templated":true}]}}