{"id":1469181,"date":"2025-12-11T09:03:51","date_gmt":"2025-12-11T17:03:51","guid":{"rendered":"https:\/\/noticiasya.com\/2025\/12\/11\/colombia-recibiria-maduro-si-sale-venezuela-transicion-poder-orix\/"},"modified":"2025-12-11T09:03:51","modified_gmt":"2025-12-11T17:03:51","slug":"colombia-recibiria-maduro-si-sale-venezuela-transicion-poder-orix","status":"publish","type":"post","link":"https:\/\/noticiasya.com\/midland-odessa\/2025\/12\/11\/colombia-recibiria-maduro-si-sale-venezuela-transicion-poder-orix\/","title":{"rendered":"Colombia recibir\u00eda a Maduro si sale de Venezuela para una transici\u00f3n en el poder, dice el Gobierno de Petro"},"content":{"rendered":"<p>Rosa Yolanda Villavicencio, canciller de Colombia, dijo que si el presidente de Venezuela, Nicol\u00e1s Maduro, llegase a salir de su pa\u00eds para una transici\u00f3n en el poder, Colombia le ofrecer\u00eda protecci\u00f3n.<\/p>\n<p>\u201cEn el momento de tensi\u00f3n que existe (entre Estados Unidos y Venezuela), hay que negociar, y seguramente, si EE.UU. exige una transici\u00f3n o un cambio, es una cosa (la salida de Venezuela) que ellos deben valorar. Si esa salida implica que \u00e9l (Maduro) deba vivir en otro pa\u00eds o pedir la protecci\u00f3n, Colombia no tendr\u00eda por qu\u00e9 decirle que no\u201d, dijo Villavicencio en una <a href=\"https:\/\/x.com\/UltimaHoraCR\/status\/1999113396822704509?s=20\">entrevista<\/a> de este jueves con el medio local Caracol.<\/p>\n<p>El mi\u00e9rcoles, el presidente de Colombia, Gustavo Petro, <a href=\"https:\/\/cnnespanol.cnn.com\/mundo\/live-news\/corina-machado-entrega-premio-nobel-paz-orix?post-id=cmj0bf4aa0005356ui6v31kcz\">dijo<\/a> que Venezuela necesita una \u201crevoluci\u00f3n democr\u00e1tica\u201d y pidi\u00f3 un \u201cgobierno de transici\u00f3n\u201d.<\/p>\n<p>\u201cEl Gobierno de Maduro debe entender que la respuesta a una agresi\u00f3n externa no es solo un alistamiento militar sino una revoluci\u00f3n democr\u00e1tica. Es con m\u00e1s democracia como se defiende un pa\u00eds no con m\u00e1s represiones ineficientes\u201d, escribi\u00f3 Petro en<a href=\"https:\/\/x.com\/petrogustavo\/status\/1998774566219403429\"> su cuenta de X.<\/a><\/p>\n<p>\u201cEs hora de una amnist\u00eda general y de un gobierno de transici\u00f3n con la inclusi\u00f3n de todos y de todas. La patria de Bol\u00edvar no debe ser invadida ni por extranjeros no por ret\u00f3ricas vac\u00edas no por c\u00e1rceles del alma. La patria de Bol\u00edvar se defiende con m\u00e1s democracia y soberan\u00eda\u201d, agreg\u00f3 el mandatario de Colombia.<\/p>\n<p>Desde <a href=\"https:\/\/cnnespanol.cnn.com\/2025\/12\/09\/venezuela\/trump-planes-despues-maduro-venezuela-trax\">hace meses<\/a>, EE.UU. ha llevado a cabo una campa\u00f1a de <a href=\"https:\/\/cnnespanol.cnn.com\/2025\/12\/11\/eeuu\/analisis-trump-venezuela-petrolero-escalada-trax\">presi\u00f3n<\/a> que ha visto a las fuerzas armadas estadounidenses mover miles de tropas y un grupo de ataque de portaaviones al Caribe y al presidente Donald Trump emitir reiteradas amenazas contra Maduro.<\/p>\n<p>Seg\u00fan fuentes consultadas por <a href=\"https:\/\/cnnespanol.cnn.com\/2025\/12\/09\/venezuela\/trump-planes-despues-maduro-venezuela-trax\">CNN<\/a>, la administraci\u00f3n de Trump est\u00e1 trabajando en planes para el d\u00eda despu\u00e9s en caso de que Maduro sea expulsado del poder. Los planes incluyen m\u00faltiples opciones sobre c\u00f3mo podr\u00eda ser la acci\u00f3n de Estados Unidos para llenar el vac\u00edo de poder y estabilizar el pa\u00eds si Maduro se va voluntariamente como parte de una salida negociada o se ve obligado a irse despu\u00e9s de ataques estadounidenses a objetivos dentro de Venezuela u otra acci\u00f3n directa, dijeron las fuentes.<\/p>\n<p> <a href=\"https:\/\/cnnespanol.cnn.com\/2025\/12\/09\/venezuela\/trump-planes-despues-maduro-venezuela-trax\" rel=\"noopener noreferrer\" target=\"_blank\">Trump<\/a> habl\u00f3 por tel\u00e9fono con Maduro a finales del mes pasado, pocos d\u00edas antes de que entrara en vigor la designaci\u00f3n estadounidense del presidente de Venezuela y sus aliados gubernamentales como miembros de una organizaci\u00f3n terrorista extranjera. Un alto funcionario de la Casa Blanca afirm\u00f3 que, si bien la llamada no fue necesariamente pol\u00e9mica, el presidente s\u00ed le dio una especie de ultim\u00e1tum a su hom\u00f3logo, dici\u00e9ndole que a Maduro le conven\u00eda abandonar el pa\u00eds y que Trump ten\u00eda la intenci\u00f3n de seguir \u201cdestruyendo\u201d barcos.<\/p>\n<p>Por su parte, Maduro <a href=\"https:\/\/cnnespanol.cnn.com\/2025\/12\/03\/venezuela\/maduro-confirma-llamada-trump-trax\">describi\u00f3<\/a> la llamada con Trump como respetuosa y \u201ccordial\u201d, pero no ofreci\u00f3 detalles sobre los temas tratados.<\/p>\n<p>\u201cSi esa llamada significa que se est\u00e1n dando pasos hacia un di\u00e1logo respetuoso de Estado a Estado, de pa\u00eds a pa\u00eds, entonces bienvenido el di\u00e1logo, bienvenida la diplomacia, porque siempre buscaremos la paz\u201d, dijo Maduro.<\/p>\n<p>The-CNN-Wire<br \/>&trade; &amp; &copy; 2025 Cable News Network, Inc., a Warner Bros. Discovery Company. All rights reserved.<\/p>\n","protected":false},"excerpt":{"rendered":"<p>Rosa Yolanda Villavicencio, canciller de Colombia, dijo que si el presidente de Venezuela, Nicol\u00e1s Maduro, llegase a salir de su pa\u00eds para una transici\u00f3n en el poder, Colombia le ofrecer\u00eda protecci\u00f3n. \u201cEn el momento de tensi\u00f3n que existe (entre Estados Unidos y Venezuela), hay que negociar, y seguramente, si EE.UU. exige una transici\u00f3n o un [&hellip;]<\/p>\n","protected":false},"author":0,"featured_media":0,"comment_status":"open","ping_status":"open","sticky":false,"template":"","format":"standard","meta":{"_jetpack_memberships_contains_paid_content":false,"footnotes":""},"categories":[10],"tags":[],"class_list":["post-1469181","post","type-post","status-publish","format-standard","hentry","category-noticias-nacionales","market-global"],"yoast_head":"<!-- This site is optimized with the Yoast SEO plugin v24.4 - https:\/\/yoast.com\/wordpress\/plugins\/seo\/ -->\n<title>Colombia recibir\u00eda a Maduro si sale de Venezuela para una transici\u00f3n en el poder, dice el Gobierno de Petro - Noticias<\/title>\n<meta name=\"robots\" content=\"index, follow, max-snippet:-1, max-image-preview:large, max-video-preview:-1\" \/>\n<link rel=\"canonical\" href=\"https:\/\/noticiasya.com\/2025\/12\/11\/colombia-recibiria-maduro-si-sale-venezuela-transicion-poder-orix\/\" \/>\n<meta property=\"og:locale\" content=\"es_ES\" \/>\n<meta property=\"og:type\" content=\"article\" \/>\n<meta property=\"og:title\" content=\"Colombia recibir\u00eda a Maduro si sale de Venezuela para una transici\u00f3n en el poder, dice el Gobierno de Petro - Noticias\" \/>\n<meta property=\"og:description\" content=\"Rosa Yolanda Villavicencio, canciller de Colombia, dijo que si el presidente de Venezuela, Nicol\u00e1s Maduro, llegase a salir de su pa\u00eds para una transici\u00f3n en el poder, Colombia le ofrecer\u00eda protecci\u00f3n. \u201cEn el momento de tensi\u00f3n que existe (entre Estados Unidos y Venezuela), hay que negociar, y seguramente, si EE.UU. exige una transici\u00f3n o un [&hellip;]\" \/>\n<meta property=\"og:url\" content=\"https:\/\/noticiasya.com\/2025\/12\/11\/colombia-recibiria-maduro-si-sale-venezuela-transicion-poder-orix\/\" \/>\n<meta property=\"og:site_name\" content=\"Noticias\" \/>\n<meta property=\"article:published_time\" content=\"2025-12-11T17:03:51+00:00\" \/>\n<meta name=\"twitter:card\" content=\"summary_large_image\" \/>\n<meta name=\"twitter:label1\" content=\"Est. reading time\" \/>\n\t<meta name=\"twitter:data1\" content=\"3 minutos\" \/>\n<script type=\"application\/ld+json\" class=\"yoast-schema-graph\">{\"@context\":\"https:\/\/schema.org\",\"@graph\":[{\"@type\":\"Article\",\"@id\":\"https:\/\/noticiasya.com\/2025\/12\/11\/colombia-recibiria-maduro-si-sale-venezuela-transicion-poder-orix\/#article\",\"isPartOf\":{\"@id\":\"https:\/\/noticiasya.com\/2025\/12\/11\/colombia-recibiria-maduro-si-sale-venezuela-transicion-poder-orix\/\"},\"author\":{\"name\":\"\",\"@id\":\"\"},\"headline\":\"Colombia recibir\u00eda a Maduro si sale de Venezuela para una transici\u00f3n en el poder, dice el Gobierno de Petro\",\"datePublished\":\"2025-12-11T17:03:51+00:00\",\"mainEntityOfPage\":{\"@id\":\"https:\/\/noticiasya.com\/2025\/12\/11\/colombia-recibiria-maduro-si-sale-venezuela-transicion-poder-orix\/\"},\"wordCount\":592,\"commentCount\":0,\"publisher\":{\"@id\":\"https:\/\/noticiasya.com\/#organization\"},\"articleSection\":[\"Noticias Nacionales\"],\"inLanguage\":\"es\",\"potentialAction\":[{\"@type\":\"CommentAction\",\"name\":\"Comment\",\"target\":[\"https:\/\/noticiasya.com\/2025\/12\/11\/colombia-recibiria-maduro-si-sale-venezuela-transicion-poder-orix\/#respond\"]}]},{\"@type\":\"WebPage\",\"@id\":\"https:\/\/noticiasya.com\/2025\/12\/11\/colombia-recibiria-maduro-si-sale-venezuela-transicion-poder-orix\/\",\"url\":\"https:\/\/noticiasya.com\/2025\/12\/11\/colombia-recibiria-maduro-si-sale-venezuela-transicion-poder-orix\/\",\"name\":\"Colombia recibir\u00eda a Maduro si sale de Venezuela para una transici\u00f3n en el poder, dice el Gobierno de Petro - Noticias\",\"isPartOf\":{\"@id\":\"https:\/\/noticiasya.com\/#website\"},\"datePublished\":\"2025-12-11T17:03:51+00:00\",\"breadcrumb\":{\"@id\":\"https:\/\/noticiasya.com\/2025\/12\/11\/colombia-recibiria-maduro-si-sale-venezuela-transicion-poder-orix\/#breadcrumb\"},\"inLanguage\":\"es\",\"potentialAction\":[{\"@type\":\"ReadAction\",\"target\":[\"https:\/\/noticiasya.com\/2025\/12\/11\/colombia-recibiria-maduro-si-sale-venezuela-transicion-poder-orix\/\"]}]},{\"@type\":\"BreadcrumbList\",\"@id\":\"https:\/\/noticiasya.com\/2025\/12\/11\/colombia-recibiria-maduro-si-sale-venezuela-transicion-poder-orix\/#breadcrumb\",\"itemListElement\":[{\"@type\":\"ListItem\",\"position\":1,\"name\":\"Home\",\"item\":\"https:\/\/noticiasya.com\/\"},{\"@type\":\"ListItem\",\"position\":2,\"name\":\"Colombia recibir\u00eda a Maduro si sale de Venezuela para una transici\u00f3n en el poder, dice el Gobierno de Petro\"}]},{\"@type\":\"WebSite\",\"@id\":\"https:\/\/noticiasya.com\/#website\",\"url\":\"https:\/\/noticiasya.com\/\",\"name\":\"Noticias\",\"description\":\"Lo que importa\",\"publisher\":{\"@id\":\"https:\/\/noticiasya.com\/#organization\"},\"potentialAction\":[{\"@type\":\"SearchAction\",\"target\":{\"@type\":\"EntryPoint\",\"urlTemplate\":\"https:\/\/noticiasya.com\/?s={search_term_string}\"},\"query-input\":{\"@type\":\"PropertyValueSpecification\",\"valueRequired\":true,\"valueName\":\"search_term_string\"}}],\"inLanguage\":\"es\"},{\"@type\":\"Organization\",\"@id\":\"https:\/\/noticiasya.com\/#organization\",\"name\":\"Noticias\",\"url\":\"https:\/\/noticiasya.com\/\",\"logo\":{\"@type\":\"ImageObject\",\"inLanguage\":\"es\",\"@id\":\"https:\/\/noticiasya.com\/#\/schema\/logo\/image\/\",\"url\":\"https:\/\/noticiasya.com\/wp-content\/uploads\/sites\/22\/2023\/12\/logo-nacional.png\",\"contentUrl\":\"https:\/\/noticiasya.com\/wp-content\/uploads\/sites\/22\/2023\/12\/logo-nacional.png\",\"width\":1801,\"height\":691,\"caption\":\"Noticias\"},\"image\":{\"@id\":\"https:\/\/noticiasya.com\/#\/schema\/logo\/image\/\"}}]}<\/script>\n<!-- \/ Yoast SEO plugin. -->","yoast_head_json":{"title":"Colombia recibir\u00eda a Maduro si sale de Venezuela para una transici\u00f3n en el poder, dice el Gobierno de Petro - Noticias","robots":{"index":"index","follow":"follow","max-snippet":"max-snippet:-1","max-image-preview":"max-image-preview:large","max-video-preview":"max-video-preview:-1"},"canonical":"https:\/\/noticiasya.com\/2025\/12\/11\/colombia-recibiria-maduro-si-sale-venezuela-transicion-poder-orix\/","og_locale":"es_ES","og_type":"article","og_title":"Colombia recibir\u00eda a Maduro si sale de Venezuela para una transici\u00f3n en el poder, dice el Gobierno de Petro - Noticias","og_description":"Rosa Yolanda Villavicencio, canciller de Colombia, dijo que si el presidente de Venezuela, Nicol\u00e1s Maduro, llegase a salir de su pa\u00eds para una transici\u00f3n en el poder, Colombia le ofrecer\u00eda protecci\u00f3n. \u201cEn el momento de tensi\u00f3n que existe (entre Estados Unidos y Venezuela), hay que negociar, y seguramente, si EE.UU. exige una transici\u00f3n o un [&hellip;]","og_url":"https:\/\/noticiasya.com\/2025\/12\/11\/colombia-recibiria-maduro-si-sale-venezuela-transicion-poder-orix\/","og_site_name":"Noticias","article_published_time":"2025-12-11T17:03:51+00:00","twitter_card":"summary_large_image","twitter_misc":{"Est. reading time":"3 minutos"},"schema":{"@context":"https:\/\/schema.org","@graph":[{"@type":"Article","@id":"https:\/\/noticiasya.com\/2025\/12\/11\/colombia-recibiria-maduro-si-sale-venezuela-transicion-poder-orix\/#article","isPartOf":{"@id":"https:\/\/noticiasya.com\/2025\/12\/11\/colombia-recibiria-maduro-si-sale-venezuela-transicion-poder-orix\/"},"author":{"name":"","@id":""},"headline":"Colombia recibir\u00eda a Maduro si sale de Venezuela para una transici\u00f3n en el poder, dice el Gobierno de Petro","datePublished":"2025-12-11T17:03:51+00:00","mainEntityOfPage":{"@id":"https:\/\/noticiasya.com\/2025\/12\/11\/colombia-recibiria-maduro-si-sale-venezuela-transicion-poder-orix\/"},"wordCount":592,"commentCount":0,"publisher":{"@id":"https:\/\/noticiasya.com\/#organization"},"articleSection":["Noticias Nacionales"],"inLanguage":"es","potentialAction":[{"@type":"CommentAction","name":"Comment","target":["https:\/\/noticiasya.com\/2025\/12\/11\/colombia-recibiria-maduro-si-sale-venezuela-transicion-poder-orix\/#respond"]}]},{"@type":"WebPage","@id":"https:\/\/noticiasya.com\/2025\/12\/11\/colombia-recibiria-maduro-si-sale-venezuela-transicion-poder-orix\/","url":"https:\/\/noticiasya.com\/2025\/12\/11\/colombia-recibiria-maduro-si-sale-venezuela-transicion-poder-orix\/","name":"Colombia recibir\u00eda a Maduro si sale de Venezuela para una transici\u00f3n en el poder, dice el Gobierno de Petro - Noticias","isPartOf":{"@id":"https:\/\/noticiasya.com\/#website"},"datePublished":"2025-12-11T17:03:51+00:00","breadcrumb":{"@id":"https:\/\/noticiasya.com\/2025\/12\/11\/colombia-recibiria-maduro-si-sale-venezuela-transicion-poder-orix\/#breadcrumb"},"inLanguage":"es","potentialAction":[{"@type":"ReadAction","target":["https:\/\/noticiasya.com\/2025\/12\/11\/colombia-recibiria-maduro-si-sale-venezuela-transicion-poder-orix\/"]}]},{"@type":"BreadcrumbList","@id":"https:\/\/noticiasya.com\/2025\/12\/11\/colombia-recibiria-maduro-si-sale-venezuela-transicion-poder-orix\/#breadcrumb","itemListElement":[{"@type":"ListItem","position":1,"name":"Home","item":"https:\/\/noticiasya.com\/"},{"@type":"ListItem","position":2,"name":"Colombia recibir\u00eda a Maduro si sale de Venezuela para una transici\u00f3n en el poder, dice el Gobierno de Petro"}]},{"@type":"WebSite","@id":"https:\/\/noticiasya.com\/#website","url":"https:\/\/noticiasya.com\/","name":"Noticias","description":"Lo que importa","publisher":{"@id":"https:\/\/noticiasya.com\/#organization"},"potentialAction":[{"@type":"SearchAction","target":{"@type":"EntryPoint","urlTemplate":"https:\/\/noticiasya.com\/?s={search_term_string}"},"query-input":{"@type":"PropertyValueSpecification","valueRequired":true,"valueName":"search_term_string"}}],"inLanguage":"es"},{"@type":"Organization","@id":"https:\/\/noticiasya.com\/#organization","name":"Noticias","url":"https:\/\/noticiasya.com\/","logo":{"@type":"ImageObject","inLanguage":"es","@id":"https:\/\/noticiasya.com\/#\/schema\/logo\/image\/","url":"https:\/\/noticiasya.com\/wp-content\/uploads\/sites\/22\/2023\/12\/logo-nacional.png","contentUrl":"https:\/\/noticiasya.com\/wp-content\/uploads\/sites\/22\/2023\/12\/logo-nacional.png","width":1801,"height":691,"caption":"Noticias"},"image":{"@id":"https:\/\/noticiasya.com\/#\/schema\/logo\/image\/"}}]}},"parsely":{"version":"1.1.0","canonical_url":"https:\/\/noticiasya.com\/midland-odessa\/2025\/12\/11\/colombia-recibiria-maduro-si-sale-venezuela-transicion-poder-orix\/","smart_links":{"inbound":0,"outbound":0},"traffic_boost_suggestions_count":0,"meta":{"@context":"https:\/\/schema.org","@type":"NewsArticle","headline":"Colombia recibir\u00eda a Maduro si sale de Venezuela para una transici\u00f3n en el poder, dice el Gobierno de Petro","url":"http:\/\/noticiasya.com\/midland-odessa\/2025\/12\/11\/colombia-recibiria-maduro-si-sale-venezuela-transicion-poder-orix\/","mainEntityOfPage":{"@type":"WebPage","@id":"http:\/\/noticiasya.com\/midland-odessa\/2025\/12\/11\/colombia-recibiria-maduro-si-sale-venezuela-transicion-poder-orix\/"},"thumbnailUrl":"","image":{"@type":"ImageObject","url":""},"articleSection":"Noticias Nacionales","author":[],"creator":[],"publisher":{"@type":"Organization","name":"Noticias","logo":""},"keywords":[],"dateCreated":"2025-12-11T17:03:51Z","datePublished":"2025-12-11T17:03:51Z","dateModified":"2025-12-11T17:03:51Z"},"rendered":"<script type=\"application\/ld+json\" class=\"wp-parsely-metadata\">{\"@context\":\"https:\\\/\\\/schema.org\",\"@type\":\"NewsArticle\",\"headline\":\"Colombia recibir\\u00eda a Maduro si sale de Venezuela para una transici\\u00f3n en el poder, dice el Gobierno de Petro\",\"url\":\"http:\\\/\\\/noticiasya.com\\\/midland-odessa\\\/2025\\\/12\\\/11\\\/colombia-recibiria-maduro-si-sale-venezuela-transicion-poder-orix\\\/\",\"mainEntityOfPage\":{\"@type\":\"WebPage\",\"@id\":\"http:\\\/\\\/noticiasya.com\\\/midland-odessa\\\/2025\\\/12\\\/11\\\/colombia-recibiria-maduro-si-sale-venezuela-transicion-poder-orix\\\/\"},\"thumbnailUrl\":\"\",\"image\":{\"@type\":\"ImageObject\",\"url\":\"\"},\"articleSection\":\"Noticias Nacionales\",\"author\":[],\"creator\":[],\"publisher\":{\"@type\":\"Organization\",\"name\":\"Noticias\",\"logo\":\"\"},\"keywords\":[],\"dateCreated\":\"2025-12-11T17:03:51Z\",\"datePublished\":\"2025-12-11T17:03:51Z\",\"dateModified\":\"2025-12-11T17:03:51Z\"}<\/script>","tracker_url":"https:\/\/cdn.parsely.com\/keys\/noticiasya.com\/p.js"},"jetpack_featured_media_url":"","jetpack-related-posts":[{"id":1469211,"url":"https:\/\/noticiasya.com\/midland-odessa\/2025\/12\/12\/transicion-irreversible-maria-corina-machado-gobierno-maduro-orix\/","url_meta":{"origin":1469181,"position":0},"title":"&#171;La transici\u00f3n es irreversible&#187;, dice Mar\u00eda Corina Machado sobre Venezuela","author":"","date":"diciembre 12, 2025","format":false,"excerpt":"La l\u00edder opositora venezolana Mar\u00eda Corina Machado asegur\u00f3 este viernes que \u201cla transici\u00f3n es irreversible\u201d en el Gobierno del presidente de Venezuela, Nicol\u00e1s Maduro, en medio de las tensiones entre el pa\u00eds sudamericano y Estados Unidos.\u201cYo creo que ha quedado muy claro que el conflicto venezolano es absolutamente prioritario en\u2026","rel":"","context":"In &quot;Noticias Nacionales&quot;","block_context":{"text":"Noticias Nacionales","link":"https:\/\/noticiasya.com\/midland-odessa\/categoria\/noticias-nacionales"},"img":{"alt_text":"","src":"","width":0,"height":0},"classes":[]},{"id":1468539,"url":"https:\/\/noticiasya.com\/midland-odessa\/2025\/11\/20\/colombia-venezuela-salida-negociada-maduro-canciller-orix\/","url_meta":{"origin":1469181,"position":1},"title":"Colombia niega que apoye una salida negociada de Maduro tras declaraciones de su canciller","author":"","date":"noviembre 20, 2025","format":false,"excerpt":"El Gobierno de Colombia neg\u00f3 que apoye un plan para una salida negociada del poder del presidente de Venezuela, Nicol\u00e1s Maduro, luego de una entrevista de la canciller de Colombia, publicada el mi\u00e9rcoles, en la que habl\u00f3 de esa posibilidad y se mostr\u00f3 a favor de un eventual plan para\u2026","rel":"","context":"In &quot;Noticias Nacionales&quot;","block_context":{"text":"Noticias Nacionales","link":"https:\/\/noticiasya.com\/midland-odessa\/categoria\/noticias-nacionales"},"img":{"alt_text":"","src":"","width":0,"height":0},"classes":[]},{"id":1468653,"url":"https:\/\/noticiasya.com\/midland-odessa\/2025\/11\/24\/petro-maduro-invasion-venezuela-orix\/","url_meta":{"origin":1469181,"position":2},"title":"Petro dijo que no apoya a Maduro, pero tampoco &#171;una invasi\u00f3n&#187; de Venezuela: &#171;Quiero una soluci\u00f3n pol\u00edtica y pac\u00edfica&#187;","author":"","date":"noviembre 24, 2025","format":false,"excerpt":"El presidente de Colombia, Gustavo Petro, dijo este domingo que no apoya a su par venezolano, Nicol\u00e1s Maduro, pero que tampoco est\u00e1 de acuerdo con \u201cuna invasi\u00f3n\u201d a Venezuela.\u201cYo no apoyo a Maduro; quiero una soluci\u00f3n pol\u00edtica y pac\u00edfica en Venezuela, pero no apoyo una invasi\u00f3n\u201d, public\u00f3 Petro en su\u2026","rel":"","context":"In &quot;Noticias Nacionales&quot;","block_context":{"text":"Noticias Nacionales","link":"https:\/\/noticiasya.com\/midland-odessa\/categoria\/noticias-nacionales"},"img":{"alt_text":"","src":"","width":0,"height":0},"classes":[]},{"id":1468629,"url":"https:\/\/noticiasya.com\/midland-odessa\/2025\/11\/23\/que-se-necesita-salida-maduro-venezuela-trax\/","url_meta":{"origin":1469181,"position":3},"title":"\u00bfQu\u00e9 se necesitar\u00eda para que Nicol\u00e1s Maduro renuncie al poder? Much\u00edsimo, seg\u00fan los expertos","author":"","date":"noviembre 23, 2025","format":false,"excerpt":"\u00bfQu\u00e9 pasar\u00e1 con Nicol\u00e1s Maduro? Con una recompensa de US$ 50 millones por su captura, la CIA actuando abiertamente en Caracas y fuerzas estadounidenses despleg\u00e1ndose en el Caribe, analistas y pol\u00edticos de todo el continente se pronuncian sobre el destino del presidente de Venezuela.Algunos conf\u00edan en que Estados Unidos lo\u2026","rel":"","context":"In &quot;Noticias Nacionales&quot;","block_context":{"text":"Noticias Nacionales","link":"https:\/\/noticiasya.com\/midland-odessa\/categoria\/noticias-nacionales"},"img":{"alt_text":"","src":"","width":0,"height":0},"classes":[]},{"id":1471405,"url":"https:\/\/noticiasya.com\/midland-odessa\/2026\/02\/18\/delcy-rodriguez-petro-encuentro-binacional-orix\/","url_meta":{"origin":1469181,"position":4},"title":"Delcy Rodr\u00edguez dice que habl\u00f3 con Gustavo Petro y que acordaron tener un encuentro pronto","author":"","date":"febrero 18, 2026","format":false,"excerpt":"La presidenta encargada de Venezuela, Delcy Rodr\u00edguez, dijo este mi\u00e9rcoles que habl\u00f3 por tel\u00e9fono con el presidente de Colombia, Gustavo Petro, y que ambos acordaron tener un encuentro bilateral en una fecha pr\u00f3xima, que no precis\u00f3.En una publicaci\u00f3n en su cuenta de Telegram, Rodr\u00edguez se\u00f1al\u00f3 que esa eventual reuni\u00f3n ser\u00eda\u2026","rel":"","context":"In &quot;Noticias Nacionales&quot;","block_context":{"text":"Noticias Nacionales","link":"https:\/\/noticiasya.com\/midland-odessa\/categoria\/noticias-nacionales"},"img":{"alt_text":"","src":"","width":0,"height":0},"classes":[]},{"id":1468703,"url":"https:\/\/noticiasya.com\/midland-odessa\/2025\/11\/25\/exclusivo-petro-problema-maduro-falta-democracia-orix\/","url_meta":{"origin":1469181,"position":5},"title":"Exclusivo CNN: Petro dice que el problema de Maduro es la &#171;falta de democracia&#187; pero que no tiene v\u00ednculo con el narcotr\u00e1fico","author":"","date":"noviembre 25, 2025","format":false,"excerpt":"En medio de las crecientes tensiones entre Estados Unidos y Venezuela, el presidente de Colombia, Gustavo Petro, dijo a CNN este martes que su pa\u00eds no tiene detectado que el presidente de Venezuela, Nicol\u00e1s Maduro, sea un l\u00edder del narcotr\u00e1fico, como afirma EE.UU., y consider\u00f3 que el problema de Maduro\u2026","rel":"","context":"In &quot;Noticias Nacionales&quot;","block_context":{"text":"Noticias Nacionales","link":"https:\/\/noticiasya.com\/midland-odessa\/categoria\/noticias-nacionales"},"img":{"alt_text":"","src":"","width":0,"height":0},"classes":[]}],"jetpack_sharing_enabled":true,"_links":{"self":[{"href":"https:\/\/noticiasya.com\/midland-odessa\/wp-json\/wp\/v2\/posts\/1469181","targetHints":{"allow":["GET"]}}],"collection":[{"href":"https:\/\/noticiasya.com\/midland-odessa\/wp-json\/wp\/v2\/posts"}],"about":[{"href":"https:\/\/noticiasya.com\/midland-odessa\/wp-json\/wp\/v2\/types\/post"}],"replies":[{"embeddable":true,"href":"https:\/\/noticiasya.com\/midland-odessa\/wp-json\/wp\/v2\/comments?post=1469181"}],"version-history":[{"count":0,"href":"https:\/\/noticiasya.com\/midland-odessa\/wp-json\/wp\/v2\/posts\/1469181\/revisions"}],"wp:attachment":[{"href":"https:\/\/noticiasya.com\/midland-odessa\/wp-json\/wp\/v2\/media?parent=1469181"}],"wp:term":[{"taxonomy":"category","embeddable":true,"href":"https:\/\/noticiasya.com\/midland-odessa\/wp-json\/wp\/v2\/categories?post=1469181"},{"taxonomy":"post_tag","embeddable":true,"href":"https:\/\/noticiasya.com\/midland-odessa\/wp-json\/wp\/v2\/tags?post=1469181"}],"curies":[{"name":"wp","href":"https:\/\/api.w.org\/{rel}","templated":true}]}}