{"id":1469189,"date":"2025-12-11T13:03:43","date_gmt":"2025-12-11T21:03:43","guid":{"rendered":"https:\/\/noticiasya.com\/2025\/12\/11\/lula-maduro-llamada-venezuela-brasil-orix\/"},"modified":"2025-12-11T13:03:43","modified_gmt":"2025-12-11T21:03:43","slug":"lula-maduro-llamada-venezuela-brasil-orix","status":"publish","type":"post","link":"https:\/\/noticiasya.com\/midland-odessa\/2025\/12\/11\/lula-maduro-llamada-venezuela-brasil-orix\/","title":{"rendered":"Lula y Maduro hablaron por tel\u00e9fono la semana pasada, dice la Presidencia de Brasil"},"content":{"rendered":"<p>El presidente de Brasil, <a href=\"https:\/\/cnnespanol.cnn.com\/2025\/11\/23\/latinoamerica\/lula-trump-evitar-conflicto-venezuela-orix\">Luiz In\u00e1cio Lula da Silva<\/a>, y el presidente de Venezuela, <a href=\"https:\/\/cnnespanol.cnn.com\/2025\/12\/11\/latinoamerica\/colombia-recibiria-maduro-si-sale-venezuela-transicion-poder-orix\">Nicol\u00e1s Maduro<\/a>, mantuvieron una conversaci\u00f3n telef\u00f3nica la semana pasada, confirm\u00f3 la Presidencia de Brasil a CNN.<\/p>\n<p>El llamado fue breve y en buenos t\u00e9rminos, dijeron sobre la conversaci\u00f3n entre ambos mandatarios. Hablaron de \u201cla paz en Sudam\u00e9rica y el Caribe\u201d y no quedaron \u201ctemas pendientes\u201d.<\/p>\n<p>La Presidencia de Brasil remarc\u00f3 que en ese llamado \u201cse solucion\u00f3\u201d lo que estaba previsto para conversar, sin dar m\u00e1s detalles, y dijo que por el momento no hay otro contacto previsto entre Lula y Maduro.<\/p>\n<p>CNN se contact\u00f3 con el Gobierno de Venezuela para pedir comentarios sobre la llamada y est\u00e1 a la espera de respuesta.<\/p>\n<p>La noticia se conoce en medio de la tensi\u00f3n entre Venezuela y Estados Unidos, con el Gobierno del presidente Donald Trump ejerciendo <a href=\"https:\/\/cnnespanol.cnn.com\/2025\/12\/03\/eeuu\/trump-esfuerzos-venezuela-campania-presion-maduro-trax?iid=cnn_buildContentRecirc_end_recirc&#038;recs_exp=otras-noticias-right-rail&#038;tenant_id=popular.es\">una campa\u00f1a de presi\u00f3n<\/a> en el Caribe con el despliegue de buques militares, <a href=\"https:\/\/cnnespanol.cnn.com\/2025\/12\/10\/eeuu\/ataques-ee-uu-barcos-sobrevivientes-trax\">ataques a presuntas embarcaciones<\/a> con drogas en las que murieron decenas de personas y la designaci\u00f3n de Maduro como integrante de una organizaci\u00f3n terrorista extranjera.<\/p>\n<p>The-CNN-Wire<br \/>&trade; &amp; &copy; 2025 Cable News Network, Inc., a Warner Bros. Discovery Company. All rights reserved.<\/p>\n","protected":false},"excerpt":{"rendered":"<p>El presidente de Brasil, Luiz In\u00e1cio Lula da Silva, y el presidente de Venezuela, Nicol\u00e1s Maduro, mantuvieron una conversaci\u00f3n telef\u00f3nica la semana pasada, confirm\u00f3 la Presidencia de Brasil a CNN. El llamado fue breve y en buenos t\u00e9rminos, dijeron sobre la conversaci\u00f3n entre ambos mandatarios. Hablaron de \u201cla paz en Sudam\u00e9rica y el Caribe\u201d y [&hellip;]<\/p>\n","protected":false},"author":0,"featured_media":0,"comment_status":"open","ping_status":"open","sticky":false,"template":"","format":"standard","meta":{"_jetpack_memberships_contains_paid_content":false,"footnotes":""},"categories":[10],"tags":[],"class_list":["post-1469189","post","type-post","status-publish","format-standard","hentry","category-noticias-nacionales","market-global"],"yoast_head":"<!-- This site is optimized with the Yoast SEO plugin v24.4 - https:\/\/yoast.com\/wordpress\/plugins\/seo\/ -->\n<title>Lula y Maduro hablaron por tel\u00e9fono la semana pasada, dice la Presidencia de Brasil - Noticias<\/title>\n<meta name=\"robots\" content=\"index, follow, max-snippet:-1, max-image-preview:large, max-video-preview:-1\" \/>\n<link rel=\"canonical\" href=\"https:\/\/noticiasya.com\/2025\/12\/11\/lula-maduro-llamada-venezuela-brasil-orix\/\" \/>\n<meta property=\"og:locale\" content=\"es_ES\" \/>\n<meta property=\"og:type\" content=\"article\" \/>\n<meta property=\"og:title\" content=\"Lula y Maduro hablaron por tel\u00e9fono la semana pasada, dice la Presidencia de Brasil - Noticias\" \/>\n<meta property=\"og:description\" content=\"El presidente de Brasil, Luiz In\u00e1cio Lula da Silva, y el presidente de Venezuela, Nicol\u00e1s Maduro, mantuvieron una conversaci\u00f3n telef\u00f3nica la semana pasada, confirm\u00f3 la Presidencia de Brasil a CNN. El llamado fue breve y en buenos t\u00e9rminos, dijeron sobre la conversaci\u00f3n entre ambos mandatarios. Hablaron de \u201cla paz en Sudam\u00e9rica y el Caribe\u201d y [&hellip;]\" \/>\n<meta property=\"og:url\" content=\"https:\/\/noticiasya.com\/2025\/12\/11\/lula-maduro-llamada-venezuela-brasil-orix\/\" \/>\n<meta property=\"og:site_name\" content=\"Noticias\" \/>\n<meta property=\"article:published_time\" content=\"2025-12-11T21:03:43+00:00\" \/>\n<meta name=\"twitter:card\" content=\"summary_large_image\" \/>\n<meta name=\"twitter:label1\" content=\"Est. reading time\" \/>\n\t<meta name=\"twitter:data1\" content=\"1 minuto\" \/>\n<script type=\"application\/ld+json\" class=\"yoast-schema-graph\">{\"@context\":\"https:\/\/schema.org\",\"@graph\":[{\"@type\":\"Article\",\"@id\":\"https:\/\/noticiasya.com\/2025\/12\/11\/lula-maduro-llamada-venezuela-brasil-orix\/#article\",\"isPartOf\":{\"@id\":\"https:\/\/noticiasya.com\/2025\/12\/11\/lula-maduro-llamada-venezuela-brasil-orix\/\"},\"author\":{\"name\":\"\",\"@id\":\"\"},\"headline\":\"Lula y Maduro hablaron por tel\u00e9fono la semana pasada, dice la Presidencia de Brasil\",\"datePublished\":\"2025-12-11T21:03:43+00:00\",\"mainEntityOfPage\":{\"@id\":\"https:\/\/noticiasya.com\/2025\/12\/11\/lula-maduro-llamada-venezuela-brasil-orix\/\"},\"wordCount\":220,\"commentCount\":0,\"publisher\":{\"@id\":\"https:\/\/noticiasya.com\/#organization\"},\"articleSection\":[\"Noticias Nacionales\"],\"inLanguage\":\"es\",\"potentialAction\":[{\"@type\":\"CommentAction\",\"name\":\"Comment\",\"target\":[\"https:\/\/noticiasya.com\/2025\/12\/11\/lula-maduro-llamada-venezuela-brasil-orix\/#respond\"]}]},{\"@type\":\"WebPage\",\"@id\":\"https:\/\/noticiasya.com\/2025\/12\/11\/lula-maduro-llamada-venezuela-brasil-orix\/\",\"url\":\"https:\/\/noticiasya.com\/2025\/12\/11\/lula-maduro-llamada-venezuela-brasil-orix\/\",\"name\":\"Lula y Maduro hablaron por tel\u00e9fono la semana pasada, dice la Presidencia de Brasil - Noticias\",\"isPartOf\":{\"@id\":\"https:\/\/noticiasya.com\/#website\"},\"datePublished\":\"2025-12-11T21:03:43+00:00\",\"breadcrumb\":{\"@id\":\"https:\/\/noticiasya.com\/2025\/12\/11\/lula-maduro-llamada-venezuela-brasil-orix\/#breadcrumb\"},\"inLanguage\":\"es\",\"potentialAction\":[{\"@type\":\"ReadAction\",\"target\":[\"https:\/\/noticiasya.com\/2025\/12\/11\/lula-maduro-llamada-venezuela-brasil-orix\/\"]}]},{\"@type\":\"BreadcrumbList\",\"@id\":\"https:\/\/noticiasya.com\/2025\/12\/11\/lula-maduro-llamada-venezuela-brasil-orix\/#breadcrumb\",\"itemListElement\":[{\"@type\":\"ListItem\",\"position\":1,\"name\":\"Home\",\"item\":\"https:\/\/noticiasya.com\/\"},{\"@type\":\"ListItem\",\"position\":2,\"name\":\"Lula y Maduro hablaron por tel\u00e9fono la semana pasada, dice la Presidencia de Brasil\"}]},{\"@type\":\"WebSite\",\"@id\":\"https:\/\/noticiasya.com\/#website\",\"url\":\"https:\/\/noticiasya.com\/\",\"name\":\"Noticias\",\"description\":\"Lo que importa\",\"publisher\":{\"@id\":\"https:\/\/noticiasya.com\/#organization\"},\"potentialAction\":[{\"@type\":\"SearchAction\",\"target\":{\"@type\":\"EntryPoint\",\"urlTemplate\":\"https:\/\/noticiasya.com\/?s={search_term_string}\"},\"query-input\":{\"@type\":\"PropertyValueSpecification\",\"valueRequired\":true,\"valueName\":\"search_term_string\"}}],\"inLanguage\":\"es\"},{\"@type\":\"Organization\",\"@id\":\"https:\/\/noticiasya.com\/#organization\",\"name\":\"Noticias\",\"url\":\"https:\/\/noticiasya.com\/\",\"logo\":{\"@type\":\"ImageObject\",\"inLanguage\":\"es\",\"@id\":\"https:\/\/noticiasya.com\/#\/schema\/logo\/image\/\",\"url\":\"https:\/\/noticiasya.com\/wp-content\/uploads\/sites\/22\/2023\/12\/logo-nacional.png\",\"contentUrl\":\"https:\/\/noticiasya.com\/wp-content\/uploads\/sites\/22\/2023\/12\/logo-nacional.png\",\"width\":1801,\"height\":691,\"caption\":\"Noticias\"},\"image\":{\"@id\":\"https:\/\/noticiasya.com\/#\/schema\/logo\/image\/\"}}]}<\/script>\n<!-- \/ Yoast SEO plugin. -->","yoast_head_json":{"title":"Lula y Maduro hablaron por tel\u00e9fono la semana pasada, dice la Presidencia de Brasil - Noticias","robots":{"index":"index","follow":"follow","max-snippet":"max-snippet:-1","max-image-preview":"max-image-preview:large","max-video-preview":"max-video-preview:-1"},"canonical":"https:\/\/noticiasya.com\/2025\/12\/11\/lula-maduro-llamada-venezuela-brasil-orix\/","og_locale":"es_ES","og_type":"article","og_title":"Lula y Maduro hablaron por tel\u00e9fono la semana pasada, dice la Presidencia de Brasil - Noticias","og_description":"El presidente de Brasil, Luiz In\u00e1cio Lula da Silva, y el presidente de Venezuela, Nicol\u00e1s Maduro, mantuvieron una conversaci\u00f3n telef\u00f3nica la semana pasada, confirm\u00f3 la Presidencia de Brasil a CNN. El llamado fue breve y en buenos t\u00e9rminos, dijeron sobre la conversaci\u00f3n entre ambos mandatarios. Hablaron de \u201cla paz en Sudam\u00e9rica y el Caribe\u201d y [&hellip;]","og_url":"https:\/\/noticiasya.com\/2025\/12\/11\/lula-maduro-llamada-venezuela-brasil-orix\/","og_site_name":"Noticias","article_published_time":"2025-12-11T21:03:43+00:00","twitter_card":"summary_large_image","twitter_misc":{"Est. reading time":"1 minuto"},"schema":{"@context":"https:\/\/schema.org","@graph":[{"@type":"Article","@id":"https:\/\/noticiasya.com\/2025\/12\/11\/lula-maduro-llamada-venezuela-brasil-orix\/#article","isPartOf":{"@id":"https:\/\/noticiasya.com\/2025\/12\/11\/lula-maduro-llamada-venezuela-brasil-orix\/"},"author":{"name":"","@id":""},"headline":"Lula y Maduro hablaron por tel\u00e9fono la semana pasada, dice la Presidencia de Brasil","datePublished":"2025-12-11T21:03:43+00:00","mainEntityOfPage":{"@id":"https:\/\/noticiasya.com\/2025\/12\/11\/lula-maduro-llamada-venezuela-brasil-orix\/"},"wordCount":220,"commentCount":0,"publisher":{"@id":"https:\/\/noticiasya.com\/#organization"},"articleSection":["Noticias Nacionales"],"inLanguage":"es","potentialAction":[{"@type":"CommentAction","name":"Comment","target":["https:\/\/noticiasya.com\/2025\/12\/11\/lula-maduro-llamada-venezuela-brasil-orix\/#respond"]}]},{"@type":"WebPage","@id":"https:\/\/noticiasya.com\/2025\/12\/11\/lula-maduro-llamada-venezuela-brasil-orix\/","url":"https:\/\/noticiasya.com\/2025\/12\/11\/lula-maduro-llamada-venezuela-brasil-orix\/","name":"Lula y Maduro hablaron por tel\u00e9fono la semana pasada, dice la Presidencia de Brasil - Noticias","isPartOf":{"@id":"https:\/\/noticiasya.com\/#website"},"datePublished":"2025-12-11T21:03:43+00:00","breadcrumb":{"@id":"https:\/\/noticiasya.com\/2025\/12\/11\/lula-maduro-llamada-venezuela-brasil-orix\/#breadcrumb"},"inLanguage":"es","potentialAction":[{"@type":"ReadAction","target":["https:\/\/noticiasya.com\/2025\/12\/11\/lula-maduro-llamada-venezuela-brasil-orix\/"]}]},{"@type":"BreadcrumbList","@id":"https:\/\/noticiasya.com\/2025\/12\/11\/lula-maduro-llamada-venezuela-brasil-orix\/#breadcrumb","itemListElement":[{"@type":"ListItem","position":1,"name":"Home","item":"https:\/\/noticiasya.com\/"},{"@type":"ListItem","position":2,"name":"Lula y Maduro hablaron por tel\u00e9fono la semana pasada, dice la Presidencia de Brasil"}]},{"@type":"WebSite","@id":"https:\/\/noticiasya.com\/#website","url":"https:\/\/noticiasya.com\/","name":"Noticias","description":"Lo que importa","publisher":{"@id":"https:\/\/noticiasya.com\/#organization"},"potentialAction":[{"@type":"SearchAction","target":{"@type":"EntryPoint","urlTemplate":"https:\/\/noticiasya.com\/?s={search_term_string}"},"query-input":{"@type":"PropertyValueSpecification","valueRequired":true,"valueName":"search_term_string"}}],"inLanguage":"es"},{"@type":"Organization","@id":"https:\/\/noticiasya.com\/#organization","name":"Noticias","url":"https:\/\/noticiasya.com\/","logo":{"@type":"ImageObject","inLanguage":"es","@id":"https:\/\/noticiasya.com\/#\/schema\/logo\/image\/","url":"https:\/\/noticiasya.com\/wp-content\/uploads\/sites\/22\/2023\/12\/logo-nacional.png","contentUrl":"https:\/\/noticiasya.com\/wp-content\/uploads\/sites\/22\/2023\/12\/logo-nacional.png","width":1801,"height":691,"caption":"Noticias"},"image":{"@id":"https:\/\/noticiasya.com\/#\/schema\/logo\/image\/"}}]}},"parsely":{"version":"1.1.0","canonical_url":"https:\/\/noticiasya.com\/midland-odessa\/2025\/12\/11\/lula-maduro-llamada-venezuela-brasil-orix\/","smart_links":{"inbound":0,"outbound":0},"traffic_boost_suggestions_count":0,"meta":{"@context":"https:\/\/schema.org","@type":"NewsArticle","headline":"Lula y Maduro hablaron por tel\u00e9fono la semana pasada, dice la Presidencia de Brasil","url":"http:\/\/noticiasya.com\/midland-odessa\/2025\/12\/11\/lula-maduro-llamada-venezuela-brasil-orix\/","mainEntityOfPage":{"@type":"WebPage","@id":"http:\/\/noticiasya.com\/midland-odessa\/2025\/12\/11\/lula-maduro-llamada-venezuela-brasil-orix\/"},"thumbnailUrl":"","image":{"@type":"ImageObject","url":""},"articleSection":"Noticias Nacionales","author":[],"creator":[],"publisher":{"@type":"Organization","name":"Noticias","logo":""},"keywords":[],"dateCreated":"2025-12-11T21:03:43Z","datePublished":"2025-12-11T21:03:43Z","dateModified":"2025-12-11T21:03:43Z"},"rendered":"<script type=\"application\/ld+json\" class=\"wp-parsely-metadata\">{\"@context\":\"https:\\\/\\\/schema.org\",\"@type\":\"NewsArticle\",\"headline\":\"Lula y Maduro hablaron por tel\\u00e9fono la semana pasada, dice la Presidencia de Brasil\",\"url\":\"http:\\\/\\\/noticiasya.com\\\/midland-odessa\\\/2025\\\/12\\\/11\\\/lula-maduro-llamada-venezuela-brasil-orix\\\/\",\"mainEntityOfPage\":{\"@type\":\"WebPage\",\"@id\":\"http:\\\/\\\/noticiasya.com\\\/midland-odessa\\\/2025\\\/12\\\/11\\\/lula-maduro-llamada-venezuela-brasil-orix\\\/\"},\"thumbnailUrl\":\"\",\"image\":{\"@type\":\"ImageObject\",\"url\":\"\"},\"articleSection\":\"Noticias Nacionales\",\"author\":[],\"creator\":[],\"publisher\":{\"@type\":\"Organization\",\"name\":\"Noticias\",\"logo\":\"\"},\"keywords\":[],\"dateCreated\":\"2025-12-11T21:03:43Z\",\"datePublished\":\"2025-12-11T21:03:43Z\",\"dateModified\":\"2025-12-11T21:03:43Z\"}<\/script>","tracker_url":"https:\/\/cdn.parsely.com\/keys\/noticiasya.com\/p.js"},"jetpack_featured_media_url":"","jetpack-related-posts":[{"id":1457823,"url":"https:\/\/noticiasya.com\/midland-odessa\/2025\/01\/23\/lula-sheinbaum-relaciones-productivas-eeuu-orix\/","url_meta":{"origin":1469189,"position":0},"title":"Lula y Sheinbaum hablan sobre c\u00f3mo tener &#171;relaciones productivas&#187; con el nuevo Gobierno de EE.UU.","author":"","date":"enero 23, 2025","format":false,"excerpt":"El presidente de Brasil, Luiz In\u00e1cio Lula da Silva, y la presidenta de M\u00e9xico, Claudia Sheinbaum, hablaron por tel\u00e9fono este jueves sobre los v\u00ednculos entre sus pa\u00edses y acerca de c\u00f3mo tener \u201crelaciones productivas\u201d con todo el continente americano, incluyendo al nuevo Gobierno de Estados Unidos, dijo el mandatario brasile\u00f1o\u2026","rel":"","context":"In &quot;Noticias Nacionales&quot;","block_context":{"text":"Noticias Nacionales","link":"https:\/\/noticiasya.com\/midland-odessa\/categoria\/noticias-nacionales"},"img":{"alt_text":"","src":"","width":0,"height":0},"classes":[]},{"id":1451872,"url":"https:\/\/noticiasya.com\/midland-odessa\/2024\/08\/14\/nuevas-elecciones-venezuela-propuesta-celso-amorim-asesor-lula-da-silva-orix\/","url_meta":{"origin":1469189,"position":1},"title":"Nuevas elecciones en Venezuela: la propuesta de Celso Amorim, asesor de Lula da Silva","author":"","date":"agosto 14, 2024","format":false,"excerpt":"(CNN Espa\u00f1ol) -- Celso Amorim, el principal asesor de pol\u00edtica internacional del presidente de Brasil, Luiz In\u00e1cio Lula da Silva, propuso celebrar nuevas elecciones para contrarrestar la crisis generada en el pa\u00eds por la controversia sobre el ganador de los comicios del 28 de julio.La idea fue sugerida al presidente\u2026","rel":"","context":"In &quot;Noticias Nacionales&quot;","block_context":{"text":"Noticias Nacionales","link":"https:\/\/noticiasya.com\/midland-odessa\/categoria\/noticias-nacionales"},"img":{"alt_text":"","src":"","width":0,"height":0},"classes":[]},{"id":1455489,"url":"https:\/\/noticiasya.com\/midland-odessa\/2024\/10\/31\/analisis-lula-da-silva-el-inesperado-obstaculo-de-maduro-orix\/","url_meta":{"origin":1469189,"position":2},"title":"AN\u00c1LISIS | Lula da Silva, el inesperado obst\u00e1culo de Maduro","author":"","date":"octubre 31, 2024","format":false,"excerpt":"(CNN Espa\u00f1ol) -- Las expectativas del Gobierno de Nicol\u00e1s Maduro de ingresar a los BRICS se toparon con el inesperado veto de Brasil, que pidi\u00f3 dejar fuera a Venezuela de la lista de pa\u00edses que aspiraban a ser socios del bloque, una decisi\u00f3n que acent\u00faa las tensiones entre ambos pa\u00edses\u2026","rel":"","context":"In &quot;Noticias Nacionales&quot;","block_context":{"text":"Noticias Nacionales","link":"https:\/\/noticiasya.com\/midland-odessa\/categoria\/noticias-nacionales"},"img":{"alt_text":"","src":"","width":0,"height":0},"classes":[]},{"id":1457367,"url":"https:\/\/noticiasya.com\/midland-odessa\/2025\/01\/08\/maduro-edmundo-gonzalez-urrutia-posesion-presidencia-orix\/","url_meta":{"origin":1469189,"position":3},"title":"As\u00ed lleg\u00f3 Venezuela a este punto: tanto Maduro como Gonz\u00e1lez Urrutia apuntan a tomar posesi\u00f3n de la Presidencia","author":"","date":"enero 8, 2025","format":false,"excerpt":"El 10 de enero, seg\u00fan la Constituci\u00f3n de Venezuela, comienza el nuevo per\u00edodo de gobierno, pero la controversia por los resultados de la elecci\u00f3n del 28 de julio se mantiene viva. Tanto Nicol\u00e1s Maduro como Edmundo Gonz\u00e1lez aseguran que prestar\u00e1n juramento este viernes. \u00bfC\u00f3mo lleg\u00f3 Venezuela a este punto?El Poder\u2026","rel":"","context":"In &quot;Noticias Nacionales&quot;","block_context":{"text":"Noticias Nacionales","link":"https:\/\/noticiasya.com\/midland-odessa\/categoria\/noticias-nacionales"},"img":{"alt_text":"","src":"","width":0,"height":0},"classes":[]},{"id":1451497,"url":"https:\/\/noticiasya.com\/midland-odessa\/2024\/07\/30\/reunion-celso-amorin-nicolas-maduro-venezuela-transparencia-trax\/","url_meta":{"origin":1469189,"position":4},"title":"El enviado de Brasil se reuni\u00f3 con Nicol\u00e1s Maduro y presion\u00f3 por una mayor transparencia de los resultados electorales","author":"","date":"julio 30, 2024","format":false,"excerpt":"(CNN) -- El enviado del presidente brasile\u00f1o Luis In\u00e1cio Lula da Silva para la pol\u00edtica exterior, Celso Amorim, se reuni\u00f3 con el presidente venezolano Nicol\u00e1s Maduro y con el candidato opositor Edmundo Gonz\u00e1lez en Caracas el lunes, dijo a CNN el portavoz de Amorim.Amorim reforz\u00f3 su pedido de una mayor\u2026","rel":"","context":"In &quot;Noticias Nacionales&quot;","block_context":{"text":"Noticias Nacionales","link":"https:\/\/noticiasya.com\/midland-odessa\/categoria\/noticias-nacionales"},"img":{"alt_text":"","src":"","width":0,"height":0},"classes":[]},{"id":1451926,"url":"https:\/\/noticiasya.com\/midland-odessa\/2024\/08\/16\/lula-da-silva-gobierno-maduro-venezuela-regimen-desagradable-sesgo-autoritario-orix\/","url_meta":{"origin":1469189,"position":5},"title":"Lula da Silva dice que el Gobierno de Maduro en Venezuela es un r\u00e9gimen con un &#171;sesgo autoritario&#187;, pero &#171;no es una dictadura&#187;","author":"","date":"agosto 16, 2024","format":false,"excerpt":"(CNN Espa\u00f1ol) -- El presidente de Brasil, Luiz In\u00e1cio Lula da Silva, calific\u00f3 este viernes al Gobierno de Nicol\u00e1s Maduro en Venezuela como un r\u00e9gimen \"muy desagradable\" con un \"sesgo autoritario\", aunque aclar\u00f3 que no lo considera una dictadura.\"Creo\u00a0que\u00a0Venezuela\u00a0vive\u00a0en\u00a0un r\u00e9gimen muy\u00a0desagradable. No creo\u00a0que sea una dictadura, es diferente a una\u2026","rel":"","context":"In &quot;Noticias Nacionales&quot;","block_context":{"text":"Noticias Nacionales","link":"https:\/\/noticiasya.com\/midland-odessa\/categoria\/noticias-nacionales"},"img":{"alt_text":"","src":"","width":0,"height":0},"classes":[]}],"jetpack_sharing_enabled":true,"_links":{"self":[{"href":"https:\/\/noticiasya.com\/midland-odessa\/wp-json\/wp\/v2\/posts\/1469189","targetHints":{"allow":["GET"]}}],"collection":[{"href":"https:\/\/noticiasya.com\/midland-odessa\/wp-json\/wp\/v2\/posts"}],"about":[{"href":"https:\/\/noticiasya.com\/midland-odessa\/wp-json\/wp\/v2\/types\/post"}],"replies":[{"embeddable":true,"href":"https:\/\/noticiasya.com\/midland-odessa\/wp-json\/wp\/v2\/comments?post=1469189"}],"version-history":[{"count":0,"href":"https:\/\/noticiasya.com\/midland-odessa\/wp-json\/wp\/v2\/posts\/1469189\/revisions"}],"wp:attachment":[{"href":"https:\/\/noticiasya.com\/midland-odessa\/wp-json\/wp\/v2\/media?parent=1469189"}],"wp:term":[{"taxonomy":"category","embeddable":true,"href":"https:\/\/noticiasya.com\/midland-odessa\/wp-json\/wp\/v2\/categories?post=1469189"},{"taxonomy":"post_tag","embeddable":true,"href":"https:\/\/noticiasya.com\/midland-odessa\/wp-json\/wp\/v2\/tags?post=1469189"}],"curies":[{"name":"wp","href":"https:\/\/api.w.org\/{rel}","templated":true}]}}