{"id":1469190,"date":"2025-12-11T14:03:48","date_gmt":"2025-12-11T22:03:48","guid":{"rendered":"https:\/\/noticiasya.com\/2025\/12\/11\/chicharito-hernandez-salida-chivas-guadalajara-orix\/"},"modified":"2025-12-11T14:03:48","modified_gmt":"2025-12-11T22:03:48","slug":"chicharito-hernandez-salida-chivas-guadalajara-orix","status":"publish","type":"post","link":"https:\/\/noticiasya.com\/midland-odessa\/2025\/12\/11\/chicharito-hernandez-salida-chivas-guadalajara-orix\/","title":{"rendered":"El adi\u00f3s a Chicharito Hern\u00e1ndez: Chivas confirma su salida y se cierra un ciclo marcado por su bajo rendimiento"},"content":{"rendered":"<p>Ya es oficial: Javier \u201cChicharito\u201d Hern\u00e1ndez dej\u00f3 de ser jugador de Chivas, club que milita en la Liga MX. El club lo anunci\u00f3 este jueves, a casi dos a\u00f1os desde su regreso, a trav\u00e9s de sus redes sociales, poniendo fin a una segunda etapa que gener\u00f3 ilusi\u00f3n y un enorme foco medi\u00e1tico.<\/p>\n<p>El regreso del m\u00e1ximo goleador hist\u00f3rico de la selecci\u00f3n mexicana (52 anotaciones) hab\u00eda sido presentado como un momento ic\u00f3nico para la instituci\u00f3n, frente a un Estadio Akron con m\u00e1s de 45.000 aficionados, pero termin\u00f3 lejos de lo que aficionados y directiva hab\u00edan imaginado. Con esto, Chicharito queda como agente libre de cara al 2026 y abre la puerta a un posible regreso al f\u00fatbol de Estados Unidos.<\/p>\n<p>Cuando Chivas anunci\u00f3 su regreso en enero de 2024, el mensaje fue emocional: el hijo pr\u00f3digo, convertido ya en uno de los delanteros mexicanos m\u00e1s trascendentes de la historia, volv\u00eda al club que lo form\u00f3 y donde debut\u00f3 en 2006.<\/p>\n<p>La afici\u00f3n lo recibi\u00f3 con euforia. Se vendieron camisetas como en los mejores tiempos del Reba\u00f1o, y su presentaci\u00f3n en el Estadio Akron fue una de las m\u00e1s grandes en la historia, no solo del club, sino del f\u00fatbol mexicano.<\/p>\n<p>Sin embargo, desde el inicio qued\u00f3 claro que no ser\u00eda una estad\u00eda sencilla. Ven\u00eda de una grave lesi\u00f3n de ligamentos y con un ritmo competitivo alejado a lo que en sus mejores tiempos el delantero hab\u00eda mostrado.<\/p>\n<p>En su segunda etapa con Chivas, Chicharito jug\u00f3 poco y anot\u00f3 apenas cuatro goles en todas las competencias. Anot\u00f3 tres en Liga MX contra Puebla, Atl\u00e9tico de San Luis y Monterrey, mientras que en la Concacaf Champions Cup marc\u00f3 ante el Cibao de Rep\u00fablica Dominicana. Disput\u00f3 menos de 900 minutos en 2025, nunca pudo adue\u00f1arse del puesto de titular y, futbol\u00edsticamente, nunca se reencontr\u00f3 con aquel delantero que brill\u00f3 en Manchester United, Real Madrid y Bayer Leverkusen.<\/p>\n<p>El penal <a href=\"https:\/\/cnnespanol.cnn.com\/2025\/12\/01\/deportes\/video\/chicharito-chivas-liga-mx-cruz-azul-futbol-deportes-tv\">que fall\u00f3 contra Cruz Azul<\/a> en los cuartos de final del Apertura 2025 marc\u00f3 el final de su paso por el club. Esa jugada lo coloc\u00f3 en el centro del debate nacional y, posiblemente, aceler\u00f3 decisiones que ya se ven\u00edan discutiendo en el interior de la directiva.<\/p>\n<p>Chivas agradeci\u00f3 y destac\u00f3 la experiencia que Hern\u00e1ndez lleg\u00f3 para aportar, adem\u00e1s de se\u00f1alarlo como una gu\u00eda para los integrantes m\u00e1s j\u00f3venes del plantel, en donde destacan a Armando la \u201cHormiga\u201d Gonz\u00e1lez, quien terminara como goleador del Apertura 2025. La instituci\u00f3n finaliz\u00f3 el comunicado tambi\u00e9n dese\u00e1ndole el mayor de los \u00e9xitos en sus futuros proyectos.<\/p>\n<p>El primer ciclo de Chicharito en Chivas fue brillante. Fue campe\u00f3n en 2006 \u2014aunque con un rol secundario\u2014, despu\u00e9s se hizo figura y lo ratific\u00f3 terminando como goleador en el Bicentenario 2010, lo que le vali\u00f3 fichar con el Manchester United.<\/p>\n<p>La segunda etapa, en cambio, deja sensaciones mixtas: emoci\u00f3n, nostalgia, algunos destellos, pero tambi\u00e9n lesiones, falta de ritmo, claras ocasiones de gol perdidas y un penal que quedar\u00e1 como s\u00edmbolo de un cierre amargo.<\/p>\n<p>El final pudo ser distinto. Aquel penal, en caso de haberlo convertirlo, le daba moment\u00e1neamente el pase a la semifinal al Reba\u00f1o Sagrado y, quiz\u00e1s, el final que Chicharito tanto hab\u00eda so\u00f1ado en el club de sus amores.<\/p>\n<p>The-CNN-Wire<br \/>&trade; &amp; &copy; 2025 Cable News Network, Inc., a Warner Bros. Discovery Company. All rights reserved.<\/p>\n","protected":false},"excerpt":{"rendered":"<p>Ya es oficial: Javier \u201cChicharito\u201d Hern\u00e1ndez dej\u00f3 de ser jugador de Chivas, club que milita en la Liga MX. El club lo anunci\u00f3 este jueves, a casi dos a\u00f1os desde su regreso, a trav\u00e9s de sus redes sociales, poniendo fin a una segunda etapa que gener\u00f3 ilusi\u00f3n y un enorme foco medi\u00e1tico. El regreso del [&hellip;]<\/p>\n","protected":false},"author":0,"featured_media":0,"comment_status":"open","ping_status":"open","sticky":false,"template":"","format":"standard","meta":{"_jetpack_memberships_contains_paid_content":false,"footnotes":""},"categories":[10],"tags":[],"class_list":["post-1469190","post","type-post","status-publish","format-standard","hentry","category-noticias-nacionales","market-global"],"yoast_head":"<!-- This site is optimized with the Yoast SEO plugin v24.4 - https:\/\/yoast.com\/wordpress\/plugins\/seo\/ -->\n<title>El adi\u00f3s a Chicharito Hern\u00e1ndez: Chivas confirma su salida y se cierra un ciclo marcado por su bajo rendimiento - Noticias<\/title>\n<meta name=\"robots\" content=\"index, follow, max-snippet:-1, max-image-preview:large, max-video-preview:-1\" \/>\n<link rel=\"canonical\" href=\"https:\/\/noticiasya.com\/2025\/12\/11\/chicharito-hernandez-salida-chivas-guadalajara-orix\/\" \/>\n<meta property=\"og:locale\" content=\"es_ES\" \/>\n<meta property=\"og:type\" content=\"article\" \/>\n<meta property=\"og:title\" content=\"El adi\u00f3s a Chicharito Hern\u00e1ndez: Chivas confirma su salida y se cierra un ciclo marcado por su bajo rendimiento - Noticias\" \/>\n<meta property=\"og:description\" content=\"Ya es oficial: Javier \u201cChicharito\u201d Hern\u00e1ndez dej\u00f3 de ser jugador de Chivas, club que milita en la Liga MX. El club lo anunci\u00f3 este jueves, a casi dos a\u00f1os desde su regreso, a trav\u00e9s de sus redes sociales, poniendo fin a una segunda etapa que gener\u00f3 ilusi\u00f3n y un enorme foco medi\u00e1tico. El regreso del [&hellip;]\" \/>\n<meta property=\"og:url\" content=\"https:\/\/noticiasya.com\/2025\/12\/11\/chicharito-hernandez-salida-chivas-guadalajara-orix\/\" \/>\n<meta property=\"og:site_name\" content=\"Noticias\" \/>\n<meta property=\"article:published_time\" content=\"2025-12-11T22:03:48+00:00\" \/>\n<meta name=\"twitter:card\" content=\"summary_large_image\" \/>\n<meta name=\"twitter:label1\" content=\"Est. reading time\" \/>\n\t<meta name=\"twitter:data1\" content=\"3 minutos\" \/>\n<script type=\"application\/ld+json\" class=\"yoast-schema-graph\">{\"@context\":\"https:\/\/schema.org\",\"@graph\":[{\"@type\":\"Article\",\"@id\":\"https:\/\/noticiasya.com\/2025\/12\/11\/chicharito-hernandez-salida-chivas-guadalajara-orix\/#article\",\"isPartOf\":{\"@id\":\"https:\/\/noticiasya.com\/2025\/12\/11\/chicharito-hernandez-salida-chivas-guadalajara-orix\/\"},\"author\":{\"name\":\"\",\"@id\":\"\"},\"headline\":\"El adi\u00f3s a Chicharito Hern\u00e1ndez: Chivas confirma su salida y se cierra un ciclo marcado por su bajo rendimiento\",\"datePublished\":\"2025-12-11T22:03:48+00:00\",\"mainEntityOfPage\":{\"@id\":\"https:\/\/noticiasya.com\/2025\/12\/11\/chicharito-hernandez-salida-chivas-guadalajara-orix\/\"},\"wordCount\":608,\"commentCount\":0,\"publisher\":{\"@id\":\"https:\/\/noticiasya.com\/#organization\"},\"articleSection\":[\"Noticias Nacionales\"],\"inLanguage\":\"es\",\"potentialAction\":[{\"@type\":\"CommentAction\",\"name\":\"Comment\",\"target\":[\"https:\/\/noticiasya.com\/2025\/12\/11\/chicharito-hernandez-salida-chivas-guadalajara-orix\/#respond\"]}]},{\"@type\":\"WebPage\",\"@id\":\"https:\/\/noticiasya.com\/2025\/12\/11\/chicharito-hernandez-salida-chivas-guadalajara-orix\/\",\"url\":\"https:\/\/noticiasya.com\/2025\/12\/11\/chicharito-hernandez-salida-chivas-guadalajara-orix\/\",\"name\":\"El adi\u00f3s a Chicharito Hern\u00e1ndez: Chivas confirma su salida y se cierra un ciclo marcado por su bajo rendimiento - Noticias\",\"isPartOf\":{\"@id\":\"https:\/\/noticiasya.com\/#website\"},\"datePublished\":\"2025-12-11T22:03:48+00:00\",\"breadcrumb\":{\"@id\":\"https:\/\/noticiasya.com\/2025\/12\/11\/chicharito-hernandez-salida-chivas-guadalajara-orix\/#breadcrumb\"},\"inLanguage\":\"es\",\"potentialAction\":[{\"@type\":\"ReadAction\",\"target\":[\"https:\/\/noticiasya.com\/2025\/12\/11\/chicharito-hernandez-salida-chivas-guadalajara-orix\/\"]}]},{\"@type\":\"BreadcrumbList\",\"@id\":\"https:\/\/noticiasya.com\/2025\/12\/11\/chicharito-hernandez-salida-chivas-guadalajara-orix\/#breadcrumb\",\"itemListElement\":[{\"@type\":\"ListItem\",\"position\":1,\"name\":\"Home\",\"item\":\"https:\/\/noticiasya.com\/\"},{\"@type\":\"ListItem\",\"position\":2,\"name\":\"El adi\u00f3s a Chicharito Hern\u00e1ndez: Chivas confirma su salida y se cierra un ciclo marcado por su bajo rendimiento\"}]},{\"@type\":\"WebSite\",\"@id\":\"https:\/\/noticiasya.com\/#website\",\"url\":\"https:\/\/noticiasya.com\/\",\"name\":\"Noticias\",\"description\":\"Lo que importa\",\"publisher\":{\"@id\":\"https:\/\/noticiasya.com\/#organization\"},\"potentialAction\":[{\"@type\":\"SearchAction\",\"target\":{\"@type\":\"EntryPoint\",\"urlTemplate\":\"https:\/\/noticiasya.com\/?s={search_term_string}\"},\"query-input\":{\"@type\":\"PropertyValueSpecification\",\"valueRequired\":true,\"valueName\":\"search_term_string\"}}],\"inLanguage\":\"es\"},{\"@type\":\"Organization\",\"@id\":\"https:\/\/noticiasya.com\/#organization\",\"name\":\"Noticias\",\"url\":\"https:\/\/noticiasya.com\/\",\"logo\":{\"@type\":\"ImageObject\",\"inLanguage\":\"es\",\"@id\":\"https:\/\/noticiasya.com\/#\/schema\/logo\/image\/\",\"url\":\"https:\/\/noticiasya.com\/wp-content\/uploads\/sites\/22\/2023\/12\/logo-nacional.png\",\"contentUrl\":\"https:\/\/noticiasya.com\/wp-content\/uploads\/sites\/22\/2023\/12\/logo-nacional.png\",\"width\":1801,\"height\":691,\"caption\":\"Noticias\"},\"image\":{\"@id\":\"https:\/\/noticiasya.com\/#\/schema\/logo\/image\/\"}}]}<\/script>\n<!-- \/ Yoast SEO plugin. -->","yoast_head_json":{"title":"El adi\u00f3s a Chicharito Hern\u00e1ndez: Chivas confirma su salida y se cierra un ciclo marcado por su bajo rendimiento - Noticias","robots":{"index":"index","follow":"follow","max-snippet":"max-snippet:-1","max-image-preview":"max-image-preview:large","max-video-preview":"max-video-preview:-1"},"canonical":"https:\/\/noticiasya.com\/2025\/12\/11\/chicharito-hernandez-salida-chivas-guadalajara-orix\/","og_locale":"es_ES","og_type":"article","og_title":"El adi\u00f3s a Chicharito Hern\u00e1ndez: Chivas confirma su salida y se cierra un ciclo marcado por su bajo rendimiento - Noticias","og_description":"Ya es oficial: Javier \u201cChicharito\u201d Hern\u00e1ndez dej\u00f3 de ser jugador de Chivas, club que milita en la Liga MX. El club lo anunci\u00f3 este jueves, a casi dos a\u00f1os desde su regreso, a trav\u00e9s de sus redes sociales, poniendo fin a una segunda etapa que gener\u00f3 ilusi\u00f3n y un enorme foco medi\u00e1tico. El regreso del [&hellip;]","og_url":"https:\/\/noticiasya.com\/2025\/12\/11\/chicharito-hernandez-salida-chivas-guadalajara-orix\/","og_site_name":"Noticias","article_published_time":"2025-12-11T22:03:48+00:00","twitter_card":"summary_large_image","twitter_misc":{"Est. reading time":"3 minutos"},"schema":{"@context":"https:\/\/schema.org","@graph":[{"@type":"Article","@id":"https:\/\/noticiasya.com\/2025\/12\/11\/chicharito-hernandez-salida-chivas-guadalajara-orix\/#article","isPartOf":{"@id":"https:\/\/noticiasya.com\/2025\/12\/11\/chicharito-hernandez-salida-chivas-guadalajara-orix\/"},"author":{"name":"","@id":""},"headline":"El adi\u00f3s a Chicharito Hern\u00e1ndez: Chivas confirma su salida y se cierra un ciclo marcado por su bajo rendimiento","datePublished":"2025-12-11T22:03:48+00:00","mainEntityOfPage":{"@id":"https:\/\/noticiasya.com\/2025\/12\/11\/chicharito-hernandez-salida-chivas-guadalajara-orix\/"},"wordCount":608,"commentCount":0,"publisher":{"@id":"https:\/\/noticiasya.com\/#organization"},"articleSection":["Noticias Nacionales"],"inLanguage":"es","potentialAction":[{"@type":"CommentAction","name":"Comment","target":["https:\/\/noticiasya.com\/2025\/12\/11\/chicharito-hernandez-salida-chivas-guadalajara-orix\/#respond"]}]},{"@type":"WebPage","@id":"https:\/\/noticiasya.com\/2025\/12\/11\/chicharito-hernandez-salida-chivas-guadalajara-orix\/","url":"https:\/\/noticiasya.com\/2025\/12\/11\/chicharito-hernandez-salida-chivas-guadalajara-orix\/","name":"El adi\u00f3s a Chicharito Hern\u00e1ndez: Chivas confirma su salida y se cierra un ciclo marcado por su bajo rendimiento - Noticias","isPartOf":{"@id":"https:\/\/noticiasya.com\/#website"},"datePublished":"2025-12-11T22:03:48+00:00","breadcrumb":{"@id":"https:\/\/noticiasya.com\/2025\/12\/11\/chicharito-hernandez-salida-chivas-guadalajara-orix\/#breadcrumb"},"inLanguage":"es","potentialAction":[{"@type":"ReadAction","target":["https:\/\/noticiasya.com\/2025\/12\/11\/chicharito-hernandez-salida-chivas-guadalajara-orix\/"]}]},{"@type":"BreadcrumbList","@id":"https:\/\/noticiasya.com\/2025\/12\/11\/chicharito-hernandez-salida-chivas-guadalajara-orix\/#breadcrumb","itemListElement":[{"@type":"ListItem","position":1,"name":"Home","item":"https:\/\/noticiasya.com\/"},{"@type":"ListItem","position":2,"name":"El adi\u00f3s a Chicharito Hern\u00e1ndez: Chivas confirma su salida y se cierra un ciclo marcado por su bajo rendimiento"}]},{"@type":"WebSite","@id":"https:\/\/noticiasya.com\/#website","url":"https:\/\/noticiasya.com\/","name":"Noticias","description":"Lo que importa","publisher":{"@id":"https:\/\/noticiasya.com\/#organization"},"potentialAction":[{"@type":"SearchAction","target":{"@type":"EntryPoint","urlTemplate":"https:\/\/noticiasya.com\/?s={search_term_string}"},"query-input":{"@type":"PropertyValueSpecification","valueRequired":true,"valueName":"search_term_string"}}],"inLanguage":"es"},{"@type":"Organization","@id":"https:\/\/noticiasya.com\/#organization","name":"Noticias","url":"https:\/\/noticiasya.com\/","logo":{"@type":"ImageObject","inLanguage":"es","@id":"https:\/\/noticiasya.com\/#\/schema\/logo\/image\/","url":"https:\/\/noticiasya.com\/wp-content\/uploads\/sites\/22\/2023\/12\/logo-nacional.png","contentUrl":"https:\/\/noticiasya.com\/wp-content\/uploads\/sites\/22\/2023\/12\/logo-nacional.png","width":1801,"height":691,"caption":"Noticias"},"image":{"@id":"https:\/\/noticiasya.com\/#\/schema\/logo\/image\/"}}]}},"parsely":{"version":"1.1.0","canonical_url":"https:\/\/noticiasya.com\/midland-odessa\/2025\/12\/11\/chicharito-hernandez-salida-chivas-guadalajara-orix\/","smart_links":{"inbound":0,"outbound":0},"traffic_boost_suggestions_count":0,"meta":{"@context":"https:\/\/schema.org","@type":"NewsArticle","headline":"El adi\u00f3s a Chicharito Hern\u00e1ndez: Chivas confirma su salida y se cierra un ciclo marcado por su bajo rendimiento","url":"http:\/\/noticiasya.com\/midland-odessa\/2025\/12\/11\/chicharito-hernandez-salida-chivas-guadalajara-orix\/","mainEntityOfPage":{"@type":"WebPage","@id":"http:\/\/noticiasya.com\/midland-odessa\/2025\/12\/11\/chicharito-hernandez-salida-chivas-guadalajara-orix\/"},"thumbnailUrl":"","image":{"@type":"ImageObject","url":""},"articleSection":"Noticias Nacionales","author":[],"creator":[],"publisher":{"@type":"Organization","name":"Noticias","logo":""},"keywords":[],"dateCreated":"2025-12-11T22:03:48Z","datePublished":"2025-12-11T22:03:48Z","dateModified":"2025-12-11T22:03:48Z"},"rendered":"<script type=\"application\/ld+json\" class=\"wp-parsely-metadata\">{\"@context\":\"https:\\\/\\\/schema.org\",\"@type\":\"NewsArticle\",\"headline\":\"El adi\\u00f3s a Chicharito Hern\\u00e1ndez: Chivas confirma su salida y se cierra un ciclo marcado por su bajo rendimiento\",\"url\":\"http:\\\/\\\/noticiasya.com\\\/midland-odessa\\\/2025\\\/12\\\/11\\\/chicharito-hernandez-salida-chivas-guadalajara-orix\\\/\",\"mainEntityOfPage\":{\"@type\":\"WebPage\",\"@id\":\"http:\\\/\\\/noticiasya.com\\\/midland-odessa\\\/2025\\\/12\\\/11\\\/chicharito-hernandez-salida-chivas-guadalajara-orix\\\/\"},\"thumbnailUrl\":\"\",\"image\":{\"@type\":\"ImageObject\",\"url\":\"\"},\"articleSection\":\"Noticias Nacionales\",\"author\":[],\"creator\":[],\"publisher\":{\"@type\":\"Organization\",\"name\":\"Noticias\",\"logo\":\"\"},\"keywords\":[],\"dateCreated\":\"2025-12-11T22:03:48Z\",\"datePublished\":\"2025-12-11T22:03:48Z\",\"dateModified\":\"2025-12-11T22:03:48Z\"}<\/script>","tracker_url":"https:\/\/cdn.parsely.com\/keys\/noticiasya.com\/p.js"},"jetpack_featured_media_url":"","jetpack-related-posts":[{"id":1464821,"url":"https:\/\/noticiasya.com\/midland-odessa\/2025\/07\/24\/javier-chicharito-hernandez-sexista-que-dijo-orix\/","url_meta":{"origin":1469190,"position":0},"title":"Javier &#171;Chicharito&#187; Hern\u00e1ndez recibe multa por promover estereotipos sexistas: \u00bfqu\u00e9 dijo?","author":"","date":"julio 24, 2025","format":false,"excerpt":"Javier \u201cChicharito\u201d Hern\u00e1ndez, delantero de las Chivas de Guadalajara y m\u00e1ximo goleador de la selecci\u00f3n mexicana de f\u00fatbol, recibi\u00f3 una multa econ\u00f3mica y un apercibimiento por \u201cdeclaraciones que promueven estereotipos sexistas\u201d, dijo la Federaci\u00f3n Mexicana de F\u00fatbol (FMF) en un comunicado el mi\u00e9rcoles, sin especificar el monto.En las \u00faltimas semanas,\u2026","rel":"","context":"In &quot;Noticias Nacionales&quot;","block_context":{"text":"Noticias Nacionales","link":"https:\/\/noticiasya.com\/midland-odessa\/categoria\/noticias-nacionales"},"img":{"alt_text":"","src":"","width":0,"height":0},"classes":[]},{"id":1464844,"url":"https:\/\/noticiasya.com\/midland-odessa\/2025\/07\/25\/5-cosas-25-julio-orix\/","url_meta":{"origin":1469190,"position":1},"title":"Las 5 cosas que debes saber este 25 de julio: Deportados de EE.UU., hambre en Gaza y Powell vs. Trump","author":"","date":"julio 25, 2025","format":false,"excerpt":"Trump se enfrenta a Powell durante la visita a la renovaci\u00f3n de la Fed. Francia reconocer\u00e1 al Estado palestino. Muere Hulk Hogan, leyenda de la lucha libre profesional. \u00bfCu\u00e1ntos conflictos est\u00e1n activos en este momento en el mundo? Esto es lo que debes saber para comenzar el d\u00eda. Primero la\u2026","rel":"","context":"In &quot;Noticias Nacionales&quot;","block_context":{"text":"Noticias Nacionales","link":"https:\/\/noticiasya.com\/midland-odessa\/categoria\/noticias-nacionales"},"img":{"alt_text":"","src":"","width":0,"height":0},"classes":[]},{"id":1467161,"url":"https:\/\/noticiasya.com\/midland-odessa\/2025\/10\/06\/omar-bravo-carrera-goleador-chivas-guadalajara-orix\/","url_meta":{"origin":1469190,"position":2},"title":"Omar Bravo, de estrella de las Chivas de Guadalajara y M\u00e9xico, a detenido por sospechas de abuso sexual infantil","author":"","date":"octubre 6, 2025","format":false,"excerpt":"Son horas tensas en la vida de Omar Bravo, el exfutbolista mexicano que fue arrestado bajo sospecha de abuso sexual de menores, seg\u00fan la Fiscal\u00eda del Estado de Jalisco, citada por The Associated Press.Las autoridades mexicanas informaron en un comunicado que las investigaciones indican que Bravo presuntamente abus\u00f3 de una\u2026","rel":"","context":"In &quot;Noticias Nacionales&quot;","block_context":{"text":"Noticias Nacionales","link":"https:\/\/noticiasya.com\/midland-odessa\/categoria\/noticias-nacionales"},"img":{"alt_text":"","src":"","width":0,"height":0},"classes":[]},{"id":1467970,"url":"https:\/\/noticiasya.com\/midland-odessa\/2025\/11\/02\/liga-mx-playoff-clasificados-eliminados-orix\/","url_meta":{"origin":1469190,"position":3},"title":"Arde la Liga MX a una jornada del final: los clasificados, los que tienen chances y los que dijeron adi\u00f3s","author":"","date":"noviembre 2, 2025","format":false,"excerpt":"Finaliz\u00f3 la jornada 16 del torneo Apertura de la Liga MX y, a una fecha del final de la fase regular, a\u00fan hay bastante por definir, especialmente en el cierre de las posiciones que dan una clasificaci\u00f3n directa a los playoffs y al play-in.El triunfo de las Chivas de Guadalajara\u2026","rel":"","context":"In &quot;Noticias Nacionales&quot;","block_context":{"text":"Noticias Nacionales","link":"https:\/\/noticiasya.com\/midland-odessa\/categoria\/noticias-nacionales"},"img":{"alt_text":"","src":"","width":0,"height":0},"classes":[]},{"id":1469919,"url":"https:\/\/noticiasya.com\/midland-odessa\/2026\/01\/08\/liga-mx-comienza-clausura-2026-orix\/","url_meta":{"origin":1469190,"position":4},"title":"Lo que debes saber del Clausura 2026 de la Liga MX, torneo que se jugar\u00e1 a la sombra del Mundial 2026","author":"","date":"enero 8, 2026","format":false,"excerpt":"La Liga MX est\u00e1 de vuelta. Este viernes 9 de enero comienza oficialmente el Clausura 2026, un torneo que no ser\u00e1 uno m\u00e1s en la historia del futbol mexicano, ya que estar\u00e1 profundamente marcado por la cercan\u00eda del Mundial de 2026, que se celebrar\u00e1 en M\u00e9xico, Estados Unidos y Canad\u00e1.La\u2026","rel":"","context":"In &quot;Noticias Nacionales&quot;","block_context":{"text":"Noticias Nacionales","link":"https:\/\/noticiasya.com\/midland-odessa\/categoria\/noticias-nacionales"},"img":{"alt_text":"","src":"","width":0,"height":0},"classes":[]},{"id":1473254,"url":"https:\/\/noticiasya.com\/midland-odessa\/2026\/04\/16\/messi-compro-unio-esportiva-cornella-orix\/","url_meta":{"origin":1469190,"position":5},"title":"Conoce al Uni\u00f3 Esportiva Cornell\u00e0, el equipo que compr\u00f3 Lionel Messi en el ascenso de Espa\u00f1a","author":"","date":"abril 16, 2026","format":false,"excerpt":"\u201cEl futbolista argentino y ocho veces Bal\u00f3n de Oro, Leo Messi, ha formalizado la adquisici\u00f3n de la UE Cornell\u00e0\u201d.Con esa escueta l\u00ednea introductoria, la Uni\u00f3 Esportiva Cornell\u00e0 de Espa\u00f1a revolucion\u00f3 a su modo el mundo del f\u00fatbol este jueves, cuando anunci\u00f3 que el club pasaba a manos de la estrella\u2026","rel":"","context":"In &quot;Noticias Nacionales&quot;","block_context":{"text":"Noticias Nacionales","link":"https:\/\/noticiasya.com\/midland-odessa\/categoria\/noticias-nacionales"},"img":{"alt_text":"","src":"","width":0,"height":0},"classes":[]}],"jetpack_sharing_enabled":true,"_links":{"self":[{"href":"https:\/\/noticiasya.com\/midland-odessa\/wp-json\/wp\/v2\/posts\/1469190","targetHints":{"allow":["GET"]}}],"collection":[{"href":"https:\/\/noticiasya.com\/midland-odessa\/wp-json\/wp\/v2\/posts"}],"about":[{"href":"https:\/\/noticiasya.com\/midland-odessa\/wp-json\/wp\/v2\/types\/post"}],"replies":[{"embeddable":true,"href":"https:\/\/noticiasya.com\/midland-odessa\/wp-json\/wp\/v2\/comments?post=1469190"}],"version-history":[{"count":0,"href":"https:\/\/noticiasya.com\/midland-odessa\/wp-json\/wp\/v2\/posts\/1469190\/revisions"}],"wp:attachment":[{"href":"https:\/\/noticiasya.com\/midland-odessa\/wp-json\/wp\/v2\/media?parent=1469190"}],"wp:term":[{"taxonomy":"category","embeddable":true,"href":"https:\/\/noticiasya.com\/midland-odessa\/wp-json\/wp\/v2\/categories?post=1469190"},{"taxonomy":"post_tag","embeddable":true,"href":"https:\/\/noticiasya.com\/midland-odessa\/wp-json\/wp\/v2\/tags?post=1469190"}],"curies":[{"name":"wp","href":"https:\/\/api.w.org\/{rel}","templated":true}]}}