{"id":1469193,"date":"2025-12-11T15:03:51","date_gmt":"2025-12-11T23:03:51","guid":{"rendered":"https:\/\/noticiasya.com\/2025\/12\/11\/maria-corina-machado-clandestinidad-viaje-oslo-orix\/"},"modified":"2025-12-11T15:03:51","modified_gmt":"2025-12-11T23:03:51","slug":"maria-corina-machado-clandestinidad-viaje-oslo-orix","status":"publish","type":"post","link":"https:\/\/noticiasya.com\/midland-odessa\/2025\/12\/11\/maria-corina-machado-clandestinidad-viaje-oslo-orix\/","title":{"rendered":"De la clandestinidad a la salida de pel\u00edcula desde Venezuela: lo que vivi\u00f3 Mar\u00eda Corina Machado y lo que sigue ahora"},"content":{"rendered":"<p>La primera noche no ha sido f\u00e1cil, dado que no ha descansado por la ilusi\u00f3n por encontrarse en Oslo y reunirse de nuevo con su familia y amigos despu\u00e9s de meses en la clandestinidad. Pero pasar la noche en vela no parece que se haya cobrado un peaje sobre Mar\u00eda Corina Machado, l\u00edder opositora venezolana y ganadora del Premio Nobel de la Paz 2025, quien se dej\u00f3 ver sin rastro de cansancio cuando <a href=\"https:\/\/cnnespanol.cnn.com\/venezuela\/live-news\/maria-corina-machado-noruega-en-vivo-orix\">apareci\u00f3 este jueves frente a los medios de comunicaci\u00f3n<\/a>.<\/p>\n<p>\u201cHa sido uno de los momentos m\u00e1s extraordinarios y espirituales de mi vida\u201d, afirmaba emocionada junto al primer ministro noruego, Jonas Gahr, cuando se\u00f1alaba que no pudo resistirse a abrazar a sus tres hijos a la vez cuando los vio en el Grand Hotel de Oslo, donde se hospeda.<\/p>\n<p>A lo largo de este jueves, Machado ha atendido a los medios de comunicaci\u00f3n en dos ruedas de prensa diferentes. Una m\u00e1s breve junto a Ghar y otra, m\u00e1s extendida, desde uno de los salones del hotel en el que se aloja. En ambas oportunidades una pregunta ha sido com\u00fan: \u00bfc\u00f3mo lo hizo para salir de Venezuela?<\/p>\n<p>\u201cAlg\u00fan d\u00eda os lo contar\u00e9 c\u00f3mo lo hice\u201d, aseguraba ante una pregunta de CNN. \u201cPero ha sido toda una experiencia\u201d. Unas palabras a las que acompa\u00f1\u00f3 de su agradecimiento hacia \u201ctodos los hombres y mujeres que arriesgaron sus vidas para que hoy estuviera aqu\u00ed\u201d.<\/p>\n<p>Aunque Machado no ha llegado a desgranar c\u00f3mo logr\u00f3 salir de su pa\u00eds natal, algunos reportes han empezado a dar algunos detalles.<\/p>\n<p>La traves\u00eda, <a href=\"https:\/\/www.cnn.com\/2025\/12\/11\/americas\/venezuela-machado-us-support-intl\">seg\u00fan un reporte de The Wall Street Journal<\/a>, incluy\u00f3 t\u00e1cticas que parecen sacadas de una pel\u00edcula: Machado sali\u00f3 de Venezuela tras lograr pasar por retenes militares disfrazada con una peluca y, ya en la costa, a bordo de una lancha pesquera que la llev\u00f3 hasta Curazao. Desde ah\u00ed, tom\u00f3 un vuelo privado que recorri\u00f3 m\u00e1s de 8.000 kil\u00f3metros para trasladarla a Oslo para su cita con el Nobel. CNN no ha podido corroborar estos detalles de forma independiente, mientras que el Departamento de Estado de Estados Unidos ha declinado comentar sobre el tema.<\/p>\n<p>Este jueves, Machado ha evitado revelar c\u00f3mo fue su salida de Venezuela, con el objeto de \u201cno poner en riesgo\u201d a quienes la ayudaron. Lo que s\u00ed dijo fue que recibi\u00f3 ayuda del Gobierno de Estados Unidos para ese fin. Ahora bien, que las autoridades venezolanas desconocieran su paradero quiz\u00e1 ayud\u00f3 a facilitar esa salida, dado que como ella misma reconoci\u00f3 a CNN: \u201cNo creo que supieran d\u00f3nde he estado (durante este tiempo). De saberlo, habr\u00edan hecho todo lo posible para impedirme estar aqu\u00ed\u201d.<\/p>\n<p>La aparici\u00f3n de Machado en p\u00fablico esta semana <a href=\"https:\/\/cnnespanol.cnn.com\/mundo\/live-news\/corina-machado-entrega-premio-nobel-paz-orix?post-id=cmj0rdo950000356svt8wcp8g\">fue la primera en 11 meses<\/a>. La l\u00edder opositora, exdiputada y cabeza del movimiento pol\u00edtico Vente Venezuela entr\u00f3 en la clandestinidad en enero de este a\u00f1o, luego de la investidura de Nicol\u00e1s Maduro para un nuevo per\u00edodo presidencial.<\/p>\n<p>Machado, quien desde entonces sigui\u00f3 dando entrevistas y participando en foros de forma virtual, sostuvo que decidi\u00f3 esconderse por temor a su integridad y la de su c\u00edrculo cercano ante posibles represalias del Gobierno de Maduro. Por su parte, tanto el mandatario como altas figuras del oficialismo venezolano \u2014como el ministro del Interior, Diosdado Cabello, o el presidente de la Asamblea Nacional, Jorge Rodr\u00edguez\u2014 continuamente descalificaron a Machado, minimizaron su peso pol\u00edtico e incluso se burlaron de que hubiera decidido resguardarse.<\/p>\n<p>El 10 de octubre, sin embargo, el Comit\u00e9 Noruego del Nobel dio una sorpresa a la c\u00fapula pol\u00edtica de Venezuela. Esa ma\u00f1ana, la instancia anunci\u00f3 su determinaci\u00f3n <a href=\"https:\/\/cnnespanol.cnn.com\/2025\/10\/10\/venezuela\/maria-corina-machado-nobel-impacto-futuro-orix\">de otorgar a Machado el Nobel de la Paz 2025<\/a>, por lo que describi\u00f3 como su lucha por la democracia y los derechos ciudadanos en su pa\u00eds. Machado, a\u00fan en la clandestinidad, agradeci\u00f3 entonces el reconocimiento, que consider\u00f3 un paso a favor de que se produzca una transici\u00f3n en Venezuela.<\/p>\n<p>A dos meses del anuncio y mientras Machado cuenta con el respaldo de varios mandatarios, pero tambi\u00e9n al tiempo que est\u00e1 a miles de kil\u00f3metros de Venezuela, las dudas este jueves permanecen en el aire. \u00bfQu\u00e9 har\u00e1 ahora? \u00bfCu\u00e1les son sus planes?<\/p>\n<p>Por lo pronto, se\u00f1alaba en sus intervenciones ante la prensa, pretende dedicar algo de tiempo a los familiares y amigos que se encuentran junto a ella en Oslo. Incluso, intentar\u00e1 sacar tiempo para ir al m\u00e9dico a realizarse alg\u00fan chequeo.<\/p>\n<p>Y entre todas las preguntas, s\u00ed tiene una certeza. En el futuro, aunque sin una fecha concreta en el calendario, dice que regresar\u00e1 a Venezuela y que, cuando eso ocurra, si \u201cel r\u00e9gimen sigue en el poder\u201d, volver\u00e1 a rodearse de su gente. En una respuesta a CNN, convencida de que el movimiento que encabeza no har\u00e1 otra cosa que crecer, asegur\u00f3: \u201cY no sabr\u00e1n donde estoy, tenemos formas para lograrlo\u201d.<\/p>\n<p>The-CNN-Wire<br \/>&trade; &amp; &copy; 2025 Cable News Network, Inc., a Warner Bros. Discovery Company. All rights reserved.<\/p>\n","protected":false},"excerpt":{"rendered":"<p>La primera noche no ha sido f\u00e1cil, dado que no ha descansado por la ilusi\u00f3n por encontrarse en Oslo y reunirse de nuevo con su familia y amigos despu\u00e9s de meses en la clandestinidad. Pero pasar la noche en vela no parece que se haya cobrado un peaje sobre Mar\u00eda Corina Machado, l\u00edder opositora venezolana [&hellip;]<\/p>\n","protected":false},"author":0,"featured_media":0,"comment_status":"open","ping_status":"open","sticky":false,"template":"","format":"standard","meta":{"_jetpack_memberships_contains_paid_content":false,"footnotes":""},"categories":[10],"tags":[],"class_list":["post-1469193","post","type-post","status-publish","format-standard","hentry","category-noticias-nacionales","market-global"],"yoast_head":"<!-- This site is optimized with the Yoast SEO plugin v24.4 - https:\/\/yoast.com\/wordpress\/plugins\/seo\/ -->\n<title>De la clandestinidad a la salida de pel\u00edcula desde Venezuela: lo que vivi\u00f3 Mar\u00eda Corina Machado y lo que sigue ahora - Noticias<\/title>\n<meta name=\"robots\" content=\"index, follow, max-snippet:-1, max-image-preview:large, max-video-preview:-1\" \/>\n<link rel=\"canonical\" href=\"https:\/\/noticiasya.com\/2025\/12\/11\/maria-corina-machado-clandestinidad-viaje-oslo-orix\/\" \/>\n<meta property=\"og:locale\" content=\"es_ES\" \/>\n<meta property=\"og:type\" content=\"article\" \/>\n<meta property=\"og:title\" content=\"De la clandestinidad a la salida de pel\u00edcula desde Venezuela: lo que vivi\u00f3 Mar\u00eda Corina Machado y lo que sigue ahora - Noticias\" \/>\n<meta property=\"og:description\" content=\"La primera noche no ha sido f\u00e1cil, dado que no ha descansado por la ilusi\u00f3n por encontrarse en Oslo y reunirse de nuevo con su familia y amigos despu\u00e9s de meses en la clandestinidad. Pero pasar la noche en vela no parece que se haya cobrado un peaje sobre Mar\u00eda Corina Machado, l\u00edder opositora venezolana [&hellip;]\" \/>\n<meta property=\"og:url\" content=\"https:\/\/noticiasya.com\/2025\/12\/11\/maria-corina-machado-clandestinidad-viaje-oslo-orix\/\" \/>\n<meta property=\"og:site_name\" content=\"Noticias\" \/>\n<meta property=\"article:published_time\" content=\"2025-12-11T23:03:51+00:00\" \/>\n<meta name=\"twitter:card\" content=\"summary_large_image\" \/>\n<meta name=\"twitter:label1\" content=\"Est. reading time\" \/>\n\t<meta name=\"twitter:data1\" content=\"4 minutos\" \/>\n<script type=\"application\/ld+json\" class=\"yoast-schema-graph\">{\"@context\":\"https:\/\/schema.org\",\"@graph\":[{\"@type\":\"Article\",\"@id\":\"https:\/\/noticiasya.com\/2025\/12\/11\/maria-corina-machado-clandestinidad-viaje-oslo-orix\/#article\",\"isPartOf\":{\"@id\":\"https:\/\/noticiasya.com\/2025\/12\/11\/maria-corina-machado-clandestinidad-viaje-oslo-orix\/\"},\"author\":{\"name\":\"\",\"@id\":\"\"},\"headline\":\"De la clandestinidad a la salida de pel\u00edcula desde Venezuela: lo que vivi\u00f3 Mar\u00eda Corina Machado y lo que sigue ahora\",\"datePublished\":\"2025-12-11T23:03:51+00:00\",\"mainEntityOfPage\":{\"@id\":\"https:\/\/noticiasya.com\/2025\/12\/11\/maria-corina-machado-clandestinidad-viaje-oslo-orix\/\"},\"wordCount\":876,\"commentCount\":0,\"publisher\":{\"@id\":\"https:\/\/noticiasya.com\/#organization\"},\"articleSection\":[\"Noticias Nacionales\"],\"inLanguage\":\"es\",\"potentialAction\":[{\"@type\":\"CommentAction\",\"name\":\"Comment\",\"target\":[\"https:\/\/noticiasya.com\/2025\/12\/11\/maria-corina-machado-clandestinidad-viaje-oslo-orix\/#respond\"]}]},{\"@type\":\"WebPage\",\"@id\":\"https:\/\/noticiasya.com\/2025\/12\/11\/maria-corina-machado-clandestinidad-viaje-oslo-orix\/\",\"url\":\"https:\/\/noticiasya.com\/2025\/12\/11\/maria-corina-machado-clandestinidad-viaje-oslo-orix\/\",\"name\":\"De la clandestinidad a la salida de pel\u00edcula desde Venezuela: lo que vivi\u00f3 Mar\u00eda Corina Machado y lo que sigue ahora - Noticias\",\"isPartOf\":{\"@id\":\"https:\/\/noticiasya.com\/#website\"},\"datePublished\":\"2025-12-11T23:03:51+00:00\",\"breadcrumb\":{\"@id\":\"https:\/\/noticiasya.com\/2025\/12\/11\/maria-corina-machado-clandestinidad-viaje-oslo-orix\/#breadcrumb\"},\"inLanguage\":\"es\",\"potentialAction\":[{\"@type\":\"ReadAction\",\"target\":[\"https:\/\/noticiasya.com\/2025\/12\/11\/maria-corina-machado-clandestinidad-viaje-oslo-orix\/\"]}]},{\"@type\":\"BreadcrumbList\",\"@id\":\"https:\/\/noticiasya.com\/2025\/12\/11\/maria-corina-machado-clandestinidad-viaje-oslo-orix\/#breadcrumb\",\"itemListElement\":[{\"@type\":\"ListItem\",\"position\":1,\"name\":\"Home\",\"item\":\"https:\/\/noticiasya.com\/\"},{\"@type\":\"ListItem\",\"position\":2,\"name\":\"De la clandestinidad a la salida de pel\u00edcula desde Venezuela: lo que vivi\u00f3 Mar\u00eda Corina Machado y lo que sigue ahora\"}]},{\"@type\":\"WebSite\",\"@id\":\"https:\/\/noticiasya.com\/#website\",\"url\":\"https:\/\/noticiasya.com\/\",\"name\":\"Noticias\",\"description\":\"Lo que importa\",\"publisher\":{\"@id\":\"https:\/\/noticiasya.com\/#organization\"},\"potentialAction\":[{\"@type\":\"SearchAction\",\"target\":{\"@type\":\"EntryPoint\",\"urlTemplate\":\"https:\/\/noticiasya.com\/?s={search_term_string}\"},\"query-input\":{\"@type\":\"PropertyValueSpecification\",\"valueRequired\":true,\"valueName\":\"search_term_string\"}}],\"inLanguage\":\"es\"},{\"@type\":\"Organization\",\"@id\":\"https:\/\/noticiasya.com\/#organization\",\"name\":\"Noticias\",\"url\":\"https:\/\/noticiasya.com\/\",\"logo\":{\"@type\":\"ImageObject\",\"inLanguage\":\"es\",\"@id\":\"https:\/\/noticiasya.com\/#\/schema\/logo\/image\/\",\"url\":\"https:\/\/noticiasya.com\/wp-content\/uploads\/sites\/22\/2023\/12\/logo-nacional.png\",\"contentUrl\":\"https:\/\/noticiasya.com\/wp-content\/uploads\/sites\/22\/2023\/12\/logo-nacional.png\",\"width\":1801,\"height\":691,\"caption\":\"Noticias\"},\"image\":{\"@id\":\"https:\/\/noticiasya.com\/#\/schema\/logo\/image\/\"}}]}<\/script>\n<!-- \/ Yoast SEO plugin. -->","yoast_head_json":{"title":"De la clandestinidad a la salida de pel\u00edcula desde Venezuela: lo que vivi\u00f3 Mar\u00eda Corina Machado y lo que sigue ahora - Noticias","robots":{"index":"index","follow":"follow","max-snippet":"max-snippet:-1","max-image-preview":"max-image-preview:large","max-video-preview":"max-video-preview:-1"},"canonical":"https:\/\/noticiasya.com\/2025\/12\/11\/maria-corina-machado-clandestinidad-viaje-oslo-orix\/","og_locale":"es_ES","og_type":"article","og_title":"De la clandestinidad a la salida de pel\u00edcula desde Venezuela: lo que vivi\u00f3 Mar\u00eda Corina Machado y lo que sigue ahora - Noticias","og_description":"La primera noche no ha sido f\u00e1cil, dado que no ha descansado por la ilusi\u00f3n por encontrarse en Oslo y reunirse de nuevo con su familia y amigos despu\u00e9s de meses en la clandestinidad. Pero pasar la noche en vela no parece que se haya cobrado un peaje sobre Mar\u00eda Corina Machado, l\u00edder opositora venezolana [&hellip;]","og_url":"https:\/\/noticiasya.com\/2025\/12\/11\/maria-corina-machado-clandestinidad-viaje-oslo-orix\/","og_site_name":"Noticias","article_published_time":"2025-12-11T23:03:51+00:00","twitter_card":"summary_large_image","twitter_misc":{"Est. reading time":"4 minutos"},"schema":{"@context":"https:\/\/schema.org","@graph":[{"@type":"Article","@id":"https:\/\/noticiasya.com\/2025\/12\/11\/maria-corina-machado-clandestinidad-viaje-oslo-orix\/#article","isPartOf":{"@id":"https:\/\/noticiasya.com\/2025\/12\/11\/maria-corina-machado-clandestinidad-viaje-oslo-orix\/"},"author":{"name":"","@id":""},"headline":"De la clandestinidad a la salida de pel\u00edcula desde Venezuela: lo que vivi\u00f3 Mar\u00eda Corina Machado y lo que sigue ahora","datePublished":"2025-12-11T23:03:51+00:00","mainEntityOfPage":{"@id":"https:\/\/noticiasya.com\/2025\/12\/11\/maria-corina-machado-clandestinidad-viaje-oslo-orix\/"},"wordCount":876,"commentCount":0,"publisher":{"@id":"https:\/\/noticiasya.com\/#organization"},"articleSection":["Noticias Nacionales"],"inLanguage":"es","potentialAction":[{"@type":"CommentAction","name":"Comment","target":["https:\/\/noticiasya.com\/2025\/12\/11\/maria-corina-machado-clandestinidad-viaje-oslo-orix\/#respond"]}]},{"@type":"WebPage","@id":"https:\/\/noticiasya.com\/2025\/12\/11\/maria-corina-machado-clandestinidad-viaje-oslo-orix\/","url":"https:\/\/noticiasya.com\/2025\/12\/11\/maria-corina-machado-clandestinidad-viaje-oslo-orix\/","name":"De la clandestinidad a la salida de pel\u00edcula desde Venezuela: lo que vivi\u00f3 Mar\u00eda Corina Machado y lo que sigue ahora - Noticias","isPartOf":{"@id":"https:\/\/noticiasya.com\/#website"},"datePublished":"2025-12-11T23:03:51+00:00","breadcrumb":{"@id":"https:\/\/noticiasya.com\/2025\/12\/11\/maria-corina-machado-clandestinidad-viaje-oslo-orix\/#breadcrumb"},"inLanguage":"es","potentialAction":[{"@type":"ReadAction","target":["https:\/\/noticiasya.com\/2025\/12\/11\/maria-corina-machado-clandestinidad-viaje-oslo-orix\/"]}]},{"@type":"BreadcrumbList","@id":"https:\/\/noticiasya.com\/2025\/12\/11\/maria-corina-machado-clandestinidad-viaje-oslo-orix\/#breadcrumb","itemListElement":[{"@type":"ListItem","position":1,"name":"Home","item":"https:\/\/noticiasya.com\/"},{"@type":"ListItem","position":2,"name":"De la clandestinidad a la salida de pel\u00edcula desde Venezuela: lo que vivi\u00f3 Mar\u00eda Corina Machado y lo que sigue ahora"}]},{"@type":"WebSite","@id":"https:\/\/noticiasya.com\/#website","url":"https:\/\/noticiasya.com\/","name":"Noticias","description":"Lo que importa","publisher":{"@id":"https:\/\/noticiasya.com\/#organization"},"potentialAction":[{"@type":"SearchAction","target":{"@type":"EntryPoint","urlTemplate":"https:\/\/noticiasya.com\/?s={search_term_string}"},"query-input":{"@type":"PropertyValueSpecification","valueRequired":true,"valueName":"search_term_string"}}],"inLanguage":"es"},{"@type":"Organization","@id":"https:\/\/noticiasya.com\/#organization","name":"Noticias","url":"https:\/\/noticiasya.com\/","logo":{"@type":"ImageObject","inLanguage":"es","@id":"https:\/\/noticiasya.com\/#\/schema\/logo\/image\/","url":"https:\/\/noticiasya.com\/wp-content\/uploads\/sites\/22\/2023\/12\/logo-nacional.png","contentUrl":"https:\/\/noticiasya.com\/wp-content\/uploads\/sites\/22\/2023\/12\/logo-nacional.png","width":1801,"height":691,"caption":"Noticias"},"image":{"@id":"https:\/\/noticiasya.com\/#\/schema\/logo\/image\/"}}]}},"parsely":{"version":"1.1.0","canonical_url":"https:\/\/noticiasya.com\/midland-odessa\/2025\/12\/11\/maria-corina-machado-clandestinidad-viaje-oslo-orix\/","smart_links":{"inbound":0,"outbound":0},"traffic_boost_suggestions_count":0,"meta":{"@context":"https:\/\/schema.org","@type":"NewsArticle","headline":"De la clandestinidad a la salida de pel\u00edcula desde Venezuela: lo que vivi\u00f3 Mar\u00eda Corina Machado y lo que sigue ahora","url":"http:\/\/noticiasya.com\/midland-odessa\/2025\/12\/11\/maria-corina-machado-clandestinidad-viaje-oslo-orix\/","mainEntityOfPage":{"@type":"WebPage","@id":"http:\/\/noticiasya.com\/midland-odessa\/2025\/12\/11\/maria-corina-machado-clandestinidad-viaje-oslo-orix\/"},"thumbnailUrl":"","image":{"@type":"ImageObject","url":""},"articleSection":"Noticias Nacionales","author":[],"creator":[],"publisher":{"@type":"Organization","name":"Noticias","logo":""},"keywords":[],"dateCreated":"2025-12-11T23:03:51Z","datePublished":"2025-12-11T23:03:51Z","dateModified":"2025-12-11T23:03:51Z"},"rendered":"<script type=\"application\/ld+json\" class=\"wp-parsely-metadata\">{\"@context\":\"https:\\\/\\\/schema.org\",\"@type\":\"NewsArticle\",\"headline\":\"De la clandestinidad a la salida de pel\\u00edcula desde Venezuela: lo que vivi\\u00f3 Mar\\u00eda Corina Machado y lo que sigue ahora\",\"url\":\"http:\\\/\\\/noticiasya.com\\\/midland-odessa\\\/2025\\\/12\\\/11\\\/maria-corina-machado-clandestinidad-viaje-oslo-orix\\\/\",\"mainEntityOfPage\":{\"@type\":\"WebPage\",\"@id\":\"http:\\\/\\\/noticiasya.com\\\/midland-odessa\\\/2025\\\/12\\\/11\\\/maria-corina-machado-clandestinidad-viaje-oslo-orix\\\/\"},\"thumbnailUrl\":\"\",\"image\":{\"@type\":\"ImageObject\",\"url\":\"\"},\"articleSection\":\"Noticias Nacionales\",\"author\":[],\"creator\":[],\"publisher\":{\"@type\":\"Organization\",\"name\":\"Noticias\",\"logo\":\"\"},\"keywords\":[],\"dateCreated\":\"2025-12-11T23:03:51Z\",\"datePublished\":\"2025-12-11T23:03:51Z\",\"dateModified\":\"2025-12-11T23:03:51Z\"}<\/script>","tracker_url":"https:\/\/cdn.parsely.com\/keys\/noticiasya.com\/p.js"},"jetpack_featured_media_url":"","jetpack-related-posts":[{"id":1469339,"url":"https:\/\/noticiasya.com\/midland-odessa\/2025\/12\/17\/maria-corina-machado-deja-oslo-venezuela-premio-nobel-paz-orix\/","url_meta":{"origin":1469193,"position":0},"title":"La ganadora del Premio Nobel de la Paz Mar\u00eda Corina Machado dej\u00f3 Oslo, seg\u00fan su equipo","author":"","date":"diciembre 17, 2025","format":false,"excerpt":"Mar\u00eda Corina Machado ya no est\u00e1 en la ciudad de Oslo, confirm\u00f3 en su cuenta de X Pedro Urruchurtu Noselli, coordinador de relaciones internaciones de la ganadora del Premio Nobel de la Paz.\u201cSe encuentra bien y durante estos d\u00edas est\u00e1 atendiendo citas m\u00e9dicas con un especialista en funci\u00f3n de su\u2026","rel":"","context":"In &quot;Noticias Nacionales&quot;","block_context":{"text":"Noticias Nacionales","link":"https:\/\/noticiasya.com\/midland-odessa\/categoria\/noticias-nacionales"},"img":{"alt_text":"","src":"","width":0,"height":0},"classes":[]},{"id":1469033,"url":"https:\/\/noticiasya.com\/midland-odessa\/2025\/12\/06\/venezolanos-paises-marchan-convocatoria-maria-corina-machado-dias-nobel-paz-orix\/","url_meta":{"origin":1469193,"position":1},"title":"Venezolanos en decenas de pa\u00edses marchan tras convocatoria de Mar\u00eda Corina Machado a pocos d\u00edas de recibir el Nobel de la Paz","author":"","date":"diciembre 6, 2025","format":false,"excerpt":"Venezolanos en distintas partes del mundo acudieron este s\u00e1bado a una Marcha \u201cPor la Paz y la Libertad convocada por la l\u00edder opositora Mar\u00eda Corina Machado, galardonada con el Premio Nobel de la Paz 2025, a pocos d\u00edas de que se lleve a cabo la entrega del prestigioso reconocimiento en\u2026","rel":"","context":"In &quot;Noticias Nacionales&quot;","block_context":{"text":"Noticias Nacionales","link":"https:\/\/noticiasya.com\/midland-odessa\/categoria\/noticias-nacionales"},"img":{"alt_text":"","src":"","width":0,"height":0},"classes":[]},{"id":1469133,"url":"https:\/\/noticiasya.com\/midland-odessa\/2025\/12\/10\/maria-corina-machado-no-estara-ceremonia-entrega-nobel-paz-efe\/","url_meta":{"origin":1469193,"position":2},"title":"Mar\u00eda Corina Machado no estar\u00e1 en la ceremonia de entrega del Nobel de la Paz en Oslo, afirma director del Instituto Nobel","author":"","date":"diciembre 10, 2025","format":false,"excerpt":"Mar\u00eda Corina Machado no estar\u00e1 este mi\u00e9rcoles en Oslo para recoger el premio de la Paz de este a\u00f1o, confirm\u00f3 a la televisi\u00f3n p\u00fablica noruega NRK el director del Instituto Nobel, Kristian Berg Harpviken.\u201cDesgraciadamente todav\u00eda no est\u00e1 en Noruega y tampoco estar\u00e1 en el escenario del Ayuntamiento de Oslo a\u2026","rel":"","context":"In &quot;Noticias Nacionales&quot;","block_context":{"text":"Noticias Nacionales","link":"https:\/\/noticiasya.com\/midland-odessa\/categoria\/noticias-nacionales"},"img":{"alt_text":"","src":"","width":0,"height":0},"classes":[]},{"id":1467253,"url":"https:\/\/noticiasya.com\/midland-odessa\/2025\/10\/10\/premio-nobel-paz-maria-corina-machado-lider-opositora-venezolana-trax\/","url_meta":{"origin":1469193,"position":3},"title":"Premio Nobel de la Paz para Mar\u00eda Corina Machado, l\u00edder opositora venezolana","author":"","date":"octubre 10, 2025","format":false,"excerpt":"El Premio Nobel de la Paz 2025 fue otorgado a Mar\u00eda Corina Machado por \u201cpromover los derechos democr\u00e1ticos del pueblo de Venezuela\u201d.El Comit\u00e9 Noruego del Nobel afirm\u00f3 que Mar\u00eda Corina Machado hab\u00eda ayudado a \u201cmantener encendida la llama de la democracia frente a una oscuridad creciente\u201d.Al anunciar el premio en\u2026","rel":"","context":"In &quot;Noticias Nacionales&quot;","block_context":{"text":"Noticias Nacionales","link":"https:\/\/noticiasya.com\/midland-odessa\/categoria\/noticias-nacionales"},"img":{"alt_text":"","src":"","width":0,"height":0},"classes":[]},{"id":1469278,"url":"https:\/\/noticiasya.com\/midland-odessa\/2025\/12\/15\/maria-corina-machado-nobel-fractura-venezuela-oslo-orix\/","url_meta":{"origin":1469193,"position":4},"title":"Mar\u00eda Corina Machado sufri\u00f3 fractura de v\u00e9rtebra en su salida de Venezuela a Oslo","author":"","date":"diciembre 15, 2025","format":false,"excerpt":"La ganadora del premio Nobel de la Paz 2025, Mar\u00eda Corina Machado, sufri\u00f3 una fractura en una v\u00e9rtebra en su riesgosa salida de Venezuela. As\u00ed se lo diagnosticaron tras una evaluaci\u00f3n m\u00e9dica en Oslo, confirm\u00f3 a CNN su equipo de prensa.La informaci\u00f3n fue ratificada luego de que el diario noruego\u2026","rel":"","context":"In &quot;Noticias Nacionales&quot;","block_context":{"text":"Noticias Nacionales","link":"https:\/\/noticiasya.com\/midland-odessa\/categoria\/noticias-nacionales"},"img":{"alt_text":"","src":"","width":0,"height":0},"classes":[]},{"id":1468479,"url":"https:\/\/noticiasya.com\/midland-odessa\/2025\/11\/18\/maria-corina-machado-manifiesto-clandestinidad-orix\/","url_meta":{"origin":1469193,"position":5},"title":"Mar\u00eda Corina Machado publica un &#171;manifiesto&#187; desde la clandestinidad: &#171;Este r\u00e9gimen est\u00e1 llegando a su fin&#187;","author":"","date":"noviembre 18, 2025","format":false,"excerpt":"La dirigente opositora venezolana Mar\u00eda Corina Machado public\u00f3 este martes un mensaje en el que llam\u00f3 a los venezolanos a alzarse \u201ccon fuerza\u201d contra el Gobierno del presidente Nicol\u00e1s Maduro y asegur\u00f3 que el pa\u00eds est\u00e1 \u201cen el umbral de una nueva era\u201d, sin hacer referencia al despliegue militar de\u2026","rel":"","context":"In &quot;Noticias Nacionales&quot;","block_context":{"text":"Noticias Nacionales","link":"https:\/\/noticiasya.com\/midland-odessa\/categoria\/noticias-nacionales"},"img":{"alt_text":"","src":"","width":0,"height":0},"classes":[]}],"jetpack_sharing_enabled":true,"_links":{"self":[{"href":"https:\/\/noticiasya.com\/midland-odessa\/wp-json\/wp\/v2\/posts\/1469193","targetHints":{"allow":["GET"]}}],"collection":[{"href":"https:\/\/noticiasya.com\/midland-odessa\/wp-json\/wp\/v2\/posts"}],"about":[{"href":"https:\/\/noticiasya.com\/midland-odessa\/wp-json\/wp\/v2\/types\/post"}],"replies":[{"embeddable":true,"href":"https:\/\/noticiasya.com\/midland-odessa\/wp-json\/wp\/v2\/comments?post=1469193"}],"version-history":[{"count":0,"href":"https:\/\/noticiasya.com\/midland-odessa\/wp-json\/wp\/v2\/posts\/1469193\/revisions"}],"wp:attachment":[{"href":"https:\/\/noticiasya.com\/midland-odessa\/wp-json\/wp\/v2\/media?parent=1469193"}],"wp:term":[{"taxonomy":"category","embeddable":true,"href":"https:\/\/noticiasya.com\/midland-odessa\/wp-json\/wp\/v2\/categories?post=1469193"},{"taxonomy":"post_tag","embeddable":true,"href":"https:\/\/noticiasya.com\/midland-odessa\/wp-json\/wp\/v2\/tags?post=1469193"}],"curies":[{"name":"wp","href":"https:\/\/api.w.org\/{rel}","templated":true}]}}