{"id":1469201,"date":"2025-12-11T19:03:47","date_gmt":"2025-12-12T03:03:47","guid":{"rendered":"https:\/\/noticiasya.com\/2025\/12\/11\/casa-blanca-comparaciones-enganosas-inflacion-trax\/"},"modified":"2025-12-11T19:03:47","modified_gmt":"2025-12-12T03:03:47","slug":"casa-blanca-comparaciones-enganosas-inflacion-trax","status":"publish","type":"post","link":"https:\/\/noticiasya.com\/midland-odessa\/2025\/12\/11\/casa-blanca-comparaciones-enganosas-inflacion-trax\/","title":{"rendered":"C\u00f3mo es que la Casa Blanca utiliza comparaciones enga\u00f1osas para ocultar la inflaci\u00f3n"},"content":{"rendered":"<p>La tasa de <a href=\"https:\/\/fred.stlouisfed.org\/series\/CPIAUCNS\">inflaci\u00f3n interanual<\/a> en enero, el mes en que el presidente Donald Trump regres\u00f3 a la Casa Blanca, fue del 3,0 %.<\/p>\n<p>La tasa de inflaci\u00f3n interanual en septiembre, el mes m\u00e1s reciente del que se han publicado cifras del \u00cdndice de Precios al Consumidor, fue\u2026 <a href=\"https:\/\/cnnespanol.cnn.com\/2025\/10\/24\/eeuu\/inflacion-septiembre-3-trax#:~:text=Los%20precios%20al%20consumidor%20subieron,(BLS)%20publicados%20este%20viernes.\">la misma, 3,0 %<\/a>.<\/p>\n<p>El hecho de que ocho meses despu\u00e9s del inicio del mandato de Trump la tasa de inflaci\u00f3n no haya cambiado respecto a la que hered\u00f3 ha desmentido sus afirmaciones triunfalistas de que <a href=\"https:\/\/rollcall.com\/factbase\/trump\/transcript\/donald-trump-remarks-christmas-tree-lighting-december-4-2025\/#14\">\u201cla inflaci\u00f3n se ha detenido\u201d<\/a> despu\u00e9s de que hered\u00f3 <a href=\"https:\/\/rollcall.com\/factbase\/trump\/transcript\/donald-trump-speech-political-rally-mount-pocono-pennsylvania=december-9-2025\/#58\">\u201cla peor inflaci\u00f3n en la historia de nuestro pa\u00eds\u201d<\/a>.\u202f Entonces, \u00bfqu\u00e9 puede hacer la Casa Blanca cuando las comparaciones reales no le favorecen?<\/p>\n<p>El equipo de Trump ha optado por utilizar algunas comparaciones enga\u00f1osas, empleando conjuntos de estad\u00edsticas de manzanas con naranjas para respaldar el argumento de Trump. La secretaria de Prensa de la Casa Blanca, Karoline Leavitt, intent\u00f3 hacerlo este jueves.<\/p>\n<p>Kaitlan Collins, presentadora de CNN y jefa de corresponsales de la Casa Blanca, le se\u00f1al\u00f3 a Leavitt que la inflaci\u00f3n est\u00e1 aproximadamente donde estaba el a\u00f1o pasado, que <a href=\"https:\/\/www.cnn.com\/2025\/10\/24\/politics\/fact-check-grocery-prices-trump\">los precios de los comestibles han subido<\/a> y que las se\u00f1ales econ\u00f3micas son mixtas. Leavitt <a href=\"https:\/\/youtube.com\/live\/As557pqGUZU?si=k7rfIfFAh1GPNYs_&#038;t=2337\">afirm\u00f3<\/a>: \u201cLa inflaci\u00f3n ha bajado respecto de donde estaba, seg\u00fan el IPC general; se ha desacelerado a un promedio del 2,5 %. Esto es menos de lo que hered\u00f3 el presidente. El presidente hered\u00f3 un 2,9 % en enero\u201d \u2014fue <a href=\"https:\/\/www.cnn.com\/2025\/01\/15\/economy\/us-cpi-consumer-price-index-december\">2,9 % en diciembre<\/a>\u2014 \u201choy est\u00e1 en torno al 2,5 %. As\u00ed que vamos en la direcci\u00f3n correcta, y habr\u00e1 m\u00e1s por venir\u201d.<\/p>\n<p>Sin embargo, la tasa de inflaci\u00f3n no est\u00e1 \u201cyendo en la direcci\u00f3n correcta\u201d, o al menos no lo estaba seg\u00fan las cifras m\u00e1s recientes disponibles (los datos de noviembre salen la pr\u00f3xima semana). De hecho, septiembre fue el quinto mes consecutivo en que la tasa de inflaci\u00f3n interanual aument\u00f3 respecto al mes anterior, seg\u00fan muestran las cifras del \u00cdndice de Precios al Consumidor. Espec\u00edficamente, la tasa fue de 2,3 % en abril, 2,4 % en mayo, 2,67 % en junio, 2,7 % en julio, 2,9 % en agosto y, de nuevo, 3,0 % en septiembre.<\/p>\n<p>Entonces, \u00bfa qu\u00e9 se refer\u00eda Leavitt cuando hablaba de que Trump logr\u00f3 un promedio de 2,5 %? Ella lo explic\u00f3 m\u00e1s tarde en la rueda de prensa. Cuando otro reportero <a href=\"https:\/\/x.com\/Acyn\/status\/1999190902791938496\">le record\u00f3<\/a> que la tasa de inflaci\u00f3n m\u00e1s reciente es el mismo 3,0 % que en enero, no \u201c2,5 %\u201d, Leavitt dijo: \u201cNo, es 2,5 %. Es 2,5 %, el promedio del IPC ahora; lo tengo enfrente de m\u00ed: En los primeros ocho meses del presidente Trump en el cargo, la inflaci\u00f3n, medida por el \u00cdndice de Precios al Consumidor general, se ha desacelerado a un ritmo promedio de 2,5 %\u201d.<\/p>\n<p>En resumen: despu\u00e9s de que a Leavitt se le recordara la tasa de inflaci\u00f3n de un mes en particular, enero, cit\u00f3 un promedio de ocho meses de tasas de inflaci\u00f3n de febrero a septiembre. Eso no es una comparaci\u00f3n equivalente. Y el promedio de ocho meses subestima convenientemente el desaf\u00edo actual de la inflaci\u00f3n porque incorpora las tasas m\u00e1s bajas de los primeros tres meses de Trump de regreso en el cargo, antes y justo despu\u00e9s de que el presidente anunciara sus amplios aranceles globales a principios de abril. La inflaci\u00f3n <a href=\"https:\/\/www.cnn.com\/2025\/06\/11\/economy\/us-consumer-price-index-may\">comenz\u00f3 a acelerarse en mayo<\/a>.<\/p>\n<p>Adem\u00e1s, vale la pena se\u00f1alar un punto menor: ni siquiera el 2,5 % es el \u201cpromedio\u201d aritm\u00e9tico simple. El promedio simple de los \u00faltimos ocho meses de tasas de inflaci\u00f3n interanual es 2,7 %, la cifra que la Casa Blanca utiliz\u00f3 en <a href=\"https:\/\/x.com\/WhiteHouse\/status\/1993050219601420341\">un gr\u00e1fico en redes sociales<\/a> a finales de noviembre y que la propia Leavitt cit\u00f3 al comienzo de la rueda de prensa de este jueves. La Casa Blanca explic\u00f3 a CNN m\u00e1s tarde este jueves que Leavitt estaba citando la tasa \u201canualizada\u201d de ocho meses cuando mencion\u00f3 la cifra de \u201c2,5 %\u201d, aunque ella misma no us\u00f3 la palabra \u201canualizada\u201d.<\/p>\n<p>La comparaci\u00f3n en ese gr\u00e1fico de redes sociales de la Casa Blanca fue a\u00fan m\u00e1s inconfundiblemente enga\u00f1osa.<\/p>\n<p>En letras grandes, el gr\u00e1fico dec\u00eda \u201c9,1 % de inflaci\u00f3n bajo Biden\u201d y \u201c2,7 % de inflaci\u00f3n bajo Trump\u201d. Solo en letras mucho m\u00e1s peque\u00f1as explicaba que esto tambi\u00e9n era una comparaci\u00f3n de manzanas con naranjas. Mientras que la tasa del 2,7 % que el gr\u00e1fico atribuy\u00f3 a Trump es el promedio de ocho meses de este mandato de Trump hasta septiembre, la tasa del 9,1 % que atribuy\u00f3 a Biden es la tasa m\u00e1xima de un solo mes durante la presidencia de Biden, la tasa de <a href=\"https:\/\/www.cnn.com\/2022\/07\/13\/economy\/cpi-inflation-june\">junio de 2022<\/a>. Por razones obvias, el gr\u00e1fico no se\u00f1al\u00f3 que la tasa hab\u00eda ca\u00eddo en picada al 3,0 % para<a href=\"https:\/\/www.cnn.com\/2023\/07\/12\/economy\/cpi-inflation-june\"> junio de 2023<\/a>, que cay\u00f3 a\u00fan m\u00e1s al <a href=\"https:\/\/www.cnn.com\/2024\/10\/10\/economy\/us-cpi-consumer-inflation-september\">2,4 % en septiembre de 2024<\/a>, o que estaba en 3,0 % en el \u00faltimo mes parcial de Biden en el cargo en enero de 2025.<\/p>\n<p>Leavitt intent\u00f3 una versi\u00f3n de esta comparaci\u00f3n de pico vs. promedio al comienzo de la sesi\u00f3n informativa de este jueves, diciendo que \u201cbajo los dolorosos a\u00f1os de Biden, la inflaci\u00f3n alcanz\u00f3 un r\u00e9cord del 9 %\u201d, mientras que bajo Trump, \u201cla inflaci\u00f3n ha ca\u00eddo a un promedio de solo 2,7 %\u201d. Ninguno de esos n\u00fameros es falso, pero Leavitt no se\u00f1al\u00f3 que el r\u00e9cord del 9 % bajo Biden ocurri\u00f3 en un solo mes aproximadamente dos a\u00f1os y medio antes de que Trump regresara al cargo.<\/p>\n<p>The-CNN-Wire<br \/>&trade; &amp; &copy; 2025 Cable News Network, Inc., a Warner Bros. Discovery Company. All rights reserved.<\/p>\n","protected":false},"excerpt":{"rendered":"<p>La tasa de inflaci\u00f3n interanual en enero, el mes en que el presidente Donald Trump regres\u00f3 a la Casa Blanca, fue del 3,0 %. La tasa de inflaci\u00f3n interanual en septiembre, el mes m\u00e1s reciente del que se han publicado cifras del \u00cdndice de Precios al Consumidor, fue\u2026 la misma, 3,0 %. El hecho de [&hellip;]<\/p>\n","protected":false},"author":0,"featured_media":0,"comment_status":"open","ping_status":"open","sticky":false,"template":"","format":"standard","meta":{"_jetpack_memberships_contains_paid_content":false,"footnotes":""},"categories":[10],"tags":[],"class_list":["post-1469201","post","type-post","status-publish","format-standard","hentry","category-noticias-nacionales","market-global"],"yoast_head":"<!-- This site is optimized with the Yoast SEO plugin v24.4 - https:\/\/yoast.com\/wordpress\/plugins\/seo\/ -->\n<title>C\u00f3mo es que la Casa Blanca utiliza comparaciones enga\u00f1osas para ocultar la inflaci\u00f3n - Noticias<\/title>\n<meta name=\"robots\" content=\"index, follow, max-snippet:-1, max-image-preview:large, max-video-preview:-1\" \/>\n<link rel=\"canonical\" href=\"https:\/\/noticiasya.com\/2025\/12\/11\/casa-blanca-comparaciones-enganosas-inflacion-trax\/\" \/>\n<meta property=\"og:locale\" content=\"es_ES\" \/>\n<meta property=\"og:type\" content=\"article\" \/>\n<meta property=\"og:title\" content=\"C\u00f3mo es que la Casa Blanca utiliza comparaciones enga\u00f1osas para ocultar la inflaci\u00f3n - Noticias\" \/>\n<meta property=\"og:description\" content=\"La tasa de inflaci\u00f3n interanual en enero, el mes en que el presidente Donald Trump regres\u00f3 a la Casa Blanca, fue del 3,0 %. La tasa de inflaci\u00f3n interanual en septiembre, el mes m\u00e1s reciente del que se han publicado cifras del \u00cdndice de Precios al Consumidor, fue\u2026 la misma, 3,0 %. El hecho de [&hellip;]\" \/>\n<meta property=\"og:url\" content=\"https:\/\/noticiasya.com\/2025\/12\/11\/casa-blanca-comparaciones-enganosas-inflacion-trax\/\" \/>\n<meta property=\"og:site_name\" content=\"Noticias\" \/>\n<meta property=\"article:published_time\" content=\"2025-12-12T03:03:47+00:00\" \/>\n<meta name=\"twitter:card\" content=\"summary_large_image\" \/>\n<meta name=\"twitter:label1\" content=\"Est. reading time\" \/>\n\t<meta name=\"twitter:data1\" content=\"5 minutos\" \/>\n<script type=\"application\/ld+json\" class=\"yoast-schema-graph\">{\"@context\":\"https:\/\/schema.org\",\"@graph\":[{\"@type\":\"Article\",\"@id\":\"https:\/\/noticiasya.com\/2025\/12\/11\/casa-blanca-comparaciones-enganosas-inflacion-trax\/#article\",\"isPartOf\":{\"@id\":\"https:\/\/noticiasya.com\/2025\/12\/11\/casa-blanca-comparaciones-enganosas-inflacion-trax\/\"},\"author\":{\"name\":\"\",\"@id\":\"\"},\"headline\":\"C\u00f3mo es que la Casa Blanca utiliza comparaciones enga\u00f1osas para ocultar la inflaci\u00f3n\",\"datePublished\":\"2025-12-12T03:03:47+00:00\",\"mainEntityOfPage\":{\"@id\":\"https:\/\/noticiasya.com\/2025\/12\/11\/casa-blanca-comparaciones-enganosas-inflacion-trax\/\"},\"wordCount\":947,\"commentCount\":0,\"publisher\":{\"@id\":\"https:\/\/noticiasya.com\/#organization\"},\"articleSection\":[\"Noticias Nacionales\"],\"inLanguage\":\"es\",\"potentialAction\":[{\"@type\":\"CommentAction\",\"name\":\"Comment\",\"target\":[\"https:\/\/noticiasya.com\/2025\/12\/11\/casa-blanca-comparaciones-enganosas-inflacion-trax\/#respond\"]}]},{\"@type\":\"WebPage\",\"@id\":\"https:\/\/noticiasya.com\/2025\/12\/11\/casa-blanca-comparaciones-enganosas-inflacion-trax\/\",\"url\":\"https:\/\/noticiasya.com\/2025\/12\/11\/casa-blanca-comparaciones-enganosas-inflacion-trax\/\",\"name\":\"C\u00f3mo es que la Casa Blanca utiliza comparaciones enga\u00f1osas para ocultar la inflaci\u00f3n - Noticias\",\"isPartOf\":{\"@id\":\"https:\/\/noticiasya.com\/#website\"},\"datePublished\":\"2025-12-12T03:03:47+00:00\",\"breadcrumb\":{\"@id\":\"https:\/\/noticiasya.com\/2025\/12\/11\/casa-blanca-comparaciones-enganosas-inflacion-trax\/#breadcrumb\"},\"inLanguage\":\"es\",\"potentialAction\":[{\"@type\":\"ReadAction\",\"target\":[\"https:\/\/noticiasya.com\/2025\/12\/11\/casa-blanca-comparaciones-enganosas-inflacion-trax\/\"]}]},{\"@type\":\"BreadcrumbList\",\"@id\":\"https:\/\/noticiasya.com\/2025\/12\/11\/casa-blanca-comparaciones-enganosas-inflacion-trax\/#breadcrumb\",\"itemListElement\":[{\"@type\":\"ListItem\",\"position\":1,\"name\":\"Home\",\"item\":\"https:\/\/noticiasya.com\/\"},{\"@type\":\"ListItem\",\"position\":2,\"name\":\"C\u00f3mo es que la Casa Blanca utiliza comparaciones enga\u00f1osas para ocultar la inflaci\u00f3n\"}]},{\"@type\":\"WebSite\",\"@id\":\"https:\/\/noticiasya.com\/#website\",\"url\":\"https:\/\/noticiasya.com\/\",\"name\":\"Noticias\",\"description\":\"Lo que importa\",\"publisher\":{\"@id\":\"https:\/\/noticiasya.com\/#organization\"},\"potentialAction\":[{\"@type\":\"SearchAction\",\"target\":{\"@type\":\"EntryPoint\",\"urlTemplate\":\"https:\/\/noticiasya.com\/?s={search_term_string}\"},\"query-input\":{\"@type\":\"PropertyValueSpecification\",\"valueRequired\":true,\"valueName\":\"search_term_string\"}}],\"inLanguage\":\"es\"},{\"@type\":\"Organization\",\"@id\":\"https:\/\/noticiasya.com\/#organization\",\"name\":\"Noticias\",\"url\":\"https:\/\/noticiasya.com\/\",\"logo\":{\"@type\":\"ImageObject\",\"inLanguage\":\"es\",\"@id\":\"https:\/\/noticiasya.com\/#\/schema\/logo\/image\/\",\"url\":\"https:\/\/noticiasya.com\/wp-content\/uploads\/sites\/22\/2023\/12\/logo-nacional.png\",\"contentUrl\":\"https:\/\/noticiasya.com\/wp-content\/uploads\/sites\/22\/2023\/12\/logo-nacional.png\",\"width\":1801,\"height\":691,\"caption\":\"Noticias\"},\"image\":{\"@id\":\"https:\/\/noticiasya.com\/#\/schema\/logo\/image\/\"}}]}<\/script>\n<!-- \/ Yoast SEO plugin. -->","yoast_head_json":{"title":"C\u00f3mo es que la Casa Blanca utiliza comparaciones enga\u00f1osas para ocultar la inflaci\u00f3n - Noticias","robots":{"index":"index","follow":"follow","max-snippet":"max-snippet:-1","max-image-preview":"max-image-preview:large","max-video-preview":"max-video-preview:-1"},"canonical":"https:\/\/noticiasya.com\/2025\/12\/11\/casa-blanca-comparaciones-enganosas-inflacion-trax\/","og_locale":"es_ES","og_type":"article","og_title":"C\u00f3mo es que la Casa Blanca utiliza comparaciones enga\u00f1osas para ocultar la inflaci\u00f3n - Noticias","og_description":"La tasa de inflaci\u00f3n interanual en enero, el mes en que el presidente Donald Trump regres\u00f3 a la Casa Blanca, fue del 3,0 %. La tasa de inflaci\u00f3n interanual en septiembre, el mes m\u00e1s reciente del que se han publicado cifras del \u00cdndice de Precios al Consumidor, fue\u2026 la misma, 3,0 %. El hecho de [&hellip;]","og_url":"https:\/\/noticiasya.com\/2025\/12\/11\/casa-blanca-comparaciones-enganosas-inflacion-trax\/","og_site_name":"Noticias","article_published_time":"2025-12-12T03:03:47+00:00","twitter_card":"summary_large_image","twitter_misc":{"Est. reading time":"5 minutos"},"schema":{"@context":"https:\/\/schema.org","@graph":[{"@type":"Article","@id":"https:\/\/noticiasya.com\/2025\/12\/11\/casa-blanca-comparaciones-enganosas-inflacion-trax\/#article","isPartOf":{"@id":"https:\/\/noticiasya.com\/2025\/12\/11\/casa-blanca-comparaciones-enganosas-inflacion-trax\/"},"author":{"name":"","@id":""},"headline":"C\u00f3mo es que la Casa Blanca utiliza comparaciones enga\u00f1osas para ocultar la inflaci\u00f3n","datePublished":"2025-12-12T03:03:47+00:00","mainEntityOfPage":{"@id":"https:\/\/noticiasya.com\/2025\/12\/11\/casa-blanca-comparaciones-enganosas-inflacion-trax\/"},"wordCount":947,"commentCount":0,"publisher":{"@id":"https:\/\/noticiasya.com\/#organization"},"articleSection":["Noticias Nacionales"],"inLanguage":"es","potentialAction":[{"@type":"CommentAction","name":"Comment","target":["https:\/\/noticiasya.com\/2025\/12\/11\/casa-blanca-comparaciones-enganosas-inflacion-trax\/#respond"]}]},{"@type":"WebPage","@id":"https:\/\/noticiasya.com\/2025\/12\/11\/casa-blanca-comparaciones-enganosas-inflacion-trax\/","url":"https:\/\/noticiasya.com\/2025\/12\/11\/casa-blanca-comparaciones-enganosas-inflacion-trax\/","name":"C\u00f3mo es que la Casa Blanca utiliza comparaciones enga\u00f1osas para ocultar la inflaci\u00f3n - Noticias","isPartOf":{"@id":"https:\/\/noticiasya.com\/#website"},"datePublished":"2025-12-12T03:03:47+00:00","breadcrumb":{"@id":"https:\/\/noticiasya.com\/2025\/12\/11\/casa-blanca-comparaciones-enganosas-inflacion-trax\/#breadcrumb"},"inLanguage":"es","potentialAction":[{"@type":"ReadAction","target":["https:\/\/noticiasya.com\/2025\/12\/11\/casa-blanca-comparaciones-enganosas-inflacion-trax\/"]}]},{"@type":"BreadcrumbList","@id":"https:\/\/noticiasya.com\/2025\/12\/11\/casa-blanca-comparaciones-enganosas-inflacion-trax\/#breadcrumb","itemListElement":[{"@type":"ListItem","position":1,"name":"Home","item":"https:\/\/noticiasya.com\/"},{"@type":"ListItem","position":2,"name":"C\u00f3mo es que la Casa Blanca utiliza comparaciones enga\u00f1osas para ocultar la inflaci\u00f3n"}]},{"@type":"WebSite","@id":"https:\/\/noticiasya.com\/#website","url":"https:\/\/noticiasya.com\/","name":"Noticias","description":"Lo que importa","publisher":{"@id":"https:\/\/noticiasya.com\/#organization"},"potentialAction":[{"@type":"SearchAction","target":{"@type":"EntryPoint","urlTemplate":"https:\/\/noticiasya.com\/?s={search_term_string}"},"query-input":{"@type":"PropertyValueSpecification","valueRequired":true,"valueName":"search_term_string"}}],"inLanguage":"es"},{"@type":"Organization","@id":"https:\/\/noticiasya.com\/#organization","name":"Noticias","url":"https:\/\/noticiasya.com\/","logo":{"@type":"ImageObject","inLanguage":"es","@id":"https:\/\/noticiasya.com\/#\/schema\/logo\/image\/","url":"https:\/\/noticiasya.com\/wp-content\/uploads\/sites\/22\/2023\/12\/logo-nacional.png","contentUrl":"https:\/\/noticiasya.com\/wp-content\/uploads\/sites\/22\/2023\/12\/logo-nacional.png","width":1801,"height":691,"caption":"Noticias"},"image":{"@id":"https:\/\/noticiasya.com\/#\/schema\/logo\/image\/"}}]}},"parsely":{"version":"1.1.0","canonical_url":"https:\/\/noticiasya.com\/midland-odessa\/2025\/12\/11\/casa-blanca-comparaciones-enganosas-inflacion-trax\/","smart_links":{"inbound":0,"outbound":0},"traffic_boost_suggestions_count":0,"meta":{"@context":"https:\/\/schema.org","@type":"NewsArticle","headline":"C\u00f3mo es que la Casa Blanca utiliza comparaciones enga\u00f1osas para ocultar la inflaci\u00f3n","url":"http:\/\/noticiasya.com\/midland-odessa\/2025\/12\/11\/casa-blanca-comparaciones-enganosas-inflacion-trax\/","mainEntityOfPage":{"@type":"WebPage","@id":"http:\/\/noticiasya.com\/midland-odessa\/2025\/12\/11\/casa-blanca-comparaciones-enganosas-inflacion-trax\/"},"thumbnailUrl":"","image":{"@type":"ImageObject","url":""},"articleSection":"Noticias Nacionales","author":[],"creator":[],"publisher":{"@type":"Organization","name":"Noticias","logo":""},"keywords":[],"dateCreated":"2025-12-12T03:03:47Z","datePublished":"2025-12-12T03:03:47Z","dateModified":"2025-12-12T03:03:47Z"},"rendered":"<script type=\"application\/ld+json\" class=\"wp-parsely-metadata\">{\"@context\":\"https:\\\/\\\/schema.org\",\"@type\":\"NewsArticle\",\"headline\":\"C\\u00f3mo es que la Casa Blanca utiliza comparaciones enga\\u00f1osas para ocultar la inflaci\\u00f3n\",\"url\":\"http:\\\/\\\/noticiasya.com\\\/midland-odessa\\\/2025\\\/12\\\/11\\\/casa-blanca-comparaciones-enganosas-inflacion-trax\\\/\",\"mainEntityOfPage\":{\"@type\":\"WebPage\",\"@id\":\"http:\\\/\\\/noticiasya.com\\\/midland-odessa\\\/2025\\\/12\\\/11\\\/casa-blanca-comparaciones-enganosas-inflacion-trax\\\/\"},\"thumbnailUrl\":\"\",\"image\":{\"@type\":\"ImageObject\",\"url\":\"\"},\"articleSection\":\"Noticias Nacionales\",\"author\":[],\"creator\":[],\"publisher\":{\"@type\":\"Organization\",\"name\":\"Noticias\",\"logo\":\"\"},\"keywords\":[],\"dateCreated\":\"2025-12-12T03:03:47Z\",\"datePublished\":\"2025-12-12T03:03:47Z\",\"dateModified\":\"2025-12-12T03:03:47Z\"}<\/script>","tracker_url":"https:\/\/cdn.parsely.com\/keys\/noticiasya.com\/p.js"},"jetpack_featured_media_url":"","jetpack-related-posts":[{"id":1473365,"url":"https:\/\/noticiasya.com\/midland-odessa\/2026\/04\/21\/trump-afirmaciones-falsas-inflacion-ciudadania-por-nacimiento-trax\/","url_meta":{"origin":1469201,"position":0},"title":"En una entrevista este martes Trump hizo afirmaciones falsas sobre la inflaci\u00f3n y la ciudadan\u00eda por nacimiento","author":"","date":"abril 21, 2026","format":false,"excerpt":"El presidente Donald Trump hizo afirmaciones falsas sobre la inflaci\u00f3n y la ciudadan\u00eda por nacimiento en una entrevista con CNBC en la ma\u00f1ana de este martes.El presentador de CNBC Joe Kernen inform\u00f3 correctamente a Trump que, si bien hubo aumentos significativos de precios durante la administraci\u00f3n del expresidente Joe Biden,\u2026","rel":"","context":"In &quot;Noticias Nacionales&quot;","block_context":{"text":"Noticias Nacionales","link":"https:\/\/noticiasya.com\/midland-odessa\/categoria\/noticias-nacionales"},"img":{"alt_text":"","src":"","width":0,"height":0},"classes":[]},{"id":1469390,"url":"https:\/\/noticiasya.com\/midland-odessa\/2025\/12\/18\/verifica-trump-falsas-discurso-trax\/","url_meta":{"origin":1469201,"position":1},"title":"CNN verifica: Trump repite numerosas afirmaciones falsas en esperado mensaje a la naci\u00f3n","author":"","date":"diciembre 18, 2025","format":false,"excerpt":"El presidente de EE.UU., Donald Trump, hizo una serie de afirmaciones falsas durante su discurso en horario de m\u00e1xima audiencia desde la Casa Blanca, el mi\u00e9rcoles por la noche, la mayor\u00eda de las cuales ya han sido desmentidas. Aqu\u00ed hay una verificaci\u00f3n de datos.Inflaci\u00f3n bajo el Gobierno de Trump: Casi\u2026","rel":"","context":"In &quot;Noticias Nacionales&quot;","block_context":{"text":"Noticias Nacionales","link":"https:\/\/noticiasya.com\/midland-odessa\/categoria\/noticias-nacionales"},"img":{"alt_text":"","src":"","width":0,"height":0},"classes":[]},{"id":1446894,"url":"https:\/\/noticiasya.com\/midland-odessa\/2024\/03\/12\/argentina-inflacion-mundo-marzo-orix\/","url_meta":{"origin":1469201,"position":2},"title":"Argentina registra la inflaci\u00f3n m\u00e1s alta del mundo por tercer mes consecutivo","author":"","date":"marzo 12, 2024","format":false,"excerpt":"(CNN Espa\u00f1ol) \u2013\u2013 Por tercer mes consecutivo, Argentina registr\u00f3 la inflaci\u00f3n m\u00e1s alta del mundo, seg\u00fan cifras publicadas este martes por el Instituto Nacional de Estad\u00edstica y Censos (Indec).Vivir con lo justo: muchos argentinos ya reducen sus compras de comida y medicamentosEl \u00cdndice de Precios al Consumidor cerr\u00f3 febrero en\u2026","rel":"","context":"In &quot;Noticias Nacionales&quot;","block_context":{"text":"Noticias Nacionales","link":"https:\/\/noticiasya.com\/midland-odessa\/categoria\/noticias-nacionales"},"img":{"alt_text":"","src":"","width":0,"height":0},"classes":[]},{"id":1463102,"url":"https:\/\/noticiasya.com\/midland-odessa\/2025\/06\/02\/juan-luis-bour-la-inflacion-colapso\/","url_meta":{"origin":1469201,"position":3},"title":"Juan Luis Bour: &#171;La inflaci\u00f3n colaps\u00f3&#187;","author":"","date":"junio 2, 2025","format":false,"excerpt":"(CNN Radio Argentina) \u2013 Juan Luis Bour, economista jefe de FIEL, habl\u00f3 este lunes en Regreso CNN con Mariana Arias y Pepe Gil Vidal, y analiz\u00f3 el actual proceso econ\u00f3mico en Argentina, marcado por una fuerte baja de la inflaci\u00f3n y una transici\u00f3n a\u00fan cargada de incertidumbre.\u201cTenemos una recuperaci\u00f3n de\u2026","rel":"","context":"In &quot;Noticias Nacionales&quot;","block_context":{"text":"Noticias Nacionales","link":"https:\/\/noticiasya.com\/midland-odessa\/categoria\/noticias-nacionales"},"img":{"alt_text":"","src":"","width":0,"height":0},"classes":[]},{"id":1469381,"url":"https:\/\/noticiasya.com\/midland-odessa\/2025\/12\/18\/inflacion-ee-uu-noviembre-trax\/","url_meta":{"origin":1469201,"position":4},"title":"La inflaci\u00f3n en EE.UU. se desaceler\u00f3 a 2,7 % en noviembre","author":"","date":"diciembre 18, 2025","format":false,"excerpt":"La inflaci\u00f3n se desaceler\u00f3 en noviembre en Estados Unidos, un cambio positivo para los consumidores agobiados por un costo de vida persistentemente alto.El \u00cdndice de Precios al Consumidor (IPC) se situ\u00f3 en el 2,7 % interanual, tras alcanzar el 3 % en septiembre, seg\u00fan datos de la Oficina de Estad\u00edsticas\u2026","rel":"","context":"In &quot;Noticias Nacionales&quot;","block_context":{"text":"Noticias Nacionales","link":"https:\/\/noticiasya.com\/midland-odessa\/categoria\/noticias-nacionales"},"img":{"alt_text":"","src":"","width":0,"height":0},"classes":[]},{"id":1469174,"url":"https:\/\/noticiasya.com\/midland-odessa\/2025\/12\/11\/trump-culpa-asequibilidad-trax\/","url_meta":{"origin":1469201,"position":5},"title":"Trump no tiene la culpa de los problemas del costo de vida. Pero Biden tampoco","author":"","date":"diciembre 11, 2025","format":false,"excerpt":"El presidente de EE.UU., Donald Trump, culpa a su predecesor, Joe Biden, de los problemas de costo de vida que est\u00e1n afectando la econom\u00eda y la pol\u00edtica estadounidense. Mientras tanto, muchos votantes culpan a Trump de sus problemas financieros.Ambas partes podr\u00edan estar equivocadas.Tanto Biden como Trump tomaron decisiones pol\u00edticas que\u2026","rel":"","context":"In &quot;Noticias Nacionales&quot;","block_context":{"text":"Noticias Nacionales","link":"https:\/\/noticiasya.com\/midland-odessa\/categoria\/noticias-nacionales"},"img":{"alt_text":"","src":"","width":0,"height":0},"classes":[]}],"jetpack_sharing_enabled":true,"_links":{"self":[{"href":"https:\/\/noticiasya.com\/midland-odessa\/wp-json\/wp\/v2\/posts\/1469201","targetHints":{"allow":["GET"]}}],"collection":[{"href":"https:\/\/noticiasya.com\/midland-odessa\/wp-json\/wp\/v2\/posts"}],"about":[{"href":"https:\/\/noticiasya.com\/midland-odessa\/wp-json\/wp\/v2\/types\/post"}],"replies":[{"embeddable":true,"href":"https:\/\/noticiasya.com\/midland-odessa\/wp-json\/wp\/v2\/comments?post=1469201"}],"version-history":[{"count":0,"href":"https:\/\/noticiasya.com\/midland-odessa\/wp-json\/wp\/v2\/posts\/1469201\/revisions"}],"wp:attachment":[{"href":"https:\/\/noticiasya.com\/midland-odessa\/wp-json\/wp\/v2\/media?parent=1469201"}],"wp:term":[{"taxonomy":"category","embeddable":true,"href":"https:\/\/noticiasya.com\/midland-odessa\/wp-json\/wp\/v2\/categories?post=1469201"},{"taxonomy":"post_tag","embeddable":true,"href":"https:\/\/noticiasya.com\/midland-odessa\/wp-json\/wp\/v2\/tags?post=1469201"}],"curies":[{"name":"wp","href":"https:\/\/api.w.org\/{rel}","templated":true}]}}